{"id":42281,"date":"2022-11-28T09:00:46","date_gmt":"2022-11-28T07:00:46","guid":{"rendered":"https:\/\/www.esplac.cat\/?p=42281"},"modified":"2023-04-11T13:22:22","modified_gmt":"2023-04-11T11:22:22","slug":"inscripcions-novena-edicio-escola-esplac","status":"publish","type":"post","link":"https:\/\/www.esplac.cat\/es\/inscripcions-novena-edicio-escola-esplac\/","title":{"rendered":"S\u2019obren les inscripcions a la novena edici\u00f3 de l\u2019Escola d\u2019Esplac, que ve carregada de novetats!"},"content":{"rendered":"<div class=\"fusion-fullwidth fullwidth-box fusion-builder-row-1 fusion-flex-container nonhundred-percent-fullwidth non-hundred-percent-height-scrolling\" style=\"--awb-border-radius-top-left:0px;--awb-border-radius-top-right:0px;--awb-border-radius-bottom-right:0px;--awb-border-radius-bottom-left:0px;--awb-flex-wrap:wrap;\" ><div class=\"fusion-builder-row fusion-row fusion-flex-align-items-flex-start fusion-flex-content-wrap\" style=\"max-width:1248px;margin-left: calc(-4% \/ 2 );margin-right: calc(-4% \/ 2 );\"><div class=\"fusion-layout-column fusion_builder_column fusion-builder-column-0 fusion_builder_column_1_1 1_1 fusion-flex-column\" style=\"--awb-bg-blend:overlay;--awb-bg-size:cover;--awb-width-large:100%;--awb-margin-top-large:0px;--awb-spacing-right-large:1.92%;--awb-margin-bottom-large:0px;--awb-spacing-left-large:1.92%;--awb-width-medium:100%;--awb-spacing-right-medium:1.92%;--awb-spacing-left-medium:1.92%;--awb-width-small:100%;--awb-spacing-right-small:1.92%;--awb-spacing-left-small:1.92%;\"><div class=\"fusion-column-wrapper fusion-flex-justify-content-flex-start fusion-content-layout-column\"><div class=\"fusion-text fusion-text-1\"><h6><strong>Aquest any ens tornarem a trobar el 25 i 26 de febrer a l\u2019Alberg de Cabrera de Mar (Xanascat) per parlar sobre el PAIDOCENTRISME i LA PARTICIPACI\u00d3 D\u2019INFANTS I JOVES<\/strong><\/h6>\n<p><span style=\"font-weight: 300;\">Aquest curs 2022-2023 celebrem la <\/span><b>novena<\/b><span style=\"font-weight: 300;\"> edici\u00f3 de l\u2019Escola d\u2019Esplac a <\/span><b>l\u2019Alberg de Cabrera de Mar<\/b><span style=\"font-weight: 300;\">. Durant el cap de setmana del <\/span><b>25 i 26 de febrer <\/b><span style=\"font-weight: 300;\">ens reunirem per parlar sobre el <\/span><b>Paidocentrisme i la participaci\u00f3 d\u2019infants i joves als esplais. <\/b><span style=\"font-weight: 300;\">Aquest any apostem per un <\/span><b>format m\u00e9s interactiu<\/b><span style=\"font-weight: 300;\"> on trobarem espais de cohesi\u00f3, intercanvi i reflexi\u00f3 conjunta, en format d\u2019exposici\u00f3, din\u00e0miques i tallers. Alhora, tamb\u00e9 comptarem amb una taula rodona i una pon\u00e8ncia.<\/span><\/p>\n<p><span style=\"font-weight: 300;\">El <\/span><b>Paidocentrisme<\/b><span style=\"font-weight: 300;\"> \u00e9s la teoria que col\u00b7loca les necessitats,\u00a0 interessos i aprenentatges dels infants al centre del proc\u00e9s educatiu. Hi ha moltes maneres de posar l\u2019infant al centre, i una d\u2019aquestes \u00e9s mitjan\u00e7ant la <\/span><b>participaci\u00f3<\/b><span style=\"font-weight: 300;\">.<\/span><\/p>\n<p><span style=\"font-weight: 300;\">En aquesta edici\u00f3 expertes i experts en participaci\u00f3 d\u2019infants i joves ens ajudaran a contextualitzar la <\/span><b>situaci\u00f3 de les inf\u00e0ncies a la societat<\/b><span style=\"font-weight: 300;\"> per con\u00e8ixer les diferents realitats i necessitats d\u2019aquestes i qu\u00e8 podem fer per avan\u00e7ar cap a un model de ciutadania activa i participativa. Per aix\u00f2 ens preguntarem <\/span><b>com fomentar processos de participaci\u00f3 d\u2019infants i joves als esplais<\/b><span style=\"font-weight: 300;\">, ens q\u00fcestionarem el<\/span><b> rol de les monitores i monitors <\/b><span style=\"font-weight: 300;\">en aquests processos i descobrirem orientacions, claus i reptes per <\/span><b>avan\u00e7ar cap a una cogovernan\u00e7a de l\u2019entitat<\/b><span style=\"font-weight: 300;\">. Creiem necessari impulsar una reflexi\u00f3 profunda als esplais amb els mateixos infants i joves sobre com fer que la nostra entitat sigui m\u00e9s participativa en la dimensi\u00f3 pol\u00edtica per avan\u00e7ar i aix\u00ed evitar que les decisions no recaiguin \u00fanicament en mans de les que som \u201cles persones adultes de l\u2019entitat\u201d.<\/span><\/p>\n<p><span style=\"font-weight: 300;\">El cap de setmana t\u00e9 una <\/span><b>quota de 20 \u20ac<\/b><span style=\"font-weight: 300;\"> i inclou la participaci\u00f3 a tots els espais formatius del cap de setmana, l\u2019allotjament a l\u2019alberg de Cabrera de Mar, i l\u2019esmorzar i dinar de diumenge.<\/span><\/p>\n<p><span style=\"font-weight: 300;\">Descobreix totes les ponents i talleristes ja confirmades, el programa, i tota la informaci\u00f3 disponible a <\/span><a href=\"https:\/\/www.esplac.cat\/formacions\/escola-desplac\/\"><b><span style=\"color: #ff9900;\">la p\u00e0gina web de l\u2019Escola d\u2019Esplac<\/span><\/b><\/a><b>! <\/b>En aquesta p\u00e0gina tamb\u00e9 hi trobar\u00e0s els formularis d&#8217;inscripci\u00f3 per a <strong>persones s\u00f2cies i externes\u00a0<\/strong>(si ets moni, inscriu-te a trav\u00e9s de l&#8217;Era!).<\/p>\n<p><b>No t\u2019ho pensis m\u00e9s i inscriu-te!\u00a0<\/b><\/p>\n<p><i><span style=\"font-weight: 300;\">Nota: La participaci\u00f3 en totes les sessions formatives de l\u2019Escola d\u2019Esplac, <\/span><\/i><b><i>convalida 12 hores associatives dels cursos d\u2019\u00c8xit del programa Marta Mata de l\u2019Escola Lliure El Sol<\/i><\/b><i><span style=\"font-weight: 300;\">. Les hores associatives nom\u00e9s compten <\/span><\/i><b><i>si s\u2019assisteix a tota la jornada formativa<\/i><\/b><i><span style=\"font-weight: 300;\">, ja que es contempla com una experi\u00e8ncia formativa amb sentit quan \u00e9s completa.<\/span><\/i><\/p>\n<p><img decoding=\"async\" class=\"aligncenter wp-image-42495 \" src=\"https:\/\/www.esplac.cat\/wp-content\/uploads\/2022\/12\/CARTELL_ESCOLAESPLAC23-scaled.jpg\" alt=\"\" width=\"511\" height=\"724\" srcset=\"https:\/\/www.esplac.cat\/wp-content\/uploads\/2022\/12\/CARTELL_ESCOLAESPLAC23-200x283.jpg 200w, https:\/\/www.esplac.cat\/wp-content\/uploads\/2022\/12\/CARTELL_ESCOLAESPLAC23-212x300.jpg 212w, https:\/\/www.esplac.cat\/wp-content\/uploads\/2022\/12\/CARTELL_ESCOLAESPLAC23-400x567.jpg 400w, https:\/\/www.esplac.cat\/wp-content\/uploads\/2022\/12\/CARTELL_ESCOLAESPLAC23-600x850.jpg 600w, https:\/\/www.esplac.cat\/wp-content\/uploads\/2022\/12\/CARTELL_ESCOLAESPLAC23-723x1024.jpg 723w, https:\/\/www.esplac.cat\/wp-content\/uploads\/2022\/12\/CARTELL_ESCOLAESPLAC23-768x1088.jpg 768w, https:\/\/www.esplac.cat\/wp-content\/uploads\/2022\/12\/CARTELL_ESCOLAESPLAC23-800x1134.jpg 800w, https:\/\/www.esplac.cat\/wp-content\/uploads\/2022\/12\/CARTELL_ESCOLAESPLAC23-1084x1536.jpg 1084w, https:\/\/www.esplac.cat\/wp-content\/uploads\/2022\/12\/CARTELL_ESCOLAESPLAC23-1200x1700.jpg 1200w, https:\/\/www.esplac.cat\/wp-content\/uploads\/2022\/12\/CARTELL_ESCOLAESPLAC23-1445x2048.jpg 1445w, https:\/\/www.esplac.cat\/wp-content\/uploads\/2022\/12\/CARTELL_ESCOLAESPLAC23-scaled.jpg 1807w\" sizes=\"(max-width: 511px) 100vw, 511px\" \/><\/p>\n<p><img decoding=\"async\" class=\"aligncenter wp-image-42492 \" src=\"https:\/\/www.esplac.cat\/wp-content\/uploads\/2022\/12\/Esplac_Escola23_Programa-scaled.jpg\" alt=\"\" width=\"498\" height=\"700\" srcset=\"https:\/\/www.esplac.cat\/wp-content\/uploads\/2022\/12\/Esplac_Escola23_Programa-200x281.jpg 200w, https:\/\/www.esplac.cat\/wp-content\/uploads\/2022\/12\/Esplac_Escola23_Programa-214x300.jpg 214w, https:\/\/www.esplac.cat\/wp-content\/uploads\/2022\/12\/Esplac_Escola23_Programa-400x562.jpg 400w, https:\/\/www.esplac.cat\/wp-content\/uploads\/2022\/12\/Esplac_Escola23_Programa-600x843.jpg 600w, https:\/\/www.esplac.cat\/wp-content\/uploads\/2022\/12\/Esplac_Escola23_Programa-729x1024.jpg 729w, https:\/\/www.esplac.cat\/wp-content\/uploads\/2022\/12\/Esplac_Escola23_Programa-768x1078.jpg 768w, https:\/\/www.esplac.cat\/wp-content\/uploads\/2022\/12\/Esplac_Escola23_Programa-800x1123.jpg 800w, https:\/\/www.esplac.cat\/wp-content\/uploads\/2022\/12\/Esplac_Escola23_Programa-1094x1536.jpg 1094w, https:\/\/www.esplac.cat\/wp-content\/uploads\/2022\/12\/Esplac_Escola23_Programa-1200x1685.jpg 1200w, https:\/\/www.esplac.cat\/wp-content\/uploads\/2022\/12\/Esplac_Escola23_Programa-1459x2048.jpg 1459w, https:\/\/www.esplac.cat\/wp-content\/uploads\/2022\/12\/Esplac_Escola23_Programa-scaled.jpg 1823w\" sizes=\"(max-width: 498px) 100vw, 498px\" \/><\/p>\n<\/div><\/div><\/div><\/div><\/div>\n","protected":false},"excerpt":{"rendered":"","protected":false},"author":3,"featured_media":42282,"comment_status":"closed","ping_status":"closed","sticky":false,"template":"","format":"standard","meta":{"om_disable_all_campaigns":false,"_monsterinsights_skip_tracking":false,"_monsterinsights_sitenote_active":false,"_monsterinsights_sitenote_note":"","_monsterinsights_sitenote_category":0,"_uf_show_specific_survey":0,"_uf_disable_surveys":false,"footnotes":""},"categories":[1129,1396],"tags":[],"class_list":["post-42281","post","type-post","status-publish","format-standard","has-post-thumbnail","hentry","category-escola-desplac","category-socies"],"yoast_head":"<!-- This site is optimized with the Yoast SEO plugin v27.5 - https:\/\/yoast.com\/product\/yoast-seo-wordpress\/ -->\n<title>S\u2019obren les inscripcions a la novena edici\u00f3 de l\u2019Escola d\u2019Esplac, que ve carregada de novetats! - Esplac<\/title>\n<meta name=\"robots\" content=\"index, follow, max-snippet:-1, max-image-preview:large, max-video-preview:-1\" \/>\n<link rel=\"canonical\" href=\"https:\/\/www.esplac.cat\/inscripcions-novena-edicio-escola-esplac\/\" \/>\n<meta property=\"og:locale\" content=\"es_ES\" \/>\n<meta property=\"og:type\" content=\"article\" \/>\n<meta property=\"og:title\" content=\"S\u2019obren les inscripcions a la novena edici\u00f3 de l\u2019Escola d\u2019Esplac, que ve carregada de novetats! - Esplac\" \/>\n<meta property=\"og:url\" content=\"https:\/\/www.esplac.cat\/inscripcions-novena-edicio-escola-esplac\/\" \/>\n<meta property=\"og:site_name\" content=\"Esplac\" \/>\n<meta property=\"article:published_time\" content=\"2022-11-28T07:00:46+00:00\" \/>\n<meta property=\"article:modified_time\" content=\"2023-04-11T11:22:22+00:00\" \/>\n<meta property=\"og:image\" content=\"https:\/\/www.esplac.cat\/wp-content\/uploads\/2022\/11\/Esplac_Escola23_Banner.jpg\" \/>\n\t<meta property=\"og:image:width\" content=\"2500\" \/>\n\t<meta property=\"og:image:height\" content=\"913\" \/>\n\t<meta property=\"og:image:type\" content=\"image\/jpeg\" \/>\n<meta name=\"author\" content=\"Comunicaci\u00f3 Esplac\" \/>\n<meta name=\"twitter:card\" content=\"summary_large_image\" \/>\n<meta name=\"twitter:label1\" content=\"Escrito por\" \/>\n\t<meta name=\"twitter:data1\" content=\"Comunicaci\u00f3 Esplac\" \/>\n\t<meta name=\"twitter:label2\" content=\"Tiempo de lectura\" \/>\n\t<meta name=\"twitter:data2\" content=\"3 minutos\" \/>\n<script type=\"application\/ld+json\" class=\"yoast-schema-graph\">{\"@context\":\"https:\\\/\\\/schema.org\",\"@graph\":[{\"@type\":\"Article\",\"@id\":\"https:\\\/\\\/www.esplac.cat\\\/inscripcions-novena-edicio-escola-esplac\\\/#article\",\"isPartOf\":{\"@id\":\"https:\\\/\\\/www.esplac.cat\\\/inscripcions-novena-edicio-escola-esplac\\\/\"},\"author\":{\"name\":\"Comunicaci\u00f3 Esplac\",\"@id\":\"https:\\\/\\\/www.esplac.cat\\\/#\\\/schema\\\/person\\\/908383cf240be18b68f8855d0583faca\"},\"headline\":\"S\u2019obren les inscripcions a la novena edici\u00f3 de l\u2019Escola d\u2019Esplac, que ve carregada de novetats!\",\"datePublished\":\"2022-11-28T07:00:46+00:00\",\"dateModified\":\"2023-04-11T11:22:22+00:00\",\"mainEntityOfPage\":{\"@id\":\"https:\\\/\\\/www.esplac.cat\\\/inscripcions-novena-edicio-escola-esplac\\\/\"},\"wordCount\":602,\"publisher\":{\"@id\":\"https:\\\/\\\/www.esplac.cat\\\/#organization\"},\"image\":{\"@id\":\"https:\\\/\\\/www.esplac.cat\\\/inscripcions-novena-edicio-escola-esplac\\\/#primaryimage\"},\"thumbnailUrl\":\"https:\\\/\\\/www.esplac.cat\\\/wp-content\\\/uploads\\\/2022\\\/11\\\/Esplac_Escola23_Banner.jpg\",\"articleSection\":[\"Escola d'Esplac\",\"S\u00f2cies\"],\"inLanguage\":\"es\"},{\"@type\":\"WebPage\",\"@id\":\"https:\\\/\\\/www.esplac.cat\\\/inscripcions-novena-edicio-escola-esplac\\\/\",\"url\":\"https:\\\/\\\/www.esplac.cat\\\/inscripcions-novena-edicio-escola-esplac\\\/\",\"name\":\"S\u2019obren les inscripcions a la novena edici\u00f3 de l\u2019Escola d\u2019Esplac, que ve carregada de novetats! - Esplac\",\"isPartOf\":{\"@id\":\"https:\\\/\\\/www.esplac.cat\\\/#website\"},\"primaryImageOfPage\":{\"@id\":\"https:\\\/\\\/www.esplac.cat\\\/inscripcions-novena-edicio-escola-esplac\\\/#primaryimage\"},\"image\":{\"@id\":\"https:\\\/\\\/www.esplac.cat\\\/inscripcions-novena-edicio-escola-esplac\\\/#primaryimage\"},\"thumbnailUrl\":\"https:\\\/\\\/www.esplac.cat\\\/wp-content\\\/uploads\\\/2022\\\/11\\\/Esplac_Escola23_Banner.jpg\",\"datePublished\":\"2022-11-28T07:00:46+00:00\",\"dateModified\":\"2023-04-11T11:22:22+00:00\",\"breadcrumb\":{\"@id\":\"https:\\\/\\\/www.esplac.cat\\\/inscripcions-novena-edicio-escola-esplac\\\/#breadcrumb\"},\"inLanguage\":\"es\",\"potentialAction\":[{\"@type\":\"ReadAction\",\"target\":[\"https:\\\/\\\/www.esplac.cat\\\/inscripcions-novena-edicio-escola-esplac\\\/\"]}]},{\"@type\":\"ImageObject\",\"inLanguage\":\"es\",\"@id\":\"https:\\\/\\\/www.esplac.cat\\\/inscripcions-novena-edicio-escola-esplac\\\/#primaryimage\",\"url\":\"https:\\\/\\\/www.esplac.cat\\\/wp-content\\\/uploads\\\/2022\\\/11\\\/Esplac_Escola23_Banner.jpg\",\"contentUrl\":\"https:\\\/\\\/www.esplac.cat\\\/wp-content\\\/uploads\\\/2022\\\/11\\\/Esplac_Escola23_Banner.jpg\",\"width\":2500,\"height\":913},{\"@type\":\"BreadcrumbList\",\"@id\":\"https:\\\/\\\/www.esplac.cat\\\/inscripcions-novena-edicio-escola-esplac\\\/#breadcrumb\",\"itemListElement\":[{\"@type\":\"ListItem\",\"position\":1,\"name\":\"Inici\",\"item\":\"https:\\\/\\\/www.esplac.cat\\\/es\\\/\"},{\"@type\":\"ListItem\",\"position\":2,\"name\":\"S\u2019obren les inscripcions a la novena edici\u00f3 de l\u2019Escola d\u2019Esplac, que ve carregada de novetats!\"}]},{\"@type\":\"WebSite\",\"@id\":\"https:\\\/\\\/www.esplac.cat\\\/#website\",\"url\":\"https:\\\/\\\/www.esplac.cat\\\/\",\"name\":\"Esplac\",\"description\":\"Esplais Catalans\",\"publisher\":{\"@id\":\"https:\\\/\\\/www.esplac.cat\\\/#organization\"},\"potentialAction\":[{\"@type\":\"SearchAction\",\"target\":{\"@type\":\"EntryPoint\",\"urlTemplate\":\"https:\\\/\\\/www.esplac.cat\\\/?s={search_term_string}\"},\"query-input\":{\"@type\":\"PropertyValueSpecification\",\"valueRequired\":true,\"valueName\":\"search_term_string\"}}],\"inLanguage\":\"es\"},{\"@type\":\"Organization\",\"@id\":\"https:\\\/\\\/www.esplac.cat\\\/#organization\",\"name\":\"Esplac\",\"url\":\"https:\\\/\\\/www.esplac.cat\\\/\",\"logo\":{\"@type\":\"ImageObject\",\"inLanguage\":\"es\",\"@id\":\"https:\\\/\\\/www.esplac.cat\\\/#\\\/schema\\\/logo\\\/image\\\/\",\"url\":\"https:\\\/\\\/www.esplac.cat\\\/wp-content\\\/uploads\\\/2019\\\/08\\\/logox2.png\",\"contentUrl\":\"https:\\\/\\\/www.esplac.cat\\\/wp-content\\\/uploads\\\/2019\\\/08\\\/logox2.png\",\"width\":600,\"height\":295,\"caption\":\"Esplac\"},\"image\":{\"@id\":\"https:\\\/\\\/www.esplac.cat\\\/#\\\/schema\\\/logo\\\/image\\\/\"}},{\"@type\":\"Person\",\"@id\":\"https:\\\/\\\/www.esplac.cat\\\/#\\\/schema\\\/person\\\/908383cf240be18b68f8855d0583faca\",\"name\":\"Comunicaci\u00f3 Esplac\",\"image\":{\"@type\":\"ImageObject\",\"inLanguage\":\"es\",\"@id\":\"https:\\\/\\\/secure.gravatar.com\\\/avatar\\\/7a4cf8feb412a76ea4a740ca02d95b06b2907b5a6c648c2dd0a1082a093c3141?s=96&d=mm&r=g\",\"url\":\"https:\\\/\\\/secure.gravatar.com\\\/avatar\\\/7a4cf8feb412a76ea4a740ca02d95b06b2907b5a6c648c2dd0a1082a093c3141?s=96&d=mm&r=g\",\"contentUrl\":\"https:\\\/\\\/secure.gravatar.com\\\/avatar\\\/7a4cf8feb412a76ea4a740ca02d95b06b2907b5a6c648c2dd0a1082a093c3141?s=96&d=mm&r=g\",\"caption\":\"Comunicaci\u00f3 Esplac\"}}]}<\/script>\n<!-- \/ Yoast SEO plugin. -->","yoast_head_json":{"title":"S\u2019obren les inscripcions a la novena edici\u00f3 de l\u2019Escola d\u2019Esplac, que ve carregada de novetats! - Esplac","robots":{"index":"index","follow":"follow","max-snippet":"max-snippet:-1","max-image-preview":"max-image-preview:large","max-video-preview":"max-video-preview:-1"},"canonical":"https:\/\/www.esplac.cat\/inscripcions-novena-edicio-escola-esplac\/","og_locale":"es_ES","og_type":"article","og_title":"S\u2019obren les inscripcions a la novena edici\u00f3 de l\u2019Escola d\u2019Esplac, que ve carregada de novetats! - Esplac","og_url":"https:\/\/www.esplac.cat\/inscripcions-novena-edicio-escola-esplac\/","og_site_name":"Esplac","article_published_time":"2022-11-28T07:00:46+00:00","article_modified_time":"2023-04-11T11:22:22+00:00","og_image":[{"width":2500,"height":913,"url":"https:\/\/www.esplac.cat\/wp-content\/uploads\/2022\/11\/Esplac_Escola23_Banner.jpg","type":"image\/jpeg"}],"author":"Comunicaci\u00f3 Esplac","twitter_card":"summary_large_image","twitter_misc":{"Escrito por":"Comunicaci\u00f3 Esplac","Tiempo de lectura":"3 minutos"},"schema":{"@context":"https:\/\/schema.org","@graph":[{"@type":"Article","@id":"https:\/\/www.esplac.cat\/inscripcions-novena-edicio-escola-esplac\/#article","isPartOf":{"@id":"https:\/\/www.esplac.cat\/inscripcions-novena-edicio-escola-esplac\/"},"author":{"name":"Comunicaci\u00f3 Esplac","@id":"https:\/\/www.esplac.cat\/#\/schema\/person\/908383cf240be18b68f8855d0583faca"},"headline":"S\u2019obren les inscripcions a la novena edici\u00f3 de l\u2019Escola d\u2019Esplac, que ve carregada de novetats!","datePublished":"2022-11-28T07:00:46+00:00","dateModified":"2023-04-11T11:22:22+00:00","mainEntityOfPage":{"@id":"https:\/\/www.esplac.cat\/inscripcions-novena-edicio-escola-esplac\/"},"wordCount":602,"publisher":{"@id":"https:\/\/www.esplac.cat\/#organization"},"image":{"@id":"https:\/\/www.esplac.cat\/inscripcions-novena-edicio-escola-esplac\/#primaryimage"},"thumbnailUrl":"https:\/\/www.esplac.cat\/wp-content\/uploads\/2022\/11\/Esplac_Escola23_Banner.jpg","articleSection":["Escola d'Esplac","S\u00f2cies"],"inLanguage":"es"},{"@type":"WebPage","@id":"https:\/\/www.esplac.cat\/inscripcions-novena-edicio-escola-esplac\/","url":"https:\/\/www.esplac.cat\/inscripcions-novena-edicio-escola-esplac\/","name":"S\u2019obren les inscripcions a la novena edici\u00f3 de l\u2019Escola d\u2019Esplac, que ve carregada de novetats! - Esplac","isPartOf":{"@id":"https:\/\/www.esplac.cat\/#website"},"primaryImageOfPage":{"@id":"https:\/\/www.esplac.cat\/inscripcions-novena-edicio-escola-esplac\/#primaryimage"},"image":{"@id":"https:\/\/www.esplac.cat\/inscripcions-novena-edicio-escola-esplac\/#primaryimage"},"thumbnailUrl":"https:\/\/www.esplac.cat\/wp-content\/uploads\/2022\/11\/Esplac_Escola23_Banner.jpg","datePublished":"2022-11-28T07:00:46+00:00","dateModified":"2023-04-11T11:22:22+00:00","breadcrumb":{"@id":"https:\/\/www.esplac.cat\/inscripcions-novena-edicio-escola-esplac\/#breadcrumb"},"inLanguage":"es","potentialAction":[{"@type":"ReadAction","target":["https:\/\/www.esplac.cat\/inscripcions-novena-edicio-escola-esplac\/"]}]},{"@type":"ImageObject","inLanguage":"es","@id":"https:\/\/www.esplac.cat\/inscripcions-novena-edicio-escola-esplac\/#primaryimage","url":"https:\/\/www.esplac.cat\/wp-content\/uploads\/2022\/11\/Esplac_Escola23_Banner.jpg","contentUrl":"https:\/\/www.esplac.cat\/wp-content\/uploads\/2022\/11\/Esplac_Escola23_Banner.jpg","width":2500,"height":913},{"@type":"BreadcrumbList","@id":"https:\/\/www.esplac.cat\/inscripcions-novena-edicio-escola-esplac\/#breadcrumb","itemListElement":[{"@type":"ListItem","position":1,"name":"Inici","item":"https:\/\/www.esplac.cat\/es\/"},{"@type":"ListItem","position":2,"name":"S\u2019obren les inscripcions a la novena edici\u00f3 de l\u2019Escola d\u2019Esplac, que ve carregada de novetats!"}]},{"@type":"WebSite","@id":"https:\/\/www.esplac.cat\/#website","url":"https:\/\/www.esplac.cat\/","name":"Esplac","description":"Esplais Catalans","publisher":{"@id":"https:\/\/www.esplac.cat\/#organization"},"potentialAction":[{"@type":"SearchAction","target":{"@type":"EntryPoint","urlTemplate":"https:\/\/www.esplac.cat\/?s={search_term_string}"},"query-input":{"@type":"PropertyValueSpecification","valueRequired":true,"valueName":"search_term_string"}}],"inLanguage":"es"},{"@type":"Organization","@id":"https:\/\/www.esplac.cat\/#organization","name":"Esplac","url":"https:\/\/www.esplac.cat\/","logo":{"@type":"ImageObject","inLanguage":"es","@id":"https:\/\/www.esplac.cat\/#\/schema\/logo\/image\/","url":"https:\/\/www.esplac.cat\/wp-content\/uploads\/2019\/08\/logox2.png","contentUrl":"https:\/\/www.esplac.cat\/wp-content\/uploads\/2019\/08\/logox2.png","width":600,"height":295,"caption":"Esplac"},"image":{"@id":"https:\/\/www.esplac.cat\/#\/schema\/logo\/image\/"}},{"@type":"Person","@id":"https:\/\/www.esplac.cat\/#\/schema\/person\/908383cf240be18b68f8855d0583faca","name":"Comunicaci\u00f3 Esplac","image":{"@type":"ImageObject","inLanguage":"es","@id":"https:\/\/secure.gravatar.com\/avatar\/7a4cf8feb412a76ea4a740ca02d95b06b2907b5a6c648c2dd0a1082a093c3141?s=96&d=mm&r=g","url":"https:\/\/secure.gravatar.com\/avatar\/7a4cf8feb412a76ea4a740ca02d95b06b2907b5a6c648c2dd0a1082a093c3141?s=96&d=mm&r=g","contentUrl":"https:\/\/secure.gravatar.com\/avatar\/7a4cf8feb412a76ea4a740ca02d95b06b2907b5a6c648c2dd0a1082a093c3141?s=96&d=mm&r=g","caption":"Comunicaci\u00f3 Esplac"}}]}},"_links":{"self":[{"href":"https:\/\/www.esplac.cat\/es\/wp-json\/wp\/v2\/posts\/42281","targetHints":{"allow":["GET"]}}],"collection":[{"href":"https:\/\/www.esplac.cat\/es\/wp-json\/wp\/v2\/posts"}],"about":[{"href":"https:\/\/www.esplac.cat\/es\/wp-json\/wp\/v2\/types\/post"}],"author":[{"embeddable":true,"href":"https:\/\/www.esplac.cat\/es\/wp-json\/wp\/v2\/users\/3"}],"replies":[{"embeddable":true,"href":"https:\/\/www.esplac.cat\/es\/wp-json\/wp\/v2\/comments?post=42281"}],"version-history":[{"count":0,"href":"https:\/\/www.esplac.cat\/es\/wp-json\/wp\/v2\/posts\/42281\/revisions"}],"wp:featuredmedia":[{"embeddable":true,"href":"https:\/\/www.esplac.cat\/es\/wp-json\/wp\/v2\/media\/42282"}],"wp:attachment":[{"href":"https:\/\/www.esplac.cat\/es\/wp-json\/wp\/v2\/media?parent=42281"}],"wp:term":[{"taxonomy":"category","embeddable":true,"href":"https:\/\/www.esplac.cat\/es\/wp-json\/wp\/v2\/categories?post=42281"},{"taxonomy":"post_tag","embeddable":true,"href":"https:\/\/www.esplac.cat\/es\/wp-json\/wp\/v2\/tags?post=42281"}],"curies":[{"name":"wp","href":"https:\/\/api.w.org\/{rel}","templated":true}]}}