{"id":42355,"date":"2022-12-02T15:05:50","date_gmt":"2022-12-02T13:05:50","guid":{"rendered":"https:\/\/www.esplac.cat\/?p=42355"},"modified":"2022-12-02T15:15:29","modified_gmt":"2022-12-02T13:15:29","slug":"esplais-catalans-ens-posicionem-davant-la-precaritzacio-juvenil-leducacio-en-el-decreixement-i-lafectacio-al-lleure-pels-canvis-en-linici-de-lany-escolar-en-la-41e","status":"publish","type":"post","link":"https:\/\/www.esplac.cat\/es\/esplais-catalans-ens-posicionem-davant-la-precaritzacio-juvenil-leducacio-en-el-decreixement-i-lafectacio-al-lleure-pels-canvis-en-linici-de-lany-escolar-en-la-41e\/","title":{"rendered":"Esplais Catalans ens posicionem davant la precaritzaci\u00f3 juvenil, l\u2019educaci\u00f3 en el decreixement i l\u2019afectaci\u00f3 al lleure pels canvis en l\u2019inici de l\u2019any escolar en la 41ena Assemblea General Ordin\u00e0ria"},"content":{"rendered":"<ul>\n<li dir=\"ltr\"><strong>Aquest darrer cap de setmana, l\u2019associaci\u00f3 Esplais Catalans \u2013 Esplac hem celebrat la 41a Assemblea General Ordin\u00e0ria, l\u2019\u00f2rgan de decisi\u00f3 m\u00e9s important de l\u2019entitat, a Vilafranca del Pened\u00e8s\n<p><\/strong><\/li>\n<li dir=\"ltr\"><strong>Els esplais hem reivindicat la import\u00e0ncia de la nostra tasca tot i la precaritzaci\u00f3 juvenil que patim i que posa en perill els esplais. Tamb\u00e9, educar en un sistema en decreixement, davant l\u2019emerg\u00e8ncia clim\u00e0tica, aix\u00ed com l\u2019afectaci\u00f3 que hem patit pel canvi d\u2019inici en l\u2019any escolar\n<p><\/strong><\/li>\n<li dir=\"ltr\"><strong>Els esplais assistents han aprovat uns Criteris de distribuci\u00f3 m\u00e9s diversos, l\u2019associaci\u00f3 a Som Mobilitat i la XES (Xarxa d\u2019Economia Social i Solid\u00e0ria de Catalunya), la incorporaci\u00f3 de nous membre a l\u2019Equip de Coordinaci\u00f3 i l\u2019elecci\u00f3 de la presid\u00e8ncia a c\u00e0rrec d\u2019Olga Castells, entre altres destacats<\/strong><\/li>\n<\/ul>\n<p dir=\"ltr\">Esplais Catalans-Esplac hem celebrat aquest cap de setmana 26 i 27 de novembre, la 41ena Assemblea General Ordin\u00e0ria, el m\u00e0xim espai de decisi\u00f3 de l\u2019entitat. Aquest cop, Vilafranca del Pened\u00e8s ha acollit l\u2019assemblea, al <strong><a href=\"http:\/\/www.teatrecasal.com\/\">Teatre Casal Societat La Principal<\/a><\/strong>.<\/p>\n<p dir=\"ltr\">Al voltant de 200 monitores i monitors de 53 esplais d\u2019arreu del territori han aprovat els principals projectes de l\u2019associaci\u00f3 pel curs vinent, aix\u00ed com els posicionaments de l&#8217;entitat. Tamb\u00e9 han assistit representants de les principals associacions infantils, juvenils i pol\u00edtiques catalanes. Carlos Ca\u00f1as, secretari educatives i vicepresident del Consell Nacional de Joventut de Catalunya ha destacat que \u201cen un context en el que la dreta i el feixisme avan\u00e7a cal poder trobar-nos, enfortir-nos i participar amb tot el comprom\u00eds possible, per fer de les nostres vides una vida millor\u201d.<\/p>\n<p dir=\"ltr\">Durant l\u2019Assemblea General tamb\u00e9 s\u2019ha destacat la capacitat d\u2019adaptaci\u00f3 del esplais a l\u2019etapa postpand\u00e8mia, l\u2019afectaci\u00f3 de l\u2019estancament de subvencions en un context en qu\u00e8 l\u2019associaci\u00f3 est\u00e0 en constant creixement i la necessitat de locals dignes on realitzar la tasca educativa dels esplais. Tamb\u00e9 s\u2019ha comptat amb la presentaci\u00f3 del nou <strong><a href=\"https:\/\/bancrecursos.esplac.cat\/\" target=\"_blank\" rel=\"noopener\" data-saferedirecturl=\"https:\/\/www.google.com\/url?q=https:\/\/bancrecursos.esplac.cat\/&amp;source=gmail&amp;ust=1670071379568000&amp;usg=AOvVaw0M541I_WmBDrf889NS_5L-\">Banc de Recursos d\u2019Esplais Catalans<\/a><\/strong>, que incorporar\u00e0 recursos dedicats als esplais i al lleure educatiu.<\/p>\n<h3 dir=\"ltr\"><strong>L\u2019AGO XLI, al detall<\/strong><\/h3>\n<p dir=\"ltr\">Durant l\u2019acte s\u2019ha aprovat la rennovaci\u00f3 d\u2019Al\u00edcia Antol\u00edn a l\u2019Equip de Coordinaci\u00f3 i la incorporaci\u00f3 de Cristina Gotzens com a nova membre. A m\u00e9s, s\u2019ha aprovat a Olga Castells com a nova presidenta de l&#8217;entitat i les noves comissions Internacional i L\u00ednies Pedag\u00f2giques amb les seves respectives Representants de Comissi\u00f3. L\u2019objectiu de comissionar aquests dos projectes rau de le la voluntat d\u2019aplicar-les de format transversal a l\u2019entitat.<\/p>\n<p dir=\"ltr\">El Pla de Treball 2022-23, aprovat aquest cap de setmana, aposta per reivindicar la tasca de les monitores i monitors a la <strong><a href=\"https:\/\/www.esplac.cat\/trobades\/monifestat\/\" target=\"_blank\" rel=\"noopener\">Monifesta\u2019t 2023<\/a> <\/strong>que es realitzar\u00e0 el proper 19, 20 i 21 de maig a Centelles, creant un projecte espec\u00edfic per l\u2019esdeveniment. Tamb\u00e9 s\u2019ha aprovat el nou projecte de Participaci\u00f3 d\u2019infants i joves, que vol fer de l\u2019entitat un espai menys adultcentrista, donant veu tamb\u00e9 a infants i joves dels esplais.<\/p>\n<p dir=\"ltr\">Un altre punt destacat de l\u2019acte ha estat la <strong>dissoluci\u00f3 del Sector Barcelona, creant tres nous sectors diferenciats per reformular el model organitzacional de l\u2019entitat<\/strong>: han quedat aprovats els nous sectors Barcelona Nord-Est, Barcelona Oest i Barcelona Sud. A m\u00e9s, l\u2019entitat ha incorporat el territori de La Cerdanya amb l\u2019associaci\u00f3 d\u2019un esplai nou, Les Xicoies, fet que ha culminat amb l\u2019aprovaci\u00f3 del nou Sector Bages, Bergued\u00e0 i La Cerdanya.<\/p>\n<p dir=\"ltr\">L&#8217;Assemblea ha finalitzat amb l\u2019associaci\u00f3 de l\u2019entitat a <strong><a href=\"https:\/\/www.sommobilitat.coop\/\" target=\"_blank\" rel=\"noopener\">Som Mobilitat<\/a> <\/strong>i <strong><a href=\"https:\/\/xes.cat\/\" target=\"_blank\" rel=\"noopener\">la XES (Xarxa d\u2019Economia Solid\u00e0ria de Catalunya)<\/a><\/strong>, portant a l\u2019entitat a establir vincles amb l\u2019economia social i solid\u00e0ria per tal d\u2019esdevenir m\u00e9s transparents i \u00e8tics amb les finances i la petjada ecol\u00f2gica que deixa l\u2019entitat. A m\u00e9s, han quedat aprovats uns Criteris de distribuci\u00f3 m\u00e9s diversos, que compten amb diferents aportacions monet\u00e0ries als esplais, depenent dels contextos socioecon\u00f2mics i les realitats de les zones on exerceixen la seva tasca educativa.<\/p>\n<h3 dir=\"ltr\"><strong>40 anys d\u2019Esplac i nous prop\u00f2sits<\/strong><\/h3>\n<p dir=\"ltr\">Des d\u2019Esplais Catalans s\u2019ha aprofitat l\u2019Assemblea per fer un tancament dels <strong><a href=\"https:\/\/www.esplac.cat\/40-anys-assemblea-constituent-esplais-catalans\/\" target=\"_blank\" rel=\"noopener\">40 anys de l\u2019entitat<\/a><\/strong>, reconeixent la participaci\u00f3 i implicaci\u00f3 de totes les persones que la conformen i recordant<strong> <a href=\"https:\/\/www.esplac.cat\/trobades\/esplaiada\/\" target=\"_blank\" rel=\"noopener\">l\u2019Esplaiada 2022<\/a><\/strong>, la creaci\u00f3 del <strong><a href=\"https:\/\/www.esplac.cat\/celebrem-40-anys-presentacio-conte-que-fas-dissabte\/\" target=\"_blank\" rel=\"noopener\">conte il\u00b7lustrat<\/a><\/strong> i <a href=\"https:\/\/www.esplac.cat\/primera-trobada-socies-esplais-catalans\/\" target=\"_blank\" rel=\"noopener\"><strong>la Primera Trobada de S\u00f2cies<\/strong>.<\/a> A m\u00e9s, s\u2019ha concl\u00f2s amb el final de mandat a presid\u00e8ncia de Carmen Alonso que ha compartit que diu ad\u00e9u a una etapa molt llarga, molt intensa i molt emocionant, que comen\u00e7a amb el seu primer dia d\u2019esplai i d\u2019alguna manera acaba a l\u2019AGO, encara que l\u2019acompanyar\u00e0 sempre.<\/p>\n<p dir=\"ltr\">Finalment, Esplais Catalans ens hem posicionat amb <strong><a href=\"https:\/\/www.esplac.cat\/actes-resolucions-ago\/\" target=\"_blank\" rel=\"noopener\">tres resolucions<\/a><\/strong>, que marquen les diferents posicions de l\u2019entitat davant del m\u00f3n que l&#8217;envolta. Les resolucions contemplen demandes i compromisos de les persones que formen l\u2019entitat, aix\u00ed com exigeixen a diferents administracions p\u00fabliques mesures per fer-les possible.<\/p>\n<p dir=\"ltr\">Enguany, els esplais hem reivindicat <strong>una educaci\u00f3 en decreixement<\/strong> recalcant \u201cla urg\u00e8ncia d\u2019actuar davant la crisi clim\u00e0tica, amb l\u2019esplai com a agent educatiu clau\u201d i han <strong>condemnat l&#8217;afectaci\u00f3 del canvi de l\u2019inici escolar al m\u00f3n del lleure<\/strong> reivindicant que \u201cquan es vulgui prendre una decisi\u00f3 que afecta als infants se\u2019ls posi al centre, vetllant pel seu benestar, i es tingui en compte a la resta d\u2019agents educatius\u201d.<\/p>\n<p dir=\"ltr\">Finalment, s\u2019ha aprovat la resoluci\u00f3 <strong>\u201cPrecaritzaci\u00f3 juvenil, esplais en perill!\u201d<\/strong> que destaca les complicacions de les joves per associar-se en un sistema capitalista que cada cop deixa compatibilitzar menys l\u2019associacionisme amb el dia a dia el jovent organitzat, tenint grans conseq\u00fc\u00e8ncies pels esplais i l\u2019associacionisme educatiu.<\/p>\n<p dir=\"ltr\" style=\"text-align: center;\"><span style=\"color: #f69d0b;\"><strong><a style=\"color: #f69d0b;\" href=\"https:\/\/www.facebook.com\/media\/set\/?set=a.696275281941706&amp;type=3\">PODEU CONSULTAR AQU\u00cd LES FOTOGRAFIES DE L&#8217;AGO<\/a><\/strong><\/span><\/p>\n","protected":false},"excerpt":{"rendered":"<p>Aquest darrer cap de setmana, l\u2019associaci\u00f3 Esplais Catalans \u2013 Esplac [&hellip;]<\/p>\n","protected":false},"author":3,"featured_media":42356,"comment_status":"closed","ping_status":"closed","sticky":false,"template":"","format":"standard","meta":{"om_disable_all_campaigns":false,"_monsterinsights_skip_tracking":false,"_monsterinsights_sitenote_active":false,"_monsterinsights_sitenote_note":"","_monsterinsights_sitenote_category":0,"_uf_show_specific_survey":0,"_uf_disable_surveys":false,"footnotes":""},"categories":[1111],"tags":[],"class_list":["post-42355","post","type-post","status-publish","format-standard","has-post-thumbnail","hentry","category-activitats-esplac"],"yoast_head":"<!-- This site is optimized with the Yoast SEO plugin v27.5 - https:\/\/yoast.com\/product\/yoast-seo-wordpress\/ -->\n<title>Esplais Catalans ens posicionem davant la precaritzaci\u00f3 juvenil, l\u2019educaci\u00f3 en el decreixement i l\u2019afectaci\u00f3 al lleure pels canvis en l\u2019inici de l\u2019any escolar en la 41ena Assemblea General Ordin\u00e0ria - Esplac<\/title>\n<meta name=\"robots\" content=\"index, follow, max-snippet:-1, max-image-preview:large, max-video-preview:-1\" \/>\n<link rel=\"canonical\" href=\"https:\/\/www.esplac.cat\/esplais-catalans-ens-posicionem-davant-la-precaritzacio-juvenil-leducacio-en-el-decreixement-i-lafectacio-al-lleure-pels-canvis-en-linici-de-lany-escolar-en-la-41e\/\" \/>\n<meta property=\"og:locale\" content=\"es_ES\" \/>\n<meta property=\"og:type\" content=\"article\" \/>\n<meta property=\"og:title\" content=\"Esplais Catalans ens posicionem davant la precaritzaci\u00f3 juvenil, l\u2019educaci\u00f3 en el decreixement i l\u2019afectaci\u00f3 al lleure pels canvis en l\u2019inici de l\u2019any escolar en la 41ena Assemblea General Ordin\u00e0ria - Esplac\" \/>\n<meta property=\"og:description\" content=\"Aquest darrer cap de setmana, l\u2019associaci\u00f3 Esplais Catalans \u2013 Esplac [&hellip;]\" \/>\n<meta property=\"og:url\" content=\"https:\/\/www.esplac.cat\/esplais-catalans-ens-posicionem-davant-la-precaritzacio-juvenil-leducacio-en-el-decreixement-i-lafectacio-al-lleure-pels-canvis-en-linici-de-lany-escolar-en-la-41e\/\" \/>\n<meta property=\"og:site_name\" content=\"Esplac\" \/>\n<meta property=\"article:published_time\" content=\"2022-12-02T13:05:50+00:00\" \/>\n<meta property=\"article:modified_time\" content=\"2022-12-02T13:15:29+00:00\" \/>\n<meta property=\"og:image\" content=\"https:\/\/www.esplac.cat\/wp-content\/uploads\/2022\/12\/Portades-web.jpg\" \/>\n\t<meta property=\"og:image:width\" content=\"1694\" \/>\n\t<meta property=\"og:image:height\" content=\"700\" \/>\n\t<meta property=\"og:image:type\" content=\"image\/jpeg\" \/>\n<meta name=\"author\" content=\"Comunicaci\u00f3 Esplac\" \/>\n<meta name=\"twitter:card\" content=\"summary_large_image\" \/>\n<meta name=\"twitter:label1\" content=\"Escrito por\" \/>\n\t<meta name=\"twitter:data1\" content=\"Comunicaci\u00f3 Esplac\" \/>\n\t<meta name=\"twitter:label2\" content=\"Tiempo de lectura\" \/>\n\t<meta name=\"twitter:data2\" content=\"5 minutos\" \/>\n<script type=\"application\/ld+json\" class=\"yoast-schema-graph\">{\"@context\":\"https:\\\/\\\/schema.org\",\"@graph\":[{\"@type\":\"Article\",\"@id\":\"https:\\\/\\\/www.esplac.cat\\\/esplais-catalans-ens-posicionem-davant-la-precaritzacio-juvenil-leducacio-en-el-decreixement-i-lafectacio-al-lleure-pels-canvis-en-linici-de-lany-escolar-en-la-41e\\\/#article\",\"isPartOf\":{\"@id\":\"https:\\\/\\\/www.esplac.cat\\\/esplais-catalans-ens-posicionem-davant-la-precaritzacio-juvenil-leducacio-en-el-decreixement-i-lafectacio-al-lleure-pels-canvis-en-linici-de-lany-escolar-en-la-41e\\\/\"},\"author\":{\"name\":\"Comunicaci\u00f3 Esplac\",\"@id\":\"https:\\\/\\\/www.esplac.cat\\\/#\\\/schema\\\/person\\\/908383cf240be18b68f8855d0583faca\"},\"headline\":\"Esplais Catalans ens posicionem davant la precaritzaci\u00f3 juvenil, l\u2019educaci\u00f3 en el decreixement i l\u2019afectaci\u00f3 al lleure pels canvis en l\u2019inici de l\u2019any escolar en la 41ena Assemblea General Ordin\u00e0ria\",\"datePublished\":\"2022-12-02T13:05:50+00:00\",\"dateModified\":\"2022-12-02T13:15:29+00:00\",\"mainEntityOfPage\":{\"@id\":\"https:\\\/\\\/www.esplac.cat\\\/esplais-catalans-ens-posicionem-davant-la-precaritzacio-juvenil-leducacio-en-el-decreixement-i-lafectacio-al-lleure-pels-canvis-en-linici-de-lany-escolar-en-la-41e\\\/\"},\"wordCount\":1015,\"publisher\":{\"@id\":\"https:\\\/\\\/www.esplac.cat\\\/#organization\"},\"image\":{\"@id\":\"https:\\\/\\\/www.esplac.cat\\\/esplais-catalans-ens-posicionem-davant-la-precaritzacio-juvenil-leducacio-en-el-decreixement-i-lafectacio-al-lleure-pels-canvis-en-linici-de-lany-escolar-en-la-41e\\\/#primaryimage\"},\"thumbnailUrl\":\"https:\\\/\\\/www.esplac.cat\\\/wp-content\\\/uploads\\\/2022\\\/12\\\/Portades-web.jpg\",\"articleSection\":[\"Activitats esplac\"],\"inLanguage\":\"es\"},{\"@type\":\"WebPage\",\"@id\":\"https:\\\/\\\/www.esplac.cat\\\/esplais-catalans-ens-posicionem-davant-la-precaritzacio-juvenil-leducacio-en-el-decreixement-i-lafectacio-al-lleure-pels-canvis-en-linici-de-lany-escolar-en-la-41e\\\/\",\"url\":\"https:\\\/\\\/www.esplac.cat\\\/esplais-catalans-ens-posicionem-davant-la-precaritzacio-juvenil-leducacio-en-el-decreixement-i-lafectacio-al-lleure-pels-canvis-en-linici-de-lany-escolar-en-la-41e\\\/\",\"name\":\"Esplais Catalans ens posicionem davant la precaritzaci\u00f3 juvenil, l\u2019educaci\u00f3 en el decreixement i l\u2019afectaci\u00f3 al lleure pels canvis en l\u2019inici de l\u2019any escolar en la 41ena Assemblea General Ordin\u00e0ria - Esplac\",\"isPartOf\":{\"@id\":\"https:\\\/\\\/www.esplac.cat\\\/#website\"},\"primaryImageOfPage\":{\"@id\":\"https:\\\/\\\/www.esplac.cat\\\/esplais-catalans-ens-posicionem-davant-la-precaritzacio-juvenil-leducacio-en-el-decreixement-i-lafectacio-al-lleure-pels-canvis-en-linici-de-lany-escolar-en-la-41e\\\/#primaryimage\"},\"image\":{\"@id\":\"https:\\\/\\\/www.esplac.cat\\\/esplais-catalans-ens-posicionem-davant-la-precaritzacio-juvenil-leducacio-en-el-decreixement-i-lafectacio-al-lleure-pels-canvis-en-linici-de-lany-escolar-en-la-41e\\\/#primaryimage\"},\"thumbnailUrl\":\"https:\\\/\\\/www.esplac.cat\\\/wp-content\\\/uploads\\\/2022\\\/12\\\/Portades-web.jpg\",\"datePublished\":\"2022-12-02T13:05:50+00:00\",\"dateModified\":\"2022-12-02T13:15:29+00:00\",\"breadcrumb\":{\"@id\":\"https:\\\/\\\/www.esplac.cat\\\/esplais-catalans-ens-posicionem-davant-la-precaritzacio-juvenil-leducacio-en-el-decreixement-i-lafectacio-al-lleure-pels-canvis-en-linici-de-lany-escolar-en-la-41e\\\/#breadcrumb\"},\"inLanguage\":\"es\",\"potentialAction\":[{\"@type\":\"ReadAction\",\"target\":[\"https:\\\/\\\/www.esplac.cat\\\/esplais-catalans-ens-posicionem-davant-la-precaritzacio-juvenil-leducacio-en-el-decreixement-i-lafectacio-al-lleure-pels-canvis-en-linici-de-lany-escolar-en-la-41e\\\/\"]}]},{\"@type\":\"ImageObject\",\"inLanguage\":\"es\",\"@id\":\"https:\\\/\\\/www.esplac.cat\\\/esplais-catalans-ens-posicionem-davant-la-precaritzacio-juvenil-leducacio-en-el-decreixement-i-lafectacio-al-lleure-pels-canvis-en-linici-de-lany-escolar-en-la-41e\\\/#primaryimage\",\"url\":\"https:\\\/\\\/www.esplac.cat\\\/wp-content\\\/uploads\\\/2022\\\/12\\\/Portades-web.jpg\",\"contentUrl\":\"https:\\\/\\\/www.esplac.cat\\\/wp-content\\\/uploads\\\/2022\\\/12\\\/Portades-web.jpg\",\"width\":1694,\"height\":700,\"caption\":\"AGO 2022\"},{\"@type\":\"BreadcrumbList\",\"@id\":\"https:\\\/\\\/www.esplac.cat\\\/esplais-catalans-ens-posicionem-davant-la-precaritzacio-juvenil-leducacio-en-el-decreixement-i-lafectacio-al-lleure-pels-canvis-en-linici-de-lany-escolar-en-la-41e\\\/#breadcrumb\",\"itemListElement\":[{\"@type\":\"ListItem\",\"position\":1,\"name\":\"Inici\",\"item\":\"https:\\\/\\\/www.esplac.cat\\\/es\\\/\"},{\"@type\":\"ListItem\",\"position\":2,\"name\":\"Esplais Catalans ens posicionem davant la precaritzaci\u00f3 juvenil, l\u2019educaci\u00f3 en el decreixement i l\u2019afectaci\u00f3 al lleure pels canvis en l\u2019inici de l\u2019any escolar en la 41ena Assemblea General Ordin\u00e0ria\"}]},{\"@type\":\"WebSite\",\"@id\":\"https:\\\/\\\/www.esplac.cat\\\/#website\",\"url\":\"https:\\\/\\\/www.esplac.cat\\\/\",\"name\":\"Esplac\",\"description\":\"Esplais Catalans\",\"publisher\":{\"@id\":\"https:\\\/\\\/www.esplac.cat\\\/#organization\"},\"potentialAction\":[{\"@type\":\"SearchAction\",\"target\":{\"@type\":\"EntryPoint\",\"urlTemplate\":\"https:\\\/\\\/www.esplac.cat\\\/?s={search_term_string}\"},\"query-input\":{\"@type\":\"PropertyValueSpecification\",\"valueRequired\":true,\"valueName\":\"search_term_string\"}}],\"inLanguage\":\"es\"},{\"@type\":\"Organization\",\"@id\":\"https:\\\/\\\/www.esplac.cat\\\/#organization\",\"name\":\"Esplac\",\"url\":\"https:\\\/\\\/www.esplac.cat\\\/\",\"logo\":{\"@type\":\"ImageObject\",\"inLanguage\":\"es\",\"@id\":\"https:\\\/\\\/www.esplac.cat\\\/#\\\/schema\\\/logo\\\/image\\\/\",\"url\":\"https:\\\/\\\/www.esplac.cat\\\/wp-content\\\/uploads\\\/2019\\\/08\\\/logox2.png\",\"contentUrl\":\"https:\\\/\\\/www.esplac.cat\\\/wp-content\\\/uploads\\\/2019\\\/08\\\/logox2.png\",\"width\":600,\"height\":295,\"caption\":\"Esplac\"},\"image\":{\"@id\":\"https:\\\/\\\/www.esplac.cat\\\/#\\\/schema\\\/logo\\\/image\\\/\"}},{\"@type\":\"Person\",\"@id\":\"https:\\\/\\\/www.esplac.cat\\\/#\\\/schema\\\/person\\\/908383cf240be18b68f8855d0583faca\",\"name\":\"Comunicaci\u00f3 Esplac\",\"image\":{\"@type\":\"ImageObject\",\"inLanguage\":\"es\",\"@id\":\"https:\\\/\\\/secure.gravatar.com\\\/avatar\\\/7a4cf8feb412a76ea4a740ca02d95b06b2907b5a6c648c2dd0a1082a093c3141?s=96&d=mm&r=g\",\"url\":\"https:\\\/\\\/secure.gravatar.com\\\/avatar\\\/7a4cf8feb412a76ea4a740ca02d95b06b2907b5a6c648c2dd0a1082a093c3141?s=96&d=mm&r=g\",\"contentUrl\":\"https:\\\/\\\/secure.gravatar.com\\\/avatar\\\/7a4cf8feb412a76ea4a740ca02d95b06b2907b5a6c648c2dd0a1082a093c3141?s=96&d=mm&r=g\",\"caption\":\"Comunicaci\u00f3 Esplac\"}}]}<\/script>\n<!-- \/ Yoast SEO plugin. -->","yoast_head_json":{"title":"Esplais Catalans ens posicionem davant la precaritzaci\u00f3 juvenil, l\u2019educaci\u00f3 en el decreixement i l\u2019afectaci\u00f3 al lleure pels canvis en l\u2019inici de l\u2019any escolar en la 41ena Assemblea General Ordin\u00e0ria - Esplac","robots":{"index":"index","follow":"follow","max-snippet":"max-snippet:-1","max-image-preview":"max-image-preview:large","max-video-preview":"max-video-preview:-1"},"canonical":"https:\/\/www.esplac.cat\/esplais-catalans-ens-posicionem-davant-la-precaritzacio-juvenil-leducacio-en-el-decreixement-i-lafectacio-al-lleure-pels-canvis-en-linici-de-lany-escolar-en-la-41e\/","og_locale":"es_ES","og_type":"article","og_title":"Esplais Catalans ens posicionem davant la precaritzaci\u00f3 juvenil, l\u2019educaci\u00f3 en el decreixement i l\u2019afectaci\u00f3 al lleure pels canvis en l\u2019inici de l\u2019any escolar en la 41ena Assemblea General Ordin\u00e0ria - Esplac","og_description":"Aquest darrer cap de setmana, l\u2019associaci\u00f3 Esplais Catalans \u2013 Esplac [&hellip;]","og_url":"https:\/\/www.esplac.cat\/esplais-catalans-ens-posicionem-davant-la-precaritzacio-juvenil-leducacio-en-el-decreixement-i-lafectacio-al-lleure-pels-canvis-en-linici-de-lany-escolar-en-la-41e\/","og_site_name":"Esplac","article_published_time":"2022-12-02T13:05:50+00:00","article_modified_time":"2022-12-02T13:15:29+00:00","og_image":[{"width":1694,"height":700,"url":"https:\/\/www.esplac.cat\/wp-content\/uploads\/2022\/12\/Portades-web.jpg","type":"image\/jpeg"}],"author":"Comunicaci\u00f3 Esplac","twitter_card":"summary_large_image","twitter_misc":{"Escrito por":"Comunicaci\u00f3 Esplac","Tiempo de lectura":"5 minutos"},"schema":{"@context":"https:\/\/schema.org","@graph":[{"@type":"Article","@id":"https:\/\/www.esplac.cat\/esplais-catalans-ens-posicionem-davant-la-precaritzacio-juvenil-leducacio-en-el-decreixement-i-lafectacio-al-lleure-pels-canvis-en-linici-de-lany-escolar-en-la-41e\/#article","isPartOf":{"@id":"https:\/\/www.esplac.cat\/esplais-catalans-ens-posicionem-davant-la-precaritzacio-juvenil-leducacio-en-el-decreixement-i-lafectacio-al-lleure-pels-canvis-en-linici-de-lany-escolar-en-la-41e\/"},"author":{"name":"Comunicaci\u00f3 Esplac","@id":"https:\/\/www.esplac.cat\/#\/schema\/person\/908383cf240be18b68f8855d0583faca"},"headline":"Esplais Catalans ens posicionem davant la precaritzaci\u00f3 juvenil, l\u2019educaci\u00f3 en el decreixement i l\u2019afectaci\u00f3 al lleure pels canvis en l\u2019inici de l\u2019any escolar en la 41ena Assemblea General Ordin\u00e0ria","datePublished":"2022-12-02T13:05:50+00:00","dateModified":"2022-12-02T13:15:29+00:00","mainEntityOfPage":{"@id":"https:\/\/www.esplac.cat\/esplais-catalans-ens-posicionem-davant-la-precaritzacio-juvenil-leducacio-en-el-decreixement-i-lafectacio-al-lleure-pels-canvis-en-linici-de-lany-escolar-en-la-41e\/"},"wordCount":1015,"publisher":{"@id":"https:\/\/www.esplac.cat\/#organization"},"image":{"@id":"https:\/\/www.esplac.cat\/esplais-catalans-ens-posicionem-davant-la-precaritzacio-juvenil-leducacio-en-el-decreixement-i-lafectacio-al-lleure-pels-canvis-en-linici-de-lany-escolar-en-la-41e\/#primaryimage"},"thumbnailUrl":"https:\/\/www.esplac.cat\/wp-content\/uploads\/2022\/12\/Portades-web.jpg","articleSection":["Activitats esplac"],"inLanguage":"es"},{"@type":"WebPage","@id":"https:\/\/www.esplac.cat\/esplais-catalans-ens-posicionem-davant-la-precaritzacio-juvenil-leducacio-en-el-decreixement-i-lafectacio-al-lleure-pels-canvis-en-linici-de-lany-escolar-en-la-41e\/","url":"https:\/\/www.esplac.cat\/esplais-catalans-ens-posicionem-davant-la-precaritzacio-juvenil-leducacio-en-el-decreixement-i-lafectacio-al-lleure-pels-canvis-en-linici-de-lany-escolar-en-la-41e\/","name":"Esplais Catalans ens posicionem davant la precaritzaci\u00f3 juvenil, l\u2019educaci\u00f3 en el decreixement i l\u2019afectaci\u00f3 al lleure pels canvis en l\u2019inici de l\u2019any escolar en la 41ena Assemblea General Ordin\u00e0ria - Esplac","isPartOf":{"@id":"https:\/\/www.esplac.cat\/#website"},"primaryImageOfPage":{"@id":"https:\/\/www.esplac.cat\/esplais-catalans-ens-posicionem-davant-la-precaritzacio-juvenil-leducacio-en-el-decreixement-i-lafectacio-al-lleure-pels-canvis-en-linici-de-lany-escolar-en-la-41e\/#primaryimage"},"image":{"@id":"https:\/\/www.esplac.cat\/esplais-catalans-ens-posicionem-davant-la-precaritzacio-juvenil-leducacio-en-el-decreixement-i-lafectacio-al-lleure-pels-canvis-en-linici-de-lany-escolar-en-la-41e\/#primaryimage"},"thumbnailUrl":"https:\/\/www.esplac.cat\/wp-content\/uploads\/2022\/12\/Portades-web.jpg","datePublished":"2022-12-02T13:05:50+00:00","dateModified":"2022-12-02T13:15:29+00:00","breadcrumb":{"@id":"https:\/\/www.esplac.cat\/esplais-catalans-ens-posicionem-davant-la-precaritzacio-juvenil-leducacio-en-el-decreixement-i-lafectacio-al-lleure-pels-canvis-en-linici-de-lany-escolar-en-la-41e\/#breadcrumb"},"inLanguage":"es","potentialAction":[{"@type":"ReadAction","target":["https:\/\/www.esplac.cat\/esplais-catalans-ens-posicionem-davant-la-precaritzacio-juvenil-leducacio-en-el-decreixement-i-lafectacio-al-lleure-pels-canvis-en-linici-de-lany-escolar-en-la-41e\/"]}]},{"@type":"ImageObject","inLanguage":"es","@id":"https:\/\/www.esplac.cat\/esplais-catalans-ens-posicionem-davant-la-precaritzacio-juvenil-leducacio-en-el-decreixement-i-lafectacio-al-lleure-pels-canvis-en-linici-de-lany-escolar-en-la-41e\/#primaryimage","url":"https:\/\/www.esplac.cat\/wp-content\/uploads\/2022\/12\/Portades-web.jpg","contentUrl":"https:\/\/www.esplac.cat\/wp-content\/uploads\/2022\/12\/Portades-web.jpg","width":1694,"height":700,"caption":"AGO 2022"},{"@type":"BreadcrumbList","@id":"https:\/\/www.esplac.cat\/esplais-catalans-ens-posicionem-davant-la-precaritzacio-juvenil-leducacio-en-el-decreixement-i-lafectacio-al-lleure-pels-canvis-en-linici-de-lany-escolar-en-la-41e\/#breadcrumb","itemListElement":[{"@type":"ListItem","position":1,"name":"Inici","item":"https:\/\/www.esplac.cat\/es\/"},{"@type":"ListItem","position":2,"name":"Esplais Catalans ens posicionem davant la precaritzaci\u00f3 juvenil, l\u2019educaci\u00f3 en el decreixement i l\u2019afectaci\u00f3 al lleure pels canvis en l\u2019inici de l\u2019any escolar en la 41ena Assemblea General Ordin\u00e0ria"}]},{"@type":"WebSite","@id":"https:\/\/www.esplac.cat\/#website","url":"https:\/\/www.esplac.cat\/","name":"Esplac","description":"Esplais Catalans","publisher":{"@id":"https:\/\/www.esplac.cat\/#organization"},"potentialAction":[{"@type":"SearchAction","target":{"@type":"EntryPoint","urlTemplate":"https:\/\/www.esplac.cat\/?s={search_term_string}"},"query-input":{"@type":"PropertyValueSpecification","valueRequired":true,"valueName":"search_term_string"}}],"inLanguage":"es"},{"@type":"Organization","@id":"https:\/\/www.esplac.cat\/#organization","name":"Esplac","url":"https:\/\/www.esplac.cat\/","logo":{"@type":"ImageObject","inLanguage":"es","@id":"https:\/\/www.esplac.cat\/#\/schema\/logo\/image\/","url":"https:\/\/www.esplac.cat\/wp-content\/uploads\/2019\/08\/logox2.png","contentUrl":"https:\/\/www.esplac.cat\/wp-content\/uploads\/2019\/08\/logox2.png","width":600,"height":295,"caption":"Esplac"},"image":{"@id":"https:\/\/www.esplac.cat\/#\/schema\/logo\/image\/"}},{"@type":"Person","@id":"https:\/\/www.esplac.cat\/#\/schema\/person\/908383cf240be18b68f8855d0583faca","name":"Comunicaci\u00f3 Esplac","image":{"@type":"ImageObject","inLanguage":"es","@id":"https:\/\/secure.gravatar.com\/avatar\/7a4cf8feb412a76ea4a740ca02d95b06b2907b5a6c648c2dd0a1082a093c3141?s=96&d=mm&r=g","url":"https:\/\/secure.gravatar.com\/avatar\/7a4cf8feb412a76ea4a740ca02d95b06b2907b5a6c648c2dd0a1082a093c3141?s=96&d=mm&r=g","contentUrl":"https:\/\/secure.gravatar.com\/avatar\/7a4cf8feb412a76ea4a740ca02d95b06b2907b5a6c648c2dd0a1082a093c3141?s=96&d=mm&r=g","caption":"Comunicaci\u00f3 Esplac"}}]}},"_links":{"self":[{"href":"https:\/\/www.esplac.cat\/es\/wp-json\/wp\/v2\/posts\/42355","targetHints":{"allow":["GET"]}}],"collection":[{"href":"https:\/\/www.esplac.cat\/es\/wp-json\/wp\/v2\/posts"}],"about":[{"href":"https:\/\/www.esplac.cat\/es\/wp-json\/wp\/v2\/types\/post"}],"author":[{"embeddable":true,"href":"https:\/\/www.esplac.cat\/es\/wp-json\/wp\/v2\/users\/3"}],"replies":[{"embeddable":true,"href":"https:\/\/www.esplac.cat\/es\/wp-json\/wp\/v2\/comments?post=42355"}],"version-history":[{"count":0,"href":"https:\/\/www.esplac.cat\/es\/wp-json\/wp\/v2\/posts\/42355\/revisions"}],"wp:featuredmedia":[{"embeddable":true,"href":"https:\/\/www.esplac.cat\/es\/wp-json\/wp\/v2\/media\/42356"}],"wp:attachment":[{"href":"https:\/\/www.esplac.cat\/es\/wp-json\/wp\/v2\/media?parent=42355"}],"wp:term":[{"taxonomy":"category","embeddable":true,"href":"https:\/\/www.esplac.cat\/es\/wp-json\/wp\/v2\/categories?post=42355"},{"taxonomy":"post_tag","embeddable":true,"href":"https:\/\/www.esplac.cat\/es\/wp-json\/wp\/v2\/tags?post=42355"}],"curies":[{"name":"wp","href":"https:\/\/api.w.org\/{rel}","templated":true}]}}