{"id":42411,"date":"2022-12-13T13:19:37","date_gmt":"2022-12-13T11:19:37","guid":{"rendered":"https:\/\/www.esplac.cat\/?p=42411"},"modified":"2022-12-14T12:47:09","modified_gmt":"2022-12-14T10:47:09","slug":"oportunitat-internacional-campaments-internacionals-finlandia","status":"publish","type":"post","link":"https:\/\/www.esplac.cat\/es\/oportunitat-internacional-campaments-internacionals-finlandia\/","title":{"rendered":"Oportunitat internacional: Campaments internacionals a Finl\u00e0ndia"},"content":{"rendered":"<h6><strong>L&#8217;organitzaci\u00f3 finesa Nuoret Kotkat (NKK) organitza uns campaments al juliol a Finl\u00e0ndia i podeu participar-hi amb l&#8217;esplai o individualment com a organizaci\u00f3.<\/strong><\/h6>\n<p><strong>Tens ganes de viure una experi\u00e8ncia internacional amb el teu esplai? T&#8217;agradaria saber com s\u00f3n uns campaments a Finl\u00e0ndia? Doncs aquesta oportunitat \u00e9s per a tu!<\/strong><\/p>\n<p>Del 24 al 31 de juliol Nuoret Kotkat (NKK) organitza uns campaments per a celebrar el seu 80\u00e8 aniversari i <strong>volen convidar grups d&#8217;arreu del m\u00f3n<\/strong>. Tindr\u00e0 lloc al Hyv\u00e4ril\u00e4 Youth Centre (Finl\u00e0ndia) i est\u00e0 destinat a infants i joves d&#8217;entre 8 i 18 anys.<\/p>\n<p>Com Esplac, NKK forma part del moviment internacional IFM-SEI i treballa per la promoci\u00f3 dels drets dels infants i la transformaci\u00f3 social; conjuntament hem realitzat projectes com el Kids Got Rights.<\/p>\n<p>En <span style=\"color: #ff9900;\"><a style=\"color: #ff9900;\" href=\"https:\/\/www.esplac.cat\/wp-content\/uploads\/2022\/12\/Presentacio-NKK_International_camp_2023.pdf\" target=\"_blank\" rel=\"noopener\">aquest document<\/a><\/span> trobareu m\u00e9s informaci\u00f3 per tal de tenir m\u00e9s detalls sobre la quota, la localitzaci\u00f3, una idea general de la programaci\u00f3, etc. Tamb\u00e9, podeu seguir el seu compte d&#8217;Instagram (@nuoretkotkat) per anar veient actualitzacions, aix\u00ed com donar un cop d&#8217;ull <span style=\"color: #ff9900;\"><a style=\"color: #ff9900;\" href=\"https:\/\/nuoretkotkat.fi\/valtakunnalliset-tapahtumat\/together2023\/\" target=\"_blank\" rel=\"noopener\">a la seva p\u00e0gina web.<\/a><\/span><\/p>\n<p>Les inscripcions s\u00f3n a trav\u00e9s <span style=\"color: #ff9900;\"><a style=\"color: #ff9900;\" href=\"https:\/\/link.webropolsurveys.com\/Participation\/Public\/05a679eb-9da3-479d-b2f4-0d595a1fd863?displayId=Fin2660781\" target=\"_blank\" rel=\"noopener\">del seu formulari<\/a><\/span> abans del <strong>15 de gener<\/strong> i heu d&#8217;<strong>avisar al Coordinador de Projectes Internacionals d&#8217;Esplac, <\/strong>enviant un correu a internacional@esplac.cat per tal de poder fer un bon seguiment.<\/p>\n<p><strong>Vols participar en l&#8217;organitzaci\u00f3 dels campaments?<\/strong><\/p>\n<p>T&#8217;agradaria formar part d&#8217;aquest esdeveniment per\u00f2 ja no formes part de l&#8217;esplai o no tens cap grup amb qui anar-hi? Des de NKK busquen dos volunt\u00e0ries de la m\u00e0 del programa Cos Europeu de Solidaritat (ESC).<\/p>\n<p>Aquestes dos persones s&#8217;uniran a l&#8217;oficina de NKK a H\u00e8lsinki del febrer a l&#8217;agost per tal formar part de l&#8217;equip d&#8217;organitzaci\u00f3 d&#8217;aquests campaments.<\/p>\n<p>El programa ESC <strong>cobreix les despeses<\/strong> d&#8217;allotjament, viatge, manutencions i tamb\u00e9 una petita aportaci\u00f3 econ\u00f2mica (pocket money). Trobar\u00e0s m\u00e9s informaci\u00f3 <span style=\"color: #ff9900;\"><a style=\"color: #ff9900;\" href=\"https:\/\/www.esplac.cat\/wp-content\/uploads\/2022\/12\/Info-ESC_NKK.pdf\" target=\"_blank\" rel=\"noopener\">en aquest document adjun<\/a><\/span>t!<\/p>\n","protected":false},"excerpt":{"rendered":"<p>L&#8217;organitzaci\u00f3 finesa Nuoret Kotkat (NKK) organitza uns campaments al juliol [&hellip;]<\/p>\n","protected":false},"author":3,"featured_media":42424,"comment_status":"closed","ping_status":"closed","sticky":false,"template":"","format":"standard","meta":{"om_disable_all_campaigns":false,"_monsterinsights_skip_tracking":false,"_monsterinsights_sitenote_active":false,"_monsterinsights_sitenote_note":"","_monsterinsights_sitenote_category":0,"_uf_show_specific_survey":0,"_uf_disable_surveys":false,"footnotes":""},"categories":[1112],"tags":[],"class_list":["post-42411","post","type-post","status-publish","format-standard","has-post-thumbnail","hentry","category-esplac-al-mon"],"yoast_head":"<!-- This site is optimized with the Yoast SEO plugin v27.5 - https:\/\/yoast.com\/product\/yoast-seo-wordpress\/ -->\n<title>Oportunitat internacional: Campaments internacionals a Finl\u00e0ndia - Esplac<\/title>\n<meta name=\"description\" content=\"L&#039;organitzaci\u00f3 finesa Nuoret Kotkat (NKK) organitza uns campaments al juliol i podeu participar-hi amb l&#039;esplai o individualment.\" \/>\n<meta name=\"robots\" content=\"index, follow, max-snippet:-1, max-image-preview:large, max-video-preview:-1\" \/>\n<link rel=\"canonical\" href=\"https:\/\/www.esplac.cat\/oportunitat-internacional-campaments-internacionals-finlandia\/\" \/>\n<meta property=\"og:locale\" content=\"es_ES\" \/>\n<meta property=\"og:type\" content=\"article\" \/>\n<meta property=\"og:title\" content=\"Oportunitat internacional: Campaments internacionals a Finl\u00e0ndia - Esplac\" \/>\n<meta property=\"og:description\" content=\"L&#039;organitzaci\u00f3 finesa Nuoret Kotkat (NKK) organitza uns campaments al juliol i podeu participar-hi amb l&#039;esplai o individualment.\" \/>\n<meta property=\"og:url\" content=\"https:\/\/www.esplac.cat\/oportunitat-internacional-campaments-internacionals-finlandia\/\" \/>\n<meta property=\"og:site_name\" content=\"Esplac\" \/>\n<meta property=\"article:published_time\" content=\"2022-12-13T11:19:37+00:00\" \/>\n<meta property=\"article:modified_time\" content=\"2022-12-14T10:47:09+00:00\" \/>\n<meta property=\"og:image\" content=\"https:\/\/www.esplac.cat\/wp-content\/uploads\/2022\/12\/nkk.jpg\" \/>\n\t<meta property=\"og:image:width\" content=\"1694\" \/>\n\t<meta property=\"og:image:height\" content=\"700\" \/>\n\t<meta property=\"og:image:type\" content=\"image\/jpeg\" \/>\n<meta name=\"author\" content=\"Comunicaci\u00f3 Esplac\" \/>\n<meta name=\"twitter:card\" content=\"summary_large_image\" \/>\n<meta name=\"twitter:label1\" content=\"Escrito por\" \/>\n\t<meta name=\"twitter:data1\" content=\"Comunicaci\u00f3 Esplac\" \/>\n\t<meta name=\"twitter:label2\" content=\"Tiempo de lectura\" \/>\n\t<meta name=\"twitter:data2\" content=\"2 minutos\" \/>\n<script type=\"application\/ld+json\" class=\"yoast-schema-graph\">{\"@context\":\"https:\\\/\\\/schema.org\",\"@graph\":[{\"@type\":\"Article\",\"@id\":\"https:\\\/\\\/www.esplac.cat\\\/oportunitat-internacional-campaments-internacionals-finlandia\\\/#article\",\"isPartOf\":{\"@id\":\"https:\\\/\\\/www.esplac.cat\\\/oportunitat-internacional-campaments-internacionals-finlandia\\\/\"},\"author\":{\"name\":\"Comunicaci\u00f3 Esplac\",\"@id\":\"https:\\\/\\\/www.esplac.cat\\\/#\\\/schema\\\/person\\\/908383cf240be18b68f8855d0583faca\"},\"headline\":\"Oportunitat internacional: Campaments internacionals a Finl\u00e0ndia\",\"datePublished\":\"2022-12-13T11:19:37+00:00\",\"dateModified\":\"2022-12-14T10:47:09+00:00\",\"mainEntityOfPage\":{\"@id\":\"https:\\\/\\\/www.esplac.cat\\\/oportunitat-internacional-campaments-internacionals-finlandia\\\/\"},\"wordCount\":336,\"publisher\":{\"@id\":\"https:\\\/\\\/www.esplac.cat\\\/#organization\"},\"image\":{\"@id\":\"https:\\\/\\\/www.esplac.cat\\\/oportunitat-internacional-campaments-internacionals-finlandia\\\/#primaryimage\"},\"thumbnailUrl\":\"https:\\\/\\\/www.esplac.cat\\\/wp-content\\\/uploads\\\/2022\\\/12\\\/nkk.jpg\",\"articleSection\":[\"Esplac al m\u00f3n\"],\"inLanguage\":\"es\"},{\"@type\":\"WebPage\",\"@id\":\"https:\\\/\\\/www.esplac.cat\\\/oportunitat-internacional-campaments-internacionals-finlandia\\\/\",\"url\":\"https:\\\/\\\/www.esplac.cat\\\/oportunitat-internacional-campaments-internacionals-finlandia\\\/\",\"name\":\"Oportunitat internacional: Campaments internacionals a Finl\u00e0ndia - Esplac\",\"isPartOf\":{\"@id\":\"https:\\\/\\\/www.esplac.cat\\\/#website\"},\"primaryImageOfPage\":{\"@id\":\"https:\\\/\\\/www.esplac.cat\\\/oportunitat-internacional-campaments-internacionals-finlandia\\\/#primaryimage\"},\"image\":{\"@id\":\"https:\\\/\\\/www.esplac.cat\\\/oportunitat-internacional-campaments-internacionals-finlandia\\\/#primaryimage\"},\"thumbnailUrl\":\"https:\\\/\\\/www.esplac.cat\\\/wp-content\\\/uploads\\\/2022\\\/12\\\/nkk.jpg\",\"datePublished\":\"2022-12-13T11:19:37+00:00\",\"dateModified\":\"2022-12-14T10:47:09+00:00\",\"description\":\"L'organitzaci\u00f3 finesa Nuoret Kotkat (NKK) organitza uns campaments al juliol i podeu participar-hi amb l'esplai o individualment.\",\"breadcrumb\":{\"@id\":\"https:\\\/\\\/www.esplac.cat\\\/oportunitat-internacional-campaments-internacionals-finlandia\\\/#breadcrumb\"},\"inLanguage\":\"es\",\"potentialAction\":[{\"@type\":\"ReadAction\",\"target\":[\"https:\\\/\\\/www.esplac.cat\\\/oportunitat-internacional-campaments-internacionals-finlandia\\\/\"]}]},{\"@type\":\"ImageObject\",\"inLanguage\":\"es\",\"@id\":\"https:\\\/\\\/www.esplac.cat\\\/oportunitat-internacional-campaments-internacionals-finlandia\\\/#primaryimage\",\"url\":\"https:\\\/\\\/www.esplac.cat\\\/wp-content\\\/uploads\\\/2022\\\/12\\\/nkk.jpg\",\"contentUrl\":\"https:\\\/\\\/www.esplac.cat\\\/wp-content\\\/uploads\\\/2022\\\/12\\\/nkk.jpg\",\"width\":1694,\"height\":700},{\"@type\":\"BreadcrumbList\",\"@id\":\"https:\\\/\\\/www.esplac.cat\\\/oportunitat-internacional-campaments-internacionals-finlandia\\\/#breadcrumb\",\"itemListElement\":[{\"@type\":\"ListItem\",\"position\":1,\"name\":\"Inici\",\"item\":\"https:\\\/\\\/www.esplac.cat\\\/es\\\/\"},{\"@type\":\"ListItem\",\"position\":2,\"name\":\"Oportunitat internacional: Campaments internacionals a Finl\u00e0ndia\"}]},{\"@type\":\"WebSite\",\"@id\":\"https:\\\/\\\/www.esplac.cat\\\/#website\",\"url\":\"https:\\\/\\\/www.esplac.cat\\\/\",\"name\":\"Esplac\",\"description\":\"Esplais Catalans\",\"publisher\":{\"@id\":\"https:\\\/\\\/www.esplac.cat\\\/#organization\"},\"potentialAction\":[{\"@type\":\"SearchAction\",\"target\":{\"@type\":\"EntryPoint\",\"urlTemplate\":\"https:\\\/\\\/www.esplac.cat\\\/?s={search_term_string}\"},\"query-input\":{\"@type\":\"PropertyValueSpecification\",\"valueRequired\":true,\"valueName\":\"search_term_string\"}}],\"inLanguage\":\"es\"},{\"@type\":\"Organization\",\"@id\":\"https:\\\/\\\/www.esplac.cat\\\/#organization\",\"name\":\"Esplac\",\"url\":\"https:\\\/\\\/www.esplac.cat\\\/\",\"logo\":{\"@type\":\"ImageObject\",\"inLanguage\":\"es\",\"@id\":\"https:\\\/\\\/www.esplac.cat\\\/#\\\/schema\\\/logo\\\/image\\\/\",\"url\":\"https:\\\/\\\/www.esplac.cat\\\/wp-content\\\/uploads\\\/2019\\\/08\\\/logox2.png\",\"contentUrl\":\"https:\\\/\\\/www.esplac.cat\\\/wp-content\\\/uploads\\\/2019\\\/08\\\/logox2.png\",\"width\":600,\"height\":295,\"caption\":\"Esplac\"},\"image\":{\"@id\":\"https:\\\/\\\/www.esplac.cat\\\/#\\\/schema\\\/logo\\\/image\\\/\"}},{\"@type\":\"Person\",\"@id\":\"https:\\\/\\\/www.esplac.cat\\\/#\\\/schema\\\/person\\\/908383cf240be18b68f8855d0583faca\",\"name\":\"Comunicaci\u00f3 Esplac\",\"image\":{\"@type\":\"ImageObject\",\"inLanguage\":\"es\",\"@id\":\"https:\\\/\\\/secure.gravatar.com\\\/avatar\\\/7a4cf8feb412a76ea4a740ca02d95b06b2907b5a6c648c2dd0a1082a093c3141?s=96&d=mm&r=g\",\"url\":\"https:\\\/\\\/secure.gravatar.com\\\/avatar\\\/7a4cf8feb412a76ea4a740ca02d95b06b2907b5a6c648c2dd0a1082a093c3141?s=96&d=mm&r=g\",\"contentUrl\":\"https:\\\/\\\/secure.gravatar.com\\\/avatar\\\/7a4cf8feb412a76ea4a740ca02d95b06b2907b5a6c648c2dd0a1082a093c3141?s=96&d=mm&r=g\",\"caption\":\"Comunicaci\u00f3 Esplac\"}}]}<\/script>\n<!-- \/ Yoast SEO plugin. -->","yoast_head_json":{"title":"Oportunitat internacional: Campaments internacionals a Finl\u00e0ndia - Esplac","description":"L'organitzaci\u00f3 finesa Nuoret Kotkat (NKK) organitza uns campaments al juliol i podeu participar-hi amb l'esplai o individualment.","robots":{"index":"index","follow":"follow","max-snippet":"max-snippet:-1","max-image-preview":"max-image-preview:large","max-video-preview":"max-video-preview:-1"},"canonical":"https:\/\/www.esplac.cat\/oportunitat-internacional-campaments-internacionals-finlandia\/","og_locale":"es_ES","og_type":"article","og_title":"Oportunitat internacional: Campaments internacionals a Finl\u00e0ndia - Esplac","og_description":"L'organitzaci\u00f3 finesa Nuoret Kotkat (NKK) organitza uns campaments al juliol i podeu participar-hi amb l'esplai o individualment.","og_url":"https:\/\/www.esplac.cat\/oportunitat-internacional-campaments-internacionals-finlandia\/","og_site_name":"Esplac","article_published_time":"2022-12-13T11:19:37+00:00","article_modified_time":"2022-12-14T10:47:09+00:00","og_image":[{"width":1694,"height":700,"url":"https:\/\/www.esplac.cat\/wp-content\/uploads\/2022\/12\/nkk.jpg","type":"image\/jpeg"}],"author":"Comunicaci\u00f3 Esplac","twitter_card":"summary_large_image","twitter_misc":{"Escrito por":"Comunicaci\u00f3 Esplac","Tiempo de lectura":"2 minutos"},"schema":{"@context":"https:\/\/schema.org","@graph":[{"@type":"Article","@id":"https:\/\/www.esplac.cat\/oportunitat-internacional-campaments-internacionals-finlandia\/#article","isPartOf":{"@id":"https:\/\/www.esplac.cat\/oportunitat-internacional-campaments-internacionals-finlandia\/"},"author":{"name":"Comunicaci\u00f3 Esplac","@id":"https:\/\/www.esplac.cat\/#\/schema\/person\/908383cf240be18b68f8855d0583faca"},"headline":"Oportunitat internacional: Campaments internacionals a Finl\u00e0ndia","datePublished":"2022-12-13T11:19:37+00:00","dateModified":"2022-12-14T10:47:09+00:00","mainEntityOfPage":{"@id":"https:\/\/www.esplac.cat\/oportunitat-internacional-campaments-internacionals-finlandia\/"},"wordCount":336,"publisher":{"@id":"https:\/\/www.esplac.cat\/#organization"},"image":{"@id":"https:\/\/www.esplac.cat\/oportunitat-internacional-campaments-internacionals-finlandia\/#primaryimage"},"thumbnailUrl":"https:\/\/www.esplac.cat\/wp-content\/uploads\/2022\/12\/nkk.jpg","articleSection":["Esplac al m\u00f3n"],"inLanguage":"es"},{"@type":"WebPage","@id":"https:\/\/www.esplac.cat\/oportunitat-internacional-campaments-internacionals-finlandia\/","url":"https:\/\/www.esplac.cat\/oportunitat-internacional-campaments-internacionals-finlandia\/","name":"Oportunitat internacional: Campaments internacionals a Finl\u00e0ndia - Esplac","isPartOf":{"@id":"https:\/\/www.esplac.cat\/#website"},"primaryImageOfPage":{"@id":"https:\/\/www.esplac.cat\/oportunitat-internacional-campaments-internacionals-finlandia\/#primaryimage"},"image":{"@id":"https:\/\/www.esplac.cat\/oportunitat-internacional-campaments-internacionals-finlandia\/#primaryimage"},"thumbnailUrl":"https:\/\/www.esplac.cat\/wp-content\/uploads\/2022\/12\/nkk.jpg","datePublished":"2022-12-13T11:19:37+00:00","dateModified":"2022-12-14T10:47:09+00:00","description":"L'organitzaci\u00f3 finesa Nuoret Kotkat (NKK) organitza uns campaments al juliol i podeu participar-hi amb l'esplai o individualment.","breadcrumb":{"@id":"https:\/\/www.esplac.cat\/oportunitat-internacional-campaments-internacionals-finlandia\/#breadcrumb"},"inLanguage":"es","potentialAction":[{"@type":"ReadAction","target":["https:\/\/www.esplac.cat\/oportunitat-internacional-campaments-internacionals-finlandia\/"]}]},{"@type":"ImageObject","inLanguage":"es","@id":"https:\/\/www.esplac.cat\/oportunitat-internacional-campaments-internacionals-finlandia\/#primaryimage","url":"https:\/\/www.esplac.cat\/wp-content\/uploads\/2022\/12\/nkk.jpg","contentUrl":"https:\/\/www.esplac.cat\/wp-content\/uploads\/2022\/12\/nkk.jpg","width":1694,"height":700},{"@type":"BreadcrumbList","@id":"https:\/\/www.esplac.cat\/oportunitat-internacional-campaments-internacionals-finlandia\/#breadcrumb","itemListElement":[{"@type":"ListItem","position":1,"name":"Inici","item":"https:\/\/www.esplac.cat\/es\/"},{"@type":"ListItem","position":2,"name":"Oportunitat internacional: Campaments internacionals a Finl\u00e0ndia"}]},{"@type":"WebSite","@id":"https:\/\/www.esplac.cat\/#website","url":"https:\/\/www.esplac.cat\/","name":"Esplac","description":"Esplais Catalans","publisher":{"@id":"https:\/\/www.esplac.cat\/#organization"},"potentialAction":[{"@type":"SearchAction","target":{"@type":"EntryPoint","urlTemplate":"https:\/\/www.esplac.cat\/?s={search_term_string}"},"query-input":{"@type":"PropertyValueSpecification","valueRequired":true,"valueName":"search_term_string"}}],"inLanguage":"es"},{"@type":"Organization","@id":"https:\/\/www.esplac.cat\/#organization","name":"Esplac","url":"https:\/\/www.esplac.cat\/","logo":{"@type":"ImageObject","inLanguage":"es","@id":"https:\/\/www.esplac.cat\/#\/schema\/logo\/image\/","url":"https:\/\/www.esplac.cat\/wp-content\/uploads\/2019\/08\/logox2.png","contentUrl":"https:\/\/www.esplac.cat\/wp-content\/uploads\/2019\/08\/logox2.png","width":600,"height":295,"caption":"Esplac"},"image":{"@id":"https:\/\/www.esplac.cat\/#\/schema\/logo\/image\/"}},{"@type":"Person","@id":"https:\/\/www.esplac.cat\/#\/schema\/person\/908383cf240be18b68f8855d0583faca","name":"Comunicaci\u00f3 Esplac","image":{"@type":"ImageObject","inLanguage":"es","@id":"https:\/\/secure.gravatar.com\/avatar\/7a4cf8feb412a76ea4a740ca02d95b06b2907b5a6c648c2dd0a1082a093c3141?s=96&d=mm&r=g","url":"https:\/\/secure.gravatar.com\/avatar\/7a4cf8feb412a76ea4a740ca02d95b06b2907b5a6c648c2dd0a1082a093c3141?s=96&d=mm&r=g","contentUrl":"https:\/\/secure.gravatar.com\/avatar\/7a4cf8feb412a76ea4a740ca02d95b06b2907b5a6c648c2dd0a1082a093c3141?s=96&d=mm&r=g","caption":"Comunicaci\u00f3 Esplac"}}]}},"_links":{"self":[{"href":"https:\/\/www.esplac.cat\/es\/wp-json\/wp\/v2\/posts\/42411","targetHints":{"allow":["GET"]}}],"collection":[{"href":"https:\/\/www.esplac.cat\/es\/wp-json\/wp\/v2\/posts"}],"about":[{"href":"https:\/\/www.esplac.cat\/es\/wp-json\/wp\/v2\/types\/post"}],"author":[{"embeddable":true,"href":"https:\/\/www.esplac.cat\/es\/wp-json\/wp\/v2\/users\/3"}],"replies":[{"embeddable":true,"href":"https:\/\/www.esplac.cat\/es\/wp-json\/wp\/v2\/comments?post=42411"}],"version-history":[{"count":0,"href":"https:\/\/www.esplac.cat\/es\/wp-json\/wp\/v2\/posts\/42411\/revisions"}],"wp:featuredmedia":[{"embeddable":true,"href":"https:\/\/www.esplac.cat\/es\/wp-json\/wp\/v2\/media\/42424"}],"wp:attachment":[{"href":"https:\/\/www.esplac.cat\/es\/wp-json\/wp\/v2\/media?parent=42411"}],"wp:term":[{"taxonomy":"category","embeddable":true,"href":"https:\/\/www.esplac.cat\/es\/wp-json\/wp\/v2\/categories?post=42411"},{"taxonomy":"post_tag","embeddable":true,"href":"https:\/\/www.esplac.cat\/es\/wp-json\/wp\/v2\/tags?post=42411"}],"curies":[{"name":"wp","href":"https:\/\/api.w.org\/{rel}","templated":true}]}}