{"id":42545,"date":"2023-01-04T13:41:49","date_gmt":"2023-01-04T11:41:49","guid":{"rendered":"https:\/\/www.esplac.cat\/?p=42545"},"modified":"2023-03-17T13:13:34","modified_gmt":"2023-03-17T11:13:34","slug":"obrim-inscripcions-formar-part-equip-organitzacio-monifestat-2023","status":"publish","type":"post","link":"https:\/\/www.esplac.cat\/es\/obrim-inscripcions-formar-part-equip-organitzacio-monifestat-2023\/","title":{"rendered":"Obrim les inscripcions per formar part de l\u2019Equip d\u2019organitzaci\u00f3 de la Monifesta\u2019t 2023!"},"content":{"rendered":"<h6><strong>Amb la teva ajuda farem possible la Monifesta\u2019t 2023! <\/strong><strong>Si ets familiar d\u2019un infant, exmoni, exdirigent, s\u00f2cia, dirigent o moni i no et vols perdre la Monifesta\u2019t, vine a donar un cop de m\u00e0 a l&#8217;Equip d&#8217;organitzaci\u00f3.<\/strong><\/h6>\n<p><span style=\"font-weight: 300;\">El cap de setmana del 19, 20 i 21 de maig Esplais Catalans celebrem a Centelles la vuitena edici\u00f3 de <\/span><span style=\"color: #f69d0b;\"><a style=\"color: #f69d0b;\" href=\"https:\/\/www.esplac.cat\/trobades\/monifestat\/\"><span style=\"font-weight: 300;\">la Monifesta\u2019t<\/span><\/a><\/span><span style=\"font-weight: 300;\">, la Trobada General de Monitores i Monitors de l\u2019entitat!<\/span><\/p>\n<p><span style=\"font-weight: 300;\">Per a fer-la possible, necessitem un<\/span><b> equip de persones volunt\u00e0ries <\/b><span style=\"font-weight: 300;\">per col\u00b7laborar amb la dinamitzaci\u00f3 i la log\u00edstica de la trobada, ja sigui en el moment d\u2019inscripcions, en la preparaci\u00f3 d\u2019espais o en tasques de comunicaci\u00f3, de coordinaci\u00f3 de persones, entre d\u2019altres.<\/span><\/p>\n<p><span style=\"font-weight: 300;\">Les persones volunt\u00e0ries de l\u2019equip d\u2019organitzaci\u00f3 poden ser\u00a0 familiars d\u2019un infant, exmonis, exdirigents, s\u00f2cies, dirigents, monis\u2026, per\u00f2 per preparar una activitat tan gran, tota ajuda \u00e9s ben rebuda! Si tens una vinculaci\u00f3 amb Esplais Catalans, comparteixes els valors de l\u2019associaci\u00f3, creus en\u00a0 l\u2019educaci\u00f3 popular com a espai de transformaci\u00f3 social o vols passar un gran cap de setmana ple d\u2019activitats i emocions, nom\u00e9s fa falta que t\u2019inscriguis! Ah, i recordem que la inscripci\u00f3 a l\u2019Equip d\u2019Organitzaci\u00f3 a la Monifesta\u2019t \u00e9s gratu\u00efta!<\/span><\/p>\n<p><span style=\"font-weight: 300;\">No t\u2019ho pensis m\u00e9s i inscriu-te! Tens fins al <strong>20<\/strong><\/span><strong>\u00a0de mar\u00e7<\/strong><span style=\"font-weight: 300;\"> per fer-ho a trav\u00e9s del <span style=\"color: #f69d0b;\"><a style=\"color: #f69d0b;\" href=\"https:\/\/infoesplac.typeform.com\/to\/QvPYzpod\" target=\"_blank\" rel=\"noopener\">seg\u00fcent formulari<\/a><\/span>!<\/span><\/p>\n<p><span style=\"font-weight: 300;\">Si tens ganes de col\u00b7laborar en la <\/span><b>preparaci\u00f3 de la trobada<\/b><span style=\"font-weight: 300;\"> tamb\u00e9 et pots afegir a algun grup de treball entrant a:<\/span><\/p>\n<ul>\n<li style=\"font-weight: 300;\" aria-level=\"1\"><span style=\"color: #f69d0b;\"><a style=\"color: #f69d0b;\" href=\"https:\/\/t.me\/+BIGuk5BxVu4zM2Rk\"><span style=\"font-weight: 300;\">R\u00e0dio Monifesta\u2019t<\/span><\/a><\/span><\/li>\n<li style=\"font-weight: 300;\" aria-level=\"1\"><span style=\"color: #f69d0b;\"><a style=\"color: #f69d0b;\" href=\"https:\/\/t.me\/+I4nftv00v98yMjU0\"><span style=\"font-weight: 300;\">Grup de Treball de la Monifestat 2023<\/span><\/a><\/span><\/li>\n<\/ul>\n<p><span style=\"font-weight: 300;\">Si tens qualsevol dubte o necessites m\u00e9s informaci\u00f3 pots enviar un correu electr\u00f2nic a<\/span> <a href=\"mailto:organitzacio@esplac.cat\"><b>organitzacio@esplac.cat<\/b><\/a><\/p>\n","protected":false},"excerpt":{"rendered":"<p>Amb la teva ajuda farem possible la Monifesta\u2019t 2023! Si [&hellip;]<\/p>\n","protected":false},"author":3,"featured_media":42546,"comment_status":"closed","ping_status":"closed","sticky":false,"template":"","format":"standard","meta":{"om_disable_all_campaigns":false,"_monsterinsights_skip_tracking":false,"_monsterinsights_sitenote_active":false,"_monsterinsights_sitenote_note":"","_monsterinsights_sitenote_category":0,"_uf_show_specific_survey":0,"_uf_disable_surveys":false,"footnotes":""},"categories":[1115],"tags":[],"class_list":["post-42545","post","type-post","status-publish","format-standard","has-post-thumbnail","hentry","category-monifestat"],"yoast_head":"<!-- This site is optimized with the Yoast SEO plugin v27.4 - https:\/\/yoast.com\/product\/yoast-seo-wordpress\/ -->\n<title>Obrim les inscripcions per formar part de l\u2019Equip d\u2019organitzaci\u00f3 de la Monifesta\u2019t 2023! - Esplac<\/title>\n<meta name=\"description\" content=\"Si ets familiar d\u2019un infant, exmoni, exdirigent, s\u00f2cia, dirigent o moni, vine a donar un cop de m\u00e0 a l&#039;Equip d&#039;organitzaci\u00f3 de la Monifesta&#039;t\" \/>\n<meta name=\"robots\" content=\"index, follow, max-snippet:-1, max-image-preview:large, max-video-preview:-1\" \/>\n<link rel=\"canonical\" href=\"https:\/\/www.esplac.cat\/obrim-inscripcions-formar-part-equip-organitzacio-monifestat-2023\/\" \/>\n<meta property=\"og:locale\" content=\"es_ES\" \/>\n<meta property=\"og:type\" content=\"article\" \/>\n<meta property=\"og:title\" content=\"Obrim les inscripcions per formar part de l\u2019Equip d\u2019organitzaci\u00f3 de la Monifesta\u2019t 2023! - Esplac\" \/>\n<meta property=\"og:description\" content=\"Si ets familiar d\u2019un infant, exmoni, exdirigent, s\u00f2cia, dirigent o moni, vine a donar un cop de m\u00e0 a l&#039;Equip d&#039;organitzaci\u00f3 de la Monifesta&#039;t\" \/>\n<meta property=\"og:url\" content=\"https:\/\/www.esplac.cat\/obrim-inscripcions-formar-part-equip-organitzacio-monifestat-2023\/\" \/>\n<meta property=\"og:site_name\" content=\"Esplac\" \/>\n<meta property=\"article:published_time\" content=\"2023-01-04T11:41:49+00:00\" \/>\n<meta property=\"article:modified_time\" content=\"2023-03-17T11:13:34+00:00\" \/>\n<meta property=\"og:image\" content=\"https:\/\/www.esplac.cat\/wp-content\/uploads\/2023\/01\/Portades-web-1.jpg\" \/>\n\t<meta property=\"og:image:width\" content=\"1694\" \/>\n\t<meta property=\"og:image:height\" content=\"700\" \/>\n\t<meta property=\"og:image:type\" content=\"image\/jpeg\" \/>\n<meta name=\"author\" content=\"Comunicaci\u00f3 Esplac\" \/>\n<meta name=\"twitter:card\" content=\"summary_large_image\" \/>\n<meta name=\"twitter:label1\" content=\"Escrito por\" \/>\n\t<meta name=\"twitter:data1\" content=\"Comunicaci\u00f3 Esplac\" \/>\n\t<meta name=\"twitter:label2\" content=\"Tiempo de lectura\" \/>\n\t<meta name=\"twitter:data2\" content=\"2 minutos\" \/>\n<script type=\"application\/ld+json\" class=\"yoast-schema-graph\">{\"@context\":\"https:\\\/\\\/schema.org\",\"@graph\":[{\"@type\":\"Article\",\"@id\":\"https:\\\/\\\/www.esplac.cat\\\/obrim-inscripcions-formar-part-equip-organitzacio-monifestat-2023\\\/#article\",\"isPartOf\":{\"@id\":\"https:\\\/\\\/www.esplac.cat\\\/obrim-inscripcions-formar-part-equip-organitzacio-monifestat-2023\\\/\"},\"author\":{\"name\":\"Comunicaci\u00f3 Esplac\",\"@id\":\"https:\\\/\\\/www.esplac.cat\\\/#\\\/schema\\\/person\\\/908383cf240be18b68f8855d0583faca\"},\"headline\":\"Obrim les inscripcions per formar part de l\u2019Equip d\u2019organitzaci\u00f3 de la Monifesta\u2019t 2023!\",\"datePublished\":\"2023-01-04T11:41:49+00:00\",\"dateModified\":\"2023-03-17T11:13:34+00:00\",\"mainEntityOfPage\":{\"@id\":\"https:\\\/\\\/www.esplac.cat\\\/obrim-inscripcions-formar-part-equip-organitzacio-monifestat-2023\\\/\"},\"wordCount\":304,\"publisher\":{\"@id\":\"https:\\\/\\\/www.esplac.cat\\\/#organization\"},\"image\":{\"@id\":\"https:\\\/\\\/www.esplac.cat\\\/obrim-inscripcions-formar-part-equip-organitzacio-monifestat-2023\\\/#primaryimage\"},\"thumbnailUrl\":\"https:\\\/\\\/www.esplac.cat\\\/wp-content\\\/uploads\\\/2023\\\/01\\\/Portades-web-1.jpg\",\"articleSection\":[\"Monifesta't\"],\"inLanguage\":\"es\"},{\"@type\":\"WebPage\",\"@id\":\"https:\\\/\\\/www.esplac.cat\\\/obrim-inscripcions-formar-part-equip-organitzacio-monifestat-2023\\\/\",\"url\":\"https:\\\/\\\/www.esplac.cat\\\/obrim-inscripcions-formar-part-equip-organitzacio-monifestat-2023\\\/\",\"name\":\"Obrim les inscripcions per formar part de l\u2019Equip d\u2019organitzaci\u00f3 de la Monifesta\u2019t 2023! - Esplac\",\"isPartOf\":{\"@id\":\"https:\\\/\\\/www.esplac.cat\\\/#website\"},\"primaryImageOfPage\":{\"@id\":\"https:\\\/\\\/www.esplac.cat\\\/obrim-inscripcions-formar-part-equip-organitzacio-monifestat-2023\\\/#primaryimage\"},\"image\":{\"@id\":\"https:\\\/\\\/www.esplac.cat\\\/obrim-inscripcions-formar-part-equip-organitzacio-monifestat-2023\\\/#primaryimage\"},\"thumbnailUrl\":\"https:\\\/\\\/www.esplac.cat\\\/wp-content\\\/uploads\\\/2023\\\/01\\\/Portades-web-1.jpg\",\"datePublished\":\"2023-01-04T11:41:49+00:00\",\"dateModified\":\"2023-03-17T11:13:34+00:00\",\"description\":\"Si ets familiar d\u2019un infant, exmoni, exdirigent, s\u00f2cia, dirigent o moni, vine a donar un cop de m\u00e0 a l'Equip d'organitzaci\u00f3 de la Monifesta't\",\"breadcrumb\":{\"@id\":\"https:\\\/\\\/www.esplac.cat\\\/obrim-inscripcions-formar-part-equip-organitzacio-monifestat-2023\\\/#breadcrumb\"},\"inLanguage\":\"es\",\"potentialAction\":[{\"@type\":\"ReadAction\",\"target\":[\"https:\\\/\\\/www.esplac.cat\\\/obrim-inscripcions-formar-part-equip-organitzacio-monifestat-2023\\\/\"]}]},{\"@type\":\"ImageObject\",\"inLanguage\":\"es\",\"@id\":\"https:\\\/\\\/www.esplac.cat\\\/obrim-inscripcions-formar-part-equip-organitzacio-monifestat-2023\\\/#primaryimage\",\"url\":\"https:\\\/\\\/www.esplac.cat\\\/wp-content\\\/uploads\\\/2023\\\/01\\\/Portades-web-1.jpg\",\"contentUrl\":\"https:\\\/\\\/www.esplac.cat\\\/wp-content\\\/uploads\\\/2023\\\/01\\\/Portades-web-1.jpg\",\"width\":1694,\"height\":700},{\"@type\":\"BreadcrumbList\",\"@id\":\"https:\\\/\\\/www.esplac.cat\\\/obrim-inscripcions-formar-part-equip-organitzacio-monifestat-2023\\\/#breadcrumb\",\"itemListElement\":[{\"@type\":\"ListItem\",\"position\":1,\"name\":\"Inici\",\"item\":\"https:\\\/\\\/www.esplac.cat\\\/es\\\/\"},{\"@type\":\"ListItem\",\"position\":2,\"name\":\"Obrim les inscripcions per formar part de l\u2019Equip d\u2019organitzaci\u00f3 de la Monifesta\u2019t 2023!\"}]},{\"@type\":\"WebSite\",\"@id\":\"https:\\\/\\\/www.esplac.cat\\\/#website\",\"url\":\"https:\\\/\\\/www.esplac.cat\\\/\",\"name\":\"Esplac\",\"description\":\"Esplais Catalans\",\"publisher\":{\"@id\":\"https:\\\/\\\/www.esplac.cat\\\/#organization\"},\"potentialAction\":[{\"@type\":\"SearchAction\",\"target\":{\"@type\":\"EntryPoint\",\"urlTemplate\":\"https:\\\/\\\/www.esplac.cat\\\/?s={search_term_string}\"},\"query-input\":{\"@type\":\"PropertyValueSpecification\",\"valueRequired\":true,\"valueName\":\"search_term_string\"}}],\"inLanguage\":\"es\"},{\"@type\":\"Organization\",\"@id\":\"https:\\\/\\\/www.esplac.cat\\\/#organization\",\"name\":\"Esplac\",\"url\":\"https:\\\/\\\/www.esplac.cat\\\/\",\"logo\":{\"@type\":\"ImageObject\",\"inLanguage\":\"es\",\"@id\":\"https:\\\/\\\/www.esplac.cat\\\/#\\\/schema\\\/logo\\\/image\\\/\",\"url\":\"https:\\\/\\\/www.esplac.cat\\\/wp-content\\\/uploads\\\/2019\\\/08\\\/logox2.png\",\"contentUrl\":\"https:\\\/\\\/www.esplac.cat\\\/wp-content\\\/uploads\\\/2019\\\/08\\\/logox2.png\",\"width\":600,\"height\":295,\"caption\":\"Esplac\"},\"image\":{\"@id\":\"https:\\\/\\\/www.esplac.cat\\\/#\\\/schema\\\/logo\\\/image\\\/\"}},{\"@type\":\"Person\",\"@id\":\"https:\\\/\\\/www.esplac.cat\\\/#\\\/schema\\\/person\\\/908383cf240be18b68f8855d0583faca\",\"name\":\"Comunicaci\u00f3 Esplac\",\"image\":{\"@type\":\"ImageObject\",\"inLanguage\":\"es\",\"@id\":\"https:\\\/\\\/secure.gravatar.com\\\/avatar\\\/7a4cf8feb412a76ea4a740ca02d95b06b2907b5a6c648c2dd0a1082a093c3141?s=96&d=mm&r=g\",\"url\":\"https:\\\/\\\/secure.gravatar.com\\\/avatar\\\/7a4cf8feb412a76ea4a740ca02d95b06b2907b5a6c648c2dd0a1082a093c3141?s=96&d=mm&r=g\",\"contentUrl\":\"https:\\\/\\\/secure.gravatar.com\\\/avatar\\\/7a4cf8feb412a76ea4a740ca02d95b06b2907b5a6c648c2dd0a1082a093c3141?s=96&d=mm&r=g\",\"caption\":\"Comunicaci\u00f3 Esplac\"}}]}<\/script>\n<!-- \/ Yoast SEO plugin. -->","yoast_head_json":{"title":"Obrim les inscripcions per formar part de l\u2019Equip d\u2019organitzaci\u00f3 de la Monifesta\u2019t 2023! - Esplac","description":"Si ets familiar d\u2019un infant, exmoni, exdirigent, s\u00f2cia, dirigent o moni, vine a donar un cop de m\u00e0 a l'Equip d'organitzaci\u00f3 de la Monifesta't","robots":{"index":"index","follow":"follow","max-snippet":"max-snippet:-1","max-image-preview":"max-image-preview:large","max-video-preview":"max-video-preview:-1"},"canonical":"https:\/\/www.esplac.cat\/obrim-inscripcions-formar-part-equip-organitzacio-monifestat-2023\/","og_locale":"es_ES","og_type":"article","og_title":"Obrim les inscripcions per formar part de l\u2019Equip d\u2019organitzaci\u00f3 de la Monifesta\u2019t 2023! - Esplac","og_description":"Si ets familiar d\u2019un infant, exmoni, exdirigent, s\u00f2cia, dirigent o moni, vine a donar un cop de m\u00e0 a l'Equip d'organitzaci\u00f3 de la Monifesta't","og_url":"https:\/\/www.esplac.cat\/obrim-inscripcions-formar-part-equip-organitzacio-monifestat-2023\/","og_site_name":"Esplac","article_published_time":"2023-01-04T11:41:49+00:00","article_modified_time":"2023-03-17T11:13:34+00:00","og_image":[{"width":1694,"height":700,"url":"https:\/\/www.esplac.cat\/wp-content\/uploads\/2023\/01\/Portades-web-1.jpg","type":"image\/jpeg"}],"author":"Comunicaci\u00f3 Esplac","twitter_card":"summary_large_image","twitter_misc":{"Escrito por":"Comunicaci\u00f3 Esplac","Tiempo de lectura":"2 minutos"},"schema":{"@context":"https:\/\/schema.org","@graph":[{"@type":"Article","@id":"https:\/\/www.esplac.cat\/obrim-inscripcions-formar-part-equip-organitzacio-monifestat-2023\/#article","isPartOf":{"@id":"https:\/\/www.esplac.cat\/obrim-inscripcions-formar-part-equip-organitzacio-monifestat-2023\/"},"author":{"name":"Comunicaci\u00f3 Esplac","@id":"https:\/\/www.esplac.cat\/#\/schema\/person\/908383cf240be18b68f8855d0583faca"},"headline":"Obrim les inscripcions per formar part de l\u2019Equip d\u2019organitzaci\u00f3 de la Monifesta\u2019t 2023!","datePublished":"2023-01-04T11:41:49+00:00","dateModified":"2023-03-17T11:13:34+00:00","mainEntityOfPage":{"@id":"https:\/\/www.esplac.cat\/obrim-inscripcions-formar-part-equip-organitzacio-monifestat-2023\/"},"wordCount":304,"publisher":{"@id":"https:\/\/www.esplac.cat\/#organization"},"image":{"@id":"https:\/\/www.esplac.cat\/obrim-inscripcions-formar-part-equip-organitzacio-monifestat-2023\/#primaryimage"},"thumbnailUrl":"https:\/\/www.esplac.cat\/wp-content\/uploads\/2023\/01\/Portades-web-1.jpg","articleSection":["Monifesta't"],"inLanguage":"es"},{"@type":"WebPage","@id":"https:\/\/www.esplac.cat\/obrim-inscripcions-formar-part-equip-organitzacio-monifestat-2023\/","url":"https:\/\/www.esplac.cat\/obrim-inscripcions-formar-part-equip-organitzacio-monifestat-2023\/","name":"Obrim les inscripcions per formar part de l\u2019Equip d\u2019organitzaci\u00f3 de la Monifesta\u2019t 2023! - Esplac","isPartOf":{"@id":"https:\/\/www.esplac.cat\/#website"},"primaryImageOfPage":{"@id":"https:\/\/www.esplac.cat\/obrim-inscripcions-formar-part-equip-organitzacio-monifestat-2023\/#primaryimage"},"image":{"@id":"https:\/\/www.esplac.cat\/obrim-inscripcions-formar-part-equip-organitzacio-monifestat-2023\/#primaryimage"},"thumbnailUrl":"https:\/\/www.esplac.cat\/wp-content\/uploads\/2023\/01\/Portades-web-1.jpg","datePublished":"2023-01-04T11:41:49+00:00","dateModified":"2023-03-17T11:13:34+00:00","description":"Si ets familiar d\u2019un infant, exmoni, exdirigent, s\u00f2cia, dirigent o moni, vine a donar un cop de m\u00e0 a l'Equip d'organitzaci\u00f3 de la Monifesta't","breadcrumb":{"@id":"https:\/\/www.esplac.cat\/obrim-inscripcions-formar-part-equip-organitzacio-monifestat-2023\/#breadcrumb"},"inLanguage":"es","potentialAction":[{"@type":"ReadAction","target":["https:\/\/www.esplac.cat\/obrim-inscripcions-formar-part-equip-organitzacio-monifestat-2023\/"]}]},{"@type":"ImageObject","inLanguage":"es","@id":"https:\/\/www.esplac.cat\/obrim-inscripcions-formar-part-equip-organitzacio-monifestat-2023\/#primaryimage","url":"https:\/\/www.esplac.cat\/wp-content\/uploads\/2023\/01\/Portades-web-1.jpg","contentUrl":"https:\/\/www.esplac.cat\/wp-content\/uploads\/2023\/01\/Portades-web-1.jpg","width":1694,"height":700},{"@type":"BreadcrumbList","@id":"https:\/\/www.esplac.cat\/obrim-inscripcions-formar-part-equip-organitzacio-monifestat-2023\/#breadcrumb","itemListElement":[{"@type":"ListItem","position":1,"name":"Inici","item":"https:\/\/www.esplac.cat\/es\/"},{"@type":"ListItem","position":2,"name":"Obrim les inscripcions per formar part de l\u2019Equip d\u2019organitzaci\u00f3 de la Monifesta\u2019t 2023!"}]},{"@type":"WebSite","@id":"https:\/\/www.esplac.cat\/#website","url":"https:\/\/www.esplac.cat\/","name":"Esplac","description":"Esplais Catalans","publisher":{"@id":"https:\/\/www.esplac.cat\/#organization"},"potentialAction":[{"@type":"SearchAction","target":{"@type":"EntryPoint","urlTemplate":"https:\/\/www.esplac.cat\/?s={search_term_string}"},"query-input":{"@type":"PropertyValueSpecification","valueRequired":true,"valueName":"search_term_string"}}],"inLanguage":"es"},{"@type":"Organization","@id":"https:\/\/www.esplac.cat\/#organization","name":"Esplac","url":"https:\/\/www.esplac.cat\/","logo":{"@type":"ImageObject","inLanguage":"es","@id":"https:\/\/www.esplac.cat\/#\/schema\/logo\/image\/","url":"https:\/\/www.esplac.cat\/wp-content\/uploads\/2019\/08\/logox2.png","contentUrl":"https:\/\/www.esplac.cat\/wp-content\/uploads\/2019\/08\/logox2.png","width":600,"height":295,"caption":"Esplac"},"image":{"@id":"https:\/\/www.esplac.cat\/#\/schema\/logo\/image\/"}},{"@type":"Person","@id":"https:\/\/www.esplac.cat\/#\/schema\/person\/908383cf240be18b68f8855d0583faca","name":"Comunicaci\u00f3 Esplac","image":{"@type":"ImageObject","inLanguage":"es","@id":"https:\/\/secure.gravatar.com\/avatar\/7a4cf8feb412a76ea4a740ca02d95b06b2907b5a6c648c2dd0a1082a093c3141?s=96&d=mm&r=g","url":"https:\/\/secure.gravatar.com\/avatar\/7a4cf8feb412a76ea4a740ca02d95b06b2907b5a6c648c2dd0a1082a093c3141?s=96&d=mm&r=g","contentUrl":"https:\/\/secure.gravatar.com\/avatar\/7a4cf8feb412a76ea4a740ca02d95b06b2907b5a6c648c2dd0a1082a093c3141?s=96&d=mm&r=g","caption":"Comunicaci\u00f3 Esplac"}}]}},"_links":{"self":[{"href":"https:\/\/www.esplac.cat\/es\/wp-json\/wp\/v2\/posts\/42545","targetHints":{"allow":["GET"]}}],"collection":[{"href":"https:\/\/www.esplac.cat\/es\/wp-json\/wp\/v2\/posts"}],"about":[{"href":"https:\/\/www.esplac.cat\/es\/wp-json\/wp\/v2\/types\/post"}],"author":[{"embeddable":true,"href":"https:\/\/www.esplac.cat\/es\/wp-json\/wp\/v2\/users\/3"}],"replies":[{"embeddable":true,"href":"https:\/\/www.esplac.cat\/es\/wp-json\/wp\/v2\/comments?post=42545"}],"version-history":[{"count":0,"href":"https:\/\/www.esplac.cat\/es\/wp-json\/wp\/v2\/posts\/42545\/revisions"}],"wp:featuredmedia":[{"embeddable":true,"href":"https:\/\/www.esplac.cat\/es\/wp-json\/wp\/v2\/media\/42546"}],"wp:attachment":[{"href":"https:\/\/www.esplac.cat\/es\/wp-json\/wp\/v2\/media?parent=42545"}],"wp:term":[{"taxonomy":"category","embeddable":true,"href":"https:\/\/www.esplac.cat\/es\/wp-json\/wp\/v2\/categories?post=42545"},{"taxonomy":"post_tag","embeddable":true,"href":"https:\/\/www.esplac.cat\/es\/wp-json\/wp\/v2\/tags?post=42545"}],"curies":[{"name":"wp","href":"https:\/\/api.w.org\/{rel}","templated":true}]}}