{"id":43180,"date":"2023-01-30T13:07:50","date_gmt":"2023-01-30T11:07:50","guid":{"rendered":"https:\/\/www.esplac.cat\/?p=43180"},"modified":"2023-01-31T17:16:55","modified_gmt":"2023-01-31T15:16:55","slug":"esplais-catalans-primer-gran-comite-2023","status":"publish","type":"post","link":"https:\/\/www.esplac.cat\/es\/esplais-catalans-primer-gran-comite-2023\/","title":{"rendered":"Dirigents d&#8217;Esplac es reuneixen al primer Gran Comit\u00e8 del 2023"},"content":{"rendered":"<h6><strong>Dirigents d\u2019Esplais Catalans s&#8217;han reunit durant el cap de setmana del 28 i 29 de gener per formar-se en Inclusi\u00f3 i Diversitat, debatre sobre temes claus de l&#8217;entitat i continuar treballant en la Monifesta&#8217;t, un dels grans esdeveniments de l&#8217;any.<\/strong><\/h6>\n<p>El 2023 comen\u00e7a amb for\u00e7a i les dirigents d\u2019Esplac s&#8217;han trobat a la primera tancada del Gran Comit\u00e8 de l&#8217;any. En aquest espai hi participen membres de l\u2019<strong>Equip de Coordinaci\u00f3<\/strong>, els\u00a0<strong>Equips Generals<\/strong>\u00a0<strong>dels diferents sectors geogr\u00e0fics<\/strong>, les\u00a0<strong>Representants de les Comissions<\/strong>\u00a0i la\u00a0<strong>Coordinaci\u00f3 T\u00e8cnica<\/strong>(*).<\/p>\n<p>Durant la trobada, les dirigents han fet una <strong>formaci\u00f3 d&#8217;Inclusi\u00f3 i Diversitat<\/strong> a c\u00e0rrec de l&#8217;<span style=\"color: #f69d0b;\"><a style=\"color: #f69d0b;\" href=\"https:\/\/escolaelsol.coop\/\" target=\"_blank\" rel=\"noopener\"><strong>Escola Lliure el Sol<\/strong><\/a><\/span>. L&#8217;espai ha servit per replantejar com s&#8217;aborda la interculturalitat a Esplac i definir de quina manera es pot integrar aquesta mirada en els projectes i les accions de l&#8217;entitat. A m\u00e9s, tamb\u00e9 s&#8217;ha debatut sobre el projecte <strong><a href=\"https:\/\/activat.ferrerguardia.org\/que-es-lactivat\/\" target=\"_blank\" rel=\"noopener\" data-saferedirecturl=\"https:\/\/www.google.com\/url?q=https:\/\/ferrerguardia.org\/activitats\/activa-t\/que-es-activa-t&amp;source=gmail&amp;ust=1675153453082000&amp;usg=AOvVaw3eOj9i0afXqUo0C5t_znDV\"><span style=\"color: #f69d0b;\">Activa&#8217;t<\/span>,<\/a><\/strong> una iniciativa de la <span style=\"color: #f69d0b;\"><a style=\"color: #f69d0b;\" href=\"https:\/\/www.ferrerguardia.org\/ca_ES\" target=\"_blank\" rel=\"noopener\"><strong>Fundaci\u00f3 Ferrer i Gu\u00e0rdia<\/strong><\/a><\/span> que posa en relaci\u00f3 joves amb diferents entitats. El programa busca promoure la participaci\u00f3 associativa, amb l\u2019objectiu final de reduir els riscos d\u2019exclusi\u00f3 social i millorar l\u2019ocupabilitat juvenil.<\/p>\n<p>Durant el Gran Comit\u00e8 tamb\u00e9 s&#8217;ha parlat sobre el <span style=\"color: #f69d0b;\"><a style=\"color: #f69d0b;\" href=\"https:\/\/www.esplac.cat\/llibre-estil\/\" target=\"_blank\" rel=\"noopener\"><strong>Llibre d&#8217;Estil d&#8217;Esplac<\/strong><\/a><\/span> i s&#8217;ha revisat el <span style=\"color: #f69d0b;\"><a style=\"color: #f69d0b;\" href=\"https:\/\/www.esplac.cat\/wp-content\/uploads\/2022\/10\/codi-etic.pdf\" target=\"_blank\" rel=\"noopener\"><strong>Codi \u00c8tic<\/strong> <strong>de les dirigents<\/strong><\/a><\/span>, un document sobre el qual es vol debatre al llarg d&#8217;aquest curs. A m\u00e9s, s&#8217;ha parlat sobre el paper que tenen actualment les <strong>seus de cada Sector<\/strong> i sobre quin \u00fas se&#8217;ls vol donar perqu\u00e8 siguin \u00fatils als esplais, aix\u00ed com s&#8217;ha aprofitat per <strong>valorar l&#8217;AGO<\/strong> i presentar propostes de millora per a les pr\u00f2ximes edicions.<\/p>\n<p>Finalment, tamb\u00e9 s&#8217;ha treballat en l&#8217;<strong>organitzaci\u00f3 de la Monifesta&#8217;t<\/strong>, un dels grans esdeveniments del 2023. La preparaci\u00f3 de la trobada ja est\u00e0 en marxa i hi ha moltes maneres d&#8217;implicar-s&#8217;hi! Una opci\u00f3 \u00e9s apuntar-se a l&#8217;<b><a href=\"https:\/\/www.esplac.cat\/obrim-inscripcions-formar-part-equip-organitzacio-monifestat-2023\/\" target=\"_blank\" rel=\"noopener\"><span style=\"color: #f69d0b;\">equip d&#8217;organitzaci\u00f3<\/span><\/a><\/b>, el grup de persones volunt\u00e0ries que col\u00b7labora amb la dinamitzaci\u00f3 i la log\u00edstica de la Monifesta&#8217;t. Tamb\u00e9 est\u00e0 oberta la participaci\u00f3 en els <strong><a href=\"https:\/\/www.esplac.cat\/monifestat-concursos-gestionar-barra-pds\/\" target=\"_blank\" rel=\"noopener\"><span style=\"color: #f69d0b;\">concursos<\/span><\/a> <\/strong>per gestionar la barra i fer de PDs.<\/p>\n<p><strong><em>*Qui \u00e9s qui al Gran Comit\u00e8?<\/em><\/strong><\/p>\n<ul>\n<li><strong>L\u2019Equip de Coordinaci\u00f3 (Equico)<\/strong>\u00a0s\u00f3n les persones volunt\u00e0ries que lideren l\u2019associaci\u00f3 i que s\u00f3n escollides a l\u2019Assemblea General Ordin\u00e0ria per un mandat de 2 anys.<\/li>\n<li><strong>Els Equips Generals dels Sectors (EGS)<\/strong>\u00a0s\u00f3n les persones que coordinen l\u2019acci\u00f3 dels sectors geogr\u00e0fics amb unes funcions semblants a l\u2019Equip de Coordinaci\u00f3 per\u00f2 en l\u2019\u00e0mbit del Sector Geogr\u00e0fic.<\/li>\n<li><strong>Les Representants de les Comissions (RdC)<\/strong>\u00a0s\u00f3n les persones que representen cada comissi\u00f3 i que aporten una visi\u00f3 especialitzada i transversal en les decisions que es prenen a l\u2019entitat.<\/li>\n<li><strong>La Coordinaci\u00f3 T\u00e8cnica (CT)<\/strong>\u00a0s\u00f3n la representaci\u00f3 de les treballadores que realitzen la tasca quotidiana d\u2019Esplais Catalans.<\/li>\n<\/ul>\n\n\t\t<style type=\"text\/css\">\n\t\t\t#gallery-1 {\n\t\t\t\tmargin: auto;\n\t\t\t}\n\t\t\t#gallery-1 .gallery-item {\n\t\t\t\tfloat: left;\n\t\t\t\tmargin-top: 10px;\n\t\t\t\ttext-align: center;\n\t\t\t\twidth: 50%;\n\t\t\t}\n\t\t\t#gallery-1 img {\n\t\t\t\tborder: 2px solid #cfcfcf;\n\t\t\t}\n\t\t\t#gallery-1 .gallery-caption {\n\t\t\t\tmargin-left: 0;\n\t\t\t}\n\t\t\t\/* see gallery_shortcode() in wp-includes\/media.php *\/\n\t\t<\/style>\n\t\t<div id='gallery-1' class='gallery galleryid-43180 gallery-columns-2 gallery-size-fusion-600'><dl class='gallery-item'>\n\t\t\t<dt class='gallery-icon landscape'>\n\t\t\t\t<a data-rel=\"iLightbox[postimages]\" data-title=\"2\" data-caption=\"\" href='https:\/\/www.esplac.cat\/es\/2-36-2\/'><img decoding=\"async\" width=\"600\" height=\"600\" src=\"https:\/\/www.esplac.cat\/wp-content\/uploads\/2023\/01\/2-600x600.jpg\" class=\"attachment-fusion-600 size-fusion-600\" alt=\"Gran Comite 2023 formaci\u00f3 inclusi\u00f3 i diversitat\" srcset=\"https:\/\/www.esplac.cat\/wp-content\/uploads\/2023\/01\/2-66x66.jpg 66w, https:\/\/www.esplac.cat\/wp-content\/uploads\/2023\/01\/2-150x150.jpg 150w, https:\/\/www.esplac.cat\/wp-content\/uploads\/2023\/01\/2-200x200.jpg 200w, https:\/\/www.esplac.cat\/wp-content\/uploads\/2023\/01\/2-300x300.jpg 300w, https:\/\/www.esplac.cat\/wp-content\/uploads\/2023\/01\/2-400x400.jpg 400w, https:\/\/www.esplac.cat\/wp-content\/uploads\/2023\/01\/2-600x600.jpg 600w, https:\/\/www.esplac.cat\/wp-content\/uploads\/2023\/01\/2-768x768.jpg 768w, https:\/\/www.esplac.cat\/wp-content\/uploads\/2023\/01\/2-800x800.jpg 800w, https:\/\/www.esplac.cat\/wp-content\/uploads\/2023\/01\/2-1024x1024.jpg 1024w, https:\/\/www.esplac.cat\/wp-content\/uploads\/2023\/01\/2.jpg 1080w\" sizes=\"(max-width: 600px) 100vw, 600px\" \/><\/a>\n\t\t\t<\/dt><\/dl><dl class='gallery-item'>\n\t\t\t<dt class='gallery-icon landscape'>\n\t\t\t\t<a data-rel=\"iLightbox[postimages]\" data-title=\"3\" data-caption=\"\" href='https:\/\/www.esplac.cat\/es\/3-16-2\/'><img decoding=\"async\" width=\"600\" height=\"600\" src=\"https:\/\/www.esplac.cat\/wp-content\/uploads\/2023\/01\/3-600x600.jpg\" class=\"attachment-fusion-600 size-fusion-600\" alt=\"Gran Comit\u00e8 2023\" srcset=\"https:\/\/www.esplac.cat\/wp-content\/uploads\/2023\/01\/3-66x66.jpg 66w, https:\/\/www.esplac.cat\/wp-content\/uploads\/2023\/01\/3-150x150.jpg 150w, https:\/\/www.esplac.cat\/wp-content\/uploads\/2023\/01\/3-200x200.jpg 200w, https:\/\/www.esplac.cat\/wp-content\/uploads\/2023\/01\/3-300x300.jpg 300w, https:\/\/www.esplac.cat\/wp-content\/uploads\/2023\/01\/3-400x400.jpg 400w, https:\/\/www.esplac.cat\/wp-content\/uploads\/2023\/01\/3-600x600.jpg 600w, https:\/\/www.esplac.cat\/wp-content\/uploads\/2023\/01\/3-768x768.jpg 768w, https:\/\/www.esplac.cat\/wp-content\/uploads\/2023\/01\/3-800x800.jpg 800w, https:\/\/www.esplac.cat\/wp-content\/uploads\/2023\/01\/3-1024x1024.jpg 1024w, https:\/\/www.esplac.cat\/wp-content\/uploads\/2023\/01\/3.jpg 1080w\" sizes=\"(max-width: 600px) 100vw, 600px\" \/><\/a>\n\t\t\t<\/dt><\/dl><br style=\"clear: both\" \/><dl class='gallery-item'>\n\t\t\t<dt class='gallery-icon landscape'>\n\t\t\t\t<a data-rel=\"iLightbox[postimages]\" data-title=\"4\" data-caption=\"\" href='https:\/\/www.esplac.cat\/es\/4-11-2\/'><img decoding=\"async\" width=\"600\" height=\"600\" src=\"https:\/\/www.esplac.cat\/wp-content\/uploads\/2023\/01\/4-4-600x600.jpg\" class=\"attachment-fusion-600 size-fusion-600\" alt=\"Gran Comitpe 2023\" srcset=\"https:\/\/www.esplac.cat\/wp-content\/uploads\/2023\/01\/4-4-66x66.jpg 66w, https:\/\/www.esplac.cat\/wp-content\/uploads\/2023\/01\/4-4-150x150.jpg 150w, https:\/\/www.esplac.cat\/wp-content\/uploads\/2023\/01\/4-4-200x200.jpg 200w, https:\/\/www.esplac.cat\/wp-content\/uploads\/2023\/01\/4-4-300x300.jpg 300w, https:\/\/www.esplac.cat\/wp-content\/uploads\/2023\/01\/4-4-400x400.jpg 400w, https:\/\/www.esplac.cat\/wp-content\/uploads\/2023\/01\/4-4-600x600.jpg 600w, https:\/\/www.esplac.cat\/wp-content\/uploads\/2023\/01\/4-4-768x768.jpg 768w, https:\/\/www.esplac.cat\/wp-content\/uploads\/2023\/01\/4-4-800x800.jpg 800w, https:\/\/www.esplac.cat\/wp-content\/uploads\/2023\/01\/4-4-1024x1024.jpg 1024w, https:\/\/www.esplac.cat\/wp-content\/uploads\/2023\/01\/4-4.jpg 1080w\" sizes=\"(max-width: 600px) 100vw, 600px\" \/><\/a>\n\t\t\t<\/dt><\/dl><dl class='gallery-item'>\n\t\t\t<dt class='gallery-icon landscape'>\n\t\t\t\t<a data-rel=\"iLightbox[postimages]\" data-title=\"5\" data-caption=\"\" href='https:\/\/www.esplac.cat\/es\/5-10-2\/'><img decoding=\"async\" width=\"600\" height=\"600\" src=\"https:\/\/www.esplac.cat\/wp-content\/uploads\/2023\/01\/5-3-600x600.jpg\" class=\"attachment-fusion-600 size-fusion-600\" alt=\"Gran Comit\u00e8 2023\" srcset=\"https:\/\/www.esplac.cat\/wp-content\/uploads\/2023\/01\/5-3-66x66.jpg 66w, https:\/\/www.esplac.cat\/wp-content\/uploads\/2023\/01\/5-3-150x150.jpg 150w, https:\/\/www.esplac.cat\/wp-content\/uploads\/2023\/01\/5-3-200x200.jpg 200w, https:\/\/www.esplac.cat\/wp-content\/uploads\/2023\/01\/5-3-300x300.jpg 300w, https:\/\/www.esplac.cat\/wp-content\/uploads\/2023\/01\/5-3-400x400.jpg 400w, https:\/\/www.esplac.cat\/wp-content\/uploads\/2023\/01\/5-3-600x600.jpg 600w, https:\/\/www.esplac.cat\/wp-content\/uploads\/2023\/01\/5-3-768x768.jpg 768w, https:\/\/www.esplac.cat\/wp-content\/uploads\/2023\/01\/5-3-800x800.jpg 800w, https:\/\/www.esplac.cat\/wp-content\/uploads\/2023\/01\/5-3-1024x1024.jpg 1024w, https:\/\/www.esplac.cat\/wp-content\/uploads\/2023\/01\/5-3.jpg 1080w\" sizes=\"(max-width: 600px) 100vw, 600px\" \/><\/a>\n\t\t\t<\/dt><\/dl><br style=\"clear: both\" \/>\n\t\t<\/div>\n\n","protected":false},"excerpt":{"rendered":"<p>Dirigents d\u2019Esplais Catalans s&#8217;han reunit durant el cap de setmana [&hellip;]<\/p>\n","protected":false},"author":3,"featured_media":43187,"comment_status":"closed","ping_status":"closed","sticky":false,"template":"","format":"standard","meta":{"om_disable_all_campaigns":false,"_monsterinsights_skip_tracking":false,"_monsterinsights_sitenote_active":false,"_monsterinsights_sitenote_note":"","_monsterinsights_sitenote_category":0,"_uf_show_specific_survey":0,"_uf_disable_surveys":false,"footnotes":""},"categories":[1247,1],"tags":[],"class_list":["post-43180","post","type-post","status-publish","format-standard","has-post-thumbnail","hentry","category-gran-comite","category-sense-categoria"],"yoast_head":"<!-- This site is optimized with the Yoast SEO plugin v27.5 - https:\/\/yoast.com\/product\/yoast-seo-wordpress\/ -->\n<title>Les dirigents d&#039;Esplac es reuneixen al primer Gran Comit\u00e8 del 2023<\/title>\n<meta name=\"description\" content=\"Les dirigents d\u2019Esplac s&#039;han reunit per formar-se en Inclusi\u00f3 i Diversitat, debatre sobre temes claus de l&#039;entitat i preparar la Monifesta&#039;t\" \/>\n<meta name=\"robots\" content=\"index, follow, max-snippet:-1, max-image-preview:large, max-video-preview:-1\" \/>\n<link rel=\"canonical\" href=\"https:\/\/www.esplac.cat\/esplais-catalans-primer-gran-comite-2023\/\" \/>\n<meta property=\"og:locale\" content=\"es_ES\" \/>\n<meta property=\"og:type\" content=\"article\" \/>\n<meta property=\"og:title\" content=\"Les dirigents d&#039;Esplac es reuneixen al primer Gran Comit\u00e8 del 2023\" \/>\n<meta property=\"og:description\" content=\"Les dirigents d\u2019Esplac s&#039;han reunit per formar-se en Inclusi\u00f3 i Diversitat, debatre sobre temes claus de l&#039;entitat i preparar la Monifesta&#039;t\" \/>\n<meta property=\"og:url\" content=\"https:\/\/www.esplac.cat\/esplais-catalans-primer-gran-comite-2023\/\" \/>\n<meta property=\"og:site_name\" content=\"Esplac\" \/>\n<meta property=\"article:published_time\" content=\"2023-01-30T11:07:50+00:00\" \/>\n<meta property=\"article:modified_time\" content=\"2023-01-31T15:16:55+00:00\" \/>\n<meta property=\"og:image\" content=\"https:\/\/www.esplac.cat\/wp-content\/uploads\/2023\/01\/Portades-Web-5.jpg\" \/>\n\t<meta property=\"og:image:width\" content=\"1697\" \/>\n\t<meta property=\"og:image:height\" content=\"700\" \/>\n\t<meta property=\"og:image:type\" content=\"image\/jpeg\" \/>\n<meta name=\"author\" content=\"Comunicaci\u00f3 Esplac\" \/>\n<meta name=\"twitter:card\" content=\"summary_large_image\" \/>\n<meta name=\"twitter:label1\" content=\"Escrito por\" \/>\n\t<meta name=\"twitter:data1\" content=\"Comunicaci\u00f3 Esplac\" \/>\n\t<meta name=\"twitter:label2\" content=\"Tiempo de lectura\" \/>\n\t<meta name=\"twitter:data2\" content=\"3 minutos\" \/>\n<script type=\"application\/ld+json\" class=\"yoast-schema-graph\">{\"@context\":\"https:\\\/\\\/schema.org\",\"@graph\":[{\"@type\":\"Article\",\"@id\":\"https:\\\/\\\/www.esplac.cat\\\/esplais-catalans-primer-gran-comite-2023\\\/#article\",\"isPartOf\":{\"@id\":\"https:\\\/\\\/www.esplac.cat\\\/esplais-catalans-primer-gran-comite-2023\\\/\"},\"author\":{\"name\":\"Comunicaci\u00f3 Esplac\",\"@id\":\"https:\\\/\\\/www.esplac.cat\\\/#\\\/schema\\\/person\\\/908383cf240be18b68f8855d0583faca\"},\"headline\":\"Dirigents d&#8217;Esplac es reuneixen al primer Gran Comit\u00e8 del 2023\",\"datePublished\":\"2023-01-30T11:07:50+00:00\",\"dateModified\":\"2023-01-31T15:16:55+00:00\",\"mainEntityOfPage\":{\"@id\":\"https:\\\/\\\/www.esplac.cat\\\/esplais-catalans-primer-gran-comite-2023\\\/\"},\"wordCount\":507,\"publisher\":{\"@id\":\"https:\\\/\\\/www.esplac.cat\\\/#organization\"},\"image\":{\"@id\":\"https:\\\/\\\/www.esplac.cat\\\/esplais-catalans-primer-gran-comite-2023\\\/#primaryimage\"},\"thumbnailUrl\":\"https:\\\/\\\/www.esplac.cat\\\/wp-content\\\/uploads\\\/2023\\\/01\\\/Portades-Web-5.jpg\",\"articleSection\":[\"Gran Comit\u00e8\",\"Sense categoria\"],\"inLanguage\":\"es\"},{\"@type\":\"WebPage\",\"@id\":\"https:\\\/\\\/www.esplac.cat\\\/esplais-catalans-primer-gran-comite-2023\\\/\",\"url\":\"https:\\\/\\\/www.esplac.cat\\\/esplais-catalans-primer-gran-comite-2023\\\/\",\"name\":\"Les dirigents d'Esplac es reuneixen al primer Gran Comit\u00e8 del 2023\",\"isPartOf\":{\"@id\":\"https:\\\/\\\/www.esplac.cat\\\/#website\"},\"primaryImageOfPage\":{\"@id\":\"https:\\\/\\\/www.esplac.cat\\\/esplais-catalans-primer-gran-comite-2023\\\/#primaryimage\"},\"image\":{\"@id\":\"https:\\\/\\\/www.esplac.cat\\\/esplais-catalans-primer-gran-comite-2023\\\/#primaryimage\"},\"thumbnailUrl\":\"https:\\\/\\\/www.esplac.cat\\\/wp-content\\\/uploads\\\/2023\\\/01\\\/Portades-Web-5.jpg\",\"datePublished\":\"2023-01-30T11:07:50+00:00\",\"dateModified\":\"2023-01-31T15:16:55+00:00\",\"description\":\"Les dirigents d\u2019Esplac s'han reunit per formar-se en Inclusi\u00f3 i Diversitat, debatre sobre temes claus de l'entitat i preparar la Monifesta't\",\"breadcrumb\":{\"@id\":\"https:\\\/\\\/www.esplac.cat\\\/esplais-catalans-primer-gran-comite-2023\\\/#breadcrumb\"},\"inLanguage\":\"es\",\"potentialAction\":[{\"@type\":\"ReadAction\",\"target\":[\"https:\\\/\\\/www.esplac.cat\\\/esplais-catalans-primer-gran-comite-2023\\\/\"]}]},{\"@type\":\"ImageObject\",\"inLanguage\":\"es\",\"@id\":\"https:\\\/\\\/www.esplac.cat\\\/esplais-catalans-primer-gran-comite-2023\\\/#primaryimage\",\"url\":\"https:\\\/\\\/www.esplac.cat\\\/wp-content\\\/uploads\\\/2023\\\/01\\\/Portades-Web-5.jpg\",\"contentUrl\":\"https:\\\/\\\/www.esplac.cat\\\/wp-content\\\/uploads\\\/2023\\\/01\\\/Portades-Web-5.jpg\",\"width\":1697,\"height\":700,\"caption\":\"Primer Gran Comit\u00e8 2023\"},{\"@type\":\"BreadcrumbList\",\"@id\":\"https:\\\/\\\/www.esplac.cat\\\/esplais-catalans-primer-gran-comite-2023\\\/#breadcrumb\",\"itemListElement\":[{\"@type\":\"ListItem\",\"position\":1,\"name\":\"Inici\",\"item\":\"https:\\\/\\\/www.esplac.cat\\\/es\\\/\"},{\"@type\":\"ListItem\",\"position\":2,\"name\":\"Dirigents d&#8217;Esplac es reuneixen al primer Gran Comit\u00e8 del 2023\"}]},{\"@type\":\"WebSite\",\"@id\":\"https:\\\/\\\/www.esplac.cat\\\/#website\",\"url\":\"https:\\\/\\\/www.esplac.cat\\\/\",\"name\":\"Esplac\",\"description\":\"Esplais Catalans\",\"publisher\":{\"@id\":\"https:\\\/\\\/www.esplac.cat\\\/#organization\"},\"potentialAction\":[{\"@type\":\"SearchAction\",\"target\":{\"@type\":\"EntryPoint\",\"urlTemplate\":\"https:\\\/\\\/www.esplac.cat\\\/?s={search_term_string}\"},\"query-input\":{\"@type\":\"PropertyValueSpecification\",\"valueRequired\":true,\"valueName\":\"search_term_string\"}}],\"inLanguage\":\"es\"},{\"@type\":\"Organization\",\"@id\":\"https:\\\/\\\/www.esplac.cat\\\/#organization\",\"name\":\"Esplac\",\"url\":\"https:\\\/\\\/www.esplac.cat\\\/\",\"logo\":{\"@type\":\"ImageObject\",\"inLanguage\":\"es\",\"@id\":\"https:\\\/\\\/www.esplac.cat\\\/#\\\/schema\\\/logo\\\/image\\\/\",\"url\":\"https:\\\/\\\/www.esplac.cat\\\/wp-content\\\/uploads\\\/2019\\\/08\\\/logox2.png\",\"contentUrl\":\"https:\\\/\\\/www.esplac.cat\\\/wp-content\\\/uploads\\\/2019\\\/08\\\/logox2.png\",\"width\":600,\"height\":295,\"caption\":\"Esplac\"},\"image\":{\"@id\":\"https:\\\/\\\/www.esplac.cat\\\/#\\\/schema\\\/logo\\\/image\\\/\"}},{\"@type\":\"Person\",\"@id\":\"https:\\\/\\\/www.esplac.cat\\\/#\\\/schema\\\/person\\\/908383cf240be18b68f8855d0583faca\",\"name\":\"Comunicaci\u00f3 Esplac\",\"image\":{\"@type\":\"ImageObject\",\"inLanguage\":\"es\",\"@id\":\"https:\\\/\\\/secure.gravatar.com\\\/avatar\\\/7a4cf8feb412a76ea4a740ca02d95b06b2907b5a6c648c2dd0a1082a093c3141?s=96&d=mm&r=g\",\"url\":\"https:\\\/\\\/secure.gravatar.com\\\/avatar\\\/7a4cf8feb412a76ea4a740ca02d95b06b2907b5a6c648c2dd0a1082a093c3141?s=96&d=mm&r=g\",\"contentUrl\":\"https:\\\/\\\/secure.gravatar.com\\\/avatar\\\/7a4cf8feb412a76ea4a740ca02d95b06b2907b5a6c648c2dd0a1082a093c3141?s=96&d=mm&r=g\",\"caption\":\"Comunicaci\u00f3 Esplac\"}}]}<\/script>\n<!-- \/ Yoast SEO plugin. -->","yoast_head_json":{"title":"Les dirigents d'Esplac es reuneixen al primer Gran Comit\u00e8 del 2023","description":"Les dirigents d\u2019Esplac s'han reunit per formar-se en Inclusi\u00f3 i Diversitat, debatre sobre temes claus de l'entitat i preparar la Monifesta't","robots":{"index":"index","follow":"follow","max-snippet":"max-snippet:-1","max-image-preview":"max-image-preview:large","max-video-preview":"max-video-preview:-1"},"canonical":"https:\/\/www.esplac.cat\/esplais-catalans-primer-gran-comite-2023\/","og_locale":"es_ES","og_type":"article","og_title":"Les dirigents d'Esplac es reuneixen al primer Gran Comit\u00e8 del 2023","og_description":"Les dirigents d\u2019Esplac s'han reunit per formar-se en Inclusi\u00f3 i Diversitat, debatre sobre temes claus de l'entitat i preparar la Monifesta't","og_url":"https:\/\/www.esplac.cat\/esplais-catalans-primer-gran-comite-2023\/","og_site_name":"Esplac","article_published_time":"2023-01-30T11:07:50+00:00","article_modified_time":"2023-01-31T15:16:55+00:00","og_image":[{"width":1697,"height":700,"url":"https:\/\/www.esplac.cat\/wp-content\/uploads\/2023\/01\/Portades-Web-5.jpg","type":"image\/jpeg"}],"author":"Comunicaci\u00f3 Esplac","twitter_card":"summary_large_image","twitter_misc":{"Escrito por":"Comunicaci\u00f3 Esplac","Tiempo de lectura":"3 minutos"},"schema":{"@context":"https:\/\/schema.org","@graph":[{"@type":"Article","@id":"https:\/\/www.esplac.cat\/esplais-catalans-primer-gran-comite-2023\/#article","isPartOf":{"@id":"https:\/\/www.esplac.cat\/esplais-catalans-primer-gran-comite-2023\/"},"author":{"name":"Comunicaci\u00f3 Esplac","@id":"https:\/\/www.esplac.cat\/#\/schema\/person\/908383cf240be18b68f8855d0583faca"},"headline":"Dirigents d&#8217;Esplac es reuneixen al primer Gran Comit\u00e8 del 2023","datePublished":"2023-01-30T11:07:50+00:00","dateModified":"2023-01-31T15:16:55+00:00","mainEntityOfPage":{"@id":"https:\/\/www.esplac.cat\/esplais-catalans-primer-gran-comite-2023\/"},"wordCount":507,"publisher":{"@id":"https:\/\/www.esplac.cat\/#organization"},"image":{"@id":"https:\/\/www.esplac.cat\/esplais-catalans-primer-gran-comite-2023\/#primaryimage"},"thumbnailUrl":"https:\/\/www.esplac.cat\/wp-content\/uploads\/2023\/01\/Portades-Web-5.jpg","articleSection":["Gran Comit\u00e8","Sense categoria"],"inLanguage":"es"},{"@type":"WebPage","@id":"https:\/\/www.esplac.cat\/esplais-catalans-primer-gran-comite-2023\/","url":"https:\/\/www.esplac.cat\/esplais-catalans-primer-gran-comite-2023\/","name":"Les dirigents d'Esplac es reuneixen al primer Gran Comit\u00e8 del 2023","isPartOf":{"@id":"https:\/\/www.esplac.cat\/#website"},"primaryImageOfPage":{"@id":"https:\/\/www.esplac.cat\/esplais-catalans-primer-gran-comite-2023\/#primaryimage"},"image":{"@id":"https:\/\/www.esplac.cat\/esplais-catalans-primer-gran-comite-2023\/#primaryimage"},"thumbnailUrl":"https:\/\/www.esplac.cat\/wp-content\/uploads\/2023\/01\/Portades-Web-5.jpg","datePublished":"2023-01-30T11:07:50+00:00","dateModified":"2023-01-31T15:16:55+00:00","description":"Les dirigents d\u2019Esplac s'han reunit per formar-se en Inclusi\u00f3 i Diversitat, debatre sobre temes claus de l'entitat i preparar la Monifesta't","breadcrumb":{"@id":"https:\/\/www.esplac.cat\/esplais-catalans-primer-gran-comite-2023\/#breadcrumb"},"inLanguage":"es","potentialAction":[{"@type":"ReadAction","target":["https:\/\/www.esplac.cat\/esplais-catalans-primer-gran-comite-2023\/"]}]},{"@type":"ImageObject","inLanguage":"es","@id":"https:\/\/www.esplac.cat\/esplais-catalans-primer-gran-comite-2023\/#primaryimage","url":"https:\/\/www.esplac.cat\/wp-content\/uploads\/2023\/01\/Portades-Web-5.jpg","contentUrl":"https:\/\/www.esplac.cat\/wp-content\/uploads\/2023\/01\/Portades-Web-5.jpg","width":1697,"height":700,"caption":"Primer Gran Comit\u00e8 2023"},{"@type":"BreadcrumbList","@id":"https:\/\/www.esplac.cat\/esplais-catalans-primer-gran-comite-2023\/#breadcrumb","itemListElement":[{"@type":"ListItem","position":1,"name":"Inici","item":"https:\/\/www.esplac.cat\/es\/"},{"@type":"ListItem","position":2,"name":"Dirigents d&#8217;Esplac es reuneixen al primer Gran Comit\u00e8 del 2023"}]},{"@type":"WebSite","@id":"https:\/\/www.esplac.cat\/#website","url":"https:\/\/www.esplac.cat\/","name":"Esplac","description":"Esplais Catalans","publisher":{"@id":"https:\/\/www.esplac.cat\/#organization"},"potentialAction":[{"@type":"SearchAction","target":{"@type":"EntryPoint","urlTemplate":"https:\/\/www.esplac.cat\/?s={search_term_string}"},"query-input":{"@type":"PropertyValueSpecification","valueRequired":true,"valueName":"search_term_string"}}],"inLanguage":"es"},{"@type":"Organization","@id":"https:\/\/www.esplac.cat\/#organization","name":"Esplac","url":"https:\/\/www.esplac.cat\/","logo":{"@type":"ImageObject","inLanguage":"es","@id":"https:\/\/www.esplac.cat\/#\/schema\/logo\/image\/","url":"https:\/\/www.esplac.cat\/wp-content\/uploads\/2019\/08\/logox2.png","contentUrl":"https:\/\/www.esplac.cat\/wp-content\/uploads\/2019\/08\/logox2.png","width":600,"height":295,"caption":"Esplac"},"image":{"@id":"https:\/\/www.esplac.cat\/#\/schema\/logo\/image\/"}},{"@type":"Person","@id":"https:\/\/www.esplac.cat\/#\/schema\/person\/908383cf240be18b68f8855d0583faca","name":"Comunicaci\u00f3 Esplac","image":{"@type":"ImageObject","inLanguage":"es","@id":"https:\/\/secure.gravatar.com\/avatar\/7a4cf8feb412a76ea4a740ca02d95b06b2907b5a6c648c2dd0a1082a093c3141?s=96&d=mm&r=g","url":"https:\/\/secure.gravatar.com\/avatar\/7a4cf8feb412a76ea4a740ca02d95b06b2907b5a6c648c2dd0a1082a093c3141?s=96&d=mm&r=g","contentUrl":"https:\/\/secure.gravatar.com\/avatar\/7a4cf8feb412a76ea4a740ca02d95b06b2907b5a6c648c2dd0a1082a093c3141?s=96&d=mm&r=g","caption":"Comunicaci\u00f3 Esplac"}}]}},"_links":{"self":[{"href":"https:\/\/www.esplac.cat\/es\/wp-json\/wp\/v2\/posts\/43180","targetHints":{"allow":["GET"]}}],"collection":[{"href":"https:\/\/www.esplac.cat\/es\/wp-json\/wp\/v2\/posts"}],"about":[{"href":"https:\/\/www.esplac.cat\/es\/wp-json\/wp\/v2\/types\/post"}],"author":[{"embeddable":true,"href":"https:\/\/www.esplac.cat\/es\/wp-json\/wp\/v2\/users\/3"}],"replies":[{"embeddable":true,"href":"https:\/\/www.esplac.cat\/es\/wp-json\/wp\/v2\/comments?post=43180"}],"version-history":[{"count":0,"href":"https:\/\/www.esplac.cat\/es\/wp-json\/wp\/v2\/posts\/43180\/revisions"}],"wp:featuredmedia":[{"embeddable":true,"href":"https:\/\/www.esplac.cat\/es\/wp-json\/wp\/v2\/media\/43187"}],"wp:attachment":[{"href":"https:\/\/www.esplac.cat\/es\/wp-json\/wp\/v2\/media?parent=43180"}],"wp:term":[{"taxonomy":"category","embeddable":true,"href":"https:\/\/www.esplac.cat\/es\/wp-json\/wp\/v2\/categories?post=43180"},{"taxonomy":"post_tag","embeddable":true,"href":"https:\/\/www.esplac.cat\/es\/wp-json\/wp\/v2\/tags?post=43180"}],"curies":[{"name":"wp","href":"https:\/\/api.w.org\/{rel}","templated":true}]}}