{"id":43405,"date":"2023-02-07T19:01:43","date_gmt":"2023-02-07T17:01:43","guid":{"rendered":"https:\/\/www.esplac.cat\/?p=43405"},"modified":"2023-02-07T19:06:58","modified_gmt":"2023-02-07T17:06:58","slug":"dirigents-al-teresa-claramunt","status":"publish","type":"post","link":"https:\/\/www.esplac.cat\/es\/dirigents-al-teresa-claramunt\/","title":{"rendered":"Aquest cap de setmana dirigents d&#8217;Esplac s&#8217;han format al curs Teresa Claramunt"},"content":{"rendered":"<p><strong>Esplac inicia el febrer realitzant el curs formatiu Teresa Claramunt per a dirigents de l&#8217;entitat<\/strong><\/p>\n<p>Aquest cap de setmana, les persones dirigents de l&#8217;entitat s&#8217;han trobat per realitzar el curs Teresa Claramunt a l&#8217;Alberg Xanascat de Manresa. Equips Generals de Sector (EGS), Representants de Comissi\u00f3 (RdC) i membres de l&#8217;Equip de Coordinaci\u00f3 (Equico) han passat dos dies formant-se al voltant de qu\u00e8 vol dir ser dirigent. El curs ha perm\u00e8s debatre i definir objectius sobre com les persones volunt\u00e0ries, les dirigents, poden aportar el seu granet de sorra a l&#8217;entitat. A m\u00e9s, totes les formacions s&#8217;han dut a terme per persones exdirigents coordinades per l&#8217;Escola Lliure el Sol.<\/p>\n<p>Les participants han dedicat gran part del cap de setmana a parlar sobre que vol dir ser dirigent, compartint pors, reptes i tra\u00e7ant l\u00ednies en com\u00fa respecte a la seva figura dins d&#8217;Esplac. A m\u00e9s, tamb\u00e9 han pogut compartir quines s\u00f3n les responsabilitats que han d&#8217;assumir les persones dirigents i quines eines es poden aplicar per arribar d&#8217;una forma m\u00e9s directe als esplais. A banda, tamb\u00e9 han debatut sobre el relleu de les persones volunt\u00e0ries dins la pr\u00f2pia entitat.<\/p>\n<p>Durant el dissabte, tamb\u00e9 van dur a terme una din\u00e0mica de comunicaci\u00f3 efectiva i contacte amb els mitjans de comunicaci\u00f3. En ella es van marcar com a objectiu poder expressar clarament quin tipus d&#8217;entitat som i estan representant. Van aprofitar tamb\u00e9 per parlar i crear debats sobre l&#8217;estructura d&#8217;Esplac, fent hist\u00f2ric, per con\u00e8ixer el <em>d&#8217;on venim<\/em> i crear l\u00ednies de treball enfocades al <em>on volem anar<\/em>.<\/p>\n<p style=\"text-align: left;\">Finalment, el diumenge van profunditzar sobre les organitzacions transformadores: quins s\u00f3n els valors d&#8217;Esplac i com es poden portar de manera pr\u00e0ctica a l&#8217;entitat. Va ser un espai on es van poder q\u00fcestionar que es necessita canviar de l&#8217;estructura de l&#8217;entitat per tenir aquets valors m\u00e9s presents.<\/p>\n<p><img decoding=\"async\" class=\"size-medium wp-image-43406 alignleft\" src=\"https:\/\/www.esplac.cat\/wp-content\/uploads\/2023\/02\/Teresa-Claramunt-3-300x225.jpeg\" alt=\"\" width=\"300\" height=\"225\" srcset=\"https:\/\/www.esplac.cat\/wp-content\/uploads\/2023\/02\/Teresa-Claramunt-3-200x150.jpeg 200w, https:\/\/www.esplac.cat\/wp-content\/uploads\/2023\/02\/Teresa-Claramunt-3-300x225.jpeg 300w, https:\/\/www.esplac.cat\/wp-content\/uploads\/2023\/02\/Teresa-Claramunt-3-400x300.jpeg 400w, https:\/\/www.esplac.cat\/wp-content\/uploads\/2023\/02\/Teresa-Claramunt-3-600x450.jpeg 600w, https:\/\/www.esplac.cat\/wp-content\/uploads\/2023\/02\/Teresa-Claramunt-3-768x576.jpeg 768w, https:\/\/www.esplac.cat\/wp-content\/uploads\/2023\/02\/Teresa-Claramunt-3-800x600.jpeg 800w, https:\/\/www.esplac.cat\/wp-content\/uploads\/2023\/02\/Teresa-Claramunt-3-1024x768.jpeg 1024w, https:\/\/www.esplac.cat\/wp-content\/uploads\/2023\/02\/Teresa-Claramunt-3-1200x900.jpeg 1200w, https:\/\/www.esplac.cat\/wp-content\/uploads\/2023\/02\/Teresa-Claramunt-3-1536x1152.jpeg 1536w\" sizes=\"(max-width: 300px) 100vw, 300px\" \/> <img decoding=\"async\" class=\"size-medium wp-image-43409 alignleft\" src=\"https:\/\/www.esplac.cat\/wp-content\/uploads\/2023\/02\/Teresa-Claramunt-1-300x225.jpeg\" alt=\"\" width=\"300\" height=\"225\" srcset=\"https:\/\/www.esplac.cat\/wp-content\/uploads\/2023\/02\/Teresa-Claramunt-1-200x150.jpeg 200w, https:\/\/www.esplac.cat\/wp-content\/uploads\/2023\/02\/Teresa-Claramunt-1-300x225.jpeg 300w, https:\/\/www.esplac.cat\/wp-content\/uploads\/2023\/02\/Teresa-Claramunt-1-400x300.jpeg 400w, https:\/\/www.esplac.cat\/wp-content\/uploads\/2023\/02\/Teresa-Claramunt-1-600x450.jpeg 600w, https:\/\/www.esplac.cat\/wp-content\/uploads\/2023\/02\/Teresa-Claramunt-1-768x576.jpeg 768w, https:\/\/www.esplac.cat\/wp-content\/uploads\/2023\/02\/Teresa-Claramunt-1-800x600.jpeg 800w, https:\/\/www.esplac.cat\/wp-content\/uploads\/2023\/02\/Teresa-Claramunt-1-1024x768.jpeg 1024w, https:\/\/www.esplac.cat\/wp-content\/uploads\/2023\/02\/Teresa-Claramunt-1-1200x900.jpeg 1200w, https:\/\/www.esplac.cat\/wp-content\/uploads\/2023\/02\/Teresa-Claramunt-1-1536x1152.jpeg 1536w\" sizes=\"(max-width: 300px) 100vw, 300px\" \/> <img decoding=\"async\" class=\"size-medium wp-image-43412 alignleft\" src=\"https:\/\/www.esplac.cat\/wp-content\/uploads\/2023\/02\/Teresa-Claramunt-2-225x300.jpeg\" alt=\"\" width=\"225\" height=\"300\" srcset=\"https:\/\/www.esplac.cat\/wp-content\/uploads\/2023\/02\/Teresa-Claramunt-2-200x267.jpeg 200w, https:\/\/www.esplac.cat\/wp-content\/uploads\/2023\/02\/Teresa-Claramunt-2-225x300.jpeg 225w, https:\/\/www.esplac.cat\/wp-content\/uploads\/2023\/02\/Teresa-Claramunt-2-400x533.jpeg 400w, https:\/\/www.esplac.cat\/wp-content\/uploads\/2023\/02\/Teresa-Claramunt-2-600x800.jpeg 600w, https:\/\/www.esplac.cat\/wp-content\/uploads\/2023\/02\/Teresa-Claramunt-2-768x1024.jpeg 768w, https:\/\/www.esplac.cat\/wp-content\/uploads\/2023\/02\/Teresa-Claramunt-2-800x1067.jpeg 800w, https:\/\/www.esplac.cat\/wp-content\/uploads\/2023\/02\/Teresa-Claramunt-2-1152x1536.jpeg 1152w, https:\/\/www.esplac.cat\/wp-content\/uploads\/2023\/02\/Teresa-Claramunt-2-1200x1600.jpeg 1200w, https:\/\/www.esplac.cat\/wp-content\/uploads\/2023\/02\/Teresa-Claramunt-2.jpeg 1500w\" sizes=\"(max-width: 225px) 100vw, 225px\" \/><\/p>\n<p>&nbsp;<\/p>\n","protected":false},"excerpt":{"rendered":"<p>Esplac inicia el febrer realitzant el curs formatiu Teresa Claramunt [&hellip;]<\/p>\n","protected":false},"author":3,"featured_media":43415,"comment_status":"closed","ping_status":"closed","sticky":false,"template":"","format":"standard","meta":{"om_disable_all_campaigns":false,"_monsterinsights_skip_tracking":false,"_monsterinsights_sitenote_active":false,"_monsterinsights_sitenote_note":"","_monsterinsights_sitenote_category":0,"_uf_show_specific_survey":0,"_uf_disable_surveys":false,"footnotes":""},"categories":[1111],"tags":[],"class_list":["post-43405","post","type-post","status-publish","format-standard","has-post-thumbnail","hentry","category-activitats-esplac"],"yoast_head":"<!-- This site is optimized with the Yoast SEO plugin v27.5 - https:\/\/yoast.com\/product\/yoast-seo-wordpress\/ -->\n<title>Aquest cap de setmana dirigents d&#039;Esplac s&#039;han format al curs Teresa Claramunt - Esplac<\/title>\n<meta name=\"description\" content=\"Dirigents d&#039;Esplac s&#039;han format al Teresa Claramut i han debatut al voltant de que vol dir ser dirigent d&#039;Esplac\" \/>\n<meta name=\"robots\" content=\"index, follow, max-snippet:-1, max-image-preview:large, max-video-preview:-1\" \/>\n<link rel=\"canonical\" href=\"https:\/\/www.esplac.cat\/dirigents-al-teresa-claramunt\/\" \/>\n<meta property=\"og:locale\" content=\"es_ES\" \/>\n<meta property=\"og:type\" content=\"article\" \/>\n<meta property=\"og:title\" content=\"Aquest cap de setmana dirigents d&#039;Esplac s&#039;han format al curs Teresa Claramunt - Esplac\" \/>\n<meta property=\"og:description\" content=\"Dirigents d&#039;Esplac s&#039;han format al Teresa Claramut i han debatut al voltant de que vol dir ser dirigent d&#039;Esplac\" \/>\n<meta property=\"og:url\" content=\"https:\/\/www.esplac.cat\/dirigents-al-teresa-claramunt\/\" \/>\n<meta property=\"og:site_name\" content=\"Esplac\" \/>\n<meta property=\"article:published_time\" content=\"2023-02-07T17:01:43+00:00\" \/>\n<meta property=\"article:modified_time\" content=\"2023-02-07T17:06:58+00:00\" \/>\n<meta property=\"og:image\" content=\"https:\/\/www.esplac.cat\/wp-content\/uploads\/2023\/02\/TeresaClaramunt.jpg\" \/>\n\t<meta property=\"og:image:width\" content=\"1697\" \/>\n\t<meta property=\"og:image:height\" content=\"700\" \/>\n\t<meta property=\"og:image:type\" content=\"image\/jpeg\" \/>\n<meta name=\"author\" content=\"Comunicaci\u00f3 Esplac\" \/>\n<meta name=\"twitter:card\" content=\"summary_large_image\" \/>\n<meta name=\"twitter:image\" content=\"https:\/\/www.esplac.cat\/wp-content\/uploads\/2023\/02\/Teresa-Claramunt-1.jpeg\" \/>\n<meta name=\"twitter:label1\" content=\"Escrito por\" \/>\n\t<meta name=\"twitter:data1\" content=\"Comunicaci\u00f3 Esplac\" \/>\n\t<meta name=\"twitter:label2\" content=\"Tiempo de lectura\" \/>\n\t<meta name=\"twitter:data2\" content=\"3 minutos\" \/>\n<script type=\"application\/ld+json\" class=\"yoast-schema-graph\">{\"@context\":\"https:\\\/\\\/schema.org\",\"@graph\":[{\"@type\":\"Article\",\"@id\":\"https:\\\/\\\/www.esplac.cat\\\/dirigents-al-teresa-claramunt\\\/#article\",\"isPartOf\":{\"@id\":\"https:\\\/\\\/www.esplac.cat\\\/dirigents-al-teresa-claramunt\\\/\"},\"author\":{\"name\":\"Comunicaci\u00f3 Esplac\",\"@id\":\"https:\\\/\\\/www.esplac.cat\\\/#\\\/schema\\\/person\\\/908383cf240be18b68f8855d0583faca\"},\"headline\":\"Aquest cap de setmana dirigents d&#8217;Esplac s&#8217;han format al curs Teresa Claramunt\",\"datePublished\":\"2023-02-07T17:01:43+00:00\",\"dateModified\":\"2023-02-07T17:06:58+00:00\",\"mainEntityOfPage\":{\"@id\":\"https:\\\/\\\/www.esplac.cat\\\/dirigents-al-teresa-claramunt\\\/\"},\"wordCount\":352,\"publisher\":{\"@id\":\"https:\\\/\\\/www.esplac.cat\\\/#organization\"},\"image\":{\"@id\":\"https:\\\/\\\/www.esplac.cat\\\/dirigents-al-teresa-claramunt\\\/#primaryimage\"},\"thumbnailUrl\":\"https:\\\/\\\/www.esplac.cat\\\/wp-content\\\/uploads\\\/2023\\\/02\\\/TeresaClaramunt.jpg\",\"articleSection\":[\"Activitats esplac\"],\"inLanguage\":\"es\"},{\"@type\":\"WebPage\",\"@id\":\"https:\\\/\\\/www.esplac.cat\\\/dirigents-al-teresa-claramunt\\\/\",\"url\":\"https:\\\/\\\/www.esplac.cat\\\/dirigents-al-teresa-claramunt\\\/\",\"name\":\"Aquest cap de setmana dirigents d'Esplac s'han format al curs Teresa Claramunt - Esplac\",\"isPartOf\":{\"@id\":\"https:\\\/\\\/www.esplac.cat\\\/#website\"},\"primaryImageOfPage\":{\"@id\":\"https:\\\/\\\/www.esplac.cat\\\/dirigents-al-teresa-claramunt\\\/#primaryimage\"},\"image\":{\"@id\":\"https:\\\/\\\/www.esplac.cat\\\/dirigents-al-teresa-claramunt\\\/#primaryimage\"},\"thumbnailUrl\":\"https:\\\/\\\/www.esplac.cat\\\/wp-content\\\/uploads\\\/2023\\\/02\\\/TeresaClaramunt.jpg\",\"datePublished\":\"2023-02-07T17:01:43+00:00\",\"dateModified\":\"2023-02-07T17:06:58+00:00\",\"description\":\"Dirigents d'Esplac s'han format al Teresa Claramut i han debatut al voltant de que vol dir ser dirigent d'Esplac\",\"breadcrumb\":{\"@id\":\"https:\\\/\\\/www.esplac.cat\\\/dirigents-al-teresa-claramunt\\\/#breadcrumb\"},\"inLanguage\":\"es\",\"potentialAction\":[{\"@type\":\"ReadAction\",\"target\":[\"https:\\\/\\\/www.esplac.cat\\\/dirigents-al-teresa-claramunt\\\/\"]}]},{\"@type\":\"ImageObject\",\"inLanguage\":\"es\",\"@id\":\"https:\\\/\\\/www.esplac.cat\\\/dirigents-al-teresa-claramunt\\\/#primaryimage\",\"url\":\"https:\\\/\\\/www.esplac.cat\\\/wp-content\\\/uploads\\\/2023\\\/02\\\/TeresaClaramunt.jpg\",\"contentUrl\":\"https:\\\/\\\/www.esplac.cat\\\/wp-content\\\/uploads\\\/2023\\\/02\\\/TeresaClaramunt.jpg\",\"width\":1697,\"height\":700,\"caption\":\"TeresaClaramunt2023\"},{\"@type\":\"BreadcrumbList\",\"@id\":\"https:\\\/\\\/www.esplac.cat\\\/dirigents-al-teresa-claramunt\\\/#breadcrumb\",\"itemListElement\":[{\"@type\":\"ListItem\",\"position\":1,\"name\":\"Inici\",\"item\":\"https:\\\/\\\/www.esplac.cat\\\/es\\\/\"},{\"@type\":\"ListItem\",\"position\":2,\"name\":\"Aquest cap de setmana dirigents d&#8217;Esplac s&#8217;han format al curs Teresa Claramunt\"}]},{\"@type\":\"WebSite\",\"@id\":\"https:\\\/\\\/www.esplac.cat\\\/#website\",\"url\":\"https:\\\/\\\/www.esplac.cat\\\/\",\"name\":\"Esplac\",\"description\":\"Esplais Catalans\",\"publisher\":{\"@id\":\"https:\\\/\\\/www.esplac.cat\\\/#organization\"},\"potentialAction\":[{\"@type\":\"SearchAction\",\"target\":{\"@type\":\"EntryPoint\",\"urlTemplate\":\"https:\\\/\\\/www.esplac.cat\\\/?s={search_term_string}\"},\"query-input\":{\"@type\":\"PropertyValueSpecification\",\"valueRequired\":true,\"valueName\":\"search_term_string\"}}],\"inLanguage\":\"es\"},{\"@type\":\"Organization\",\"@id\":\"https:\\\/\\\/www.esplac.cat\\\/#organization\",\"name\":\"Esplac\",\"url\":\"https:\\\/\\\/www.esplac.cat\\\/\",\"logo\":{\"@type\":\"ImageObject\",\"inLanguage\":\"es\",\"@id\":\"https:\\\/\\\/www.esplac.cat\\\/#\\\/schema\\\/logo\\\/image\\\/\",\"url\":\"https:\\\/\\\/www.esplac.cat\\\/wp-content\\\/uploads\\\/2019\\\/08\\\/logox2.png\",\"contentUrl\":\"https:\\\/\\\/www.esplac.cat\\\/wp-content\\\/uploads\\\/2019\\\/08\\\/logox2.png\",\"width\":600,\"height\":295,\"caption\":\"Esplac\"},\"image\":{\"@id\":\"https:\\\/\\\/www.esplac.cat\\\/#\\\/schema\\\/logo\\\/image\\\/\"}},{\"@type\":\"Person\",\"@id\":\"https:\\\/\\\/www.esplac.cat\\\/#\\\/schema\\\/person\\\/908383cf240be18b68f8855d0583faca\",\"name\":\"Comunicaci\u00f3 Esplac\",\"image\":{\"@type\":\"ImageObject\",\"inLanguage\":\"es\",\"@id\":\"https:\\\/\\\/secure.gravatar.com\\\/avatar\\\/7a4cf8feb412a76ea4a740ca02d95b06b2907b5a6c648c2dd0a1082a093c3141?s=96&d=mm&r=g\",\"url\":\"https:\\\/\\\/secure.gravatar.com\\\/avatar\\\/7a4cf8feb412a76ea4a740ca02d95b06b2907b5a6c648c2dd0a1082a093c3141?s=96&d=mm&r=g\",\"contentUrl\":\"https:\\\/\\\/secure.gravatar.com\\\/avatar\\\/7a4cf8feb412a76ea4a740ca02d95b06b2907b5a6c648c2dd0a1082a093c3141?s=96&d=mm&r=g\",\"caption\":\"Comunicaci\u00f3 Esplac\"}}]}<\/script>\n<!-- \/ Yoast SEO plugin. -->","yoast_head_json":{"title":"Aquest cap de setmana dirigents d'Esplac s'han format al curs Teresa Claramunt - Esplac","description":"Dirigents d'Esplac s'han format al Teresa Claramut i han debatut al voltant de que vol dir ser dirigent d'Esplac","robots":{"index":"index","follow":"follow","max-snippet":"max-snippet:-1","max-image-preview":"max-image-preview:large","max-video-preview":"max-video-preview:-1"},"canonical":"https:\/\/www.esplac.cat\/dirigents-al-teresa-claramunt\/","og_locale":"es_ES","og_type":"article","og_title":"Aquest cap de setmana dirigents d'Esplac s'han format al curs Teresa Claramunt - Esplac","og_description":"Dirigents d'Esplac s'han format al Teresa Claramut i han debatut al voltant de que vol dir ser dirigent d'Esplac","og_url":"https:\/\/www.esplac.cat\/dirigents-al-teresa-claramunt\/","og_site_name":"Esplac","article_published_time":"2023-02-07T17:01:43+00:00","article_modified_time":"2023-02-07T17:06:58+00:00","og_image":[{"width":1697,"height":700,"url":"https:\/\/www.esplac.cat\/wp-content\/uploads\/2023\/02\/TeresaClaramunt.jpg","type":"image\/jpeg"}],"author":"Comunicaci\u00f3 Esplac","twitter_card":"summary_large_image","twitter_image":"https:\/\/www.esplac.cat\/wp-content\/uploads\/2023\/02\/Teresa-Claramunt-1.jpeg","twitter_misc":{"Escrito por":"Comunicaci\u00f3 Esplac","Tiempo de lectura":"3 minutos"},"schema":{"@context":"https:\/\/schema.org","@graph":[{"@type":"Article","@id":"https:\/\/www.esplac.cat\/dirigents-al-teresa-claramunt\/#article","isPartOf":{"@id":"https:\/\/www.esplac.cat\/dirigents-al-teresa-claramunt\/"},"author":{"name":"Comunicaci\u00f3 Esplac","@id":"https:\/\/www.esplac.cat\/#\/schema\/person\/908383cf240be18b68f8855d0583faca"},"headline":"Aquest cap de setmana dirigents d&#8217;Esplac s&#8217;han format al curs Teresa Claramunt","datePublished":"2023-02-07T17:01:43+00:00","dateModified":"2023-02-07T17:06:58+00:00","mainEntityOfPage":{"@id":"https:\/\/www.esplac.cat\/dirigents-al-teresa-claramunt\/"},"wordCount":352,"publisher":{"@id":"https:\/\/www.esplac.cat\/#organization"},"image":{"@id":"https:\/\/www.esplac.cat\/dirigents-al-teresa-claramunt\/#primaryimage"},"thumbnailUrl":"https:\/\/www.esplac.cat\/wp-content\/uploads\/2023\/02\/TeresaClaramunt.jpg","articleSection":["Activitats esplac"],"inLanguage":"es"},{"@type":"WebPage","@id":"https:\/\/www.esplac.cat\/dirigents-al-teresa-claramunt\/","url":"https:\/\/www.esplac.cat\/dirigents-al-teresa-claramunt\/","name":"Aquest cap de setmana dirigents d'Esplac s'han format al curs Teresa Claramunt - Esplac","isPartOf":{"@id":"https:\/\/www.esplac.cat\/#website"},"primaryImageOfPage":{"@id":"https:\/\/www.esplac.cat\/dirigents-al-teresa-claramunt\/#primaryimage"},"image":{"@id":"https:\/\/www.esplac.cat\/dirigents-al-teresa-claramunt\/#primaryimage"},"thumbnailUrl":"https:\/\/www.esplac.cat\/wp-content\/uploads\/2023\/02\/TeresaClaramunt.jpg","datePublished":"2023-02-07T17:01:43+00:00","dateModified":"2023-02-07T17:06:58+00:00","description":"Dirigents d'Esplac s'han format al Teresa Claramut i han debatut al voltant de que vol dir ser dirigent d'Esplac","breadcrumb":{"@id":"https:\/\/www.esplac.cat\/dirigents-al-teresa-claramunt\/#breadcrumb"},"inLanguage":"es","potentialAction":[{"@type":"ReadAction","target":["https:\/\/www.esplac.cat\/dirigents-al-teresa-claramunt\/"]}]},{"@type":"ImageObject","inLanguage":"es","@id":"https:\/\/www.esplac.cat\/dirigents-al-teresa-claramunt\/#primaryimage","url":"https:\/\/www.esplac.cat\/wp-content\/uploads\/2023\/02\/TeresaClaramunt.jpg","contentUrl":"https:\/\/www.esplac.cat\/wp-content\/uploads\/2023\/02\/TeresaClaramunt.jpg","width":1697,"height":700,"caption":"TeresaClaramunt2023"},{"@type":"BreadcrumbList","@id":"https:\/\/www.esplac.cat\/dirigents-al-teresa-claramunt\/#breadcrumb","itemListElement":[{"@type":"ListItem","position":1,"name":"Inici","item":"https:\/\/www.esplac.cat\/es\/"},{"@type":"ListItem","position":2,"name":"Aquest cap de setmana dirigents d&#8217;Esplac s&#8217;han format al curs Teresa Claramunt"}]},{"@type":"WebSite","@id":"https:\/\/www.esplac.cat\/#website","url":"https:\/\/www.esplac.cat\/","name":"Esplac","description":"Esplais Catalans","publisher":{"@id":"https:\/\/www.esplac.cat\/#organization"},"potentialAction":[{"@type":"SearchAction","target":{"@type":"EntryPoint","urlTemplate":"https:\/\/www.esplac.cat\/?s={search_term_string}"},"query-input":{"@type":"PropertyValueSpecification","valueRequired":true,"valueName":"search_term_string"}}],"inLanguage":"es"},{"@type":"Organization","@id":"https:\/\/www.esplac.cat\/#organization","name":"Esplac","url":"https:\/\/www.esplac.cat\/","logo":{"@type":"ImageObject","inLanguage":"es","@id":"https:\/\/www.esplac.cat\/#\/schema\/logo\/image\/","url":"https:\/\/www.esplac.cat\/wp-content\/uploads\/2019\/08\/logox2.png","contentUrl":"https:\/\/www.esplac.cat\/wp-content\/uploads\/2019\/08\/logox2.png","width":600,"height":295,"caption":"Esplac"},"image":{"@id":"https:\/\/www.esplac.cat\/#\/schema\/logo\/image\/"}},{"@type":"Person","@id":"https:\/\/www.esplac.cat\/#\/schema\/person\/908383cf240be18b68f8855d0583faca","name":"Comunicaci\u00f3 Esplac","image":{"@type":"ImageObject","inLanguage":"es","@id":"https:\/\/secure.gravatar.com\/avatar\/7a4cf8feb412a76ea4a740ca02d95b06b2907b5a6c648c2dd0a1082a093c3141?s=96&d=mm&r=g","url":"https:\/\/secure.gravatar.com\/avatar\/7a4cf8feb412a76ea4a740ca02d95b06b2907b5a6c648c2dd0a1082a093c3141?s=96&d=mm&r=g","contentUrl":"https:\/\/secure.gravatar.com\/avatar\/7a4cf8feb412a76ea4a740ca02d95b06b2907b5a6c648c2dd0a1082a093c3141?s=96&d=mm&r=g","caption":"Comunicaci\u00f3 Esplac"}}]}},"_links":{"self":[{"href":"https:\/\/www.esplac.cat\/es\/wp-json\/wp\/v2\/posts\/43405","targetHints":{"allow":["GET"]}}],"collection":[{"href":"https:\/\/www.esplac.cat\/es\/wp-json\/wp\/v2\/posts"}],"about":[{"href":"https:\/\/www.esplac.cat\/es\/wp-json\/wp\/v2\/types\/post"}],"author":[{"embeddable":true,"href":"https:\/\/www.esplac.cat\/es\/wp-json\/wp\/v2\/users\/3"}],"replies":[{"embeddable":true,"href":"https:\/\/www.esplac.cat\/es\/wp-json\/wp\/v2\/comments?post=43405"}],"version-history":[{"count":0,"href":"https:\/\/www.esplac.cat\/es\/wp-json\/wp\/v2\/posts\/43405\/revisions"}],"wp:featuredmedia":[{"embeddable":true,"href":"https:\/\/www.esplac.cat\/es\/wp-json\/wp\/v2\/media\/43415"}],"wp:attachment":[{"href":"https:\/\/www.esplac.cat\/es\/wp-json\/wp\/v2\/media?parent=43405"}],"wp:term":[{"taxonomy":"category","embeddable":true,"href":"https:\/\/www.esplac.cat\/es\/wp-json\/wp\/v2\/categories?post=43405"},{"taxonomy":"post_tag","embeddable":true,"href":"https:\/\/www.esplac.cat\/es\/wp-json\/wp\/v2\/tags?post=43405"}],"curies":[{"name":"wp","href":"https:\/\/api.w.org\/{rel}","templated":true}]}}