{"id":43420,"date":"2023-02-08T12:58:28","date_gmt":"2023-02-08T10:58:28","guid":{"rendered":"https:\/\/www.esplac.cat\/?p=43420"},"modified":"2023-02-09T11:45:17","modified_gmt":"2023-02-09T09:45:17","slug":"participar-nova-formacio-internacional-antimilitarism-peace","status":"publish","type":"post","link":"https:\/\/www.esplac.cat\/es\/participar-nova-formacio-internacional-antimilitarism-peace\/","title":{"rendered":"Vols participar en la nova formaci\u00f3 internacional &#8216;Antimilitarism and Peace&#8217;?"},"content":{"rendered":"<h6><strong><i>El Centre Kurt L\u00f6wenstein (Alemanya) ofereix una nova trobada formativa per entendre les claus de la creixent militaritzaci\u00f3 i trobar respostes conjuntes que passin per l\u2019educaci\u00f3 per la pau i els valors de la solidaritat internacional<\/i><\/strong><\/h6>\n<p><span style=\"font-weight: 400;\">La pol\u00edtica d\u2019exteriors dels partits d\u2019esquerra est\u00e0 morta? On queden els valors de l\u2019antimilitarisme i pau despr\u00e9s del \u201c<\/span><span style=\"color: #f69d0b;\"><strong><a style=\"color: #f69d0b;\" href=\"https:\/\/en.wikipedia.org\/wiki\/Zeitenwende_speech\">Zeitenwende<\/a><\/strong><\/span><span style=\"font-weight: 400;\">\u201d*? (<\/span><i><span style=\"font-weight: 400;\">Is left-wing foreign policy dead? Antimilitarism and Peace after the \u00abZeitenwende\u00bb<\/span><\/i><span style=\"font-weight: 400;\">). <\/span><span style=\"font-weight: 400;\">Aquestes s\u00f3n les dues preguntes que el <span style=\"color: #f69d0b;\"><strong><a style=\"color: #f69d0b;\" href=\"https:\/\/www.kurt-loewenstein.de\/de\/englische_seite\/index.html\" target=\"_blank\" rel=\"noopener\">Centre Kurt L\u00f6wenstein<\/a><\/strong><\/span> vol tractar en el seu nou seminari internacional. <\/span><\/p>\n<p><span style=\"font-weight: 400;\">En el marc de la invasi\u00f3 russa a Ucra\u00efna, el 27 de febrer de 2022 el canceller alemany Gustav Scholz va pronunciar un discurs en qu\u00e8 situava un nou paradigma per Alemanya i la UE. En aquest context anunciava mesures de xoc com, entre d&#8217;altres, un <strong>augment en la despesa militar<\/strong> que significa el rearmament m\u00e9s gran del pa\u00eds des de la Segona Guerra Mundial.<\/span><\/p>\n<p><span style=\"font-weight: 400;\">Des de llavors hem vist com l\u2019<strong>impacte de la guerra est\u00e0 canviant les accions en mat\u00e8ria d\u2019exteriors dels governs dels nostres pa\u00efsos<\/strong> i les condicions sota les quals vivim. Hi ha retallades en pol\u00edtiques socials i les classes populars malden per l\u2019encariment del cost de la vida, per\u00f2 en paral\u00b7lel s\u2019incrementa la despesa militar o es toleren governs d\u2019ultradreta a Europa sota el pretext de la unitat contra Putin.<\/span><\/p>\n<p><span style=\"font-weight: 400;\">L&#8217;objectiu d&#8217;aquest seminari \u00e9s treballar <strong>quines respostes podem donar a aquests reptes.<\/strong> Quines de les nostres visions cal canviar o reafirmar? Des de les nostres organitzacions com podem treballar per refermar els nostres valors en aquest context complex i advers? Amb sessions de debat, formacions i altres din\u00e0miques es treballar\u00e0 per tenir una perspectiva comuna basada en els valors de l\u2019internacionalisme.<\/span><\/p>\n<p><span style=\"font-weight: 400;\">L\u2019equip internacional del <strong>Centre Kurt L\u00f6wenstein<\/strong> ha preparat el programa d\u2019activitats i sessions, que proposa treballar en din\u00e0miques, debats i espais autogestionats. Tamb\u00e9 hi haur\u00e0 temps lliure durant el dia i les nits a c\u00e0rrec de les participants.\u00a0<\/span><\/p>\n<p><em><span style=\"font-weight: 400;\">*\u00bbCanvi d\u2019\u00e8poca\u201d o \u201cmoment de canvi\u201d en alemany.\u00a0<\/span><\/em><\/p>\n<p><span style=\"font-weight: 400;\">Articles en catal\u00e0 sobre el tema:\u00a0<\/span><\/p>\n<ul>\n<li style=\"font-weight: 400;\" aria-level=\"1\"><span style=\"color: #f69d0b;\"><strong><a style=\"color: #f69d0b;\" href=\"https:\/\/www.elpuntavui.cat\/politica\/article\/17-politica\/2228949-el-canceller-i-el-zeitenwende.html\">El canceller i el \u2018Zeitenwende\u2019<\/a><\/strong><\/span><span style=\"font-weight: 400;\"> (11\/12\/2022 &#8211; El Punt Avui)<\/span><\/li>\n<li style=\"font-weight: 400;\" aria-level=\"1\"><span style=\"color: #f69d0b;\"><strong><a style=\"color: #f69d0b;\" href=\"https:\/\/conversesacatalunya.cat\/zeitenwende-canvi-depoca-vist-des-dalemanya\/\">Zeitenwende, qu\u00e8 \u00e9s?<\/a><\/strong><\/span><span style=\"font-weight: 400;\"> (5\/01\/2023 &#8211; Converses a Catalunya)<br \/>\n<\/span><\/li>\n<\/ul>\n<blockquote><p><b>Dates:<\/b><span style=\"font-weight: 400;\"> 31 de mar\u00e7 al 3 d\u2019abril 2023*<\/span><\/p>\n<p><b>Lloc:<\/b><span style=\"font-weight: 400;\"> Centre Kurt L\u00f6wenstein (Werftpfuhl &#8211; Alemanya)<\/span><\/p>\n<p><b>Cost:<\/b><span style=\"font-weight: 400;\"> subvencionat pel programa Erasmus+<\/span><\/p>\n<p><b>Idioma de treball: <\/b><span style=\"font-weight: 400;\">Angl\u00e8s<\/span><\/p>\n<p><b>Places disponibles per Esplac<\/b><span style=\"font-weight: 400;\">: 4<\/span><\/p>\n<p><b>Com m\u2019inscric? <\/b><span style=\"color: #f69d0b;\"><strong><a style=\"color: #f69d0b;\" href=\"https:\/\/era.esplac.cat\/#\/gestio-personal\/activitats\" target=\"_blank\" rel=\"noopener\">A trav\u00e9s de l\u2019Era!\u00a0<\/a><\/strong><\/span><\/p><\/blockquote>\n<p><span style=\"font-weight: 400;\">*<em>Hi ha la possibilitat d\u2019allargar l\u2019estada participant de la <\/em><\/span><span style=\"font-weight: 400;\"><em><strong><span style=\"color: #f69d0b;\"><a style=\"color: #f69d0b;\" href=\"https:\/\/www.esplac.cat\/lets-talk-about-sex-queer-easter-2023\/\" target=\"_blank\" rel=\"noopener\">Queer Easter<\/a><\/span><\/strong>.<\/em><\/span><\/p>\n<p><span style=\"font-weight: 400;\">Tens temps<\/span><b> fins al 26 de febrer! <\/b><span style=\"font-weight: 400;\">Un cop tancat el per\u00edode d\u2019inscripci\u00f3 t\u2019informarem si has estat seleccionada per participar en aquest seminari.<\/span><\/p>\n<p><b>IMPORTANT! Informaci\u00f3 relacionada amb la Covid-19<br \/>\n<\/b>El Centre Kurt Low\u00ebnstein segueix un protocol sanitari per evitar els contagis per Covid-19 durant les seves formacions i garantir un espai \u201czero covid\u201d. Se segueixen unes normes d\u2019higiene (com portar mascareta als espais tancats). Per entrar al centre\u00a0<b>fa falta el certificat de vacunaci\u00f3 (tres dosis), certificat de recuperaci\u00f3 o certificat amb dues vacunes amb un test negatiu<\/b>. Fins ara han dut a terme satisfact\u00f2riament totes les formacions i encara apliquen aquest protocol. En cas de cancel\u00b7laci\u00f3 no s\u2019haur\u00e0 de pagar cap quota.<\/p>\n<p>Malgrat que ja no hi ha restriccions per viatjar i entrar a Alemanya des dels pa\u00efsos de la UE, podeu consultar tota la informaci\u00f3\u00a0<span style=\"color: #f69d0b;\"><a style=\"color: #f69d0b;\" href=\"https:\/\/www.auswaertiges-amt.de\/en\/coronavirus\/2317268\" target=\"_blank\" rel=\"noopener\"><strong>aqu\u00ed<\/strong><\/a><\/span>.<\/p>\n<p><b>M\u00e9s informaci\u00f3 i contacte:\u00a0<\/b>\u00a0<strong><span style=\"color: #f69d0b;\"><a style=\"color: #f69d0b;\" href=\"mailto:internacional@esplac.cat\">internacional@esplac.cat<\/a><\/span><\/strong>\u00a0 \/ 722 67 21 66<\/p>\n","protected":false},"excerpt":{"rendered":"<p>El Centre Kurt L\u00f6wenstein (Alemanya) ofereix una nova trobada formativa [&hellip;]<\/p>\n","protected":false},"author":3,"featured_media":43430,"comment_status":"closed","ping_status":"closed","sticky":false,"template":"","format":"standard","meta":{"om_disable_all_campaigns":false,"_monsterinsights_skip_tracking":false,"_monsterinsights_sitenote_active":false,"_monsterinsights_sitenote_note":"","_monsterinsights_sitenote_category":0,"_uf_show_specific_survey":0,"_uf_disable_surveys":false,"footnotes":""},"categories":[1112,1],"tags":[],"class_list":["post-43420","post","type-post","status-publish","format-standard","has-post-thumbnail","hentry","category-esplac-al-mon","category-sense-categoria"],"yoast_head":"<!-- This site is optimized with the Yoast SEO plugin v27.5 - https:\/\/yoast.com\/product\/yoast-seo-wordpress\/ -->\n<title>Nova formaci\u00f3 internacional &#039;Antimilitarism and Peace&#039;<\/title>\n<meta name=\"description\" content=\"La pol\u00edtica d\u2019exteriors dels partits d\u2019esquerra est\u00e0 morta? On queden els valors de l\u2019antimilitarisme i pau despr\u00e9s del \u201cZeitenwende\u201d?\" \/>\n<meta name=\"robots\" content=\"index, follow, max-snippet:-1, max-image-preview:large, max-video-preview:-1\" \/>\n<link rel=\"canonical\" href=\"https:\/\/www.esplac.cat\/participar-nova-formacio-internacional-antimilitarism-peace\/\" \/>\n<meta property=\"og:locale\" content=\"es_ES\" \/>\n<meta property=\"og:type\" content=\"article\" \/>\n<meta property=\"og:title\" content=\"Nova formaci\u00f3 internacional &#039;Antimilitarism and Peace&#039;\" \/>\n<meta property=\"og:description\" content=\"La pol\u00edtica d\u2019exteriors dels partits d\u2019esquerra est\u00e0 morta? On queden els valors de l\u2019antimilitarisme i pau despr\u00e9s del \u201cZeitenwende\u201d?\" \/>\n<meta property=\"og:url\" content=\"https:\/\/www.esplac.cat\/participar-nova-formacio-internacional-antimilitarism-peace\/\" \/>\n<meta property=\"og:site_name\" content=\"Esplac\" \/>\n<meta property=\"article:published_time\" content=\"2023-02-08T10:58:28+00:00\" \/>\n<meta property=\"article:modified_time\" content=\"2023-02-09T09:45:17+00:00\" \/>\n<meta property=\"og:image\" content=\"https:\/\/www.esplac.cat\/wp-content\/uploads\/2023\/02\/Portades-Web-1-3.jpg\" \/>\n\t<meta property=\"og:image:width\" content=\"1697\" \/>\n\t<meta property=\"og:image:height\" content=\"700\" \/>\n\t<meta property=\"og:image:type\" content=\"image\/jpeg\" \/>\n<meta name=\"author\" content=\"Comunicaci\u00f3 Esplac\" \/>\n<meta name=\"twitter:card\" content=\"summary_large_image\" \/>\n<meta name=\"twitter:label1\" content=\"Escrito por\" \/>\n\t<meta name=\"twitter:data1\" content=\"Comunicaci\u00f3 Esplac\" \/>\n\t<meta name=\"twitter:label2\" content=\"Tiempo de lectura\" \/>\n\t<meta name=\"twitter:data2\" content=\"3 minutos\" \/>\n<script type=\"application\/ld+json\" class=\"yoast-schema-graph\">{\"@context\":\"https:\\\/\\\/schema.org\",\"@graph\":[{\"@type\":\"Article\",\"@id\":\"https:\\\/\\\/www.esplac.cat\\\/participar-nova-formacio-internacional-antimilitarism-peace\\\/#article\",\"isPartOf\":{\"@id\":\"https:\\\/\\\/www.esplac.cat\\\/participar-nova-formacio-internacional-antimilitarism-peace\\\/\"},\"author\":{\"name\":\"Comunicaci\u00f3 Esplac\",\"@id\":\"https:\\\/\\\/www.esplac.cat\\\/#\\\/schema\\\/person\\\/908383cf240be18b68f8855d0583faca\"},\"headline\":\"Vols participar en la nova formaci\u00f3 internacional &#8216;Antimilitarism and Peace&#8217;?\",\"datePublished\":\"2023-02-08T10:58:28+00:00\",\"dateModified\":\"2023-02-09T09:45:17+00:00\",\"mainEntityOfPage\":{\"@id\":\"https:\\\/\\\/www.esplac.cat\\\/participar-nova-formacio-internacional-antimilitarism-peace\\\/\"},\"wordCount\":591,\"publisher\":{\"@id\":\"https:\\\/\\\/www.esplac.cat\\\/#organization\"},\"image\":{\"@id\":\"https:\\\/\\\/www.esplac.cat\\\/participar-nova-formacio-internacional-antimilitarism-peace\\\/#primaryimage\"},\"thumbnailUrl\":\"https:\\\/\\\/www.esplac.cat\\\/wp-content\\\/uploads\\\/2023\\\/02\\\/Portades-Web-1-3.jpg\",\"articleSection\":[\"Esplac al m\u00f3n\",\"Sense categoria\"],\"inLanguage\":\"es\"},{\"@type\":\"WebPage\",\"@id\":\"https:\\\/\\\/www.esplac.cat\\\/participar-nova-formacio-internacional-antimilitarism-peace\\\/\",\"url\":\"https:\\\/\\\/www.esplac.cat\\\/participar-nova-formacio-internacional-antimilitarism-peace\\\/\",\"name\":\"Nova formaci\u00f3 internacional 'Antimilitarism and Peace'\",\"isPartOf\":{\"@id\":\"https:\\\/\\\/www.esplac.cat\\\/#website\"},\"primaryImageOfPage\":{\"@id\":\"https:\\\/\\\/www.esplac.cat\\\/participar-nova-formacio-internacional-antimilitarism-peace\\\/#primaryimage\"},\"image\":{\"@id\":\"https:\\\/\\\/www.esplac.cat\\\/participar-nova-formacio-internacional-antimilitarism-peace\\\/#primaryimage\"},\"thumbnailUrl\":\"https:\\\/\\\/www.esplac.cat\\\/wp-content\\\/uploads\\\/2023\\\/02\\\/Portades-Web-1-3.jpg\",\"datePublished\":\"2023-02-08T10:58:28+00:00\",\"dateModified\":\"2023-02-09T09:45:17+00:00\",\"description\":\"La pol\u00edtica d\u2019exteriors dels partits d\u2019esquerra est\u00e0 morta? On queden els valors de l\u2019antimilitarisme i pau despr\u00e9s del \u201cZeitenwende\u201d?\",\"breadcrumb\":{\"@id\":\"https:\\\/\\\/www.esplac.cat\\\/participar-nova-formacio-internacional-antimilitarism-peace\\\/#breadcrumb\"},\"inLanguage\":\"es\",\"potentialAction\":[{\"@type\":\"ReadAction\",\"target\":[\"https:\\\/\\\/www.esplac.cat\\\/participar-nova-formacio-internacional-antimilitarism-peace\\\/\"]}]},{\"@type\":\"ImageObject\",\"inLanguage\":\"es\",\"@id\":\"https:\\\/\\\/www.esplac.cat\\\/participar-nova-formacio-internacional-antimilitarism-peace\\\/#primaryimage\",\"url\":\"https:\\\/\\\/www.esplac.cat\\\/wp-content\\\/uploads\\\/2023\\\/02\\\/Portades-Web-1-3.jpg\",\"contentUrl\":\"https:\\\/\\\/www.esplac.cat\\\/wp-content\\\/uploads\\\/2023\\\/02\\\/Portades-Web-1-3.jpg\",\"width\":1697,\"height\":700,\"caption\":\"Formaci\u00f3 Internacional Antimilitarism and Peace\"},{\"@type\":\"BreadcrumbList\",\"@id\":\"https:\\\/\\\/www.esplac.cat\\\/participar-nova-formacio-internacional-antimilitarism-peace\\\/#breadcrumb\",\"itemListElement\":[{\"@type\":\"ListItem\",\"position\":1,\"name\":\"Inici\",\"item\":\"https:\\\/\\\/www.esplac.cat\\\/es\\\/\"},{\"@type\":\"ListItem\",\"position\":2,\"name\":\"Vols participar en la nova formaci\u00f3 internacional &#8216;Antimilitarism and Peace&#8217;?\"}]},{\"@type\":\"WebSite\",\"@id\":\"https:\\\/\\\/www.esplac.cat\\\/#website\",\"url\":\"https:\\\/\\\/www.esplac.cat\\\/\",\"name\":\"Esplac\",\"description\":\"Esplais Catalans\",\"publisher\":{\"@id\":\"https:\\\/\\\/www.esplac.cat\\\/#organization\"},\"potentialAction\":[{\"@type\":\"SearchAction\",\"target\":{\"@type\":\"EntryPoint\",\"urlTemplate\":\"https:\\\/\\\/www.esplac.cat\\\/?s={search_term_string}\"},\"query-input\":{\"@type\":\"PropertyValueSpecification\",\"valueRequired\":true,\"valueName\":\"search_term_string\"}}],\"inLanguage\":\"es\"},{\"@type\":\"Organization\",\"@id\":\"https:\\\/\\\/www.esplac.cat\\\/#organization\",\"name\":\"Esplac\",\"url\":\"https:\\\/\\\/www.esplac.cat\\\/\",\"logo\":{\"@type\":\"ImageObject\",\"inLanguage\":\"es\",\"@id\":\"https:\\\/\\\/www.esplac.cat\\\/#\\\/schema\\\/logo\\\/image\\\/\",\"url\":\"https:\\\/\\\/www.esplac.cat\\\/wp-content\\\/uploads\\\/2019\\\/08\\\/logox2.png\",\"contentUrl\":\"https:\\\/\\\/www.esplac.cat\\\/wp-content\\\/uploads\\\/2019\\\/08\\\/logox2.png\",\"width\":600,\"height\":295,\"caption\":\"Esplac\"},\"image\":{\"@id\":\"https:\\\/\\\/www.esplac.cat\\\/#\\\/schema\\\/logo\\\/image\\\/\"}},{\"@type\":\"Person\",\"@id\":\"https:\\\/\\\/www.esplac.cat\\\/#\\\/schema\\\/person\\\/908383cf240be18b68f8855d0583faca\",\"name\":\"Comunicaci\u00f3 Esplac\",\"image\":{\"@type\":\"ImageObject\",\"inLanguage\":\"es\",\"@id\":\"https:\\\/\\\/secure.gravatar.com\\\/avatar\\\/7a4cf8feb412a76ea4a740ca02d95b06b2907b5a6c648c2dd0a1082a093c3141?s=96&d=mm&r=g\",\"url\":\"https:\\\/\\\/secure.gravatar.com\\\/avatar\\\/7a4cf8feb412a76ea4a740ca02d95b06b2907b5a6c648c2dd0a1082a093c3141?s=96&d=mm&r=g\",\"contentUrl\":\"https:\\\/\\\/secure.gravatar.com\\\/avatar\\\/7a4cf8feb412a76ea4a740ca02d95b06b2907b5a6c648c2dd0a1082a093c3141?s=96&d=mm&r=g\",\"caption\":\"Comunicaci\u00f3 Esplac\"}}]}<\/script>\n<!-- \/ Yoast SEO plugin. -->","yoast_head_json":{"title":"Nova formaci\u00f3 internacional 'Antimilitarism and Peace'","description":"La pol\u00edtica d\u2019exteriors dels partits d\u2019esquerra est\u00e0 morta? On queden els valors de l\u2019antimilitarisme i pau despr\u00e9s del \u201cZeitenwende\u201d?","robots":{"index":"index","follow":"follow","max-snippet":"max-snippet:-1","max-image-preview":"max-image-preview:large","max-video-preview":"max-video-preview:-1"},"canonical":"https:\/\/www.esplac.cat\/participar-nova-formacio-internacional-antimilitarism-peace\/","og_locale":"es_ES","og_type":"article","og_title":"Nova formaci\u00f3 internacional 'Antimilitarism and Peace'","og_description":"La pol\u00edtica d\u2019exteriors dels partits d\u2019esquerra est\u00e0 morta? On queden els valors de l\u2019antimilitarisme i pau despr\u00e9s del \u201cZeitenwende\u201d?","og_url":"https:\/\/www.esplac.cat\/participar-nova-formacio-internacional-antimilitarism-peace\/","og_site_name":"Esplac","article_published_time":"2023-02-08T10:58:28+00:00","article_modified_time":"2023-02-09T09:45:17+00:00","og_image":[{"width":1697,"height":700,"url":"https:\/\/www.esplac.cat\/wp-content\/uploads\/2023\/02\/Portades-Web-1-3.jpg","type":"image\/jpeg"}],"author":"Comunicaci\u00f3 Esplac","twitter_card":"summary_large_image","twitter_misc":{"Escrito por":"Comunicaci\u00f3 Esplac","Tiempo de lectura":"3 minutos"},"schema":{"@context":"https:\/\/schema.org","@graph":[{"@type":"Article","@id":"https:\/\/www.esplac.cat\/participar-nova-formacio-internacional-antimilitarism-peace\/#article","isPartOf":{"@id":"https:\/\/www.esplac.cat\/participar-nova-formacio-internacional-antimilitarism-peace\/"},"author":{"name":"Comunicaci\u00f3 Esplac","@id":"https:\/\/www.esplac.cat\/#\/schema\/person\/908383cf240be18b68f8855d0583faca"},"headline":"Vols participar en la nova formaci\u00f3 internacional &#8216;Antimilitarism and Peace&#8217;?","datePublished":"2023-02-08T10:58:28+00:00","dateModified":"2023-02-09T09:45:17+00:00","mainEntityOfPage":{"@id":"https:\/\/www.esplac.cat\/participar-nova-formacio-internacional-antimilitarism-peace\/"},"wordCount":591,"publisher":{"@id":"https:\/\/www.esplac.cat\/#organization"},"image":{"@id":"https:\/\/www.esplac.cat\/participar-nova-formacio-internacional-antimilitarism-peace\/#primaryimage"},"thumbnailUrl":"https:\/\/www.esplac.cat\/wp-content\/uploads\/2023\/02\/Portades-Web-1-3.jpg","articleSection":["Esplac al m\u00f3n","Sense categoria"],"inLanguage":"es"},{"@type":"WebPage","@id":"https:\/\/www.esplac.cat\/participar-nova-formacio-internacional-antimilitarism-peace\/","url":"https:\/\/www.esplac.cat\/participar-nova-formacio-internacional-antimilitarism-peace\/","name":"Nova formaci\u00f3 internacional 'Antimilitarism and Peace'","isPartOf":{"@id":"https:\/\/www.esplac.cat\/#website"},"primaryImageOfPage":{"@id":"https:\/\/www.esplac.cat\/participar-nova-formacio-internacional-antimilitarism-peace\/#primaryimage"},"image":{"@id":"https:\/\/www.esplac.cat\/participar-nova-formacio-internacional-antimilitarism-peace\/#primaryimage"},"thumbnailUrl":"https:\/\/www.esplac.cat\/wp-content\/uploads\/2023\/02\/Portades-Web-1-3.jpg","datePublished":"2023-02-08T10:58:28+00:00","dateModified":"2023-02-09T09:45:17+00:00","description":"La pol\u00edtica d\u2019exteriors dels partits d\u2019esquerra est\u00e0 morta? On queden els valors de l\u2019antimilitarisme i pau despr\u00e9s del \u201cZeitenwende\u201d?","breadcrumb":{"@id":"https:\/\/www.esplac.cat\/participar-nova-formacio-internacional-antimilitarism-peace\/#breadcrumb"},"inLanguage":"es","potentialAction":[{"@type":"ReadAction","target":["https:\/\/www.esplac.cat\/participar-nova-formacio-internacional-antimilitarism-peace\/"]}]},{"@type":"ImageObject","inLanguage":"es","@id":"https:\/\/www.esplac.cat\/participar-nova-formacio-internacional-antimilitarism-peace\/#primaryimage","url":"https:\/\/www.esplac.cat\/wp-content\/uploads\/2023\/02\/Portades-Web-1-3.jpg","contentUrl":"https:\/\/www.esplac.cat\/wp-content\/uploads\/2023\/02\/Portades-Web-1-3.jpg","width":1697,"height":700,"caption":"Formaci\u00f3 Internacional Antimilitarism and Peace"},{"@type":"BreadcrumbList","@id":"https:\/\/www.esplac.cat\/participar-nova-formacio-internacional-antimilitarism-peace\/#breadcrumb","itemListElement":[{"@type":"ListItem","position":1,"name":"Inici","item":"https:\/\/www.esplac.cat\/es\/"},{"@type":"ListItem","position":2,"name":"Vols participar en la nova formaci\u00f3 internacional &#8216;Antimilitarism and Peace&#8217;?"}]},{"@type":"WebSite","@id":"https:\/\/www.esplac.cat\/#website","url":"https:\/\/www.esplac.cat\/","name":"Esplac","description":"Esplais Catalans","publisher":{"@id":"https:\/\/www.esplac.cat\/#organization"},"potentialAction":[{"@type":"SearchAction","target":{"@type":"EntryPoint","urlTemplate":"https:\/\/www.esplac.cat\/?s={search_term_string}"},"query-input":{"@type":"PropertyValueSpecification","valueRequired":true,"valueName":"search_term_string"}}],"inLanguage":"es"},{"@type":"Organization","@id":"https:\/\/www.esplac.cat\/#organization","name":"Esplac","url":"https:\/\/www.esplac.cat\/","logo":{"@type":"ImageObject","inLanguage":"es","@id":"https:\/\/www.esplac.cat\/#\/schema\/logo\/image\/","url":"https:\/\/www.esplac.cat\/wp-content\/uploads\/2019\/08\/logox2.png","contentUrl":"https:\/\/www.esplac.cat\/wp-content\/uploads\/2019\/08\/logox2.png","width":600,"height":295,"caption":"Esplac"},"image":{"@id":"https:\/\/www.esplac.cat\/#\/schema\/logo\/image\/"}},{"@type":"Person","@id":"https:\/\/www.esplac.cat\/#\/schema\/person\/908383cf240be18b68f8855d0583faca","name":"Comunicaci\u00f3 Esplac","image":{"@type":"ImageObject","inLanguage":"es","@id":"https:\/\/secure.gravatar.com\/avatar\/7a4cf8feb412a76ea4a740ca02d95b06b2907b5a6c648c2dd0a1082a093c3141?s=96&d=mm&r=g","url":"https:\/\/secure.gravatar.com\/avatar\/7a4cf8feb412a76ea4a740ca02d95b06b2907b5a6c648c2dd0a1082a093c3141?s=96&d=mm&r=g","contentUrl":"https:\/\/secure.gravatar.com\/avatar\/7a4cf8feb412a76ea4a740ca02d95b06b2907b5a6c648c2dd0a1082a093c3141?s=96&d=mm&r=g","caption":"Comunicaci\u00f3 Esplac"}}]}},"_links":{"self":[{"href":"https:\/\/www.esplac.cat\/es\/wp-json\/wp\/v2\/posts\/43420","targetHints":{"allow":["GET"]}}],"collection":[{"href":"https:\/\/www.esplac.cat\/es\/wp-json\/wp\/v2\/posts"}],"about":[{"href":"https:\/\/www.esplac.cat\/es\/wp-json\/wp\/v2\/types\/post"}],"author":[{"embeddable":true,"href":"https:\/\/www.esplac.cat\/es\/wp-json\/wp\/v2\/users\/3"}],"replies":[{"embeddable":true,"href":"https:\/\/www.esplac.cat\/es\/wp-json\/wp\/v2\/comments?post=43420"}],"version-history":[{"count":0,"href":"https:\/\/www.esplac.cat\/es\/wp-json\/wp\/v2\/posts\/43420\/revisions"}],"wp:featuredmedia":[{"embeddable":true,"href":"https:\/\/www.esplac.cat\/es\/wp-json\/wp\/v2\/media\/43430"}],"wp:attachment":[{"href":"https:\/\/www.esplac.cat\/es\/wp-json\/wp\/v2\/media?parent=43420"}],"wp:term":[{"taxonomy":"category","embeddable":true,"href":"https:\/\/www.esplac.cat\/es\/wp-json\/wp\/v2\/categories?post=43420"},{"taxonomy":"post_tag","embeddable":true,"href":"https:\/\/www.esplac.cat\/es\/wp-json\/wp\/v2\/tags?post=43420"}],"curies":[{"name":"wp","href":"https:\/\/api.w.org\/{rel}","templated":true}]}}