{"id":4345,"date":"2018-01-10T12:42:20","date_gmt":"2018-01-10T10:42:20","guid":{"rendered":"https:\/\/www.somesplai.cat\/?p=4345"},"modified":"2019-11-28T14:24:17","modified_gmt":"2019-11-28T13:24:17","slug":"el-gir-politic-daustria","status":"publish","type":"post","link":"https:\/\/www.esplac.cat\/es\/el-gir-politic-daustria\/","title":{"rendered":"El gir pol\u00edtic d&#8217;\u00c0ustria: sense paraules"},"content":{"rendered":"<h5>10-gener-2018<\/h5>\n<p>Autora: <strong>Al\u00edcia<\/strong> <strong>Aranda<\/strong>, monitora de l\u2019<a href=\"https:\/\/esplaieixam.wordpress.com\/\" target=\"_blank\" rel=\"noopener noreferrer\">Esplai Eixam<\/a> de Rub\u00ed i participant en un SVE a Salzburg.<\/p>\n<hr>\n<p style=\"text-align: justify;\">La situaci\u00f3 a \u00c0ustria en aquests \u00faltims mesos ha estat desconeguda per a molta de la gent que conec, i per aix\u00f2 he cregut important dedicar aquesta entrada al blog a parlar d\u2019unes eleccions nacionals que han canviat per complet la traject\u00f2ria pol\u00edtica del pa\u00eds.<\/p>\n<p style=\"text-align: justify;\">En els \u00faltims 20 anys, el govern austr\u00edac estava format per una coalici\u00f3 entre <strong>SP\u00d6<\/strong> (partit socialdem\u00f2crata) i <strong>\u00d6VP<\/strong> (partit popular de centredreta). Organitzacions com ara <a href=\"http:\/\/www.kinderfreunde.at\/\" target=\"_blank\" rel=\"noopener noreferrer\">Kinderfreunde<\/a>, de la qual formo part, reben subvencions del partit socialdem\u00f2crata (SP\u00d6). Aquest cop, per\u00f2, va sortir una coalici\u00f3 entre \u00d6VP i <strong>FP\u00d6<\/strong>, un partit de dretes centrat a protegir a la \u201cseva\u201d gent i la seva p\u00e0tria; van formar govern el 18 de desembre passat. Per aclarir una mica el nivell de la situaci\u00f3, crec que \u00e9s important comentar que la majoria dels nous ministres austr\u00edacs s\u00f3n de l\u2019FP\u00d6 (el partit de dretes i antiimmigrants), i molts d\u2019ells tenen connexions amb associacions i activitats de l\u2019ultradreta, vinculades al nacionalisme (com fer la salutacio nazi) i al racisme. Alguns dels seus discursos contenen missatges alarmants, com seria el cas del nou ministre de assumptes estrangers.<\/p>\n<p style=\"text-align: justify;\">Algunes <strong>noves mesures del govern<\/strong> vigent s\u00f3n ampliar les hores laborals di\u00e0ries a dotze, fer retallades salarials, fer les escoles bressol de pagament i obligar els universitaris, que fins ara estaven gaudint d\u2019estudis gratu\u00efts, a pagar 1.000 euros a l\u2019any. I en la pol\u00edtica de discapacitat hi ha un programa retr\u00f2grad sense innovaci\u00f3, ni previsi\u00f3 que n\u2019hi hagi.<\/p>\n<p style=\"text-align: justify;\">El nou govern federal parla de just\u00edcia social, per\u00f2, com era d\u2019esperar, ha ocorregut tot el contrari. Es plantegen grans retallades en l\u2019\u00e0mbit familiar i, paral\u00b7lelament, s\u2019introdueix una bonificaci\u00f3 familiar per a aquells que tenen una situaci\u00f3 financera m\u00e9s favorable. D\u2019aquesta maners, fan m\u00e9s ric el ric i m\u00e9s pobre el pobre.<\/p>\n<p style=\"text-align: justify;\">\u00d2bviament, les organitzacions socials com la meva rebrem retallades i aix\u00f2 far\u00e0 que haguem de cancel\u00b7lar alguns projectes. El nou govern dona una prioritat absoluta als interessos econ\u00f2mics. Kinderfreunde \u00e9s una organitzaci\u00f3 molt gran, amb molts projectes diferents: llars d\u2019infants gratu\u00eftes per a fills de fam\u00edlies, escoles per a adults i cursos d\u2019alemany, activitats i jocs basats en l\u2019educaci\u00f3 no formal amb nens de les zones marginals de la ciutat i amb infants refugiats, casals de joves, intercanvis de joves, etc. Totes i cadascuna d\u2019aquestes iniciatives s\u00f3n importants i no s\u2019hauria de permetre la seva eliminaci\u00f3.<\/p>\n<p style=\"text-align: justify;\">Com a participant en aquest projecte de voluntariat i com a membre d\u2019Esplac, crec que \u00e9s imprescindible remarcar la import\u00e0ncia de les pol\u00edtiques d\u2019inclusi\u00f3 social, el valor de la internacionalitat i el treball social. Especialment despr\u00e9s d\u2019aquests fets, no hem de deixar de lluitar.<\/p>\n<p style=\"text-align: justify;\">Amb l\u2019objectiu d\u2019arribar a m\u00e9s gent i que les persones que no dominin el catal\u00e0 puguin entendre el contingut de l\u2019article, n\u2019adjunto la <strong>traducci\u00f3 al castell\u00e0<\/strong>.<\/p>\n<p style=\"text-align: justify;\">*Amb tot, vull deixar pal\u00e8s que Kinderfreunde est\u00e0 afiliada a l\u2019SP\u00d6, ja que va n\u00e9ixer de la mateixa iniciativa i rep subvencions del partit, per\u00f2 que alhora \u00e9s una associaci\u00f3 en si mateixa i actua amb independ\u00e8ncia, no n\u2019\u00e9s cap esp\u00f2nsor ni res semblant.<\/p>\n<hr>\n<p style=\"text-align: justify;\"><strong>El giro pol\u00edtico de Austria: sin palabras<\/strong><\/p>\n<p style=\"text-align: justify;\">La situaci\u00f3n en Austria en estos \u00faltimos meses ha sido desconocida para mucha de la gente que conozco, y por eso he cre\u00eddo importante dedicar esta entrada en el blog a hablar de unas elecciones nacionales que han cambiado por completo la trayectoria pol\u00edtica del pa\u00eds.<\/p>\n<p style=\"text-align: justify;\">En los \u00faltimos 20 a\u00f1os, el gobierno austriaco estaba formado por una coalici\u00f3n entre <strong>SP\u00d6<\/strong> (partido socialdem\u00f3crata) y <strong>\u00d6VP<\/strong> (partido popular de centro). Organizaciones como <a href=\"http:\/\/www.kinderfreunde.at\/\" target=\"_blank\" rel=\"noopener noreferrer\">Kinderfreunde<\/a>, de la que formo parte, reciben subvenciones del partido socialdem\u00f3crata (SP\u00d6). Esta vez, sin embargo, sali\u00f3 una coalici\u00f3n entre \u00d6VP y <strong>FP\u00d6<\/strong>, un partido de derechas centrado en proteger a \u00absu\u00bb gente y su patria; formaron gobierno el 18 de diciembre pasado. Para aclarar un poco el nivel de la situaci\u00f3n, creo que es importante comentar que la mayor\u00eda de los nuevos ministros austriacos son del FP\u00d6 (el partido de derechas y antiinmigrantes), y muchos de ellos tienen conexiones con asociaciones y actividades de la ultraderecha, vinculadas al nacionalismo (como hacer el saludo nazi) y al racismo. Algunos de sus discursos contienen mensajes alarmantes, como ser\u00eda el caso del nuevo ministro de asuntos extranjeros.<\/p>\n<p style=\"text-align: justify;\">Algunas<strong> nuevas medidas del gobierno<\/strong> vigente son ampliar las horas laborales diarias a doce, hacer recortes salariales, hacer las guarder\u00edas de pago y obligar a los universitarios, que hasta ahora estaban disfrutando de estudios gratuitos, a pagar 1.000 euros al a\u00f1o. Y en la pol\u00edtica de discapacidad hay un programa retr\u00f3grado sin innovaci\u00f3n, ni previsi\u00f3n de que exista.<\/p>\n<p style=\"text-align: justify;\">El nuevo gobierno federal habla de justicia social, pero, como era de esperar, ha ocurrido todo lo contrario. Se plantean grandes recortes en el \u00e1mbito familiar y, paralelamente, se introduce una bonificaci\u00f3n familiar para aquellos que tienen una situaci\u00f3n financiera m\u00e1s favorable. De este modo, hacen m\u00e1s rico al rico y m\u00e1s pobre al pobre.<\/p>\n<p style=\"text-align: justify;\">Obviamente, las organizaciones sociales como la m\u00eda recibiremos recortes y esto har\u00e1 que tengamos que cancelar algunos proyectos. El nuevo gobierno da una prioridad absoluta a los intereses econ\u00f3micos. Kinderfreunde es una organizaci\u00f3n muy grande, con muchos proyectos diferentes: guarder\u00edas gratuitas para hijos de familias, escuelas para adultos y cursos de alem\u00e1n, actividades y juegos basados en la educaci\u00f3n no formal con ni\u00f1os de las zonas marginales de la ciudad y con ni\u00f1os refugiados, centros de j\u00f3venes, intercambios de j\u00f3venes, etc. Todas y cada una de estas iniciativas son importantes y no se deber\u00eda permitir su eliminaci\u00f3n.<\/p>\n<p style=\"text-align: justify;\">Como participante en este proyecto de voluntariado y como miembro de Esplac, creo que es imprescindible remarcar la importancia de las pol\u00edticas de inclusi\u00f3n social, el valor de la internacionalidad y el trabajo social. Especialmente despu\u00e9s de estos hechos, no debemos dejar de luchar.<\/p>\n<p style=\"text-align: justify;\"><strong>*<\/strong>Con todo, quiero dejar patente que Kinderfreunde est\u00e1 afiliada a la SP\u00d6, ya que naci\u00f3 de la misma iniciativa y recibe subvenciones del partido, pero que a la vez es una asociaci\u00f3n en s\u00ed misma y act\u00faa con independencia, no es una sponsor ni nada parecido.<\/p>\n","protected":false},"excerpt":{"rendered":"<p>10-gener-2018 Autora: Al\u00edcia Aranda, monitora de l\u2019Esplai Eixam de Rub\u00ed [&hellip;]<\/p>\n","protected":false},"author":3,"featured_media":4346,"comment_status":"closed","ping_status":"closed","sticky":false,"template":"","format":"standard","meta":{"om_disable_all_campaigns":false,"_monsterinsights_skip_tracking":false,"_monsterinsights_sitenote_active":false,"_monsterinsights_sitenote_note":"","_monsterinsights_sitenote_category":0,"_uf_show_specific_survey":0,"_uf_disable_surveys":false,"footnotes":""},"categories":[1168],"tags":[],"class_list":["post-4345","post","type-post","status-publish","format-standard","has-post-thumbnail","hentry","category-creuant_mirades"],"yoast_head":"<!-- This site is optimized with the Yoast SEO plugin v27.5 - https:\/\/yoast.com\/product\/yoast-seo-wordpress\/ -->\n<title>El gir pol\u00edtic d&#039;\u00c0ustria: sense paraules - Esplac<\/title>\n<meta name=\"robots\" content=\"index, follow, max-snippet:-1, max-image-preview:large, max-video-preview:-1\" \/>\n<link rel=\"canonical\" href=\"https:\/\/www.esplac.cat\/el-gir-politic-daustria\/\" \/>\n<meta property=\"og:locale\" content=\"es_ES\" \/>\n<meta property=\"og:type\" content=\"article\" \/>\n<meta property=\"og:title\" content=\"El gir pol\u00edtic d&#039;\u00c0ustria: sense paraules - Esplac\" \/>\n<meta property=\"og:description\" content=\"10-gener-2018 Autora: Al\u00edcia Aranda, monitora de l\u2019Esplai Eixam de Rub\u00ed [&hellip;]\" \/>\n<meta property=\"og:url\" content=\"https:\/\/www.esplac.cat\/el-gir-politic-daustria\/\" \/>\n<meta property=\"og:site_name\" content=\"Esplac\" \/>\n<meta property=\"article:published_time\" content=\"2018-01-10T10:42:20+00:00\" \/>\n<meta property=\"article:modified_time\" content=\"2019-11-28T13:24:17+00:00\" \/>\n<meta property=\"og:image\" content=\"https:\/\/www.esplac.cat\/wp-content\/uploads\/2019\/11\/logo-open.jpg\" \/>\n\t<meta property=\"og:image:width\" content=\"1200\" \/>\n\t<meta property=\"og:image:height\" content=\"630\" \/>\n\t<meta property=\"og:image:type\" content=\"image\/jpeg\" \/>\n<meta name=\"author\" content=\"Comunicaci\u00f3 Esplac\" \/>\n<meta name=\"twitter:card\" content=\"summary_large_image\" \/>\n<meta name=\"twitter:label1\" content=\"Escrito por\" \/>\n\t<meta name=\"twitter:data1\" content=\"Comunicaci\u00f3 Esplac\" \/>\n\t<meta name=\"twitter:label2\" content=\"Tiempo de lectura\" \/>\n\t<meta name=\"twitter:data2\" content=\"6 minutos\" \/>\n<script type=\"application\/ld+json\" class=\"yoast-schema-graph\">{\"@context\":\"https:\\\/\\\/schema.org\",\"@graph\":[{\"@type\":\"Article\",\"@id\":\"https:\\\/\\\/www.esplac.cat\\\/el-gir-politic-daustria\\\/#article\",\"isPartOf\":{\"@id\":\"https:\\\/\\\/www.esplac.cat\\\/el-gir-politic-daustria\\\/\"},\"author\":{\"name\":\"Comunicaci\u00f3 Esplac\",\"@id\":\"https:\\\/\\\/www.esplac.cat\\\/#\\\/schema\\\/person\\\/908383cf240be18b68f8855d0583faca\"},\"headline\":\"El gir pol\u00edtic d&#8217;\u00c0ustria: sense paraules\",\"datePublished\":\"2018-01-10T10:42:20+00:00\",\"dateModified\":\"2019-11-28T13:24:17+00:00\",\"mainEntityOfPage\":{\"@id\":\"https:\\\/\\\/www.esplac.cat\\\/el-gir-politic-daustria\\\/\"},\"wordCount\":1118,\"publisher\":{\"@id\":\"https:\\\/\\\/www.esplac.cat\\\/#organization\"},\"image\":{\"@id\":\"https:\\\/\\\/www.esplac.cat\\\/el-gir-politic-daustria\\\/#primaryimage\"},\"thumbnailUrl\":\"\",\"articleSection\":[\"Creuant mirades\"],\"inLanguage\":\"es\"},{\"@type\":\"WebPage\",\"@id\":\"https:\\\/\\\/www.esplac.cat\\\/el-gir-politic-daustria\\\/\",\"url\":\"https:\\\/\\\/www.esplac.cat\\\/el-gir-politic-daustria\\\/\",\"name\":\"El gir pol\u00edtic d'\u00c0ustria: sense paraules - Esplac\",\"isPartOf\":{\"@id\":\"https:\\\/\\\/www.esplac.cat\\\/#website\"},\"primaryImageOfPage\":{\"@id\":\"https:\\\/\\\/www.esplac.cat\\\/el-gir-politic-daustria\\\/#primaryimage\"},\"image\":{\"@id\":\"https:\\\/\\\/www.esplac.cat\\\/el-gir-politic-daustria\\\/#primaryimage\"},\"thumbnailUrl\":\"\",\"datePublished\":\"2018-01-10T10:42:20+00:00\",\"dateModified\":\"2019-11-28T13:24:17+00:00\",\"breadcrumb\":{\"@id\":\"https:\\\/\\\/www.esplac.cat\\\/el-gir-politic-daustria\\\/#breadcrumb\"},\"inLanguage\":\"es\",\"potentialAction\":[{\"@type\":\"ReadAction\",\"target\":[\"https:\\\/\\\/www.esplac.cat\\\/el-gir-politic-daustria\\\/\"]}]},{\"@type\":\"ImageObject\",\"inLanguage\":\"es\",\"@id\":\"https:\\\/\\\/www.esplac.cat\\\/el-gir-politic-daustria\\\/#primaryimage\",\"url\":\"\",\"contentUrl\":\"\"},{\"@type\":\"BreadcrumbList\",\"@id\":\"https:\\\/\\\/www.esplac.cat\\\/el-gir-politic-daustria\\\/#breadcrumb\",\"itemListElement\":[{\"@type\":\"ListItem\",\"position\":1,\"name\":\"Inici\",\"item\":\"https:\\\/\\\/www.esplac.cat\\\/es\\\/\"},{\"@type\":\"ListItem\",\"position\":2,\"name\":\"El gir pol\u00edtic d&#8217;\u00c0ustria: sense paraules\"}]},{\"@type\":\"WebSite\",\"@id\":\"https:\\\/\\\/www.esplac.cat\\\/#website\",\"url\":\"https:\\\/\\\/www.esplac.cat\\\/\",\"name\":\"Esplac\",\"description\":\"Esplais Catalans\",\"publisher\":{\"@id\":\"https:\\\/\\\/www.esplac.cat\\\/#organization\"},\"potentialAction\":[{\"@type\":\"SearchAction\",\"target\":{\"@type\":\"EntryPoint\",\"urlTemplate\":\"https:\\\/\\\/www.esplac.cat\\\/?s={search_term_string}\"},\"query-input\":{\"@type\":\"PropertyValueSpecification\",\"valueRequired\":true,\"valueName\":\"search_term_string\"}}],\"inLanguage\":\"es\"},{\"@type\":\"Organization\",\"@id\":\"https:\\\/\\\/www.esplac.cat\\\/#organization\",\"name\":\"Esplac\",\"url\":\"https:\\\/\\\/www.esplac.cat\\\/\",\"logo\":{\"@type\":\"ImageObject\",\"inLanguage\":\"es\",\"@id\":\"https:\\\/\\\/www.esplac.cat\\\/#\\\/schema\\\/logo\\\/image\\\/\",\"url\":\"https:\\\/\\\/www.esplac.cat\\\/wp-content\\\/uploads\\\/2019\\\/08\\\/logox2.png\",\"contentUrl\":\"https:\\\/\\\/www.esplac.cat\\\/wp-content\\\/uploads\\\/2019\\\/08\\\/logox2.png\",\"width\":600,\"height\":295,\"caption\":\"Esplac\"},\"image\":{\"@id\":\"https:\\\/\\\/www.esplac.cat\\\/#\\\/schema\\\/logo\\\/image\\\/\"}},{\"@type\":\"Person\",\"@id\":\"https:\\\/\\\/www.esplac.cat\\\/#\\\/schema\\\/person\\\/908383cf240be18b68f8855d0583faca\",\"name\":\"Comunicaci\u00f3 Esplac\",\"image\":{\"@type\":\"ImageObject\",\"inLanguage\":\"es\",\"@id\":\"https:\\\/\\\/secure.gravatar.com\\\/avatar\\\/7a4cf8feb412a76ea4a740ca02d95b06b2907b5a6c648c2dd0a1082a093c3141?s=96&d=mm&r=g\",\"url\":\"https:\\\/\\\/secure.gravatar.com\\\/avatar\\\/7a4cf8feb412a76ea4a740ca02d95b06b2907b5a6c648c2dd0a1082a093c3141?s=96&d=mm&r=g\",\"contentUrl\":\"https:\\\/\\\/secure.gravatar.com\\\/avatar\\\/7a4cf8feb412a76ea4a740ca02d95b06b2907b5a6c648c2dd0a1082a093c3141?s=96&d=mm&r=g\",\"caption\":\"Comunicaci\u00f3 Esplac\"}}]}<\/script>\n<!-- \/ Yoast SEO plugin. -->","yoast_head_json":{"title":"El gir pol\u00edtic d'\u00c0ustria: sense paraules - Esplac","robots":{"index":"index","follow":"follow","max-snippet":"max-snippet:-1","max-image-preview":"max-image-preview:large","max-video-preview":"max-video-preview:-1"},"canonical":"https:\/\/www.esplac.cat\/el-gir-politic-daustria\/","og_locale":"es_ES","og_type":"article","og_title":"El gir pol\u00edtic d'\u00c0ustria: sense paraules - Esplac","og_description":"10-gener-2018 Autora: Al\u00edcia Aranda, monitora de l\u2019Esplai Eixam de Rub\u00ed [&hellip;]","og_url":"https:\/\/www.esplac.cat\/el-gir-politic-daustria\/","og_site_name":"Esplac","article_published_time":"2018-01-10T10:42:20+00:00","article_modified_time":"2019-11-28T13:24:17+00:00","og_image":[{"width":1200,"height":630,"url":"https:\/\/www.esplac.cat\/wp-content\/uploads\/2019\/11\/logo-open.jpg","type":"image\/jpeg"}],"author":"Comunicaci\u00f3 Esplac","twitter_card":"summary_large_image","twitter_misc":{"Escrito por":"Comunicaci\u00f3 Esplac","Tiempo de lectura":"6 minutos"},"schema":{"@context":"https:\/\/schema.org","@graph":[{"@type":"Article","@id":"https:\/\/www.esplac.cat\/el-gir-politic-daustria\/#article","isPartOf":{"@id":"https:\/\/www.esplac.cat\/el-gir-politic-daustria\/"},"author":{"name":"Comunicaci\u00f3 Esplac","@id":"https:\/\/www.esplac.cat\/#\/schema\/person\/908383cf240be18b68f8855d0583faca"},"headline":"El gir pol\u00edtic d&#8217;\u00c0ustria: sense paraules","datePublished":"2018-01-10T10:42:20+00:00","dateModified":"2019-11-28T13:24:17+00:00","mainEntityOfPage":{"@id":"https:\/\/www.esplac.cat\/el-gir-politic-daustria\/"},"wordCount":1118,"publisher":{"@id":"https:\/\/www.esplac.cat\/#organization"},"image":{"@id":"https:\/\/www.esplac.cat\/el-gir-politic-daustria\/#primaryimage"},"thumbnailUrl":"","articleSection":["Creuant mirades"],"inLanguage":"es"},{"@type":"WebPage","@id":"https:\/\/www.esplac.cat\/el-gir-politic-daustria\/","url":"https:\/\/www.esplac.cat\/el-gir-politic-daustria\/","name":"El gir pol\u00edtic d'\u00c0ustria: sense paraules - Esplac","isPartOf":{"@id":"https:\/\/www.esplac.cat\/#website"},"primaryImageOfPage":{"@id":"https:\/\/www.esplac.cat\/el-gir-politic-daustria\/#primaryimage"},"image":{"@id":"https:\/\/www.esplac.cat\/el-gir-politic-daustria\/#primaryimage"},"thumbnailUrl":"","datePublished":"2018-01-10T10:42:20+00:00","dateModified":"2019-11-28T13:24:17+00:00","breadcrumb":{"@id":"https:\/\/www.esplac.cat\/el-gir-politic-daustria\/#breadcrumb"},"inLanguage":"es","potentialAction":[{"@type":"ReadAction","target":["https:\/\/www.esplac.cat\/el-gir-politic-daustria\/"]}]},{"@type":"ImageObject","inLanguage":"es","@id":"https:\/\/www.esplac.cat\/el-gir-politic-daustria\/#primaryimage","url":"","contentUrl":""},{"@type":"BreadcrumbList","@id":"https:\/\/www.esplac.cat\/el-gir-politic-daustria\/#breadcrumb","itemListElement":[{"@type":"ListItem","position":1,"name":"Inici","item":"https:\/\/www.esplac.cat\/es\/"},{"@type":"ListItem","position":2,"name":"El gir pol\u00edtic d&#8217;\u00c0ustria: sense paraules"}]},{"@type":"WebSite","@id":"https:\/\/www.esplac.cat\/#website","url":"https:\/\/www.esplac.cat\/","name":"Esplac","description":"Esplais Catalans","publisher":{"@id":"https:\/\/www.esplac.cat\/#organization"},"potentialAction":[{"@type":"SearchAction","target":{"@type":"EntryPoint","urlTemplate":"https:\/\/www.esplac.cat\/?s={search_term_string}"},"query-input":{"@type":"PropertyValueSpecification","valueRequired":true,"valueName":"search_term_string"}}],"inLanguage":"es"},{"@type":"Organization","@id":"https:\/\/www.esplac.cat\/#organization","name":"Esplac","url":"https:\/\/www.esplac.cat\/","logo":{"@type":"ImageObject","inLanguage":"es","@id":"https:\/\/www.esplac.cat\/#\/schema\/logo\/image\/","url":"https:\/\/www.esplac.cat\/wp-content\/uploads\/2019\/08\/logox2.png","contentUrl":"https:\/\/www.esplac.cat\/wp-content\/uploads\/2019\/08\/logox2.png","width":600,"height":295,"caption":"Esplac"},"image":{"@id":"https:\/\/www.esplac.cat\/#\/schema\/logo\/image\/"}},{"@type":"Person","@id":"https:\/\/www.esplac.cat\/#\/schema\/person\/908383cf240be18b68f8855d0583faca","name":"Comunicaci\u00f3 Esplac","image":{"@type":"ImageObject","inLanguage":"es","@id":"https:\/\/secure.gravatar.com\/avatar\/7a4cf8feb412a76ea4a740ca02d95b06b2907b5a6c648c2dd0a1082a093c3141?s=96&d=mm&r=g","url":"https:\/\/secure.gravatar.com\/avatar\/7a4cf8feb412a76ea4a740ca02d95b06b2907b5a6c648c2dd0a1082a093c3141?s=96&d=mm&r=g","contentUrl":"https:\/\/secure.gravatar.com\/avatar\/7a4cf8feb412a76ea4a740ca02d95b06b2907b5a6c648c2dd0a1082a093c3141?s=96&d=mm&r=g","caption":"Comunicaci\u00f3 Esplac"}}]}},"_links":{"self":[{"href":"https:\/\/www.esplac.cat\/es\/wp-json\/wp\/v2\/posts\/4345","targetHints":{"allow":["GET"]}}],"collection":[{"href":"https:\/\/www.esplac.cat\/es\/wp-json\/wp\/v2\/posts"}],"about":[{"href":"https:\/\/www.esplac.cat\/es\/wp-json\/wp\/v2\/types\/post"}],"author":[{"embeddable":true,"href":"https:\/\/www.esplac.cat\/es\/wp-json\/wp\/v2\/users\/3"}],"replies":[{"embeddable":true,"href":"https:\/\/www.esplac.cat\/es\/wp-json\/wp\/v2\/comments?post=4345"}],"version-history":[{"count":0,"href":"https:\/\/www.esplac.cat\/es\/wp-json\/wp\/v2\/posts\/4345\/revisions"}],"wp:featuredmedia":[{"embeddable":true,"href":"https:\/\/www.esplac.cat\/es\/wp-json\/"}],"wp:attachment":[{"href":"https:\/\/www.esplac.cat\/es\/wp-json\/wp\/v2\/media?parent=4345"}],"wp:term":[{"taxonomy":"category","embeddable":true,"href":"https:\/\/www.esplac.cat\/es\/wp-json\/wp\/v2\/categories?post=4345"},{"taxonomy":"post_tag","embeddable":true,"href":"https:\/\/www.esplac.cat\/es\/wp-json\/wp\/v2\/tags?post=4345"}],"curies":[{"name":"wp","href":"https:\/\/api.w.org\/{rel}","templated":true}]}}