{"id":44009,"date":"2023-03-07T16:54:06","date_gmt":"2023-03-07T14:54:06","guid":{"rendered":"https:\/\/www.esplac.cat\/?p=44009"},"modified":"2023-04-12T12:58:19","modified_gmt":"2023-04-12T10:58:19","slug":"la-konjuntivitis-de-barcelona-un-exit","status":"publish","type":"post","link":"https:\/\/www.esplac.cat\/es\/la-konjuntivitis-de-barcelona-un-exit\/","title":{"rendered":"La Konjuntivitis de Barcelona, tot un \u00e8xit"},"content":{"rendered":"<h6><strong>Aquest cap de setmana del 4 i 5 de mar\u00e7 els sectors Barcelona Oest, Nord-Est i Sud han celebrat la Konjuntivitis, que \u00e9s la trobada intersectorial d\u2019infants i joves per edats<\/strong><\/h6>\n<p><span style=\"font-weight: 400;\">La Konjuntivitis \u00e9s la trobada per grups d\u2019edat que organitzen els esplais del Sector Barcelona cada 3 anys. Aquest passat cap de setmana s\u2019han celebrat 4 trobades simult\u00e0nies, separades per grups d\u2019edat dels diferents espais i amb l\u2019objectiu de promoure la cohesi\u00f3 i la coneixen\u00e7a entre els infants i joves.\u00a0<\/span><\/p>\n<p><strong>El grup de petites i mitjanes van anar a Vacarisses<\/strong><\/p>\n<p><span style=\"font-weight: 400;\">De petites hi van participar els esplais Kasperle, SCV El Clot, Sant Medir, L\u2019Olivera Rodona, Boix, GMM, Espurna de Gr\u00e0cia i Isard-Flor de Neu, amb un total de 21 monitores i 96 participants.\u00a0<\/span><\/p>\n<p><span style=\"font-weight: 400;\">De mitjanes hi van participar els esplais Kasperle, Xang\u00f3, Atzuk, GMM, Espurna de Gr\u00e0cia, Boix i Isard-Flor de Neu, amb un total de 25 monitores i 108 participants.\u00a0<\/span><\/p>\n<p><strong>El grup de grans i joves va anar a Martorell<\/strong><\/p>\n<p><span style=\"font-weight: 400;\">De grans hi van participar els esplais Kasperle, SCV El Clot, Xang\u00f3, Sant Medir, Boix, Espurna de Gr\u00e0cia i Isard Flor de Neu, amb un total de 20 monitores i 64 participants\u00a0<\/span><\/p>\n<p><span style=\"font-weight: 400;\">De joves hi van participar els esplais Kasperle, SCV El Clot, Sant Medir, L\u2019Olivera Rodona, Turons, Tr3smon, Boix, Espurna de Gr\u00e0cia, GMM i Agost, amb un total de\u00a0 104 participants i 18 monitores.\u00a0<\/span><\/p>\n\n\t\t<style type=\"text\/css\">\n\t\t\t#gallery-1 {\n\t\t\t\tmargin: auto;\n\t\t\t}\n\t\t\t#gallery-1 .gallery-item {\n\t\t\t\tfloat: left;\n\t\t\t\tmargin-top: 10px;\n\t\t\t\ttext-align: center;\n\t\t\t\twidth: 33%;\n\t\t\t}\n\t\t\t#gallery-1 img {\n\t\t\t\tborder: 2px solid #cfcfcf;\n\t\t\t}\n\t\t\t#gallery-1 .gallery-caption {\n\t\t\t\tmargin-left: 0;\n\t\t\t}\n\t\t\t\/* see gallery_shortcode() in wp-includes\/media.php *\/\n\t\t<\/style>\n\t\t<div id='gallery-1' class='gallery galleryid-44009 gallery-columns-3 gallery-size-medium'><dl class='gallery-item'>\n\t\t\t<dt class='gallery-icon landscape'>\n\t\t\t\t<a data-rel=\"iLightbox[postimages]\" data-title=\"Konjuntivitis\" data-caption=\"\" href='https:\/\/www.esplac.cat\/es\/konjuntivitis-2-2\/'><img decoding=\"async\" width=\"300\" height=\"225\" src=\"https:\/\/www.esplac.cat\/wp-content\/uploads\/2023\/03\/Konjuntivitis-300x225.jpeg\" class=\"attachment-medium size-medium\" alt=\"Konjuntivitis\" srcset=\"https:\/\/www.esplac.cat\/wp-content\/uploads\/2023\/03\/Konjuntivitis-200x150.jpeg 200w, https:\/\/www.esplac.cat\/wp-content\/uploads\/2023\/03\/Konjuntivitis-300x225.jpeg 300w, https:\/\/www.esplac.cat\/wp-content\/uploads\/2023\/03\/Konjuntivitis-400x300.jpeg 400w, https:\/\/www.esplac.cat\/wp-content\/uploads\/2023\/03\/Konjuntivitis-600x450.jpeg 600w, https:\/\/www.esplac.cat\/wp-content\/uploads\/2023\/03\/Konjuntivitis-768x576.jpeg 768w, https:\/\/www.esplac.cat\/wp-content\/uploads\/2023\/03\/Konjuntivitis-800x600.jpeg 800w, https:\/\/www.esplac.cat\/wp-content\/uploads\/2023\/03\/Konjuntivitis-1024x768.jpeg 1024w, https:\/\/www.esplac.cat\/wp-content\/uploads\/2023\/03\/Konjuntivitis-1200x900.jpeg 1200w, https:\/\/www.esplac.cat\/wp-content\/uploads\/2023\/03\/Konjuntivitis-1536x1152.jpeg 1536w\" sizes=\"(max-width: 300px) 100vw, 300px\" \/><\/a>\n\t\t\t<\/dt><\/dl><dl class='gallery-item'>\n\t\t\t<dt class='gallery-icon landscape'>\n\t\t\t\t<a data-rel=\"iLightbox[postimages]\" data-title=\"konjuntivitis 3\" data-caption=\"\" href='https:\/\/www.esplac.cat\/es\/konjuntivitis-3-2-2\/'><img decoding=\"async\" width=\"300\" height=\"212\" src=\"https:\/\/www.esplac.cat\/wp-content\/uploads\/2023\/03\/konjuntivitis-3-2-300x212.jpg\" class=\"attachment-medium size-medium\" alt=\"\" srcset=\"https:\/\/www.esplac.cat\/wp-content\/uploads\/2023\/03\/konjuntivitis-3-2-200x141.jpg 200w, https:\/\/www.esplac.cat\/wp-content\/uploads\/2023\/03\/konjuntivitis-3-2-300x212.jpg 300w, https:\/\/www.esplac.cat\/wp-content\/uploads\/2023\/03\/konjuntivitis-3-2-400x282.jpg 400w, https:\/\/www.esplac.cat\/wp-content\/uploads\/2023\/03\/konjuntivitis-3-2-600x423.jpg 600w, https:\/\/www.esplac.cat\/wp-content\/uploads\/2023\/03\/konjuntivitis-3-2-768x541.jpg 768w, https:\/\/www.esplac.cat\/wp-content\/uploads\/2023\/03\/konjuntivitis-3-2-800x564.jpg 800w, https:\/\/www.esplac.cat\/wp-content\/uploads\/2023\/03\/konjuntivitis-3-2-1024x722.jpg 1024w, https:\/\/www.esplac.cat\/wp-content\/uploads\/2023\/03\/konjuntivitis-3-2-1200x846.jpg 1200w, https:\/\/www.esplac.cat\/wp-content\/uploads\/2023\/03\/konjuntivitis-3-2-1536x1083.jpg 1536w\" sizes=\"(max-width: 300px) 100vw, 300px\" \/><\/a>\n\t\t\t<\/dt><\/dl><dl class='gallery-item'>\n\t\t\t<dt class='gallery-icon landscape'>\n\t\t\t\t<a data-rel=\"iLightbox[postimages]\" data-title=\"konjuntivitis 4\" data-caption=\"\" href='https:\/\/www.esplac.cat\/es\/konjuntivitis-4-2\/'><img decoding=\"async\" width=\"300\" height=\"212\" src=\"https:\/\/www.esplac.cat\/wp-content\/uploads\/2023\/03\/konjuntivitis-4-300x212.jpg\" class=\"attachment-medium size-medium\" alt=\"konjuntivitis 4\" srcset=\"https:\/\/www.esplac.cat\/wp-content\/uploads\/2023\/03\/konjuntivitis-4-200x141.jpg 200w, https:\/\/www.esplac.cat\/wp-content\/uploads\/2023\/03\/konjuntivitis-4-300x212.jpg 300w, https:\/\/www.esplac.cat\/wp-content\/uploads\/2023\/03\/konjuntivitis-4-400x282.jpg 400w, https:\/\/www.esplac.cat\/wp-content\/uploads\/2023\/03\/konjuntivitis-4-600x423.jpg 600w, https:\/\/www.esplac.cat\/wp-content\/uploads\/2023\/03\/konjuntivitis-4-768x541.jpg 768w, https:\/\/www.esplac.cat\/wp-content\/uploads\/2023\/03\/konjuntivitis-4-800x564.jpg 800w, https:\/\/www.esplac.cat\/wp-content\/uploads\/2023\/03\/konjuntivitis-4-1024x722.jpg 1024w, https:\/\/www.esplac.cat\/wp-content\/uploads\/2023\/03\/konjuntivitis-4-1200x846.jpg 1200w, https:\/\/www.esplac.cat\/wp-content\/uploads\/2023\/03\/konjuntivitis-4-1536x1083.jpg 1536w\" sizes=\"(max-width: 300px) 100vw, 300px\" \/><\/a>\n\t\t\t<\/dt><\/dl><br style=\"clear: both\" \/>\n\t\t<\/div>\n\n<p><span style=\"font-weight: 400;\">Agra\u00efm a l\u2019Ajuntament de Martorell i de Vacarisses la seva cessi\u00f3 d\u2019espais municipals per tal de celebrar les trobades. Agra\u00efm tamb\u00e9 totes les monitores i EGS que han estat preparant les diferents Konjuntivitis.\u00a0<\/span><\/p>\n<p><span style=\"font-weight: 400;\">Ha estat un cap de setmana inoblidable ple d\u2019experi\u00e8ncies, activitats i cohesi\u00f3 que ens emportem de record\u2026<\/span><\/p>\n<p><span style=\"font-weight: 400;\">Ens veiem a la propera Konjuntivitis! <\/span><\/p>\n","protected":false},"excerpt":{"rendered":"<p>Aquest cap de setmana del 4 i 5 de mar\u00e7 [&hellip;]<\/p>\n","protected":false},"author":3,"featured_media":44010,"comment_status":"closed","ping_status":"closed","sticky":false,"template":"","format":"standard","meta":{"om_disable_all_campaigns":false,"_monsterinsights_skip_tracking":false,"_monsterinsights_sitenote_active":false,"_monsterinsights_sitenote_note":"","_monsterinsights_sitenote_category":0,"_uf_show_specific_survey":0,"_uf_disable_surveys":false,"footnotes":""},"categories":[1128,1398,1399,1397],"tags":[],"class_list":["post-44009","post","type-post","status-publish","format-standard","has-post-thumbnail","hentry","category-sector-barcelona","category-sector-barcelona-nord-est","category-sector-barcelona-oest","category-sector-barcelona-sud"],"yoast_head":"<!-- This site is optimized with the Yoast SEO plugin v27.4 - https:\/\/yoast.com\/product\/yoast-seo-wordpress\/ -->\n<title>La Konjuntivitis de Barcelona, tot un \u00e8xit - Esplac<\/title>\n<meta name=\"description\" content=\"Aquest cap de setmana del 4 i 5 de mar\u00e7 els sectors Barcelona Oest, Nord-Est i Sud han celebrat la Konjuntivitis, que \u00e9s la trobada intersectorial d\u2019infants i joves per edats\" \/>\n<meta name=\"robots\" content=\"index, follow, max-snippet:-1, max-image-preview:large, max-video-preview:-1\" \/>\n<link rel=\"canonical\" href=\"https:\/\/www.esplac.cat\/la-konjuntivitis-de-barcelona-un-exit\/\" \/>\n<meta property=\"og:locale\" content=\"es_ES\" \/>\n<meta property=\"og:type\" content=\"article\" \/>\n<meta property=\"og:title\" content=\"La Konjuntivitis de Barcelona, tot un \u00e8xit - Esplac\" \/>\n<meta property=\"og:description\" content=\"Aquest cap de setmana del 4 i 5 de mar\u00e7 els sectors Barcelona Oest, Nord-Est i Sud han celebrat la Konjuntivitis, que \u00e9s la trobada intersectorial d\u2019infants i joves per edats\" \/>\n<meta property=\"og:url\" content=\"https:\/\/www.esplac.cat\/la-konjuntivitis-de-barcelona-un-exit\/\" \/>\n<meta property=\"og:site_name\" content=\"Esplac\" \/>\n<meta property=\"article:published_time\" content=\"2023-03-07T14:54:06+00:00\" \/>\n<meta property=\"article:modified_time\" content=\"2023-04-12T10:58:19+00:00\" \/>\n<meta property=\"og:image\" content=\"https:\/\/www.esplac.cat\/wp-content\/uploads\/2023\/03\/konjuntivitis.jpg\" \/>\n\t<meta property=\"og:image:width\" content=\"1694\" \/>\n\t<meta property=\"og:image:height\" content=\"700\" \/>\n\t<meta property=\"og:image:type\" content=\"image\/jpeg\" \/>\n<meta name=\"author\" content=\"Comunicaci\u00f3 Esplac\" \/>\n<meta name=\"twitter:card\" content=\"summary_large_image\" \/>\n<meta name=\"twitter:label1\" content=\"Escrito por\" \/>\n\t<meta name=\"twitter:data1\" content=\"Comunicaci\u00f3 Esplac\" \/>\n\t<meta name=\"twitter:label2\" content=\"Tiempo de lectura\" \/>\n\t<meta name=\"twitter:data2\" content=\"2 minutos\" \/>\n<script type=\"application\/ld+json\" class=\"yoast-schema-graph\">{\"@context\":\"https:\\\/\\\/schema.org\",\"@graph\":[{\"@type\":\"Article\",\"@id\":\"https:\\\/\\\/www.esplac.cat\\\/la-konjuntivitis-de-barcelona-un-exit\\\/#article\",\"isPartOf\":{\"@id\":\"https:\\\/\\\/www.esplac.cat\\\/la-konjuntivitis-de-barcelona-un-exit\\\/\"},\"author\":{\"name\":\"Comunicaci\u00f3 Esplac\",\"@id\":\"https:\\\/\\\/www.esplac.cat\\\/#\\\/schema\\\/person\\\/908383cf240be18b68f8855d0583faca\"},\"headline\":\"La Konjuntivitis de Barcelona, tot un \u00e8xit\",\"datePublished\":\"2023-03-07T14:54:06+00:00\",\"dateModified\":\"2023-04-12T10:58:19+00:00\",\"mainEntityOfPage\":{\"@id\":\"https:\\\/\\\/www.esplac.cat\\\/la-konjuntivitis-de-barcelona-un-exit\\\/\"},\"wordCount\":302,\"publisher\":{\"@id\":\"https:\\\/\\\/www.esplac.cat\\\/#organization\"},\"image\":{\"@id\":\"https:\\\/\\\/www.esplac.cat\\\/la-konjuntivitis-de-barcelona-un-exit\\\/#primaryimage\"},\"thumbnailUrl\":\"https:\\\/\\\/www.esplac.cat\\\/wp-content\\\/uploads\\\/2023\\\/03\\\/konjuntivitis.jpg\",\"articleSection\":[\"Sector Barcelona\",\"Sector Barcelona Nord-Est\",\"Sector Barcelona Oest\",\"Sector Barcelona Sud\"],\"inLanguage\":\"es\"},{\"@type\":\"WebPage\",\"@id\":\"https:\\\/\\\/www.esplac.cat\\\/la-konjuntivitis-de-barcelona-un-exit\\\/\",\"url\":\"https:\\\/\\\/www.esplac.cat\\\/la-konjuntivitis-de-barcelona-un-exit\\\/\",\"name\":\"La Konjuntivitis de Barcelona, tot un \u00e8xit - Esplac\",\"isPartOf\":{\"@id\":\"https:\\\/\\\/www.esplac.cat\\\/#website\"},\"primaryImageOfPage\":{\"@id\":\"https:\\\/\\\/www.esplac.cat\\\/la-konjuntivitis-de-barcelona-un-exit\\\/#primaryimage\"},\"image\":{\"@id\":\"https:\\\/\\\/www.esplac.cat\\\/la-konjuntivitis-de-barcelona-un-exit\\\/#primaryimage\"},\"thumbnailUrl\":\"https:\\\/\\\/www.esplac.cat\\\/wp-content\\\/uploads\\\/2023\\\/03\\\/konjuntivitis.jpg\",\"datePublished\":\"2023-03-07T14:54:06+00:00\",\"dateModified\":\"2023-04-12T10:58:19+00:00\",\"description\":\"Aquest cap de setmana del 4 i 5 de mar\u00e7 els sectors Barcelona Oest, Nord-Est i Sud han celebrat la Konjuntivitis, que \u00e9s la trobada intersectorial d\u2019infants i joves per edats\",\"breadcrumb\":{\"@id\":\"https:\\\/\\\/www.esplac.cat\\\/la-konjuntivitis-de-barcelona-un-exit\\\/#breadcrumb\"},\"inLanguage\":\"es\",\"potentialAction\":[{\"@type\":\"ReadAction\",\"target\":[\"https:\\\/\\\/www.esplac.cat\\\/la-konjuntivitis-de-barcelona-un-exit\\\/\"]}]},{\"@type\":\"ImageObject\",\"inLanguage\":\"es\",\"@id\":\"https:\\\/\\\/www.esplac.cat\\\/la-konjuntivitis-de-barcelona-un-exit\\\/#primaryimage\",\"url\":\"https:\\\/\\\/www.esplac.cat\\\/wp-content\\\/uploads\\\/2023\\\/03\\\/konjuntivitis.jpg\",\"contentUrl\":\"https:\\\/\\\/www.esplac.cat\\\/wp-content\\\/uploads\\\/2023\\\/03\\\/konjuntivitis.jpg\",\"width\":1694,\"height\":700},{\"@type\":\"BreadcrumbList\",\"@id\":\"https:\\\/\\\/www.esplac.cat\\\/la-konjuntivitis-de-barcelona-un-exit\\\/#breadcrumb\",\"itemListElement\":[{\"@type\":\"ListItem\",\"position\":1,\"name\":\"Inici\",\"item\":\"https:\\\/\\\/www.esplac.cat\\\/es\\\/\"},{\"@type\":\"ListItem\",\"position\":2,\"name\":\"La Konjuntivitis de Barcelona, tot un \u00e8xit\"}]},{\"@type\":\"WebSite\",\"@id\":\"https:\\\/\\\/www.esplac.cat\\\/#website\",\"url\":\"https:\\\/\\\/www.esplac.cat\\\/\",\"name\":\"Esplac\",\"description\":\"Esplais Catalans\",\"publisher\":{\"@id\":\"https:\\\/\\\/www.esplac.cat\\\/#organization\"},\"potentialAction\":[{\"@type\":\"SearchAction\",\"target\":{\"@type\":\"EntryPoint\",\"urlTemplate\":\"https:\\\/\\\/www.esplac.cat\\\/?s={search_term_string}\"},\"query-input\":{\"@type\":\"PropertyValueSpecification\",\"valueRequired\":true,\"valueName\":\"search_term_string\"}}],\"inLanguage\":\"es\"},{\"@type\":\"Organization\",\"@id\":\"https:\\\/\\\/www.esplac.cat\\\/#organization\",\"name\":\"Esplac\",\"url\":\"https:\\\/\\\/www.esplac.cat\\\/\",\"logo\":{\"@type\":\"ImageObject\",\"inLanguage\":\"es\",\"@id\":\"https:\\\/\\\/www.esplac.cat\\\/#\\\/schema\\\/logo\\\/image\\\/\",\"url\":\"https:\\\/\\\/www.esplac.cat\\\/wp-content\\\/uploads\\\/2019\\\/08\\\/logox2.png\",\"contentUrl\":\"https:\\\/\\\/www.esplac.cat\\\/wp-content\\\/uploads\\\/2019\\\/08\\\/logox2.png\",\"width\":600,\"height\":295,\"caption\":\"Esplac\"},\"image\":{\"@id\":\"https:\\\/\\\/www.esplac.cat\\\/#\\\/schema\\\/logo\\\/image\\\/\"}},{\"@type\":\"Person\",\"@id\":\"https:\\\/\\\/www.esplac.cat\\\/#\\\/schema\\\/person\\\/908383cf240be18b68f8855d0583faca\",\"name\":\"Comunicaci\u00f3 Esplac\",\"image\":{\"@type\":\"ImageObject\",\"inLanguage\":\"es\",\"@id\":\"https:\\\/\\\/secure.gravatar.com\\\/avatar\\\/7a4cf8feb412a76ea4a740ca02d95b06b2907b5a6c648c2dd0a1082a093c3141?s=96&d=mm&r=g\",\"url\":\"https:\\\/\\\/secure.gravatar.com\\\/avatar\\\/7a4cf8feb412a76ea4a740ca02d95b06b2907b5a6c648c2dd0a1082a093c3141?s=96&d=mm&r=g\",\"contentUrl\":\"https:\\\/\\\/secure.gravatar.com\\\/avatar\\\/7a4cf8feb412a76ea4a740ca02d95b06b2907b5a6c648c2dd0a1082a093c3141?s=96&d=mm&r=g\",\"caption\":\"Comunicaci\u00f3 Esplac\"}}]}<\/script>\n<!-- \/ Yoast SEO plugin. -->","yoast_head_json":{"title":"La Konjuntivitis de Barcelona, tot un \u00e8xit - Esplac","description":"Aquest cap de setmana del 4 i 5 de mar\u00e7 els sectors Barcelona Oest, Nord-Est i Sud han celebrat la Konjuntivitis, que \u00e9s la trobada intersectorial d\u2019infants i joves per edats","robots":{"index":"index","follow":"follow","max-snippet":"max-snippet:-1","max-image-preview":"max-image-preview:large","max-video-preview":"max-video-preview:-1"},"canonical":"https:\/\/www.esplac.cat\/la-konjuntivitis-de-barcelona-un-exit\/","og_locale":"es_ES","og_type":"article","og_title":"La Konjuntivitis de Barcelona, tot un \u00e8xit - Esplac","og_description":"Aquest cap de setmana del 4 i 5 de mar\u00e7 els sectors Barcelona Oest, Nord-Est i Sud han celebrat la Konjuntivitis, que \u00e9s la trobada intersectorial d\u2019infants i joves per edats","og_url":"https:\/\/www.esplac.cat\/la-konjuntivitis-de-barcelona-un-exit\/","og_site_name":"Esplac","article_published_time":"2023-03-07T14:54:06+00:00","article_modified_time":"2023-04-12T10:58:19+00:00","og_image":[{"width":1694,"height":700,"url":"https:\/\/www.esplac.cat\/wp-content\/uploads\/2023\/03\/konjuntivitis.jpg","type":"image\/jpeg"}],"author":"Comunicaci\u00f3 Esplac","twitter_card":"summary_large_image","twitter_misc":{"Escrito por":"Comunicaci\u00f3 Esplac","Tiempo de lectura":"2 minutos"},"schema":{"@context":"https:\/\/schema.org","@graph":[{"@type":"Article","@id":"https:\/\/www.esplac.cat\/la-konjuntivitis-de-barcelona-un-exit\/#article","isPartOf":{"@id":"https:\/\/www.esplac.cat\/la-konjuntivitis-de-barcelona-un-exit\/"},"author":{"name":"Comunicaci\u00f3 Esplac","@id":"https:\/\/www.esplac.cat\/#\/schema\/person\/908383cf240be18b68f8855d0583faca"},"headline":"La Konjuntivitis de Barcelona, tot un \u00e8xit","datePublished":"2023-03-07T14:54:06+00:00","dateModified":"2023-04-12T10:58:19+00:00","mainEntityOfPage":{"@id":"https:\/\/www.esplac.cat\/la-konjuntivitis-de-barcelona-un-exit\/"},"wordCount":302,"publisher":{"@id":"https:\/\/www.esplac.cat\/#organization"},"image":{"@id":"https:\/\/www.esplac.cat\/la-konjuntivitis-de-barcelona-un-exit\/#primaryimage"},"thumbnailUrl":"https:\/\/www.esplac.cat\/wp-content\/uploads\/2023\/03\/konjuntivitis.jpg","articleSection":["Sector Barcelona","Sector Barcelona Nord-Est","Sector Barcelona Oest","Sector Barcelona Sud"],"inLanguage":"es"},{"@type":"WebPage","@id":"https:\/\/www.esplac.cat\/la-konjuntivitis-de-barcelona-un-exit\/","url":"https:\/\/www.esplac.cat\/la-konjuntivitis-de-barcelona-un-exit\/","name":"La Konjuntivitis de Barcelona, tot un \u00e8xit - Esplac","isPartOf":{"@id":"https:\/\/www.esplac.cat\/#website"},"primaryImageOfPage":{"@id":"https:\/\/www.esplac.cat\/la-konjuntivitis-de-barcelona-un-exit\/#primaryimage"},"image":{"@id":"https:\/\/www.esplac.cat\/la-konjuntivitis-de-barcelona-un-exit\/#primaryimage"},"thumbnailUrl":"https:\/\/www.esplac.cat\/wp-content\/uploads\/2023\/03\/konjuntivitis.jpg","datePublished":"2023-03-07T14:54:06+00:00","dateModified":"2023-04-12T10:58:19+00:00","description":"Aquest cap de setmana del 4 i 5 de mar\u00e7 els sectors Barcelona Oest, Nord-Est i Sud han celebrat la Konjuntivitis, que \u00e9s la trobada intersectorial d\u2019infants i joves per edats","breadcrumb":{"@id":"https:\/\/www.esplac.cat\/la-konjuntivitis-de-barcelona-un-exit\/#breadcrumb"},"inLanguage":"es","potentialAction":[{"@type":"ReadAction","target":["https:\/\/www.esplac.cat\/la-konjuntivitis-de-barcelona-un-exit\/"]}]},{"@type":"ImageObject","inLanguage":"es","@id":"https:\/\/www.esplac.cat\/la-konjuntivitis-de-barcelona-un-exit\/#primaryimage","url":"https:\/\/www.esplac.cat\/wp-content\/uploads\/2023\/03\/konjuntivitis.jpg","contentUrl":"https:\/\/www.esplac.cat\/wp-content\/uploads\/2023\/03\/konjuntivitis.jpg","width":1694,"height":700},{"@type":"BreadcrumbList","@id":"https:\/\/www.esplac.cat\/la-konjuntivitis-de-barcelona-un-exit\/#breadcrumb","itemListElement":[{"@type":"ListItem","position":1,"name":"Inici","item":"https:\/\/www.esplac.cat\/es\/"},{"@type":"ListItem","position":2,"name":"La Konjuntivitis de Barcelona, tot un \u00e8xit"}]},{"@type":"WebSite","@id":"https:\/\/www.esplac.cat\/#website","url":"https:\/\/www.esplac.cat\/","name":"Esplac","description":"Esplais Catalans","publisher":{"@id":"https:\/\/www.esplac.cat\/#organization"},"potentialAction":[{"@type":"SearchAction","target":{"@type":"EntryPoint","urlTemplate":"https:\/\/www.esplac.cat\/?s={search_term_string}"},"query-input":{"@type":"PropertyValueSpecification","valueRequired":true,"valueName":"search_term_string"}}],"inLanguage":"es"},{"@type":"Organization","@id":"https:\/\/www.esplac.cat\/#organization","name":"Esplac","url":"https:\/\/www.esplac.cat\/","logo":{"@type":"ImageObject","inLanguage":"es","@id":"https:\/\/www.esplac.cat\/#\/schema\/logo\/image\/","url":"https:\/\/www.esplac.cat\/wp-content\/uploads\/2019\/08\/logox2.png","contentUrl":"https:\/\/www.esplac.cat\/wp-content\/uploads\/2019\/08\/logox2.png","width":600,"height":295,"caption":"Esplac"},"image":{"@id":"https:\/\/www.esplac.cat\/#\/schema\/logo\/image\/"}},{"@type":"Person","@id":"https:\/\/www.esplac.cat\/#\/schema\/person\/908383cf240be18b68f8855d0583faca","name":"Comunicaci\u00f3 Esplac","image":{"@type":"ImageObject","inLanguage":"es","@id":"https:\/\/secure.gravatar.com\/avatar\/7a4cf8feb412a76ea4a740ca02d95b06b2907b5a6c648c2dd0a1082a093c3141?s=96&d=mm&r=g","url":"https:\/\/secure.gravatar.com\/avatar\/7a4cf8feb412a76ea4a740ca02d95b06b2907b5a6c648c2dd0a1082a093c3141?s=96&d=mm&r=g","contentUrl":"https:\/\/secure.gravatar.com\/avatar\/7a4cf8feb412a76ea4a740ca02d95b06b2907b5a6c648c2dd0a1082a093c3141?s=96&d=mm&r=g","caption":"Comunicaci\u00f3 Esplac"}}]}},"_links":{"self":[{"href":"https:\/\/www.esplac.cat\/es\/wp-json\/wp\/v2\/posts\/44009","targetHints":{"allow":["GET"]}}],"collection":[{"href":"https:\/\/www.esplac.cat\/es\/wp-json\/wp\/v2\/posts"}],"about":[{"href":"https:\/\/www.esplac.cat\/es\/wp-json\/wp\/v2\/types\/post"}],"author":[{"embeddable":true,"href":"https:\/\/www.esplac.cat\/es\/wp-json\/wp\/v2\/users\/3"}],"replies":[{"embeddable":true,"href":"https:\/\/www.esplac.cat\/es\/wp-json\/wp\/v2\/comments?post=44009"}],"version-history":[{"count":0,"href":"https:\/\/www.esplac.cat\/es\/wp-json\/wp\/v2\/posts\/44009\/revisions"}],"wp:featuredmedia":[{"embeddable":true,"href":"https:\/\/www.esplac.cat\/es\/wp-json\/wp\/v2\/media\/44010"}],"wp:attachment":[{"href":"https:\/\/www.esplac.cat\/es\/wp-json\/wp\/v2\/media?parent=44009"}],"wp:term":[{"taxonomy":"category","embeddable":true,"href":"https:\/\/www.esplac.cat\/es\/wp-json\/wp\/v2\/categories?post=44009"},{"taxonomy":"post_tag","embeddable":true,"href":"https:\/\/www.esplac.cat\/es\/wp-json\/wp\/v2\/tags?post=44009"}],"curies":[{"name":"wp","href":"https:\/\/api.w.org\/{rel}","templated":true}]}}