{"id":44062,"date":"2023-03-10T11:23:02","date_gmt":"2023-03-10T09:23:02","guid":{"rendered":"https:\/\/www.esplac.cat\/?p=44062"},"modified":"2023-03-10T11:23:02","modified_gmt":"2023-03-10T09:23:02","slug":"maxima-participacio-trobada-general-sector-valles-occidental","status":"publish","type":"post","link":"https:\/\/www.esplac.cat\/es\/maxima-participacio-trobada-general-sector-valles-occidental\/","title":{"rendered":"M\u00e0xima participaci\u00f3 a la Trobada General del Sector Vall\u00e8s Occidental"},"content":{"rendered":"<h6><b>Terrassa torna a acollir la trobada anual dels esplais del Sector Vall\u00e8s Occidental, on hi han participat m\u00e9s de 300 infants i 100 monis.<\/b><\/h6>\n<p><span style=\"font-weight: 300;\">El <strong><a href=\"https:\/\/www.esplac.cat\/sectors-geografics\/valles-occidental\/\" target=\"_blank\" rel=\"noopener\"><span style=\"color: #f69d0b;\">Sector Vall\u00e8s Occidental<\/span><\/a><\/strong> ha celebrat aquest cap de setmana la seva trobada anual d\u2019infants i joves a la cocapital vallesana, on s&#8217;han reunit els 10 esplais del sector al barri de Sant Lloren\u00e7, seu de l\u2019<strong><span style=\"color: #f69d0b;\"><a style=\"color: #f69d0b;\" href=\"https:\/\/www.instagram.com\/esplaifarfalla\/\" target=\"_blank\" rel=\"noopener\">Esplai Farfalla<\/a>.<\/span><\/strong><\/span><\/p>\n<p><span style=\"font-weight: 300;\">La trobada s\u2019ha dividit per grups d\u2019edat, que han dut a terme diferents jocs i activitats al voltant de la tem\u00e0tica dels estereotips i els prejudicis, a trav\u00e9s d\u2019hist\u00f2ries de pirates. Per la seva banda, els grups de joves s&#8217;han format sobre diversos temes al voltant de la interseccionalitat.\u00a0<\/span><\/p>\n<p><span style=\"font-weight: 300;\">Els infants i joves han passat la nit a 2 escoles, 1 institut i el local de l\u2019Esplai Farfalla. El diumenge han dut a terme una gimcana unit\u00e0ria pel barri que ha acabat amb un dinar de germanor al pati de l\u2019Institut Cavall Bernat.\u00a0<\/span><\/p>\n<p><span style=\"font-weight: 300;\">Aquesta ha estat la trobada amb una major participaci\u00f3 des de la creaci\u00f3 del Sector Vall\u00e8s Occidental, amb la pres\u00e8ncia de tots els esplais del sector i amb gaireb\u00e9 mig miler de persones participants. Tot un \u00e8xit!<\/span><\/p>\n<p>&nbsp;<\/p>\n<blockquote class=\"twitter-tweet\">\n<p dir=\"ltr\" lang=\"ca\">La gran trobada d&#8217;esplais de la comarca omple <a href=\"https:\/\/twitter.com\/hashtag\/Terrassa?src=hash&amp;ref_src=twsrc%5Etfw\">#Terrassa<\/a> d&#8217;infants, joves i activitats formatives i de lleure <a href=\"https:\/\/t.co\/4LBVyWcKrm\">https:\/\/t.co\/4LBVyWcKrm<\/a><\/p>\n<p>\u2014 Diari de Terrassa (@DiarideTerrassa) <a href=\"https:\/\/twitter.com\/DiarideTerrassa\/status\/1632732199941185536?ref_src=twsrc%5Etfw\">March 6, 2023<\/a><\/p><\/blockquote>\n<p><script async src=\"https:\/\/platform.twitter.com\/widgets.js\" charset=\"utf-8\"><\/script><\/p>\n","protected":false},"excerpt":{"rendered":"<p>Terrassa torna a acollir la trobada anual dels esplais del [&hellip;]<\/p>\n","protected":false},"author":3,"featured_media":44074,"comment_status":"closed","ping_status":"closed","sticky":false,"template":"","format":"standard","meta":{"om_disable_all_campaigns":false,"_monsterinsights_skip_tracking":false,"_monsterinsights_sitenote_active":false,"_monsterinsights_sitenote_note":"","_monsterinsights_sitenote_category":0,"_uf_show_specific_survey":0,"_uf_disable_surveys":false,"footnotes":""},"categories":[1118,1],"tags":[],"class_list":["post-44062","post","type-post","status-publish","format-standard","has-post-thumbnail","hentry","category-sector-valles-occidental-activitats-sectors","category-sense-categoria"],"yoast_head":"<!-- This site is optimized with the Yoast SEO plugin v27.4 - https:\/\/yoast.com\/product\/yoast-seo-wordpress\/ -->\n<title>Participaci\u00f3 r\u00e8cord a la Trobada General del Sector Vall\u00e8s Occidental<\/title>\n<meta name=\"description\" content=\"Terrassa torna a acollir la trobada anual dels esplais del Sector Vall\u00e8s Occidental, on hi han participat m\u00e9s de 300 infants i 100 monis.\" \/>\n<meta name=\"robots\" content=\"index, follow, max-snippet:-1, max-image-preview:large, max-video-preview:-1\" \/>\n<link rel=\"canonical\" href=\"https:\/\/www.esplac.cat\/maxima-participacio-trobada-general-sector-valles-occidental\/\" \/>\n<meta property=\"og:locale\" content=\"es_ES\" \/>\n<meta property=\"og:type\" content=\"article\" \/>\n<meta property=\"og:title\" content=\"Participaci\u00f3 r\u00e8cord a la Trobada General del Sector Vall\u00e8s Occidental\" \/>\n<meta property=\"og:description\" content=\"Terrassa torna a acollir la trobada anual dels esplais del Sector Vall\u00e8s Occidental, on hi han participat m\u00e9s de 300 infants i 100 monis.\" \/>\n<meta property=\"og:url\" content=\"https:\/\/www.esplac.cat\/maxima-participacio-trobada-general-sector-valles-occidental\/\" \/>\n<meta property=\"og:site_name\" content=\"Esplac\" \/>\n<meta property=\"article:published_time\" content=\"2023-03-10T09:23:02+00:00\" \/>\n<meta property=\"og:image\" content=\"https:\/\/www.esplac.cat\/wp-content\/uploads\/2023\/03\/Portades-Web-5.jpg\" \/>\n\t<meta property=\"og:image:width\" content=\"1697\" \/>\n\t<meta property=\"og:image:height\" content=\"700\" \/>\n\t<meta property=\"og:image:type\" content=\"image\/jpeg\" \/>\n<meta name=\"author\" content=\"Comunicaci\u00f3 Esplac\" \/>\n<meta name=\"twitter:card\" content=\"summary_large_image\" \/>\n<meta name=\"twitter:label1\" content=\"Escrito por\" \/>\n\t<meta name=\"twitter:data1\" content=\"Comunicaci\u00f3 Esplac\" \/>\n\t<meta name=\"twitter:label2\" content=\"Tiempo de lectura\" \/>\n\t<meta name=\"twitter:data2\" content=\"2 minutos\" \/>\n<script type=\"application\/ld+json\" class=\"yoast-schema-graph\">{\"@context\":\"https:\\\/\\\/schema.org\",\"@graph\":[{\"@type\":\"Article\",\"@id\":\"https:\\\/\\\/www.esplac.cat\\\/maxima-participacio-trobada-general-sector-valles-occidental\\\/#article\",\"isPartOf\":{\"@id\":\"https:\\\/\\\/www.esplac.cat\\\/maxima-participacio-trobada-general-sector-valles-occidental\\\/\"},\"author\":{\"name\":\"Comunicaci\u00f3 Esplac\",\"@id\":\"https:\\\/\\\/www.esplac.cat\\\/#\\\/schema\\\/person\\\/908383cf240be18b68f8855d0583faca\"},\"headline\":\"M\u00e0xima participaci\u00f3 a la Trobada General del Sector Vall\u00e8s Occidental\",\"datePublished\":\"2023-03-10T09:23:02+00:00\",\"mainEntityOfPage\":{\"@id\":\"https:\\\/\\\/www.esplac.cat\\\/maxima-participacio-trobada-general-sector-valles-occidental\\\/\"},\"wordCount\":246,\"publisher\":{\"@id\":\"https:\\\/\\\/www.esplac.cat\\\/#organization\"},\"image\":{\"@id\":\"https:\\\/\\\/www.esplac.cat\\\/maxima-participacio-trobada-general-sector-valles-occidental\\\/#primaryimage\"},\"thumbnailUrl\":\"https:\\\/\\\/www.esplac.cat\\\/wp-content\\\/uploads\\\/2023\\\/03\\\/Portades-Web-5.jpg\",\"articleSection\":[\"Sector Vall\u00e8s Occidental\",\"Sense categoria\"],\"inLanguage\":\"es\"},{\"@type\":\"WebPage\",\"@id\":\"https:\\\/\\\/www.esplac.cat\\\/maxima-participacio-trobada-general-sector-valles-occidental\\\/\",\"url\":\"https:\\\/\\\/www.esplac.cat\\\/maxima-participacio-trobada-general-sector-valles-occidental\\\/\",\"name\":\"Participaci\u00f3 r\u00e8cord a la Trobada General del Sector Vall\u00e8s Occidental\",\"isPartOf\":{\"@id\":\"https:\\\/\\\/www.esplac.cat\\\/#website\"},\"primaryImageOfPage\":{\"@id\":\"https:\\\/\\\/www.esplac.cat\\\/maxima-participacio-trobada-general-sector-valles-occidental\\\/#primaryimage\"},\"image\":{\"@id\":\"https:\\\/\\\/www.esplac.cat\\\/maxima-participacio-trobada-general-sector-valles-occidental\\\/#primaryimage\"},\"thumbnailUrl\":\"https:\\\/\\\/www.esplac.cat\\\/wp-content\\\/uploads\\\/2023\\\/03\\\/Portades-Web-5.jpg\",\"datePublished\":\"2023-03-10T09:23:02+00:00\",\"description\":\"Terrassa torna a acollir la trobada anual dels esplais del Sector Vall\u00e8s Occidental, on hi han participat m\u00e9s de 300 infants i 100 monis.\",\"breadcrumb\":{\"@id\":\"https:\\\/\\\/www.esplac.cat\\\/maxima-participacio-trobada-general-sector-valles-occidental\\\/#breadcrumb\"},\"inLanguage\":\"es\",\"potentialAction\":[{\"@type\":\"ReadAction\",\"target\":[\"https:\\\/\\\/www.esplac.cat\\\/maxima-participacio-trobada-general-sector-valles-occidental\\\/\"]}]},{\"@type\":\"ImageObject\",\"inLanguage\":\"es\",\"@id\":\"https:\\\/\\\/www.esplac.cat\\\/maxima-participacio-trobada-general-sector-valles-occidental\\\/#primaryimage\",\"url\":\"https:\\\/\\\/www.esplac.cat\\\/wp-content\\\/uploads\\\/2023\\\/03\\\/Portades-Web-5.jpg\",\"contentUrl\":\"https:\\\/\\\/www.esplac.cat\\\/wp-content\\\/uploads\\\/2023\\\/03\\\/Portades-Web-5.jpg\",\"width\":1697,\"height\":700,\"caption\":\"Terrassa Trobada General Sector Vall\u00e8s Occidental\"},{\"@type\":\"BreadcrumbList\",\"@id\":\"https:\\\/\\\/www.esplac.cat\\\/maxima-participacio-trobada-general-sector-valles-occidental\\\/#breadcrumb\",\"itemListElement\":[{\"@type\":\"ListItem\",\"position\":1,\"name\":\"Inici\",\"item\":\"https:\\\/\\\/www.esplac.cat\\\/es\\\/\"},{\"@type\":\"ListItem\",\"position\":2,\"name\":\"M\u00e0xima participaci\u00f3 a la Trobada General del Sector Vall\u00e8s Occidental\"}]},{\"@type\":\"WebSite\",\"@id\":\"https:\\\/\\\/www.esplac.cat\\\/#website\",\"url\":\"https:\\\/\\\/www.esplac.cat\\\/\",\"name\":\"Esplac\",\"description\":\"Esplais Catalans\",\"publisher\":{\"@id\":\"https:\\\/\\\/www.esplac.cat\\\/#organization\"},\"potentialAction\":[{\"@type\":\"SearchAction\",\"target\":{\"@type\":\"EntryPoint\",\"urlTemplate\":\"https:\\\/\\\/www.esplac.cat\\\/?s={search_term_string}\"},\"query-input\":{\"@type\":\"PropertyValueSpecification\",\"valueRequired\":true,\"valueName\":\"search_term_string\"}}],\"inLanguage\":\"es\"},{\"@type\":\"Organization\",\"@id\":\"https:\\\/\\\/www.esplac.cat\\\/#organization\",\"name\":\"Esplac\",\"url\":\"https:\\\/\\\/www.esplac.cat\\\/\",\"logo\":{\"@type\":\"ImageObject\",\"inLanguage\":\"es\",\"@id\":\"https:\\\/\\\/www.esplac.cat\\\/#\\\/schema\\\/logo\\\/image\\\/\",\"url\":\"https:\\\/\\\/www.esplac.cat\\\/wp-content\\\/uploads\\\/2019\\\/08\\\/logox2.png\",\"contentUrl\":\"https:\\\/\\\/www.esplac.cat\\\/wp-content\\\/uploads\\\/2019\\\/08\\\/logox2.png\",\"width\":600,\"height\":295,\"caption\":\"Esplac\"},\"image\":{\"@id\":\"https:\\\/\\\/www.esplac.cat\\\/#\\\/schema\\\/logo\\\/image\\\/\"}},{\"@type\":\"Person\",\"@id\":\"https:\\\/\\\/www.esplac.cat\\\/#\\\/schema\\\/person\\\/908383cf240be18b68f8855d0583faca\",\"name\":\"Comunicaci\u00f3 Esplac\",\"image\":{\"@type\":\"ImageObject\",\"inLanguage\":\"es\",\"@id\":\"https:\\\/\\\/secure.gravatar.com\\\/avatar\\\/7a4cf8feb412a76ea4a740ca02d95b06b2907b5a6c648c2dd0a1082a093c3141?s=96&d=mm&r=g\",\"url\":\"https:\\\/\\\/secure.gravatar.com\\\/avatar\\\/7a4cf8feb412a76ea4a740ca02d95b06b2907b5a6c648c2dd0a1082a093c3141?s=96&d=mm&r=g\",\"contentUrl\":\"https:\\\/\\\/secure.gravatar.com\\\/avatar\\\/7a4cf8feb412a76ea4a740ca02d95b06b2907b5a6c648c2dd0a1082a093c3141?s=96&d=mm&r=g\",\"caption\":\"Comunicaci\u00f3 Esplac\"}}]}<\/script>\n<!-- \/ Yoast SEO plugin. -->","yoast_head_json":{"title":"Participaci\u00f3 r\u00e8cord a la Trobada General del Sector Vall\u00e8s Occidental","description":"Terrassa torna a acollir la trobada anual dels esplais del Sector Vall\u00e8s Occidental, on hi han participat m\u00e9s de 300 infants i 100 monis.","robots":{"index":"index","follow":"follow","max-snippet":"max-snippet:-1","max-image-preview":"max-image-preview:large","max-video-preview":"max-video-preview:-1"},"canonical":"https:\/\/www.esplac.cat\/maxima-participacio-trobada-general-sector-valles-occidental\/","og_locale":"es_ES","og_type":"article","og_title":"Participaci\u00f3 r\u00e8cord a la Trobada General del Sector Vall\u00e8s Occidental","og_description":"Terrassa torna a acollir la trobada anual dels esplais del Sector Vall\u00e8s Occidental, on hi han participat m\u00e9s de 300 infants i 100 monis.","og_url":"https:\/\/www.esplac.cat\/maxima-participacio-trobada-general-sector-valles-occidental\/","og_site_name":"Esplac","article_published_time":"2023-03-10T09:23:02+00:00","og_image":[{"width":1697,"height":700,"url":"https:\/\/www.esplac.cat\/wp-content\/uploads\/2023\/03\/Portades-Web-5.jpg","type":"image\/jpeg"}],"author":"Comunicaci\u00f3 Esplac","twitter_card":"summary_large_image","twitter_misc":{"Escrito por":"Comunicaci\u00f3 Esplac","Tiempo de lectura":"2 minutos"},"schema":{"@context":"https:\/\/schema.org","@graph":[{"@type":"Article","@id":"https:\/\/www.esplac.cat\/maxima-participacio-trobada-general-sector-valles-occidental\/#article","isPartOf":{"@id":"https:\/\/www.esplac.cat\/maxima-participacio-trobada-general-sector-valles-occidental\/"},"author":{"name":"Comunicaci\u00f3 Esplac","@id":"https:\/\/www.esplac.cat\/#\/schema\/person\/908383cf240be18b68f8855d0583faca"},"headline":"M\u00e0xima participaci\u00f3 a la Trobada General del Sector Vall\u00e8s Occidental","datePublished":"2023-03-10T09:23:02+00:00","mainEntityOfPage":{"@id":"https:\/\/www.esplac.cat\/maxima-participacio-trobada-general-sector-valles-occidental\/"},"wordCount":246,"publisher":{"@id":"https:\/\/www.esplac.cat\/#organization"},"image":{"@id":"https:\/\/www.esplac.cat\/maxima-participacio-trobada-general-sector-valles-occidental\/#primaryimage"},"thumbnailUrl":"https:\/\/www.esplac.cat\/wp-content\/uploads\/2023\/03\/Portades-Web-5.jpg","articleSection":["Sector Vall\u00e8s Occidental","Sense categoria"],"inLanguage":"es"},{"@type":"WebPage","@id":"https:\/\/www.esplac.cat\/maxima-participacio-trobada-general-sector-valles-occidental\/","url":"https:\/\/www.esplac.cat\/maxima-participacio-trobada-general-sector-valles-occidental\/","name":"Participaci\u00f3 r\u00e8cord a la Trobada General del Sector Vall\u00e8s Occidental","isPartOf":{"@id":"https:\/\/www.esplac.cat\/#website"},"primaryImageOfPage":{"@id":"https:\/\/www.esplac.cat\/maxima-participacio-trobada-general-sector-valles-occidental\/#primaryimage"},"image":{"@id":"https:\/\/www.esplac.cat\/maxima-participacio-trobada-general-sector-valles-occidental\/#primaryimage"},"thumbnailUrl":"https:\/\/www.esplac.cat\/wp-content\/uploads\/2023\/03\/Portades-Web-5.jpg","datePublished":"2023-03-10T09:23:02+00:00","description":"Terrassa torna a acollir la trobada anual dels esplais del Sector Vall\u00e8s Occidental, on hi han participat m\u00e9s de 300 infants i 100 monis.","breadcrumb":{"@id":"https:\/\/www.esplac.cat\/maxima-participacio-trobada-general-sector-valles-occidental\/#breadcrumb"},"inLanguage":"es","potentialAction":[{"@type":"ReadAction","target":["https:\/\/www.esplac.cat\/maxima-participacio-trobada-general-sector-valles-occidental\/"]}]},{"@type":"ImageObject","inLanguage":"es","@id":"https:\/\/www.esplac.cat\/maxima-participacio-trobada-general-sector-valles-occidental\/#primaryimage","url":"https:\/\/www.esplac.cat\/wp-content\/uploads\/2023\/03\/Portades-Web-5.jpg","contentUrl":"https:\/\/www.esplac.cat\/wp-content\/uploads\/2023\/03\/Portades-Web-5.jpg","width":1697,"height":700,"caption":"Terrassa Trobada General Sector Vall\u00e8s Occidental"},{"@type":"BreadcrumbList","@id":"https:\/\/www.esplac.cat\/maxima-participacio-trobada-general-sector-valles-occidental\/#breadcrumb","itemListElement":[{"@type":"ListItem","position":1,"name":"Inici","item":"https:\/\/www.esplac.cat\/es\/"},{"@type":"ListItem","position":2,"name":"M\u00e0xima participaci\u00f3 a la Trobada General del Sector Vall\u00e8s Occidental"}]},{"@type":"WebSite","@id":"https:\/\/www.esplac.cat\/#website","url":"https:\/\/www.esplac.cat\/","name":"Esplac","description":"Esplais Catalans","publisher":{"@id":"https:\/\/www.esplac.cat\/#organization"},"potentialAction":[{"@type":"SearchAction","target":{"@type":"EntryPoint","urlTemplate":"https:\/\/www.esplac.cat\/?s={search_term_string}"},"query-input":{"@type":"PropertyValueSpecification","valueRequired":true,"valueName":"search_term_string"}}],"inLanguage":"es"},{"@type":"Organization","@id":"https:\/\/www.esplac.cat\/#organization","name":"Esplac","url":"https:\/\/www.esplac.cat\/","logo":{"@type":"ImageObject","inLanguage":"es","@id":"https:\/\/www.esplac.cat\/#\/schema\/logo\/image\/","url":"https:\/\/www.esplac.cat\/wp-content\/uploads\/2019\/08\/logox2.png","contentUrl":"https:\/\/www.esplac.cat\/wp-content\/uploads\/2019\/08\/logox2.png","width":600,"height":295,"caption":"Esplac"},"image":{"@id":"https:\/\/www.esplac.cat\/#\/schema\/logo\/image\/"}},{"@type":"Person","@id":"https:\/\/www.esplac.cat\/#\/schema\/person\/908383cf240be18b68f8855d0583faca","name":"Comunicaci\u00f3 Esplac","image":{"@type":"ImageObject","inLanguage":"es","@id":"https:\/\/secure.gravatar.com\/avatar\/7a4cf8feb412a76ea4a740ca02d95b06b2907b5a6c648c2dd0a1082a093c3141?s=96&d=mm&r=g","url":"https:\/\/secure.gravatar.com\/avatar\/7a4cf8feb412a76ea4a740ca02d95b06b2907b5a6c648c2dd0a1082a093c3141?s=96&d=mm&r=g","contentUrl":"https:\/\/secure.gravatar.com\/avatar\/7a4cf8feb412a76ea4a740ca02d95b06b2907b5a6c648c2dd0a1082a093c3141?s=96&d=mm&r=g","caption":"Comunicaci\u00f3 Esplac"}}]}},"_links":{"self":[{"href":"https:\/\/www.esplac.cat\/es\/wp-json\/wp\/v2\/posts\/44062","targetHints":{"allow":["GET"]}}],"collection":[{"href":"https:\/\/www.esplac.cat\/es\/wp-json\/wp\/v2\/posts"}],"about":[{"href":"https:\/\/www.esplac.cat\/es\/wp-json\/wp\/v2\/types\/post"}],"author":[{"embeddable":true,"href":"https:\/\/www.esplac.cat\/es\/wp-json\/wp\/v2\/users\/3"}],"replies":[{"embeddable":true,"href":"https:\/\/www.esplac.cat\/es\/wp-json\/wp\/v2\/comments?post=44062"}],"version-history":[{"count":0,"href":"https:\/\/www.esplac.cat\/es\/wp-json\/wp\/v2\/posts\/44062\/revisions"}],"wp:featuredmedia":[{"embeddable":true,"href":"https:\/\/www.esplac.cat\/es\/wp-json\/wp\/v2\/media\/44074"}],"wp:attachment":[{"href":"https:\/\/www.esplac.cat\/es\/wp-json\/wp\/v2\/media?parent=44062"}],"wp:term":[{"taxonomy":"category","embeddable":true,"href":"https:\/\/www.esplac.cat\/es\/wp-json\/wp\/v2\/categories?post=44062"},{"taxonomy":"post_tag","embeddable":true,"href":"https:\/\/www.esplac.cat\/es\/wp-json\/wp\/v2\/tags?post=44062"}],"curies":[{"name":"wp","href":"https:\/\/api.w.org\/{rel}","templated":true}]}}