{"id":44063,"date":"2023-03-10T08:00:13","date_gmt":"2023-03-10T06:00:13","guid":{"rendered":"https:\/\/www.esplac.cat\/?p=44063"},"modified":"2023-03-13T14:51:07","modified_gmt":"2023-03-13T12:51:07","slug":"abus-sexual-infantil-asi-primera-trobada","status":"publish","type":"post","link":"https:\/\/www.esplac.cat\/es\/abus-sexual-infantil-asi-primera-trobada\/","title":{"rendered":"Treballem la prevenci\u00f3, detecci\u00f3 i abordatge de l\u2019ab\u00fas sexual infantil (ASI)"},"content":{"rendered":"<h6><strong>El dijous 23 de mar\u00e7 de 18:00h a 20:30h a Esplac es dur\u00e0 a terme la primera trobada amb esplais, dirigents i s\u00f2cies d\u2019Esplac per compartir experi\u00e8ncies, necessitats i inquietuds sobre l&#8217;ab\u00fas sexual infantil<\/strong><\/h6>\n<p><span style=\"font-weight: 400;\">Aquest any, des d\u2019Esplac volem posar sobre la taula la protecci\u00f3 a la inf\u00e0ncia en relaci\u00f3 al maltractament i l\u2019ab\u00fas sexual infantil. Treballararem aquesta mirada des de la prevenci\u00f3, detecci\u00f3 i abordatge dels casos.\u00a0<\/span><\/p>\n<p><span style=\"font-weight: 400;\">La nostra intenci\u00f3 \u00e9s <\/span><b>adaptar el <a href=\"https:\/\/jovecat.gencat.cat\/ca\/temes\/vacances_i_estades\/activitats_educacio_lleure_Recursos_entitats_empreses\/prevencio_maltractament\/\" target=\"_blank\" rel=\"noopener\">Protocol<\/a><\/b> de prevenci\u00f3 de la Generalitat sobre l&#8217;ab\u00fas sexual infantil<b> a la realitat dels esplais<\/b><span style=\"font-weight: 400;\"> d\u2019Esplac. Per fer-ho, farem diverses trobades amb les monitores, s\u00f2cies i dirigents de l\u2019entitat. La primera ser\u00e0 el proper dijous 23 de mar\u00e7 a la seu d\u2019Esplac, de 18:00h\u00a0 a 20:30h. En aquesta trobada recollirem experi\u00e8ncies, inquietuds, necessitats i neguits per part dels esplais. La segona trobada ser\u00e0 en el marc de la <strong><a href=\"https:\/\/www.esplac.cat\/events\/monifestat-2023\/\" target=\"_blank\" rel=\"noopener\">Monifesta\u2019t<\/a><\/strong>. Per fer tot aquest proc\u00e9s, ens acompanyar\u00e0 la Fundaci\u00f3 Vicki Bernadet.\u00a0<\/span><\/p>\n<p><span style=\"font-weight: 400;\">Des d\u2019Esplac hem creat una <a href=\"https:\/\/bancrecursos.esplac.cat\/recurs\/640b1cd3c53700769591bc45\" target=\"_blank\" rel=\"noopener\"><strong>infografia<\/strong><\/a> on s\u2019explica com s\u2019han de comunicar els casos a l\u2019entitat i un model d\u2019escrit per redactar-los. <\/span>La podeu consultar al nostre nou <a href=\"https:\/\/bancrecursos.esplac.cat\/\" target=\"_blank\" rel=\"noopener\"><strong>Banc de Recursos<\/strong><\/a>.<\/p>\n<p>Les inscripcions estan obertes a <a href=\"https:\/\/era.esplac.cat\/#\/gestio-esplac\/activitats\/viz\/640761cc54d9f43e621f3491\" target=\"_blank\" rel=\"noopener\"><strong>l&#8217;Era<\/strong><\/a> i enviant un correu a <a href=\"mailto:asi@esplac.cat\" target=\"_blank\" rel=\"noopener\"><strong>asi@esplac.cat<\/strong><\/a> per a les persones s\u00f2cies.<\/p>\n<p>Tamb\u00e9 us animem a consultar el v\u00eddeo que s&#8217;ha realitzat per apropar la tem\u00e0tica als esplais:<\/p>\n<div class=\"video-shortcode\"><iframe class=\"fusion-hidden\" data-privacy-type=\"youtube\" src=\"\" title=\"Treballem la prevenci\u00f3, detecci\u00f3 i abordatge de l\u2019ab\u00fas sexual infantil (ASI)\" width=\"1200\" height=\"675\" data-privacy-src=\"https:\/\/www.youtube.com\/embed\/OrhR0a5SaKo?feature=oembed\" frameborder=\"0\" allow=\"accelerometer; autoplay; clipboard-write; encrypted-media; gyroscope; picture-in-picture; web-share\" allowfullscreen><\/iframe><\/p>\n<div class=\"fusion-privacy-placeholder\" style=\"width:1200px; height:675px;\" data-privacy-type=\"youtube\">\n<div class=\"fusion-privacy-placeholder-content\">\n<div class=\"fusion-privacy-label\">For privacy reasons YouTube needs your permission to be loaded. For more details, please see our <a class=\"privacy-policy-link\" href=\"https:\/\/www.esplac.cat\/avis-legal\/\" rel=\"privacy-policy\">Av\u00eds Legal<\/a>.<\/div>\n<p><a href=\"\" data-privacy-type=\"youtube\" class=\"fusion-button button-default fusion-button-default-size button fusion-privacy-consent\">I Accept<\/a><\/div>\n<\/div>\n<\/div>\n","protected":false},"excerpt":{"rendered":"<p>El dijous 23 de mar\u00e7 de 18:00h a 20:30h a [&hellip;]<\/p>\n","protected":false},"author":3,"featured_media":44066,"comment_status":"closed","ping_status":"closed","sticky":false,"template":"","format":"standard","meta":{"om_disable_all_campaigns":false,"_monsterinsights_skip_tracking":false,"_monsterinsights_sitenote_active":false,"_monsterinsights_sitenote_note":"","_monsterinsights_sitenote_category":0,"_uf_show_specific_survey":0,"_uf_disable_surveys":false,"footnotes":""},"categories":[1110,1163],"tags":[],"class_list":["post-44063","post","type-post","status-publish","format-standard","has-post-thumbnail","hentry","category-activitats-sectors","category-protocol"],"yoast_head":"<!-- This site is optimized with the Yoast SEO plugin v27.4 - https:\/\/yoast.com\/product\/yoast-seo-wordpress\/ -->\n<title>Treballem la prevenci\u00f3, detecci\u00f3 i abordatge de l\u2019ab\u00fas sexual infantil (ASI) - Esplac<\/title>\n<meta name=\"description\" content=\"El dijous 23 de mar\u00e7 de 18:00h a 20:30h a Esplac ens trobarem per compartir experi\u00e8ncies, necessitats i inquietuds sobre l&#039;ab\u00fas sexual infantil.\" \/>\n<meta name=\"robots\" content=\"index, follow, max-snippet:-1, max-image-preview:large, max-video-preview:-1\" \/>\n<link rel=\"canonical\" href=\"https:\/\/www.esplac.cat\/abus-sexual-infantil-asi-primera-trobada\/\" \/>\n<meta property=\"og:locale\" content=\"es_ES\" \/>\n<meta property=\"og:type\" content=\"article\" \/>\n<meta property=\"og:title\" content=\"Treballem la prevenci\u00f3, detecci\u00f3 i abordatge de l\u2019ab\u00fas sexual infantil (ASI) - Esplac\" \/>\n<meta property=\"og:description\" content=\"El dijous 23 de mar\u00e7 de 18:00h a 20:30h a Esplac ens trobarem per compartir experi\u00e8ncies, necessitats i inquietuds sobre l&#039;ab\u00fas sexual infantil.\" \/>\n<meta property=\"og:url\" content=\"https:\/\/www.esplac.cat\/abus-sexual-infantil-asi-primera-trobada\/\" \/>\n<meta property=\"og:site_name\" content=\"Esplac\" \/>\n<meta property=\"article:published_time\" content=\"2023-03-10T06:00:13+00:00\" \/>\n<meta property=\"article:modified_time\" content=\"2023-03-13T12:51:07+00:00\" \/>\n<meta property=\"og:image\" content=\"https:\/\/www.esplac.cat\/wp-content\/uploads\/2023\/03\/ASI-portades-web.png\" \/>\n\t<meta property=\"og:image:width\" content=\"1697\" \/>\n\t<meta property=\"og:image:height\" content=\"700\" \/>\n\t<meta property=\"og:image:type\" content=\"image\/png\" \/>\n<meta name=\"author\" content=\"Comunicaci\u00f3 Esplac\" \/>\n<meta name=\"twitter:card\" content=\"summary_large_image\" \/>\n<meta name=\"twitter:label1\" content=\"Escrito por\" \/>\n\t<meta name=\"twitter:data1\" content=\"Comunicaci\u00f3 Esplac\" \/>\n\t<meta name=\"twitter:label2\" content=\"Tiempo de lectura\" \/>\n\t<meta name=\"twitter:data2\" content=\"2 minutos\" \/>\n<script type=\"application\/ld+json\" class=\"yoast-schema-graph\">{\"@context\":\"https:\\\/\\\/schema.org\",\"@graph\":[{\"@type\":\"Article\",\"@id\":\"https:\\\/\\\/www.esplac.cat\\\/abus-sexual-infantil-asi-primera-trobada\\\/#article\",\"isPartOf\":{\"@id\":\"https:\\\/\\\/www.esplac.cat\\\/abus-sexual-infantil-asi-primera-trobada\\\/\"},\"author\":{\"name\":\"Comunicaci\u00f3 Esplac\",\"@id\":\"https:\\\/\\\/www.esplac.cat\\\/#\\\/schema\\\/person\\\/908383cf240be18b68f8855d0583faca\"},\"headline\":\"Treballem la prevenci\u00f3, detecci\u00f3 i abordatge de l\u2019ab\u00fas sexual infantil (ASI)\",\"datePublished\":\"2023-03-10T06:00:13+00:00\",\"dateModified\":\"2023-03-13T12:51:07+00:00\",\"mainEntityOfPage\":{\"@id\":\"https:\\\/\\\/www.esplac.cat\\\/abus-sexual-infantil-asi-primera-trobada\\\/\"},\"wordCount\":267,\"publisher\":{\"@id\":\"https:\\\/\\\/www.esplac.cat\\\/#organization\"},\"image\":{\"@id\":\"https:\\\/\\\/www.esplac.cat\\\/abus-sexual-infantil-asi-primera-trobada\\\/#primaryimage\"},\"thumbnailUrl\":\"https:\\\/\\\/www.esplac.cat\\\/wp-content\\\/uploads\\\/2023\\\/03\\\/ASI-portades-web.png\",\"articleSection\":[\"Activitats sectors\",\"Protocol\"],\"inLanguage\":\"es\"},{\"@type\":\"WebPage\",\"@id\":\"https:\\\/\\\/www.esplac.cat\\\/abus-sexual-infantil-asi-primera-trobada\\\/\",\"url\":\"https:\\\/\\\/www.esplac.cat\\\/abus-sexual-infantil-asi-primera-trobada\\\/\",\"name\":\"Treballem la prevenci\u00f3, detecci\u00f3 i abordatge de l\u2019ab\u00fas sexual infantil (ASI) - Esplac\",\"isPartOf\":{\"@id\":\"https:\\\/\\\/www.esplac.cat\\\/#website\"},\"primaryImageOfPage\":{\"@id\":\"https:\\\/\\\/www.esplac.cat\\\/abus-sexual-infantil-asi-primera-trobada\\\/#primaryimage\"},\"image\":{\"@id\":\"https:\\\/\\\/www.esplac.cat\\\/abus-sexual-infantil-asi-primera-trobada\\\/#primaryimage\"},\"thumbnailUrl\":\"https:\\\/\\\/www.esplac.cat\\\/wp-content\\\/uploads\\\/2023\\\/03\\\/ASI-portades-web.png\",\"datePublished\":\"2023-03-10T06:00:13+00:00\",\"dateModified\":\"2023-03-13T12:51:07+00:00\",\"description\":\"El dijous 23 de mar\u00e7 de 18:00h a 20:30h a Esplac ens trobarem per compartir experi\u00e8ncies, necessitats i inquietuds sobre l'ab\u00fas sexual infantil.\",\"breadcrumb\":{\"@id\":\"https:\\\/\\\/www.esplac.cat\\\/abus-sexual-infantil-asi-primera-trobada\\\/#breadcrumb\"},\"inLanguage\":\"es\",\"potentialAction\":[{\"@type\":\"ReadAction\",\"target\":[\"https:\\\/\\\/www.esplac.cat\\\/abus-sexual-infantil-asi-primera-trobada\\\/\"]}]},{\"@type\":\"ImageObject\",\"inLanguage\":\"es\",\"@id\":\"https:\\\/\\\/www.esplac.cat\\\/abus-sexual-infantil-asi-primera-trobada\\\/#primaryimage\",\"url\":\"https:\\\/\\\/www.esplac.cat\\\/wp-content\\\/uploads\\\/2023\\\/03\\\/ASI-portades-web.png\",\"contentUrl\":\"https:\\\/\\\/www.esplac.cat\\\/wp-content\\\/uploads\\\/2023\\\/03\\\/ASI-portades-web.png\",\"width\":1697,\"height\":700,\"caption\":\"ASI portades web\"},{\"@type\":\"BreadcrumbList\",\"@id\":\"https:\\\/\\\/www.esplac.cat\\\/abus-sexual-infantil-asi-primera-trobada\\\/#breadcrumb\",\"itemListElement\":[{\"@type\":\"ListItem\",\"position\":1,\"name\":\"Inici\",\"item\":\"https:\\\/\\\/www.esplac.cat\\\/es\\\/\"},{\"@type\":\"ListItem\",\"position\":2,\"name\":\"Treballem la prevenci\u00f3, detecci\u00f3 i abordatge de l\u2019ab\u00fas sexual infantil (ASI)\"}]},{\"@type\":\"WebSite\",\"@id\":\"https:\\\/\\\/www.esplac.cat\\\/#website\",\"url\":\"https:\\\/\\\/www.esplac.cat\\\/\",\"name\":\"Esplac\",\"description\":\"Esplais Catalans\",\"publisher\":{\"@id\":\"https:\\\/\\\/www.esplac.cat\\\/#organization\"},\"potentialAction\":[{\"@type\":\"SearchAction\",\"target\":{\"@type\":\"EntryPoint\",\"urlTemplate\":\"https:\\\/\\\/www.esplac.cat\\\/?s={search_term_string}\"},\"query-input\":{\"@type\":\"PropertyValueSpecification\",\"valueRequired\":true,\"valueName\":\"search_term_string\"}}],\"inLanguage\":\"es\"},{\"@type\":\"Organization\",\"@id\":\"https:\\\/\\\/www.esplac.cat\\\/#organization\",\"name\":\"Esplac\",\"url\":\"https:\\\/\\\/www.esplac.cat\\\/\",\"logo\":{\"@type\":\"ImageObject\",\"inLanguage\":\"es\",\"@id\":\"https:\\\/\\\/www.esplac.cat\\\/#\\\/schema\\\/logo\\\/image\\\/\",\"url\":\"https:\\\/\\\/www.esplac.cat\\\/wp-content\\\/uploads\\\/2019\\\/08\\\/logox2.png\",\"contentUrl\":\"https:\\\/\\\/www.esplac.cat\\\/wp-content\\\/uploads\\\/2019\\\/08\\\/logox2.png\",\"width\":600,\"height\":295,\"caption\":\"Esplac\"},\"image\":{\"@id\":\"https:\\\/\\\/www.esplac.cat\\\/#\\\/schema\\\/logo\\\/image\\\/\"}},{\"@type\":\"Person\",\"@id\":\"https:\\\/\\\/www.esplac.cat\\\/#\\\/schema\\\/person\\\/908383cf240be18b68f8855d0583faca\",\"name\":\"Comunicaci\u00f3 Esplac\",\"image\":{\"@type\":\"ImageObject\",\"inLanguage\":\"es\",\"@id\":\"https:\\\/\\\/secure.gravatar.com\\\/avatar\\\/7a4cf8feb412a76ea4a740ca02d95b06b2907b5a6c648c2dd0a1082a093c3141?s=96&d=mm&r=g\",\"url\":\"https:\\\/\\\/secure.gravatar.com\\\/avatar\\\/7a4cf8feb412a76ea4a740ca02d95b06b2907b5a6c648c2dd0a1082a093c3141?s=96&d=mm&r=g\",\"contentUrl\":\"https:\\\/\\\/secure.gravatar.com\\\/avatar\\\/7a4cf8feb412a76ea4a740ca02d95b06b2907b5a6c648c2dd0a1082a093c3141?s=96&d=mm&r=g\",\"caption\":\"Comunicaci\u00f3 Esplac\"}}]}<\/script>\n<!-- \/ Yoast SEO plugin. -->","yoast_head_json":{"title":"Treballem la prevenci\u00f3, detecci\u00f3 i abordatge de l\u2019ab\u00fas sexual infantil (ASI) - Esplac","description":"El dijous 23 de mar\u00e7 de 18:00h a 20:30h a Esplac ens trobarem per compartir experi\u00e8ncies, necessitats i inquietuds sobre l'ab\u00fas sexual infantil.","robots":{"index":"index","follow":"follow","max-snippet":"max-snippet:-1","max-image-preview":"max-image-preview:large","max-video-preview":"max-video-preview:-1"},"canonical":"https:\/\/www.esplac.cat\/abus-sexual-infantil-asi-primera-trobada\/","og_locale":"es_ES","og_type":"article","og_title":"Treballem la prevenci\u00f3, detecci\u00f3 i abordatge de l\u2019ab\u00fas sexual infantil (ASI) - Esplac","og_description":"El dijous 23 de mar\u00e7 de 18:00h a 20:30h a Esplac ens trobarem per compartir experi\u00e8ncies, necessitats i inquietuds sobre l'ab\u00fas sexual infantil.","og_url":"https:\/\/www.esplac.cat\/abus-sexual-infantil-asi-primera-trobada\/","og_site_name":"Esplac","article_published_time":"2023-03-10T06:00:13+00:00","article_modified_time":"2023-03-13T12:51:07+00:00","og_image":[{"width":1697,"height":700,"url":"https:\/\/www.esplac.cat\/wp-content\/uploads\/2023\/03\/ASI-portades-web.png","type":"image\/png"}],"author":"Comunicaci\u00f3 Esplac","twitter_card":"summary_large_image","twitter_misc":{"Escrito por":"Comunicaci\u00f3 Esplac","Tiempo de lectura":"2 minutos"},"schema":{"@context":"https:\/\/schema.org","@graph":[{"@type":"Article","@id":"https:\/\/www.esplac.cat\/abus-sexual-infantil-asi-primera-trobada\/#article","isPartOf":{"@id":"https:\/\/www.esplac.cat\/abus-sexual-infantil-asi-primera-trobada\/"},"author":{"name":"Comunicaci\u00f3 Esplac","@id":"https:\/\/www.esplac.cat\/#\/schema\/person\/908383cf240be18b68f8855d0583faca"},"headline":"Treballem la prevenci\u00f3, detecci\u00f3 i abordatge de l\u2019ab\u00fas sexual infantil (ASI)","datePublished":"2023-03-10T06:00:13+00:00","dateModified":"2023-03-13T12:51:07+00:00","mainEntityOfPage":{"@id":"https:\/\/www.esplac.cat\/abus-sexual-infantil-asi-primera-trobada\/"},"wordCount":267,"publisher":{"@id":"https:\/\/www.esplac.cat\/#organization"},"image":{"@id":"https:\/\/www.esplac.cat\/abus-sexual-infantil-asi-primera-trobada\/#primaryimage"},"thumbnailUrl":"https:\/\/www.esplac.cat\/wp-content\/uploads\/2023\/03\/ASI-portades-web.png","articleSection":["Activitats sectors","Protocol"],"inLanguage":"es"},{"@type":"WebPage","@id":"https:\/\/www.esplac.cat\/abus-sexual-infantil-asi-primera-trobada\/","url":"https:\/\/www.esplac.cat\/abus-sexual-infantil-asi-primera-trobada\/","name":"Treballem la prevenci\u00f3, detecci\u00f3 i abordatge de l\u2019ab\u00fas sexual infantil (ASI) - Esplac","isPartOf":{"@id":"https:\/\/www.esplac.cat\/#website"},"primaryImageOfPage":{"@id":"https:\/\/www.esplac.cat\/abus-sexual-infantil-asi-primera-trobada\/#primaryimage"},"image":{"@id":"https:\/\/www.esplac.cat\/abus-sexual-infantil-asi-primera-trobada\/#primaryimage"},"thumbnailUrl":"https:\/\/www.esplac.cat\/wp-content\/uploads\/2023\/03\/ASI-portades-web.png","datePublished":"2023-03-10T06:00:13+00:00","dateModified":"2023-03-13T12:51:07+00:00","description":"El dijous 23 de mar\u00e7 de 18:00h a 20:30h a Esplac ens trobarem per compartir experi\u00e8ncies, necessitats i inquietuds sobre l'ab\u00fas sexual infantil.","breadcrumb":{"@id":"https:\/\/www.esplac.cat\/abus-sexual-infantil-asi-primera-trobada\/#breadcrumb"},"inLanguage":"es","potentialAction":[{"@type":"ReadAction","target":["https:\/\/www.esplac.cat\/abus-sexual-infantil-asi-primera-trobada\/"]}]},{"@type":"ImageObject","inLanguage":"es","@id":"https:\/\/www.esplac.cat\/abus-sexual-infantil-asi-primera-trobada\/#primaryimage","url":"https:\/\/www.esplac.cat\/wp-content\/uploads\/2023\/03\/ASI-portades-web.png","contentUrl":"https:\/\/www.esplac.cat\/wp-content\/uploads\/2023\/03\/ASI-portades-web.png","width":1697,"height":700,"caption":"ASI portades web"},{"@type":"BreadcrumbList","@id":"https:\/\/www.esplac.cat\/abus-sexual-infantil-asi-primera-trobada\/#breadcrumb","itemListElement":[{"@type":"ListItem","position":1,"name":"Inici","item":"https:\/\/www.esplac.cat\/es\/"},{"@type":"ListItem","position":2,"name":"Treballem la prevenci\u00f3, detecci\u00f3 i abordatge de l\u2019ab\u00fas sexual infantil (ASI)"}]},{"@type":"WebSite","@id":"https:\/\/www.esplac.cat\/#website","url":"https:\/\/www.esplac.cat\/","name":"Esplac","description":"Esplais Catalans","publisher":{"@id":"https:\/\/www.esplac.cat\/#organization"},"potentialAction":[{"@type":"SearchAction","target":{"@type":"EntryPoint","urlTemplate":"https:\/\/www.esplac.cat\/?s={search_term_string}"},"query-input":{"@type":"PropertyValueSpecification","valueRequired":true,"valueName":"search_term_string"}}],"inLanguage":"es"},{"@type":"Organization","@id":"https:\/\/www.esplac.cat\/#organization","name":"Esplac","url":"https:\/\/www.esplac.cat\/","logo":{"@type":"ImageObject","inLanguage":"es","@id":"https:\/\/www.esplac.cat\/#\/schema\/logo\/image\/","url":"https:\/\/www.esplac.cat\/wp-content\/uploads\/2019\/08\/logox2.png","contentUrl":"https:\/\/www.esplac.cat\/wp-content\/uploads\/2019\/08\/logox2.png","width":600,"height":295,"caption":"Esplac"},"image":{"@id":"https:\/\/www.esplac.cat\/#\/schema\/logo\/image\/"}},{"@type":"Person","@id":"https:\/\/www.esplac.cat\/#\/schema\/person\/908383cf240be18b68f8855d0583faca","name":"Comunicaci\u00f3 Esplac","image":{"@type":"ImageObject","inLanguage":"es","@id":"https:\/\/secure.gravatar.com\/avatar\/7a4cf8feb412a76ea4a740ca02d95b06b2907b5a6c648c2dd0a1082a093c3141?s=96&d=mm&r=g","url":"https:\/\/secure.gravatar.com\/avatar\/7a4cf8feb412a76ea4a740ca02d95b06b2907b5a6c648c2dd0a1082a093c3141?s=96&d=mm&r=g","contentUrl":"https:\/\/secure.gravatar.com\/avatar\/7a4cf8feb412a76ea4a740ca02d95b06b2907b5a6c648c2dd0a1082a093c3141?s=96&d=mm&r=g","caption":"Comunicaci\u00f3 Esplac"}}]}},"_links":{"self":[{"href":"https:\/\/www.esplac.cat\/es\/wp-json\/wp\/v2\/posts\/44063","targetHints":{"allow":["GET"]}}],"collection":[{"href":"https:\/\/www.esplac.cat\/es\/wp-json\/wp\/v2\/posts"}],"about":[{"href":"https:\/\/www.esplac.cat\/es\/wp-json\/wp\/v2\/types\/post"}],"author":[{"embeddable":true,"href":"https:\/\/www.esplac.cat\/es\/wp-json\/wp\/v2\/users\/3"}],"replies":[{"embeddable":true,"href":"https:\/\/www.esplac.cat\/es\/wp-json\/wp\/v2\/comments?post=44063"}],"version-history":[{"count":0,"href":"https:\/\/www.esplac.cat\/es\/wp-json\/wp\/v2\/posts\/44063\/revisions"}],"wp:featuredmedia":[{"embeddable":true,"href":"https:\/\/www.esplac.cat\/es\/wp-json\/wp\/v2\/media\/44066"}],"wp:attachment":[{"href":"https:\/\/www.esplac.cat\/es\/wp-json\/wp\/v2\/media?parent=44063"}],"wp:term":[{"taxonomy":"category","embeddable":true,"href":"https:\/\/www.esplac.cat\/es\/wp-json\/wp\/v2\/categories?post=44063"},{"taxonomy":"post_tag","embeddable":true,"href":"https:\/\/www.esplac.cat\/es\/wp-json\/wp\/v2\/tags?post=44063"}],"curies":[{"name":"wp","href":"https:\/\/api.w.org\/{rel}","templated":true}]}}