{"id":44166,"date":"2023-03-16T11:23:41","date_gmt":"2023-03-16T09:23:41","guid":{"rendered":"https:\/\/www.esplac.cat\/?p=44166"},"modified":"2023-03-16T11:23:41","modified_gmt":"2023-03-16T09:23:41","slug":"cap-setmana-formacio-cohesio-monis-valles-occidental","status":"publish","type":"post","link":"https:\/\/www.esplac.cat\/es\/cap-setmana-formacio-cohesio-monis-valles-occidental\/","title":{"rendered":"Cap de setmana de formaci\u00f3 i cohesi\u00f3 entre les monis del Vall\u00e8s Occidental"},"content":{"rendered":"<h6><strong>Una seixantena de monitores i monitors de 5 esplais diferents del Sector Vall\u00e8s Occidental han participat de la Monitrobada a l&#8217;Alberg de Cabrera de Mar.<\/strong><\/h6>\n<p><span style=\"font-weight: 400;\">El cap de setmana de l&#8217;11 i 12 de mar\u00e7, el <span style=\"color: #f69d0b;\"><a style=\"color: #f69d0b;\" href=\"https:\/\/www.esplac.cat\/sectors-geografics\/valles-occidental\/\" target=\"_blank\" rel=\"noopener\"><strong>Sector Vall\u00e8s Occidental<\/strong><\/a><\/span> ha celebrat la tradicional <strong>Monitrobada<\/strong> a l\u2019Alberg de Cabrera de Mar. Al llarg del cap de setmana, una seixantena de monitores i monitors de 5 esplais diferents han participat en dos espais formatius sobre intel\u00b7lig\u00e8ncia emocional i salut mental, a c\u00e0rrec de l\u2019<span style=\"color: #f69d0b;\"><a style=\"color: #f69d0b;\" href=\"https:\/\/escolaelsol.coop\/\" target=\"_blank\" rel=\"noopener\"><strong>Escola Lliure El Sol<\/strong><\/a><\/span>, i han dut a terme diferents activitats de cohesi\u00f3 per enfortir el sentiment de pertinen\u00e7a cap al sector.<\/span><\/p>\n<p><span style=\"font-weight: 400;\">La trobada s\u2019ha realitzat una setmana despr\u00e9s de la <a href=\"https:\/\/www.esplac.cat\/maxima-participacio-trobada-general-sector-valles-occidental\/\" target=\"_blank\" rel=\"noopener\"><strong><span style=\"color: #f69d0b;\">Trobada General de Sector i Trobada Jove<\/span><\/strong><\/a> (TGS-TJ), que va reunir fins a 400 persones a la ciutat de Terrassa. En aquest sentit, la participaci\u00f3 al Sector Vall\u00e8s Occidental est\u00e0 augmentant en les diferents activitats respecte l\u2019any passat.<\/span><\/p>\n\n\t\t<style type=\"text\/css\">\n\t\t\t#gallery-1 {\n\t\t\t\tmargin: auto;\n\t\t\t}\n\t\t\t#gallery-1 .gallery-item {\n\t\t\t\tfloat: left;\n\t\t\t\tmargin-top: 10px;\n\t\t\t\ttext-align: center;\n\t\t\t\twidth: 33%;\n\t\t\t}\n\t\t\t#gallery-1 img {\n\t\t\t\tborder: 2px solid #cfcfcf;\n\t\t\t}\n\t\t\t#gallery-1 .gallery-caption {\n\t\t\t\tmargin-left: 0;\n\t\t\t}\n\t\t\t\/* see gallery_shortcode() in wp-includes\/media.php *\/\n\t\t<\/style>\n\t\t<div id='gallery-1' class='gallery galleryid-44166 gallery-columns-3 gallery-size-fusion-400'><dl class='gallery-item'>\n\t\t\t<dt class='gallery-icon landscape'>\n\t\t\t\t<a data-rel=\"iLightbox[postimages]\" data-title=\"1\" data-caption=\"\" href='https:\/\/www.esplac.cat\/es\/1-30-2\/'><img decoding=\"async\" width=\"400\" height=\"400\" src=\"https:\/\/www.esplac.cat\/wp-content\/uploads\/2023\/03\/1-1-400x400.jpg\" class=\"attachment-fusion-400 size-fusion-400\" alt=\"Monitrobada Vall\u00e8s Occidental\" srcset=\"https:\/\/www.esplac.cat\/wp-content\/uploads\/2023\/03\/1-1-66x66.jpg 66w, https:\/\/www.esplac.cat\/wp-content\/uploads\/2023\/03\/1-1-150x150.jpg 150w, https:\/\/www.esplac.cat\/wp-content\/uploads\/2023\/03\/1-1-200x200.jpg 200w, https:\/\/www.esplac.cat\/wp-content\/uploads\/2023\/03\/1-1-300x300.jpg 300w, https:\/\/www.esplac.cat\/wp-content\/uploads\/2023\/03\/1-1-400x400.jpg 400w, https:\/\/www.esplac.cat\/wp-content\/uploads\/2023\/03\/1-1-600x600.jpg 600w, https:\/\/www.esplac.cat\/wp-content\/uploads\/2023\/03\/1-1-768x768.jpg 768w, https:\/\/www.esplac.cat\/wp-content\/uploads\/2023\/03\/1-1-800x800.jpg 800w, https:\/\/www.esplac.cat\/wp-content\/uploads\/2023\/03\/1-1-1024x1024.jpg 1024w, https:\/\/www.esplac.cat\/wp-content\/uploads\/2023\/03\/1-1.jpg 1080w\" sizes=\"(max-width: 400px) 100vw, 400px\" \/><\/a>\n\t\t\t<\/dt><\/dl><dl class='gallery-item'>\n\t\t\t<dt class='gallery-icon landscape'>\n\t\t\t\t<a data-rel=\"iLightbox[postimages]\" data-title=\"2\" data-caption=\"\" href='https:\/\/www.esplac.cat\/es\/2-43-2\/'><img decoding=\"async\" width=\"400\" height=\"400\" src=\"https:\/\/www.esplac.cat\/wp-content\/uploads\/2023\/03\/2-2-400x400.jpg\" class=\"attachment-fusion-400 size-fusion-400\" alt=\"Monitrobada Vall\u00e8s Occidental\" srcset=\"https:\/\/www.esplac.cat\/wp-content\/uploads\/2023\/03\/2-2-66x66.jpg 66w, https:\/\/www.esplac.cat\/wp-content\/uploads\/2023\/03\/2-2-150x150.jpg 150w, https:\/\/www.esplac.cat\/wp-content\/uploads\/2023\/03\/2-2-200x200.jpg 200w, https:\/\/www.esplac.cat\/wp-content\/uploads\/2023\/03\/2-2-300x300.jpg 300w, https:\/\/www.esplac.cat\/wp-content\/uploads\/2023\/03\/2-2-400x400.jpg 400w, https:\/\/www.esplac.cat\/wp-content\/uploads\/2023\/03\/2-2-600x600.jpg 600w, https:\/\/www.esplac.cat\/wp-content\/uploads\/2023\/03\/2-2-768x768.jpg 768w, https:\/\/www.esplac.cat\/wp-content\/uploads\/2023\/03\/2-2-800x800.jpg 800w, https:\/\/www.esplac.cat\/wp-content\/uploads\/2023\/03\/2-2-1024x1024.jpg 1024w, https:\/\/www.esplac.cat\/wp-content\/uploads\/2023\/03\/2-2.jpg 1080w\" sizes=\"(max-width: 400px) 100vw, 400px\" \/><\/a>\n\t\t\t<\/dt><\/dl><dl class='gallery-item'>\n\t\t\t<dt class='gallery-icon landscape'>\n\t\t\t\t<a data-rel=\"iLightbox[postimages]\" data-title=\"3\" data-caption=\"\" href='https:\/\/www.esplac.cat\/es\/3-21-2\/'><img decoding=\"async\" width=\"400\" height=\"400\" src=\"https:\/\/www.esplac.cat\/wp-content\/uploads\/2023\/03\/3-1-400x400.jpg\" class=\"attachment-fusion-400 size-fusion-400\" alt=\"Monitrobada Vall\u00e8s Occidental\" srcset=\"https:\/\/www.esplac.cat\/wp-content\/uploads\/2023\/03\/3-1-66x66.jpg 66w, https:\/\/www.esplac.cat\/wp-content\/uploads\/2023\/03\/3-1-150x150.jpg 150w, https:\/\/www.esplac.cat\/wp-content\/uploads\/2023\/03\/3-1-200x200.jpg 200w, https:\/\/www.esplac.cat\/wp-content\/uploads\/2023\/03\/3-1-300x300.jpg 300w, https:\/\/www.esplac.cat\/wp-content\/uploads\/2023\/03\/3-1-400x400.jpg 400w, https:\/\/www.esplac.cat\/wp-content\/uploads\/2023\/03\/3-1-600x600.jpg 600w, https:\/\/www.esplac.cat\/wp-content\/uploads\/2023\/03\/3-1-768x768.jpg 768w, https:\/\/www.esplac.cat\/wp-content\/uploads\/2023\/03\/3-1-800x800.jpg 800w, https:\/\/www.esplac.cat\/wp-content\/uploads\/2023\/03\/3-1-1024x1024.jpg 1024w, https:\/\/www.esplac.cat\/wp-content\/uploads\/2023\/03\/3-1.jpg 1080w\" sizes=\"(max-width: 400px) 100vw, 400px\" \/><\/a>\n\t\t\t<\/dt><\/dl><br style=\"clear: both\" \/>\n\t\t<\/div>\n\n","protected":false},"excerpt":{"rendered":"<p>Una seixantena de monitores i monitors de 5 esplais diferents [&hellip;]<\/p>\n","protected":false},"author":3,"featured_media":44181,"comment_status":"closed","ping_status":"closed","sticky":false,"template":"","format":"standard","meta":{"om_disable_all_campaigns":false,"_monsterinsights_skip_tracking":false,"_monsterinsights_sitenote_active":false,"_monsterinsights_sitenote_note":"","_monsterinsights_sitenote_category":0,"_uf_show_specific_survey":0,"_uf_disable_surveys":false,"footnotes":""},"categories":[1110,1118,1],"tags":[],"class_list":["post-44166","post","type-post","status-publish","format-standard","has-post-thumbnail","hentry","category-activitats-sectors","category-sector-valles-occidental-activitats-sectors","category-sense-categoria"],"yoast_head":"<!-- This site is optimized with the Yoast SEO plugin v27.4 - https:\/\/yoast.com\/product\/yoast-seo-wordpress\/ -->\n<title>Cap de setmana de formaci\u00f3 del Sector Vall\u00e8s Occidental - Esplac<\/title>\n<meta name=\"description\" content=\"Una seixantena de monitores i monitors de 5 esplais diferents han participat de la Monitrobada a l&#039;Alberg de Cabrera de Mar.\" \/>\n<meta name=\"robots\" content=\"index, follow, max-snippet:-1, max-image-preview:large, max-video-preview:-1\" \/>\n<link rel=\"canonical\" href=\"https:\/\/www.esplac.cat\/cap-setmana-formacio-cohesio-monis-valles-occidental\/\" \/>\n<meta property=\"og:locale\" content=\"es_ES\" \/>\n<meta property=\"og:type\" content=\"article\" \/>\n<meta property=\"og:title\" content=\"Cap de setmana de formaci\u00f3 del Sector Vall\u00e8s Occidental - Esplac\" \/>\n<meta property=\"og:description\" content=\"Una seixantena de monitores i monitors de 5 esplais diferents han participat de la Monitrobada a l&#039;Alberg de Cabrera de Mar.\" \/>\n<meta property=\"og:url\" content=\"https:\/\/www.esplac.cat\/cap-setmana-formacio-cohesio-monis-valles-occidental\/\" \/>\n<meta property=\"og:site_name\" content=\"Esplac\" \/>\n<meta property=\"article:published_time\" content=\"2023-03-16T09:23:41+00:00\" \/>\n<meta property=\"og:image\" content=\"https:\/\/www.esplac.cat\/wp-content\/uploads\/2023\/03\/Portades-Web-8.jpg\" \/>\n\t<meta property=\"og:image:width\" content=\"1697\" \/>\n\t<meta property=\"og:image:height\" content=\"700\" \/>\n\t<meta property=\"og:image:type\" content=\"image\/jpeg\" \/>\n<meta name=\"author\" content=\"Comunicaci\u00f3 Esplac\" \/>\n<meta name=\"twitter:card\" content=\"summary_large_image\" \/>\n<meta name=\"twitter:label1\" content=\"Escrito por\" \/>\n\t<meta name=\"twitter:data1\" content=\"Comunicaci\u00f3 Esplac\" \/>\n\t<meta name=\"twitter:label2\" content=\"Tiempo de lectura\" \/>\n\t<meta name=\"twitter:data2\" content=\"1 minuto\" \/>\n<script type=\"application\/ld+json\" class=\"yoast-schema-graph\">{\"@context\":\"https:\\\/\\\/schema.org\",\"@graph\":[{\"@type\":\"Article\",\"@id\":\"https:\\\/\\\/www.esplac.cat\\\/cap-setmana-formacio-cohesio-monis-valles-occidental\\\/#article\",\"isPartOf\":{\"@id\":\"https:\\\/\\\/www.esplac.cat\\\/cap-setmana-formacio-cohesio-monis-valles-occidental\\\/\"},\"author\":{\"name\":\"Comunicaci\u00f3 Esplac\",\"@id\":\"https:\\\/\\\/www.esplac.cat\\\/#\\\/schema\\\/person\\\/908383cf240be18b68f8855d0583faca\"},\"headline\":\"Cap de setmana de formaci\u00f3 i cohesi\u00f3 entre les monis del Vall\u00e8s Occidental\",\"datePublished\":\"2023-03-16T09:23:41+00:00\",\"mainEntityOfPage\":{\"@id\":\"https:\\\/\\\/www.esplac.cat\\\/cap-setmana-formacio-cohesio-monis-valles-occidental\\\/\"},\"wordCount\":177,\"publisher\":{\"@id\":\"https:\\\/\\\/www.esplac.cat\\\/#organization\"},\"image\":{\"@id\":\"https:\\\/\\\/www.esplac.cat\\\/cap-setmana-formacio-cohesio-monis-valles-occidental\\\/#primaryimage\"},\"thumbnailUrl\":\"https:\\\/\\\/www.esplac.cat\\\/wp-content\\\/uploads\\\/2023\\\/03\\\/Portades-Web-8.jpg\",\"articleSection\":[\"Activitats sectors\",\"Sector Vall\u00e8s Occidental\",\"Sense categoria\"],\"inLanguage\":\"es\"},{\"@type\":\"WebPage\",\"@id\":\"https:\\\/\\\/www.esplac.cat\\\/cap-setmana-formacio-cohesio-monis-valles-occidental\\\/\",\"url\":\"https:\\\/\\\/www.esplac.cat\\\/cap-setmana-formacio-cohesio-monis-valles-occidental\\\/\",\"name\":\"Cap de setmana de formaci\u00f3 del Sector Vall\u00e8s Occidental - Esplac\",\"isPartOf\":{\"@id\":\"https:\\\/\\\/www.esplac.cat\\\/#website\"},\"primaryImageOfPage\":{\"@id\":\"https:\\\/\\\/www.esplac.cat\\\/cap-setmana-formacio-cohesio-monis-valles-occidental\\\/#primaryimage\"},\"image\":{\"@id\":\"https:\\\/\\\/www.esplac.cat\\\/cap-setmana-formacio-cohesio-monis-valles-occidental\\\/#primaryimage\"},\"thumbnailUrl\":\"https:\\\/\\\/www.esplac.cat\\\/wp-content\\\/uploads\\\/2023\\\/03\\\/Portades-Web-8.jpg\",\"datePublished\":\"2023-03-16T09:23:41+00:00\",\"description\":\"Una seixantena de monitores i monitors de 5 esplais diferents han participat de la Monitrobada a l'Alberg de Cabrera de Mar.\",\"breadcrumb\":{\"@id\":\"https:\\\/\\\/www.esplac.cat\\\/cap-setmana-formacio-cohesio-monis-valles-occidental\\\/#breadcrumb\"},\"inLanguage\":\"es\",\"potentialAction\":[{\"@type\":\"ReadAction\",\"target\":[\"https:\\\/\\\/www.esplac.cat\\\/cap-setmana-formacio-cohesio-monis-valles-occidental\\\/\"]}]},{\"@type\":\"ImageObject\",\"inLanguage\":\"es\",\"@id\":\"https:\\\/\\\/www.esplac.cat\\\/cap-setmana-formacio-cohesio-monis-valles-occidental\\\/#primaryimage\",\"url\":\"https:\\\/\\\/www.esplac.cat\\\/wp-content\\\/uploads\\\/2023\\\/03\\\/Portades-Web-8.jpg\",\"contentUrl\":\"https:\\\/\\\/www.esplac.cat\\\/wp-content\\\/uploads\\\/2023\\\/03\\\/Portades-Web-8.jpg\",\"width\":1697,\"height\":700,\"caption\":\"Monitrobada Vall\u00e8s Occidental\"},{\"@type\":\"BreadcrumbList\",\"@id\":\"https:\\\/\\\/www.esplac.cat\\\/cap-setmana-formacio-cohesio-monis-valles-occidental\\\/#breadcrumb\",\"itemListElement\":[{\"@type\":\"ListItem\",\"position\":1,\"name\":\"Inici\",\"item\":\"https:\\\/\\\/www.esplac.cat\\\/es\\\/\"},{\"@type\":\"ListItem\",\"position\":2,\"name\":\"Cap de setmana de formaci\u00f3 i cohesi\u00f3 entre les monis del Vall\u00e8s Occidental\"}]},{\"@type\":\"WebSite\",\"@id\":\"https:\\\/\\\/www.esplac.cat\\\/#website\",\"url\":\"https:\\\/\\\/www.esplac.cat\\\/\",\"name\":\"Esplac\",\"description\":\"Esplais Catalans\",\"publisher\":{\"@id\":\"https:\\\/\\\/www.esplac.cat\\\/#organization\"},\"potentialAction\":[{\"@type\":\"SearchAction\",\"target\":{\"@type\":\"EntryPoint\",\"urlTemplate\":\"https:\\\/\\\/www.esplac.cat\\\/?s={search_term_string}\"},\"query-input\":{\"@type\":\"PropertyValueSpecification\",\"valueRequired\":true,\"valueName\":\"search_term_string\"}}],\"inLanguage\":\"es\"},{\"@type\":\"Organization\",\"@id\":\"https:\\\/\\\/www.esplac.cat\\\/#organization\",\"name\":\"Esplac\",\"url\":\"https:\\\/\\\/www.esplac.cat\\\/\",\"logo\":{\"@type\":\"ImageObject\",\"inLanguage\":\"es\",\"@id\":\"https:\\\/\\\/www.esplac.cat\\\/#\\\/schema\\\/logo\\\/image\\\/\",\"url\":\"https:\\\/\\\/www.esplac.cat\\\/wp-content\\\/uploads\\\/2019\\\/08\\\/logox2.png\",\"contentUrl\":\"https:\\\/\\\/www.esplac.cat\\\/wp-content\\\/uploads\\\/2019\\\/08\\\/logox2.png\",\"width\":600,\"height\":295,\"caption\":\"Esplac\"},\"image\":{\"@id\":\"https:\\\/\\\/www.esplac.cat\\\/#\\\/schema\\\/logo\\\/image\\\/\"}},{\"@type\":\"Person\",\"@id\":\"https:\\\/\\\/www.esplac.cat\\\/#\\\/schema\\\/person\\\/908383cf240be18b68f8855d0583faca\",\"name\":\"Comunicaci\u00f3 Esplac\",\"image\":{\"@type\":\"ImageObject\",\"inLanguage\":\"es\",\"@id\":\"https:\\\/\\\/secure.gravatar.com\\\/avatar\\\/7a4cf8feb412a76ea4a740ca02d95b06b2907b5a6c648c2dd0a1082a093c3141?s=96&d=mm&r=g\",\"url\":\"https:\\\/\\\/secure.gravatar.com\\\/avatar\\\/7a4cf8feb412a76ea4a740ca02d95b06b2907b5a6c648c2dd0a1082a093c3141?s=96&d=mm&r=g\",\"contentUrl\":\"https:\\\/\\\/secure.gravatar.com\\\/avatar\\\/7a4cf8feb412a76ea4a740ca02d95b06b2907b5a6c648c2dd0a1082a093c3141?s=96&d=mm&r=g\",\"caption\":\"Comunicaci\u00f3 Esplac\"}}]}<\/script>\n<!-- \/ Yoast SEO plugin. -->","yoast_head_json":{"title":"Cap de setmana de formaci\u00f3 del Sector Vall\u00e8s Occidental - Esplac","description":"Una seixantena de monitores i monitors de 5 esplais diferents han participat de la Monitrobada a l'Alberg de Cabrera de Mar.","robots":{"index":"index","follow":"follow","max-snippet":"max-snippet:-1","max-image-preview":"max-image-preview:large","max-video-preview":"max-video-preview:-1"},"canonical":"https:\/\/www.esplac.cat\/cap-setmana-formacio-cohesio-monis-valles-occidental\/","og_locale":"es_ES","og_type":"article","og_title":"Cap de setmana de formaci\u00f3 del Sector Vall\u00e8s Occidental - Esplac","og_description":"Una seixantena de monitores i monitors de 5 esplais diferents han participat de la Monitrobada a l'Alberg de Cabrera de Mar.","og_url":"https:\/\/www.esplac.cat\/cap-setmana-formacio-cohesio-monis-valles-occidental\/","og_site_name":"Esplac","article_published_time":"2023-03-16T09:23:41+00:00","og_image":[{"width":1697,"height":700,"url":"https:\/\/www.esplac.cat\/wp-content\/uploads\/2023\/03\/Portades-Web-8.jpg","type":"image\/jpeg"}],"author":"Comunicaci\u00f3 Esplac","twitter_card":"summary_large_image","twitter_misc":{"Escrito por":"Comunicaci\u00f3 Esplac","Tiempo de lectura":"1 minuto"},"schema":{"@context":"https:\/\/schema.org","@graph":[{"@type":"Article","@id":"https:\/\/www.esplac.cat\/cap-setmana-formacio-cohesio-monis-valles-occidental\/#article","isPartOf":{"@id":"https:\/\/www.esplac.cat\/cap-setmana-formacio-cohesio-monis-valles-occidental\/"},"author":{"name":"Comunicaci\u00f3 Esplac","@id":"https:\/\/www.esplac.cat\/#\/schema\/person\/908383cf240be18b68f8855d0583faca"},"headline":"Cap de setmana de formaci\u00f3 i cohesi\u00f3 entre les monis del Vall\u00e8s Occidental","datePublished":"2023-03-16T09:23:41+00:00","mainEntityOfPage":{"@id":"https:\/\/www.esplac.cat\/cap-setmana-formacio-cohesio-monis-valles-occidental\/"},"wordCount":177,"publisher":{"@id":"https:\/\/www.esplac.cat\/#organization"},"image":{"@id":"https:\/\/www.esplac.cat\/cap-setmana-formacio-cohesio-monis-valles-occidental\/#primaryimage"},"thumbnailUrl":"https:\/\/www.esplac.cat\/wp-content\/uploads\/2023\/03\/Portades-Web-8.jpg","articleSection":["Activitats sectors","Sector Vall\u00e8s Occidental","Sense categoria"],"inLanguage":"es"},{"@type":"WebPage","@id":"https:\/\/www.esplac.cat\/cap-setmana-formacio-cohesio-monis-valles-occidental\/","url":"https:\/\/www.esplac.cat\/cap-setmana-formacio-cohesio-monis-valles-occidental\/","name":"Cap de setmana de formaci\u00f3 del Sector Vall\u00e8s Occidental - Esplac","isPartOf":{"@id":"https:\/\/www.esplac.cat\/#website"},"primaryImageOfPage":{"@id":"https:\/\/www.esplac.cat\/cap-setmana-formacio-cohesio-monis-valles-occidental\/#primaryimage"},"image":{"@id":"https:\/\/www.esplac.cat\/cap-setmana-formacio-cohesio-monis-valles-occidental\/#primaryimage"},"thumbnailUrl":"https:\/\/www.esplac.cat\/wp-content\/uploads\/2023\/03\/Portades-Web-8.jpg","datePublished":"2023-03-16T09:23:41+00:00","description":"Una seixantena de monitores i monitors de 5 esplais diferents han participat de la Monitrobada a l'Alberg de Cabrera de Mar.","breadcrumb":{"@id":"https:\/\/www.esplac.cat\/cap-setmana-formacio-cohesio-monis-valles-occidental\/#breadcrumb"},"inLanguage":"es","potentialAction":[{"@type":"ReadAction","target":["https:\/\/www.esplac.cat\/cap-setmana-formacio-cohesio-monis-valles-occidental\/"]}]},{"@type":"ImageObject","inLanguage":"es","@id":"https:\/\/www.esplac.cat\/cap-setmana-formacio-cohesio-monis-valles-occidental\/#primaryimage","url":"https:\/\/www.esplac.cat\/wp-content\/uploads\/2023\/03\/Portades-Web-8.jpg","contentUrl":"https:\/\/www.esplac.cat\/wp-content\/uploads\/2023\/03\/Portades-Web-8.jpg","width":1697,"height":700,"caption":"Monitrobada Vall\u00e8s Occidental"},{"@type":"BreadcrumbList","@id":"https:\/\/www.esplac.cat\/cap-setmana-formacio-cohesio-monis-valles-occidental\/#breadcrumb","itemListElement":[{"@type":"ListItem","position":1,"name":"Inici","item":"https:\/\/www.esplac.cat\/es\/"},{"@type":"ListItem","position":2,"name":"Cap de setmana de formaci\u00f3 i cohesi\u00f3 entre les monis del Vall\u00e8s Occidental"}]},{"@type":"WebSite","@id":"https:\/\/www.esplac.cat\/#website","url":"https:\/\/www.esplac.cat\/","name":"Esplac","description":"Esplais Catalans","publisher":{"@id":"https:\/\/www.esplac.cat\/#organization"},"potentialAction":[{"@type":"SearchAction","target":{"@type":"EntryPoint","urlTemplate":"https:\/\/www.esplac.cat\/?s={search_term_string}"},"query-input":{"@type":"PropertyValueSpecification","valueRequired":true,"valueName":"search_term_string"}}],"inLanguage":"es"},{"@type":"Organization","@id":"https:\/\/www.esplac.cat\/#organization","name":"Esplac","url":"https:\/\/www.esplac.cat\/","logo":{"@type":"ImageObject","inLanguage":"es","@id":"https:\/\/www.esplac.cat\/#\/schema\/logo\/image\/","url":"https:\/\/www.esplac.cat\/wp-content\/uploads\/2019\/08\/logox2.png","contentUrl":"https:\/\/www.esplac.cat\/wp-content\/uploads\/2019\/08\/logox2.png","width":600,"height":295,"caption":"Esplac"},"image":{"@id":"https:\/\/www.esplac.cat\/#\/schema\/logo\/image\/"}},{"@type":"Person","@id":"https:\/\/www.esplac.cat\/#\/schema\/person\/908383cf240be18b68f8855d0583faca","name":"Comunicaci\u00f3 Esplac","image":{"@type":"ImageObject","inLanguage":"es","@id":"https:\/\/secure.gravatar.com\/avatar\/7a4cf8feb412a76ea4a740ca02d95b06b2907b5a6c648c2dd0a1082a093c3141?s=96&d=mm&r=g","url":"https:\/\/secure.gravatar.com\/avatar\/7a4cf8feb412a76ea4a740ca02d95b06b2907b5a6c648c2dd0a1082a093c3141?s=96&d=mm&r=g","contentUrl":"https:\/\/secure.gravatar.com\/avatar\/7a4cf8feb412a76ea4a740ca02d95b06b2907b5a6c648c2dd0a1082a093c3141?s=96&d=mm&r=g","caption":"Comunicaci\u00f3 Esplac"}}]}},"_links":{"self":[{"href":"https:\/\/www.esplac.cat\/es\/wp-json\/wp\/v2\/posts\/44166","targetHints":{"allow":["GET"]}}],"collection":[{"href":"https:\/\/www.esplac.cat\/es\/wp-json\/wp\/v2\/posts"}],"about":[{"href":"https:\/\/www.esplac.cat\/es\/wp-json\/wp\/v2\/types\/post"}],"author":[{"embeddable":true,"href":"https:\/\/www.esplac.cat\/es\/wp-json\/wp\/v2\/users\/3"}],"replies":[{"embeddable":true,"href":"https:\/\/www.esplac.cat\/es\/wp-json\/wp\/v2\/comments?post=44166"}],"version-history":[{"count":0,"href":"https:\/\/www.esplac.cat\/es\/wp-json\/wp\/v2\/posts\/44166\/revisions"}],"wp:featuredmedia":[{"embeddable":true,"href":"https:\/\/www.esplac.cat\/es\/wp-json\/wp\/v2\/media\/44181"}],"wp:attachment":[{"href":"https:\/\/www.esplac.cat\/es\/wp-json\/wp\/v2\/media?parent=44166"}],"wp:term":[{"taxonomy":"category","embeddable":true,"href":"https:\/\/www.esplac.cat\/es\/wp-json\/wp\/v2\/categories?post=44166"},{"taxonomy":"post_tag","embeddable":true,"href":"https:\/\/www.esplac.cat\/es\/wp-json\/wp\/v2\/tags?post=44166"}],"curies":[{"name":"wp","href":"https:\/\/api.w.org\/{rel}","templated":true}]}}