{"id":44318,"date":"2023-02-12T13:59:45","date_gmt":"2023-02-12T11:59:45","guid":{"rendered":"https:\/\/www.esplac.cat\/?p=44318"},"modified":"2023-03-17T14:00:23","modified_gmt":"2023-03-17T12:00:23","slug":"la-campanya-deslocalitzades-mobilitzara-esplais-i-entitats-de-lleure-en-una-manifestacio-unitaria-el-proxim-6-de-maig-per-reclamar-locals-dignes","status":"publish","type":"post","link":"https:\/\/www.esplac.cat\/es\/la-campanya-deslocalitzades-mobilitzara-esplais-i-entitats-de-lleure-en-una-manifestacio-unitaria-el-proxim-6-de-maig-per-reclamar-locals-dignes\/","title":{"rendered":"La campanya Deslocalitzades mobilitzar\u00e0 esplais i entitats de lleure en una manifestaci\u00f3 unit\u00e0ria el pr\u00f2xim 6 de maig per reclamar locals dignes"},"content":{"rendered":"<h6><span style=\"font-family: arial, sans-serif; font-size: small;\"><strong>El 10 de febrer es va presentar la campanya <span class=\"il\">Deslocalitzades<\/span> a l\u2019<a href=\"https:\/\/goo.gl\/maps\/bp6VpfJRc8sSRjVU6\" target=\"_blank\" rel=\"noopener\" data-saferedirecturl=\"https:\/\/www.google.com\/url?q=https:\/\/goo.gl\/maps\/bp6VpfJRc8sSRjVU6&amp;source=gmail&amp;ust=1679140439668000&amp;usg=AOvVaw0Fq2Wpdp_UzlvET2K458ul\"><span style=\"color: #f69d0b;\">Espai Jove La Fontana<\/span><\/a>, on s\u2019han especificat les accions a realitzar durant el 2023, entre elles una manifestaci\u00f3 dels esplais el pr\u00f2xim 6 de maig a Barcelona.<\/strong> <\/span><\/h6>\n<h6><strong><span style=\"font-family: arial, sans-serif; font-size: small;\">La campanya <span class=\"il\">Deslocalitzades<\/span> ha comptat amb l\u2019exposici\u00f3 de les problem\u00e0tiques i les demandes espec\u00edfiques dels esplais, destacant la responsabilitat a les institucions per desposar de locals dignes on fer esplai.\u00a0<\/span><\/strong><\/h6>\n<p><span style=\"font-family: arial, sans-serif; font-size: small;\">La campanya <span style=\"color: #f69d0b;\"><a style=\"color: #f69d0b;\" href=\"https:\/\/www.esplac.cat\/deslocalitzades\/\" target=\"_blank\" rel=\"noopener\" data-saferedirecturl=\"https:\/\/www.google.com\/url?q=https:\/\/www.esplac.cat\/deslocalitzades\/&amp;source=gmail&amp;ust=1679140439668000&amp;usg=AOvVaw3P7hMoMv8bMUmTHWP1q9XX\"><span class=\"il\">Deslocalitzades<\/span><\/a><\/span>, iniciada <span class=\"il\">des<\/span> d\u2019Esplais Catalans (Esplac) es va presentar el passat divendres a l\u2019Espai Jove La Fontana. Pau Casanovas i Pau Mora, de l\u2019Equip de Coordinaci\u00f3 d\u2019Esplac i del Grup de Treball Locals i Territori i Mariona Guill\u00e9n, Representant de la Comissi\u00f3 Reduint Petjada i tamb\u00e9 membre del Grup de Treball, van presentar les problem\u00e0tiques, demandes i accions que s\u2019engloben dins de la campanya.\u00a0<\/span><\/p>\n<p><span style=\"font-family: arial, sans-serif; font-size: small;\">La presentaci\u00f3 de la campanya s\u2019iniciava amb la mirada posada en situaci\u00f3 de l\u2019estat actual dels locals dels esplais, en qu\u00e8 es van exposar algunes de les problem\u00e0tiques. Les m\u00e9s destacades, la impossibilitat d\u2019oferir un <span class=\"il\">local<\/span> a tots els esplais, aix\u00ed com els nouvinguts a l\u2019associaci\u00f3 o la pujada dels preus del lloguer, que alimenta que els esplais es trobin cada cop m\u00e9s sovint amb impossibilitat de pagament o en condicions indignes. A m\u00e9s, s\u2019assenyalava que, depenent de la propietat del <span class=\"il\">local<\/span>, es limita la llibertat pedag\u00f2gica i associativa.<\/span><\/p>\n<p><span style=\"font-family: arial, sans-serif; font-size: small;\">A banda, es van fer p\u00fabliques les dades actuals de l\u2019associaci\u00f3, que compta amb 110 esplais. Actualment, entre els esplais d\u2019Esplac 1 de cada 10 no disposa de <span class=\"il\">local<\/span>, m\u00e9s del 75% no tenen capacitat de plena decisi\u00f3 sobre el <span class=\"il\">local<\/span> i menys del 40% disposen de bones condicions sanit\u00e0ries o de seguretat.<\/span><\/p>\n<p><span style=\"font-family: arial, sans-serif; font-size: small;\">Les i els dirigents d\u2019Esplais Catalans, posteriorment, van articular els reclams de la campanya, que comencen per exigir un <span class=\"il\">local<\/span> digne per a tots els esplais, complint les 11 condicions exposades pel Consell de Joventut de Barcelona, aix\u00ed com convenis p\u00fablics amb l\u2019administraci\u00f3. La <span style=\"color: #f69d0b;\"><a style=\"color: #f69d0b;\" href=\"https:\/\/www.cjb.cat\/publicacions\/les-11-condicions-per-un-espai-digne\/\" target=\"_blank\" rel=\"noopener\" data-saferedirecturl=\"https:\/\/www.google.com\/url?q=https:\/\/www.cjb.cat\/publicacions\/les-11-condicions-per-un-espai-digne\/&amp;source=gmail&amp;ust=1679140439668000&amp;usg=AOvVaw2OCfwobpX3WHacr06hliLy\">publicaci\u00f3 del Consell de Joventut de Barcelona (2022)<\/a><\/span>, compta tamb\u00e9 amb <a href=\"https:\/\/www.cjb.cat\/publicacions\/lestat-dels-locals-de-caus-i-esplais-a-barcelona-el-2022-en-el-marc-de-les-11-condicions\/\" target=\"_blank\" rel=\"noopener\" data-saferedirecturl=\"https:\/\/www.google.com\/url?q=https:\/\/www.cjb.cat\/publicacions\/lestat-dels-locals-de-caus-i-esplais-a-barcelona-el-2022-en-el-marc-de-les-11-condicions\/&amp;source=gmail&amp;ust=1679140439668000&amp;usg=AOvVaw3IwSwKG-9P_Qwjr6r8fJ8w\"><span style=\"color: #f69d0b;\">una an\u00e0lisi de la situaci\u00f3 dels locals<\/span><\/a> de les entitats de lleure a Barcelona, aix\u00ed com les condicions que hauria de tenir un <span class=\"il\">local<\/span> digne.<\/span><\/p>\n<p><span style=\"font-family: arial, sans-serif; font-size: small;\">Durant l\u2019acte tamb\u00e9 es puntualitzava que cal tenir en compte els esplais en el disseny de nous equipaments p\u00fablics i un suport espec\u00edfic als esplais que vulguin deixar de tenir vincle amb propietats privades, com l\u2019esgl\u00e9sia, per accedir a un <span class=\"il\">local<\/span>.<\/span><\/p>\n<p><span style=\"font-family: arial, sans-serif; font-size: small;\">Finalment, van ser presentades les accions en el marc de la campanya <span class=\"il\">Deslocalitzades<\/span> que s\u2019iniciaran amb l\u2019adhesi\u00f3 d\u2019altres entitats educatives i una minis\u00e8rie de v\u00eddeos a les xarxes socials, fent d\u2019altaveu de les problem\u00e0tiques dels locals dels esplais. A m\u00e9s, Esplac tamb\u00e9 ha expressat la voluntat d\u2019exercir com a interlocutors per solucionar la problem\u00e0tica amb l\u2019administraci\u00f3 p\u00fablica.\u00a0<\/span><\/p>\n<p><span style=\"font-family: arial, sans-serif; font-size: small;\">L\u2019acci\u00f3 m\u00e9s destacada ha estat la previsi\u00f3 d&#8217;una manifestaci\u00f3 unit\u00e0ria, el 6 de maig a la tarda a Barcelona, on estaran convocats tots els esplais de l\u2019entitat. La campanya tamb\u00e9 preveu el 6 de maig al mat\u00ed concentracions descentralitzades arreu de Catalunya.<\/span><\/p>\n<p><span style=\"font-family: arial, sans-serif; font-size: small;\">La manifestaci\u00f3 i les accions, tal com es va explicar a l\u2019acte de presentaci\u00f3, preveuen ampliar forces amb l\u2019adhesi\u00f3 d\u2019altres entitats educatives a la campanya durant el mes de febrer i la convocat\u00f2ria conjunta a la manifestaci\u00f3 i reclams que aquesta exposa.<\/span><\/p>\n<p><strong>Sobre la campanya \u201c<span class=\"il\">Deslocalitzades<\/span>\u201d<\/strong><\/p>\n<p><span style=\"font-family: arial, sans-serif; font-size: small;\">Totes les fotografies de l\u2019acte de presentaci\u00f3 de la campanya <span class=\"il\">Deslocalitzades<\/span> <span style=\"color: #f69d0b;\"><a style=\"color: #f69d0b;\" href=\"https:\/\/flic.kr\/s\/aHBqjAs4df\" target=\"_blank\" rel=\"noopener\" data-saferedirecturl=\"https:\/\/www.google.com\/url?q=https:\/\/flic.kr\/s\/aHBqjAs4df&amp;source=gmail&amp;ust=1679140439668000&amp;usg=AOvVaw0-07ZkDqD4ElvPcJ9RsYpo\">aqu\u00ed<\/a><\/span><\/span><\/p>\n<p><span style=\"font-family: arial, sans-serif; font-size: small;\">Trobareu m\u00e9s informaci\u00f3 a la p\u00e0gina web <span style=\"color: #f69d0b;\"><a style=\"color: #f69d0b;\" href=\"https:\/\/www.esplac.cat\/deslocalitzades\/\" target=\"_blank\" rel=\"noopener\" data-saferedirecturl=\"https:\/\/www.google.com\/url?q=https:\/\/www.esplac.cat\/deslocalitzades\/&amp;source=gmail&amp;ust=1679140439668000&amp;usg=AOvVaw3P7hMoMv8bMUmTHWP1q9XX\">www.esplac.cat\/<wbr \/><span class=\"il\">deslocalitzades<\/span>\/<\/a><\/span><\/span><\/p>\n<p><span style=\"font-family: arial, sans-serif; font-size: small;\">Seguiu-nos a xarxes i ajudeu-nos a fer arribar a tothom la campanya! <span style=\"color: #f69d0b;\"><a style=\"color: #f69d0b;\" href=\"http:\/\/www.esplac.cat\/deslocalitzades\" target=\"_blank\" rel=\"noopener\" data-saferedirecturl=\"https:\/\/www.google.com\/url?q=http:\/\/www.esplac.cat\/deslocalitzades&amp;source=gmail&amp;ust=1679140439668000&amp;usg=AOvVaw1FEOqxaPKgtcOHsmtVPI0s\">www.esplac.cat\/<span class=\"il\">deslocalitzades<\/span><\/a><\/span> |\u00a0 <span style=\"color: #f69d0b;\"><a style=\"color: #f69d0b;\" href=\"https:\/\/www.instagram.com\/deslocalitzades\/\" target=\"_blank\" rel=\"noopener\" data-saferedirecturl=\"https:\/\/www.google.com\/url?q=https:\/\/www.instagram.com\/deslocalitzades\/&amp;source=gmail&amp;ust=1679140439669000&amp;usg=AOvVaw149ciwNpi8gsgCBRkrdrnt\">@<span class=\"il\">deslocalitzades<\/span><\/a><\/span> | <span style=\"color: #f69d0b;\"><a style=\"color: #f69d0b;\" href=\"https:\/\/twitter.com\/deslocalitzades\" target=\"_blank\" rel=\"noopener\" data-saferedirecturl=\"https:\/\/www.google.com\/url?q=https:\/\/twitter.com\/deslocalitzades&amp;source=gmail&amp;ust=1679140439669000&amp;usg=AOvVaw1ty-8YmfqL5pqiiKmGGAD-\">@<span class=\"il\">deslocalitzades<\/span><\/a><\/span><\/span><\/p>\n","protected":false},"excerpt":{"rendered":"<p>El 10 de febrer es va presentar la campanya Deslocalitzades [&hellip;]<\/p>\n","protected":false},"author":3,"featured_media":44319,"comment_status":"closed","ping_status":"closed","sticky":false,"template":"","format":"standard","meta":{"om_disable_all_campaigns":false,"_monsterinsights_skip_tracking":false,"_monsterinsights_sitenote_active":false,"_monsterinsights_sitenote_note":"","_monsterinsights_sitenote_category":0,"_uf_show_specific_survey":0,"_uf_disable_surveys":false,"footnotes":""},"categories":[1338],"tags":[],"class_list":["post-44318","post","type-post","status-publish","format-standard","has-post-thumbnail","hentry","category-locals-i-territori"],"yoast_head":"<!-- This site is optimized with the Yoast SEO plugin v27.4 - https:\/\/yoast.com\/product\/yoast-seo-wordpress\/ -->\n<title>La campanya Deslocalitzades mobilitzar\u00e0 esplais i entitats de lleure en una manifestaci\u00f3 unit\u00e0ria el pr\u00f2xim 6 de maig per reclamar locals dignes - Esplac<\/title>\n<meta name=\"robots\" content=\"index, follow, max-snippet:-1, max-image-preview:large, max-video-preview:-1\" \/>\n<link rel=\"canonical\" href=\"https:\/\/www.esplac.cat\/la-campanya-deslocalitzades-mobilitzara-esplais-i-entitats-de-lleure-en-una-manifestacio-unitaria-el-proxim-6-de-maig-per-reclamar-locals-dignes\/\" \/>\n<meta property=\"og:locale\" content=\"es_ES\" \/>\n<meta property=\"og:type\" content=\"article\" \/>\n<meta property=\"og:title\" content=\"La campanya Deslocalitzades mobilitzar\u00e0 esplais i entitats de lleure en una manifestaci\u00f3 unit\u00e0ria el pr\u00f2xim 6 de maig per reclamar locals dignes - Esplac\" \/>\n<meta property=\"og:description\" content=\"El 10 de febrer es va presentar la campanya Deslocalitzades [&hellip;]\" \/>\n<meta property=\"og:url\" content=\"https:\/\/www.esplac.cat\/la-campanya-deslocalitzades-mobilitzara-esplais-i-entitats-de-lleure-en-una-manifestacio-unitaria-el-proxim-6-de-maig-per-reclamar-locals-dignes\/\" \/>\n<meta property=\"og:site_name\" content=\"Esplac\" \/>\n<meta property=\"article:published_time\" content=\"2023-02-12T11:59:45+00:00\" \/>\n<meta property=\"article:modified_time\" content=\"2023-03-17T12:00:23+00:00\" \/>\n<meta property=\"og:image\" content=\"https:\/\/www.esplac.cat\/wp-content\/uploads\/2023\/03\/Deslocalitzades-1.jpg\" \/>\n\t<meta property=\"og:image:width\" content=\"1694\" \/>\n\t<meta property=\"og:image:height\" content=\"700\" \/>\n\t<meta property=\"og:image:type\" content=\"image\/jpeg\" \/>\n<meta name=\"author\" content=\"Comunicaci\u00f3 Esplac\" \/>\n<meta name=\"twitter:card\" content=\"summary_large_image\" \/>\n<meta name=\"twitter:label1\" content=\"Escrito por\" \/>\n\t<meta name=\"twitter:data1\" content=\"Comunicaci\u00f3 Esplac\" \/>\n\t<meta name=\"twitter:label2\" content=\"Tiempo de lectura\" \/>\n\t<meta name=\"twitter:data2\" content=\"4 minutos\" \/>\n<script type=\"application\/ld+json\" class=\"yoast-schema-graph\">{\"@context\":\"https:\\\/\\\/schema.org\",\"@graph\":[{\"@type\":\"Article\",\"@id\":\"https:\\\/\\\/www.esplac.cat\\\/la-campanya-deslocalitzades-mobilitzara-esplais-i-entitats-de-lleure-en-una-manifestacio-unitaria-el-proxim-6-de-maig-per-reclamar-locals-dignes\\\/#article\",\"isPartOf\":{\"@id\":\"https:\\\/\\\/www.esplac.cat\\\/la-campanya-deslocalitzades-mobilitzara-esplais-i-entitats-de-lleure-en-una-manifestacio-unitaria-el-proxim-6-de-maig-per-reclamar-locals-dignes\\\/\"},\"author\":{\"name\":\"Comunicaci\u00f3 Esplac\",\"@id\":\"https:\\\/\\\/www.esplac.cat\\\/#\\\/schema\\\/person\\\/908383cf240be18b68f8855d0583faca\"},\"headline\":\"La campanya Deslocalitzades mobilitzar\u00e0 esplais i entitats de lleure en una manifestaci\u00f3 unit\u00e0ria el pr\u00f2xim 6 de maig per reclamar locals dignes\",\"datePublished\":\"2023-02-12T11:59:45+00:00\",\"dateModified\":\"2023-03-17T12:00:23+00:00\",\"mainEntityOfPage\":{\"@id\":\"https:\\\/\\\/www.esplac.cat\\\/la-campanya-deslocalitzades-mobilitzara-esplais-i-entitats-de-lleure-en-una-manifestacio-unitaria-el-proxim-6-de-maig-per-reclamar-locals-dignes\\\/\"},\"wordCount\":655,\"publisher\":{\"@id\":\"https:\\\/\\\/www.esplac.cat\\\/#organization\"},\"image\":{\"@id\":\"https:\\\/\\\/www.esplac.cat\\\/la-campanya-deslocalitzades-mobilitzara-esplais-i-entitats-de-lleure-en-una-manifestacio-unitaria-el-proxim-6-de-maig-per-reclamar-locals-dignes\\\/#primaryimage\"},\"thumbnailUrl\":\"https:\\\/\\\/www.esplac.cat\\\/wp-content\\\/uploads\\\/2023\\\/03\\\/Deslocalitzades-1.jpg\",\"articleSection\":[\"Locals i Territori\"],\"inLanguage\":\"es\"},{\"@type\":\"WebPage\",\"@id\":\"https:\\\/\\\/www.esplac.cat\\\/la-campanya-deslocalitzades-mobilitzara-esplais-i-entitats-de-lleure-en-una-manifestacio-unitaria-el-proxim-6-de-maig-per-reclamar-locals-dignes\\\/\",\"url\":\"https:\\\/\\\/www.esplac.cat\\\/la-campanya-deslocalitzades-mobilitzara-esplais-i-entitats-de-lleure-en-una-manifestacio-unitaria-el-proxim-6-de-maig-per-reclamar-locals-dignes\\\/\",\"name\":\"La campanya Deslocalitzades mobilitzar\u00e0 esplais i entitats de lleure en una manifestaci\u00f3 unit\u00e0ria el pr\u00f2xim 6 de maig per reclamar locals dignes - Esplac\",\"isPartOf\":{\"@id\":\"https:\\\/\\\/www.esplac.cat\\\/#website\"},\"primaryImageOfPage\":{\"@id\":\"https:\\\/\\\/www.esplac.cat\\\/la-campanya-deslocalitzades-mobilitzara-esplais-i-entitats-de-lleure-en-una-manifestacio-unitaria-el-proxim-6-de-maig-per-reclamar-locals-dignes\\\/#primaryimage\"},\"image\":{\"@id\":\"https:\\\/\\\/www.esplac.cat\\\/la-campanya-deslocalitzades-mobilitzara-esplais-i-entitats-de-lleure-en-una-manifestacio-unitaria-el-proxim-6-de-maig-per-reclamar-locals-dignes\\\/#primaryimage\"},\"thumbnailUrl\":\"https:\\\/\\\/www.esplac.cat\\\/wp-content\\\/uploads\\\/2023\\\/03\\\/Deslocalitzades-1.jpg\",\"datePublished\":\"2023-02-12T11:59:45+00:00\",\"dateModified\":\"2023-03-17T12:00:23+00:00\",\"breadcrumb\":{\"@id\":\"https:\\\/\\\/www.esplac.cat\\\/la-campanya-deslocalitzades-mobilitzara-esplais-i-entitats-de-lleure-en-una-manifestacio-unitaria-el-proxim-6-de-maig-per-reclamar-locals-dignes\\\/#breadcrumb\"},\"inLanguage\":\"es\",\"potentialAction\":[{\"@type\":\"ReadAction\",\"target\":[\"https:\\\/\\\/www.esplac.cat\\\/la-campanya-deslocalitzades-mobilitzara-esplais-i-entitats-de-lleure-en-una-manifestacio-unitaria-el-proxim-6-de-maig-per-reclamar-locals-dignes\\\/\"]}]},{\"@type\":\"ImageObject\",\"inLanguage\":\"es\",\"@id\":\"https:\\\/\\\/www.esplac.cat\\\/la-campanya-deslocalitzades-mobilitzara-esplais-i-entitats-de-lleure-en-una-manifestacio-unitaria-el-proxim-6-de-maig-per-reclamar-locals-dignes\\\/#primaryimage\",\"url\":\"https:\\\/\\\/www.esplac.cat\\\/wp-content\\\/uploads\\\/2023\\\/03\\\/Deslocalitzades-1.jpg\",\"contentUrl\":\"https:\\\/\\\/www.esplac.cat\\\/wp-content\\\/uploads\\\/2023\\\/03\\\/Deslocalitzades-1.jpg\",\"width\":1694,\"height\":700},{\"@type\":\"BreadcrumbList\",\"@id\":\"https:\\\/\\\/www.esplac.cat\\\/la-campanya-deslocalitzades-mobilitzara-esplais-i-entitats-de-lleure-en-una-manifestacio-unitaria-el-proxim-6-de-maig-per-reclamar-locals-dignes\\\/#breadcrumb\",\"itemListElement\":[{\"@type\":\"ListItem\",\"position\":1,\"name\":\"Inici\",\"item\":\"https:\\\/\\\/www.esplac.cat\\\/es\\\/\"},{\"@type\":\"ListItem\",\"position\":2,\"name\":\"La campanya Deslocalitzades mobilitzar\u00e0 esplais i entitats de lleure en una manifestaci\u00f3 unit\u00e0ria el pr\u00f2xim 6 de maig per reclamar locals dignes\"}]},{\"@type\":\"WebSite\",\"@id\":\"https:\\\/\\\/www.esplac.cat\\\/#website\",\"url\":\"https:\\\/\\\/www.esplac.cat\\\/\",\"name\":\"Esplac\",\"description\":\"Esplais Catalans\",\"publisher\":{\"@id\":\"https:\\\/\\\/www.esplac.cat\\\/#organization\"},\"potentialAction\":[{\"@type\":\"SearchAction\",\"target\":{\"@type\":\"EntryPoint\",\"urlTemplate\":\"https:\\\/\\\/www.esplac.cat\\\/?s={search_term_string}\"},\"query-input\":{\"@type\":\"PropertyValueSpecification\",\"valueRequired\":true,\"valueName\":\"search_term_string\"}}],\"inLanguage\":\"es\"},{\"@type\":\"Organization\",\"@id\":\"https:\\\/\\\/www.esplac.cat\\\/#organization\",\"name\":\"Esplac\",\"url\":\"https:\\\/\\\/www.esplac.cat\\\/\",\"logo\":{\"@type\":\"ImageObject\",\"inLanguage\":\"es\",\"@id\":\"https:\\\/\\\/www.esplac.cat\\\/#\\\/schema\\\/logo\\\/image\\\/\",\"url\":\"https:\\\/\\\/www.esplac.cat\\\/wp-content\\\/uploads\\\/2019\\\/08\\\/logox2.png\",\"contentUrl\":\"https:\\\/\\\/www.esplac.cat\\\/wp-content\\\/uploads\\\/2019\\\/08\\\/logox2.png\",\"width\":600,\"height\":295,\"caption\":\"Esplac\"},\"image\":{\"@id\":\"https:\\\/\\\/www.esplac.cat\\\/#\\\/schema\\\/logo\\\/image\\\/\"}},{\"@type\":\"Person\",\"@id\":\"https:\\\/\\\/www.esplac.cat\\\/#\\\/schema\\\/person\\\/908383cf240be18b68f8855d0583faca\",\"name\":\"Comunicaci\u00f3 Esplac\",\"image\":{\"@type\":\"ImageObject\",\"inLanguage\":\"es\",\"@id\":\"https:\\\/\\\/secure.gravatar.com\\\/avatar\\\/7a4cf8feb412a76ea4a740ca02d95b06b2907b5a6c648c2dd0a1082a093c3141?s=96&d=mm&r=g\",\"url\":\"https:\\\/\\\/secure.gravatar.com\\\/avatar\\\/7a4cf8feb412a76ea4a740ca02d95b06b2907b5a6c648c2dd0a1082a093c3141?s=96&d=mm&r=g\",\"contentUrl\":\"https:\\\/\\\/secure.gravatar.com\\\/avatar\\\/7a4cf8feb412a76ea4a740ca02d95b06b2907b5a6c648c2dd0a1082a093c3141?s=96&d=mm&r=g\",\"caption\":\"Comunicaci\u00f3 Esplac\"}}]}<\/script>\n<!-- \/ Yoast SEO plugin. -->","yoast_head_json":{"title":"La campanya Deslocalitzades mobilitzar\u00e0 esplais i entitats de lleure en una manifestaci\u00f3 unit\u00e0ria el pr\u00f2xim 6 de maig per reclamar locals dignes - Esplac","robots":{"index":"index","follow":"follow","max-snippet":"max-snippet:-1","max-image-preview":"max-image-preview:large","max-video-preview":"max-video-preview:-1"},"canonical":"https:\/\/www.esplac.cat\/la-campanya-deslocalitzades-mobilitzara-esplais-i-entitats-de-lleure-en-una-manifestacio-unitaria-el-proxim-6-de-maig-per-reclamar-locals-dignes\/","og_locale":"es_ES","og_type":"article","og_title":"La campanya Deslocalitzades mobilitzar\u00e0 esplais i entitats de lleure en una manifestaci\u00f3 unit\u00e0ria el pr\u00f2xim 6 de maig per reclamar locals dignes - Esplac","og_description":"El 10 de febrer es va presentar la campanya Deslocalitzades [&hellip;]","og_url":"https:\/\/www.esplac.cat\/la-campanya-deslocalitzades-mobilitzara-esplais-i-entitats-de-lleure-en-una-manifestacio-unitaria-el-proxim-6-de-maig-per-reclamar-locals-dignes\/","og_site_name":"Esplac","article_published_time":"2023-02-12T11:59:45+00:00","article_modified_time":"2023-03-17T12:00:23+00:00","og_image":[{"width":1694,"height":700,"url":"https:\/\/www.esplac.cat\/wp-content\/uploads\/2023\/03\/Deslocalitzades-1.jpg","type":"image\/jpeg"}],"author":"Comunicaci\u00f3 Esplac","twitter_card":"summary_large_image","twitter_misc":{"Escrito por":"Comunicaci\u00f3 Esplac","Tiempo de lectura":"4 minutos"},"schema":{"@context":"https:\/\/schema.org","@graph":[{"@type":"Article","@id":"https:\/\/www.esplac.cat\/la-campanya-deslocalitzades-mobilitzara-esplais-i-entitats-de-lleure-en-una-manifestacio-unitaria-el-proxim-6-de-maig-per-reclamar-locals-dignes\/#article","isPartOf":{"@id":"https:\/\/www.esplac.cat\/la-campanya-deslocalitzades-mobilitzara-esplais-i-entitats-de-lleure-en-una-manifestacio-unitaria-el-proxim-6-de-maig-per-reclamar-locals-dignes\/"},"author":{"name":"Comunicaci\u00f3 Esplac","@id":"https:\/\/www.esplac.cat\/#\/schema\/person\/908383cf240be18b68f8855d0583faca"},"headline":"La campanya Deslocalitzades mobilitzar\u00e0 esplais i entitats de lleure en una manifestaci\u00f3 unit\u00e0ria el pr\u00f2xim 6 de maig per reclamar locals dignes","datePublished":"2023-02-12T11:59:45+00:00","dateModified":"2023-03-17T12:00:23+00:00","mainEntityOfPage":{"@id":"https:\/\/www.esplac.cat\/la-campanya-deslocalitzades-mobilitzara-esplais-i-entitats-de-lleure-en-una-manifestacio-unitaria-el-proxim-6-de-maig-per-reclamar-locals-dignes\/"},"wordCount":655,"publisher":{"@id":"https:\/\/www.esplac.cat\/#organization"},"image":{"@id":"https:\/\/www.esplac.cat\/la-campanya-deslocalitzades-mobilitzara-esplais-i-entitats-de-lleure-en-una-manifestacio-unitaria-el-proxim-6-de-maig-per-reclamar-locals-dignes\/#primaryimage"},"thumbnailUrl":"https:\/\/www.esplac.cat\/wp-content\/uploads\/2023\/03\/Deslocalitzades-1.jpg","articleSection":["Locals i Territori"],"inLanguage":"es"},{"@type":"WebPage","@id":"https:\/\/www.esplac.cat\/la-campanya-deslocalitzades-mobilitzara-esplais-i-entitats-de-lleure-en-una-manifestacio-unitaria-el-proxim-6-de-maig-per-reclamar-locals-dignes\/","url":"https:\/\/www.esplac.cat\/la-campanya-deslocalitzades-mobilitzara-esplais-i-entitats-de-lleure-en-una-manifestacio-unitaria-el-proxim-6-de-maig-per-reclamar-locals-dignes\/","name":"La campanya Deslocalitzades mobilitzar\u00e0 esplais i entitats de lleure en una manifestaci\u00f3 unit\u00e0ria el pr\u00f2xim 6 de maig per reclamar locals dignes - Esplac","isPartOf":{"@id":"https:\/\/www.esplac.cat\/#website"},"primaryImageOfPage":{"@id":"https:\/\/www.esplac.cat\/la-campanya-deslocalitzades-mobilitzara-esplais-i-entitats-de-lleure-en-una-manifestacio-unitaria-el-proxim-6-de-maig-per-reclamar-locals-dignes\/#primaryimage"},"image":{"@id":"https:\/\/www.esplac.cat\/la-campanya-deslocalitzades-mobilitzara-esplais-i-entitats-de-lleure-en-una-manifestacio-unitaria-el-proxim-6-de-maig-per-reclamar-locals-dignes\/#primaryimage"},"thumbnailUrl":"https:\/\/www.esplac.cat\/wp-content\/uploads\/2023\/03\/Deslocalitzades-1.jpg","datePublished":"2023-02-12T11:59:45+00:00","dateModified":"2023-03-17T12:00:23+00:00","breadcrumb":{"@id":"https:\/\/www.esplac.cat\/la-campanya-deslocalitzades-mobilitzara-esplais-i-entitats-de-lleure-en-una-manifestacio-unitaria-el-proxim-6-de-maig-per-reclamar-locals-dignes\/#breadcrumb"},"inLanguage":"es","potentialAction":[{"@type":"ReadAction","target":["https:\/\/www.esplac.cat\/la-campanya-deslocalitzades-mobilitzara-esplais-i-entitats-de-lleure-en-una-manifestacio-unitaria-el-proxim-6-de-maig-per-reclamar-locals-dignes\/"]}]},{"@type":"ImageObject","inLanguage":"es","@id":"https:\/\/www.esplac.cat\/la-campanya-deslocalitzades-mobilitzara-esplais-i-entitats-de-lleure-en-una-manifestacio-unitaria-el-proxim-6-de-maig-per-reclamar-locals-dignes\/#primaryimage","url":"https:\/\/www.esplac.cat\/wp-content\/uploads\/2023\/03\/Deslocalitzades-1.jpg","contentUrl":"https:\/\/www.esplac.cat\/wp-content\/uploads\/2023\/03\/Deslocalitzades-1.jpg","width":1694,"height":700},{"@type":"BreadcrumbList","@id":"https:\/\/www.esplac.cat\/la-campanya-deslocalitzades-mobilitzara-esplais-i-entitats-de-lleure-en-una-manifestacio-unitaria-el-proxim-6-de-maig-per-reclamar-locals-dignes\/#breadcrumb","itemListElement":[{"@type":"ListItem","position":1,"name":"Inici","item":"https:\/\/www.esplac.cat\/es\/"},{"@type":"ListItem","position":2,"name":"La campanya Deslocalitzades mobilitzar\u00e0 esplais i entitats de lleure en una manifestaci\u00f3 unit\u00e0ria el pr\u00f2xim 6 de maig per reclamar locals dignes"}]},{"@type":"WebSite","@id":"https:\/\/www.esplac.cat\/#website","url":"https:\/\/www.esplac.cat\/","name":"Esplac","description":"Esplais Catalans","publisher":{"@id":"https:\/\/www.esplac.cat\/#organization"},"potentialAction":[{"@type":"SearchAction","target":{"@type":"EntryPoint","urlTemplate":"https:\/\/www.esplac.cat\/?s={search_term_string}"},"query-input":{"@type":"PropertyValueSpecification","valueRequired":true,"valueName":"search_term_string"}}],"inLanguage":"es"},{"@type":"Organization","@id":"https:\/\/www.esplac.cat\/#organization","name":"Esplac","url":"https:\/\/www.esplac.cat\/","logo":{"@type":"ImageObject","inLanguage":"es","@id":"https:\/\/www.esplac.cat\/#\/schema\/logo\/image\/","url":"https:\/\/www.esplac.cat\/wp-content\/uploads\/2019\/08\/logox2.png","contentUrl":"https:\/\/www.esplac.cat\/wp-content\/uploads\/2019\/08\/logox2.png","width":600,"height":295,"caption":"Esplac"},"image":{"@id":"https:\/\/www.esplac.cat\/#\/schema\/logo\/image\/"}},{"@type":"Person","@id":"https:\/\/www.esplac.cat\/#\/schema\/person\/908383cf240be18b68f8855d0583faca","name":"Comunicaci\u00f3 Esplac","image":{"@type":"ImageObject","inLanguage":"es","@id":"https:\/\/secure.gravatar.com\/avatar\/7a4cf8feb412a76ea4a740ca02d95b06b2907b5a6c648c2dd0a1082a093c3141?s=96&d=mm&r=g","url":"https:\/\/secure.gravatar.com\/avatar\/7a4cf8feb412a76ea4a740ca02d95b06b2907b5a6c648c2dd0a1082a093c3141?s=96&d=mm&r=g","contentUrl":"https:\/\/secure.gravatar.com\/avatar\/7a4cf8feb412a76ea4a740ca02d95b06b2907b5a6c648c2dd0a1082a093c3141?s=96&d=mm&r=g","caption":"Comunicaci\u00f3 Esplac"}}]}},"_links":{"self":[{"href":"https:\/\/www.esplac.cat\/es\/wp-json\/wp\/v2\/posts\/44318","targetHints":{"allow":["GET"]}}],"collection":[{"href":"https:\/\/www.esplac.cat\/es\/wp-json\/wp\/v2\/posts"}],"about":[{"href":"https:\/\/www.esplac.cat\/es\/wp-json\/wp\/v2\/types\/post"}],"author":[{"embeddable":true,"href":"https:\/\/www.esplac.cat\/es\/wp-json\/wp\/v2\/users\/3"}],"replies":[{"embeddable":true,"href":"https:\/\/www.esplac.cat\/es\/wp-json\/wp\/v2\/comments?post=44318"}],"version-history":[{"count":0,"href":"https:\/\/www.esplac.cat\/es\/wp-json\/wp\/v2\/posts\/44318\/revisions"}],"wp:featuredmedia":[{"embeddable":true,"href":"https:\/\/www.esplac.cat\/es\/wp-json\/wp\/v2\/media\/44319"}],"wp:attachment":[{"href":"https:\/\/www.esplac.cat\/es\/wp-json\/wp\/v2\/media?parent=44318"}],"wp:term":[{"taxonomy":"category","embeddable":true,"href":"https:\/\/www.esplac.cat\/es\/wp-json\/wp\/v2\/categories?post=44318"},{"taxonomy":"post_tag","embeddable":true,"href":"https:\/\/www.esplac.cat\/es\/wp-json\/wp\/v2\/tags?post=44318"}],"curies":[{"name":"wp","href":"https:\/\/api.w.org\/{rel}","templated":true}]}}