{"id":44433,"date":"2023-03-24T13:18:11","date_gmt":"2023-03-24T11:18:11","guid":{"rendered":"https:\/\/www.esplac.cat\/?p=44433"},"modified":"2023-03-24T13:31:43","modified_gmt":"2023-03-24T11:31:43","slug":"passa-tarda-grup-monis-alemanya","status":"publish","type":"post","link":"https:\/\/www.esplac.cat\/es\/passa-tarda-grup-monis-alemanya\/","title":{"rendered":"Passa una tarda amb un grup de monis d&#8217;Alemanya!"},"content":{"rendered":"<h6><strong>Un grup de monis d&#8217;Alemanya busca un esplai de Barcelona amb qui fer una activitat durant la seva estada a la ciutat.<\/strong><\/h6>\n<p>Del 7 al 16 d&#8217;abril un<b>\u00a0grup de joves d&#8217;Alemanya\u00a0<\/b>de l&#8217;entitat <span style=\"color: #f69d0b;\"><a style=\"color: #f69d0b;\" href=\"https:\/\/falken-berlin.de\/\" target=\"_blank\" rel=\"noopener\"><strong>Die Falken Berlin<\/strong><\/a><\/span> estar\u00e0 per Barcelona realitzant un projecte internacional. Aquest projecte l&#8217;han organitzat aquestes joves i consisteix a fer activitats per Barcelona. <b>Vindran uns 15 monis\u00a0<\/b>(17-25 anys) que viuen a Berl\u00edn.<\/p>\n<p>Quan van decidir venir a Barcelona van contactar amb Esplac perqu\u00e8<b> estan molt motivades i motivats per realitzar alguna activitat o intercanvi amb un esplai<\/b>. La seva idea \u00e9s fer una activitat l\u00fadica a l&#8217;aire lliure una tarda, visitar el local d&#8217;algun Esplai i xerrar, compartir experi\u00e8ncies de diferents realitats socials i pol\u00edtiques, con\u00e8ixer Barcelona i voltants, etc. El grup s&#8217;allotjar\u00e0 al centre de Barcelona i <b>volen trobar un moment de la setmana <\/b>per poder trobar-se amb un esplai.<\/p>\n<p>Voleu tenir\u00a0<b>l&#8217;oportunitat de fer un intercanvi amb aquest grup de joves<\/b> i organitzar alguna activitat amb elles i ells? Les <span style=\"color: #f69d0b;\"><a style=\"color: #f69d0b;\" href=\"https:\/\/www.esplac.cat\/internacional\/\" target=\"_blank\" rel=\"noopener\"><strong>experi\u00e8ncies internacionals<\/strong><\/a><\/span> ens donen la possibilitat de con\u00e8ixer a altres joves, tenir nous contactes per a fer activitats internacionals en un futur, passar una estona diferent, aprendre coses noves i ampliar la mirada intercultural i internacionalista, entre moltes altres coses. A m\u00e9s a m\u00e9s,<b>\u00a0\u00e9s una activitat internacional senzilla i sense cost que us pot obrir nous camins i horitzons!\u00a0<\/b>Qui sap si potser l&#8217;any que ve qui els visitar\u00e0 a Berl\u00edn sereu vosaltres&#8230;!<\/p>\n<p>Si voleu trobar-vos amb aquest grup internacional, no dubteu a contactar amb <span style=\"color: #f69d0b;\"><b><a style=\"color: #f69d0b;\" href=\"mailto:internacional@esplac.cat\" target=\"_blank\" rel=\"noopener\">internacional@esplac.cat<\/a>\u00a0\u00a0<\/b><\/span><\/p>\n<div class=\"gmail_quote\">\n<p class=\"gmail_attr\" dir=\"ltr\">\n<\/div>\n","protected":false},"excerpt":{"rendered":"<p>Un grup de monis d&#8217;Alemanya busca un esplai de Barcelona [&hellip;]<\/p>\n","protected":false},"author":3,"featured_media":44439,"comment_status":"closed","ping_status":"closed","sticky":false,"template":"","format":"standard","meta":{"om_disable_all_campaigns":false,"_monsterinsights_skip_tracking":false,"_monsterinsights_sitenote_active":false,"_monsterinsights_sitenote_note":"","_monsterinsights_sitenote_category":0,"_uf_show_specific_survey":0,"_uf_disable_surveys":false,"footnotes":""},"categories":[1117,1112,1],"tags":[],"class_list":["post-44433","post","type-post","status-publish","format-standard","has-post-thumbnail","hentry","category-activitats-esplais","category-esplac-al-mon","category-sense-categoria"],"yoast_head":"<!-- This site is optimized with the Yoast SEO plugin v27.4 - https:\/\/yoast.com\/product\/yoast-seo-wordpress\/ -->\n<title>Passa una tarda amb un grup de monis d&#039;Alemanya! - Esplac<\/title>\n<meta name=\"description\" content=\"Un\u00a0grup de joves d&#039;Alemanya busca un esplai de Barcelona amb qui fer una activitat durant la seva estada a la ciutat del 7 al 16 d&#039;abril.\" \/>\n<meta name=\"robots\" content=\"index, follow, max-snippet:-1, max-image-preview:large, max-video-preview:-1\" \/>\n<link rel=\"canonical\" href=\"https:\/\/www.esplac.cat\/passa-tarda-grup-monis-alemanya\/\" \/>\n<meta property=\"og:locale\" content=\"es_ES\" \/>\n<meta property=\"og:type\" content=\"article\" \/>\n<meta property=\"og:title\" content=\"Passa una tarda amb un grup de monis d&#039;Alemanya! - Esplac\" \/>\n<meta property=\"og:description\" content=\"Un\u00a0grup de joves d&#039;Alemanya busca un esplai de Barcelona amb qui fer una activitat durant la seva estada a la ciutat del 7 al 16 d&#039;abril.\" \/>\n<meta property=\"og:url\" content=\"https:\/\/www.esplac.cat\/passa-tarda-grup-monis-alemanya\/\" \/>\n<meta property=\"og:site_name\" content=\"Esplac\" \/>\n<meta property=\"article:published_time\" content=\"2023-03-24T11:18:11+00:00\" \/>\n<meta property=\"article:modified_time\" content=\"2023-03-24T11:31:43+00:00\" \/>\n<meta property=\"og:image\" content=\"https:\/\/www.esplac.cat\/wp-content\/uploads\/2023\/03\/Portades-Web-12.jpg\" \/>\n\t<meta property=\"og:image:width\" content=\"1697\" \/>\n\t<meta property=\"og:image:height\" content=\"700\" \/>\n\t<meta property=\"og:image:type\" content=\"image\/jpeg\" \/>\n<meta name=\"author\" content=\"Comunicaci\u00f3 Esplac\" \/>\n<meta name=\"twitter:card\" content=\"summary_large_image\" \/>\n<meta name=\"twitter:label1\" content=\"Escrito por\" \/>\n\t<meta name=\"twitter:data1\" content=\"Comunicaci\u00f3 Esplac\" \/>\n\t<meta name=\"twitter:label2\" content=\"Tiempo de lectura\" \/>\n\t<meta name=\"twitter:data2\" content=\"2 minutos\" \/>\n<script type=\"application\/ld+json\" class=\"yoast-schema-graph\">{\"@context\":\"https:\\\/\\\/schema.org\",\"@graph\":[{\"@type\":\"Article\",\"@id\":\"https:\\\/\\\/www.esplac.cat\\\/passa-tarda-grup-monis-alemanya\\\/#article\",\"isPartOf\":{\"@id\":\"https:\\\/\\\/www.esplac.cat\\\/passa-tarda-grup-monis-alemanya\\\/\"},\"author\":{\"name\":\"Comunicaci\u00f3 Esplac\",\"@id\":\"https:\\\/\\\/www.esplac.cat\\\/#\\\/schema\\\/person\\\/908383cf240be18b68f8855d0583faca\"},\"headline\":\"Passa una tarda amb un grup de monis d&#8217;Alemanya!\",\"datePublished\":\"2023-03-24T11:18:11+00:00\",\"dateModified\":\"2023-03-24T11:31:43+00:00\",\"mainEntityOfPage\":{\"@id\":\"https:\\\/\\\/www.esplac.cat\\\/passa-tarda-grup-monis-alemanya\\\/\"},\"wordCount\":283,\"publisher\":{\"@id\":\"https:\\\/\\\/www.esplac.cat\\\/#organization\"},\"image\":{\"@id\":\"https:\\\/\\\/www.esplac.cat\\\/passa-tarda-grup-monis-alemanya\\\/#primaryimage\"},\"thumbnailUrl\":\"https:\\\/\\\/www.esplac.cat\\\/wp-content\\\/uploads\\\/2023\\\/03\\\/Portades-Web-12.jpg\",\"articleSection\":[\"Activitats esplais\",\"Esplac al m\u00f3n\",\"Sense categoria\"],\"inLanguage\":\"es\"},{\"@type\":\"WebPage\",\"@id\":\"https:\\\/\\\/www.esplac.cat\\\/passa-tarda-grup-monis-alemanya\\\/\",\"url\":\"https:\\\/\\\/www.esplac.cat\\\/passa-tarda-grup-monis-alemanya\\\/\",\"name\":\"Passa una tarda amb un grup de monis d'Alemanya! - Esplac\",\"isPartOf\":{\"@id\":\"https:\\\/\\\/www.esplac.cat\\\/#website\"},\"primaryImageOfPage\":{\"@id\":\"https:\\\/\\\/www.esplac.cat\\\/passa-tarda-grup-monis-alemanya\\\/#primaryimage\"},\"image\":{\"@id\":\"https:\\\/\\\/www.esplac.cat\\\/passa-tarda-grup-monis-alemanya\\\/#primaryimage\"},\"thumbnailUrl\":\"https:\\\/\\\/www.esplac.cat\\\/wp-content\\\/uploads\\\/2023\\\/03\\\/Portades-Web-12.jpg\",\"datePublished\":\"2023-03-24T11:18:11+00:00\",\"dateModified\":\"2023-03-24T11:31:43+00:00\",\"description\":\"Un\u00a0grup de joves d'Alemanya busca un esplai de Barcelona amb qui fer una activitat durant la seva estada a la ciutat del 7 al 16 d'abril.\",\"breadcrumb\":{\"@id\":\"https:\\\/\\\/www.esplac.cat\\\/passa-tarda-grup-monis-alemanya\\\/#breadcrumb\"},\"inLanguage\":\"es\",\"potentialAction\":[{\"@type\":\"ReadAction\",\"target\":[\"https:\\\/\\\/www.esplac.cat\\\/passa-tarda-grup-monis-alemanya\\\/\"]}]},{\"@type\":\"ImageObject\",\"inLanguage\":\"es\",\"@id\":\"https:\\\/\\\/www.esplac.cat\\\/passa-tarda-grup-monis-alemanya\\\/#primaryimage\",\"url\":\"https:\\\/\\\/www.esplac.cat\\\/wp-content\\\/uploads\\\/2023\\\/03\\\/Portades-Web-12.jpg\",\"contentUrl\":\"https:\\\/\\\/www.esplac.cat\\\/wp-content\\\/uploads\\\/2023\\\/03\\\/Portades-Web-12.jpg\",\"width\":1697,\"height\":700,\"caption\":\"Monis d'Alemanya\"},{\"@type\":\"BreadcrumbList\",\"@id\":\"https:\\\/\\\/www.esplac.cat\\\/passa-tarda-grup-monis-alemanya\\\/#breadcrumb\",\"itemListElement\":[{\"@type\":\"ListItem\",\"position\":1,\"name\":\"Inici\",\"item\":\"https:\\\/\\\/www.esplac.cat\\\/es\\\/\"},{\"@type\":\"ListItem\",\"position\":2,\"name\":\"Passa una tarda amb un grup de monis d&#8217;Alemanya!\"}]},{\"@type\":\"WebSite\",\"@id\":\"https:\\\/\\\/www.esplac.cat\\\/#website\",\"url\":\"https:\\\/\\\/www.esplac.cat\\\/\",\"name\":\"Esplac\",\"description\":\"Esplais Catalans\",\"publisher\":{\"@id\":\"https:\\\/\\\/www.esplac.cat\\\/#organization\"},\"potentialAction\":[{\"@type\":\"SearchAction\",\"target\":{\"@type\":\"EntryPoint\",\"urlTemplate\":\"https:\\\/\\\/www.esplac.cat\\\/?s={search_term_string}\"},\"query-input\":{\"@type\":\"PropertyValueSpecification\",\"valueRequired\":true,\"valueName\":\"search_term_string\"}}],\"inLanguage\":\"es\"},{\"@type\":\"Organization\",\"@id\":\"https:\\\/\\\/www.esplac.cat\\\/#organization\",\"name\":\"Esplac\",\"url\":\"https:\\\/\\\/www.esplac.cat\\\/\",\"logo\":{\"@type\":\"ImageObject\",\"inLanguage\":\"es\",\"@id\":\"https:\\\/\\\/www.esplac.cat\\\/#\\\/schema\\\/logo\\\/image\\\/\",\"url\":\"https:\\\/\\\/www.esplac.cat\\\/wp-content\\\/uploads\\\/2019\\\/08\\\/logox2.png\",\"contentUrl\":\"https:\\\/\\\/www.esplac.cat\\\/wp-content\\\/uploads\\\/2019\\\/08\\\/logox2.png\",\"width\":600,\"height\":295,\"caption\":\"Esplac\"},\"image\":{\"@id\":\"https:\\\/\\\/www.esplac.cat\\\/#\\\/schema\\\/logo\\\/image\\\/\"}},{\"@type\":\"Person\",\"@id\":\"https:\\\/\\\/www.esplac.cat\\\/#\\\/schema\\\/person\\\/908383cf240be18b68f8855d0583faca\",\"name\":\"Comunicaci\u00f3 Esplac\",\"image\":{\"@type\":\"ImageObject\",\"inLanguage\":\"es\",\"@id\":\"https:\\\/\\\/secure.gravatar.com\\\/avatar\\\/7a4cf8feb412a76ea4a740ca02d95b06b2907b5a6c648c2dd0a1082a093c3141?s=96&d=mm&r=g\",\"url\":\"https:\\\/\\\/secure.gravatar.com\\\/avatar\\\/7a4cf8feb412a76ea4a740ca02d95b06b2907b5a6c648c2dd0a1082a093c3141?s=96&d=mm&r=g\",\"contentUrl\":\"https:\\\/\\\/secure.gravatar.com\\\/avatar\\\/7a4cf8feb412a76ea4a740ca02d95b06b2907b5a6c648c2dd0a1082a093c3141?s=96&d=mm&r=g\",\"caption\":\"Comunicaci\u00f3 Esplac\"}}]}<\/script>\n<!-- \/ Yoast SEO plugin. -->","yoast_head_json":{"title":"Passa una tarda amb un grup de monis d'Alemanya! - Esplac","description":"Un\u00a0grup de joves d'Alemanya busca un esplai de Barcelona amb qui fer una activitat durant la seva estada a la ciutat del 7 al 16 d'abril.","robots":{"index":"index","follow":"follow","max-snippet":"max-snippet:-1","max-image-preview":"max-image-preview:large","max-video-preview":"max-video-preview:-1"},"canonical":"https:\/\/www.esplac.cat\/passa-tarda-grup-monis-alemanya\/","og_locale":"es_ES","og_type":"article","og_title":"Passa una tarda amb un grup de monis d'Alemanya! - Esplac","og_description":"Un\u00a0grup de joves d'Alemanya busca un esplai de Barcelona amb qui fer una activitat durant la seva estada a la ciutat del 7 al 16 d'abril.","og_url":"https:\/\/www.esplac.cat\/passa-tarda-grup-monis-alemanya\/","og_site_name":"Esplac","article_published_time":"2023-03-24T11:18:11+00:00","article_modified_time":"2023-03-24T11:31:43+00:00","og_image":[{"width":1697,"height":700,"url":"https:\/\/www.esplac.cat\/wp-content\/uploads\/2023\/03\/Portades-Web-12.jpg","type":"image\/jpeg"}],"author":"Comunicaci\u00f3 Esplac","twitter_card":"summary_large_image","twitter_misc":{"Escrito por":"Comunicaci\u00f3 Esplac","Tiempo de lectura":"2 minutos"},"schema":{"@context":"https:\/\/schema.org","@graph":[{"@type":"Article","@id":"https:\/\/www.esplac.cat\/passa-tarda-grup-monis-alemanya\/#article","isPartOf":{"@id":"https:\/\/www.esplac.cat\/passa-tarda-grup-monis-alemanya\/"},"author":{"name":"Comunicaci\u00f3 Esplac","@id":"https:\/\/www.esplac.cat\/#\/schema\/person\/908383cf240be18b68f8855d0583faca"},"headline":"Passa una tarda amb un grup de monis d&#8217;Alemanya!","datePublished":"2023-03-24T11:18:11+00:00","dateModified":"2023-03-24T11:31:43+00:00","mainEntityOfPage":{"@id":"https:\/\/www.esplac.cat\/passa-tarda-grup-monis-alemanya\/"},"wordCount":283,"publisher":{"@id":"https:\/\/www.esplac.cat\/#organization"},"image":{"@id":"https:\/\/www.esplac.cat\/passa-tarda-grup-monis-alemanya\/#primaryimage"},"thumbnailUrl":"https:\/\/www.esplac.cat\/wp-content\/uploads\/2023\/03\/Portades-Web-12.jpg","articleSection":["Activitats esplais","Esplac al m\u00f3n","Sense categoria"],"inLanguage":"es"},{"@type":"WebPage","@id":"https:\/\/www.esplac.cat\/passa-tarda-grup-monis-alemanya\/","url":"https:\/\/www.esplac.cat\/passa-tarda-grup-monis-alemanya\/","name":"Passa una tarda amb un grup de monis d'Alemanya! - Esplac","isPartOf":{"@id":"https:\/\/www.esplac.cat\/#website"},"primaryImageOfPage":{"@id":"https:\/\/www.esplac.cat\/passa-tarda-grup-monis-alemanya\/#primaryimage"},"image":{"@id":"https:\/\/www.esplac.cat\/passa-tarda-grup-monis-alemanya\/#primaryimage"},"thumbnailUrl":"https:\/\/www.esplac.cat\/wp-content\/uploads\/2023\/03\/Portades-Web-12.jpg","datePublished":"2023-03-24T11:18:11+00:00","dateModified":"2023-03-24T11:31:43+00:00","description":"Un\u00a0grup de joves d'Alemanya busca un esplai de Barcelona amb qui fer una activitat durant la seva estada a la ciutat del 7 al 16 d'abril.","breadcrumb":{"@id":"https:\/\/www.esplac.cat\/passa-tarda-grup-monis-alemanya\/#breadcrumb"},"inLanguage":"es","potentialAction":[{"@type":"ReadAction","target":["https:\/\/www.esplac.cat\/passa-tarda-grup-monis-alemanya\/"]}]},{"@type":"ImageObject","inLanguage":"es","@id":"https:\/\/www.esplac.cat\/passa-tarda-grup-monis-alemanya\/#primaryimage","url":"https:\/\/www.esplac.cat\/wp-content\/uploads\/2023\/03\/Portades-Web-12.jpg","contentUrl":"https:\/\/www.esplac.cat\/wp-content\/uploads\/2023\/03\/Portades-Web-12.jpg","width":1697,"height":700,"caption":"Monis d'Alemanya"},{"@type":"BreadcrumbList","@id":"https:\/\/www.esplac.cat\/passa-tarda-grup-monis-alemanya\/#breadcrumb","itemListElement":[{"@type":"ListItem","position":1,"name":"Inici","item":"https:\/\/www.esplac.cat\/es\/"},{"@type":"ListItem","position":2,"name":"Passa una tarda amb un grup de monis d&#8217;Alemanya!"}]},{"@type":"WebSite","@id":"https:\/\/www.esplac.cat\/#website","url":"https:\/\/www.esplac.cat\/","name":"Esplac","description":"Esplais Catalans","publisher":{"@id":"https:\/\/www.esplac.cat\/#organization"},"potentialAction":[{"@type":"SearchAction","target":{"@type":"EntryPoint","urlTemplate":"https:\/\/www.esplac.cat\/?s={search_term_string}"},"query-input":{"@type":"PropertyValueSpecification","valueRequired":true,"valueName":"search_term_string"}}],"inLanguage":"es"},{"@type":"Organization","@id":"https:\/\/www.esplac.cat\/#organization","name":"Esplac","url":"https:\/\/www.esplac.cat\/","logo":{"@type":"ImageObject","inLanguage":"es","@id":"https:\/\/www.esplac.cat\/#\/schema\/logo\/image\/","url":"https:\/\/www.esplac.cat\/wp-content\/uploads\/2019\/08\/logox2.png","contentUrl":"https:\/\/www.esplac.cat\/wp-content\/uploads\/2019\/08\/logox2.png","width":600,"height":295,"caption":"Esplac"},"image":{"@id":"https:\/\/www.esplac.cat\/#\/schema\/logo\/image\/"}},{"@type":"Person","@id":"https:\/\/www.esplac.cat\/#\/schema\/person\/908383cf240be18b68f8855d0583faca","name":"Comunicaci\u00f3 Esplac","image":{"@type":"ImageObject","inLanguage":"es","@id":"https:\/\/secure.gravatar.com\/avatar\/7a4cf8feb412a76ea4a740ca02d95b06b2907b5a6c648c2dd0a1082a093c3141?s=96&d=mm&r=g","url":"https:\/\/secure.gravatar.com\/avatar\/7a4cf8feb412a76ea4a740ca02d95b06b2907b5a6c648c2dd0a1082a093c3141?s=96&d=mm&r=g","contentUrl":"https:\/\/secure.gravatar.com\/avatar\/7a4cf8feb412a76ea4a740ca02d95b06b2907b5a6c648c2dd0a1082a093c3141?s=96&d=mm&r=g","caption":"Comunicaci\u00f3 Esplac"}}]}},"_links":{"self":[{"href":"https:\/\/www.esplac.cat\/es\/wp-json\/wp\/v2\/posts\/44433","targetHints":{"allow":["GET"]}}],"collection":[{"href":"https:\/\/www.esplac.cat\/es\/wp-json\/wp\/v2\/posts"}],"about":[{"href":"https:\/\/www.esplac.cat\/es\/wp-json\/wp\/v2\/types\/post"}],"author":[{"embeddable":true,"href":"https:\/\/www.esplac.cat\/es\/wp-json\/wp\/v2\/users\/3"}],"replies":[{"embeddable":true,"href":"https:\/\/www.esplac.cat\/es\/wp-json\/wp\/v2\/comments?post=44433"}],"version-history":[{"count":0,"href":"https:\/\/www.esplac.cat\/es\/wp-json\/wp\/v2\/posts\/44433\/revisions"}],"wp:featuredmedia":[{"embeddable":true,"href":"https:\/\/www.esplac.cat\/es\/wp-json\/wp\/v2\/media\/44439"}],"wp:attachment":[{"href":"https:\/\/www.esplac.cat\/es\/wp-json\/wp\/v2\/media?parent=44433"}],"wp:term":[{"taxonomy":"category","embeddable":true,"href":"https:\/\/www.esplac.cat\/es\/wp-json\/wp\/v2\/categories?post=44433"},{"taxonomy":"post_tag","embeddable":true,"href":"https:\/\/www.esplac.cat\/es\/wp-json\/wp\/v2\/tags?post=44433"}],"curies":[{"name":"wp","href":"https:\/\/api.w.org\/{rel}","templated":true}]}}