{"id":44509,"date":"2023-03-30T12:43:48","date_gmt":"2023-03-30T10:43:48","guid":{"rendered":"https:\/\/www.esplac.cat\/?p=44509"},"modified":"2023-03-30T12:43:48","modified_gmt":"2023-03-30T10:43:48","slug":"dubtes-propostes-aprenentatges-primera-trobada-asi","status":"publish","type":"post","link":"https:\/\/www.esplac.cat\/es\/dubtes-propostes-aprenentatges-primera-trobada-asi\/","title":{"rendered":"Dubtes, propostes i aprenentatges compartits a la primera trobada sobre prevenci\u00f3, detecci\u00f3 i abordatge de l\u2019ab\u00fas sexual infantil (ASI)"},"content":{"rendered":"<h6><strong>El passat dijous 23 de mar\u00e7 vam generar un espai per compartir experi\u00e8ncies, inquietuds i necessitats respecte a la prevenci\u00f3, detecci\u00f3 i abordatge de l\u2019ab\u00fas sexual infantil (ASI).<\/strong><\/h6>\n<p><span style=\"font-weight: 400;\">Aquesta trobada va reunir a la seu d&#8217;Esplac 8 monitores i monitors de 4 esplais diferents i les membres de l\u2019<span style=\"color: #f69d0b;\"><strong><a style=\"color: #f69d0b;\" href=\"https:\/\/www.esplac.cat\/abus-sexual-infantil-asi-primera-trobada\/\" target=\"_blank\" rel=\"noopener\">\u00e0rea de prevenci\u00f3, detecci\u00f3 i abordatge de l\u2019ASI<\/a><\/strong> <\/span>d\u2019Esplac. En un primer espai<\/span><span style=\"font-weight: 400;\">, a trav\u00e9s d\u2019algunes preguntes vam debatre sobre les necessitats dels esplais en mat\u00e8ria d\u2019ASI, com ara les accions preventives i la formaci\u00f3. Tot seguit, vam destinar una segona part a formular algunes preguntes per adaptar el <span style=\"color: #f69d0b;\"><a style=\"color: #f69d0b;\" href=\"https:\/\/jovecat.gencat.cat\/ca\/temes\/vacances_i_estades\/activitats_educacio_lleure_Recursos_entitats_empreses\/prevencio_maltractament\/\" target=\"_blank\" rel=\"noopener\"><strong>protocol<\/strong><\/a><\/span> de prevenci\u00f3 de la Generalitat a la realitat dels esplais. <\/span><\/p>\n<p><span style=\"font-weight: 400;\">Tamb\u00e9 vam parlar sobre quin paper ha de tenir la Delegada de Protecci\u00f3 de l\u2019entitat en la gesti\u00f3 dels casos i quins circuits de comunicaci\u00f3 poden ser m\u00e9s \u00fatils i eficients, entre altres temes.\u00a0<\/span><\/p>\n<p><span style=\"font-weight: 400;\">La trobada va ser molt profitosa i un bon tret de sortida per comen\u00e7ar a treballar en l&#8217;adaptaci\u00f3 del protocol. Gr\u00e0cies a totes les monitores que vau venir! Recordeu que la segona ser\u00e0 en el marc de la Monifesta\u2019t, on continuarem aprofundint en totes aquestes tem\u00e0tiques.\u00a0<\/span><\/p>\n<div class=\"video-shortcode\"><iframe class=\"fusion-hidden\" data-privacy-type=\"youtube\" src=\"\" title=\"Treballem la prevenci\u00f3, detecci\u00f3 i abordatge de l\u2019ab\u00fas sexual infantil (ASI)\" width=\"1200\" height=\"675\" data-privacy-src=\"https:\/\/www.youtube.com\/embed\/OrhR0a5SaKo?feature=oembed\" frameborder=\"0\" allow=\"accelerometer; autoplay; clipboard-write; encrypted-media; gyroscope; picture-in-picture; web-share\" allowfullscreen><\/iframe><\/p>\n<div class=\"fusion-privacy-placeholder\" style=\"width:1200px; height:675px;\" data-privacy-type=\"youtube\">\n<div class=\"fusion-privacy-placeholder-content\">\n<div class=\"fusion-privacy-label\">For privacy reasons YouTube needs your permission to be loaded. For more details, please see our <a class=\"privacy-policy-link\" href=\"https:\/\/www.esplac.cat\/avis-legal\/\" rel=\"privacy-policy\">Av\u00eds Legal<\/a>.<\/div>\n<p><a href=\"\" data-privacy-type=\"youtube\" class=\"fusion-button button-default fusion-button-default-size button fusion-privacy-consent\">I Accept<\/a><\/div>\n<\/div>\n<\/div>\n","protected":false},"excerpt":{"rendered":"<p>El passat dijous 23 de mar\u00e7 vam generar un espai [&hellip;]<\/p>\n","protected":false},"author":3,"featured_media":44511,"comment_status":"closed","ping_status":"closed","sticky":false,"template":"","format":"standard","meta":{"om_disable_all_campaigns":false,"_monsterinsights_skip_tracking":false,"_monsterinsights_sitenote_active":false,"_monsterinsights_sitenote_note":"","_monsterinsights_sitenote_category":0,"_uf_show_specific_survey":0,"_uf_disable_surveys":false,"footnotes":""},"categories":[1110,1163,1],"tags":[],"class_list":["post-44509","post","type-post","status-publish","format-standard","has-post-thumbnail","hentry","category-activitats-sectors","category-protocol","category-sense-categoria"],"yoast_head":"<!-- This site is optimized with the Yoast SEO plugin v27.5 - https:\/\/yoast.com\/product\/yoast-seo-wordpress\/ -->\n<title>Primera trobada sobre prevenci\u00f3, detecci\u00f3 i abordatge d&#039;ASI<\/title>\n<meta name=\"description\" content=\"Compartim experi\u00e8ncies, inquietuds i necessitats respecte a la prevenci\u00f3, detecci\u00f3 i abordatge de l\u2019ab\u00fas sexual infantil (ASI).\" \/>\n<meta name=\"robots\" content=\"index, follow, max-snippet:-1, max-image-preview:large, max-video-preview:-1\" \/>\n<link rel=\"canonical\" href=\"https:\/\/www.esplac.cat\/dubtes-propostes-aprenentatges-primera-trobada-asi\/\" \/>\n<meta property=\"og:locale\" content=\"es_ES\" \/>\n<meta property=\"og:type\" content=\"article\" \/>\n<meta property=\"og:title\" content=\"Primera trobada sobre prevenci\u00f3, detecci\u00f3 i abordatge d&#039;ASI\" \/>\n<meta property=\"og:description\" content=\"Compartim experi\u00e8ncies, inquietuds i necessitats respecte a la prevenci\u00f3, detecci\u00f3 i abordatge de l\u2019ab\u00fas sexual infantil (ASI).\" \/>\n<meta property=\"og:url\" content=\"https:\/\/www.esplac.cat\/dubtes-propostes-aprenentatges-primera-trobada-asi\/\" \/>\n<meta property=\"og:site_name\" content=\"Esplac\" \/>\n<meta property=\"article:published_time\" content=\"2023-03-30T10:43:48+00:00\" \/>\n<meta property=\"og:image\" content=\"https:\/\/www.esplac.cat\/wp-content\/uploads\/2023\/03\/Portades-web-14.jpg\" \/>\n\t<meta property=\"og:image:width\" content=\"1694\" \/>\n\t<meta property=\"og:image:height\" content=\"700\" \/>\n\t<meta property=\"og:image:type\" content=\"image\/jpeg\" \/>\n<meta name=\"author\" content=\"Comunicaci\u00f3 Esplac\" \/>\n<meta name=\"twitter:card\" content=\"summary_large_image\" \/>\n<meta name=\"twitter:label1\" content=\"Escrito por\" \/>\n\t<meta name=\"twitter:data1\" content=\"Comunicaci\u00f3 Esplac\" \/>\n\t<meta name=\"twitter:label2\" content=\"Tiempo de lectura\" \/>\n\t<meta name=\"twitter:data2\" content=\"2 minutos\" \/>\n<script type=\"application\/ld+json\" class=\"yoast-schema-graph\">{\"@context\":\"https:\\\/\\\/schema.org\",\"@graph\":[{\"@type\":\"Article\",\"@id\":\"https:\\\/\\\/www.esplac.cat\\\/dubtes-propostes-aprenentatges-primera-trobada-asi\\\/#article\",\"isPartOf\":{\"@id\":\"https:\\\/\\\/www.esplac.cat\\\/dubtes-propostes-aprenentatges-primera-trobada-asi\\\/\"},\"author\":{\"name\":\"Comunicaci\u00f3 Esplac\",\"@id\":\"https:\\\/\\\/www.esplac.cat\\\/#\\\/schema\\\/person\\\/908383cf240be18b68f8855d0583faca\"},\"headline\":\"Dubtes, propostes i aprenentatges compartits a la primera trobada sobre prevenci\u00f3, detecci\u00f3 i abordatge de l\u2019ab\u00fas sexual infantil (ASI)\",\"datePublished\":\"2023-03-30T10:43:48+00:00\",\"mainEntityOfPage\":{\"@id\":\"https:\\\/\\\/www.esplac.cat\\\/dubtes-propostes-aprenentatges-primera-trobada-asi\\\/\"},\"wordCount\":232,\"publisher\":{\"@id\":\"https:\\\/\\\/www.esplac.cat\\\/#organization\"},\"image\":{\"@id\":\"https:\\\/\\\/www.esplac.cat\\\/dubtes-propostes-aprenentatges-primera-trobada-asi\\\/#primaryimage\"},\"thumbnailUrl\":\"https:\\\/\\\/www.esplac.cat\\\/wp-content\\\/uploads\\\/2023\\\/03\\\/Portades-web-14.jpg\",\"articleSection\":[\"Activitats sectors\",\"Protocol\",\"Sense categoria\"],\"inLanguage\":\"es\"},{\"@type\":\"WebPage\",\"@id\":\"https:\\\/\\\/www.esplac.cat\\\/dubtes-propostes-aprenentatges-primera-trobada-asi\\\/\",\"url\":\"https:\\\/\\\/www.esplac.cat\\\/dubtes-propostes-aprenentatges-primera-trobada-asi\\\/\",\"name\":\"Primera trobada sobre prevenci\u00f3, detecci\u00f3 i abordatge d'ASI\",\"isPartOf\":{\"@id\":\"https:\\\/\\\/www.esplac.cat\\\/#website\"},\"primaryImageOfPage\":{\"@id\":\"https:\\\/\\\/www.esplac.cat\\\/dubtes-propostes-aprenentatges-primera-trobada-asi\\\/#primaryimage\"},\"image\":{\"@id\":\"https:\\\/\\\/www.esplac.cat\\\/dubtes-propostes-aprenentatges-primera-trobada-asi\\\/#primaryimage\"},\"thumbnailUrl\":\"https:\\\/\\\/www.esplac.cat\\\/wp-content\\\/uploads\\\/2023\\\/03\\\/Portades-web-14.jpg\",\"datePublished\":\"2023-03-30T10:43:48+00:00\",\"description\":\"Compartim experi\u00e8ncies, inquietuds i necessitats respecte a la prevenci\u00f3, detecci\u00f3 i abordatge de l\u2019ab\u00fas sexual infantil (ASI).\",\"breadcrumb\":{\"@id\":\"https:\\\/\\\/www.esplac.cat\\\/dubtes-propostes-aprenentatges-primera-trobada-asi\\\/#breadcrumb\"},\"inLanguage\":\"es\",\"potentialAction\":[{\"@type\":\"ReadAction\",\"target\":[\"https:\\\/\\\/www.esplac.cat\\\/dubtes-propostes-aprenentatges-primera-trobada-asi\\\/\"]}]},{\"@type\":\"ImageObject\",\"inLanguage\":\"es\",\"@id\":\"https:\\\/\\\/www.esplac.cat\\\/dubtes-propostes-aprenentatges-primera-trobada-asi\\\/#primaryimage\",\"url\":\"https:\\\/\\\/www.esplac.cat\\\/wp-content\\\/uploads\\\/2023\\\/03\\\/Portades-web-14.jpg\",\"contentUrl\":\"https:\\\/\\\/www.esplac.cat\\\/wp-content\\\/uploads\\\/2023\\\/03\\\/Portades-web-14.jpg\",\"width\":1694,\"height\":700,\"caption\":\"trobada asi\"},{\"@type\":\"BreadcrumbList\",\"@id\":\"https:\\\/\\\/www.esplac.cat\\\/dubtes-propostes-aprenentatges-primera-trobada-asi\\\/#breadcrumb\",\"itemListElement\":[{\"@type\":\"ListItem\",\"position\":1,\"name\":\"Inici\",\"item\":\"https:\\\/\\\/www.esplac.cat\\\/es\\\/\"},{\"@type\":\"ListItem\",\"position\":2,\"name\":\"Dubtes, propostes i aprenentatges compartits a la primera trobada sobre prevenci\u00f3, detecci\u00f3 i abordatge de l\u2019ab\u00fas sexual infantil (ASI)\"}]},{\"@type\":\"WebSite\",\"@id\":\"https:\\\/\\\/www.esplac.cat\\\/#website\",\"url\":\"https:\\\/\\\/www.esplac.cat\\\/\",\"name\":\"Esplac\",\"description\":\"Esplais Catalans\",\"publisher\":{\"@id\":\"https:\\\/\\\/www.esplac.cat\\\/#organization\"},\"potentialAction\":[{\"@type\":\"SearchAction\",\"target\":{\"@type\":\"EntryPoint\",\"urlTemplate\":\"https:\\\/\\\/www.esplac.cat\\\/?s={search_term_string}\"},\"query-input\":{\"@type\":\"PropertyValueSpecification\",\"valueRequired\":true,\"valueName\":\"search_term_string\"}}],\"inLanguage\":\"es\"},{\"@type\":\"Organization\",\"@id\":\"https:\\\/\\\/www.esplac.cat\\\/#organization\",\"name\":\"Esplac\",\"url\":\"https:\\\/\\\/www.esplac.cat\\\/\",\"logo\":{\"@type\":\"ImageObject\",\"inLanguage\":\"es\",\"@id\":\"https:\\\/\\\/www.esplac.cat\\\/#\\\/schema\\\/logo\\\/image\\\/\",\"url\":\"https:\\\/\\\/www.esplac.cat\\\/wp-content\\\/uploads\\\/2019\\\/08\\\/logox2.png\",\"contentUrl\":\"https:\\\/\\\/www.esplac.cat\\\/wp-content\\\/uploads\\\/2019\\\/08\\\/logox2.png\",\"width\":600,\"height\":295,\"caption\":\"Esplac\"},\"image\":{\"@id\":\"https:\\\/\\\/www.esplac.cat\\\/#\\\/schema\\\/logo\\\/image\\\/\"}},{\"@type\":\"Person\",\"@id\":\"https:\\\/\\\/www.esplac.cat\\\/#\\\/schema\\\/person\\\/908383cf240be18b68f8855d0583faca\",\"name\":\"Comunicaci\u00f3 Esplac\",\"image\":{\"@type\":\"ImageObject\",\"inLanguage\":\"es\",\"@id\":\"https:\\\/\\\/secure.gravatar.com\\\/avatar\\\/7a4cf8feb412a76ea4a740ca02d95b06b2907b5a6c648c2dd0a1082a093c3141?s=96&d=mm&r=g\",\"url\":\"https:\\\/\\\/secure.gravatar.com\\\/avatar\\\/7a4cf8feb412a76ea4a740ca02d95b06b2907b5a6c648c2dd0a1082a093c3141?s=96&d=mm&r=g\",\"contentUrl\":\"https:\\\/\\\/secure.gravatar.com\\\/avatar\\\/7a4cf8feb412a76ea4a740ca02d95b06b2907b5a6c648c2dd0a1082a093c3141?s=96&d=mm&r=g\",\"caption\":\"Comunicaci\u00f3 Esplac\"}}]}<\/script>\n<!-- \/ Yoast SEO plugin. -->","yoast_head_json":{"title":"Primera trobada sobre prevenci\u00f3, detecci\u00f3 i abordatge d'ASI","description":"Compartim experi\u00e8ncies, inquietuds i necessitats respecte a la prevenci\u00f3, detecci\u00f3 i abordatge de l\u2019ab\u00fas sexual infantil (ASI).","robots":{"index":"index","follow":"follow","max-snippet":"max-snippet:-1","max-image-preview":"max-image-preview:large","max-video-preview":"max-video-preview:-1"},"canonical":"https:\/\/www.esplac.cat\/dubtes-propostes-aprenentatges-primera-trobada-asi\/","og_locale":"es_ES","og_type":"article","og_title":"Primera trobada sobre prevenci\u00f3, detecci\u00f3 i abordatge d'ASI","og_description":"Compartim experi\u00e8ncies, inquietuds i necessitats respecte a la prevenci\u00f3, detecci\u00f3 i abordatge de l\u2019ab\u00fas sexual infantil (ASI).","og_url":"https:\/\/www.esplac.cat\/dubtes-propostes-aprenentatges-primera-trobada-asi\/","og_site_name":"Esplac","article_published_time":"2023-03-30T10:43:48+00:00","og_image":[{"width":1694,"height":700,"url":"https:\/\/www.esplac.cat\/wp-content\/uploads\/2023\/03\/Portades-web-14.jpg","type":"image\/jpeg"}],"author":"Comunicaci\u00f3 Esplac","twitter_card":"summary_large_image","twitter_misc":{"Escrito por":"Comunicaci\u00f3 Esplac","Tiempo de lectura":"2 minutos"},"schema":{"@context":"https:\/\/schema.org","@graph":[{"@type":"Article","@id":"https:\/\/www.esplac.cat\/dubtes-propostes-aprenentatges-primera-trobada-asi\/#article","isPartOf":{"@id":"https:\/\/www.esplac.cat\/dubtes-propostes-aprenentatges-primera-trobada-asi\/"},"author":{"name":"Comunicaci\u00f3 Esplac","@id":"https:\/\/www.esplac.cat\/#\/schema\/person\/908383cf240be18b68f8855d0583faca"},"headline":"Dubtes, propostes i aprenentatges compartits a la primera trobada sobre prevenci\u00f3, detecci\u00f3 i abordatge de l\u2019ab\u00fas sexual infantil (ASI)","datePublished":"2023-03-30T10:43:48+00:00","mainEntityOfPage":{"@id":"https:\/\/www.esplac.cat\/dubtes-propostes-aprenentatges-primera-trobada-asi\/"},"wordCount":232,"publisher":{"@id":"https:\/\/www.esplac.cat\/#organization"},"image":{"@id":"https:\/\/www.esplac.cat\/dubtes-propostes-aprenentatges-primera-trobada-asi\/#primaryimage"},"thumbnailUrl":"https:\/\/www.esplac.cat\/wp-content\/uploads\/2023\/03\/Portades-web-14.jpg","articleSection":["Activitats sectors","Protocol","Sense categoria"],"inLanguage":"es"},{"@type":"WebPage","@id":"https:\/\/www.esplac.cat\/dubtes-propostes-aprenentatges-primera-trobada-asi\/","url":"https:\/\/www.esplac.cat\/dubtes-propostes-aprenentatges-primera-trobada-asi\/","name":"Primera trobada sobre prevenci\u00f3, detecci\u00f3 i abordatge d'ASI","isPartOf":{"@id":"https:\/\/www.esplac.cat\/#website"},"primaryImageOfPage":{"@id":"https:\/\/www.esplac.cat\/dubtes-propostes-aprenentatges-primera-trobada-asi\/#primaryimage"},"image":{"@id":"https:\/\/www.esplac.cat\/dubtes-propostes-aprenentatges-primera-trobada-asi\/#primaryimage"},"thumbnailUrl":"https:\/\/www.esplac.cat\/wp-content\/uploads\/2023\/03\/Portades-web-14.jpg","datePublished":"2023-03-30T10:43:48+00:00","description":"Compartim experi\u00e8ncies, inquietuds i necessitats respecte a la prevenci\u00f3, detecci\u00f3 i abordatge de l\u2019ab\u00fas sexual infantil (ASI).","breadcrumb":{"@id":"https:\/\/www.esplac.cat\/dubtes-propostes-aprenentatges-primera-trobada-asi\/#breadcrumb"},"inLanguage":"es","potentialAction":[{"@type":"ReadAction","target":["https:\/\/www.esplac.cat\/dubtes-propostes-aprenentatges-primera-trobada-asi\/"]}]},{"@type":"ImageObject","inLanguage":"es","@id":"https:\/\/www.esplac.cat\/dubtes-propostes-aprenentatges-primera-trobada-asi\/#primaryimage","url":"https:\/\/www.esplac.cat\/wp-content\/uploads\/2023\/03\/Portades-web-14.jpg","contentUrl":"https:\/\/www.esplac.cat\/wp-content\/uploads\/2023\/03\/Portades-web-14.jpg","width":1694,"height":700,"caption":"trobada asi"},{"@type":"BreadcrumbList","@id":"https:\/\/www.esplac.cat\/dubtes-propostes-aprenentatges-primera-trobada-asi\/#breadcrumb","itemListElement":[{"@type":"ListItem","position":1,"name":"Inici","item":"https:\/\/www.esplac.cat\/es\/"},{"@type":"ListItem","position":2,"name":"Dubtes, propostes i aprenentatges compartits a la primera trobada sobre prevenci\u00f3, detecci\u00f3 i abordatge de l\u2019ab\u00fas sexual infantil (ASI)"}]},{"@type":"WebSite","@id":"https:\/\/www.esplac.cat\/#website","url":"https:\/\/www.esplac.cat\/","name":"Esplac","description":"Esplais Catalans","publisher":{"@id":"https:\/\/www.esplac.cat\/#organization"},"potentialAction":[{"@type":"SearchAction","target":{"@type":"EntryPoint","urlTemplate":"https:\/\/www.esplac.cat\/?s={search_term_string}"},"query-input":{"@type":"PropertyValueSpecification","valueRequired":true,"valueName":"search_term_string"}}],"inLanguage":"es"},{"@type":"Organization","@id":"https:\/\/www.esplac.cat\/#organization","name":"Esplac","url":"https:\/\/www.esplac.cat\/","logo":{"@type":"ImageObject","inLanguage":"es","@id":"https:\/\/www.esplac.cat\/#\/schema\/logo\/image\/","url":"https:\/\/www.esplac.cat\/wp-content\/uploads\/2019\/08\/logox2.png","contentUrl":"https:\/\/www.esplac.cat\/wp-content\/uploads\/2019\/08\/logox2.png","width":600,"height":295,"caption":"Esplac"},"image":{"@id":"https:\/\/www.esplac.cat\/#\/schema\/logo\/image\/"}},{"@type":"Person","@id":"https:\/\/www.esplac.cat\/#\/schema\/person\/908383cf240be18b68f8855d0583faca","name":"Comunicaci\u00f3 Esplac","image":{"@type":"ImageObject","inLanguage":"es","@id":"https:\/\/secure.gravatar.com\/avatar\/7a4cf8feb412a76ea4a740ca02d95b06b2907b5a6c648c2dd0a1082a093c3141?s=96&d=mm&r=g","url":"https:\/\/secure.gravatar.com\/avatar\/7a4cf8feb412a76ea4a740ca02d95b06b2907b5a6c648c2dd0a1082a093c3141?s=96&d=mm&r=g","contentUrl":"https:\/\/secure.gravatar.com\/avatar\/7a4cf8feb412a76ea4a740ca02d95b06b2907b5a6c648c2dd0a1082a093c3141?s=96&d=mm&r=g","caption":"Comunicaci\u00f3 Esplac"}}]}},"_links":{"self":[{"href":"https:\/\/www.esplac.cat\/es\/wp-json\/wp\/v2\/posts\/44509","targetHints":{"allow":["GET"]}}],"collection":[{"href":"https:\/\/www.esplac.cat\/es\/wp-json\/wp\/v2\/posts"}],"about":[{"href":"https:\/\/www.esplac.cat\/es\/wp-json\/wp\/v2\/types\/post"}],"author":[{"embeddable":true,"href":"https:\/\/www.esplac.cat\/es\/wp-json\/wp\/v2\/users\/3"}],"replies":[{"embeddable":true,"href":"https:\/\/www.esplac.cat\/es\/wp-json\/wp\/v2\/comments?post=44509"}],"version-history":[{"count":0,"href":"https:\/\/www.esplac.cat\/es\/wp-json\/wp\/v2\/posts\/44509\/revisions"}],"wp:featuredmedia":[{"embeddable":true,"href":"https:\/\/www.esplac.cat\/es\/wp-json\/wp\/v2\/media\/44511"}],"wp:attachment":[{"href":"https:\/\/www.esplac.cat\/es\/wp-json\/wp\/v2\/media?parent=44509"}],"wp:term":[{"taxonomy":"category","embeddable":true,"href":"https:\/\/www.esplac.cat\/es\/wp-json\/wp\/v2\/categories?post=44509"},{"taxonomy":"post_tag","embeddable":true,"href":"https:\/\/www.esplac.cat\/es\/wp-json\/wp\/v2\/tags?post=44509"}],"curies":[{"name":"wp","href":"https:\/\/api.w.org\/{rel}","templated":true}]}}