{"id":44533,"date":"2023-03-30T19:17:40","date_gmt":"2023-03-30T17:17:40","guid":{"rendered":"https:\/\/www.esplac.cat\/?p=44533"},"modified":"2023-04-18T12:28:42","modified_gmt":"2023-04-18T10:28:42","slug":"la-monifestat-2023-arriba-carregada-de-novetats","status":"publish","type":"post","link":"https:\/\/www.esplac.cat\/es\/la-monifestat-2023-arriba-carregada-de-novetats\/","title":{"rendered":"La Monifesta&#8217;t 2023 arriba carregada de novetats!"},"content":{"rendered":"<h6><strong>T&#8217;expliquem les activitats que farem aquest maig a Centelles per celebrar la Monifesta&#8217;t 2023, amb concerts ja confirmats!<\/strong><\/h6>\n<p>Els pr\u00f2xims 19, 20 i 21 de maig se celebra a Centelles la <strong><a href=\"https:\/\/www.esplac.cat\/events\/monifestat-2023\/\" target=\"_blank\" rel=\"noopener\">Monifesta&#8217;t 2023<\/a><\/strong> que preveu agrupar m\u00e9s de 750 monitores i monitors d&#8217;Esplais Catalans en un cap de setmana de formaci\u00f3, reivindicaci\u00f3 i festa. Fa un temps que ja s&#8217;anunciava el format, la localitzaci\u00f3 i tot all\u00f2 previst per la Monfiesta&#8217;t 2023. A dia d&#8217;avui, ja us podem confirmar el <span style=\"color: #f69d0b;\"><a style=\"color: #f69d0b;\" href=\"https:\/\/www.esplac.cat\/trobades\/monifestat\/#tab-213be404cfd34088d49\" target=\"_blank\" rel=\"noopener\">programa<\/a><\/span> i totes les activitats que farem al llarg del cap de setmana. Us ho expliquem!<\/p>\n<h4><strong>DIVENDRES 19 DE MAIG<\/strong><\/h4>\n<p>El dia 19 de maig Centelles s&#8217;omplir\u00e0 de vida amb els centenars de monis d&#8217;Esplac que comen\u00e7aran a arribar. Ser\u00e0 un dia en qu\u00e8 podrem comen\u00e7ar-nos a instal\u00b7lar a la zona d&#8217;acampada i trobar-nos per sopar plegades a la Pla\u00e7a Major de Centelles. El dia finalitzar\u00e0 amb una magn\u00edfica <strong>nit de Balls Populars<\/strong> a la mateixa Pla\u00e7a Major, no us ho podeu perdre.<\/p>\n<h4><strong>DISSABTE 20 DE MAIG<\/strong><\/h4>\n<p>Per aquelles i aquells monis que arribeu directament el dissabte, ens trobarem al Passeig de Centelles, on us explicaran tot all\u00f2 necessari perqu\u00e8 pugueu instal\u00b7lar-vos i gaudir d&#8217;un mat\u00ed de <strong>xerrades<\/strong> tem\u00e0tiques pel poble, <strong>jocs del Centre d&#8217;Inter\u00e8s<\/strong> i d&#8217;una <strong>Fira d&#8217;entitats<\/strong> on podreu descobrir projectes amb qui treballar des de l&#8217;esplai.<\/p>\n<p>Durant tot el mat\u00ed, <strong>R\u00e0dio Monifesta&#8217;t<\/strong> ens estar\u00e0 retransmetent fil per randa tot all\u00f2 que va passant i acabarem el mat\u00ed a la Pla\u00e7a Major, dinant escoltant la R\u00e0dio Monifesta&#8217;t, que ens faran descobrir els secrets m\u00e9s ben guardats del cap de setmana. Vigileu, que segurament us vulguin enxampar per fer una entrevista!<\/p>\n<p>La tarda l&#8217;aprofitarem per seguir formant-nos a trav\u00e9s de <strong>formacions, debats i tallers<\/strong> i l&#8217;acabarem amb el gran <strong>acte unitari<\/strong> a la Pla\u00e7a Major. Ser\u00e0 el moment m\u00e9s multitudinari en qu\u00e8 reivindicarem la figura de les monis, cridant ben fort el lema <em>\u00abPel m\u00f3n que volem, les joves eduquem\u00bb<\/em>!<\/p>\n<p>La nit de dissabte acabar\u00e0 amb dos espais simultanis de concert amb <em><span style=\"color: #f69d0b;\"><a style=\"color: #f69d0b;\" href=\"https:\/\/www.instagram.com\/alergiques_alpolen\/\" target=\"_blank\" rel=\"noopener\">Al\u00b7l\u00e8rgiques al Pol\u00b7len<\/a><\/span><\/em><strong> i PDs<\/strong> a Riera Blanca i d&#8217;una <strong>acutaci\u00f3 sorpresa i espai de <em>chill<\/em><\/strong><em> <strong>out<\/strong><\/em> a la Pla\u00e7a Major de Centelles.<\/p>\n<h4><strong>DIUMENGE 21 DE MAIG<\/strong><\/h4>\n<p>Per anar acabar el cap de setmana, recollirem la zona d&#8217;acampada, esmorzarem i ens disposarem a fer una \u00faltima <strong>acci\u00f3 unit\u00e0ria per fer-nos visibles<\/strong>, acompanyada d&#8217;un <strong>Vermut Popular, actuaci\u00f3 en directe i arrossada popular. <\/strong>\u00a0Ja nom\u00e9s ens quedar\u00e0 acomiadar-nos amb una gran \u00abhora dels ad\u00e9us\u00bb!<\/p>\n<p>Finalment, tamb\u00e9 \u00e9s moment d&#8217;anunciar que durant diferents moments del cap de setmana<strong> l&#8217;esplai La Fera ens acompanyar\u00e0 amb una barra<\/strong>, els guanys de la qual aniran destinats a aconseguir la cessi\u00f3 d&#8217;un local a la pla\u00e7a on fan esplai cada dissabte!<\/p>\n<p>&nbsp;<\/p>\n<p><img decoding=\"async\" class=\"aligncenter wp-image-44520 size-large\" src=\"https:\/\/www.esplac.cat\/wp-content\/uploads\/2023\/03\/Programa-oficial-724x1024.jpg\" alt=\"\" width=\"724\" height=\"1024\" srcset=\"https:\/\/www.esplac.cat\/wp-content\/uploads\/2023\/03\/Programa-oficial-200x283.jpg 200w, https:\/\/www.esplac.cat\/wp-content\/uploads\/2023\/03\/Programa-oficial-212x300.jpg 212w, https:\/\/www.esplac.cat\/wp-content\/uploads\/2023\/03\/Programa-oficial-400x566.jpg 400w, https:\/\/www.esplac.cat\/wp-content\/uploads\/2023\/03\/Programa-oficial-600x849.jpg 600w, https:\/\/www.esplac.cat\/wp-content\/uploads\/2023\/03\/Programa-oficial-724x1024.jpg 724w, https:\/\/www.esplac.cat\/wp-content\/uploads\/2023\/03\/Programa-oficial-768x1086.jpg 768w, https:\/\/www.esplac.cat\/wp-content\/uploads\/2023\/03\/Programa-oficial-800x1132.jpg 800w, https:\/\/www.esplac.cat\/wp-content\/uploads\/2023\/03\/Programa-oficial-1086x1536.jpg 1086w, https:\/\/www.esplac.cat\/wp-content\/uploads\/2023\/03\/Programa-oficial-1200x1697.jpg 1200w, https:\/\/www.esplac.cat\/wp-content\/uploads\/2023\/03\/Programa-oficial-1448x2048.jpg 1448w, https:\/\/www.esplac.cat\/wp-content\/uploads\/2023\/03\/Programa-oficial-scaled.jpg 1810w\" sizes=\"(max-width: 724px) 100vw, 724px\" \/><\/p>\n<p style=\"text-align: center;\"><strong>Consulta el programa sencer a <span style=\"color: #f69d0b;\"><a style=\"color: #f69d0b;\" href=\"https:\/\/www.esplac.cat\/events\/monifestat-2023\/\" target=\"_blank\" rel=\"noopener\">esplac.cat\/monifestat<\/a><\/span><\/strong><\/p>\n<h4 style=\"text-align: center;\"><strong>Inscripcions obertes fins el 18 d&#8217;abril!<\/strong><\/h4>\n","protected":false},"excerpt":{"rendered":"<p>T&#8217;expliquem les activitats que farem aquest maig a Centelles per [&hellip;]<\/p>\n","protected":false},"author":3,"featured_media":44535,"comment_status":"closed","ping_status":"closed","sticky":false,"template":"","format":"standard","meta":{"om_disable_all_campaigns":false,"_monsterinsights_skip_tracking":false,"_monsterinsights_sitenote_active":false,"_monsterinsights_sitenote_note":"","_monsterinsights_sitenote_category":0,"_uf_show_specific_survey":0,"_uf_disable_surveys":false,"footnotes":""},"categories":[1111,1115,1,1396],"tags":[],"class_list":["post-44533","post","type-post","status-publish","format-standard","has-post-thumbnail","hentry","category-activitats-esplac","category-monifestat","category-sense-categoria","category-socies"],"yoast_head":"<!-- This site is optimized with the Yoast SEO plugin v27.5 - https:\/\/yoast.com\/product\/yoast-seo-wordpress\/ -->\n<title>La Monifesta&#039;t 2023 arriba carregada de novetats! - Esplac<\/title>\n<meta name=\"robots\" content=\"index, follow, max-snippet:-1, max-image-preview:large, max-video-preview:-1\" \/>\n<link rel=\"canonical\" href=\"https:\/\/www.esplac.cat\/la-monifestat-2023-arriba-carregada-de-novetats\/\" \/>\n<meta property=\"og:locale\" content=\"es_ES\" \/>\n<meta property=\"og:type\" content=\"article\" \/>\n<meta property=\"og:title\" content=\"La Monifesta&#039;t 2023 arriba carregada de novetats! - Esplac\" \/>\n<meta property=\"og:description\" content=\"T&#8217;expliquem les activitats que farem aquest maig a Centelles per [&hellip;]\" \/>\n<meta property=\"og:url\" content=\"https:\/\/www.esplac.cat\/la-monifestat-2023-arriba-carregada-de-novetats\/\" \/>\n<meta property=\"og:site_name\" content=\"Esplac\" \/>\n<meta property=\"article:published_time\" content=\"2023-03-30T17:17:40+00:00\" \/>\n<meta property=\"article:modified_time\" content=\"2023-04-18T10:28:42+00:00\" \/>\n<meta property=\"og:image\" content=\"https:\/\/www.esplac.cat\/wp-content\/uploads\/2023\/03\/ko.jpg\" \/>\n\t<meta property=\"og:image:width\" content=\"1694\" \/>\n\t<meta property=\"og:image:height\" content=\"700\" \/>\n\t<meta property=\"og:image:type\" content=\"image\/jpeg\" \/>\n<meta name=\"author\" content=\"Comunicaci\u00f3 Esplac\" \/>\n<meta name=\"twitter:card\" content=\"summary_large_image\" \/>\n<meta name=\"twitter:label1\" content=\"Escrito por\" \/>\n\t<meta name=\"twitter:data1\" content=\"Comunicaci\u00f3 Esplac\" \/>\n\t<meta name=\"twitter:label2\" content=\"Tiempo de lectura\" \/>\n\t<meta name=\"twitter:data2\" content=\"3 minutos\" \/>\n<script type=\"application\/ld+json\" class=\"yoast-schema-graph\">{\"@context\":\"https:\\\/\\\/schema.org\",\"@graph\":[{\"@type\":\"Article\",\"@id\":\"https:\\\/\\\/www.esplac.cat\\\/la-monifestat-2023-arriba-carregada-de-novetats\\\/#article\",\"isPartOf\":{\"@id\":\"https:\\\/\\\/www.esplac.cat\\\/la-monifestat-2023-arriba-carregada-de-novetats\\\/\"},\"author\":{\"name\":\"Comunicaci\u00f3 Esplac\",\"@id\":\"https:\\\/\\\/www.esplac.cat\\\/#\\\/schema\\\/person\\\/908383cf240be18b68f8855d0583faca\"},\"headline\":\"La Monifesta&#8217;t 2023 arriba carregada de novetats!\",\"datePublished\":\"2023-03-30T17:17:40+00:00\",\"dateModified\":\"2023-04-18T10:28:42+00:00\",\"mainEntityOfPage\":{\"@id\":\"https:\\\/\\\/www.esplac.cat\\\/la-monifestat-2023-arriba-carregada-de-novetats\\\/\"},\"wordCount\":510,\"publisher\":{\"@id\":\"https:\\\/\\\/www.esplac.cat\\\/#organization\"},\"image\":{\"@id\":\"https:\\\/\\\/www.esplac.cat\\\/la-monifestat-2023-arriba-carregada-de-novetats\\\/#primaryimage\"},\"thumbnailUrl\":\"https:\\\/\\\/www.esplac.cat\\\/wp-content\\\/uploads\\\/2023\\\/03\\\/ko.jpg\",\"articleSection\":[\"Activitats esplac\",\"Monifesta't\",\"Sense categoria\",\"S\u00f2cies\"],\"inLanguage\":\"es\"},{\"@type\":\"WebPage\",\"@id\":\"https:\\\/\\\/www.esplac.cat\\\/la-monifestat-2023-arriba-carregada-de-novetats\\\/\",\"url\":\"https:\\\/\\\/www.esplac.cat\\\/la-monifestat-2023-arriba-carregada-de-novetats\\\/\",\"name\":\"La Monifesta't 2023 arriba carregada de novetats! - Esplac\",\"isPartOf\":{\"@id\":\"https:\\\/\\\/www.esplac.cat\\\/#website\"},\"primaryImageOfPage\":{\"@id\":\"https:\\\/\\\/www.esplac.cat\\\/la-monifestat-2023-arriba-carregada-de-novetats\\\/#primaryimage\"},\"image\":{\"@id\":\"https:\\\/\\\/www.esplac.cat\\\/la-monifestat-2023-arriba-carregada-de-novetats\\\/#primaryimage\"},\"thumbnailUrl\":\"https:\\\/\\\/www.esplac.cat\\\/wp-content\\\/uploads\\\/2023\\\/03\\\/ko.jpg\",\"datePublished\":\"2023-03-30T17:17:40+00:00\",\"dateModified\":\"2023-04-18T10:28:42+00:00\",\"breadcrumb\":{\"@id\":\"https:\\\/\\\/www.esplac.cat\\\/la-monifestat-2023-arriba-carregada-de-novetats\\\/#breadcrumb\"},\"inLanguage\":\"es\",\"potentialAction\":[{\"@type\":\"ReadAction\",\"target\":[\"https:\\\/\\\/www.esplac.cat\\\/la-monifestat-2023-arriba-carregada-de-novetats\\\/\"]}]},{\"@type\":\"ImageObject\",\"inLanguage\":\"es\",\"@id\":\"https:\\\/\\\/www.esplac.cat\\\/la-monifestat-2023-arriba-carregada-de-novetats\\\/#primaryimage\",\"url\":\"https:\\\/\\\/www.esplac.cat\\\/wp-content\\\/uploads\\\/2023\\\/03\\\/ko.jpg\",\"contentUrl\":\"https:\\\/\\\/www.esplac.cat\\\/wp-content\\\/uploads\\\/2023\\\/03\\\/ko.jpg\",\"width\":1694,\"height\":700},{\"@type\":\"BreadcrumbList\",\"@id\":\"https:\\\/\\\/www.esplac.cat\\\/la-monifestat-2023-arriba-carregada-de-novetats\\\/#breadcrumb\",\"itemListElement\":[{\"@type\":\"ListItem\",\"position\":1,\"name\":\"Inici\",\"item\":\"https:\\\/\\\/www.esplac.cat\\\/es\\\/\"},{\"@type\":\"ListItem\",\"position\":2,\"name\":\"La Monifesta&#8217;t 2023 arriba carregada de novetats!\"}]},{\"@type\":\"WebSite\",\"@id\":\"https:\\\/\\\/www.esplac.cat\\\/#website\",\"url\":\"https:\\\/\\\/www.esplac.cat\\\/\",\"name\":\"Esplac\",\"description\":\"Esplais Catalans\",\"publisher\":{\"@id\":\"https:\\\/\\\/www.esplac.cat\\\/#organization\"},\"potentialAction\":[{\"@type\":\"SearchAction\",\"target\":{\"@type\":\"EntryPoint\",\"urlTemplate\":\"https:\\\/\\\/www.esplac.cat\\\/?s={search_term_string}\"},\"query-input\":{\"@type\":\"PropertyValueSpecification\",\"valueRequired\":true,\"valueName\":\"search_term_string\"}}],\"inLanguage\":\"es\"},{\"@type\":\"Organization\",\"@id\":\"https:\\\/\\\/www.esplac.cat\\\/#organization\",\"name\":\"Esplac\",\"url\":\"https:\\\/\\\/www.esplac.cat\\\/\",\"logo\":{\"@type\":\"ImageObject\",\"inLanguage\":\"es\",\"@id\":\"https:\\\/\\\/www.esplac.cat\\\/#\\\/schema\\\/logo\\\/image\\\/\",\"url\":\"https:\\\/\\\/www.esplac.cat\\\/wp-content\\\/uploads\\\/2019\\\/08\\\/logox2.png\",\"contentUrl\":\"https:\\\/\\\/www.esplac.cat\\\/wp-content\\\/uploads\\\/2019\\\/08\\\/logox2.png\",\"width\":600,\"height\":295,\"caption\":\"Esplac\"},\"image\":{\"@id\":\"https:\\\/\\\/www.esplac.cat\\\/#\\\/schema\\\/logo\\\/image\\\/\"}},{\"@type\":\"Person\",\"@id\":\"https:\\\/\\\/www.esplac.cat\\\/#\\\/schema\\\/person\\\/908383cf240be18b68f8855d0583faca\",\"name\":\"Comunicaci\u00f3 Esplac\",\"image\":{\"@type\":\"ImageObject\",\"inLanguage\":\"es\",\"@id\":\"https:\\\/\\\/secure.gravatar.com\\\/avatar\\\/7a4cf8feb412a76ea4a740ca02d95b06b2907b5a6c648c2dd0a1082a093c3141?s=96&d=mm&r=g\",\"url\":\"https:\\\/\\\/secure.gravatar.com\\\/avatar\\\/7a4cf8feb412a76ea4a740ca02d95b06b2907b5a6c648c2dd0a1082a093c3141?s=96&d=mm&r=g\",\"contentUrl\":\"https:\\\/\\\/secure.gravatar.com\\\/avatar\\\/7a4cf8feb412a76ea4a740ca02d95b06b2907b5a6c648c2dd0a1082a093c3141?s=96&d=mm&r=g\",\"caption\":\"Comunicaci\u00f3 Esplac\"}}]}<\/script>\n<!-- \/ Yoast SEO plugin. -->","yoast_head_json":{"title":"La Monifesta't 2023 arriba carregada de novetats! - Esplac","robots":{"index":"index","follow":"follow","max-snippet":"max-snippet:-1","max-image-preview":"max-image-preview:large","max-video-preview":"max-video-preview:-1"},"canonical":"https:\/\/www.esplac.cat\/la-monifestat-2023-arriba-carregada-de-novetats\/","og_locale":"es_ES","og_type":"article","og_title":"La Monifesta't 2023 arriba carregada de novetats! - Esplac","og_description":"T&#8217;expliquem les activitats que farem aquest maig a Centelles per [&hellip;]","og_url":"https:\/\/www.esplac.cat\/la-monifestat-2023-arriba-carregada-de-novetats\/","og_site_name":"Esplac","article_published_time":"2023-03-30T17:17:40+00:00","article_modified_time":"2023-04-18T10:28:42+00:00","og_image":[{"width":1694,"height":700,"url":"https:\/\/www.esplac.cat\/wp-content\/uploads\/2023\/03\/ko.jpg","type":"image\/jpeg"}],"author":"Comunicaci\u00f3 Esplac","twitter_card":"summary_large_image","twitter_misc":{"Escrito por":"Comunicaci\u00f3 Esplac","Tiempo de lectura":"3 minutos"},"schema":{"@context":"https:\/\/schema.org","@graph":[{"@type":"Article","@id":"https:\/\/www.esplac.cat\/la-monifestat-2023-arriba-carregada-de-novetats\/#article","isPartOf":{"@id":"https:\/\/www.esplac.cat\/la-monifestat-2023-arriba-carregada-de-novetats\/"},"author":{"name":"Comunicaci\u00f3 Esplac","@id":"https:\/\/www.esplac.cat\/#\/schema\/person\/908383cf240be18b68f8855d0583faca"},"headline":"La Monifesta&#8217;t 2023 arriba carregada de novetats!","datePublished":"2023-03-30T17:17:40+00:00","dateModified":"2023-04-18T10:28:42+00:00","mainEntityOfPage":{"@id":"https:\/\/www.esplac.cat\/la-monifestat-2023-arriba-carregada-de-novetats\/"},"wordCount":510,"publisher":{"@id":"https:\/\/www.esplac.cat\/#organization"},"image":{"@id":"https:\/\/www.esplac.cat\/la-monifestat-2023-arriba-carregada-de-novetats\/#primaryimage"},"thumbnailUrl":"https:\/\/www.esplac.cat\/wp-content\/uploads\/2023\/03\/ko.jpg","articleSection":["Activitats esplac","Monifesta't","Sense categoria","S\u00f2cies"],"inLanguage":"es"},{"@type":"WebPage","@id":"https:\/\/www.esplac.cat\/la-monifestat-2023-arriba-carregada-de-novetats\/","url":"https:\/\/www.esplac.cat\/la-monifestat-2023-arriba-carregada-de-novetats\/","name":"La Monifesta't 2023 arriba carregada de novetats! - Esplac","isPartOf":{"@id":"https:\/\/www.esplac.cat\/#website"},"primaryImageOfPage":{"@id":"https:\/\/www.esplac.cat\/la-monifestat-2023-arriba-carregada-de-novetats\/#primaryimage"},"image":{"@id":"https:\/\/www.esplac.cat\/la-monifestat-2023-arriba-carregada-de-novetats\/#primaryimage"},"thumbnailUrl":"https:\/\/www.esplac.cat\/wp-content\/uploads\/2023\/03\/ko.jpg","datePublished":"2023-03-30T17:17:40+00:00","dateModified":"2023-04-18T10:28:42+00:00","breadcrumb":{"@id":"https:\/\/www.esplac.cat\/la-monifestat-2023-arriba-carregada-de-novetats\/#breadcrumb"},"inLanguage":"es","potentialAction":[{"@type":"ReadAction","target":["https:\/\/www.esplac.cat\/la-monifestat-2023-arriba-carregada-de-novetats\/"]}]},{"@type":"ImageObject","inLanguage":"es","@id":"https:\/\/www.esplac.cat\/la-monifestat-2023-arriba-carregada-de-novetats\/#primaryimage","url":"https:\/\/www.esplac.cat\/wp-content\/uploads\/2023\/03\/ko.jpg","contentUrl":"https:\/\/www.esplac.cat\/wp-content\/uploads\/2023\/03\/ko.jpg","width":1694,"height":700},{"@type":"BreadcrumbList","@id":"https:\/\/www.esplac.cat\/la-monifestat-2023-arriba-carregada-de-novetats\/#breadcrumb","itemListElement":[{"@type":"ListItem","position":1,"name":"Inici","item":"https:\/\/www.esplac.cat\/es\/"},{"@type":"ListItem","position":2,"name":"La Monifesta&#8217;t 2023 arriba carregada de novetats!"}]},{"@type":"WebSite","@id":"https:\/\/www.esplac.cat\/#website","url":"https:\/\/www.esplac.cat\/","name":"Esplac","description":"Esplais Catalans","publisher":{"@id":"https:\/\/www.esplac.cat\/#organization"},"potentialAction":[{"@type":"SearchAction","target":{"@type":"EntryPoint","urlTemplate":"https:\/\/www.esplac.cat\/?s={search_term_string}"},"query-input":{"@type":"PropertyValueSpecification","valueRequired":true,"valueName":"search_term_string"}}],"inLanguage":"es"},{"@type":"Organization","@id":"https:\/\/www.esplac.cat\/#organization","name":"Esplac","url":"https:\/\/www.esplac.cat\/","logo":{"@type":"ImageObject","inLanguage":"es","@id":"https:\/\/www.esplac.cat\/#\/schema\/logo\/image\/","url":"https:\/\/www.esplac.cat\/wp-content\/uploads\/2019\/08\/logox2.png","contentUrl":"https:\/\/www.esplac.cat\/wp-content\/uploads\/2019\/08\/logox2.png","width":600,"height":295,"caption":"Esplac"},"image":{"@id":"https:\/\/www.esplac.cat\/#\/schema\/logo\/image\/"}},{"@type":"Person","@id":"https:\/\/www.esplac.cat\/#\/schema\/person\/908383cf240be18b68f8855d0583faca","name":"Comunicaci\u00f3 Esplac","image":{"@type":"ImageObject","inLanguage":"es","@id":"https:\/\/secure.gravatar.com\/avatar\/7a4cf8feb412a76ea4a740ca02d95b06b2907b5a6c648c2dd0a1082a093c3141?s=96&d=mm&r=g","url":"https:\/\/secure.gravatar.com\/avatar\/7a4cf8feb412a76ea4a740ca02d95b06b2907b5a6c648c2dd0a1082a093c3141?s=96&d=mm&r=g","contentUrl":"https:\/\/secure.gravatar.com\/avatar\/7a4cf8feb412a76ea4a740ca02d95b06b2907b5a6c648c2dd0a1082a093c3141?s=96&d=mm&r=g","caption":"Comunicaci\u00f3 Esplac"}}]}},"_links":{"self":[{"href":"https:\/\/www.esplac.cat\/es\/wp-json\/wp\/v2\/posts\/44533","targetHints":{"allow":["GET"]}}],"collection":[{"href":"https:\/\/www.esplac.cat\/es\/wp-json\/wp\/v2\/posts"}],"about":[{"href":"https:\/\/www.esplac.cat\/es\/wp-json\/wp\/v2\/types\/post"}],"author":[{"embeddable":true,"href":"https:\/\/www.esplac.cat\/es\/wp-json\/wp\/v2\/users\/3"}],"replies":[{"embeddable":true,"href":"https:\/\/www.esplac.cat\/es\/wp-json\/wp\/v2\/comments?post=44533"}],"version-history":[{"count":0,"href":"https:\/\/www.esplac.cat\/es\/wp-json\/wp\/v2\/posts\/44533\/revisions"}],"wp:featuredmedia":[{"embeddable":true,"href":"https:\/\/www.esplac.cat\/es\/wp-json\/wp\/v2\/media\/44535"}],"wp:attachment":[{"href":"https:\/\/www.esplac.cat\/es\/wp-json\/wp\/v2\/media?parent=44533"}],"wp:term":[{"taxonomy":"category","embeddable":true,"href":"https:\/\/www.esplac.cat\/es\/wp-json\/wp\/v2\/categories?post=44533"},{"taxonomy":"post_tag","embeddable":true,"href":"https:\/\/www.esplac.cat\/es\/wp-json\/wp\/v2\/tags?post=44533"}],"curies":[{"name":"wp","href":"https:\/\/api.w.org\/{rel}","templated":true}]}}