{"id":45030,"date":"2023-04-28T12:01:31","date_gmt":"2023-04-28T10:01:31","guid":{"rendered":"https:\/\/www.esplac.cat\/?p=45030"},"modified":"2023-04-28T12:15:23","modified_gmt":"2023-04-28T10:15:23","slug":"esplais-caus-i-entitats-de-lleure-es-mobilitzen-el-proxim-6-de-maig-en-una-manifestacio-unitaria-per-reclamar-locals-dignes","status":"publish","type":"post","link":"https:\/\/www.esplac.cat\/es\/esplais-caus-i-entitats-de-lleure-es-mobilitzen-el-proxim-6-de-maig-en-una-manifestacio-unitaria-per-reclamar-locals-dignes\/","title":{"rendered":"Esplais, caus i entitats de lleure es mobilitzen el pr\u00f2xim 6 de maig en una manifestaci\u00f3 unit\u00e0ria per reclamar locals dignes"},"content":{"rendered":"<div class=\"fusion-fullwidth fullwidth-box fusion-builder-row-1 fusion-flex-container nonhundred-percent-fullwidth non-hundred-percent-height-scrolling\" style=\"--awb-border-radius-top-left:0px;--awb-border-radius-top-right:0px;--awb-border-radius-bottom-right:0px;--awb-border-radius-bottom-left:0px;--awb-flex-wrap:wrap;\" ><div class=\"fusion-builder-row fusion-row fusion-flex-align-items-flex-start fusion-flex-content-wrap\" style=\"max-width:1248px;margin-left: calc(-4% \/ 2 );margin-right: calc(-4% \/ 2 );\"><div class=\"fusion-layout-column fusion_builder_column fusion-builder-column-0 fusion_builder_column_1_1 1_1 fusion-flex-column\" style=\"--awb-bg-blend:overlay;--awb-bg-size:cover;--awb-width-large:100%;--awb-margin-top-large:0px;--awb-spacing-right-large:1.92%;--awb-margin-bottom-large:0px;--awb-spacing-left-large:1.92%;--awb-width-medium:100%;--awb-spacing-right-medium:1.92%;--awb-spacing-left-medium:1.92%;--awb-width-small:100%;--awb-spacing-right-small:1.92%;--awb-spacing-left-small:1.92%;\"><div class=\"fusion-column-wrapper fusion-flex-justify-content-flex-start fusion-content-layout-column\"><div class=\"fusion-text fusion-text-1\" style=\"--awb-text-transform:none;\"><h6 class=\"fusion-responsive-typography-calculated\" style=\"--fontsize: 19; line-height: 1.3; --minfontsize: 19; --fontSize:19; --minFontSize:19;\" data-fontsize=\"19\" data-lineheight=\"24.7px\"><strong>El dissabte 6 de maig a les 18:00h a Pla\u00e7a Universitat es realitzar\u00e0 la manifestaci\u00f3 unit\u00e0ria de <em>Deslocalitzades: es busquen locals dignes!<\/em><\/strong><\/h6>\n<p>El pr\u00f2xim dissabte 6 de maig es dur\u00e0 a terme la manifestaci\u00f3 unit\u00e0ria de la campanya <strong><a href=\"https:\/\/www.esplac.cat\/deslocalitzades\/\" target=\"_blank\" rel=\"noopener\">Deslocalitzades: Es busquen locals dignes<\/a>!,<\/strong> impulsada des d\u2019Esplais Catalans i amb adhesions d&#8217;altres entitats d\u2019associacionisme educatiu com <a href=\"https:\/\/www.accioescolta.cat\/\" target=\"_blank\" rel=\"noopener\">Acci\u00f3 Escolta<\/a>, <a href=\"https:\/\/www.escoltesiguies.cat\/\" target=\"_blank\" rel=\"noopener\">Minyons Escoltes i Guies de Catalunya<\/a>, <a href=\"https:\/\/www.escoltes.org\/\" target=\"_blank\" rel=\"noopener\">Escoltes Catalans<\/a>, <a href=\"https:\/\/www.peretarres.org\/mcecc\" target=\"_blank\" rel=\"noopener\">Moviment d\u2019Esplais Cristians de Catalunya<\/a> i <a href=\"http:\/\/casalsdejoves.org\/\" target=\"_blank\" rel=\"noopener\">Casals de Joves<\/a>.<\/p>\n<div>La campanya fa una crida a la mobilitzaci\u00f3 <b>per exigir locals dignes <\/b>on poder realitzar la tasca educativa esplais, caus i altres entitats de lleure educatiu.<\/div>\n<div><\/div>\n<div><span style=\"background-color: rgba(255, 255, 255, 0); color: var(--body_typography-color); font-family: var(--body_typography-font-family); font-size: var(--body_typography-font-size); font-style: var(--body_typography-font-style,normal); font-weight: var(--body_typography-font-weight); letter-spacing: var(--body_typography-letter-spacing);\">Entre els reclams de la concentraci\u00f3, <\/span><span style=\"background-color: rgba(255, 255, 255, 0); color: var(--body_typography-color); font-family: var(--body_typography-font-family); font-size: var(--body_typography-font-size); font-style: var(--body_typography-font-style,normal); letter-spacing: var(--body_typography-letter-spacing);\"><b>millorar la situaci\u00f3 de l\u2019estat actual dels locals dels esplais i caus<\/b><\/span><span style=\"background-color: rgba(255, 255, 255, 0); color: var(--body_typography-color); font-family: var(--body_typography-font-family); font-size: var(--body_typography-font-size); font-style: var(--body_typography-font-style,normal); font-weight: var(--body_typography-font-weight); letter-spacing: var(--body_typography-letter-spacing);\">. Algunes de les problem\u00e0tiques m\u00e9s destacades s\u00f3n la impossibilitat d\u2019oferir un local a tots els esplais, aix\u00ed com la pujada dels preus del lloguer, que alimenta que els esplais, caus i entitats de lleure es trobin cada cop m\u00e9s sovint amb impossibilitat de pagament o en condicions indignes.<\/span><\/div>\n<p><span style=\"background-color: rgba(255, 255, 255, 0); color: var(--body_typography-color); font-family: var(--body_typography-font-family); font-size: var(--body_typography-font-size); font-style: var(--body_typography-font-style,normal); font-weight: var(--body_typography-font-weight); letter-spacing: var(--body_typography-letter-spacing);\"><br \/><\/span><\/p>\n<div><\/div>\n<div>Entre altres demandes concretes de la campanya hi ha el reclam de <b>cessi\u00f3 d\u2019espais municipals<\/b> a aquells esplais i agrupaments que no disposin de local o la millora dels convenis i les infraestructures dels esplais i agrupaments que actualment fan us d\u2019un espai municipal. A m\u00e9s, s&#8217;exigeix que es tinguin en compte les necessitats dels esplais i es faci un acompanyament des de les institucions a aquelles entitats que deixen el seu anterior local per raons ideol\u00f2giques o a causa de la crisi de l\u2019habitatge.<\/div>\n<\/p>\n<p>La campanya Deslocalitzades se suma a les demandes del CJB per Barcelona que exposa que <strong>nom\u00e9s 1 de cada 10 locals de caus i esplais de la ciutat de Barcelona compleix les 11 condicions per un espai digne<\/strong>. Es poden consultar al seu web les <a href=\"https:\/\/www.cjb.cat\/publicacions\/les-11-condicions-per-un-espai-digne\/\" target=\"_blank\" rel=\"noopener\">dades<\/a> i la <a href=\"https:\/\/www.cjb.cat\/publicacions\/les-11-condicions-per-un-espai-digne\/\" target=\"_blank\" rel=\"noopener\">infografia<\/a>, aix\u00ed com la campanya de difusi\u00f3 a les xarxes socials del CJB: Twitter i Instagram.<\/p>\n<div>\n<p><strong><\/strong><\/p>\n<\/div>\n<div><em>Els horaris de les accions previstes s\u00f3n els seg\u00fcents:<br \/>\n<\/em><\/div>\n<p><em><br \/><\/em><\/p>\n<div><\/div>\n<div><strong>Concentracions descentralitzades (MAT\u00cd)<br \/>\n<\/strong><\/div>\n<div>Esplais, caus i entitats de lleure preparen la manifestaci\u00f3 fent pancartes i cartells i preparant els lemes per anar cap a Pla\u00e7a Universitat a la tarda.<\/div>\n<div><\/div>\n<p><strong>Manifestaci\u00f3 Unit\u00e0ria a Barcelona (TARDA)<\/strong><\/p>\n<ul>\n<li>18:00h a Pla\u00e7a Universitat.<\/li>\n<li>El recorregut finalitzar\u00e0 cap a les 19:00h a Pla\u00e7a Sant Jaume, on es far\u00e0 la cloenda de l\u2019acte amb la lectura del manifest.<\/li>\n<\/ul>\n<\/div><\/div><\/div><\/div><\/div>\n","protected":false},"excerpt":{"rendered":"","protected":false},"author":3,"featured_media":45065,"comment_status":"closed","ping_status":"closed","sticky":false,"template":"","format":"standard","meta":{"om_disable_all_campaigns":false,"_monsterinsights_skip_tracking":false,"_monsterinsights_sitenote_active":false,"_monsterinsights_sitenote_note":"","_monsterinsights_sitenote_category":0,"_uf_show_specific_survey":0,"_uf_disable_surveys":false,"footnotes":""},"categories":[1111,1117,1338],"tags":[],"class_list":["post-45030","post","type-post","status-publish","format-standard","has-post-thumbnail","hentry","category-activitats-esplac","category-activitats-esplais","category-locals-i-territori"],"yoast_head":"<!-- This site is optimized with the Yoast SEO plugin v27.4 - https:\/\/yoast.com\/product\/yoast-seo-wordpress\/ -->\n<title>Esplais, caus i entitats de lleure es mobilitzen el pr\u00f2xim 6 de maig en una manifestaci\u00f3 unit\u00e0ria per reclamar locals dignes - Esplac<\/title>\n<meta name=\"description\" content=\"El dissabte 6 de maig a les 18:00h a Pla\u00e7a Universitat es realitzar\u00e0 la manifestaci\u00f3 unit\u00e0ria de Deslocalitzades: es busquen locals dignes!\" \/>\n<meta name=\"robots\" content=\"index, follow, max-snippet:-1, max-image-preview:large, max-video-preview:-1\" \/>\n<link rel=\"canonical\" href=\"https:\/\/www.esplac.cat\/esplais-caus-i-entitats-de-lleure-es-mobilitzen-el-proxim-6-de-maig-en-una-manifestacio-unitaria-per-reclamar-locals-dignes\/\" \/>\n<meta property=\"og:locale\" content=\"es_ES\" \/>\n<meta property=\"og:type\" content=\"article\" \/>\n<meta property=\"og:title\" content=\"Esplais, caus i entitats de lleure es mobilitzen el pr\u00f2xim 6 de maig en una manifestaci\u00f3 unit\u00e0ria per reclamar locals dignes - Esplac\" \/>\n<meta property=\"og:description\" content=\"El dissabte 6 de maig a les 18:00h a Pla\u00e7a Universitat es realitzar\u00e0 la manifestaci\u00f3 unit\u00e0ria de Deslocalitzades: es busquen locals dignes!\" \/>\n<meta property=\"og:url\" content=\"https:\/\/www.esplac.cat\/esplais-caus-i-entitats-de-lleure-es-mobilitzen-el-proxim-6-de-maig-en-una-manifestacio-unitaria-per-reclamar-locals-dignes\/\" \/>\n<meta property=\"og:site_name\" content=\"Esplac\" \/>\n<meta property=\"article:published_time\" content=\"2023-04-28T10:01:31+00:00\" \/>\n<meta property=\"article:modified_time\" content=\"2023-04-28T10:15:23+00:00\" \/>\n<meta property=\"og:image\" content=\"https:\/\/www.esplac.cat\/wp-content\/uploads\/2023\/04\/Deslocalitzzades-28.jpg\" \/>\n\t<meta property=\"og:image:width\" content=\"1694\" \/>\n\t<meta property=\"og:image:height\" content=\"700\" \/>\n\t<meta property=\"og:image:type\" content=\"image\/jpeg\" \/>\n<meta name=\"author\" content=\"Comunicaci\u00f3 Esplac\" \/>\n<meta name=\"twitter:card\" content=\"summary_large_image\" \/>\n<meta name=\"twitter:label1\" content=\"Escrito por\" \/>\n\t<meta name=\"twitter:data1\" content=\"Comunicaci\u00f3 Esplac\" \/>\n\t<meta name=\"twitter:label2\" content=\"Tiempo de lectura\" \/>\n\t<meta name=\"twitter:data2\" content=\"3 minutos\" \/>\n<script type=\"application\/ld+json\" class=\"yoast-schema-graph\">{\"@context\":\"https:\\\/\\\/schema.org\",\"@graph\":[{\"@type\":\"Article\",\"@id\":\"https:\\\/\\\/www.esplac.cat\\\/esplais-caus-i-entitats-de-lleure-es-mobilitzen-el-proxim-6-de-maig-en-una-manifestacio-unitaria-per-reclamar-locals-dignes\\\/#article\",\"isPartOf\":{\"@id\":\"https:\\\/\\\/www.esplac.cat\\\/esplais-caus-i-entitats-de-lleure-es-mobilitzen-el-proxim-6-de-maig-en-una-manifestacio-unitaria-per-reclamar-locals-dignes\\\/\"},\"author\":{\"name\":\"Comunicaci\u00f3 Esplac\",\"@id\":\"https:\\\/\\\/www.esplac.cat\\\/#\\\/schema\\\/person\\\/908383cf240be18b68f8855d0583faca\"},\"headline\":\"Esplais, caus i entitats de lleure es mobilitzen el pr\u00f2xim 6 de maig en una manifestaci\u00f3 unit\u00e0ria per reclamar locals dignes\",\"datePublished\":\"2023-04-28T10:01:31+00:00\",\"dateModified\":\"2023-04-28T10:15:23+00:00\",\"mainEntityOfPage\":{\"@id\":\"https:\\\/\\\/www.esplac.cat\\\/esplais-caus-i-entitats-de-lleure-es-mobilitzen-el-proxim-6-de-maig-en-una-manifestacio-unitaria-per-reclamar-locals-dignes\\\/\"},\"wordCount\":568,\"publisher\":{\"@id\":\"https:\\\/\\\/www.esplac.cat\\\/#organization\"},\"image\":{\"@id\":\"https:\\\/\\\/www.esplac.cat\\\/esplais-caus-i-entitats-de-lleure-es-mobilitzen-el-proxim-6-de-maig-en-una-manifestacio-unitaria-per-reclamar-locals-dignes\\\/#primaryimage\"},\"thumbnailUrl\":\"https:\\\/\\\/www.esplac.cat\\\/wp-content\\\/uploads\\\/2023\\\/04\\\/Deslocalitzzades-28.jpg\",\"articleSection\":[\"Activitats esplac\",\"Activitats esplais\",\"Locals i Territori\"],\"inLanguage\":\"es\"},{\"@type\":\"WebPage\",\"@id\":\"https:\\\/\\\/www.esplac.cat\\\/esplais-caus-i-entitats-de-lleure-es-mobilitzen-el-proxim-6-de-maig-en-una-manifestacio-unitaria-per-reclamar-locals-dignes\\\/\",\"url\":\"https:\\\/\\\/www.esplac.cat\\\/esplais-caus-i-entitats-de-lleure-es-mobilitzen-el-proxim-6-de-maig-en-una-manifestacio-unitaria-per-reclamar-locals-dignes\\\/\",\"name\":\"Esplais, caus i entitats de lleure es mobilitzen el pr\u00f2xim 6 de maig en una manifestaci\u00f3 unit\u00e0ria per reclamar locals dignes - Esplac\",\"isPartOf\":{\"@id\":\"https:\\\/\\\/www.esplac.cat\\\/#website\"},\"primaryImageOfPage\":{\"@id\":\"https:\\\/\\\/www.esplac.cat\\\/esplais-caus-i-entitats-de-lleure-es-mobilitzen-el-proxim-6-de-maig-en-una-manifestacio-unitaria-per-reclamar-locals-dignes\\\/#primaryimage\"},\"image\":{\"@id\":\"https:\\\/\\\/www.esplac.cat\\\/esplais-caus-i-entitats-de-lleure-es-mobilitzen-el-proxim-6-de-maig-en-una-manifestacio-unitaria-per-reclamar-locals-dignes\\\/#primaryimage\"},\"thumbnailUrl\":\"https:\\\/\\\/www.esplac.cat\\\/wp-content\\\/uploads\\\/2023\\\/04\\\/Deslocalitzzades-28.jpg\",\"datePublished\":\"2023-04-28T10:01:31+00:00\",\"dateModified\":\"2023-04-28T10:15:23+00:00\",\"description\":\"El dissabte 6 de maig a les 18:00h a Pla\u00e7a Universitat es realitzar\u00e0 la manifestaci\u00f3 unit\u00e0ria de Deslocalitzades: es busquen locals dignes!\",\"breadcrumb\":{\"@id\":\"https:\\\/\\\/www.esplac.cat\\\/esplais-caus-i-entitats-de-lleure-es-mobilitzen-el-proxim-6-de-maig-en-una-manifestacio-unitaria-per-reclamar-locals-dignes\\\/#breadcrumb\"},\"inLanguage\":\"es\",\"potentialAction\":[{\"@type\":\"ReadAction\",\"target\":[\"https:\\\/\\\/www.esplac.cat\\\/esplais-caus-i-entitats-de-lleure-es-mobilitzen-el-proxim-6-de-maig-en-una-manifestacio-unitaria-per-reclamar-locals-dignes\\\/\"]}]},{\"@type\":\"ImageObject\",\"inLanguage\":\"es\",\"@id\":\"https:\\\/\\\/www.esplac.cat\\\/esplais-caus-i-entitats-de-lleure-es-mobilitzen-el-proxim-6-de-maig-en-una-manifestacio-unitaria-per-reclamar-locals-dignes\\\/#primaryimage\",\"url\":\"https:\\\/\\\/www.esplac.cat\\\/wp-content\\\/uploads\\\/2023\\\/04\\\/Deslocalitzzades-28.jpg\",\"contentUrl\":\"https:\\\/\\\/www.esplac.cat\\\/wp-content\\\/uploads\\\/2023\\\/04\\\/Deslocalitzzades-28.jpg\",\"width\":1694,\"height\":700},{\"@type\":\"BreadcrumbList\",\"@id\":\"https:\\\/\\\/www.esplac.cat\\\/esplais-caus-i-entitats-de-lleure-es-mobilitzen-el-proxim-6-de-maig-en-una-manifestacio-unitaria-per-reclamar-locals-dignes\\\/#breadcrumb\",\"itemListElement\":[{\"@type\":\"ListItem\",\"position\":1,\"name\":\"Inici\",\"item\":\"https:\\\/\\\/www.esplac.cat\\\/es\\\/\"},{\"@type\":\"ListItem\",\"position\":2,\"name\":\"Esplais, caus i entitats de lleure es mobilitzen el pr\u00f2xim 6 de maig en una manifestaci\u00f3 unit\u00e0ria per reclamar locals dignes\"}]},{\"@type\":\"WebSite\",\"@id\":\"https:\\\/\\\/www.esplac.cat\\\/#website\",\"url\":\"https:\\\/\\\/www.esplac.cat\\\/\",\"name\":\"Esplac\",\"description\":\"Esplais Catalans\",\"publisher\":{\"@id\":\"https:\\\/\\\/www.esplac.cat\\\/#organization\"},\"potentialAction\":[{\"@type\":\"SearchAction\",\"target\":{\"@type\":\"EntryPoint\",\"urlTemplate\":\"https:\\\/\\\/www.esplac.cat\\\/?s={search_term_string}\"},\"query-input\":{\"@type\":\"PropertyValueSpecification\",\"valueRequired\":true,\"valueName\":\"search_term_string\"}}],\"inLanguage\":\"es\"},{\"@type\":\"Organization\",\"@id\":\"https:\\\/\\\/www.esplac.cat\\\/#organization\",\"name\":\"Esplac\",\"url\":\"https:\\\/\\\/www.esplac.cat\\\/\",\"logo\":{\"@type\":\"ImageObject\",\"inLanguage\":\"es\",\"@id\":\"https:\\\/\\\/www.esplac.cat\\\/#\\\/schema\\\/logo\\\/image\\\/\",\"url\":\"https:\\\/\\\/www.esplac.cat\\\/wp-content\\\/uploads\\\/2019\\\/08\\\/logox2.png\",\"contentUrl\":\"https:\\\/\\\/www.esplac.cat\\\/wp-content\\\/uploads\\\/2019\\\/08\\\/logox2.png\",\"width\":600,\"height\":295,\"caption\":\"Esplac\"},\"image\":{\"@id\":\"https:\\\/\\\/www.esplac.cat\\\/#\\\/schema\\\/logo\\\/image\\\/\"}},{\"@type\":\"Person\",\"@id\":\"https:\\\/\\\/www.esplac.cat\\\/#\\\/schema\\\/person\\\/908383cf240be18b68f8855d0583faca\",\"name\":\"Comunicaci\u00f3 Esplac\",\"image\":{\"@type\":\"ImageObject\",\"inLanguage\":\"es\",\"@id\":\"https:\\\/\\\/secure.gravatar.com\\\/avatar\\\/7a4cf8feb412a76ea4a740ca02d95b06b2907b5a6c648c2dd0a1082a093c3141?s=96&d=mm&r=g\",\"url\":\"https:\\\/\\\/secure.gravatar.com\\\/avatar\\\/7a4cf8feb412a76ea4a740ca02d95b06b2907b5a6c648c2dd0a1082a093c3141?s=96&d=mm&r=g\",\"contentUrl\":\"https:\\\/\\\/secure.gravatar.com\\\/avatar\\\/7a4cf8feb412a76ea4a740ca02d95b06b2907b5a6c648c2dd0a1082a093c3141?s=96&d=mm&r=g\",\"caption\":\"Comunicaci\u00f3 Esplac\"}}]}<\/script>\n<!-- \/ Yoast SEO plugin. -->","yoast_head_json":{"title":"Esplais, caus i entitats de lleure es mobilitzen el pr\u00f2xim 6 de maig en una manifestaci\u00f3 unit\u00e0ria per reclamar locals dignes - Esplac","description":"El dissabte 6 de maig a les 18:00h a Pla\u00e7a Universitat es realitzar\u00e0 la manifestaci\u00f3 unit\u00e0ria de Deslocalitzades: es busquen locals dignes!","robots":{"index":"index","follow":"follow","max-snippet":"max-snippet:-1","max-image-preview":"max-image-preview:large","max-video-preview":"max-video-preview:-1"},"canonical":"https:\/\/www.esplac.cat\/esplais-caus-i-entitats-de-lleure-es-mobilitzen-el-proxim-6-de-maig-en-una-manifestacio-unitaria-per-reclamar-locals-dignes\/","og_locale":"es_ES","og_type":"article","og_title":"Esplais, caus i entitats de lleure es mobilitzen el pr\u00f2xim 6 de maig en una manifestaci\u00f3 unit\u00e0ria per reclamar locals dignes - Esplac","og_description":"El dissabte 6 de maig a les 18:00h a Pla\u00e7a Universitat es realitzar\u00e0 la manifestaci\u00f3 unit\u00e0ria de Deslocalitzades: es busquen locals dignes!","og_url":"https:\/\/www.esplac.cat\/esplais-caus-i-entitats-de-lleure-es-mobilitzen-el-proxim-6-de-maig-en-una-manifestacio-unitaria-per-reclamar-locals-dignes\/","og_site_name":"Esplac","article_published_time":"2023-04-28T10:01:31+00:00","article_modified_time":"2023-04-28T10:15:23+00:00","og_image":[{"width":1694,"height":700,"url":"https:\/\/www.esplac.cat\/wp-content\/uploads\/2023\/04\/Deslocalitzzades-28.jpg","type":"image\/jpeg"}],"author":"Comunicaci\u00f3 Esplac","twitter_card":"summary_large_image","twitter_misc":{"Escrito por":"Comunicaci\u00f3 Esplac","Tiempo de lectura":"3 minutos"},"schema":{"@context":"https:\/\/schema.org","@graph":[{"@type":"Article","@id":"https:\/\/www.esplac.cat\/esplais-caus-i-entitats-de-lleure-es-mobilitzen-el-proxim-6-de-maig-en-una-manifestacio-unitaria-per-reclamar-locals-dignes\/#article","isPartOf":{"@id":"https:\/\/www.esplac.cat\/esplais-caus-i-entitats-de-lleure-es-mobilitzen-el-proxim-6-de-maig-en-una-manifestacio-unitaria-per-reclamar-locals-dignes\/"},"author":{"name":"Comunicaci\u00f3 Esplac","@id":"https:\/\/www.esplac.cat\/#\/schema\/person\/908383cf240be18b68f8855d0583faca"},"headline":"Esplais, caus i entitats de lleure es mobilitzen el pr\u00f2xim 6 de maig en una manifestaci\u00f3 unit\u00e0ria per reclamar locals dignes","datePublished":"2023-04-28T10:01:31+00:00","dateModified":"2023-04-28T10:15:23+00:00","mainEntityOfPage":{"@id":"https:\/\/www.esplac.cat\/esplais-caus-i-entitats-de-lleure-es-mobilitzen-el-proxim-6-de-maig-en-una-manifestacio-unitaria-per-reclamar-locals-dignes\/"},"wordCount":568,"publisher":{"@id":"https:\/\/www.esplac.cat\/#organization"},"image":{"@id":"https:\/\/www.esplac.cat\/esplais-caus-i-entitats-de-lleure-es-mobilitzen-el-proxim-6-de-maig-en-una-manifestacio-unitaria-per-reclamar-locals-dignes\/#primaryimage"},"thumbnailUrl":"https:\/\/www.esplac.cat\/wp-content\/uploads\/2023\/04\/Deslocalitzzades-28.jpg","articleSection":["Activitats esplac","Activitats esplais","Locals i Territori"],"inLanguage":"es"},{"@type":"WebPage","@id":"https:\/\/www.esplac.cat\/esplais-caus-i-entitats-de-lleure-es-mobilitzen-el-proxim-6-de-maig-en-una-manifestacio-unitaria-per-reclamar-locals-dignes\/","url":"https:\/\/www.esplac.cat\/esplais-caus-i-entitats-de-lleure-es-mobilitzen-el-proxim-6-de-maig-en-una-manifestacio-unitaria-per-reclamar-locals-dignes\/","name":"Esplais, caus i entitats de lleure es mobilitzen el pr\u00f2xim 6 de maig en una manifestaci\u00f3 unit\u00e0ria per reclamar locals dignes - Esplac","isPartOf":{"@id":"https:\/\/www.esplac.cat\/#website"},"primaryImageOfPage":{"@id":"https:\/\/www.esplac.cat\/esplais-caus-i-entitats-de-lleure-es-mobilitzen-el-proxim-6-de-maig-en-una-manifestacio-unitaria-per-reclamar-locals-dignes\/#primaryimage"},"image":{"@id":"https:\/\/www.esplac.cat\/esplais-caus-i-entitats-de-lleure-es-mobilitzen-el-proxim-6-de-maig-en-una-manifestacio-unitaria-per-reclamar-locals-dignes\/#primaryimage"},"thumbnailUrl":"https:\/\/www.esplac.cat\/wp-content\/uploads\/2023\/04\/Deslocalitzzades-28.jpg","datePublished":"2023-04-28T10:01:31+00:00","dateModified":"2023-04-28T10:15:23+00:00","description":"El dissabte 6 de maig a les 18:00h a Pla\u00e7a Universitat es realitzar\u00e0 la manifestaci\u00f3 unit\u00e0ria de Deslocalitzades: es busquen locals dignes!","breadcrumb":{"@id":"https:\/\/www.esplac.cat\/esplais-caus-i-entitats-de-lleure-es-mobilitzen-el-proxim-6-de-maig-en-una-manifestacio-unitaria-per-reclamar-locals-dignes\/#breadcrumb"},"inLanguage":"es","potentialAction":[{"@type":"ReadAction","target":["https:\/\/www.esplac.cat\/esplais-caus-i-entitats-de-lleure-es-mobilitzen-el-proxim-6-de-maig-en-una-manifestacio-unitaria-per-reclamar-locals-dignes\/"]}]},{"@type":"ImageObject","inLanguage":"es","@id":"https:\/\/www.esplac.cat\/esplais-caus-i-entitats-de-lleure-es-mobilitzen-el-proxim-6-de-maig-en-una-manifestacio-unitaria-per-reclamar-locals-dignes\/#primaryimage","url":"https:\/\/www.esplac.cat\/wp-content\/uploads\/2023\/04\/Deslocalitzzades-28.jpg","contentUrl":"https:\/\/www.esplac.cat\/wp-content\/uploads\/2023\/04\/Deslocalitzzades-28.jpg","width":1694,"height":700},{"@type":"BreadcrumbList","@id":"https:\/\/www.esplac.cat\/esplais-caus-i-entitats-de-lleure-es-mobilitzen-el-proxim-6-de-maig-en-una-manifestacio-unitaria-per-reclamar-locals-dignes\/#breadcrumb","itemListElement":[{"@type":"ListItem","position":1,"name":"Inici","item":"https:\/\/www.esplac.cat\/es\/"},{"@type":"ListItem","position":2,"name":"Esplais, caus i entitats de lleure es mobilitzen el pr\u00f2xim 6 de maig en una manifestaci\u00f3 unit\u00e0ria per reclamar locals dignes"}]},{"@type":"WebSite","@id":"https:\/\/www.esplac.cat\/#website","url":"https:\/\/www.esplac.cat\/","name":"Esplac","description":"Esplais Catalans","publisher":{"@id":"https:\/\/www.esplac.cat\/#organization"},"potentialAction":[{"@type":"SearchAction","target":{"@type":"EntryPoint","urlTemplate":"https:\/\/www.esplac.cat\/?s={search_term_string}"},"query-input":{"@type":"PropertyValueSpecification","valueRequired":true,"valueName":"search_term_string"}}],"inLanguage":"es"},{"@type":"Organization","@id":"https:\/\/www.esplac.cat\/#organization","name":"Esplac","url":"https:\/\/www.esplac.cat\/","logo":{"@type":"ImageObject","inLanguage":"es","@id":"https:\/\/www.esplac.cat\/#\/schema\/logo\/image\/","url":"https:\/\/www.esplac.cat\/wp-content\/uploads\/2019\/08\/logox2.png","contentUrl":"https:\/\/www.esplac.cat\/wp-content\/uploads\/2019\/08\/logox2.png","width":600,"height":295,"caption":"Esplac"},"image":{"@id":"https:\/\/www.esplac.cat\/#\/schema\/logo\/image\/"}},{"@type":"Person","@id":"https:\/\/www.esplac.cat\/#\/schema\/person\/908383cf240be18b68f8855d0583faca","name":"Comunicaci\u00f3 Esplac","image":{"@type":"ImageObject","inLanguage":"es","@id":"https:\/\/secure.gravatar.com\/avatar\/7a4cf8feb412a76ea4a740ca02d95b06b2907b5a6c648c2dd0a1082a093c3141?s=96&d=mm&r=g","url":"https:\/\/secure.gravatar.com\/avatar\/7a4cf8feb412a76ea4a740ca02d95b06b2907b5a6c648c2dd0a1082a093c3141?s=96&d=mm&r=g","contentUrl":"https:\/\/secure.gravatar.com\/avatar\/7a4cf8feb412a76ea4a740ca02d95b06b2907b5a6c648c2dd0a1082a093c3141?s=96&d=mm&r=g","caption":"Comunicaci\u00f3 Esplac"}}]}},"_links":{"self":[{"href":"https:\/\/www.esplac.cat\/es\/wp-json\/wp\/v2\/posts\/45030","targetHints":{"allow":["GET"]}}],"collection":[{"href":"https:\/\/www.esplac.cat\/es\/wp-json\/wp\/v2\/posts"}],"about":[{"href":"https:\/\/www.esplac.cat\/es\/wp-json\/wp\/v2\/types\/post"}],"author":[{"embeddable":true,"href":"https:\/\/www.esplac.cat\/es\/wp-json\/wp\/v2\/users\/3"}],"replies":[{"embeddable":true,"href":"https:\/\/www.esplac.cat\/es\/wp-json\/wp\/v2\/comments?post=45030"}],"version-history":[{"count":0,"href":"https:\/\/www.esplac.cat\/es\/wp-json\/wp\/v2\/posts\/45030\/revisions"}],"wp:featuredmedia":[{"embeddable":true,"href":"https:\/\/www.esplac.cat\/es\/wp-json\/wp\/v2\/media\/45065"}],"wp:attachment":[{"href":"https:\/\/www.esplac.cat\/es\/wp-json\/wp\/v2\/media?parent=45030"}],"wp:term":[{"taxonomy":"category","embeddable":true,"href":"https:\/\/www.esplac.cat\/es\/wp-json\/wp\/v2\/categories?post=45030"},{"taxonomy":"post_tag","embeddable":true,"href":"https:\/\/www.esplac.cat\/es\/wp-json\/wp\/v2\/tags?post=45030"}],"curies":[{"name":"wp","href":"https:\/\/api.w.org\/{rel}","templated":true}]}}