{"id":45127,"date":"2023-05-11T10:00:24","date_gmt":"2023-05-11T08:00:24","guid":{"rendered":"https:\/\/www.esplac.cat\/?p=45127"},"modified":"2024-01-15T14:05:11","modified_gmt":"2024-01-15T12:05:11","slug":"torna-training-course-esplac","status":"publish","type":"post","link":"https:\/\/www.esplac.cat\/es\/torna-training-course-esplac\/","title":{"rendered":"Torna el Training Course d\u2019Esplac: del 2 al 10 d\u2019agost a Can Clarens!"},"content":{"rendered":"<div class=\"fusion-fullwidth fullwidth-box fusion-builder-row-1 fusion-flex-container nonhundred-percent-fullwidth non-hundred-percent-height-scrolling\" style=\"--awb-border-radius-top-left:0px;--awb-border-radius-top-right:0px;--awb-border-radius-bottom-right:0px;--awb-border-radius-bottom-left:0px;--awb-flex-wrap:wrap;\" ><div class=\"fusion-builder-row fusion-row fusion-flex-align-items-flex-start fusion-flex-content-wrap\" style=\"max-width:1248px;margin-left: calc(-4% \/ 2 );margin-right: calc(-4% \/ 2 );\"><div class=\"fusion-layout-column fusion_builder_column fusion-builder-column-0 fusion_builder_column_1_1 1_1 fusion-flex-column\" style=\"--awb-bg-size:cover;--awb-width-large:100%;--awb-margin-top-large:0px;--awb-spacing-right-large:1.92%;--awb-margin-bottom-large:0px;--awb-spacing-left-large:1.92%;--awb-width-medium:100%;--awb-spacing-right-medium:1.92%;--awb-spacing-left-medium:1.92%;--awb-width-small:100%;--awb-spacing-right-small:1.92%;--awb-spacing-left-small:1.92%;\"><div class=\"fusion-column-wrapper fusion-flex-justify-content-flex-start fusion-content-layout-column\"><div class=\"fusion-text fusion-text-1\"><h6><strong><i>El dilluns 15 de maig obren les inscripcions pel Training Course, un intercanvi internacional que consisteix en una setmana d\u2019activitats formatives i d\u2019oci amb altres joves d\u2019It\u00e0lia, Portugal i Fran\u00e7a.<\/i><\/strong><\/h6>\n<p><span style=\"font-weight: 400;\">El <strong>Training Course<\/strong> o <strong>Youth Exchange<\/strong> \u00e9s una activitat internacional que organitza <strong>Esplac<\/strong> cada estiu en el marc del programa <strong>Erasmus+<\/strong>. En aquest intercanvi hi participen altres associacions juvenils d\u2019educaci\u00f3 popular. Enguany comptem amb quatre entitats: <span style=\"color: #f69d0b;\"><a style=\"color: #f69d0b;\" href=\"https:\/\/www.arciragazzi.it\/\" target=\"_blank\" rel=\"noopener\"><strong>Arciragazzi<\/strong> <\/a><\/span>(It\u00e0lia),<span style=\"color: #f69d0b;\"> <a style=\"color: #f69d0b;\" href=\"http:\/\/home.rotajovem.com\/\" target=\"_blank\" rel=\"noopener\"><strong>Rota Jovem<\/strong><\/a><\/span> i <span style=\"color: #f69d0b;\"><strong><a style=\"color: #f69d0b;\" href=\"https:\/\/apcc.org.pt\/\" target=\"_blank\" rel=\"noopener\">Associa\u00e7\u00e3o para a Promo\u00e7\u00e3o Cultural da Crian\u00e7a<\/a><\/strong><\/span> (Portugal), i <span style=\"color: #f69d0b;\"><a style=\"color: #f69d0b;\" href=\"http:\/\/www.francas.asso.fr\/\" target=\"_blank\" rel=\"noopener\"><strong>Les Francas<\/strong><\/a> <\/span>des Pyr\u00e9n\u00e9es-Orientales (Fran\u00e7a).\u00a0<\/span><\/p>\n<p><span style=\"font-weight: 400;\">A m\u00e9s a m\u00e9s, tamb\u00e9 hi haur\u00e0 un equip de 3 facilitadores de l\u2019<span style=\"color: #f69d0b;\"><a style=\"color: #f69d0b;\" href=\"https:\/\/escolaelsol.coop\/\" target=\"_blank\" rel=\"noopener\"><strong>Escola Lliure el Sol<\/strong><\/a><\/span>, que col\u00b7labora juntament amb Esplac per a dur a terme aquesta trobada.<\/span><\/p>\n<p><span style=\"font-weight: 400;\">Aix\u00ed doncs, 30 joves d\u2019aquests pa\u00efsos compartiran una setmana d\u2019activitats, sessions de debat, excursions i jocs\u2026 L\u2019intercanvi<\/span><b> tindr\u00e0 lloc del 2 al 10 d\u2019agost a <span style=\"color: #f69d0b;\"><a style=\"color: #f69d0b;\" href=\"http:\/\/www.canclarens.cat\/casa-de-colonies.html\" target=\"_blank\" rel=\"noopener\">Can Clarens<\/a>,<\/span> Vallgorguina<\/b><span style=\"font-weight: 400;\">, on les participants compartiran la casa de col\u00f2nies amb monis d\u2019Esplac que estaran fent un curs Marta Mata.\u00a0<\/span><\/p>\n<p><span style=\"font-weight: 400;\">La tem\u00e0tica de l\u2019intercanvi girar\u00e0 entorn l\u2019<\/span><b>apoderament juvenil i la creaci\u00f3 de projectes transformadors<\/b><span style=\"font-weight: 400;\"> amb incid\u00e8ncia social. Es convidar\u00e0 les participants a reflexionar envers la tasca que duen a terme com a educadores a les seves entitats i s&#8217;incorporar\u00e0 la perspectiva <\/span><b>de l\u2019educaci\u00f3 per la just\u00edcia global<\/b><span style=\"font-weight: 400;\">.<\/span><\/p>\n<p><b>Quins s\u00f3n els objectius d\u2019aquesta activitat?<\/b><\/p>\n<blockquote>\n<p><span style=\"font-weight: 400;\">Debatre i intercanviar experi\u00e8ncies per a construir noves formes d\u2019implicaci\u00f3 i participaci\u00f3 en les associacions d\u2019educaci\u00f3 no formal.<\/span><\/p>\n<p><span style=\"font-weight: 400;\">Involucrar persones joves per promoure una societat m\u00e9s inclusiva i justa.<\/span><\/p>\n<p><span style=\"font-weight: 400;\">Viure en primera persona un entorn intercultural, on aprendre a partir de les diferents experi\u00e8ncies i bagatges personals.<\/span><\/p>\n<\/blockquote>\n<p><b>Qui busquem?<\/b><\/p>\n<blockquote>\n<p><span style=\"font-weight: 400;\">4 monis o pre-monis d\u2019entre 16 i 26 anys.<\/span><\/p>\n<p><span style=\"font-weight: 400;\">1 moni de m\u00e9s de 18 anys que sigui referent del grup.<\/span><\/p>\n<\/blockquote>\n<p><b>Requisits per participar:<\/b><\/p>\n<blockquote>\n<p><span style=\"font-weight: 400;\">Ser membre actiu d\u2019Esplac.<\/span><\/p>\n<p><span style=\"font-weight: 400;\">Capacitat per comunicar-se en angl\u00e8s (ser\u00e0 l\u2019idioma de treball).<\/span><\/p>\n<p><span style=\"font-weight: 400;\">Complir amb l\u2019edat demanada.<\/span><\/p>\n<\/blockquote>\n<p><b>Preu:<\/b><\/p>\n<blockquote>\n<p><span style=\"font-weight: 400;\">Quota de 40\u20ac (inclou allotjament, \u00e0pats, transport i tot el que es necessita per participar del training).<\/span><\/p>\n<\/blockquote>\n<p><b>Inscripcions<\/b><\/p>\n<blockquote>\n<p><span style=\"font-weight: 400;\">A partir de dilluns 15 de maig, a trav\u00e9s de l\u2019Era (a l\u2019apartat Personal &gt; Activitats).<\/span><\/p>\n<p><span style=\"font-weight: 400;\">Per a m\u00e9s informaci\u00f3, podeu enviar un correu a internacional@esplac.cat.<\/span><\/p>\n<\/blockquote>\n<p><img decoding=\"async\" class=\"aligncenter wp-image-48613 size-large\" src=\"https:\/\/www.esplac.cat\/wp-content\/uploads\/2023\/05\/2023-1-724x1024.jpg\" alt=\"Training Course 2023\" width=\"724\" height=\"1024\" srcset=\"https:\/\/www.esplac.cat\/wp-content\/uploads\/2023\/05\/2023-1-200x283.jpg 200w, https:\/\/www.esplac.cat\/wp-content\/uploads\/2023\/05\/2023-1-212x300.jpg 212w, https:\/\/www.esplac.cat\/wp-content\/uploads\/2023\/05\/2023-1-400x566.jpg 400w, https:\/\/www.esplac.cat\/wp-content\/uploads\/2023\/05\/2023-1-600x849.jpg 600w, https:\/\/www.esplac.cat\/wp-content\/uploads\/2023\/05\/2023-1-724x1024.jpg 724w, https:\/\/www.esplac.cat\/wp-content\/uploads\/2023\/05\/2023-1-768x1086.jpg 768w, https:\/\/www.esplac.cat\/wp-content\/uploads\/2023\/05\/2023-1-800x1132.jpg 800w, https:\/\/www.esplac.cat\/wp-content\/uploads\/2023\/05\/2023-1-1086x1536.jpg 1086w, https:\/\/www.esplac.cat\/wp-content\/uploads\/2023\/05\/2023-1-1200x1698.jpg 1200w, https:\/\/www.esplac.cat\/wp-content\/uploads\/2023\/05\/2023-1-1448x2048.jpg 1448w, https:\/\/www.esplac.cat\/wp-content\/uploads\/2023\/05\/2023-1.jpg 1587w\" sizes=\"(max-width: 724px) 100vw, 724px\" \/><\/p>\n<\/div><\/div><\/div><\/div><\/div>\n","protected":false},"excerpt":{"rendered":"","protected":false},"author":3,"featured_media":45198,"comment_status":"closed","ping_status":"closed","sticky":false,"template":"","format":"standard","meta":{"om_disable_all_campaigns":false,"_monsterinsights_skip_tracking":false,"_monsterinsights_sitenote_active":false,"_monsterinsights_sitenote_note":"","_monsterinsights_sitenote_category":0,"_uf_show_specific_survey":0,"_uf_disable_surveys":false,"footnotes":""},"categories":[1111,1112,1],"tags":[],"class_list":["post-45127","post","type-post","status-publish","format-standard","has-post-thumbnail","hentry","category-activitats-esplac","category-esplac-al-mon","category-sense-categoria"],"yoast_head":"<!-- This site is optimized with the Yoast SEO plugin v27.5 - https:\/\/yoast.com\/product\/yoast-seo-wordpress\/ -->\n<title>Torna el Training Course d\u2019Esplac!<\/title>\n<meta name=\"description\" content=\"El dilluns 15 de maig obren les inscripcions pel Training Course, una setmana d\u2019activitats formatives i d\u2019oci amb joves d&#039;arreu del m\u00f3n.\" \/>\n<meta name=\"robots\" content=\"index, follow, max-snippet:-1, max-image-preview:large, max-video-preview:-1\" \/>\n<link rel=\"canonical\" href=\"https:\/\/www.esplac.cat\/torna-training-course-esplac\/\" \/>\n<meta property=\"og:locale\" content=\"es_ES\" \/>\n<meta property=\"og:type\" content=\"article\" \/>\n<meta property=\"og:title\" content=\"Torna el Training Course d\u2019Esplac!\" \/>\n<meta property=\"og:description\" content=\"El dilluns 15 de maig obren les inscripcions pel Training Course, una setmana d\u2019activitats formatives i d\u2019oci amb joves d&#039;arreu del m\u00f3n.\" \/>\n<meta property=\"og:url\" content=\"https:\/\/www.esplac.cat\/torna-training-course-esplac\/\" \/>\n<meta property=\"og:site_name\" content=\"Esplac\" \/>\n<meta property=\"article:published_time\" content=\"2023-05-11T08:00:24+00:00\" \/>\n<meta property=\"article:modified_time\" content=\"2024-01-15T12:05:11+00:00\" \/>\n<meta property=\"og:image\" content=\"https:\/\/www.esplac.cat\/wp-content\/uploads\/2023\/05\/Portades-web.jpg\" \/>\n\t<meta property=\"og:image:width\" content=\"1694\" \/>\n\t<meta property=\"og:image:height\" content=\"700\" \/>\n\t<meta property=\"og:image:type\" content=\"image\/jpeg\" \/>\n<meta name=\"author\" content=\"Comunicaci\u00f3 Esplac\" \/>\n<meta name=\"twitter:card\" content=\"summary_large_image\" \/>\n<meta name=\"twitter:label1\" content=\"Escrito por\" \/>\n\t<meta name=\"twitter:data1\" content=\"Comunicaci\u00f3 Esplac\" \/>\n\t<meta name=\"twitter:label2\" content=\"Tiempo de lectura\" \/>\n\t<meta name=\"twitter:data2\" content=\"2 minutos\" \/>\n<script type=\"application\/ld+json\" class=\"yoast-schema-graph\">{\"@context\":\"https:\\\/\\\/schema.org\",\"@graph\":[{\"@type\":\"Article\",\"@id\":\"https:\\\/\\\/www.esplac.cat\\\/torna-training-course-esplac\\\/#article\",\"isPartOf\":{\"@id\":\"https:\\\/\\\/www.esplac.cat\\\/torna-training-course-esplac\\\/\"},\"author\":{\"name\":\"Comunicaci\u00f3 Esplac\",\"@id\":\"https:\\\/\\\/www.esplac.cat\\\/#\\\/schema\\\/person\\\/908383cf240be18b68f8855d0583faca\"},\"headline\":\"Torna el Training Course d\u2019Esplac: del 2 al 10 d\u2019agost a Can Clarens!\",\"datePublished\":\"2023-05-11T08:00:24+00:00\",\"dateModified\":\"2024-01-15T12:05:11+00:00\",\"mainEntityOfPage\":{\"@id\":\"https:\\\/\\\/www.esplac.cat\\\/torna-training-course-esplac\\\/\"},\"wordCount\":648,\"publisher\":{\"@id\":\"https:\\\/\\\/www.esplac.cat\\\/#organization\"},\"image\":{\"@id\":\"https:\\\/\\\/www.esplac.cat\\\/torna-training-course-esplac\\\/#primaryimage\"},\"thumbnailUrl\":\"https:\\\/\\\/www.esplac.cat\\\/wp-content\\\/uploads\\\/2023\\\/05\\\/Portades-web.jpg\",\"articleSection\":[\"Activitats esplac\",\"Esplac al m\u00f3n\",\"Sense categoria\"],\"inLanguage\":\"es\"},{\"@type\":\"WebPage\",\"@id\":\"https:\\\/\\\/www.esplac.cat\\\/torna-training-course-esplac\\\/\",\"url\":\"https:\\\/\\\/www.esplac.cat\\\/torna-training-course-esplac\\\/\",\"name\":\"Torna el Training Course d\u2019Esplac!\",\"isPartOf\":{\"@id\":\"https:\\\/\\\/www.esplac.cat\\\/#website\"},\"primaryImageOfPage\":{\"@id\":\"https:\\\/\\\/www.esplac.cat\\\/torna-training-course-esplac\\\/#primaryimage\"},\"image\":{\"@id\":\"https:\\\/\\\/www.esplac.cat\\\/torna-training-course-esplac\\\/#primaryimage\"},\"thumbnailUrl\":\"https:\\\/\\\/www.esplac.cat\\\/wp-content\\\/uploads\\\/2023\\\/05\\\/Portades-web.jpg\",\"datePublished\":\"2023-05-11T08:00:24+00:00\",\"dateModified\":\"2024-01-15T12:05:11+00:00\",\"description\":\"El dilluns 15 de maig obren les inscripcions pel Training Course, una setmana d\u2019activitats formatives i d\u2019oci amb joves d'arreu del m\u00f3n.\",\"breadcrumb\":{\"@id\":\"https:\\\/\\\/www.esplac.cat\\\/torna-training-course-esplac\\\/#breadcrumb\"},\"inLanguage\":\"es\",\"potentialAction\":[{\"@type\":\"ReadAction\",\"target\":[\"https:\\\/\\\/www.esplac.cat\\\/torna-training-course-esplac\\\/\"]}]},{\"@type\":\"ImageObject\",\"inLanguage\":\"es\",\"@id\":\"https:\\\/\\\/www.esplac.cat\\\/torna-training-course-esplac\\\/#primaryimage\",\"url\":\"https:\\\/\\\/www.esplac.cat\\\/wp-content\\\/uploads\\\/2023\\\/05\\\/Portades-web.jpg\",\"contentUrl\":\"https:\\\/\\\/www.esplac.cat\\\/wp-content\\\/uploads\\\/2023\\\/05\\\/Portades-web.jpg\",\"width\":1694,\"height\":700,\"caption\":\"Traing course 2023\"},{\"@type\":\"BreadcrumbList\",\"@id\":\"https:\\\/\\\/www.esplac.cat\\\/torna-training-course-esplac\\\/#breadcrumb\",\"itemListElement\":[{\"@type\":\"ListItem\",\"position\":1,\"name\":\"Inici\",\"item\":\"https:\\\/\\\/www.esplac.cat\\\/es\\\/\"},{\"@type\":\"ListItem\",\"position\":2,\"name\":\"Torna el Training Course d\u2019Esplac: del 2 al 10 d\u2019agost a Can Clarens!\"}]},{\"@type\":\"WebSite\",\"@id\":\"https:\\\/\\\/www.esplac.cat\\\/#website\",\"url\":\"https:\\\/\\\/www.esplac.cat\\\/\",\"name\":\"Esplac\",\"description\":\"Esplais Catalans\",\"publisher\":{\"@id\":\"https:\\\/\\\/www.esplac.cat\\\/#organization\"},\"potentialAction\":[{\"@type\":\"SearchAction\",\"target\":{\"@type\":\"EntryPoint\",\"urlTemplate\":\"https:\\\/\\\/www.esplac.cat\\\/?s={search_term_string}\"},\"query-input\":{\"@type\":\"PropertyValueSpecification\",\"valueRequired\":true,\"valueName\":\"search_term_string\"}}],\"inLanguage\":\"es\"},{\"@type\":\"Organization\",\"@id\":\"https:\\\/\\\/www.esplac.cat\\\/#organization\",\"name\":\"Esplac\",\"url\":\"https:\\\/\\\/www.esplac.cat\\\/\",\"logo\":{\"@type\":\"ImageObject\",\"inLanguage\":\"es\",\"@id\":\"https:\\\/\\\/www.esplac.cat\\\/#\\\/schema\\\/logo\\\/image\\\/\",\"url\":\"https:\\\/\\\/www.esplac.cat\\\/wp-content\\\/uploads\\\/2019\\\/08\\\/logox2.png\",\"contentUrl\":\"https:\\\/\\\/www.esplac.cat\\\/wp-content\\\/uploads\\\/2019\\\/08\\\/logox2.png\",\"width\":600,\"height\":295,\"caption\":\"Esplac\"},\"image\":{\"@id\":\"https:\\\/\\\/www.esplac.cat\\\/#\\\/schema\\\/logo\\\/image\\\/\"}},{\"@type\":\"Person\",\"@id\":\"https:\\\/\\\/www.esplac.cat\\\/#\\\/schema\\\/person\\\/908383cf240be18b68f8855d0583faca\",\"name\":\"Comunicaci\u00f3 Esplac\",\"image\":{\"@type\":\"ImageObject\",\"inLanguage\":\"es\",\"@id\":\"https:\\\/\\\/secure.gravatar.com\\\/avatar\\\/7a4cf8feb412a76ea4a740ca02d95b06b2907b5a6c648c2dd0a1082a093c3141?s=96&d=mm&r=g\",\"url\":\"https:\\\/\\\/secure.gravatar.com\\\/avatar\\\/7a4cf8feb412a76ea4a740ca02d95b06b2907b5a6c648c2dd0a1082a093c3141?s=96&d=mm&r=g\",\"contentUrl\":\"https:\\\/\\\/secure.gravatar.com\\\/avatar\\\/7a4cf8feb412a76ea4a740ca02d95b06b2907b5a6c648c2dd0a1082a093c3141?s=96&d=mm&r=g\",\"caption\":\"Comunicaci\u00f3 Esplac\"}}]}<\/script>\n<!-- \/ Yoast SEO plugin. -->","yoast_head_json":{"title":"Torna el Training Course d\u2019Esplac!","description":"El dilluns 15 de maig obren les inscripcions pel Training Course, una setmana d\u2019activitats formatives i d\u2019oci amb joves d'arreu del m\u00f3n.","robots":{"index":"index","follow":"follow","max-snippet":"max-snippet:-1","max-image-preview":"max-image-preview:large","max-video-preview":"max-video-preview:-1"},"canonical":"https:\/\/www.esplac.cat\/torna-training-course-esplac\/","og_locale":"es_ES","og_type":"article","og_title":"Torna el Training Course d\u2019Esplac!","og_description":"El dilluns 15 de maig obren les inscripcions pel Training Course, una setmana d\u2019activitats formatives i d\u2019oci amb joves d'arreu del m\u00f3n.","og_url":"https:\/\/www.esplac.cat\/torna-training-course-esplac\/","og_site_name":"Esplac","article_published_time":"2023-05-11T08:00:24+00:00","article_modified_time":"2024-01-15T12:05:11+00:00","og_image":[{"width":1694,"height":700,"url":"https:\/\/www.esplac.cat\/wp-content\/uploads\/2023\/05\/Portades-web.jpg","type":"image\/jpeg"}],"author":"Comunicaci\u00f3 Esplac","twitter_card":"summary_large_image","twitter_misc":{"Escrito por":"Comunicaci\u00f3 Esplac","Tiempo de lectura":"2 minutos"},"schema":{"@context":"https:\/\/schema.org","@graph":[{"@type":"Article","@id":"https:\/\/www.esplac.cat\/torna-training-course-esplac\/#article","isPartOf":{"@id":"https:\/\/www.esplac.cat\/torna-training-course-esplac\/"},"author":{"name":"Comunicaci\u00f3 Esplac","@id":"https:\/\/www.esplac.cat\/#\/schema\/person\/908383cf240be18b68f8855d0583faca"},"headline":"Torna el Training Course d\u2019Esplac: del 2 al 10 d\u2019agost a Can Clarens!","datePublished":"2023-05-11T08:00:24+00:00","dateModified":"2024-01-15T12:05:11+00:00","mainEntityOfPage":{"@id":"https:\/\/www.esplac.cat\/torna-training-course-esplac\/"},"wordCount":648,"publisher":{"@id":"https:\/\/www.esplac.cat\/#organization"},"image":{"@id":"https:\/\/www.esplac.cat\/torna-training-course-esplac\/#primaryimage"},"thumbnailUrl":"https:\/\/www.esplac.cat\/wp-content\/uploads\/2023\/05\/Portades-web.jpg","articleSection":["Activitats esplac","Esplac al m\u00f3n","Sense categoria"],"inLanguage":"es"},{"@type":"WebPage","@id":"https:\/\/www.esplac.cat\/torna-training-course-esplac\/","url":"https:\/\/www.esplac.cat\/torna-training-course-esplac\/","name":"Torna el Training Course d\u2019Esplac!","isPartOf":{"@id":"https:\/\/www.esplac.cat\/#website"},"primaryImageOfPage":{"@id":"https:\/\/www.esplac.cat\/torna-training-course-esplac\/#primaryimage"},"image":{"@id":"https:\/\/www.esplac.cat\/torna-training-course-esplac\/#primaryimage"},"thumbnailUrl":"https:\/\/www.esplac.cat\/wp-content\/uploads\/2023\/05\/Portades-web.jpg","datePublished":"2023-05-11T08:00:24+00:00","dateModified":"2024-01-15T12:05:11+00:00","description":"El dilluns 15 de maig obren les inscripcions pel Training Course, una setmana d\u2019activitats formatives i d\u2019oci amb joves d'arreu del m\u00f3n.","breadcrumb":{"@id":"https:\/\/www.esplac.cat\/torna-training-course-esplac\/#breadcrumb"},"inLanguage":"es","potentialAction":[{"@type":"ReadAction","target":["https:\/\/www.esplac.cat\/torna-training-course-esplac\/"]}]},{"@type":"ImageObject","inLanguage":"es","@id":"https:\/\/www.esplac.cat\/torna-training-course-esplac\/#primaryimage","url":"https:\/\/www.esplac.cat\/wp-content\/uploads\/2023\/05\/Portades-web.jpg","contentUrl":"https:\/\/www.esplac.cat\/wp-content\/uploads\/2023\/05\/Portades-web.jpg","width":1694,"height":700,"caption":"Traing course 2023"},{"@type":"BreadcrumbList","@id":"https:\/\/www.esplac.cat\/torna-training-course-esplac\/#breadcrumb","itemListElement":[{"@type":"ListItem","position":1,"name":"Inici","item":"https:\/\/www.esplac.cat\/es\/"},{"@type":"ListItem","position":2,"name":"Torna el Training Course d\u2019Esplac: del 2 al 10 d\u2019agost a Can Clarens!"}]},{"@type":"WebSite","@id":"https:\/\/www.esplac.cat\/#website","url":"https:\/\/www.esplac.cat\/","name":"Esplac","description":"Esplais Catalans","publisher":{"@id":"https:\/\/www.esplac.cat\/#organization"},"potentialAction":[{"@type":"SearchAction","target":{"@type":"EntryPoint","urlTemplate":"https:\/\/www.esplac.cat\/?s={search_term_string}"},"query-input":{"@type":"PropertyValueSpecification","valueRequired":true,"valueName":"search_term_string"}}],"inLanguage":"es"},{"@type":"Organization","@id":"https:\/\/www.esplac.cat\/#organization","name":"Esplac","url":"https:\/\/www.esplac.cat\/","logo":{"@type":"ImageObject","inLanguage":"es","@id":"https:\/\/www.esplac.cat\/#\/schema\/logo\/image\/","url":"https:\/\/www.esplac.cat\/wp-content\/uploads\/2019\/08\/logox2.png","contentUrl":"https:\/\/www.esplac.cat\/wp-content\/uploads\/2019\/08\/logox2.png","width":600,"height":295,"caption":"Esplac"},"image":{"@id":"https:\/\/www.esplac.cat\/#\/schema\/logo\/image\/"}},{"@type":"Person","@id":"https:\/\/www.esplac.cat\/#\/schema\/person\/908383cf240be18b68f8855d0583faca","name":"Comunicaci\u00f3 Esplac","image":{"@type":"ImageObject","inLanguage":"es","@id":"https:\/\/secure.gravatar.com\/avatar\/7a4cf8feb412a76ea4a740ca02d95b06b2907b5a6c648c2dd0a1082a093c3141?s=96&d=mm&r=g","url":"https:\/\/secure.gravatar.com\/avatar\/7a4cf8feb412a76ea4a740ca02d95b06b2907b5a6c648c2dd0a1082a093c3141?s=96&d=mm&r=g","contentUrl":"https:\/\/secure.gravatar.com\/avatar\/7a4cf8feb412a76ea4a740ca02d95b06b2907b5a6c648c2dd0a1082a093c3141?s=96&d=mm&r=g","caption":"Comunicaci\u00f3 Esplac"}}]}},"_links":{"self":[{"href":"https:\/\/www.esplac.cat\/es\/wp-json\/wp\/v2\/posts\/45127","targetHints":{"allow":["GET"]}}],"collection":[{"href":"https:\/\/www.esplac.cat\/es\/wp-json\/wp\/v2\/posts"}],"about":[{"href":"https:\/\/www.esplac.cat\/es\/wp-json\/wp\/v2\/types\/post"}],"author":[{"embeddable":true,"href":"https:\/\/www.esplac.cat\/es\/wp-json\/wp\/v2\/users\/3"}],"replies":[{"embeddable":true,"href":"https:\/\/www.esplac.cat\/es\/wp-json\/wp\/v2\/comments?post=45127"}],"version-history":[{"count":1,"href":"https:\/\/www.esplac.cat\/es\/wp-json\/wp\/v2\/posts\/45127\/revisions"}],"predecessor-version":[{"id":48616,"href":"https:\/\/www.esplac.cat\/es\/wp-json\/wp\/v2\/posts\/45127\/revisions\/48616"}],"wp:featuredmedia":[{"embeddable":true,"href":"https:\/\/www.esplac.cat\/es\/wp-json\/wp\/v2\/media\/45198"}],"wp:attachment":[{"href":"https:\/\/www.esplac.cat\/es\/wp-json\/wp\/v2\/media?parent=45127"}],"wp:term":[{"taxonomy":"category","embeddable":true,"href":"https:\/\/www.esplac.cat\/es\/wp-json\/wp\/v2\/categories?post=45127"},{"taxonomy":"post_tag","embeddable":true,"href":"https:\/\/www.esplac.cat\/es\/wp-json\/wp\/v2\/tags?post=45127"}],"curies":[{"name":"wp","href":"https:\/\/api.w.org\/{rel}","templated":true}]}}