{"id":4513,"date":"2018-03-07T11:19:16","date_gmt":"2018-03-07T09:19:16","guid":{"rendered":"https:\/\/www.somesplai.cat\/?p=4513"},"modified":"2019-11-28T14:24:17","modified_gmt":"2019-11-28T13:24:17","slug":"salzburg-multicultural","status":"publish","type":"post","link":"https:\/\/www.esplac.cat\/es\/salzburg-multicultural\/","title":{"rendered":"Salzburg multicultural"},"content":{"rendered":"<h5 style=\"text-align: justify;\">7-mar\u00e7-2018<\/h5>\n<p style=\"text-align: justify;\">Autora: <strong>Al\u00edcia Aranda<\/strong>, monitora de l\u2019<a href=\"https:\/\/esplaieixam.wordpress.com\/\" target=\"_blank\" rel=\"noopener noreferrer\">Esplai Eixam<\/a> de Rub\u00ed i participant en un SVE a Salzburg.<\/p>\n<hr>\n<p style=\"text-align: justify;\">Nom\u00e9s arribar, em va sorprendre la <strong>multiculturalitat<\/strong> que hi havia a la ciutat. No nom\u00e9s pels turistes, que v\u00e9nen d\u2019arreu del m\u00f3n, sin\u00f3 tamb\u00e9 pel jovent (la majoria estudiants de m\u00fasica) i els propis habitants austr\u00edacs, d\u2019or\u00edgens molt diversos.<\/p>\n<p style=\"text-align: justify;\">Al barri on treballo, la gran majoria dels infants s\u00f3n immigrants o fills de fam\u00edlies immigrants. Hi ha moltes persones turques, iugoslaves, poloneses, romaneses&#8230; Un dia, vaig anar a fer un taller a una escola del barri, i va resultar que a la meva classe nom\u00e9s hi havia una nena austr\u00edaca. Aleshores em vaig comen\u00e7ar a preguntar <strong>com es tractava aquesta multiculturalitat<\/strong> a \u00c0ustria.<\/p>\n<p style=\"text-align: justify;\">Resulta que a Salzburg hi ha escoles amb un percentatge del 100% d\u2019infants austr\u00edacs i d\u2019altres amb un 100% d\u2019infants immigrants. Amb el govern anterior, es donava suport a la integraci\u00f3 dels infants, que assitien a l\u2019escola regularment i que rebien classes addicionals d\u2019alemany. Tot i aix\u00f2, moltes fam\u00edlies locals intenten portar els seus fills a escoles \u201cbones\u201d, amb un baix percentatge d\u2019immigraci\u00f3, cosa que fa que de les altres, les anomenades <em>brennpunktschulen<\/em> (alguna cosa aix\u00ed com \u2018<strong>escoles conflictives<\/strong>\u2019), acabin amb un 100% d\u2019infants immigrants, els quals no tenen flu\u00efdesa amb cap llengua, ja que fa massa temps que viuen a \u00c0ustria per parlar el seu idioma nadiu correctament, per\u00f2 a casa no parlen b\u00e9 l\u2019alemany.<\/p>\n<blockquote>\n<p style=\"text-align: justify;\">A Salzburg hi ha escoles amb un percentatge del 100% d\u2019infants austr\u00edacs i d\u2019altres amb un 100% d\u2019infants immigrants. Hi ha multiculturalitat, per\u00f2 no integraci\u00f3.<\/p>\n<\/blockquote>\n<p style=\"text-align: justify;\">\u2028Als casals de joves, als parcs on organitzem activitats o als centres infantils de tardes hi participen en un <strong>95% infants i joves immigrants<\/strong>. Existeix el pensament entre els locals que aquestes coses s\u00f3n per a infants els seus pares dels quals no poden estar per ells i, per tant, no s\u2019hi volen involucrar. Em fa molta pena veure la poca integraci\u00f3 que hi ha en una ciutat tan multicultural, i m\u00e9s ara que amb el nou govern es volen aplicar mesures perqu\u00e8 els infants immigrants que encara no parlen b\u00e9 la llengua hagin d\u2019anar a una classe completament separada.<\/p>\n<p style=\"text-align: justify;\">Per aquest motiu, com a projecte personal <strong>he decidit organitzar alguna cosa per a afavorir la integraci\u00f3<\/strong> i que els infants aprenguin sobre el valor de la interculturalitat, que treballem, entre d\u2019altres, a Esplac.<\/p>\n<p style=\"text-align: justify;\"><a href=\"https:\/\/www.somesplai.cat\/wp-content\/uploads\/2018\/03\/imatgephoto2.jpg\"><img decoding=\"async\" class=\"aligncenter size-full wp-image-4515\" src=\"https:\/\/www.somesplai.cat\/wp-content\/uploads\/2018\/03\/imatgephoto2.jpg\" alt=\"imatgephoto2\" width=\"675\" height=\"251\"><\/a><\/p>\n","protected":false},"excerpt":{"rendered":"<p>7-mar\u00e7-2018 Autora: Al\u00edcia Aranda, monitora de l\u2019Esplai Eixam de Rub\u00ed [&hellip;]<\/p>\n","protected":false},"author":3,"featured_media":4514,"comment_status":"closed","ping_status":"closed","sticky":false,"template":"","format":"standard","meta":{"om_disable_all_campaigns":false,"_monsterinsights_skip_tracking":false,"_monsterinsights_sitenote_active":false,"_monsterinsights_sitenote_note":"","_monsterinsights_sitenote_category":0,"_uf_show_specific_survey":0,"_uf_disable_surveys":false,"footnotes":""},"categories":[1168],"tags":[],"class_list":["post-4513","post","type-post","status-publish","format-standard","has-post-thumbnail","hentry","category-creuant_mirades"],"yoast_head":"<!-- This site is optimized with the Yoast SEO plugin v27.5 - https:\/\/yoast.com\/product\/yoast-seo-wordpress\/ -->\n<title>Salzburg multicultural - Esplac<\/title>\n<meta name=\"robots\" content=\"index, follow, max-snippet:-1, max-image-preview:large, max-video-preview:-1\" \/>\n<link rel=\"canonical\" href=\"https:\/\/www.esplac.cat\/salzburg-multicultural\/\" \/>\n<meta property=\"og:locale\" content=\"es_ES\" \/>\n<meta property=\"og:type\" content=\"article\" \/>\n<meta property=\"og:title\" content=\"Salzburg multicultural - Esplac\" \/>\n<meta property=\"og:description\" content=\"7-mar\u00e7-2018 Autora: Al\u00edcia Aranda, monitora de l\u2019Esplai Eixam de Rub\u00ed [&hellip;]\" \/>\n<meta property=\"og:url\" content=\"https:\/\/www.esplac.cat\/salzburg-multicultural\/\" \/>\n<meta property=\"og:site_name\" content=\"Esplac\" \/>\n<meta property=\"article:published_time\" content=\"2018-03-07T09:19:16+00:00\" \/>\n<meta property=\"article:modified_time\" content=\"2019-11-28T13:24:17+00:00\" \/>\n<meta property=\"og:image\" content=\"https:\/\/www.esplac.cat\/wp-content\/uploads\/2019\/11\/logo-open.jpg\" \/>\n\t<meta property=\"og:image:width\" content=\"1200\" \/>\n\t<meta property=\"og:image:height\" content=\"630\" \/>\n\t<meta property=\"og:image:type\" content=\"image\/jpeg\" \/>\n<meta name=\"author\" content=\"Comunicaci\u00f3 Esplac\" \/>\n<meta name=\"twitter:card\" content=\"summary_large_image\" \/>\n<meta name=\"twitter:label1\" content=\"Escrito por\" \/>\n\t<meta name=\"twitter:data1\" content=\"Comunicaci\u00f3 Esplac\" \/>\n\t<meta name=\"twitter:label2\" content=\"Tiempo de lectura\" \/>\n\t<meta name=\"twitter:data2\" content=\"2 minutos\" \/>\n<script type=\"application\/ld+json\" class=\"yoast-schema-graph\">{\"@context\":\"https:\\\/\\\/schema.org\",\"@graph\":[{\"@type\":\"Article\",\"@id\":\"https:\\\/\\\/www.esplac.cat\\\/salzburg-multicultural\\\/#article\",\"isPartOf\":{\"@id\":\"https:\\\/\\\/www.esplac.cat\\\/salzburg-multicultural\\\/\"},\"author\":{\"name\":\"Comunicaci\u00f3 Esplac\",\"@id\":\"https:\\\/\\\/www.esplac.cat\\\/#\\\/schema\\\/person\\\/908383cf240be18b68f8855d0583faca\"},\"headline\":\"Salzburg multicultural\",\"datePublished\":\"2018-03-07T09:19:16+00:00\",\"dateModified\":\"2019-11-28T13:24:17+00:00\",\"mainEntityOfPage\":{\"@id\":\"https:\\\/\\\/www.esplac.cat\\\/salzburg-multicultural\\\/\"},\"wordCount\":428,\"publisher\":{\"@id\":\"https:\\\/\\\/www.esplac.cat\\\/#organization\"},\"image\":{\"@id\":\"https:\\\/\\\/www.esplac.cat\\\/salzburg-multicultural\\\/#primaryimage\"},\"thumbnailUrl\":\"\",\"articleSection\":[\"Creuant mirades\"],\"inLanguage\":\"es\"},{\"@type\":\"WebPage\",\"@id\":\"https:\\\/\\\/www.esplac.cat\\\/salzburg-multicultural\\\/\",\"url\":\"https:\\\/\\\/www.esplac.cat\\\/salzburg-multicultural\\\/\",\"name\":\"Salzburg multicultural - Esplac\",\"isPartOf\":{\"@id\":\"https:\\\/\\\/www.esplac.cat\\\/#website\"},\"primaryImageOfPage\":{\"@id\":\"https:\\\/\\\/www.esplac.cat\\\/salzburg-multicultural\\\/#primaryimage\"},\"image\":{\"@id\":\"https:\\\/\\\/www.esplac.cat\\\/salzburg-multicultural\\\/#primaryimage\"},\"thumbnailUrl\":\"\",\"datePublished\":\"2018-03-07T09:19:16+00:00\",\"dateModified\":\"2019-11-28T13:24:17+00:00\",\"breadcrumb\":{\"@id\":\"https:\\\/\\\/www.esplac.cat\\\/salzburg-multicultural\\\/#breadcrumb\"},\"inLanguage\":\"es\",\"potentialAction\":[{\"@type\":\"ReadAction\",\"target\":[\"https:\\\/\\\/www.esplac.cat\\\/salzburg-multicultural\\\/\"]}]},{\"@type\":\"ImageObject\",\"inLanguage\":\"es\",\"@id\":\"https:\\\/\\\/www.esplac.cat\\\/salzburg-multicultural\\\/#primaryimage\",\"url\":\"\",\"contentUrl\":\"\"},{\"@type\":\"BreadcrumbList\",\"@id\":\"https:\\\/\\\/www.esplac.cat\\\/salzburg-multicultural\\\/#breadcrumb\",\"itemListElement\":[{\"@type\":\"ListItem\",\"position\":1,\"name\":\"Inici\",\"item\":\"https:\\\/\\\/www.esplac.cat\\\/es\\\/\"},{\"@type\":\"ListItem\",\"position\":2,\"name\":\"Salzburg multicultural\"}]},{\"@type\":\"WebSite\",\"@id\":\"https:\\\/\\\/www.esplac.cat\\\/#website\",\"url\":\"https:\\\/\\\/www.esplac.cat\\\/\",\"name\":\"Esplac\",\"description\":\"Esplais Catalans\",\"publisher\":{\"@id\":\"https:\\\/\\\/www.esplac.cat\\\/#organization\"},\"potentialAction\":[{\"@type\":\"SearchAction\",\"target\":{\"@type\":\"EntryPoint\",\"urlTemplate\":\"https:\\\/\\\/www.esplac.cat\\\/?s={search_term_string}\"},\"query-input\":{\"@type\":\"PropertyValueSpecification\",\"valueRequired\":true,\"valueName\":\"search_term_string\"}}],\"inLanguage\":\"es\"},{\"@type\":\"Organization\",\"@id\":\"https:\\\/\\\/www.esplac.cat\\\/#organization\",\"name\":\"Esplac\",\"url\":\"https:\\\/\\\/www.esplac.cat\\\/\",\"logo\":{\"@type\":\"ImageObject\",\"inLanguage\":\"es\",\"@id\":\"https:\\\/\\\/www.esplac.cat\\\/#\\\/schema\\\/logo\\\/image\\\/\",\"url\":\"https:\\\/\\\/www.esplac.cat\\\/wp-content\\\/uploads\\\/2019\\\/08\\\/logox2.png\",\"contentUrl\":\"https:\\\/\\\/www.esplac.cat\\\/wp-content\\\/uploads\\\/2019\\\/08\\\/logox2.png\",\"width\":600,\"height\":295,\"caption\":\"Esplac\"},\"image\":{\"@id\":\"https:\\\/\\\/www.esplac.cat\\\/#\\\/schema\\\/logo\\\/image\\\/\"}},{\"@type\":\"Person\",\"@id\":\"https:\\\/\\\/www.esplac.cat\\\/#\\\/schema\\\/person\\\/908383cf240be18b68f8855d0583faca\",\"name\":\"Comunicaci\u00f3 Esplac\",\"image\":{\"@type\":\"ImageObject\",\"inLanguage\":\"es\",\"@id\":\"https:\\\/\\\/secure.gravatar.com\\\/avatar\\\/7a4cf8feb412a76ea4a740ca02d95b06b2907b5a6c648c2dd0a1082a093c3141?s=96&d=mm&r=g\",\"url\":\"https:\\\/\\\/secure.gravatar.com\\\/avatar\\\/7a4cf8feb412a76ea4a740ca02d95b06b2907b5a6c648c2dd0a1082a093c3141?s=96&d=mm&r=g\",\"contentUrl\":\"https:\\\/\\\/secure.gravatar.com\\\/avatar\\\/7a4cf8feb412a76ea4a740ca02d95b06b2907b5a6c648c2dd0a1082a093c3141?s=96&d=mm&r=g\",\"caption\":\"Comunicaci\u00f3 Esplac\"}}]}<\/script>\n<!-- \/ Yoast SEO plugin. -->","yoast_head_json":{"title":"Salzburg multicultural - Esplac","robots":{"index":"index","follow":"follow","max-snippet":"max-snippet:-1","max-image-preview":"max-image-preview:large","max-video-preview":"max-video-preview:-1"},"canonical":"https:\/\/www.esplac.cat\/salzburg-multicultural\/","og_locale":"es_ES","og_type":"article","og_title":"Salzburg multicultural - Esplac","og_description":"7-mar\u00e7-2018 Autora: Al\u00edcia Aranda, monitora de l\u2019Esplai Eixam de Rub\u00ed [&hellip;]","og_url":"https:\/\/www.esplac.cat\/salzburg-multicultural\/","og_site_name":"Esplac","article_published_time":"2018-03-07T09:19:16+00:00","article_modified_time":"2019-11-28T13:24:17+00:00","og_image":[{"width":1200,"height":630,"url":"https:\/\/www.esplac.cat\/wp-content\/uploads\/2019\/11\/logo-open.jpg","type":"image\/jpeg"}],"author":"Comunicaci\u00f3 Esplac","twitter_card":"summary_large_image","twitter_misc":{"Escrito por":"Comunicaci\u00f3 Esplac","Tiempo de lectura":"2 minutos"},"schema":{"@context":"https:\/\/schema.org","@graph":[{"@type":"Article","@id":"https:\/\/www.esplac.cat\/salzburg-multicultural\/#article","isPartOf":{"@id":"https:\/\/www.esplac.cat\/salzburg-multicultural\/"},"author":{"name":"Comunicaci\u00f3 Esplac","@id":"https:\/\/www.esplac.cat\/#\/schema\/person\/908383cf240be18b68f8855d0583faca"},"headline":"Salzburg multicultural","datePublished":"2018-03-07T09:19:16+00:00","dateModified":"2019-11-28T13:24:17+00:00","mainEntityOfPage":{"@id":"https:\/\/www.esplac.cat\/salzburg-multicultural\/"},"wordCount":428,"publisher":{"@id":"https:\/\/www.esplac.cat\/#organization"},"image":{"@id":"https:\/\/www.esplac.cat\/salzburg-multicultural\/#primaryimage"},"thumbnailUrl":"","articleSection":["Creuant mirades"],"inLanguage":"es"},{"@type":"WebPage","@id":"https:\/\/www.esplac.cat\/salzburg-multicultural\/","url":"https:\/\/www.esplac.cat\/salzburg-multicultural\/","name":"Salzburg multicultural - Esplac","isPartOf":{"@id":"https:\/\/www.esplac.cat\/#website"},"primaryImageOfPage":{"@id":"https:\/\/www.esplac.cat\/salzburg-multicultural\/#primaryimage"},"image":{"@id":"https:\/\/www.esplac.cat\/salzburg-multicultural\/#primaryimage"},"thumbnailUrl":"","datePublished":"2018-03-07T09:19:16+00:00","dateModified":"2019-11-28T13:24:17+00:00","breadcrumb":{"@id":"https:\/\/www.esplac.cat\/salzburg-multicultural\/#breadcrumb"},"inLanguage":"es","potentialAction":[{"@type":"ReadAction","target":["https:\/\/www.esplac.cat\/salzburg-multicultural\/"]}]},{"@type":"ImageObject","inLanguage":"es","@id":"https:\/\/www.esplac.cat\/salzburg-multicultural\/#primaryimage","url":"","contentUrl":""},{"@type":"BreadcrumbList","@id":"https:\/\/www.esplac.cat\/salzburg-multicultural\/#breadcrumb","itemListElement":[{"@type":"ListItem","position":1,"name":"Inici","item":"https:\/\/www.esplac.cat\/es\/"},{"@type":"ListItem","position":2,"name":"Salzburg multicultural"}]},{"@type":"WebSite","@id":"https:\/\/www.esplac.cat\/#website","url":"https:\/\/www.esplac.cat\/","name":"Esplac","description":"Esplais Catalans","publisher":{"@id":"https:\/\/www.esplac.cat\/#organization"},"potentialAction":[{"@type":"SearchAction","target":{"@type":"EntryPoint","urlTemplate":"https:\/\/www.esplac.cat\/?s={search_term_string}"},"query-input":{"@type":"PropertyValueSpecification","valueRequired":true,"valueName":"search_term_string"}}],"inLanguage":"es"},{"@type":"Organization","@id":"https:\/\/www.esplac.cat\/#organization","name":"Esplac","url":"https:\/\/www.esplac.cat\/","logo":{"@type":"ImageObject","inLanguage":"es","@id":"https:\/\/www.esplac.cat\/#\/schema\/logo\/image\/","url":"https:\/\/www.esplac.cat\/wp-content\/uploads\/2019\/08\/logox2.png","contentUrl":"https:\/\/www.esplac.cat\/wp-content\/uploads\/2019\/08\/logox2.png","width":600,"height":295,"caption":"Esplac"},"image":{"@id":"https:\/\/www.esplac.cat\/#\/schema\/logo\/image\/"}},{"@type":"Person","@id":"https:\/\/www.esplac.cat\/#\/schema\/person\/908383cf240be18b68f8855d0583faca","name":"Comunicaci\u00f3 Esplac","image":{"@type":"ImageObject","inLanguage":"es","@id":"https:\/\/secure.gravatar.com\/avatar\/7a4cf8feb412a76ea4a740ca02d95b06b2907b5a6c648c2dd0a1082a093c3141?s=96&d=mm&r=g","url":"https:\/\/secure.gravatar.com\/avatar\/7a4cf8feb412a76ea4a740ca02d95b06b2907b5a6c648c2dd0a1082a093c3141?s=96&d=mm&r=g","contentUrl":"https:\/\/secure.gravatar.com\/avatar\/7a4cf8feb412a76ea4a740ca02d95b06b2907b5a6c648c2dd0a1082a093c3141?s=96&d=mm&r=g","caption":"Comunicaci\u00f3 Esplac"}}]}},"_links":{"self":[{"href":"https:\/\/www.esplac.cat\/es\/wp-json\/wp\/v2\/posts\/4513","targetHints":{"allow":["GET"]}}],"collection":[{"href":"https:\/\/www.esplac.cat\/es\/wp-json\/wp\/v2\/posts"}],"about":[{"href":"https:\/\/www.esplac.cat\/es\/wp-json\/wp\/v2\/types\/post"}],"author":[{"embeddable":true,"href":"https:\/\/www.esplac.cat\/es\/wp-json\/wp\/v2\/users\/3"}],"replies":[{"embeddable":true,"href":"https:\/\/www.esplac.cat\/es\/wp-json\/wp\/v2\/comments?post=4513"}],"version-history":[{"count":0,"href":"https:\/\/www.esplac.cat\/es\/wp-json\/wp\/v2\/posts\/4513\/revisions"}],"wp:featuredmedia":[{"embeddable":true,"href":"https:\/\/www.esplac.cat\/es\/wp-json\/"}],"wp:attachment":[{"href":"https:\/\/www.esplac.cat\/es\/wp-json\/wp\/v2\/media?parent=4513"}],"wp:term":[{"taxonomy":"category","embeddable":true,"href":"https:\/\/www.esplac.cat\/es\/wp-json\/wp\/v2\/categories?post=4513"},{"taxonomy":"post_tag","embeddable":true,"href":"https:\/\/www.esplac.cat\/es\/wp-json\/wp\/v2\/tags?post=4513"}],"curies":[{"name":"wp","href":"https:\/\/api.w.org\/{rel}","templated":true}]}}