{"id":45249,"date":"2023-05-10T09:52:48","date_gmt":"2023-05-10T07:52:48","guid":{"rendered":"https:\/\/www.esplac.cat\/?p=45249"},"modified":"2023-06-22T11:03:41","modified_gmt":"2023-06-22T09:03:41","slug":"segona-trobada-socies-espai-construccio-entitat","status":"publish","type":"post","link":"https:\/\/www.esplac.cat\/es\/segona-trobada-socies-espai-construccio-entitat\/","title":{"rendered":"La Segona Trobada de S\u00f2cies, un espai de construcci\u00f3 de l\u2019entitat"},"content":{"rendered":"<h6><strong>Diumenge 7 de maig, les s\u00f2cies d&#8217;Esplais Catalans van participar de la segona trobada de s\u00f2cies de l&#8217;entitat.<\/strong><\/h6>\n<p><span style=\"font-weight: 300;\">L\u2019edifici de Drassanes, on es troba l\u2019<strong><span style=\"color: #f69d0b;\"><a style=\"color: #f69d0b;\" href=\"https:\/\/escolaelsol.coop\/\" target=\"_blank\" rel=\"noopener\">Escola Lliure el Sol<\/a><\/span>,<\/strong> va acollir diumenge la <\/span><a href=\"https:\/\/www.esplac.cat\/obrim-inscripcions-segona-trobada-socies\/\" target=\"_blank\" rel=\"noopener\"><b><span style=\"color: #f69d0b;\">segona trobada de s\u00f2cies d\u2019Esplac<\/span><\/b><\/a><span style=\"font-weight: 300;\">. Al llarg del mat\u00ed hi van passar unes 15 s\u00f2cies que van poder participar en diverses din\u00e0miques per repensar Esplac.<\/span><\/p>\n<p><span style=\"font-weight: 300;\">A la trobada, vam poder dissenyar juntes com ens imaginem l\u2019acc\u00e9s de les s\u00f2cies a l\u2019Era, con\u00e8ixer quines s\u00f3n les accions que estan duent a terme els projectes i tamb\u00e9 comen\u00e7ar a caminar cap al futur Pla Estrat\u00e8gic 2024-27. A m\u00e9s, vam debatre juntes sobre quins creiem que s\u00f3n els principals reptes dels esplais i de l\u2019entitat.\u00a0<\/span><\/p>\n<p><span style=\"font-weight: 300;\">Despr\u00e9s d\u2019un dinar de germanor, vam tenir un espai de cohesi\u00f3 en el qual, a trav\u00e9s d\u2019un <\/span><b>Party &amp; Co sobre Esplac<\/b><span style=\"font-weight: 300;\"> vam poder saber qui era la s\u00f2cia que m\u00e9s coneixement d\u2019Esplac tenia.<\/span><\/p>\n<p><span style=\"font-weight: 300;\">Amb aquesta segona trobada, consolidem la Trobada de s\u00f2cies d\u2019Esplac com una activitat m\u00e9s del nostre calendari. I ja us podeu guardar la data de l\u2019any vinent, ser\u00e0 el <\/span><b>2 de juny de 2024!<\/b><\/p>\n","protected":false},"excerpt":{"rendered":"<p>Diumenge 7 de maig, les s\u00f2cies d&#8217;Esplais Catalans van participar [&hellip;]<\/p>\n","protected":false},"author":3,"featured_media":45253,"comment_status":"closed","ping_status":"closed","sticky":false,"template":"","format":"standard","meta":{"om_disable_all_campaigns":false,"_monsterinsights_skip_tracking":false,"_monsterinsights_sitenote_active":false,"_monsterinsights_sitenote_note":"","_monsterinsights_sitenote_category":0,"_uf_show_specific_survey":0,"_uf_disable_surveys":false,"footnotes":""},"categories":[1111,1,1396],"tags":[],"class_list":["post-45249","post","type-post","status-publish","format-standard","has-post-thumbnail","hentry","category-activitats-esplac","category-sense-categoria","category-socies"],"yoast_head":"<!-- This site is optimized with the Yoast SEO plugin v27.5 - https:\/\/yoast.com\/product\/yoast-seo-wordpress\/ -->\n<title>La Segona Trobada de s\u00f2cies, un espai de construcci\u00f3 de l\u2019entitat<\/title>\n<meta name=\"description\" content=\"Diumenge 7 d&#039;abril, les s\u00f2cies d&#039;Esplais Catalans van participar de la segona trobada de s\u00f2cies de l&#039;entitat.\" \/>\n<meta name=\"robots\" content=\"index, follow, max-snippet:-1, max-image-preview:large, max-video-preview:-1\" \/>\n<link rel=\"canonical\" href=\"https:\/\/www.esplac.cat\/segona-trobada-socies-espai-construccio-entitat\/\" \/>\n<meta property=\"og:locale\" content=\"es_ES\" \/>\n<meta property=\"og:type\" content=\"article\" \/>\n<meta property=\"og:title\" content=\"La Segona Trobada de s\u00f2cies, un espai de construcci\u00f3 de l\u2019entitat\" \/>\n<meta property=\"og:description\" content=\"Diumenge 7 d&#039;abril, les s\u00f2cies d&#039;Esplais Catalans van participar de la segona trobada de s\u00f2cies de l&#039;entitat.\" \/>\n<meta property=\"og:url\" content=\"https:\/\/www.esplac.cat\/segona-trobada-socies-espai-construccio-entitat\/\" \/>\n<meta property=\"og:site_name\" content=\"Esplac\" \/>\n<meta property=\"article:published_time\" content=\"2023-05-10T07:52:48+00:00\" \/>\n<meta property=\"article:modified_time\" content=\"2023-06-22T09:03:41+00:00\" \/>\n<meta property=\"og:image\" content=\"https:\/\/www.esplac.cat\/wp-content\/uploads\/2023\/05\/Portades-web-2.jpg\" \/>\n\t<meta property=\"og:image:width\" content=\"1694\" \/>\n\t<meta property=\"og:image:height\" content=\"700\" \/>\n\t<meta property=\"og:image:type\" content=\"image\/jpeg\" \/>\n<meta name=\"author\" content=\"Comunicaci\u00f3 Esplac\" \/>\n<meta name=\"twitter:card\" content=\"summary_large_image\" \/>\n<meta name=\"twitter:label1\" content=\"Escrito por\" \/>\n\t<meta name=\"twitter:data1\" content=\"Comunicaci\u00f3 Esplac\" \/>\n\t<meta name=\"twitter:label2\" content=\"Tiempo de lectura\" \/>\n\t<meta name=\"twitter:data2\" content=\"1 minuto\" \/>\n<script type=\"application\/ld+json\" class=\"yoast-schema-graph\">{\"@context\":\"https:\\\/\\\/schema.org\",\"@graph\":[{\"@type\":\"Article\",\"@id\":\"https:\\\/\\\/www.esplac.cat\\\/segona-trobada-socies-espai-construccio-entitat\\\/#article\",\"isPartOf\":{\"@id\":\"https:\\\/\\\/www.esplac.cat\\\/segona-trobada-socies-espai-construccio-entitat\\\/\"},\"author\":{\"name\":\"Comunicaci\u00f3 Esplac\",\"@id\":\"https:\\\/\\\/www.esplac.cat\\\/#\\\/schema\\\/person\\\/908383cf240be18b68f8855d0583faca\"},\"headline\":\"La Segona Trobada de S\u00f2cies, un espai de construcci\u00f3 de l\u2019entitat\",\"datePublished\":\"2023-05-10T07:52:48+00:00\",\"dateModified\":\"2023-06-22T09:03:41+00:00\",\"mainEntityOfPage\":{\"@id\":\"https:\\\/\\\/www.esplac.cat\\\/segona-trobada-socies-espai-construccio-entitat\\\/\"},\"wordCount\":223,\"publisher\":{\"@id\":\"https:\\\/\\\/www.esplac.cat\\\/#organization\"},\"image\":{\"@id\":\"https:\\\/\\\/www.esplac.cat\\\/segona-trobada-socies-espai-construccio-entitat\\\/#primaryimage\"},\"thumbnailUrl\":\"https:\\\/\\\/www.esplac.cat\\\/wp-content\\\/uploads\\\/2023\\\/05\\\/Portades-web-2.jpg\",\"articleSection\":[\"Activitats esplac\",\"Sense categoria\",\"S\u00f2cies\"],\"inLanguage\":\"es\"},{\"@type\":\"WebPage\",\"@id\":\"https:\\\/\\\/www.esplac.cat\\\/segona-trobada-socies-espai-construccio-entitat\\\/\",\"url\":\"https:\\\/\\\/www.esplac.cat\\\/segona-trobada-socies-espai-construccio-entitat\\\/\",\"name\":\"La Segona Trobada de s\u00f2cies, un espai de construcci\u00f3 de l\u2019entitat\",\"isPartOf\":{\"@id\":\"https:\\\/\\\/www.esplac.cat\\\/#website\"},\"primaryImageOfPage\":{\"@id\":\"https:\\\/\\\/www.esplac.cat\\\/segona-trobada-socies-espai-construccio-entitat\\\/#primaryimage\"},\"image\":{\"@id\":\"https:\\\/\\\/www.esplac.cat\\\/segona-trobada-socies-espai-construccio-entitat\\\/#primaryimage\"},\"thumbnailUrl\":\"https:\\\/\\\/www.esplac.cat\\\/wp-content\\\/uploads\\\/2023\\\/05\\\/Portades-web-2.jpg\",\"datePublished\":\"2023-05-10T07:52:48+00:00\",\"dateModified\":\"2023-06-22T09:03:41+00:00\",\"description\":\"Diumenge 7 d'abril, les s\u00f2cies d'Esplais Catalans van participar de la segona trobada de s\u00f2cies de l'entitat.\",\"breadcrumb\":{\"@id\":\"https:\\\/\\\/www.esplac.cat\\\/segona-trobada-socies-espai-construccio-entitat\\\/#breadcrumb\"},\"inLanguage\":\"es\",\"potentialAction\":[{\"@type\":\"ReadAction\",\"target\":[\"https:\\\/\\\/www.esplac.cat\\\/segona-trobada-socies-espai-construccio-entitat\\\/\"]}]},{\"@type\":\"ImageObject\",\"inLanguage\":\"es\",\"@id\":\"https:\\\/\\\/www.esplac.cat\\\/segona-trobada-socies-espai-construccio-entitat\\\/#primaryimage\",\"url\":\"https:\\\/\\\/www.esplac.cat\\\/wp-content\\\/uploads\\\/2023\\\/05\\\/Portades-web-2.jpg\",\"contentUrl\":\"https:\\\/\\\/www.esplac.cat\\\/wp-content\\\/uploads\\\/2023\\\/05\\\/Portades-web-2.jpg\",\"width\":1694,\"height\":700,\"caption\":\"trobada de s\u00f2cies\"},{\"@type\":\"BreadcrumbList\",\"@id\":\"https:\\\/\\\/www.esplac.cat\\\/segona-trobada-socies-espai-construccio-entitat\\\/#breadcrumb\",\"itemListElement\":[{\"@type\":\"ListItem\",\"position\":1,\"name\":\"Inici\",\"item\":\"https:\\\/\\\/www.esplac.cat\\\/es\\\/\"},{\"@type\":\"ListItem\",\"position\":2,\"name\":\"La Segona Trobada de S\u00f2cies, un espai de construcci\u00f3 de l\u2019entitat\"}]},{\"@type\":\"WebSite\",\"@id\":\"https:\\\/\\\/www.esplac.cat\\\/#website\",\"url\":\"https:\\\/\\\/www.esplac.cat\\\/\",\"name\":\"Esplac\",\"description\":\"Esplais Catalans\",\"publisher\":{\"@id\":\"https:\\\/\\\/www.esplac.cat\\\/#organization\"},\"potentialAction\":[{\"@type\":\"SearchAction\",\"target\":{\"@type\":\"EntryPoint\",\"urlTemplate\":\"https:\\\/\\\/www.esplac.cat\\\/?s={search_term_string}\"},\"query-input\":{\"@type\":\"PropertyValueSpecification\",\"valueRequired\":true,\"valueName\":\"search_term_string\"}}],\"inLanguage\":\"es\"},{\"@type\":\"Organization\",\"@id\":\"https:\\\/\\\/www.esplac.cat\\\/#organization\",\"name\":\"Esplac\",\"url\":\"https:\\\/\\\/www.esplac.cat\\\/\",\"logo\":{\"@type\":\"ImageObject\",\"inLanguage\":\"es\",\"@id\":\"https:\\\/\\\/www.esplac.cat\\\/#\\\/schema\\\/logo\\\/image\\\/\",\"url\":\"https:\\\/\\\/www.esplac.cat\\\/wp-content\\\/uploads\\\/2019\\\/08\\\/logox2.png\",\"contentUrl\":\"https:\\\/\\\/www.esplac.cat\\\/wp-content\\\/uploads\\\/2019\\\/08\\\/logox2.png\",\"width\":600,\"height\":295,\"caption\":\"Esplac\"},\"image\":{\"@id\":\"https:\\\/\\\/www.esplac.cat\\\/#\\\/schema\\\/logo\\\/image\\\/\"}},{\"@type\":\"Person\",\"@id\":\"https:\\\/\\\/www.esplac.cat\\\/#\\\/schema\\\/person\\\/908383cf240be18b68f8855d0583faca\",\"name\":\"Comunicaci\u00f3 Esplac\",\"image\":{\"@type\":\"ImageObject\",\"inLanguage\":\"es\",\"@id\":\"https:\\\/\\\/secure.gravatar.com\\\/avatar\\\/7a4cf8feb412a76ea4a740ca02d95b06b2907b5a6c648c2dd0a1082a093c3141?s=96&d=mm&r=g\",\"url\":\"https:\\\/\\\/secure.gravatar.com\\\/avatar\\\/7a4cf8feb412a76ea4a740ca02d95b06b2907b5a6c648c2dd0a1082a093c3141?s=96&d=mm&r=g\",\"contentUrl\":\"https:\\\/\\\/secure.gravatar.com\\\/avatar\\\/7a4cf8feb412a76ea4a740ca02d95b06b2907b5a6c648c2dd0a1082a093c3141?s=96&d=mm&r=g\",\"caption\":\"Comunicaci\u00f3 Esplac\"}}]}<\/script>\n<!-- \/ Yoast SEO plugin. -->","yoast_head_json":{"title":"La Segona Trobada de s\u00f2cies, un espai de construcci\u00f3 de l\u2019entitat","description":"Diumenge 7 d'abril, les s\u00f2cies d'Esplais Catalans van participar de la segona trobada de s\u00f2cies de l'entitat.","robots":{"index":"index","follow":"follow","max-snippet":"max-snippet:-1","max-image-preview":"max-image-preview:large","max-video-preview":"max-video-preview:-1"},"canonical":"https:\/\/www.esplac.cat\/segona-trobada-socies-espai-construccio-entitat\/","og_locale":"es_ES","og_type":"article","og_title":"La Segona Trobada de s\u00f2cies, un espai de construcci\u00f3 de l\u2019entitat","og_description":"Diumenge 7 d'abril, les s\u00f2cies d'Esplais Catalans van participar de la segona trobada de s\u00f2cies de l'entitat.","og_url":"https:\/\/www.esplac.cat\/segona-trobada-socies-espai-construccio-entitat\/","og_site_name":"Esplac","article_published_time":"2023-05-10T07:52:48+00:00","article_modified_time":"2023-06-22T09:03:41+00:00","og_image":[{"width":1694,"height":700,"url":"https:\/\/www.esplac.cat\/wp-content\/uploads\/2023\/05\/Portades-web-2.jpg","type":"image\/jpeg"}],"author":"Comunicaci\u00f3 Esplac","twitter_card":"summary_large_image","twitter_misc":{"Escrito por":"Comunicaci\u00f3 Esplac","Tiempo de lectura":"1 minuto"},"schema":{"@context":"https:\/\/schema.org","@graph":[{"@type":"Article","@id":"https:\/\/www.esplac.cat\/segona-trobada-socies-espai-construccio-entitat\/#article","isPartOf":{"@id":"https:\/\/www.esplac.cat\/segona-trobada-socies-espai-construccio-entitat\/"},"author":{"name":"Comunicaci\u00f3 Esplac","@id":"https:\/\/www.esplac.cat\/#\/schema\/person\/908383cf240be18b68f8855d0583faca"},"headline":"La Segona Trobada de S\u00f2cies, un espai de construcci\u00f3 de l\u2019entitat","datePublished":"2023-05-10T07:52:48+00:00","dateModified":"2023-06-22T09:03:41+00:00","mainEntityOfPage":{"@id":"https:\/\/www.esplac.cat\/segona-trobada-socies-espai-construccio-entitat\/"},"wordCount":223,"publisher":{"@id":"https:\/\/www.esplac.cat\/#organization"},"image":{"@id":"https:\/\/www.esplac.cat\/segona-trobada-socies-espai-construccio-entitat\/#primaryimage"},"thumbnailUrl":"https:\/\/www.esplac.cat\/wp-content\/uploads\/2023\/05\/Portades-web-2.jpg","articleSection":["Activitats esplac","Sense categoria","S\u00f2cies"],"inLanguage":"es"},{"@type":"WebPage","@id":"https:\/\/www.esplac.cat\/segona-trobada-socies-espai-construccio-entitat\/","url":"https:\/\/www.esplac.cat\/segona-trobada-socies-espai-construccio-entitat\/","name":"La Segona Trobada de s\u00f2cies, un espai de construcci\u00f3 de l\u2019entitat","isPartOf":{"@id":"https:\/\/www.esplac.cat\/#website"},"primaryImageOfPage":{"@id":"https:\/\/www.esplac.cat\/segona-trobada-socies-espai-construccio-entitat\/#primaryimage"},"image":{"@id":"https:\/\/www.esplac.cat\/segona-trobada-socies-espai-construccio-entitat\/#primaryimage"},"thumbnailUrl":"https:\/\/www.esplac.cat\/wp-content\/uploads\/2023\/05\/Portades-web-2.jpg","datePublished":"2023-05-10T07:52:48+00:00","dateModified":"2023-06-22T09:03:41+00:00","description":"Diumenge 7 d'abril, les s\u00f2cies d'Esplais Catalans van participar de la segona trobada de s\u00f2cies de l'entitat.","breadcrumb":{"@id":"https:\/\/www.esplac.cat\/segona-trobada-socies-espai-construccio-entitat\/#breadcrumb"},"inLanguage":"es","potentialAction":[{"@type":"ReadAction","target":["https:\/\/www.esplac.cat\/segona-trobada-socies-espai-construccio-entitat\/"]}]},{"@type":"ImageObject","inLanguage":"es","@id":"https:\/\/www.esplac.cat\/segona-trobada-socies-espai-construccio-entitat\/#primaryimage","url":"https:\/\/www.esplac.cat\/wp-content\/uploads\/2023\/05\/Portades-web-2.jpg","contentUrl":"https:\/\/www.esplac.cat\/wp-content\/uploads\/2023\/05\/Portades-web-2.jpg","width":1694,"height":700,"caption":"trobada de s\u00f2cies"},{"@type":"BreadcrumbList","@id":"https:\/\/www.esplac.cat\/segona-trobada-socies-espai-construccio-entitat\/#breadcrumb","itemListElement":[{"@type":"ListItem","position":1,"name":"Inici","item":"https:\/\/www.esplac.cat\/es\/"},{"@type":"ListItem","position":2,"name":"La Segona Trobada de S\u00f2cies, un espai de construcci\u00f3 de l\u2019entitat"}]},{"@type":"WebSite","@id":"https:\/\/www.esplac.cat\/#website","url":"https:\/\/www.esplac.cat\/","name":"Esplac","description":"Esplais Catalans","publisher":{"@id":"https:\/\/www.esplac.cat\/#organization"},"potentialAction":[{"@type":"SearchAction","target":{"@type":"EntryPoint","urlTemplate":"https:\/\/www.esplac.cat\/?s={search_term_string}"},"query-input":{"@type":"PropertyValueSpecification","valueRequired":true,"valueName":"search_term_string"}}],"inLanguage":"es"},{"@type":"Organization","@id":"https:\/\/www.esplac.cat\/#organization","name":"Esplac","url":"https:\/\/www.esplac.cat\/","logo":{"@type":"ImageObject","inLanguage":"es","@id":"https:\/\/www.esplac.cat\/#\/schema\/logo\/image\/","url":"https:\/\/www.esplac.cat\/wp-content\/uploads\/2019\/08\/logox2.png","contentUrl":"https:\/\/www.esplac.cat\/wp-content\/uploads\/2019\/08\/logox2.png","width":600,"height":295,"caption":"Esplac"},"image":{"@id":"https:\/\/www.esplac.cat\/#\/schema\/logo\/image\/"}},{"@type":"Person","@id":"https:\/\/www.esplac.cat\/#\/schema\/person\/908383cf240be18b68f8855d0583faca","name":"Comunicaci\u00f3 Esplac","image":{"@type":"ImageObject","inLanguage":"es","@id":"https:\/\/secure.gravatar.com\/avatar\/7a4cf8feb412a76ea4a740ca02d95b06b2907b5a6c648c2dd0a1082a093c3141?s=96&d=mm&r=g","url":"https:\/\/secure.gravatar.com\/avatar\/7a4cf8feb412a76ea4a740ca02d95b06b2907b5a6c648c2dd0a1082a093c3141?s=96&d=mm&r=g","contentUrl":"https:\/\/secure.gravatar.com\/avatar\/7a4cf8feb412a76ea4a740ca02d95b06b2907b5a6c648c2dd0a1082a093c3141?s=96&d=mm&r=g","caption":"Comunicaci\u00f3 Esplac"}}]}},"_links":{"self":[{"href":"https:\/\/www.esplac.cat\/es\/wp-json\/wp\/v2\/posts\/45249","targetHints":{"allow":["GET"]}}],"collection":[{"href":"https:\/\/www.esplac.cat\/es\/wp-json\/wp\/v2\/posts"}],"about":[{"href":"https:\/\/www.esplac.cat\/es\/wp-json\/wp\/v2\/types\/post"}],"author":[{"embeddable":true,"href":"https:\/\/www.esplac.cat\/es\/wp-json\/wp\/v2\/users\/3"}],"replies":[{"embeddable":true,"href":"https:\/\/www.esplac.cat\/es\/wp-json\/wp\/v2\/comments?post=45249"}],"version-history":[{"count":0,"href":"https:\/\/www.esplac.cat\/es\/wp-json\/wp\/v2\/posts\/45249\/revisions"}],"wp:featuredmedia":[{"embeddable":true,"href":"https:\/\/www.esplac.cat\/es\/wp-json\/wp\/v2\/media\/45253"}],"wp:attachment":[{"href":"https:\/\/www.esplac.cat\/es\/wp-json\/wp\/v2\/media?parent=45249"}],"wp:term":[{"taxonomy":"category","embeddable":true,"href":"https:\/\/www.esplac.cat\/es\/wp-json\/wp\/v2\/categories?post=45249"},{"taxonomy":"post_tag","embeddable":true,"href":"https:\/\/www.esplac.cat\/es\/wp-json\/wp\/v2\/tags?post=45249"}],"curies":[{"name":"wp","href":"https:\/\/api.w.org\/{rel}","templated":true}]}}