{"id":45354,"date":"2023-05-17T13:55:54","date_gmt":"2023-05-17T11:55:54","guid":{"rendered":"https:\/\/www.esplac.cat\/?p=45354"},"modified":"2023-05-17T13:59:19","modified_gmt":"2023-05-17T11:59:19","slug":"choosing-anti-racism-nova-oportunitat-formacio-internacional","status":"publish","type":"post","link":"https:\/\/www.esplac.cat\/es\/choosing-anti-racism-nova-oportunitat-formacio-internacional\/","title":{"rendered":"Choosing Anti-Racism: nova oportunitat de formaci\u00f3 internacional!"},"content":{"rendered":"<h5><strong><i>La IFM-SEI est\u00e0 buscant participants per la primera fase del seu nou projecte \u201cChoosing Anti-Racism\u201d. Vols participar d&#8217;aquesta oportunitat internacional?<\/i><\/strong><\/h5>\n<p><span style=\"font-weight: 300;\">T\u2019agradaria ampliar els teus coneixements sobre educaci\u00f3 antiracista? Et motiva analitzar i reflexionar sobre el racisme estructural des d\u2019una mirada interseccional? T\u2019interessa saber quina \u00e9s la relaci\u00f3 entre l\u2019educaci\u00f3 antiracista i l\u2019educaci\u00f3 basada en Drets Humans? <\/span><span style=\"font-weight: 300;\">Doncs aquesta oportunitat internacional \u00e9s per a tu!<\/span><\/p>\n<p><span style=\"font-weight: 300;\">La IFM-SEI ha engegat un nou pla de treball anomenat \u201c<\/span><b>Choosing Anti-Racism: choosing the radical re-orientation of our consciousness<\/b><span style=\"font-weight: 300;\">\u201d, que compta amb el suport de l\u2019<strong><a href=\"https:\/\/www.coe.int\/en\/web\/european-youth-foundation\" target=\"_blank\" rel=\"noopener\"><span style=\"color: #f69d0b;\">European Youth Foundation<\/span><\/a><\/strong> i el <strong><a href=\"https:\/\/www.coe.int\/ca\/web\/about-us\/structure\" target=\"_blank\" rel=\"noopener\"><span style=\"color: #f69d0b;\">Consell d\u2019Europa<\/span><\/a><\/strong>. Aquest projecte vol ser un espai perqu\u00e8 la IFM-SEI i les seves entitats membres puguin reflexionar sobre les actituds organitzacionals i de la societat; creences i pr\u00e0ctiques, per a generar una millor entesa de les estructures de poder per identificar les arrels i mecanismes de la discriminaci\u00f3 racial, amb l\u2019objectiu d&#8217;emprendre accions antiracistes.\u00a0<\/span><\/p>\n<p><span style=\"font-weight: 300;\">Busquem participants que:<\/span><\/p>\n<blockquote><p><span style=\"font-weight: 300;\">Tinguin entre 16 i 30 anys.<\/span><\/p>\n<p>Siguin actius al seu esplai o Esplac.<\/p>\n<p>Amb motivaci\u00f3 per l\u2019educaci\u00f3 antiracista, la facilitaci\u00f3 de grups i amb comprom\u00eds per seguir treballant amb el tema.<\/p>\n<p>Puguin comunicar-se i expressar-se en angl\u00e8s.<\/p><\/blockquote>\n<p><span style=\"font-weight: 300;\">Quan i on tindr\u00e0 lloc la trobada?<\/span><\/p>\n<blockquote><p><span style=\"font-weight: 300;\">Del 5 a l\u201911 de juny<\/span><\/p>\n<p><span style=\"font-weight: 300;\">A la Salvador-Allende-Haus (Oer-Erkenschwick, Alemanya)<\/span><\/p>\n<p><span style=\"font-weight: 300;\">Quota de participaci\u00f3: 72\u20ac*<\/span><\/p>\n<p>Es reemborsar\u00e0 fins a un 70% de les despeses de transport.<\/p><\/blockquote>\n<p><span style=\"font-weight: 400;\">Pots<\/span><b> inscriure\u2019t<\/b><strong><span style=\"color: #f69d0b;\"><a style=\"color: #f69d0b;\" href=\"https:\/\/era.esplac.cat\/#\/gestio-personal\/activitats\" target=\"_blank\" rel=\"noopener\"> a trav\u00e9s de l\u2019Era <\/a><\/span><\/strong><span style=\"font-weight: 300;\">o escrivint un correu a <\/span><strong><span style=\"color: #f69d0b;\"><a style=\"color: #f69d0b;\" href=\"mailto:internacional@esplac.cat\">internacional@esplac.cat<\/a><\/span><\/strong><span style=\"font-weight: 300;\">. Teniu temps fins al <\/span><b>24 de maig<\/b><span style=\"font-weight: 300;\">!<\/span><\/p>\n<p><em><span style=\"font-weight: 300;\">*No volem que els diners seguin una barrera per a la participaci\u00f3. Si us plau, escriu-nos si t\u2019interessa participar i buscarem alternatives juntament amb l\u2019entitat organitzadora per tal de garantir la teva participaci\u00f3 independentment de la quota.<\/span><\/em><\/p>\n","protected":false},"excerpt":{"rendered":"<p>La IFM-SEI est\u00e0 buscant participants per la primera fase del [&hellip;]<\/p>\n","protected":false},"author":3,"featured_media":45357,"comment_status":"closed","ping_status":"closed","sticky":false,"template":"","format":"standard","meta":{"om_disable_all_campaigns":false,"_monsterinsights_skip_tracking":false,"_monsterinsights_sitenote_active":false,"_monsterinsights_sitenote_note":"","_monsterinsights_sitenote_category":0,"_uf_show_specific_survey":0,"_uf_disable_surveys":false,"footnotes":""},"categories":[1112,1],"tags":[],"class_list":["post-45354","post","type-post","status-publish","format-standard","has-post-thumbnail","hentry","category-esplac-al-mon","category-sense-categoria"],"yoast_head":"<!-- This site is optimized with the Yoast SEO plugin v27.5 - https:\/\/yoast.com\/product\/yoast-seo-wordpress\/ -->\n<title>Choosing Anti-Racism: nova oportunitat de formaci\u00f3 internacional!<\/title>\n<meta name=\"description\" content=\"La IFM-SEI est\u00e0 buscant participants per la primera fase del seu nou projecte \u201cChoosing Anti-Racism\u201d. Vols participar-hi?\" \/>\n<meta name=\"robots\" content=\"index, follow, max-snippet:-1, max-image-preview:large, max-video-preview:-1\" \/>\n<link rel=\"canonical\" href=\"https:\/\/www.esplac.cat\/choosing-anti-racism-nova-oportunitat-formacio-internacional\/\" \/>\n<meta property=\"og:locale\" content=\"es_ES\" \/>\n<meta property=\"og:type\" content=\"article\" \/>\n<meta property=\"og:title\" content=\"Choosing Anti-Racism: nova oportunitat de formaci\u00f3 internacional!\" \/>\n<meta property=\"og:description\" content=\"La IFM-SEI est\u00e0 buscant participants per la primera fase del seu nou projecte \u201cChoosing Anti-Racism\u201d. Vols participar-hi?\" \/>\n<meta property=\"og:url\" content=\"https:\/\/www.esplac.cat\/choosing-anti-racism-nova-oportunitat-formacio-internacional\/\" \/>\n<meta property=\"og:site_name\" content=\"Esplac\" \/>\n<meta property=\"article:published_time\" content=\"2023-05-17T11:55:54+00:00\" \/>\n<meta property=\"article:modified_time\" content=\"2023-05-17T11:59:19+00:00\" \/>\n<meta property=\"og:image\" content=\"https:\/\/www.esplac.cat\/wp-content\/uploads\/2023\/05\/Portades-Web-6.jpg\" \/>\n\t<meta property=\"og:image:width\" content=\"1697\" \/>\n\t<meta property=\"og:image:height\" content=\"700\" \/>\n\t<meta property=\"og:image:type\" content=\"image\/jpeg\" \/>\n<meta name=\"author\" content=\"Comunicaci\u00f3 Esplac\" \/>\n<meta name=\"twitter:card\" content=\"summary_large_image\" \/>\n<meta name=\"twitter:label1\" content=\"Escrito por\" \/>\n\t<meta name=\"twitter:data1\" content=\"Comunicaci\u00f3 Esplac\" \/>\n\t<meta name=\"twitter:label2\" content=\"Tiempo de lectura\" \/>\n\t<meta name=\"twitter:data2\" content=\"2 minutos\" \/>\n<script type=\"application\/ld+json\" class=\"yoast-schema-graph\">{\"@context\":\"https:\\\/\\\/schema.org\",\"@graph\":[{\"@type\":\"Article\",\"@id\":\"https:\\\/\\\/www.esplac.cat\\\/choosing-anti-racism-nova-oportunitat-formacio-internacional\\\/#article\",\"isPartOf\":{\"@id\":\"https:\\\/\\\/www.esplac.cat\\\/choosing-anti-racism-nova-oportunitat-formacio-internacional\\\/\"},\"author\":{\"name\":\"Comunicaci\u00f3 Esplac\",\"@id\":\"https:\\\/\\\/www.esplac.cat\\\/#\\\/schema\\\/person\\\/908383cf240be18b68f8855d0583faca\"},\"headline\":\"Choosing Anti-Racism: nova oportunitat de formaci\u00f3 internacional!\",\"datePublished\":\"2023-05-17T11:55:54+00:00\",\"dateModified\":\"2023-05-17T11:59:19+00:00\",\"mainEntityOfPage\":{\"@id\":\"https:\\\/\\\/www.esplac.cat\\\/choosing-anti-racism-nova-oportunitat-formacio-internacional\\\/\"},\"wordCount\":300,\"publisher\":{\"@id\":\"https:\\\/\\\/www.esplac.cat\\\/#organization\"},\"image\":{\"@id\":\"https:\\\/\\\/www.esplac.cat\\\/choosing-anti-racism-nova-oportunitat-formacio-internacional\\\/#primaryimage\"},\"thumbnailUrl\":\"https:\\\/\\\/www.esplac.cat\\\/wp-content\\\/uploads\\\/2023\\\/05\\\/Portades-Web-6.jpg\",\"articleSection\":[\"Esplac al m\u00f3n\",\"Sense categoria\"],\"inLanguage\":\"es\"},{\"@type\":\"WebPage\",\"@id\":\"https:\\\/\\\/www.esplac.cat\\\/choosing-anti-racism-nova-oportunitat-formacio-internacional\\\/\",\"url\":\"https:\\\/\\\/www.esplac.cat\\\/choosing-anti-racism-nova-oportunitat-formacio-internacional\\\/\",\"name\":\"Choosing Anti-Racism: nova oportunitat de formaci\u00f3 internacional!\",\"isPartOf\":{\"@id\":\"https:\\\/\\\/www.esplac.cat\\\/#website\"},\"primaryImageOfPage\":{\"@id\":\"https:\\\/\\\/www.esplac.cat\\\/choosing-anti-racism-nova-oportunitat-formacio-internacional\\\/#primaryimage\"},\"image\":{\"@id\":\"https:\\\/\\\/www.esplac.cat\\\/choosing-anti-racism-nova-oportunitat-formacio-internacional\\\/#primaryimage\"},\"thumbnailUrl\":\"https:\\\/\\\/www.esplac.cat\\\/wp-content\\\/uploads\\\/2023\\\/05\\\/Portades-Web-6.jpg\",\"datePublished\":\"2023-05-17T11:55:54+00:00\",\"dateModified\":\"2023-05-17T11:59:19+00:00\",\"description\":\"La IFM-SEI est\u00e0 buscant participants per la primera fase del seu nou projecte \u201cChoosing Anti-Racism\u201d. Vols participar-hi?\",\"breadcrumb\":{\"@id\":\"https:\\\/\\\/www.esplac.cat\\\/choosing-anti-racism-nova-oportunitat-formacio-internacional\\\/#breadcrumb\"},\"inLanguage\":\"es\",\"potentialAction\":[{\"@type\":\"ReadAction\",\"target\":[\"https:\\\/\\\/www.esplac.cat\\\/choosing-anti-racism-nova-oportunitat-formacio-internacional\\\/\"]}]},{\"@type\":\"ImageObject\",\"inLanguage\":\"es\",\"@id\":\"https:\\\/\\\/www.esplac.cat\\\/choosing-anti-racism-nova-oportunitat-formacio-internacional\\\/#primaryimage\",\"url\":\"https:\\\/\\\/www.esplac.cat\\\/wp-content\\\/uploads\\\/2023\\\/05\\\/Portades-Web-6.jpg\",\"contentUrl\":\"https:\\\/\\\/www.esplac.cat\\\/wp-content\\\/uploads\\\/2023\\\/05\\\/Portades-Web-6.jpg\",\"width\":1697,\"height\":700,\"caption\":\"Choosing Anti-Racism\"},{\"@type\":\"BreadcrumbList\",\"@id\":\"https:\\\/\\\/www.esplac.cat\\\/choosing-anti-racism-nova-oportunitat-formacio-internacional\\\/#breadcrumb\",\"itemListElement\":[{\"@type\":\"ListItem\",\"position\":1,\"name\":\"Inici\",\"item\":\"https:\\\/\\\/www.esplac.cat\\\/es\\\/\"},{\"@type\":\"ListItem\",\"position\":2,\"name\":\"Choosing Anti-Racism: nova oportunitat de formaci\u00f3 internacional!\"}]},{\"@type\":\"WebSite\",\"@id\":\"https:\\\/\\\/www.esplac.cat\\\/#website\",\"url\":\"https:\\\/\\\/www.esplac.cat\\\/\",\"name\":\"Esplac\",\"description\":\"Esplais Catalans\",\"publisher\":{\"@id\":\"https:\\\/\\\/www.esplac.cat\\\/#organization\"},\"potentialAction\":[{\"@type\":\"SearchAction\",\"target\":{\"@type\":\"EntryPoint\",\"urlTemplate\":\"https:\\\/\\\/www.esplac.cat\\\/?s={search_term_string}\"},\"query-input\":{\"@type\":\"PropertyValueSpecification\",\"valueRequired\":true,\"valueName\":\"search_term_string\"}}],\"inLanguage\":\"es\"},{\"@type\":\"Organization\",\"@id\":\"https:\\\/\\\/www.esplac.cat\\\/#organization\",\"name\":\"Esplac\",\"url\":\"https:\\\/\\\/www.esplac.cat\\\/\",\"logo\":{\"@type\":\"ImageObject\",\"inLanguage\":\"es\",\"@id\":\"https:\\\/\\\/www.esplac.cat\\\/#\\\/schema\\\/logo\\\/image\\\/\",\"url\":\"https:\\\/\\\/www.esplac.cat\\\/wp-content\\\/uploads\\\/2019\\\/08\\\/logox2.png\",\"contentUrl\":\"https:\\\/\\\/www.esplac.cat\\\/wp-content\\\/uploads\\\/2019\\\/08\\\/logox2.png\",\"width\":600,\"height\":295,\"caption\":\"Esplac\"},\"image\":{\"@id\":\"https:\\\/\\\/www.esplac.cat\\\/#\\\/schema\\\/logo\\\/image\\\/\"}},{\"@type\":\"Person\",\"@id\":\"https:\\\/\\\/www.esplac.cat\\\/#\\\/schema\\\/person\\\/908383cf240be18b68f8855d0583faca\",\"name\":\"Comunicaci\u00f3 Esplac\",\"image\":{\"@type\":\"ImageObject\",\"inLanguage\":\"es\",\"@id\":\"https:\\\/\\\/secure.gravatar.com\\\/avatar\\\/7a4cf8feb412a76ea4a740ca02d95b06b2907b5a6c648c2dd0a1082a093c3141?s=96&d=mm&r=g\",\"url\":\"https:\\\/\\\/secure.gravatar.com\\\/avatar\\\/7a4cf8feb412a76ea4a740ca02d95b06b2907b5a6c648c2dd0a1082a093c3141?s=96&d=mm&r=g\",\"contentUrl\":\"https:\\\/\\\/secure.gravatar.com\\\/avatar\\\/7a4cf8feb412a76ea4a740ca02d95b06b2907b5a6c648c2dd0a1082a093c3141?s=96&d=mm&r=g\",\"caption\":\"Comunicaci\u00f3 Esplac\"}}]}<\/script>\n<!-- \/ Yoast SEO plugin. -->","yoast_head_json":{"title":"Choosing Anti-Racism: nova oportunitat de formaci\u00f3 internacional!","description":"La IFM-SEI est\u00e0 buscant participants per la primera fase del seu nou projecte \u201cChoosing Anti-Racism\u201d. Vols participar-hi?","robots":{"index":"index","follow":"follow","max-snippet":"max-snippet:-1","max-image-preview":"max-image-preview:large","max-video-preview":"max-video-preview:-1"},"canonical":"https:\/\/www.esplac.cat\/choosing-anti-racism-nova-oportunitat-formacio-internacional\/","og_locale":"es_ES","og_type":"article","og_title":"Choosing Anti-Racism: nova oportunitat de formaci\u00f3 internacional!","og_description":"La IFM-SEI est\u00e0 buscant participants per la primera fase del seu nou projecte \u201cChoosing Anti-Racism\u201d. Vols participar-hi?","og_url":"https:\/\/www.esplac.cat\/choosing-anti-racism-nova-oportunitat-formacio-internacional\/","og_site_name":"Esplac","article_published_time":"2023-05-17T11:55:54+00:00","article_modified_time":"2023-05-17T11:59:19+00:00","og_image":[{"width":1697,"height":700,"url":"https:\/\/www.esplac.cat\/wp-content\/uploads\/2023\/05\/Portades-Web-6.jpg","type":"image\/jpeg"}],"author":"Comunicaci\u00f3 Esplac","twitter_card":"summary_large_image","twitter_misc":{"Escrito por":"Comunicaci\u00f3 Esplac","Tiempo de lectura":"2 minutos"},"schema":{"@context":"https:\/\/schema.org","@graph":[{"@type":"Article","@id":"https:\/\/www.esplac.cat\/choosing-anti-racism-nova-oportunitat-formacio-internacional\/#article","isPartOf":{"@id":"https:\/\/www.esplac.cat\/choosing-anti-racism-nova-oportunitat-formacio-internacional\/"},"author":{"name":"Comunicaci\u00f3 Esplac","@id":"https:\/\/www.esplac.cat\/#\/schema\/person\/908383cf240be18b68f8855d0583faca"},"headline":"Choosing Anti-Racism: nova oportunitat de formaci\u00f3 internacional!","datePublished":"2023-05-17T11:55:54+00:00","dateModified":"2023-05-17T11:59:19+00:00","mainEntityOfPage":{"@id":"https:\/\/www.esplac.cat\/choosing-anti-racism-nova-oportunitat-formacio-internacional\/"},"wordCount":300,"publisher":{"@id":"https:\/\/www.esplac.cat\/#organization"},"image":{"@id":"https:\/\/www.esplac.cat\/choosing-anti-racism-nova-oportunitat-formacio-internacional\/#primaryimage"},"thumbnailUrl":"https:\/\/www.esplac.cat\/wp-content\/uploads\/2023\/05\/Portades-Web-6.jpg","articleSection":["Esplac al m\u00f3n","Sense categoria"],"inLanguage":"es"},{"@type":"WebPage","@id":"https:\/\/www.esplac.cat\/choosing-anti-racism-nova-oportunitat-formacio-internacional\/","url":"https:\/\/www.esplac.cat\/choosing-anti-racism-nova-oportunitat-formacio-internacional\/","name":"Choosing Anti-Racism: nova oportunitat de formaci\u00f3 internacional!","isPartOf":{"@id":"https:\/\/www.esplac.cat\/#website"},"primaryImageOfPage":{"@id":"https:\/\/www.esplac.cat\/choosing-anti-racism-nova-oportunitat-formacio-internacional\/#primaryimage"},"image":{"@id":"https:\/\/www.esplac.cat\/choosing-anti-racism-nova-oportunitat-formacio-internacional\/#primaryimage"},"thumbnailUrl":"https:\/\/www.esplac.cat\/wp-content\/uploads\/2023\/05\/Portades-Web-6.jpg","datePublished":"2023-05-17T11:55:54+00:00","dateModified":"2023-05-17T11:59:19+00:00","description":"La IFM-SEI est\u00e0 buscant participants per la primera fase del seu nou projecte \u201cChoosing Anti-Racism\u201d. Vols participar-hi?","breadcrumb":{"@id":"https:\/\/www.esplac.cat\/choosing-anti-racism-nova-oportunitat-formacio-internacional\/#breadcrumb"},"inLanguage":"es","potentialAction":[{"@type":"ReadAction","target":["https:\/\/www.esplac.cat\/choosing-anti-racism-nova-oportunitat-formacio-internacional\/"]}]},{"@type":"ImageObject","inLanguage":"es","@id":"https:\/\/www.esplac.cat\/choosing-anti-racism-nova-oportunitat-formacio-internacional\/#primaryimage","url":"https:\/\/www.esplac.cat\/wp-content\/uploads\/2023\/05\/Portades-Web-6.jpg","contentUrl":"https:\/\/www.esplac.cat\/wp-content\/uploads\/2023\/05\/Portades-Web-6.jpg","width":1697,"height":700,"caption":"Choosing Anti-Racism"},{"@type":"BreadcrumbList","@id":"https:\/\/www.esplac.cat\/choosing-anti-racism-nova-oportunitat-formacio-internacional\/#breadcrumb","itemListElement":[{"@type":"ListItem","position":1,"name":"Inici","item":"https:\/\/www.esplac.cat\/es\/"},{"@type":"ListItem","position":2,"name":"Choosing Anti-Racism: nova oportunitat de formaci\u00f3 internacional!"}]},{"@type":"WebSite","@id":"https:\/\/www.esplac.cat\/#website","url":"https:\/\/www.esplac.cat\/","name":"Esplac","description":"Esplais Catalans","publisher":{"@id":"https:\/\/www.esplac.cat\/#organization"},"potentialAction":[{"@type":"SearchAction","target":{"@type":"EntryPoint","urlTemplate":"https:\/\/www.esplac.cat\/?s={search_term_string}"},"query-input":{"@type":"PropertyValueSpecification","valueRequired":true,"valueName":"search_term_string"}}],"inLanguage":"es"},{"@type":"Organization","@id":"https:\/\/www.esplac.cat\/#organization","name":"Esplac","url":"https:\/\/www.esplac.cat\/","logo":{"@type":"ImageObject","inLanguage":"es","@id":"https:\/\/www.esplac.cat\/#\/schema\/logo\/image\/","url":"https:\/\/www.esplac.cat\/wp-content\/uploads\/2019\/08\/logox2.png","contentUrl":"https:\/\/www.esplac.cat\/wp-content\/uploads\/2019\/08\/logox2.png","width":600,"height":295,"caption":"Esplac"},"image":{"@id":"https:\/\/www.esplac.cat\/#\/schema\/logo\/image\/"}},{"@type":"Person","@id":"https:\/\/www.esplac.cat\/#\/schema\/person\/908383cf240be18b68f8855d0583faca","name":"Comunicaci\u00f3 Esplac","image":{"@type":"ImageObject","inLanguage":"es","@id":"https:\/\/secure.gravatar.com\/avatar\/7a4cf8feb412a76ea4a740ca02d95b06b2907b5a6c648c2dd0a1082a093c3141?s=96&d=mm&r=g","url":"https:\/\/secure.gravatar.com\/avatar\/7a4cf8feb412a76ea4a740ca02d95b06b2907b5a6c648c2dd0a1082a093c3141?s=96&d=mm&r=g","contentUrl":"https:\/\/secure.gravatar.com\/avatar\/7a4cf8feb412a76ea4a740ca02d95b06b2907b5a6c648c2dd0a1082a093c3141?s=96&d=mm&r=g","caption":"Comunicaci\u00f3 Esplac"}}]}},"_links":{"self":[{"href":"https:\/\/www.esplac.cat\/es\/wp-json\/wp\/v2\/posts\/45354","targetHints":{"allow":["GET"]}}],"collection":[{"href":"https:\/\/www.esplac.cat\/es\/wp-json\/wp\/v2\/posts"}],"about":[{"href":"https:\/\/www.esplac.cat\/es\/wp-json\/wp\/v2\/types\/post"}],"author":[{"embeddable":true,"href":"https:\/\/www.esplac.cat\/es\/wp-json\/wp\/v2\/users\/3"}],"replies":[{"embeddable":true,"href":"https:\/\/www.esplac.cat\/es\/wp-json\/wp\/v2\/comments?post=45354"}],"version-history":[{"count":0,"href":"https:\/\/www.esplac.cat\/es\/wp-json\/wp\/v2\/posts\/45354\/revisions"}],"wp:featuredmedia":[{"embeddable":true,"href":"https:\/\/www.esplac.cat\/es\/wp-json\/wp\/v2\/media\/45357"}],"wp:attachment":[{"href":"https:\/\/www.esplac.cat\/es\/wp-json\/wp\/v2\/media?parent=45354"}],"wp:term":[{"taxonomy":"category","embeddable":true,"href":"https:\/\/www.esplac.cat\/es\/wp-json\/wp\/v2\/categories?post=45354"},{"taxonomy":"post_tag","embeddable":true,"href":"https:\/\/www.esplac.cat\/es\/wp-json\/wp\/v2\/tags?post=45354"}],"curies":[{"name":"wp","href":"https:\/\/api.w.org\/{rel}","templated":true}]}}