{"id":4543,"date":"2018-03-28T11:17:34","date_gmt":"2018-03-28T09:17:34","guid":{"rendered":"https:\/\/www.somesplai.cat\/?p=4543"},"modified":"2019-11-28T14:24:16","modified_gmt":"2019-11-28T13:24:16","slug":"excursions-de-llums-i-colors","status":"publish","type":"post","link":"https:\/\/www.esplac.cat\/es\/excursions-de-llums-i-colors\/","title":{"rendered":"Excursions de llums i colors"},"content":{"rendered":"<h5>28-mar\u00e7-2017<\/h5>\n<p>Autor: <strong>David Miranda Mota<\/strong>, SVE portugu\u00e8s a Barcelona i monitor de l&#8217;Esplai Torxa.<\/p>\n<hr>\n<p style=\"text-align: justify;\">Bueno, hace tiempo que perd\u00ed el hilo conductor de relatar mis experiencias, a ver si consigo volver un poco atr\u00e1s&#8230; En el <strong><a href=\"https:\/\/esplaitorxa.wordpress.com\/\" target=\"_blank\" rel=\"noopener noreferrer\">Esplai Torxa<\/a><\/strong> todo va fenomenal. La actividad de dibujo y graffiti est\u00e1 funcionando muy bien. Los ni\u00f1os ya vienen de casa ansiosos por dibujar, y a veces me traen dibujos que han hecho para ense\u00f1arme. Incluso los padres env\u00edan mensajes con un <em>feedback<\/em> muy positivo. Ya estuvimos mirando la pared donde vamos a pintar, puede que en el pr\u00f3ximo relato de \u201cCreuant mirades\u201d ya&nbsp;hayamos pintado el mural.<\/p>\n<p style=\"text-align: justify;\">En <strong><a href=\"https:\/\/www.esplac.cat\/\" target=\"_blank\" rel=\"noopener noreferrer\">Esplac<\/a><\/strong> tambi\u00e9n todo bien. Tengo una nueva tutora de EVS, con muy \u201cbuena onda\u201d, la <strong>Ceci<\/strong> \ud83d\ude42 Por la oficina voy cumpliendo algunas tareas simples, algunas manualidades que todo el mundo ve pesadas de hacer, pero que yo, sin embargo, disfruto haciendo ahahah. Algunos v\u00eddeos tambi\u00e9n, y bueno, tendr\u00e9 que empezar a pensar en un proyecto m\u00e1s estructurado, pero con tantas movidas entre esplai, Esplac, arte, cocinar y sobrevivir me pierdo con los proyectos.<\/p>\n<p style=\"text-align: justify;\"><a href=\"https:\/\/www.somesplai.cat\/wp-content\/uploads\/2018\/03\/20180120_184656.jpg\"><img decoding=\"async\" class=\"aligncenter size-large wp-image-4544\" src=\"https:\/\/www.somesplai.cat\/wp-content\/uploads\/2018\/03\/20180120_184656-1024x643.jpg\" alt=\"20180120_184656\" width=\"620\" height=\"389\"><\/a><\/p>\n<p style=\"text-align: justify;\"><strong>El mundo es peque\u00f1o.<\/strong><br \/>\nAl final te encuentras con personas que conociste en otras aventuras. Volv\u00ed a ver una amiga de un Erasmus que organic\u00e9 en 2015, y me deja muy feliz saber que sigue conectada a proyectos de Erasmus. Barna tambi\u00e9n la veo peque\u00f1a. Voy conociendo la movida de arte urbano y a sus personajes. Es muy chulo estar en contacto directo con el movimiento y descubrir las galer\u00edas m\u00e1s conectadas con ellos y sus eventos. Es muy importante estar en este tipo de movidas si quieres&nbsp;ser parte del juego. S\u00f3lo con promoci\u00f3n <em>online<\/em> no llegas, tienes que ir ah\u00ed y dejar tu firma eheheh. Me sent\u00eda un poco solo cuando se trataba de buscar arte y exposiciones, pero afortunadamente hace poco fui a una sesi\u00f3n <em>livepainting<\/em> de <strong><a href=\"https:\/\/www.facebook.com\/bronikart\/\" target=\"_blank\" rel=\"noopener noreferrer\">Bronik<\/a><\/strong> en un bar donde conoc\u00ed a una amiga del otro lado del mar, tambi\u00e9n ella artista, y fan de estas movidas de arte urbano y eventos culturales, o sea que ya no tengo porque pintar solo.<\/p>\n<p><a href=\"https:\/\/www.somesplai.cat\/wp-content\/uploads\/2018\/03\/WhatsApp-Image-2018-03-21-at-01.20.58.jpeg\"><img decoding=\"async\" class=\"aligncenter size-large wp-image-4548\" src=\"https:\/\/www.somesplai.cat\/wp-content\/uploads\/2018\/03\/WhatsApp-Image-2018-03-21-at-01.20.58-1024x769.jpeg\" alt=\"WhatsApp Image 2018-03-21 at 01.20.58\" width=\"620\" height=\"466\"><\/a><\/p>\n<p style=\"text-align: justify;\"><strong>Hip-hop por descubrir<\/strong><br \/>\nRespecto al hip-hop, ya entend\u00ed que no es el movimiento m\u00e1s fuerte por aqu\u00ed (al menos en esta \u00e9poca). Tiene su espacio enraizado, pero es necesario saber los locales espec\u00edficos. Mola mucho que, aun as\u00ed, a veces&nbsp;se vean&nbsp;chiquillos haciendo batallas de gallos en la calle. Con suerte ver\u00e9 un concierto de mi artista favorito (<strong><a href=\"http:\/\/www.nach.es\/\" target=\"_blank\" rel=\"noopener noreferrer\">NACH<\/a><\/strong>), ya que va a lanzar&nbsp;un \u00e1lbum nuevo, y como ya me perd\u00ed el espect\u00e1culo de mi humorista espa\u00f1ol favorito (<a href=\"http:\/\/bertoromero.com\/\" target=\"_blank\" rel=\"noopener noreferrer\"><strong>Berto Romero<\/strong><\/a>) pues que al menos que vea m\u00fasica&#8230;<\/p>\n<p style=\"text-align: justify;\"><strong>Nos vamos al rugby?<\/strong><br \/>\nEste fin de semana no hicimos esplai y finalmente mis colegas&nbsp;salieron del Guinard\u00f3 ahahah. Bajamos a plaza de Espa\u00f1a y fuimos a ver un&nbsp;partido de rugby en el que jugaba uno de mis colegas. Fue muy chulo por el ambiente envolvente, por salir un poco de la rutina. Tambi\u00e9n me mol\u00f3 mucho ver, cerca del campo, un t\u00fanel que usan para hacer escalada, con encajes en la pared y todo.<\/p>\n<p style=\"text-align: justify;\"><strong>Festival Llum<\/strong><br \/>\n<a href=\"https:\/\/www-lameva.barcelona.cat\/santaeulalia\/llumbcn\" target=\"_blank\" rel=\"noopener noreferrer\">Llum<\/a>, WOOOW brutal. Hasta ahora de las mejores cosas que&nbsp;he visto por aqu\u00ed. Mogoll\u00f3n de instalaciones lum\u00ednicas y proyecciones visuales por todo Poblenou, una mezcla de <strong>colores y ruidos que te muestran&nbsp;en una realidad ut\u00f3pica<\/strong>. Adem\u00e1s es un festival muy intuitivo, donde vas descubriendo las instalaciones al mismo tiempo que vas paseando. Te cruzas con florescencias, humo, voces, sinton\u00edas&#8230;es algo que te envuelve. Les aconsejo mucho que lo aprovechen el pr\u00f3ximo a\u00f1o.<\/p>\n<p><a href=\"https:\/\/www.somesplai.cat\/wp-content\/uploads\/2018\/03\/20180317_120450.jpg\"><img decoding=\"async\" class=\"aligncenter size-large wp-image-4545\" src=\"https:\/\/www.somesplai.cat\/wp-content\/uploads\/2018\/03\/20180317_120450-768x1024.jpg\" alt=\"20180317_120450\" width=\"620\" height=\"827\"><\/a><\/p>\n<p style=\"text-align: justify;\"><strong>Excursi\u00f3n Dom Bosco<\/strong><br \/>\nEl d\u00eda despu\u00e9s, y con pocas horas de sue\u00f1o, nos&nbsp;fuimos de excursi\u00f3n general, la primera que hago con Torxa. Fuimos a <strong><a href=\"http:\/\/www.castellnou.cat\/\" target=\"_blank\" rel=\"noopener noreferrer\">Dom Bosco<\/a><\/strong>, una peque\u00f1a aldea rehabilitada como casa de colonias, un espacio muy diverso en el medio de la naturaleza. La conexi\u00f3n con el grupo se acentu\u00f3, tanto con los ni\u00f1os como con los monis. Naturaleza, risas, juegos, reflexi\u00f3n, y un hombro que sale y entra de su sitio (menos mal que no fue a peor) ahaha. Adem\u00e1s de todo esto, cerramos la noche con una reuni\u00f3n larga pero muy productiva y emotiva. Aun me sorprende como este grupo se disciplina y construye t\u00e9cnicas educativas. <strong>Son un buen ejemplo de comunidad y de trabajo en equipo<\/strong>. Ojal\u00e1 hubiera m\u00e1s j\u00f3venes tan lucidos y proactivos con estos.&nbsp;Son&nbsp;momentos preciosos en&nbsp;una experiencia de voluntariado \ud83d\ude42 Me desafi\u00e9 a filmar todo lo posible para hacer un v\u00eddeo de la excursi\u00f3n,&nbsp;que pod\u00e9is ver a trav\u00e9s de este enlace!&nbsp;&#8211;&nbsp;<\/p>\n<div class=\"video-shortcode\"><iframe class=\"fusion-hidden\" data-privacy-type=\"youtube\" src=\"\" title=\"Esplai Torxa, excursi\u00f3n general\" width=\"1200\" height=\"675\" data-privacy-src=\"https:\/\/www.youtube.com\/embed\/jvfGCDZCeI8?feature=oembed\" frameborder=\"0\" allow=\"accelerometer; autoplay; encrypted-media; gyroscope; picture-in-picture\" allowfullscreen><\/iframe><div class=\"fusion-privacy-placeholder\" style=\"width:1200px; height:675px;\" data-privacy-type=\"youtube\"><div class=\"fusion-privacy-placeholder-content\"><div class=\"fusion-privacy-label\">For privacy reasons YouTube needs your permission to be loaded. For more details, please see our <a class=\"privacy-policy-link\" href=\"https:\/\/www.esplac.cat\/avis-legal\/\" rel=\"privacy-policy\">Av\u00eds Legal<\/a>.<\/div><a href=\"\" data-privacy-type=\"youtube\" class=\"fusion-button button-default fusion-button-default-size button fusion-privacy-consent\">I Accept<\/a><\/div><\/div><\/div>\n<p style=\"text-align: justify;\"><strong>COLORES A FULL!!!<\/strong><br \/>\nDomingo libre y hay evento de graffiti en las tres chimeneas de Drassanes. Ya lo han&nbsp;atrasado&nbsp;tres veces por la lluvia, y parece que esta vez tampoco se tiene mucha suerte pues la lluvia amenaza volver. Aun as\u00ed, hay skaters, los cuales me producen un sensaci\u00f3n dupla. Al mismo tiempo que me gusta ver sus maniobras, siempre estoy alerta para no tropezar con ninguno. ahahah Llego a mediod\u00eda y hay un ambiente muy guay, con m\u00fasica y mogoll\u00f3n de artistas. Es un buen momento para conocer a algunos de ellos, y namorar un muro que me llama desde la primera vez que lo vi ahahahah. Cunde mucho poder ver graffiti a cinco minutos de casa y hablar con los artistas que sigues. Adem\u00e1s, a veces tengo suerte y puedo encontrar pinturas de artistas de alto nivel internacional. En mi producci\u00f3n art\u00edstica estoy a tope y si todo va bien <strong>har\u00e9 una exposici\u00f3n en el Casal de Joves de Girapelles<\/strong>. Y estoy negociando una parecer\u00eda con una marca de corcho, para poder hacer una pieza XL en las tres chimeneas.<\/p>\n<p><a href=\"https:\/\/www.somesplai.cat\/wp-content\/uploads\/2018\/03\/20180317_160907.jpg\"><img decoding=\"async\" class=\"aligncenter size-large wp-image-4546\" src=\"https:\/\/www.somesplai.cat\/wp-content\/uploads\/2018\/03\/20180317_160907-1024x811.jpg\" alt=\"20180317_160907\" width=\"620\" height=\"491\"><\/a><\/p>\n<p><strong>Tancada de monis<\/strong><\/p>\n<p style=\"text-align: justify;\">Para cerrar este relato os cuento la \u00faltima haza\u00f1a. Fuimos a hacer tancada de monis a <strong>Caldes d&#8217;Estrac<\/strong>, en una casa de colonias rodeada de naturaleza, alojados en&nbsp;bungalows y con el estilo West impregnado por la m\u00fasica de un banyo y una arm\u00f3nica. Fue muy <em>tchill,&nbsp;<\/em>se jug\u00f3 a conillets, empiezo a entender por qu\u00e9 los ni\u00f1os est\u00e1n enganchados a esto. Principalmente por la noche, \u00abcuidado, que soy ninja!\u00bb ahahah Y entre juegos, bromas, f\u00fatbol freestyle, y m\u00fasica pasamos una tarde muy buena. Por la noche hubo&nbsp;reflexi\u00f3n, y en general todo va sobre ruedas.<\/p>\n<p style=\"text-align: justify;\">Al d\u00eda siguiente nos despertamos, unos mejor que otros&#8230; Despu\u00e9s de comer y de ver que todos los \u00f3rganos estaban en su sitio, empezamos a planear el pr\u00f3ximo campamentos con los ni\u00f1os, en el cual no participar\u00e9 con mucha pena m\u00eda \ud83d\ude41 Y para terminar en grande, cuando nos fuimos <strong>tuvimos que correr un kil\u00f3metro con las&nbsp;mochilas&nbsp;a full para no perder el tren<\/strong> (estoy viejo ahaha) fue al l\u00edmite pero lo conseguimos, al estilo misi\u00f3n imposible. Y as\u00ed os dejo, con las cositas que me van pasando en este EVS, la pr\u00f3xima semana me toca Erasmus \u00abtraining course\u00bb o sea que historias no me faltaran.<br \/>\nGracias por seguir acompa\u00f1\u00e1ndome este aprendizaje.<br \/>\n<strong>Adeuuu<\/strong> ***<\/p>\n","protected":false},"excerpt":{"rendered":"<p>28-mar\u00e7-2017 Autor: David Miranda Mota, SVE portugu\u00e8s a Barcelona i [&hellip;]<\/p>\n","protected":false},"author":3,"featured_media":4547,"comment_status":"closed","ping_status":"closed","sticky":false,"template":"","format":"standard","meta":{"om_disable_all_campaigns":false,"_monsterinsights_skip_tracking":false,"_monsterinsights_sitenote_active":false,"_monsterinsights_sitenote_note":"","_monsterinsights_sitenote_category":0,"_uf_show_specific_survey":0,"_uf_disable_surveys":false,"footnotes":""},"categories":[1168],"tags":[],"class_list":["post-4543","post","type-post","status-publish","format-standard","has-post-thumbnail","hentry","category-creuant_mirades"],"yoast_head":"<!-- This site is optimized with the Yoast SEO plugin v27.5 - https:\/\/yoast.com\/product\/yoast-seo-wordpress\/ -->\n<title>Excursions de llums i colors - Esplac<\/title>\n<meta name=\"robots\" content=\"index, follow, max-snippet:-1, max-image-preview:large, max-video-preview:-1\" \/>\n<link rel=\"canonical\" href=\"https:\/\/www.esplac.cat\/excursions-de-llums-i-colors\/\" \/>\n<meta property=\"og:locale\" content=\"es_ES\" \/>\n<meta property=\"og:type\" content=\"article\" \/>\n<meta property=\"og:title\" content=\"Excursions de llums i colors - Esplac\" \/>\n<meta property=\"og:description\" content=\"28-mar\u00e7-2017 Autor: David Miranda Mota, SVE portugu\u00e8s a Barcelona i [&hellip;]\" \/>\n<meta property=\"og:url\" content=\"https:\/\/www.esplac.cat\/excursions-de-llums-i-colors\/\" \/>\n<meta property=\"og:site_name\" content=\"Esplac\" \/>\n<meta property=\"article:published_time\" content=\"2018-03-28T09:17:34+00:00\" \/>\n<meta property=\"article:modified_time\" content=\"2019-11-28T13:24:16+00:00\" \/>\n<meta property=\"og:image\" content=\"https:\/\/www.esplac.cat\/wp-content\/uploads\/2019\/11\/logo-open.jpg\" \/>\n\t<meta property=\"og:image:width\" content=\"1200\" \/>\n\t<meta property=\"og:image:height\" content=\"630\" \/>\n\t<meta property=\"og:image:type\" content=\"image\/jpeg\" \/>\n<meta name=\"author\" content=\"Comunicaci\u00f3 Esplac\" \/>\n<meta name=\"twitter:card\" content=\"summary_large_image\" \/>\n<meta name=\"twitter:label1\" content=\"Escrito por\" \/>\n\t<meta name=\"twitter:data1\" content=\"Comunicaci\u00f3 Esplac\" \/>\n\t<meta name=\"twitter:label2\" content=\"Tiempo de lectura\" \/>\n\t<meta name=\"twitter:data2\" content=\"6 minutos\" \/>\n<script type=\"application\/ld+json\" class=\"yoast-schema-graph\">{\"@context\":\"https:\\\/\\\/schema.org\",\"@graph\":[{\"@type\":\"Article\",\"@id\":\"https:\\\/\\\/www.esplac.cat\\\/excursions-de-llums-i-colors\\\/#article\",\"isPartOf\":{\"@id\":\"https:\\\/\\\/www.esplac.cat\\\/excursions-de-llums-i-colors\\\/\"},\"author\":{\"name\":\"Comunicaci\u00f3 Esplac\",\"@id\":\"https:\\\/\\\/www.esplac.cat\\\/#\\\/schema\\\/person\\\/908383cf240be18b68f8855d0583faca\"},\"headline\":\"Excursions de llums i colors\",\"datePublished\":\"2018-03-28T09:17:34+00:00\",\"dateModified\":\"2019-11-28T13:24:16+00:00\",\"mainEntityOfPage\":{\"@id\":\"https:\\\/\\\/www.esplac.cat\\\/excursions-de-llums-i-colors\\\/\"},\"wordCount\":1261,\"publisher\":{\"@id\":\"https:\\\/\\\/www.esplac.cat\\\/#organization\"},\"image\":{\"@id\":\"https:\\\/\\\/www.esplac.cat\\\/excursions-de-llums-i-colors\\\/#primaryimage\"},\"thumbnailUrl\":\"\",\"articleSection\":[\"Creuant mirades\"],\"inLanguage\":\"es\"},{\"@type\":\"WebPage\",\"@id\":\"https:\\\/\\\/www.esplac.cat\\\/excursions-de-llums-i-colors\\\/\",\"url\":\"https:\\\/\\\/www.esplac.cat\\\/excursions-de-llums-i-colors\\\/\",\"name\":\"Excursions de llums i colors - Esplac\",\"isPartOf\":{\"@id\":\"https:\\\/\\\/www.esplac.cat\\\/#website\"},\"primaryImageOfPage\":{\"@id\":\"https:\\\/\\\/www.esplac.cat\\\/excursions-de-llums-i-colors\\\/#primaryimage\"},\"image\":{\"@id\":\"https:\\\/\\\/www.esplac.cat\\\/excursions-de-llums-i-colors\\\/#primaryimage\"},\"thumbnailUrl\":\"\",\"datePublished\":\"2018-03-28T09:17:34+00:00\",\"dateModified\":\"2019-11-28T13:24:16+00:00\",\"breadcrumb\":{\"@id\":\"https:\\\/\\\/www.esplac.cat\\\/excursions-de-llums-i-colors\\\/#breadcrumb\"},\"inLanguage\":\"es\",\"potentialAction\":[{\"@type\":\"ReadAction\",\"target\":[\"https:\\\/\\\/www.esplac.cat\\\/excursions-de-llums-i-colors\\\/\"]}]},{\"@type\":\"ImageObject\",\"inLanguage\":\"es\",\"@id\":\"https:\\\/\\\/www.esplac.cat\\\/excursions-de-llums-i-colors\\\/#primaryimage\",\"url\":\"\",\"contentUrl\":\"\"},{\"@type\":\"BreadcrumbList\",\"@id\":\"https:\\\/\\\/www.esplac.cat\\\/excursions-de-llums-i-colors\\\/#breadcrumb\",\"itemListElement\":[{\"@type\":\"ListItem\",\"position\":1,\"name\":\"Inici\",\"item\":\"https:\\\/\\\/www.esplac.cat\\\/es\\\/\"},{\"@type\":\"ListItem\",\"position\":2,\"name\":\"Excursions de llums i colors\"}]},{\"@type\":\"WebSite\",\"@id\":\"https:\\\/\\\/www.esplac.cat\\\/#website\",\"url\":\"https:\\\/\\\/www.esplac.cat\\\/\",\"name\":\"Esplac\",\"description\":\"Esplais Catalans\",\"publisher\":{\"@id\":\"https:\\\/\\\/www.esplac.cat\\\/#organization\"},\"potentialAction\":[{\"@type\":\"SearchAction\",\"target\":{\"@type\":\"EntryPoint\",\"urlTemplate\":\"https:\\\/\\\/www.esplac.cat\\\/?s={search_term_string}\"},\"query-input\":{\"@type\":\"PropertyValueSpecification\",\"valueRequired\":true,\"valueName\":\"search_term_string\"}}],\"inLanguage\":\"es\"},{\"@type\":\"Organization\",\"@id\":\"https:\\\/\\\/www.esplac.cat\\\/#organization\",\"name\":\"Esplac\",\"url\":\"https:\\\/\\\/www.esplac.cat\\\/\",\"logo\":{\"@type\":\"ImageObject\",\"inLanguage\":\"es\",\"@id\":\"https:\\\/\\\/www.esplac.cat\\\/#\\\/schema\\\/logo\\\/image\\\/\",\"url\":\"https:\\\/\\\/www.esplac.cat\\\/wp-content\\\/uploads\\\/2019\\\/08\\\/logox2.png\",\"contentUrl\":\"https:\\\/\\\/www.esplac.cat\\\/wp-content\\\/uploads\\\/2019\\\/08\\\/logox2.png\",\"width\":600,\"height\":295,\"caption\":\"Esplac\"},\"image\":{\"@id\":\"https:\\\/\\\/www.esplac.cat\\\/#\\\/schema\\\/logo\\\/image\\\/\"}},{\"@type\":\"Person\",\"@id\":\"https:\\\/\\\/www.esplac.cat\\\/#\\\/schema\\\/person\\\/908383cf240be18b68f8855d0583faca\",\"name\":\"Comunicaci\u00f3 Esplac\",\"image\":{\"@type\":\"ImageObject\",\"inLanguage\":\"es\",\"@id\":\"https:\\\/\\\/secure.gravatar.com\\\/avatar\\\/7a4cf8feb412a76ea4a740ca02d95b06b2907b5a6c648c2dd0a1082a093c3141?s=96&d=mm&r=g\",\"url\":\"https:\\\/\\\/secure.gravatar.com\\\/avatar\\\/7a4cf8feb412a76ea4a740ca02d95b06b2907b5a6c648c2dd0a1082a093c3141?s=96&d=mm&r=g\",\"contentUrl\":\"https:\\\/\\\/secure.gravatar.com\\\/avatar\\\/7a4cf8feb412a76ea4a740ca02d95b06b2907b5a6c648c2dd0a1082a093c3141?s=96&d=mm&r=g\",\"caption\":\"Comunicaci\u00f3 Esplac\"}}]}<\/script>\n<!-- \/ Yoast SEO plugin. -->","yoast_head_json":{"title":"Excursions de llums i colors - Esplac","robots":{"index":"index","follow":"follow","max-snippet":"max-snippet:-1","max-image-preview":"max-image-preview:large","max-video-preview":"max-video-preview:-1"},"canonical":"https:\/\/www.esplac.cat\/excursions-de-llums-i-colors\/","og_locale":"es_ES","og_type":"article","og_title":"Excursions de llums i colors - Esplac","og_description":"28-mar\u00e7-2017 Autor: David Miranda Mota, SVE portugu\u00e8s a Barcelona i [&hellip;]","og_url":"https:\/\/www.esplac.cat\/excursions-de-llums-i-colors\/","og_site_name":"Esplac","article_published_time":"2018-03-28T09:17:34+00:00","article_modified_time":"2019-11-28T13:24:16+00:00","og_image":[{"width":1200,"height":630,"url":"https:\/\/www.esplac.cat\/wp-content\/uploads\/2019\/11\/logo-open.jpg","type":"image\/jpeg"}],"author":"Comunicaci\u00f3 Esplac","twitter_card":"summary_large_image","twitter_misc":{"Escrito por":"Comunicaci\u00f3 Esplac","Tiempo de lectura":"6 minutos"},"schema":{"@context":"https:\/\/schema.org","@graph":[{"@type":"Article","@id":"https:\/\/www.esplac.cat\/excursions-de-llums-i-colors\/#article","isPartOf":{"@id":"https:\/\/www.esplac.cat\/excursions-de-llums-i-colors\/"},"author":{"name":"Comunicaci\u00f3 Esplac","@id":"https:\/\/www.esplac.cat\/#\/schema\/person\/908383cf240be18b68f8855d0583faca"},"headline":"Excursions de llums i colors","datePublished":"2018-03-28T09:17:34+00:00","dateModified":"2019-11-28T13:24:16+00:00","mainEntityOfPage":{"@id":"https:\/\/www.esplac.cat\/excursions-de-llums-i-colors\/"},"wordCount":1261,"publisher":{"@id":"https:\/\/www.esplac.cat\/#organization"},"image":{"@id":"https:\/\/www.esplac.cat\/excursions-de-llums-i-colors\/#primaryimage"},"thumbnailUrl":"","articleSection":["Creuant mirades"],"inLanguage":"es"},{"@type":"WebPage","@id":"https:\/\/www.esplac.cat\/excursions-de-llums-i-colors\/","url":"https:\/\/www.esplac.cat\/excursions-de-llums-i-colors\/","name":"Excursions de llums i colors - Esplac","isPartOf":{"@id":"https:\/\/www.esplac.cat\/#website"},"primaryImageOfPage":{"@id":"https:\/\/www.esplac.cat\/excursions-de-llums-i-colors\/#primaryimage"},"image":{"@id":"https:\/\/www.esplac.cat\/excursions-de-llums-i-colors\/#primaryimage"},"thumbnailUrl":"","datePublished":"2018-03-28T09:17:34+00:00","dateModified":"2019-11-28T13:24:16+00:00","breadcrumb":{"@id":"https:\/\/www.esplac.cat\/excursions-de-llums-i-colors\/#breadcrumb"},"inLanguage":"es","potentialAction":[{"@type":"ReadAction","target":["https:\/\/www.esplac.cat\/excursions-de-llums-i-colors\/"]}]},{"@type":"ImageObject","inLanguage":"es","@id":"https:\/\/www.esplac.cat\/excursions-de-llums-i-colors\/#primaryimage","url":"","contentUrl":""},{"@type":"BreadcrumbList","@id":"https:\/\/www.esplac.cat\/excursions-de-llums-i-colors\/#breadcrumb","itemListElement":[{"@type":"ListItem","position":1,"name":"Inici","item":"https:\/\/www.esplac.cat\/es\/"},{"@type":"ListItem","position":2,"name":"Excursions de llums i colors"}]},{"@type":"WebSite","@id":"https:\/\/www.esplac.cat\/#website","url":"https:\/\/www.esplac.cat\/","name":"Esplac","description":"Esplais Catalans","publisher":{"@id":"https:\/\/www.esplac.cat\/#organization"},"potentialAction":[{"@type":"SearchAction","target":{"@type":"EntryPoint","urlTemplate":"https:\/\/www.esplac.cat\/?s={search_term_string}"},"query-input":{"@type":"PropertyValueSpecification","valueRequired":true,"valueName":"search_term_string"}}],"inLanguage":"es"},{"@type":"Organization","@id":"https:\/\/www.esplac.cat\/#organization","name":"Esplac","url":"https:\/\/www.esplac.cat\/","logo":{"@type":"ImageObject","inLanguage":"es","@id":"https:\/\/www.esplac.cat\/#\/schema\/logo\/image\/","url":"https:\/\/www.esplac.cat\/wp-content\/uploads\/2019\/08\/logox2.png","contentUrl":"https:\/\/www.esplac.cat\/wp-content\/uploads\/2019\/08\/logox2.png","width":600,"height":295,"caption":"Esplac"},"image":{"@id":"https:\/\/www.esplac.cat\/#\/schema\/logo\/image\/"}},{"@type":"Person","@id":"https:\/\/www.esplac.cat\/#\/schema\/person\/908383cf240be18b68f8855d0583faca","name":"Comunicaci\u00f3 Esplac","image":{"@type":"ImageObject","inLanguage":"es","@id":"https:\/\/secure.gravatar.com\/avatar\/7a4cf8feb412a76ea4a740ca02d95b06b2907b5a6c648c2dd0a1082a093c3141?s=96&d=mm&r=g","url":"https:\/\/secure.gravatar.com\/avatar\/7a4cf8feb412a76ea4a740ca02d95b06b2907b5a6c648c2dd0a1082a093c3141?s=96&d=mm&r=g","contentUrl":"https:\/\/secure.gravatar.com\/avatar\/7a4cf8feb412a76ea4a740ca02d95b06b2907b5a6c648c2dd0a1082a093c3141?s=96&d=mm&r=g","caption":"Comunicaci\u00f3 Esplac"}}]}},"_links":{"self":[{"href":"https:\/\/www.esplac.cat\/es\/wp-json\/wp\/v2\/posts\/4543","targetHints":{"allow":["GET"]}}],"collection":[{"href":"https:\/\/www.esplac.cat\/es\/wp-json\/wp\/v2\/posts"}],"about":[{"href":"https:\/\/www.esplac.cat\/es\/wp-json\/wp\/v2\/types\/post"}],"author":[{"embeddable":true,"href":"https:\/\/www.esplac.cat\/es\/wp-json\/wp\/v2\/users\/3"}],"replies":[{"embeddable":true,"href":"https:\/\/www.esplac.cat\/es\/wp-json\/wp\/v2\/comments?post=4543"}],"version-history":[{"count":0,"href":"https:\/\/www.esplac.cat\/es\/wp-json\/wp\/v2\/posts\/4543\/revisions"}],"wp:featuredmedia":[{"embeddable":true,"href":"https:\/\/www.esplac.cat\/es\/wp-json\/"}],"wp:attachment":[{"href":"https:\/\/www.esplac.cat\/es\/wp-json\/wp\/v2\/media?parent=4543"}],"wp:term":[{"taxonomy":"category","embeddable":true,"href":"https:\/\/www.esplac.cat\/es\/wp-json\/wp\/v2\/categories?post=4543"},{"taxonomy":"post_tag","embeddable":true,"href":"https:\/\/www.esplac.cat\/es\/wp-json\/wp\/v2\/tags?post=4543"}],"curies":[{"name":"wp","href":"https:\/\/api.w.org\/{rel}","templated":true}]}}