{"id":45466,"date":"2023-05-24T10:02:06","date_gmt":"2023-05-24T08:02:06","guid":{"rendered":"https:\/\/www.esplac.cat\/?p=45466"},"modified":"2023-05-24T10:02:06","modified_gmt":"2023-05-24T08:02:06","slug":"queer-easter-2023-lets-talk-about-sex","status":"publish","type":"post","link":"https:\/\/www.esplac.cat\/es\/queer-easter-2023-lets-talk-about-sex\/","title":{"rendered":"QUEER EASTER 2023: Let\u2019s talk about sex!"},"content":{"rendered":"<h6><strong>Com van viure la Queer Easter 2023 les monis d&#8217;Esplais Catalans? Llegeix la seva cr\u00f2nica!<\/strong><\/h6>\n<p>Autoria: Monitores i monitors d\u2019esplais d\u2019Esplac participants de la Queer Easter (Alemanya).<\/p>\n<hr \/>\n<p>A principis d&#8217;abril 6 monitores de diferents esplais d&#8217;<span style=\"color: #f69d0b;\"><a style=\"color: #f69d0b;\" href=\"https:\/\/www.esplac.cat\/\" target=\"_blank\" rel=\"noopener\"><strong>Esplac<\/strong> <\/a><\/span>vam agafar un vol, direcci\u00f3 a Berl\u00edn. Una vegada arribes a Berl\u00edn, hi ha diversos trens durant el dia que pots agafar fins al <a href=\"https:\/\/www.kurt-loewenstein.de\/de\/englische_seite\/index.html\" target=\"_blank\" rel=\"noopener\"><span style=\"color: #f69d0b;\"><strong>Centre Kurt L\u00f6wenstein<\/strong><\/span><\/a>, aix\u00ed que es pot aprofitar per a fer una mica de turisme a Berl\u00edn ciutat! El trajecte fins al centre formatiu no dura gaire m\u00e9s d&#8217;una hora. Quan vam arribar-hi, des del primer moment ens hi vam sentir com a casa. Una vegada arribes, et fan un test de covid (s\u00ed, a Alemanya es continuen fent tests de covid) i es trien les habitacions. Pots triar amb qui vols anar a l&#8217;habitaci\u00f3 o pots compartir amb altres membres de la casa!<\/p>\n<p>El primer dia (l&#8217;endem\u00e0 d&#8217;arribar) es fan unes formacions comunes per a totes les persones de la casa i s&#8217;introdueixen els grups dels seminaris dels seg\u00fcents dies. Tamb\u00e9 es fan activitats comunes amb tots els integrants per a con\u00e8ixer gent fora del teu grup de formacions. La primera nit va tenir lloc l'\u00bbsnack evening\u00bb, on cada organitzaci\u00f3 presentava el seu projecte i vam poder tastar menjars t\u00edpics d&#8217;arreu del m\u00f3n.<\/p>\n<p>Al Centre Kurt Low\u00ebinstein, de seguida vam comen\u00e7ar a <strong>con\u00e8ixer persones de diferents moviments juvenils de tot el m\u00f3n<\/strong> (des de partits pol\u00edtics socialistes, fins a altres esplais, projectes de comunitats de joves&#8230;), i vam poder parlar amb totes elles sobre el fil conductor del seminari: <strong>la sexualitat i el g\u00e8nere dins del col\u00b7lectiu lgbtiq+<\/strong>.<\/p>\n<p>Els diferents tracks (molt variats i per tots els gustos!) ens van permetre triar sobre quin tema vol\u00edem aprofundir durant la setmana. <strong>Poliamor i relacions no-mon\u00f2games, drets sexuals i reproductius, treball sexual, identitat i expressi\u00f3 de g\u00e8nere, feminisme, pr\u00e0ctiques sexuals de tota mena, orientacions sexuals&#8230; no vam deixar d&#8217;aprendre ni un sol moment!<\/strong> Durant tota la setmana es van fer diversos seminaris (dos al dia, de 3 hores cada seminari), on s&#8217;aprofundia en el tema de la formaci\u00f3 triada. A part d&#8217;aix\u00f2, cada vespre es feia una activitat diferent, on podies compartir espais amb la gent de la casa i tractar diversos temes fora de les formacions (es va fer una nit de Woman&amp;Trans, una nit de cantar can\u00e7ons a la foguera&#8230;).<\/p>\n<p>A part de les estones formatives, tamb\u00e9 vam poder visitar Berl\u00edn un dia sencer, anant al museu Queer i al memorial de l&#8217;Holocaust. Era un dia totalment lliure i a part dels museus, podies visitar Berl\u00edn pel teu compte, o simplement quedar-te a la casa.<\/p>\n<p>L&#8217;\u00faltim dia es van organitzar xerrades proposades pels propis membres de la casa, on s&#8217;aprofundeix en temes tractats durant la formaci\u00f3 o se&#8217;n proposaven altres de nous, i cadasc\u00fa podia compartir el qu\u00e8 volia. La veritat \u00e9s que ens va costar molt triar a quines anar&#8230; Tot era tan interessant! En aquests tipus d&#8217;espais es creen <strong>ambients molt segurs i oberts i s\u00f3n l&#8217;espai perfecte de parlar de temes que normalment no tractem dia a dia, per\u00f2 tenim molt presents<\/strong>.<\/p>\n<p>L&#8217;\u00faltim dia, vam dir adeu a la casa i a totes les persones incre\u00efbles que hi vam con\u00e8ixer, amb qui hem fet molt bona amistat i esperem tornar a coincidir. Una de les millors coses d&#8217;aquests espais internacionals \u00e9s con\u00e8ixer a gent d&#8217;arreu del m\u00f3n i poder compartir versions i punts de vista diferents de la cultura de cada pa\u00eds. Quan s&#8217;acaba la setmana marxes amb amics d&#8217;arreu d&#8217;Europa.<\/p>\n<p><strong> Us animem a participar en aquestes activitats internacionals com a monitores d&#8217;esplai! Viureu una experi\u00e8ncia inoblidable.<\/strong><\/p>\n<p>&nbsp;<\/p>\n<div style=\"width: 368px;\" class=\"wp-video\"><!--[if lt IE 9]><script>document.createElement('video');<\/script><![endif]-->\n<video class=\"wp-video-shortcode\" id=\"video-45466-1\" width=\"368\" height=\"640\" preload=\"metadata\" controls=\"controls\"><source type=\"video\/mp4\" src=\"https:\/\/www.esplac.cat\/wp-content\/uploads\/2023\/05\/Video-QE-23.mp4?_=1\" \/><a href=\"https:\/\/www.esplac.cat\/wp-content\/uploads\/2023\/05\/Video-QE-23.mp4\">https:\/\/www.esplac.cat\/wp-content\/uploads\/2023\/05\/Video-QE-23.mp4<\/a><\/video><\/div>\n","protected":false},"excerpt":{"rendered":"<p>Com van viure la Queer Easter 2023 les monis d&#8217;Esplais [&hellip;]<\/p>\n","protected":false},"author":3,"featured_media":45472,"comment_status":"closed","ping_status":"closed","sticky":false,"template":"","format":"standard","meta":{"om_disable_all_campaigns":false,"_monsterinsights_skip_tracking":false,"_monsterinsights_sitenote_active":false,"_monsterinsights_sitenote_note":"","_monsterinsights_sitenote_category":0,"_uf_show_specific_survey":0,"_uf_disable_surveys":false,"footnotes":""},"categories":[1168],"tags":[],"class_list":["post-45466","post","type-post","status-publish","format-standard","has-post-thumbnail","hentry","category-creuant_mirades"],"yoast_head":"<!-- This site is optimized with the Yoast SEO plugin v27.5 - https:\/\/yoast.com\/product\/yoast-seo-wordpress\/ -->\n<title>QUEER EASTER 2023: Let\u2019s talk about sex! - Esplac<\/title>\n<meta name=\"description\" content=\"Com van viure la Queer Easter 2023: Let&#039;s Talk about sex les monis d&#039;Esplais Catalans? Llegeix la seva cr\u00f2nica!\" \/>\n<meta name=\"robots\" content=\"index, follow, max-snippet:-1, max-image-preview:large, max-video-preview:-1\" \/>\n<link rel=\"canonical\" href=\"https:\/\/www.esplac.cat\/queer-easter-2023-lets-talk-about-sex\/\" \/>\n<meta property=\"og:locale\" content=\"es_ES\" \/>\n<meta property=\"og:type\" content=\"article\" \/>\n<meta property=\"og:title\" content=\"QUEER EASTER 2023: Let\u2019s talk about sex! - Esplac\" \/>\n<meta property=\"og:description\" content=\"Com van viure la Queer Easter 2023: Let&#039;s Talk about sex les monis d&#039;Esplais Catalans? Llegeix la seva cr\u00f2nica!\" \/>\n<meta property=\"og:url\" content=\"https:\/\/www.esplac.cat\/queer-easter-2023-lets-talk-about-sex\/\" \/>\n<meta property=\"og:site_name\" content=\"Esplac\" \/>\n<meta property=\"article:published_time\" content=\"2023-05-24T08:02:06+00:00\" \/>\n<meta property=\"og:image\" content=\"https:\/\/www.esplac.cat\/wp-content\/uploads\/2023\/05\/Portades-Web-9.jpg\" \/>\n\t<meta property=\"og:image:width\" content=\"1697\" \/>\n\t<meta property=\"og:image:height\" content=\"700\" \/>\n\t<meta property=\"og:image:type\" content=\"image\/jpeg\" \/>\n<meta name=\"author\" content=\"Comunicaci\u00f3 Esplac\" \/>\n<meta name=\"twitter:card\" content=\"summary_large_image\" \/>\n<meta name=\"twitter:label1\" content=\"Escrito por\" \/>\n\t<meta name=\"twitter:data1\" content=\"Comunicaci\u00f3 Esplac\" \/>\n\t<meta name=\"twitter:label2\" content=\"Tiempo de lectura\" \/>\n\t<meta name=\"twitter:data2\" content=\"4 minutos\" \/>\n<script type=\"application\/ld+json\" class=\"yoast-schema-graph\">{\"@context\":\"https:\\\/\\\/schema.org\",\"@graph\":[{\"@type\":\"Article\",\"@id\":\"https:\\\/\\\/www.esplac.cat\\\/queer-easter-2023-lets-talk-about-sex\\\/#article\",\"isPartOf\":{\"@id\":\"https:\\\/\\\/www.esplac.cat\\\/queer-easter-2023-lets-talk-about-sex\\\/\"},\"author\":{\"name\":\"Comunicaci\u00f3 Esplac\",\"@id\":\"https:\\\/\\\/www.esplac.cat\\\/#\\\/schema\\\/person\\\/908383cf240be18b68f8855d0583faca\"},\"headline\":\"QUEER EASTER 2023: Let\u2019s talk about sex!\",\"datePublished\":\"2023-05-24T08:02:06+00:00\",\"mainEntityOfPage\":{\"@id\":\"https:\\\/\\\/www.esplac.cat\\\/queer-easter-2023-lets-talk-about-sex\\\/\"},\"wordCount\":680,\"publisher\":{\"@id\":\"https:\\\/\\\/www.esplac.cat\\\/#organization\"},\"image\":{\"@id\":\"https:\\\/\\\/www.esplac.cat\\\/queer-easter-2023-lets-talk-about-sex\\\/#primaryimage\"},\"thumbnailUrl\":\"https:\\\/\\\/www.esplac.cat\\\/wp-content\\\/uploads\\\/2023\\\/05\\\/Portades-Web-9.jpg\",\"articleSection\":[\"Creuant mirades\"],\"inLanguage\":\"es\"},{\"@type\":\"WebPage\",\"@id\":\"https:\\\/\\\/www.esplac.cat\\\/queer-easter-2023-lets-talk-about-sex\\\/\",\"url\":\"https:\\\/\\\/www.esplac.cat\\\/queer-easter-2023-lets-talk-about-sex\\\/\",\"name\":\"QUEER EASTER 2023: Let\u2019s talk about sex! - Esplac\",\"isPartOf\":{\"@id\":\"https:\\\/\\\/www.esplac.cat\\\/#website\"},\"primaryImageOfPage\":{\"@id\":\"https:\\\/\\\/www.esplac.cat\\\/queer-easter-2023-lets-talk-about-sex\\\/#primaryimage\"},\"image\":{\"@id\":\"https:\\\/\\\/www.esplac.cat\\\/queer-easter-2023-lets-talk-about-sex\\\/#primaryimage\"},\"thumbnailUrl\":\"https:\\\/\\\/www.esplac.cat\\\/wp-content\\\/uploads\\\/2023\\\/05\\\/Portades-Web-9.jpg\",\"datePublished\":\"2023-05-24T08:02:06+00:00\",\"description\":\"Com van viure la Queer Easter 2023: Let's Talk about sex les monis d'Esplais Catalans? Llegeix la seva cr\u00f2nica!\",\"breadcrumb\":{\"@id\":\"https:\\\/\\\/www.esplac.cat\\\/queer-easter-2023-lets-talk-about-sex\\\/#breadcrumb\"},\"inLanguage\":\"es\",\"potentialAction\":[{\"@type\":\"ReadAction\",\"target\":[\"https:\\\/\\\/www.esplac.cat\\\/queer-easter-2023-lets-talk-about-sex\\\/\"]}]},{\"@type\":\"ImageObject\",\"inLanguage\":\"es\",\"@id\":\"https:\\\/\\\/www.esplac.cat\\\/queer-easter-2023-lets-talk-about-sex\\\/#primaryimage\",\"url\":\"https:\\\/\\\/www.esplac.cat\\\/wp-content\\\/uploads\\\/2023\\\/05\\\/Portades-Web-9.jpg\",\"contentUrl\":\"https:\\\/\\\/www.esplac.cat\\\/wp-content\\\/uploads\\\/2023\\\/05\\\/Portades-Web-9.jpg\",\"width\":1697,\"height\":700,\"caption\":\"Queer Easter 2023\"},{\"@type\":\"BreadcrumbList\",\"@id\":\"https:\\\/\\\/www.esplac.cat\\\/queer-easter-2023-lets-talk-about-sex\\\/#breadcrumb\",\"itemListElement\":[{\"@type\":\"ListItem\",\"position\":1,\"name\":\"Inici\",\"item\":\"https:\\\/\\\/www.esplac.cat\\\/es\\\/\"},{\"@type\":\"ListItem\",\"position\":2,\"name\":\"QUEER EASTER 2023: Let\u2019s talk about sex!\"}]},{\"@type\":\"WebSite\",\"@id\":\"https:\\\/\\\/www.esplac.cat\\\/#website\",\"url\":\"https:\\\/\\\/www.esplac.cat\\\/\",\"name\":\"Esplac\",\"description\":\"Esplais Catalans\",\"publisher\":{\"@id\":\"https:\\\/\\\/www.esplac.cat\\\/#organization\"},\"potentialAction\":[{\"@type\":\"SearchAction\",\"target\":{\"@type\":\"EntryPoint\",\"urlTemplate\":\"https:\\\/\\\/www.esplac.cat\\\/?s={search_term_string}\"},\"query-input\":{\"@type\":\"PropertyValueSpecification\",\"valueRequired\":true,\"valueName\":\"search_term_string\"}}],\"inLanguage\":\"es\"},{\"@type\":\"Organization\",\"@id\":\"https:\\\/\\\/www.esplac.cat\\\/#organization\",\"name\":\"Esplac\",\"url\":\"https:\\\/\\\/www.esplac.cat\\\/\",\"logo\":{\"@type\":\"ImageObject\",\"inLanguage\":\"es\",\"@id\":\"https:\\\/\\\/www.esplac.cat\\\/#\\\/schema\\\/logo\\\/image\\\/\",\"url\":\"https:\\\/\\\/www.esplac.cat\\\/wp-content\\\/uploads\\\/2019\\\/08\\\/logox2.png\",\"contentUrl\":\"https:\\\/\\\/www.esplac.cat\\\/wp-content\\\/uploads\\\/2019\\\/08\\\/logox2.png\",\"width\":600,\"height\":295,\"caption\":\"Esplac\"},\"image\":{\"@id\":\"https:\\\/\\\/www.esplac.cat\\\/#\\\/schema\\\/logo\\\/image\\\/\"}},{\"@type\":\"Person\",\"@id\":\"https:\\\/\\\/www.esplac.cat\\\/#\\\/schema\\\/person\\\/908383cf240be18b68f8855d0583faca\",\"name\":\"Comunicaci\u00f3 Esplac\",\"image\":{\"@type\":\"ImageObject\",\"inLanguage\":\"es\",\"@id\":\"https:\\\/\\\/secure.gravatar.com\\\/avatar\\\/7a4cf8feb412a76ea4a740ca02d95b06b2907b5a6c648c2dd0a1082a093c3141?s=96&d=mm&r=g\",\"url\":\"https:\\\/\\\/secure.gravatar.com\\\/avatar\\\/7a4cf8feb412a76ea4a740ca02d95b06b2907b5a6c648c2dd0a1082a093c3141?s=96&d=mm&r=g\",\"contentUrl\":\"https:\\\/\\\/secure.gravatar.com\\\/avatar\\\/7a4cf8feb412a76ea4a740ca02d95b06b2907b5a6c648c2dd0a1082a093c3141?s=96&d=mm&r=g\",\"caption\":\"Comunicaci\u00f3 Esplac\"}}]}<\/script>\n<!-- \/ Yoast SEO plugin. -->","yoast_head_json":{"title":"QUEER EASTER 2023: Let\u2019s talk about sex! - Esplac","description":"Com van viure la Queer Easter 2023: Let's Talk about sex les monis d'Esplais Catalans? Llegeix la seva cr\u00f2nica!","robots":{"index":"index","follow":"follow","max-snippet":"max-snippet:-1","max-image-preview":"max-image-preview:large","max-video-preview":"max-video-preview:-1"},"canonical":"https:\/\/www.esplac.cat\/queer-easter-2023-lets-talk-about-sex\/","og_locale":"es_ES","og_type":"article","og_title":"QUEER EASTER 2023: Let\u2019s talk about sex! - Esplac","og_description":"Com van viure la Queer Easter 2023: Let's Talk about sex les monis d'Esplais Catalans? Llegeix la seva cr\u00f2nica!","og_url":"https:\/\/www.esplac.cat\/queer-easter-2023-lets-talk-about-sex\/","og_site_name":"Esplac","article_published_time":"2023-05-24T08:02:06+00:00","og_image":[{"width":1697,"height":700,"url":"https:\/\/www.esplac.cat\/wp-content\/uploads\/2023\/05\/Portades-Web-9.jpg","type":"image\/jpeg"}],"author":"Comunicaci\u00f3 Esplac","twitter_card":"summary_large_image","twitter_misc":{"Escrito por":"Comunicaci\u00f3 Esplac","Tiempo de lectura":"4 minutos"},"schema":{"@context":"https:\/\/schema.org","@graph":[{"@type":"Article","@id":"https:\/\/www.esplac.cat\/queer-easter-2023-lets-talk-about-sex\/#article","isPartOf":{"@id":"https:\/\/www.esplac.cat\/queer-easter-2023-lets-talk-about-sex\/"},"author":{"name":"Comunicaci\u00f3 Esplac","@id":"https:\/\/www.esplac.cat\/#\/schema\/person\/908383cf240be18b68f8855d0583faca"},"headline":"QUEER EASTER 2023: Let\u2019s talk about sex!","datePublished":"2023-05-24T08:02:06+00:00","mainEntityOfPage":{"@id":"https:\/\/www.esplac.cat\/queer-easter-2023-lets-talk-about-sex\/"},"wordCount":680,"publisher":{"@id":"https:\/\/www.esplac.cat\/#organization"},"image":{"@id":"https:\/\/www.esplac.cat\/queer-easter-2023-lets-talk-about-sex\/#primaryimage"},"thumbnailUrl":"https:\/\/www.esplac.cat\/wp-content\/uploads\/2023\/05\/Portades-Web-9.jpg","articleSection":["Creuant mirades"],"inLanguage":"es"},{"@type":"WebPage","@id":"https:\/\/www.esplac.cat\/queer-easter-2023-lets-talk-about-sex\/","url":"https:\/\/www.esplac.cat\/queer-easter-2023-lets-talk-about-sex\/","name":"QUEER EASTER 2023: Let\u2019s talk about sex! - Esplac","isPartOf":{"@id":"https:\/\/www.esplac.cat\/#website"},"primaryImageOfPage":{"@id":"https:\/\/www.esplac.cat\/queer-easter-2023-lets-talk-about-sex\/#primaryimage"},"image":{"@id":"https:\/\/www.esplac.cat\/queer-easter-2023-lets-talk-about-sex\/#primaryimage"},"thumbnailUrl":"https:\/\/www.esplac.cat\/wp-content\/uploads\/2023\/05\/Portades-Web-9.jpg","datePublished":"2023-05-24T08:02:06+00:00","description":"Com van viure la Queer Easter 2023: Let's Talk about sex les monis d'Esplais Catalans? Llegeix la seva cr\u00f2nica!","breadcrumb":{"@id":"https:\/\/www.esplac.cat\/queer-easter-2023-lets-talk-about-sex\/#breadcrumb"},"inLanguage":"es","potentialAction":[{"@type":"ReadAction","target":["https:\/\/www.esplac.cat\/queer-easter-2023-lets-talk-about-sex\/"]}]},{"@type":"ImageObject","inLanguage":"es","@id":"https:\/\/www.esplac.cat\/queer-easter-2023-lets-talk-about-sex\/#primaryimage","url":"https:\/\/www.esplac.cat\/wp-content\/uploads\/2023\/05\/Portades-Web-9.jpg","contentUrl":"https:\/\/www.esplac.cat\/wp-content\/uploads\/2023\/05\/Portades-Web-9.jpg","width":1697,"height":700,"caption":"Queer Easter 2023"},{"@type":"BreadcrumbList","@id":"https:\/\/www.esplac.cat\/queer-easter-2023-lets-talk-about-sex\/#breadcrumb","itemListElement":[{"@type":"ListItem","position":1,"name":"Inici","item":"https:\/\/www.esplac.cat\/es\/"},{"@type":"ListItem","position":2,"name":"QUEER EASTER 2023: Let\u2019s talk about sex!"}]},{"@type":"WebSite","@id":"https:\/\/www.esplac.cat\/#website","url":"https:\/\/www.esplac.cat\/","name":"Esplac","description":"Esplais Catalans","publisher":{"@id":"https:\/\/www.esplac.cat\/#organization"},"potentialAction":[{"@type":"SearchAction","target":{"@type":"EntryPoint","urlTemplate":"https:\/\/www.esplac.cat\/?s={search_term_string}"},"query-input":{"@type":"PropertyValueSpecification","valueRequired":true,"valueName":"search_term_string"}}],"inLanguage":"es"},{"@type":"Organization","@id":"https:\/\/www.esplac.cat\/#organization","name":"Esplac","url":"https:\/\/www.esplac.cat\/","logo":{"@type":"ImageObject","inLanguage":"es","@id":"https:\/\/www.esplac.cat\/#\/schema\/logo\/image\/","url":"https:\/\/www.esplac.cat\/wp-content\/uploads\/2019\/08\/logox2.png","contentUrl":"https:\/\/www.esplac.cat\/wp-content\/uploads\/2019\/08\/logox2.png","width":600,"height":295,"caption":"Esplac"},"image":{"@id":"https:\/\/www.esplac.cat\/#\/schema\/logo\/image\/"}},{"@type":"Person","@id":"https:\/\/www.esplac.cat\/#\/schema\/person\/908383cf240be18b68f8855d0583faca","name":"Comunicaci\u00f3 Esplac","image":{"@type":"ImageObject","inLanguage":"es","@id":"https:\/\/secure.gravatar.com\/avatar\/7a4cf8feb412a76ea4a740ca02d95b06b2907b5a6c648c2dd0a1082a093c3141?s=96&d=mm&r=g","url":"https:\/\/secure.gravatar.com\/avatar\/7a4cf8feb412a76ea4a740ca02d95b06b2907b5a6c648c2dd0a1082a093c3141?s=96&d=mm&r=g","contentUrl":"https:\/\/secure.gravatar.com\/avatar\/7a4cf8feb412a76ea4a740ca02d95b06b2907b5a6c648c2dd0a1082a093c3141?s=96&d=mm&r=g","caption":"Comunicaci\u00f3 Esplac"}}]}},"_links":{"self":[{"href":"https:\/\/www.esplac.cat\/es\/wp-json\/wp\/v2\/posts\/45466","targetHints":{"allow":["GET"]}}],"collection":[{"href":"https:\/\/www.esplac.cat\/es\/wp-json\/wp\/v2\/posts"}],"about":[{"href":"https:\/\/www.esplac.cat\/es\/wp-json\/wp\/v2\/types\/post"}],"author":[{"embeddable":true,"href":"https:\/\/www.esplac.cat\/es\/wp-json\/wp\/v2\/users\/3"}],"replies":[{"embeddable":true,"href":"https:\/\/www.esplac.cat\/es\/wp-json\/wp\/v2\/comments?post=45466"}],"version-history":[{"count":0,"href":"https:\/\/www.esplac.cat\/es\/wp-json\/wp\/v2\/posts\/45466\/revisions"}],"wp:featuredmedia":[{"embeddable":true,"href":"https:\/\/www.esplac.cat\/es\/wp-json\/wp\/v2\/media\/45472"}],"wp:attachment":[{"href":"https:\/\/www.esplac.cat\/es\/wp-json\/wp\/v2\/media?parent=45466"}],"wp:term":[{"taxonomy":"category","embeddable":true,"href":"https:\/\/www.esplac.cat\/es\/wp-json\/wp\/v2\/categories?post=45466"},{"taxonomy":"post_tag","embeddable":true,"href":"https:\/\/www.esplac.cat\/es\/wp-json\/wp\/v2\/tags?post=45466"}],"curies":[{"name":"wp","href":"https:\/\/api.w.org\/{rel}","templated":true}]}}