{"id":45491,"date":"2023-05-31T09:48:28","date_gmt":"2023-05-31T07:48:28","guid":{"rendered":"https:\/\/www.esplac.cat\/?p=45491"},"modified":"2023-05-31T09:48:28","modified_gmt":"2023-05-31T07:48:28","slug":"mes-200-infants-participen-trobada-general-sector-bages-bergueda-cerdanya","status":"publish","type":"post","link":"https:\/\/www.esplac.cat\/es\/mes-200-infants-participen-trobada-general-sector-bages-bergueda-cerdanya\/","title":{"rendered":"M\u00e9s de 200 infants participen a la Trobada General del Sector Bages, Bergued\u00e0 i La Cerdanya"},"content":{"rendered":"<h6><strong>El passat dissabte 27 de maig, el Sector Bages, Bergued\u00e0 i La Cerdanya va celebrar la Trobada General de Sector! Aquest cop l\u2019<a href=\"http:\/\/esplailairet.blogspot.com\/\" target=\"_blank\" rel=\"noopener\">esplai Lairet<\/a> ha acollit vora de 250 infants i monitores de 7 esplais del sector al seu poble, Sant Joan de Vilatorrada.\u00a0<\/strong><\/h6>\n<p><span style=\"font-weight: 400;\">La Trobada General del <a href=\"https:\/\/www.esplac.cat\/sectors-geografics\/bages-bergueda\/\" target=\"_blank\" rel=\"noopener\"><strong><span style=\"color: #f69d0b;\">Sector Bages, Bergued\u00e0 i La Cerdanya<\/span><\/strong><\/a> va comen\u00e7ar a les 10 del mat\u00ed. Abans d&#8217;esmorzar, les participants van fer algun joc per activar-se i trencar el gel. Despr\u00e9s, cada franja d\u2019edat va anar a un espai del poble per a fer din\u00e0miques i jocs relacionats amb els valors d\u2019Esplac, a partir dels quals reflexionar sobre l\u2019educaci\u00f3 en el lleure i els valors que s\u2019hi treballen. Tot plegat, va generar espais per a con\u00e8ixer i passar una bona estona amb altres infants i monis del sector.<\/span><\/p>\n<p><span style=\"font-weight: 400;\">Un cop acabat aquest espai per edats, tothom es va dirigir al pavell\u00f3 per a comen\u00e7ar el dinar de germanor i tancar la jornada. Com a cloenda hi havia preparat un fant\u00e0stic espai de karaoke i danses, que va posar punt final a una Trobada General de Sector incre\u00efble. D\u2019alguna manera o altra, segur que l&#8217;experi\u00e8ncia es repetir\u00e0 el curs vinent!<\/span><\/p>\n<p>En l\u2019actualitat, el Bages i Bergued\u00e0 est\u00e0 constitu\u00eft per un total de 16 esplais repartits al llarg de les comarques del Bages i del Bergued\u00e0. La seu del Sector est\u00e0 situada a Manresa, al Centre C\u00edvic de Joan Amades, juntament amb l\u2019Oficina Jove del Bages.<\/p>\n\n\t\t<style type=\"text\/css\">\n\t\t\t#gallery-1 {\n\t\t\t\tmargin: auto;\n\t\t\t}\n\t\t\t#gallery-1 .gallery-item {\n\t\t\t\tfloat: left;\n\t\t\t\tmargin-top: 10px;\n\t\t\t\ttext-align: center;\n\t\t\t\twidth: 33%;\n\t\t\t}\n\t\t\t#gallery-1 img {\n\t\t\t\tborder: 2px solid #cfcfcf;\n\t\t\t}\n\t\t\t#gallery-1 .gallery-caption {\n\t\t\t\tmargin-left: 0;\n\t\t\t}\n\t\t\t\/* see gallery_shortcode() in wp-includes\/media.php *\/\n\t\t<\/style>\n\t\t<div id='gallery-1' class='gallery galleryid-45491 gallery-columns-3 gallery-size-fusion-600'><dl class='gallery-item'>\n\t\t\t<dt class='gallery-icon landscape'>\n\t\t\t\t<a data-rel=\"iLightbox[postimages]\" data-title=\"1\" data-caption=\"\" href='https:\/\/www.esplac.cat\/es\/1-36-2-2\/'><img decoding=\"async\" width=\"600\" height=\"600\" src=\"https:\/\/www.esplac.cat\/wp-content\/uploads\/2023\/05\/1-600x600.jpg\" class=\"attachment-fusion-600 size-fusion-600\" alt=\"\" srcset=\"https:\/\/www.esplac.cat\/wp-content\/uploads\/2023\/05\/1-66x66.jpg 66w, https:\/\/www.esplac.cat\/wp-content\/uploads\/2023\/05\/1-150x150.jpg 150w, https:\/\/www.esplac.cat\/wp-content\/uploads\/2023\/05\/1-200x200.jpg 200w, https:\/\/www.esplac.cat\/wp-content\/uploads\/2023\/05\/1-300x300.jpg 300w, https:\/\/www.esplac.cat\/wp-content\/uploads\/2023\/05\/1-400x400.jpg 400w, https:\/\/www.esplac.cat\/wp-content\/uploads\/2023\/05\/1-600x600.jpg 600w, https:\/\/www.esplac.cat\/wp-content\/uploads\/2023\/05\/1-768x768.jpg 768w, https:\/\/www.esplac.cat\/wp-content\/uploads\/2023\/05\/1-800x800.jpg 800w, https:\/\/www.esplac.cat\/wp-content\/uploads\/2023\/05\/1-1024x1024.jpg 1024w, https:\/\/www.esplac.cat\/wp-content\/uploads\/2023\/05\/1.jpg 1080w\" sizes=\"(max-width: 600px) 100vw, 600px\" \/><\/a>\n\t\t\t<\/dt><\/dl><dl class='gallery-item'>\n\t\t\t<dt class='gallery-icon landscape'>\n\t\t\t\t<a data-rel=\"iLightbox[postimages]\" data-title=\"2\" data-caption=\"\" href='https:\/\/www.esplac.cat\/es\/2-49-2-2\/'><img decoding=\"async\" width=\"600\" height=\"600\" src=\"https:\/\/www.esplac.cat\/wp-content\/uploads\/2023\/05\/2-600x600.jpg\" class=\"attachment-fusion-600 size-fusion-600\" alt=\"\" srcset=\"https:\/\/www.esplac.cat\/wp-content\/uploads\/2023\/05\/2-66x66.jpg 66w, https:\/\/www.esplac.cat\/wp-content\/uploads\/2023\/05\/2-150x150.jpg 150w, https:\/\/www.esplac.cat\/wp-content\/uploads\/2023\/05\/2-200x200.jpg 200w, https:\/\/www.esplac.cat\/wp-content\/uploads\/2023\/05\/2-300x300.jpg 300w, https:\/\/www.esplac.cat\/wp-content\/uploads\/2023\/05\/2-400x400.jpg 400w, https:\/\/www.esplac.cat\/wp-content\/uploads\/2023\/05\/2-600x600.jpg 600w, https:\/\/www.esplac.cat\/wp-content\/uploads\/2023\/05\/2-768x768.jpg 768w, https:\/\/www.esplac.cat\/wp-content\/uploads\/2023\/05\/2-800x800.jpg 800w, https:\/\/www.esplac.cat\/wp-content\/uploads\/2023\/05\/2-1024x1024.jpg 1024w, https:\/\/www.esplac.cat\/wp-content\/uploads\/2023\/05\/2.jpg 1080w\" sizes=\"(max-width: 600px) 100vw, 600px\" \/><\/a>\n\t\t\t<\/dt><\/dl><dl class='gallery-item'>\n\t\t\t<dt class='gallery-icon landscape'>\n\t\t\t\t<a data-rel=\"iLightbox[postimages]\" data-title=\"3\" data-caption=\"\" href='https:\/\/www.esplac.cat\/es\/3-27-2-2\/'><img decoding=\"async\" width=\"600\" height=\"600\" src=\"https:\/\/www.esplac.cat\/wp-content\/uploads\/2023\/05\/3-600x600.jpg\" class=\"attachment-fusion-600 size-fusion-600\" alt=\"\" srcset=\"https:\/\/www.esplac.cat\/wp-content\/uploads\/2023\/05\/3-66x66.jpg 66w, https:\/\/www.esplac.cat\/wp-content\/uploads\/2023\/05\/3-150x150.jpg 150w, https:\/\/www.esplac.cat\/wp-content\/uploads\/2023\/05\/3-200x200.jpg 200w, https:\/\/www.esplac.cat\/wp-content\/uploads\/2023\/05\/3-300x300.jpg 300w, https:\/\/www.esplac.cat\/wp-content\/uploads\/2023\/05\/3-400x400.jpg 400w, https:\/\/www.esplac.cat\/wp-content\/uploads\/2023\/05\/3-600x600.jpg 600w, https:\/\/www.esplac.cat\/wp-content\/uploads\/2023\/05\/3-768x768.jpg 768w, https:\/\/www.esplac.cat\/wp-content\/uploads\/2023\/05\/3-800x800.jpg 800w, https:\/\/www.esplac.cat\/wp-content\/uploads\/2023\/05\/3-1024x1024.jpg 1024w, https:\/\/www.esplac.cat\/wp-content\/uploads\/2023\/05\/3.jpg 1080w\" sizes=\"(max-width: 600px) 100vw, 600px\" \/><\/a>\n\t\t\t<\/dt><\/dl><br style=\"clear: both\" \/>\n\t\t<\/div>\n\n","protected":false},"excerpt":{"rendered":"<p>El passat dissabte 27 de maig, el Sector Bages, Bergued\u00e0 [&hellip;]<\/p>\n","protected":false},"author":3,"featured_media":45496,"comment_status":"closed","ping_status":"closed","sticky":false,"template":"","format":"standard","meta":{"om_disable_all_campaigns":false,"_monsterinsights_skip_tracking":false,"_monsterinsights_sitenote_active":false,"_monsterinsights_sitenote_note":"","_monsterinsights_sitenote_category":0,"_uf_show_specific_survey":0,"_uf_disable_surveys":false,"footnotes":""},"categories":[1110,1133,1],"tags":[],"class_list":["post-45491","post","type-post","status-publish","format-standard","has-post-thumbnail","hentry","category-activitats-sectors","category-sector-bages-bergueda-cerdanya","category-sense-categoria"],"yoast_head":"<!-- This site is optimized with the Yoast SEO plugin v27.5 - https:\/\/yoast.com\/product\/yoast-seo-wordpress\/ -->\n<title>M\u00e9s de 200 infants participen a la Trobada General del Sector Bages, Bergued\u00e0 i La Cerdanya - Esplac<\/title>\n<meta name=\"description\" content=\"Dissabte 27 de maig, el Sector Bages, Bergued\u00e0 i La Cerdanya va celebrar la Trobada General de Sector a Sant Joan de Vilatorrada.\u00a0\" \/>\n<meta name=\"robots\" content=\"index, follow, max-snippet:-1, max-image-preview:large, max-video-preview:-1\" \/>\n<link rel=\"canonical\" href=\"https:\/\/www.esplac.cat\/mes-200-infants-participen-trobada-general-sector-bages-bergueda-cerdanya\/\" \/>\n<meta property=\"og:locale\" content=\"es_ES\" \/>\n<meta property=\"og:type\" content=\"article\" \/>\n<meta property=\"og:title\" content=\"M\u00e9s de 200 infants participen a la Trobada General del Sector Bages, Bergued\u00e0 i La Cerdanya - Esplac\" \/>\n<meta property=\"og:description\" content=\"Dissabte 27 de maig, el Sector Bages, Bergued\u00e0 i La Cerdanya va celebrar la Trobada General de Sector a Sant Joan de Vilatorrada.\u00a0\" \/>\n<meta property=\"og:url\" content=\"https:\/\/www.esplac.cat\/mes-200-infants-participen-trobada-general-sector-bages-bergueda-cerdanya\/\" \/>\n<meta property=\"og:site_name\" content=\"Esplac\" \/>\n<meta property=\"article:published_time\" content=\"2023-05-31T07:48:28+00:00\" \/>\n<meta property=\"og:image\" content=\"https:\/\/www.esplac.cat\/wp-content\/uploads\/2023\/05\/Portades-web-10.jpg\" \/>\n\t<meta property=\"og:image:width\" content=\"1694\" \/>\n\t<meta property=\"og:image:height\" content=\"700\" \/>\n\t<meta property=\"og:image:type\" content=\"image\/jpeg\" \/>\n<meta name=\"author\" content=\"Comunicaci\u00f3 Esplac\" \/>\n<meta name=\"twitter:card\" content=\"summary_large_image\" \/>\n<meta name=\"twitter:label1\" content=\"Escrito por\" \/>\n\t<meta name=\"twitter:data1\" content=\"Comunicaci\u00f3 Esplac\" \/>\n\t<meta name=\"twitter:label2\" content=\"Tiempo de lectura\" \/>\n\t<meta name=\"twitter:data2\" content=\"2 minutos\" \/>\n<script type=\"application\/ld+json\" class=\"yoast-schema-graph\">{\"@context\":\"https:\\\/\\\/schema.org\",\"@graph\":[{\"@type\":\"Article\",\"@id\":\"https:\\\/\\\/www.esplac.cat\\\/mes-200-infants-participen-trobada-general-sector-bages-bergueda-cerdanya\\\/#article\",\"isPartOf\":{\"@id\":\"https:\\\/\\\/www.esplac.cat\\\/mes-200-infants-participen-trobada-general-sector-bages-bergueda-cerdanya\\\/\"},\"author\":{\"name\":\"Comunicaci\u00f3 Esplac\",\"@id\":\"https:\\\/\\\/www.esplac.cat\\\/#\\\/schema\\\/person\\\/908383cf240be18b68f8855d0583faca\"},\"headline\":\"M\u00e9s de 200 infants participen a la Trobada General del Sector Bages, Bergued\u00e0 i La Cerdanya\",\"datePublished\":\"2023-05-31T07:48:28+00:00\",\"mainEntityOfPage\":{\"@id\":\"https:\\\/\\\/www.esplac.cat\\\/mes-200-infants-participen-trobada-general-sector-bages-bergueda-cerdanya\\\/\"},\"wordCount\":274,\"publisher\":{\"@id\":\"https:\\\/\\\/www.esplac.cat\\\/#organization\"},\"image\":{\"@id\":\"https:\\\/\\\/www.esplac.cat\\\/mes-200-infants-participen-trobada-general-sector-bages-bergueda-cerdanya\\\/#primaryimage\"},\"thumbnailUrl\":\"https:\\\/\\\/www.esplac.cat\\\/wp-content\\\/uploads\\\/2023\\\/05\\\/Portades-web-10.jpg\",\"articleSection\":[\"Activitats sectors\",\"Sector Bages, Bergued\u00e0 i La Cerdanya\",\"Sense categoria\"],\"inLanguage\":\"es\"},{\"@type\":\"WebPage\",\"@id\":\"https:\\\/\\\/www.esplac.cat\\\/mes-200-infants-participen-trobada-general-sector-bages-bergueda-cerdanya\\\/\",\"url\":\"https:\\\/\\\/www.esplac.cat\\\/mes-200-infants-participen-trobada-general-sector-bages-bergueda-cerdanya\\\/\",\"name\":\"M\u00e9s de 200 infants participen a la Trobada General del Sector Bages, Bergued\u00e0 i La Cerdanya - Esplac\",\"isPartOf\":{\"@id\":\"https:\\\/\\\/www.esplac.cat\\\/#website\"},\"primaryImageOfPage\":{\"@id\":\"https:\\\/\\\/www.esplac.cat\\\/mes-200-infants-participen-trobada-general-sector-bages-bergueda-cerdanya\\\/#primaryimage\"},\"image\":{\"@id\":\"https:\\\/\\\/www.esplac.cat\\\/mes-200-infants-participen-trobada-general-sector-bages-bergueda-cerdanya\\\/#primaryimage\"},\"thumbnailUrl\":\"https:\\\/\\\/www.esplac.cat\\\/wp-content\\\/uploads\\\/2023\\\/05\\\/Portades-web-10.jpg\",\"datePublished\":\"2023-05-31T07:48:28+00:00\",\"description\":\"Dissabte 27 de maig, el Sector Bages, Bergued\u00e0 i La Cerdanya va celebrar la Trobada General de Sector a Sant Joan de Vilatorrada.\u00a0\",\"breadcrumb\":{\"@id\":\"https:\\\/\\\/www.esplac.cat\\\/mes-200-infants-participen-trobada-general-sector-bages-bergueda-cerdanya\\\/#breadcrumb\"},\"inLanguage\":\"es\",\"potentialAction\":[{\"@type\":\"ReadAction\",\"target\":[\"https:\\\/\\\/www.esplac.cat\\\/mes-200-infants-participen-trobada-general-sector-bages-bergueda-cerdanya\\\/\"]}]},{\"@type\":\"ImageObject\",\"inLanguage\":\"es\",\"@id\":\"https:\\\/\\\/www.esplac.cat\\\/mes-200-infants-participen-trobada-general-sector-bages-bergueda-cerdanya\\\/#primaryimage\",\"url\":\"https:\\\/\\\/www.esplac.cat\\\/wp-content\\\/uploads\\\/2023\\\/05\\\/Portades-web-10.jpg\",\"contentUrl\":\"https:\\\/\\\/www.esplac.cat\\\/wp-content\\\/uploads\\\/2023\\\/05\\\/Portades-web-10.jpg\",\"width\":1694,\"height\":700,\"caption\":\"Sector Bages, Bergued\u00e0 i La Cerdanya\"},{\"@type\":\"BreadcrumbList\",\"@id\":\"https:\\\/\\\/www.esplac.cat\\\/mes-200-infants-participen-trobada-general-sector-bages-bergueda-cerdanya\\\/#breadcrumb\",\"itemListElement\":[{\"@type\":\"ListItem\",\"position\":1,\"name\":\"Inici\",\"item\":\"https:\\\/\\\/www.esplac.cat\\\/es\\\/\"},{\"@type\":\"ListItem\",\"position\":2,\"name\":\"M\u00e9s de 200 infants participen a la Trobada General del Sector Bages, Bergued\u00e0 i La Cerdanya\"}]},{\"@type\":\"WebSite\",\"@id\":\"https:\\\/\\\/www.esplac.cat\\\/#website\",\"url\":\"https:\\\/\\\/www.esplac.cat\\\/\",\"name\":\"Esplac\",\"description\":\"Esplais Catalans\",\"publisher\":{\"@id\":\"https:\\\/\\\/www.esplac.cat\\\/#organization\"},\"potentialAction\":[{\"@type\":\"SearchAction\",\"target\":{\"@type\":\"EntryPoint\",\"urlTemplate\":\"https:\\\/\\\/www.esplac.cat\\\/?s={search_term_string}\"},\"query-input\":{\"@type\":\"PropertyValueSpecification\",\"valueRequired\":true,\"valueName\":\"search_term_string\"}}],\"inLanguage\":\"es\"},{\"@type\":\"Organization\",\"@id\":\"https:\\\/\\\/www.esplac.cat\\\/#organization\",\"name\":\"Esplac\",\"url\":\"https:\\\/\\\/www.esplac.cat\\\/\",\"logo\":{\"@type\":\"ImageObject\",\"inLanguage\":\"es\",\"@id\":\"https:\\\/\\\/www.esplac.cat\\\/#\\\/schema\\\/logo\\\/image\\\/\",\"url\":\"https:\\\/\\\/www.esplac.cat\\\/wp-content\\\/uploads\\\/2019\\\/08\\\/logox2.png\",\"contentUrl\":\"https:\\\/\\\/www.esplac.cat\\\/wp-content\\\/uploads\\\/2019\\\/08\\\/logox2.png\",\"width\":600,\"height\":295,\"caption\":\"Esplac\"},\"image\":{\"@id\":\"https:\\\/\\\/www.esplac.cat\\\/#\\\/schema\\\/logo\\\/image\\\/\"}},{\"@type\":\"Person\",\"@id\":\"https:\\\/\\\/www.esplac.cat\\\/#\\\/schema\\\/person\\\/908383cf240be18b68f8855d0583faca\",\"name\":\"Comunicaci\u00f3 Esplac\",\"image\":{\"@type\":\"ImageObject\",\"inLanguage\":\"es\",\"@id\":\"https:\\\/\\\/secure.gravatar.com\\\/avatar\\\/7a4cf8feb412a76ea4a740ca02d95b06b2907b5a6c648c2dd0a1082a093c3141?s=96&d=mm&r=g\",\"url\":\"https:\\\/\\\/secure.gravatar.com\\\/avatar\\\/7a4cf8feb412a76ea4a740ca02d95b06b2907b5a6c648c2dd0a1082a093c3141?s=96&d=mm&r=g\",\"contentUrl\":\"https:\\\/\\\/secure.gravatar.com\\\/avatar\\\/7a4cf8feb412a76ea4a740ca02d95b06b2907b5a6c648c2dd0a1082a093c3141?s=96&d=mm&r=g\",\"caption\":\"Comunicaci\u00f3 Esplac\"}}]}<\/script>\n<!-- \/ Yoast SEO plugin. -->","yoast_head_json":{"title":"M\u00e9s de 200 infants participen a la Trobada General del Sector Bages, Bergued\u00e0 i La Cerdanya - Esplac","description":"Dissabte 27 de maig, el Sector Bages, Bergued\u00e0 i La Cerdanya va celebrar la Trobada General de Sector a Sant Joan de Vilatorrada.\u00a0","robots":{"index":"index","follow":"follow","max-snippet":"max-snippet:-1","max-image-preview":"max-image-preview:large","max-video-preview":"max-video-preview:-1"},"canonical":"https:\/\/www.esplac.cat\/mes-200-infants-participen-trobada-general-sector-bages-bergueda-cerdanya\/","og_locale":"es_ES","og_type":"article","og_title":"M\u00e9s de 200 infants participen a la Trobada General del Sector Bages, Bergued\u00e0 i La Cerdanya - Esplac","og_description":"Dissabte 27 de maig, el Sector Bages, Bergued\u00e0 i La Cerdanya va celebrar la Trobada General de Sector a Sant Joan de Vilatorrada.\u00a0","og_url":"https:\/\/www.esplac.cat\/mes-200-infants-participen-trobada-general-sector-bages-bergueda-cerdanya\/","og_site_name":"Esplac","article_published_time":"2023-05-31T07:48:28+00:00","og_image":[{"width":1694,"height":700,"url":"https:\/\/www.esplac.cat\/wp-content\/uploads\/2023\/05\/Portades-web-10.jpg","type":"image\/jpeg"}],"author":"Comunicaci\u00f3 Esplac","twitter_card":"summary_large_image","twitter_misc":{"Escrito por":"Comunicaci\u00f3 Esplac","Tiempo de lectura":"2 minutos"},"schema":{"@context":"https:\/\/schema.org","@graph":[{"@type":"Article","@id":"https:\/\/www.esplac.cat\/mes-200-infants-participen-trobada-general-sector-bages-bergueda-cerdanya\/#article","isPartOf":{"@id":"https:\/\/www.esplac.cat\/mes-200-infants-participen-trobada-general-sector-bages-bergueda-cerdanya\/"},"author":{"name":"Comunicaci\u00f3 Esplac","@id":"https:\/\/www.esplac.cat\/#\/schema\/person\/908383cf240be18b68f8855d0583faca"},"headline":"M\u00e9s de 200 infants participen a la Trobada General del Sector Bages, Bergued\u00e0 i La Cerdanya","datePublished":"2023-05-31T07:48:28+00:00","mainEntityOfPage":{"@id":"https:\/\/www.esplac.cat\/mes-200-infants-participen-trobada-general-sector-bages-bergueda-cerdanya\/"},"wordCount":274,"publisher":{"@id":"https:\/\/www.esplac.cat\/#organization"},"image":{"@id":"https:\/\/www.esplac.cat\/mes-200-infants-participen-trobada-general-sector-bages-bergueda-cerdanya\/#primaryimage"},"thumbnailUrl":"https:\/\/www.esplac.cat\/wp-content\/uploads\/2023\/05\/Portades-web-10.jpg","articleSection":["Activitats sectors","Sector Bages, Bergued\u00e0 i La Cerdanya","Sense categoria"],"inLanguage":"es"},{"@type":"WebPage","@id":"https:\/\/www.esplac.cat\/mes-200-infants-participen-trobada-general-sector-bages-bergueda-cerdanya\/","url":"https:\/\/www.esplac.cat\/mes-200-infants-participen-trobada-general-sector-bages-bergueda-cerdanya\/","name":"M\u00e9s de 200 infants participen a la Trobada General del Sector Bages, Bergued\u00e0 i La Cerdanya - Esplac","isPartOf":{"@id":"https:\/\/www.esplac.cat\/#website"},"primaryImageOfPage":{"@id":"https:\/\/www.esplac.cat\/mes-200-infants-participen-trobada-general-sector-bages-bergueda-cerdanya\/#primaryimage"},"image":{"@id":"https:\/\/www.esplac.cat\/mes-200-infants-participen-trobada-general-sector-bages-bergueda-cerdanya\/#primaryimage"},"thumbnailUrl":"https:\/\/www.esplac.cat\/wp-content\/uploads\/2023\/05\/Portades-web-10.jpg","datePublished":"2023-05-31T07:48:28+00:00","description":"Dissabte 27 de maig, el Sector Bages, Bergued\u00e0 i La Cerdanya va celebrar la Trobada General de Sector a Sant Joan de Vilatorrada.\u00a0","breadcrumb":{"@id":"https:\/\/www.esplac.cat\/mes-200-infants-participen-trobada-general-sector-bages-bergueda-cerdanya\/#breadcrumb"},"inLanguage":"es","potentialAction":[{"@type":"ReadAction","target":["https:\/\/www.esplac.cat\/mes-200-infants-participen-trobada-general-sector-bages-bergueda-cerdanya\/"]}]},{"@type":"ImageObject","inLanguage":"es","@id":"https:\/\/www.esplac.cat\/mes-200-infants-participen-trobada-general-sector-bages-bergueda-cerdanya\/#primaryimage","url":"https:\/\/www.esplac.cat\/wp-content\/uploads\/2023\/05\/Portades-web-10.jpg","contentUrl":"https:\/\/www.esplac.cat\/wp-content\/uploads\/2023\/05\/Portades-web-10.jpg","width":1694,"height":700,"caption":"Sector Bages, Bergued\u00e0 i La Cerdanya"},{"@type":"BreadcrumbList","@id":"https:\/\/www.esplac.cat\/mes-200-infants-participen-trobada-general-sector-bages-bergueda-cerdanya\/#breadcrumb","itemListElement":[{"@type":"ListItem","position":1,"name":"Inici","item":"https:\/\/www.esplac.cat\/es\/"},{"@type":"ListItem","position":2,"name":"M\u00e9s de 200 infants participen a la Trobada General del Sector Bages, Bergued\u00e0 i La Cerdanya"}]},{"@type":"WebSite","@id":"https:\/\/www.esplac.cat\/#website","url":"https:\/\/www.esplac.cat\/","name":"Esplac","description":"Esplais Catalans","publisher":{"@id":"https:\/\/www.esplac.cat\/#organization"},"potentialAction":[{"@type":"SearchAction","target":{"@type":"EntryPoint","urlTemplate":"https:\/\/www.esplac.cat\/?s={search_term_string}"},"query-input":{"@type":"PropertyValueSpecification","valueRequired":true,"valueName":"search_term_string"}}],"inLanguage":"es"},{"@type":"Organization","@id":"https:\/\/www.esplac.cat\/#organization","name":"Esplac","url":"https:\/\/www.esplac.cat\/","logo":{"@type":"ImageObject","inLanguage":"es","@id":"https:\/\/www.esplac.cat\/#\/schema\/logo\/image\/","url":"https:\/\/www.esplac.cat\/wp-content\/uploads\/2019\/08\/logox2.png","contentUrl":"https:\/\/www.esplac.cat\/wp-content\/uploads\/2019\/08\/logox2.png","width":600,"height":295,"caption":"Esplac"},"image":{"@id":"https:\/\/www.esplac.cat\/#\/schema\/logo\/image\/"}},{"@type":"Person","@id":"https:\/\/www.esplac.cat\/#\/schema\/person\/908383cf240be18b68f8855d0583faca","name":"Comunicaci\u00f3 Esplac","image":{"@type":"ImageObject","inLanguage":"es","@id":"https:\/\/secure.gravatar.com\/avatar\/7a4cf8feb412a76ea4a740ca02d95b06b2907b5a6c648c2dd0a1082a093c3141?s=96&d=mm&r=g","url":"https:\/\/secure.gravatar.com\/avatar\/7a4cf8feb412a76ea4a740ca02d95b06b2907b5a6c648c2dd0a1082a093c3141?s=96&d=mm&r=g","contentUrl":"https:\/\/secure.gravatar.com\/avatar\/7a4cf8feb412a76ea4a740ca02d95b06b2907b5a6c648c2dd0a1082a093c3141?s=96&d=mm&r=g","caption":"Comunicaci\u00f3 Esplac"}}]}},"_links":{"self":[{"href":"https:\/\/www.esplac.cat\/es\/wp-json\/wp\/v2\/posts\/45491","targetHints":{"allow":["GET"]}}],"collection":[{"href":"https:\/\/www.esplac.cat\/es\/wp-json\/wp\/v2\/posts"}],"about":[{"href":"https:\/\/www.esplac.cat\/es\/wp-json\/wp\/v2\/types\/post"}],"author":[{"embeddable":true,"href":"https:\/\/www.esplac.cat\/es\/wp-json\/wp\/v2\/users\/3"}],"replies":[{"embeddable":true,"href":"https:\/\/www.esplac.cat\/es\/wp-json\/wp\/v2\/comments?post=45491"}],"version-history":[{"count":0,"href":"https:\/\/www.esplac.cat\/es\/wp-json\/wp\/v2\/posts\/45491\/revisions"}],"wp:featuredmedia":[{"embeddable":true,"href":"https:\/\/www.esplac.cat\/es\/wp-json\/wp\/v2\/media\/45496"}],"wp:attachment":[{"href":"https:\/\/www.esplac.cat\/es\/wp-json\/wp\/v2\/media?parent=45491"}],"wp:term":[{"taxonomy":"category","embeddable":true,"href":"https:\/\/www.esplac.cat\/es\/wp-json\/wp\/v2\/categories?post=45491"},{"taxonomy":"post_tag","embeddable":true,"href":"https:\/\/www.esplac.cat\/es\/wp-json\/wp\/v2\/tags?post=45491"}],"curies":[{"name":"wp","href":"https:\/\/api.w.org\/{rel}","templated":true}]}}