{"id":4571,"date":"2018-04-04T13:34:53","date_gmt":"2018-04-04T11:34:53","guid":{"rendered":"https:\/\/www.somesplai.cat\/?p=4571"},"modified":"2019-11-28T14:24:16","modified_gmt":"2019-11-28T13:24:16","slug":"vaga-feminista-visita-especial","status":"publish","type":"post","link":"https:\/\/www.esplac.cat\/es\/vaga-feminista-visita-especial\/","title":{"rendered":"La vaga feminista i una visita especial"},"content":{"rendered":"<h5 style=\"text-align: justify;\">4-abril-2018<\/h5>\n<p style=\"text-align: justify;\">Autora: <strong>Al\u00edcia Aranda<\/strong>, monitora de l\u2019<a href=\"https:\/\/esplaieixam.wordpress.com\/\" target=\"_blank\" rel=\"noopener noreferrer\">Esplai Eixam<\/a> de Rub\u00ed i participant en un SVE a Salzburg.<\/p>\n<hr>\n<p style=\"text-align: justify;\">En aquest article, volia mencionar tant la repercussi\u00f3 de la <strong>vaga feminista<\/strong> a Salzburg com la visita que em van fer la setmana passada dues amigues de l\u2019esplai, tamb\u00e9 monitores: la <strong>Laia Ribas<\/strong> i la <strong>M\u00edriam Ondo\u00f1o<\/strong>.<\/p>\n<p style=\"text-align: justify;\">El 8 de mar\u00e7 s\u2019apropava i unes quantes altres volunt\u00e0ries i jo vam assumir anar a la manifestaci\u00f3. Per\u00f2 quina sorpresa la nostra quan ens vam adonar que <strong>no n\u2019hi havia cap, a Salzburg<\/strong>, capital de la regi\u00f3! Est\u00e0vem molt decebudes, per\u00f2 aix\u00f2 no ens va aturar. Inspirades en l\u2019exemple de la repercussi\u00f3 de la vaga feminista a Catalunya i la resta d\u2019Espanya, vam decidir muntar una petita protesta improvisada: penjant adhesius feministes per tota la ciutat, protestant amb pancartes al carrer principal i reivindicant la nostra indignaci\u00f3 en veure tanta passivitat al respecte. Vam rebre alguns insults, alguns agra\u00efments i molt\u00edssimes fotos, per\u00f2 va valer la pena. Les meves companyes volunt\u00e0ries volien tamb\u00e9 felicitar el gran moviment que hi va haver aqu\u00ed, n\u2019estem molt orgulloses.<\/p>\n<blockquote>\n<p style=\"text-align: justify;\">Inspirades en la vaga feminista a Catalunya i Espanya, vam decidir muntar una petita protesta: penjant adhesius per tota la ciutat, protestant amb pancartes pel carrer i reivindicant la nostra indignaci\u00f3 de veure tanta passivitat al respecte.&nbsp;<\/p>\n<\/blockquote>\n<p style=\"text-align: justify;\">D\u2019altra banda, volia comentar un altre fet rellevant per a aquest projecte, sobretot tenint el nom de \u201c<strong>Creuant mirades<\/strong>\u201d. La Laia i la M\u00edriam em van venir a veure i vam aprofitar per fer una mica de turisme. Tot i aix\u00f2, el que els interessava m\u00e9s de tot era con\u00e8ixer el meu projecte, de manera que divendres passat em van acompanyar al lloc on treballo amb infants refugiats. Vam tenir plena llibertat per planejar el que volgu\u00e9ssim. Aprofitant que era Pasqua i que a \u00c0ustria se celebra molt, vam decidir organitzar una petita gimcana amb peces de puzle amagades perqu\u00e8, un cop les trobessin totes, poguessin muntar el puzle i trobar els ous de xocolata.<\/p>\n<p style=\"text-align: justify;\">Per mi va ser genial poder tornar a organitzar i pensar els jocs <strong>de la mateixa manera que hauria fet a l\u2019esplai<\/strong>, utilitzant molt poc material (ja que no rebem cap subvenci\u00f3 per a aquest projecte). A m\u00e9s a m\u00e9s, per fi va fer bon temps i vam poder jugar a fora. D\u2019altra banda, va ser una mica m\u00e9s complicat trobar activitats d\u2019esplai que requerissin poca explicaci\u00f3 per ser enteses, ja que els nens no parlen gaire b\u00e9 l\u2019alemany, per\u00f2 en aix\u00f2 la Laia i la Miriam em van ajudar molt. Els infants van participar plenament en totes les din\u00e0miques i van treballar conjuntament, cosa que de vegades els costa. M\u2019alegro que la M\u00edriam i la Laia poguessin formar part d\u2019aquest projecte per un dia i que s\u2019hagin endut aquesta experi\u00e8ncia i intercanvi de maneres de fer cap a l\u2019esplai i per a la vida en general. Tamb\u00e9 em vaig adonar de la import\u00e0ncia d\u2019un company de colla constant, amb tanta motivaci\u00f3 com tu mateix, a l\u2019hora de preparar activitats complexes i llargues i per mantenir la motivaci\u00f3 sempre al m\u00e0xim.<\/p>\n<p style=\"text-align: justify;\">Per acabar, vull remarcar el punt en com\u00fa d\u2019aquestes dues hist\u00f2ries: com d\u2019important \u00e9s tenir un company amb qui poder motivar-te i realitzar projectes junts amb tant de potencial. <strong>Si Salzburg no es mou, nosaltres la mourem<\/strong>.<\/p>\n<p style=\"text-align: justify;\"><a href=\"https:\/\/www.somesplai.cat\/wp-content\/uploads\/2018\/04\/salz2.jpg\"><img decoding=\"async\" class=\"aligncenter size-full wp-image-4573\" src=\"https:\/\/www.somesplai.cat\/wp-content\/uploads\/2018\/04\/salz2.jpg\" alt=\"salz2\" width=\"675\" height=\"251\"><\/a><\/p>\n","protected":false},"excerpt":{"rendered":"<p>4-abril-2018 Autora: Al\u00edcia Aranda, monitora de l\u2019Esplai Eixam de Rub\u00ed [&hellip;]<\/p>\n","protected":false},"author":3,"featured_media":4572,"comment_status":"closed","ping_status":"closed","sticky":false,"template":"","format":"standard","meta":{"om_disable_all_campaigns":false,"_monsterinsights_skip_tracking":false,"_monsterinsights_sitenote_active":false,"_monsterinsights_sitenote_note":"","_monsterinsights_sitenote_category":0,"_uf_show_specific_survey":0,"_uf_disable_surveys":false,"footnotes":""},"categories":[1168],"tags":[692,1174,969],"class_list":["post-4571","post","type-post","status-publish","format-standard","has-post-thumbnail","hentry","category-creuant_mirades","tag-austria","tag-creuant-mirades","tag-vaga-feminista"],"yoast_head":"<!-- This site is optimized with the Yoast SEO plugin v27.5 - https:\/\/yoast.com\/product\/yoast-seo-wordpress\/ -->\n<title>La vaga feminista i una visita especial - Esplac<\/title>\n<meta name=\"robots\" content=\"index, follow, max-snippet:-1, max-image-preview:large, max-video-preview:-1\" \/>\n<link rel=\"canonical\" href=\"https:\/\/www.esplac.cat\/es\/vaga-feminista-visita-especial\/\" \/>\n<meta property=\"og:locale\" content=\"es_ES\" \/>\n<meta property=\"og:type\" content=\"article\" \/>\n<meta property=\"og:title\" content=\"La vaga feminista i una visita especial - Esplac\" \/>\n<meta property=\"og:description\" content=\"4-abril-2018 Autora: Al\u00edcia Aranda, monitora de l\u2019Esplai Eixam de Rub\u00ed [&hellip;]\" \/>\n<meta property=\"og:url\" content=\"https:\/\/www.esplac.cat\/es\/vaga-feminista-visita-especial\/\" \/>\n<meta property=\"og:site_name\" content=\"Esplac\" \/>\n<meta property=\"article:published_time\" content=\"2018-04-04T11:34:53+00:00\" \/>\n<meta property=\"article:modified_time\" content=\"2019-11-28T13:24:16+00:00\" \/>\n<meta property=\"og:image\" content=\"https:\/\/www.esplac.cat\/wp-content\/uploads\/2019\/11\/logo-open.jpg\" \/>\n\t<meta property=\"og:image:width\" content=\"1200\" \/>\n\t<meta property=\"og:image:height\" content=\"630\" \/>\n\t<meta property=\"og:image:type\" content=\"image\/jpeg\" \/>\n<meta name=\"author\" content=\"Comunicaci\u00f3 Esplac\" \/>\n<meta name=\"twitter:card\" content=\"summary_large_image\" \/>\n<meta name=\"twitter:label1\" content=\"Escrito por\" \/>\n\t<meta name=\"twitter:data1\" content=\"Comunicaci\u00f3 Esplac\" \/>\n\t<meta name=\"twitter:label2\" content=\"Tiempo de lectura\" \/>\n\t<meta name=\"twitter:data2\" content=\"3 minutos\" \/>\n<script type=\"application\/ld+json\" class=\"yoast-schema-graph\">{\"@context\":\"https:\\\/\\\/schema.org\",\"@graph\":[{\"@type\":\"Article\",\"@id\":\"https:\\\/\\\/www.esplac.cat\\\/es\\\/vaga-feminista-visita-especial\\\/#article\",\"isPartOf\":{\"@id\":\"https:\\\/\\\/www.esplac.cat\\\/es\\\/vaga-feminista-visita-especial\\\/\"},\"author\":{\"name\":\"Comunicaci\u00f3 Esplac\",\"@id\":\"https:\\\/\\\/www.esplac.cat\\\/#\\\/schema\\\/person\\\/908383cf240be18b68f8855d0583faca\"},\"headline\":\"La vaga feminista i una visita especial\",\"datePublished\":\"2018-04-04T11:34:53+00:00\",\"dateModified\":\"2019-11-28T13:24:16+00:00\",\"mainEntityOfPage\":{\"@id\":\"https:\\\/\\\/www.esplac.cat\\\/es\\\/vaga-feminista-visita-especial\\\/\"},\"wordCount\":598,\"publisher\":{\"@id\":\"https:\\\/\\\/www.esplac.cat\\\/#organization\"},\"image\":{\"@id\":\"https:\\\/\\\/www.esplac.cat\\\/es\\\/vaga-feminista-visita-especial\\\/#primaryimage\"},\"thumbnailUrl\":\"\",\"keywords\":[\"\u00c0ustria\",\"creuant mirades\",\"vaga feminista\"],\"articleSection\":[\"Creuant mirades\"],\"inLanguage\":\"es\"},{\"@type\":\"WebPage\",\"@id\":\"https:\\\/\\\/www.esplac.cat\\\/es\\\/vaga-feminista-visita-especial\\\/\",\"url\":\"https:\\\/\\\/www.esplac.cat\\\/es\\\/vaga-feminista-visita-especial\\\/\",\"name\":\"La vaga feminista i una visita especial - Esplac\",\"isPartOf\":{\"@id\":\"https:\\\/\\\/www.esplac.cat\\\/#website\"},\"primaryImageOfPage\":{\"@id\":\"https:\\\/\\\/www.esplac.cat\\\/es\\\/vaga-feminista-visita-especial\\\/#primaryimage\"},\"image\":{\"@id\":\"https:\\\/\\\/www.esplac.cat\\\/es\\\/vaga-feminista-visita-especial\\\/#primaryimage\"},\"thumbnailUrl\":\"\",\"datePublished\":\"2018-04-04T11:34:53+00:00\",\"dateModified\":\"2019-11-28T13:24:16+00:00\",\"breadcrumb\":{\"@id\":\"https:\\\/\\\/www.esplac.cat\\\/es\\\/vaga-feminista-visita-especial\\\/#breadcrumb\"},\"inLanguage\":\"es\",\"potentialAction\":[{\"@type\":\"ReadAction\",\"target\":[\"https:\\\/\\\/www.esplac.cat\\\/es\\\/vaga-feminista-visita-especial\\\/\"]}]},{\"@type\":\"ImageObject\",\"inLanguage\":\"es\",\"@id\":\"https:\\\/\\\/www.esplac.cat\\\/es\\\/vaga-feminista-visita-especial\\\/#primaryimage\",\"url\":\"\",\"contentUrl\":\"\"},{\"@type\":\"BreadcrumbList\",\"@id\":\"https:\\\/\\\/www.esplac.cat\\\/es\\\/vaga-feminista-visita-especial\\\/#breadcrumb\",\"itemListElement\":[{\"@type\":\"ListItem\",\"position\":1,\"name\":\"Inici\",\"item\":\"https:\\\/\\\/www.esplac.cat\\\/es\\\/\"},{\"@type\":\"ListItem\",\"position\":2,\"name\":\"La vaga feminista i una visita especial\"}]},{\"@type\":\"WebSite\",\"@id\":\"https:\\\/\\\/www.esplac.cat\\\/#website\",\"url\":\"https:\\\/\\\/www.esplac.cat\\\/\",\"name\":\"Esplac\",\"description\":\"Esplais Catalans\",\"publisher\":{\"@id\":\"https:\\\/\\\/www.esplac.cat\\\/#organization\"},\"potentialAction\":[{\"@type\":\"SearchAction\",\"target\":{\"@type\":\"EntryPoint\",\"urlTemplate\":\"https:\\\/\\\/www.esplac.cat\\\/?s={search_term_string}\"},\"query-input\":{\"@type\":\"PropertyValueSpecification\",\"valueRequired\":true,\"valueName\":\"search_term_string\"}}],\"inLanguage\":\"es\"},{\"@type\":\"Organization\",\"@id\":\"https:\\\/\\\/www.esplac.cat\\\/#organization\",\"name\":\"Esplac\",\"url\":\"https:\\\/\\\/www.esplac.cat\\\/\",\"logo\":{\"@type\":\"ImageObject\",\"inLanguage\":\"es\",\"@id\":\"https:\\\/\\\/www.esplac.cat\\\/#\\\/schema\\\/logo\\\/image\\\/\",\"url\":\"https:\\\/\\\/www.esplac.cat\\\/wp-content\\\/uploads\\\/2019\\\/08\\\/logox2.png\",\"contentUrl\":\"https:\\\/\\\/www.esplac.cat\\\/wp-content\\\/uploads\\\/2019\\\/08\\\/logox2.png\",\"width\":600,\"height\":295,\"caption\":\"Esplac\"},\"image\":{\"@id\":\"https:\\\/\\\/www.esplac.cat\\\/#\\\/schema\\\/logo\\\/image\\\/\"}},{\"@type\":\"Person\",\"@id\":\"https:\\\/\\\/www.esplac.cat\\\/#\\\/schema\\\/person\\\/908383cf240be18b68f8855d0583faca\",\"name\":\"Comunicaci\u00f3 Esplac\",\"image\":{\"@type\":\"ImageObject\",\"inLanguage\":\"es\",\"@id\":\"https:\\\/\\\/secure.gravatar.com\\\/avatar\\\/7a4cf8feb412a76ea4a740ca02d95b06b2907b5a6c648c2dd0a1082a093c3141?s=96&d=mm&r=g\",\"url\":\"https:\\\/\\\/secure.gravatar.com\\\/avatar\\\/7a4cf8feb412a76ea4a740ca02d95b06b2907b5a6c648c2dd0a1082a093c3141?s=96&d=mm&r=g\",\"contentUrl\":\"https:\\\/\\\/secure.gravatar.com\\\/avatar\\\/7a4cf8feb412a76ea4a740ca02d95b06b2907b5a6c648c2dd0a1082a093c3141?s=96&d=mm&r=g\",\"caption\":\"Comunicaci\u00f3 Esplac\"}}]}<\/script>\n<!-- \/ Yoast SEO plugin. -->","yoast_head_json":{"title":"La vaga feminista i una visita especial - Esplac","robots":{"index":"index","follow":"follow","max-snippet":"max-snippet:-1","max-image-preview":"max-image-preview:large","max-video-preview":"max-video-preview:-1"},"canonical":"https:\/\/www.esplac.cat\/es\/vaga-feminista-visita-especial\/","og_locale":"es_ES","og_type":"article","og_title":"La vaga feminista i una visita especial - Esplac","og_description":"4-abril-2018 Autora: Al\u00edcia Aranda, monitora de l\u2019Esplai Eixam de Rub\u00ed [&hellip;]","og_url":"https:\/\/www.esplac.cat\/es\/vaga-feminista-visita-especial\/","og_site_name":"Esplac","article_published_time":"2018-04-04T11:34:53+00:00","article_modified_time":"2019-11-28T13:24:16+00:00","og_image":[{"width":1200,"height":630,"url":"https:\/\/www.esplac.cat\/wp-content\/uploads\/2019\/11\/logo-open.jpg","type":"image\/jpeg"}],"author":"Comunicaci\u00f3 Esplac","twitter_card":"summary_large_image","twitter_misc":{"Escrito por":"Comunicaci\u00f3 Esplac","Tiempo de lectura":"3 minutos"},"schema":{"@context":"https:\/\/schema.org","@graph":[{"@type":"Article","@id":"https:\/\/www.esplac.cat\/es\/vaga-feminista-visita-especial\/#article","isPartOf":{"@id":"https:\/\/www.esplac.cat\/es\/vaga-feminista-visita-especial\/"},"author":{"name":"Comunicaci\u00f3 Esplac","@id":"https:\/\/www.esplac.cat\/#\/schema\/person\/908383cf240be18b68f8855d0583faca"},"headline":"La vaga feminista i una visita especial","datePublished":"2018-04-04T11:34:53+00:00","dateModified":"2019-11-28T13:24:16+00:00","mainEntityOfPage":{"@id":"https:\/\/www.esplac.cat\/es\/vaga-feminista-visita-especial\/"},"wordCount":598,"publisher":{"@id":"https:\/\/www.esplac.cat\/#organization"},"image":{"@id":"https:\/\/www.esplac.cat\/es\/vaga-feminista-visita-especial\/#primaryimage"},"thumbnailUrl":"","keywords":["\u00c0ustria","creuant mirades","vaga feminista"],"articleSection":["Creuant mirades"],"inLanguage":"es"},{"@type":"WebPage","@id":"https:\/\/www.esplac.cat\/es\/vaga-feminista-visita-especial\/","url":"https:\/\/www.esplac.cat\/es\/vaga-feminista-visita-especial\/","name":"La vaga feminista i una visita especial - Esplac","isPartOf":{"@id":"https:\/\/www.esplac.cat\/#website"},"primaryImageOfPage":{"@id":"https:\/\/www.esplac.cat\/es\/vaga-feminista-visita-especial\/#primaryimage"},"image":{"@id":"https:\/\/www.esplac.cat\/es\/vaga-feminista-visita-especial\/#primaryimage"},"thumbnailUrl":"","datePublished":"2018-04-04T11:34:53+00:00","dateModified":"2019-11-28T13:24:16+00:00","breadcrumb":{"@id":"https:\/\/www.esplac.cat\/es\/vaga-feminista-visita-especial\/#breadcrumb"},"inLanguage":"es","potentialAction":[{"@type":"ReadAction","target":["https:\/\/www.esplac.cat\/es\/vaga-feminista-visita-especial\/"]}]},{"@type":"ImageObject","inLanguage":"es","@id":"https:\/\/www.esplac.cat\/es\/vaga-feminista-visita-especial\/#primaryimage","url":"","contentUrl":""},{"@type":"BreadcrumbList","@id":"https:\/\/www.esplac.cat\/es\/vaga-feminista-visita-especial\/#breadcrumb","itemListElement":[{"@type":"ListItem","position":1,"name":"Inici","item":"https:\/\/www.esplac.cat\/es\/"},{"@type":"ListItem","position":2,"name":"La vaga feminista i una visita especial"}]},{"@type":"WebSite","@id":"https:\/\/www.esplac.cat\/#website","url":"https:\/\/www.esplac.cat\/","name":"Esplac","description":"Esplais Catalans","publisher":{"@id":"https:\/\/www.esplac.cat\/#organization"},"potentialAction":[{"@type":"SearchAction","target":{"@type":"EntryPoint","urlTemplate":"https:\/\/www.esplac.cat\/?s={search_term_string}"},"query-input":{"@type":"PropertyValueSpecification","valueRequired":true,"valueName":"search_term_string"}}],"inLanguage":"es"},{"@type":"Organization","@id":"https:\/\/www.esplac.cat\/#organization","name":"Esplac","url":"https:\/\/www.esplac.cat\/","logo":{"@type":"ImageObject","inLanguage":"es","@id":"https:\/\/www.esplac.cat\/#\/schema\/logo\/image\/","url":"https:\/\/www.esplac.cat\/wp-content\/uploads\/2019\/08\/logox2.png","contentUrl":"https:\/\/www.esplac.cat\/wp-content\/uploads\/2019\/08\/logox2.png","width":600,"height":295,"caption":"Esplac"},"image":{"@id":"https:\/\/www.esplac.cat\/#\/schema\/logo\/image\/"}},{"@type":"Person","@id":"https:\/\/www.esplac.cat\/#\/schema\/person\/908383cf240be18b68f8855d0583faca","name":"Comunicaci\u00f3 Esplac","image":{"@type":"ImageObject","inLanguage":"es","@id":"https:\/\/secure.gravatar.com\/avatar\/7a4cf8feb412a76ea4a740ca02d95b06b2907b5a6c648c2dd0a1082a093c3141?s=96&d=mm&r=g","url":"https:\/\/secure.gravatar.com\/avatar\/7a4cf8feb412a76ea4a740ca02d95b06b2907b5a6c648c2dd0a1082a093c3141?s=96&d=mm&r=g","contentUrl":"https:\/\/secure.gravatar.com\/avatar\/7a4cf8feb412a76ea4a740ca02d95b06b2907b5a6c648c2dd0a1082a093c3141?s=96&d=mm&r=g","caption":"Comunicaci\u00f3 Esplac"}}]}},"_links":{"self":[{"href":"https:\/\/www.esplac.cat\/es\/wp-json\/wp\/v2\/posts\/4571","targetHints":{"allow":["GET"]}}],"collection":[{"href":"https:\/\/www.esplac.cat\/es\/wp-json\/wp\/v2\/posts"}],"about":[{"href":"https:\/\/www.esplac.cat\/es\/wp-json\/wp\/v2\/types\/post"}],"author":[{"embeddable":true,"href":"https:\/\/www.esplac.cat\/es\/wp-json\/wp\/v2\/users\/3"}],"replies":[{"embeddable":true,"href":"https:\/\/www.esplac.cat\/es\/wp-json\/wp\/v2\/comments?post=4571"}],"version-history":[{"count":0,"href":"https:\/\/www.esplac.cat\/es\/wp-json\/wp\/v2\/posts\/4571\/revisions"}],"wp:featuredmedia":[{"embeddable":true,"href":"https:\/\/www.esplac.cat\/es\/wp-json\/"}],"wp:attachment":[{"href":"https:\/\/www.esplac.cat\/es\/wp-json\/wp\/v2\/media?parent=4571"}],"wp:term":[{"taxonomy":"category","embeddable":true,"href":"https:\/\/www.esplac.cat\/es\/wp-json\/wp\/v2\/categories?post=4571"},{"taxonomy":"post_tag","embeddable":true,"href":"https:\/\/www.esplac.cat\/es\/wp-json\/wp\/v2\/tags?post=4571"}],"curies":[{"name":"wp","href":"https:\/\/api.w.org\/{rel}","templated":true}]}}