{"id":45902,"date":"2023-06-21T11:58:24","date_gmt":"2023-06-21T09:58:24","guid":{"rendered":"https:\/\/www.esplac.cat\/?p=45902"},"modified":"2023-06-22T09:27:21","modified_gmt":"2023-06-22T07:27:21","slug":"curs-marta-mata-acollida-intersectorial","status":"publish","type":"post","link":"https:\/\/www.esplac.cat\/es\/curs-marta-mata-acollida-intersectorial\/","title":{"rendered":"Els sectors Bages, Bergued\u00e0 i la Cerdanya, Ripoll\u00e8s, Osona i Moian\u00e8s i Baix Llobregat uneixen esfor\u00e7os al Curs Marta Mata Acollida"},"content":{"rendered":"<h6><b>El Curs Marta Mata Acollida, un cap de setmana de formaci\u00f3, d\u2019intercanvi d\u2019experi\u00e8ncies, de relleu i de cohesi\u00f3 entre sectors territorials d\u2019Esplais Catalans. <\/b><\/h6>\n<p><span style=\"font-weight: 300;\">Una de les constants als esplais \u00e9s el relleu que reben els equips de monitors i monitores, i per afrontar-ho amb condicions \u00e9s indispensable formar-se. Els <span style=\"color: #f69d0b;\"><a style=\"color: #f69d0b;\" href=\"https:\/\/www.esplac.cat\/formacions\/esplais\/\" target=\"_blank\" rel=\"noopener\">cursos Marta Mata Acollida<\/a> <\/span>estan pensats per formar a joves i pre-monis en temes com organitzaci\u00f3 interna, ideari, pedagogia&#8230; Tot impartit per les mateixes monitores dels esplais participants i amb el suport d&#8217;una coordinadora pedag\u00f2gica de l&#8217;<span style=\"color: #f69d0b;\"><a style=\"color: #f69d0b;\" href=\"https:\/\/escolaelsol.coop\/\" target=\"_blank\" rel=\"noopener\">Escola Lliure el Sol<\/a><\/span>.<\/span><\/p>\n<p><span style=\"font-weight: 300;\">Aix\u00ed doncs, els dies 17 i 18 de juny ben b\u00e9 una quarantena de joves dels esplais <span style=\"color: #f69d0b;\"><a style=\"color: #f69d0b;\" href=\"https:\/\/www.instagram.com\/esplaielcreixent\/\" target=\"_blank\" rel=\"noopener\">El Creixent<\/a><\/span>, les<span style=\"color: #f69d0b;\"> <a style=\"color: #f69d0b;\" href=\"https:\/\/www.instagram.com\/les100teies\/\" target=\"_blank\" rel=\"noopener\">100Teies<\/a><\/span>, <span style=\"color: #f69d0b;\"><a style=\"color: #f69d0b;\" href=\"https:\/\/www.instagram.com\/esplaivicremei\/\" target=\"_blank\" rel=\"noopener\">Vic-Remei<\/a><\/span><strong>, <\/strong><span style=\"color: #f69d0b;\"><a style=\"color: #f69d0b;\" href=\"https:\/\/www.instagram.com\/esplai.merlot\/\" target=\"_blank\" rel=\"noopener\">Merlot<\/a><\/span><span style=\"color: #f69d0b;\">,<\/span> <a href=\"https:\/\/www.instagram.com\/esplaigeps\/\" target=\"_blank\" rel=\"noopener\"><span style=\"color: #f69d0b;\">GEPS<\/span><\/a> i <span style=\"color: #f69d0b;\"><a style=\"color: #f69d0b;\" href=\"https:\/\/www.instagram.com\/esplaitrapella\/\" target=\"_blank\" rel=\"noopener\">Trapella<\/a> <\/span>van passar un magn\u00edfic cap de setmana a la casa Mas Saiol, a Moi\u00e0, compartint experi\u00e8ncies, aprenentatges i fent noves amistats que de segur es retrobaran m\u00e9s endavant.<\/span><\/p>\n<p><span style=\"font-weight: 300;\">La jornada formativa va consistir en quatre formacions repartides entre els dos dies. La primera sessi\u00f3 va tractar sobre <strong>l&#8217;ideari i l&#8217;educaci\u00f3 en valors<\/strong>, tenint en compte les diferents realitats i contextos. La segona sessi\u00f3 va abordar temes com <strong>la pedagogia i l&#8217;organitzaci\u00f3 dels esplais<\/strong>. La tercera sessi\u00f3 va tractar sobre <strong>el joc, com eina did\u00e0ctica<\/strong>. I per concloure el curs, l&#8217;\u00faltima sessi\u00f3 tem\u00e0tica va ser sobre <strong>inclusi\u00f3 i diversitat<\/strong>.<\/span><\/p>\n<p><span style=\"font-weight: 300;\">Ha estat una experi\u00e8ncia \u00fanica per aprendre i acostar a joves i pre-monis al monitoratge. A m\u00e9s a m\u00e9s, ha estat un espai de cohesi\u00f3 i intercanvi entre joves i monis dels diferents sectors!<\/span><\/p>\n\n\t\t<style type=\"text\/css\">\n\t\t\t#gallery-1 {\n\t\t\t\tmargin: auto;\n\t\t\t}\n\t\t\t#gallery-1 .gallery-item {\n\t\t\t\tfloat: left;\n\t\t\t\tmargin-top: 10px;\n\t\t\t\ttext-align: center;\n\t\t\t\twidth: 33%;\n\t\t\t}\n\t\t\t#gallery-1 img {\n\t\t\t\tborder: 2px solid #cfcfcf;\n\t\t\t}\n\t\t\t#gallery-1 .gallery-caption {\n\t\t\t\tmargin-left: 0;\n\t\t\t}\n\t\t\t\/* see gallery_shortcode() in wp-includes\/media.php *\/\n\t\t<\/style>\n\t\t<div id='gallery-1' class='gallery galleryid-45902 gallery-columns-3 gallery-size-fusion-400'><dl class='gallery-item'>\n\t\t\t<dt class='gallery-icon landscape'>\n\t\t\t\t<a data-rel=\"iLightbox[postimages]\" data-title=\"1\" data-caption=\"\" href='https:\/\/www.esplac.cat\/es\/1-38-2\/'><img decoding=\"async\" width=\"400\" height=\"400\" src=\"https:\/\/www.esplac.cat\/wp-content\/uploads\/2023\/06\/1-1-400x400.jpg\" class=\"attachment-fusion-400 size-fusion-400\" alt=\"\" srcset=\"https:\/\/www.esplac.cat\/wp-content\/uploads\/2023\/06\/1-1-66x66.jpg 66w, https:\/\/www.esplac.cat\/wp-content\/uploads\/2023\/06\/1-1-150x150.jpg 150w, https:\/\/www.esplac.cat\/wp-content\/uploads\/2023\/06\/1-1-200x200.jpg 200w, https:\/\/www.esplac.cat\/wp-content\/uploads\/2023\/06\/1-1-300x300.jpg 300w, https:\/\/www.esplac.cat\/wp-content\/uploads\/2023\/06\/1-1-400x400.jpg 400w, https:\/\/www.esplac.cat\/wp-content\/uploads\/2023\/06\/1-1-600x600.jpg 600w, https:\/\/www.esplac.cat\/wp-content\/uploads\/2023\/06\/1-1-768x768.jpg 768w, https:\/\/www.esplac.cat\/wp-content\/uploads\/2023\/06\/1-1-800x800.jpg 800w, https:\/\/www.esplac.cat\/wp-content\/uploads\/2023\/06\/1-1-1024x1024.jpg 1024w, https:\/\/www.esplac.cat\/wp-content\/uploads\/2023\/06\/1-1.jpg 1080w\" sizes=\"(max-width: 400px) 100vw, 400px\" \/><\/a>\n\t\t\t<\/dt><\/dl><dl class='gallery-item'>\n\t\t\t<dt class='gallery-icon landscape'>\n\t\t\t\t<a data-rel=\"iLightbox[postimages]\" data-title=\"3\" data-caption=\"\" href='https:\/\/www.esplac.cat\/es\/3-31-2\/'><img decoding=\"async\" width=\"400\" height=\"400\" src=\"https:\/\/www.esplac.cat\/wp-content\/uploads\/2023\/06\/3-4-400x400.jpg\" class=\"attachment-fusion-400 size-fusion-400\" alt=\"\" srcset=\"https:\/\/www.esplac.cat\/wp-content\/uploads\/2023\/06\/3-4-66x66.jpg 66w, https:\/\/www.esplac.cat\/wp-content\/uploads\/2023\/06\/3-4-150x150.jpg 150w, https:\/\/www.esplac.cat\/wp-content\/uploads\/2023\/06\/3-4-200x200.jpg 200w, https:\/\/www.esplac.cat\/wp-content\/uploads\/2023\/06\/3-4-300x300.jpg 300w, https:\/\/www.esplac.cat\/wp-content\/uploads\/2023\/06\/3-4-400x400.jpg 400w, https:\/\/www.esplac.cat\/wp-content\/uploads\/2023\/06\/3-4-600x600.jpg 600w, https:\/\/www.esplac.cat\/wp-content\/uploads\/2023\/06\/3-4-768x768.jpg 768w, https:\/\/www.esplac.cat\/wp-content\/uploads\/2023\/06\/3-4-800x800.jpg 800w, https:\/\/www.esplac.cat\/wp-content\/uploads\/2023\/06\/3-4-1024x1024.jpg 1024w, https:\/\/www.esplac.cat\/wp-content\/uploads\/2023\/06\/3-4.jpg 1080w\" sizes=\"(max-width: 400px) 100vw, 400px\" \/><\/a>\n\t\t\t<\/dt><\/dl><dl class='gallery-item'>\n\t\t\t<dt class='gallery-icon landscape'>\n\t\t\t\t<a data-rel=\"iLightbox[postimages]\" data-title=\"2\" data-caption=\"\" href='https:\/\/www.esplac.cat\/es\/2-53-2\/'><img decoding=\"async\" width=\"400\" height=\"400\" src=\"https:\/\/www.esplac.cat\/wp-content\/uploads\/2023\/06\/2-5-400x400.jpg\" class=\"attachment-fusion-400 size-fusion-400\" alt=\"\" srcset=\"https:\/\/www.esplac.cat\/wp-content\/uploads\/2023\/06\/2-5-66x66.jpg 66w, https:\/\/www.esplac.cat\/wp-content\/uploads\/2023\/06\/2-5-150x150.jpg 150w, https:\/\/www.esplac.cat\/wp-content\/uploads\/2023\/06\/2-5-200x200.jpg 200w, https:\/\/www.esplac.cat\/wp-content\/uploads\/2023\/06\/2-5-300x300.jpg 300w, https:\/\/www.esplac.cat\/wp-content\/uploads\/2023\/06\/2-5-400x400.jpg 400w, https:\/\/www.esplac.cat\/wp-content\/uploads\/2023\/06\/2-5-600x600.jpg 600w, https:\/\/www.esplac.cat\/wp-content\/uploads\/2023\/06\/2-5-768x768.jpg 768w, https:\/\/www.esplac.cat\/wp-content\/uploads\/2023\/06\/2-5-800x800.jpg 800w, https:\/\/www.esplac.cat\/wp-content\/uploads\/2023\/06\/2-5-1024x1024.jpg 1024w, https:\/\/www.esplac.cat\/wp-content\/uploads\/2023\/06\/2-5.jpg 1080w\" sizes=\"(max-width: 400px) 100vw, 400px\" \/><\/a>\n\t\t\t<\/dt><\/dl><br style=\"clear: both\" \/>\n\t\t<\/div>\n\n","protected":false},"excerpt":{"rendered":"<p>El Curs Marta Mata Acollida, un cap de setmana de [&hellip;]<\/p>\n","protected":false},"author":3,"featured_media":45905,"comment_status":"closed","ping_status":"closed","sticky":false,"template":"","format":"standard","meta":{"om_disable_all_campaigns":false,"_monsterinsights_skip_tracking":false,"_monsterinsights_sitenote_active":false,"_monsterinsights_sitenote_note":"","_monsterinsights_sitenote_category":0,"_uf_show_specific_survey":0,"_uf_disable_surveys":false,"footnotes":""},"categories":[1110,1133,1124,1120,1],"tags":[],"class_list":["post-45902","post","type-post","status-publish","format-standard","has-post-thumbnail","hentry","category-activitats-sectors","category-sector-bages-bergueda-cerdanya","category-sector-baix-llobregat","category-sector-ripolles-osona-i-moianes","category-sense-categoria"],"yoast_head":"<!-- This site is optimized with the Yoast SEO plugin v27.4 - https:\/\/yoast.com\/product\/yoast-seo-wordpress\/ -->\n<title>Formaci\u00f3 per a futures monis al Curs Marta Mata Acollida<\/title>\n<meta name=\"description\" content=\"Els sectors Bages, Bergued\u00e0 i la Cerdanya, Ripoll\u00e8s, Osona i Moian\u00e8s i Baix Llobregat uneixen esfor\u00e7os en un CIM intersectorial!\" \/>\n<meta name=\"robots\" content=\"index, follow, max-snippet:-1, max-image-preview:large, max-video-preview:-1\" \/>\n<link rel=\"canonical\" href=\"https:\/\/www.esplac.cat\/curs-marta-mata-acollida-intersectorial\/\" \/>\n<meta property=\"og:locale\" content=\"es_ES\" \/>\n<meta property=\"og:type\" content=\"article\" \/>\n<meta property=\"og:title\" content=\"Formaci\u00f3 per a futures monis al Curs Marta Mata Acollida\" \/>\n<meta property=\"og:description\" content=\"Els sectors Bages, Bergued\u00e0 i la Cerdanya, Ripoll\u00e8s, Osona i Moian\u00e8s i Baix Llobregat uneixen esfor\u00e7os en un CIM intersectorial!\" \/>\n<meta property=\"og:url\" content=\"https:\/\/www.esplac.cat\/curs-marta-mata-acollida-intersectorial\/\" \/>\n<meta property=\"og:site_name\" content=\"Esplac\" \/>\n<meta property=\"article:published_time\" content=\"2023-06-21T09:58:24+00:00\" \/>\n<meta property=\"article:modified_time\" content=\"2023-06-22T07:27:21+00:00\" \/>\n<meta property=\"og:image\" content=\"https:\/\/www.esplac.cat\/wp-content\/uploads\/2023\/06\/Portades-Web-7.jpg\" \/>\n\t<meta property=\"og:image:width\" content=\"1697\" \/>\n\t<meta property=\"og:image:height\" content=\"700\" \/>\n\t<meta property=\"og:image:type\" content=\"image\/jpeg\" \/>\n<meta name=\"author\" content=\"Comunicaci\u00f3 Esplac\" \/>\n<meta name=\"twitter:card\" content=\"summary_large_image\" \/>\n<meta name=\"twitter:label1\" content=\"Escrito por\" \/>\n\t<meta name=\"twitter:data1\" content=\"Comunicaci\u00f3 Esplac\" \/>\n\t<meta name=\"twitter:label2\" content=\"Tiempo de lectura\" \/>\n\t<meta name=\"twitter:data2\" content=\"2 minutos\" \/>\n<script type=\"application\/ld+json\" class=\"yoast-schema-graph\">{\"@context\":\"https:\\\/\\\/schema.org\",\"@graph\":[{\"@type\":\"Article\",\"@id\":\"https:\\\/\\\/www.esplac.cat\\\/curs-marta-mata-acollida-intersectorial\\\/#article\",\"isPartOf\":{\"@id\":\"https:\\\/\\\/www.esplac.cat\\\/curs-marta-mata-acollida-intersectorial\\\/\"},\"author\":{\"name\":\"Comunicaci\u00f3 Esplac\",\"@id\":\"https:\\\/\\\/www.esplac.cat\\\/#\\\/schema\\\/person\\\/908383cf240be18b68f8855d0583faca\"},\"headline\":\"Els sectors Bages, Bergued\u00e0 i la Cerdanya, Ripoll\u00e8s, Osona i Moian\u00e8s i Baix Llobregat uneixen esfor\u00e7os al Curs Marta Mata Acollida\",\"datePublished\":\"2023-06-21T09:58:24+00:00\",\"dateModified\":\"2023-06-22T07:27:21+00:00\",\"mainEntityOfPage\":{\"@id\":\"https:\\\/\\\/www.esplac.cat\\\/curs-marta-mata-acollida-intersectorial\\\/\"},\"wordCount\":292,\"publisher\":{\"@id\":\"https:\\\/\\\/www.esplac.cat\\\/#organization\"},\"image\":{\"@id\":\"https:\\\/\\\/www.esplac.cat\\\/curs-marta-mata-acollida-intersectorial\\\/#primaryimage\"},\"thumbnailUrl\":\"https:\\\/\\\/www.esplac.cat\\\/wp-content\\\/uploads\\\/2023\\\/06\\\/Portades-Web-7.jpg\",\"articleSection\":[\"Activitats sectors\",\"Sector Bages, Bergued\u00e0 i La Cerdanya\",\"Sector Baix Llobregat\",\"Sector Ripoll\u00e8s, Osona i Moian\u00e8s\",\"Sense categoria\"],\"inLanguage\":\"es\"},{\"@type\":\"WebPage\",\"@id\":\"https:\\\/\\\/www.esplac.cat\\\/curs-marta-mata-acollida-intersectorial\\\/\",\"url\":\"https:\\\/\\\/www.esplac.cat\\\/curs-marta-mata-acollida-intersectorial\\\/\",\"name\":\"Formaci\u00f3 per a futures monis al Curs Marta Mata Acollida\",\"isPartOf\":{\"@id\":\"https:\\\/\\\/www.esplac.cat\\\/#website\"},\"primaryImageOfPage\":{\"@id\":\"https:\\\/\\\/www.esplac.cat\\\/curs-marta-mata-acollida-intersectorial\\\/#primaryimage\"},\"image\":{\"@id\":\"https:\\\/\\\/www.esplac.cat\\\/curs-marta-mata-acollida-intersectorial\\\/#primaryimage\"},\"thumbnailUrl\":\"https:\\\/\\\/www.esplac.cat\\\/wp-content\\\/uploads\\\/2023\\\/06\\\/Portades-Web-7.jpg\",\"datePublished\":\"2023-06-21T09:58:24+00:00\",\"dateModified\":\"2023-06-22T07:27:21+00:00\",\"description\":\"Els sectors Bages, Bergued\u00e0 i la Cerdanya, Ripoll\u00e8s, Osona i Moian\u00e8s i Baix Llobregat uneixen esfor\u00e7os en un CIM intersectorial!\",\"breadcrumb\":{\"@id\":\"https:\\\/\\\/www.esplac.cat\\\/curs-marta-mata-acollida-intersectorial\\\/#breadcrumb\"},\"inLanguage\":\"es\",\"potentialAction\":[{\"@type\":\"ReadAction\",\"target\":[\"https:\\\/\\\/www.esplac.cat\\\/curs-marta-mata-acollida-intersectorial\\\/\"]}]},{\"@type\":\"ImageObject\",\"inLanguage\":\"es\",\"@id\":\"https:\\\/\\\/www.esplac.cat\\\/curs-marta-mata-acollida-intersectorial\\\/#primaryimage\",\"url\":\"https:\\\/\\\/www.esplac.cat\\\/wp-content\\\/uploads\\\/2023\\\/06\\\/Portades-Web-7.jpg\",\"contentUrl\":\"https:\\\/\\\/www.esplac.cat\\\/wp-content\\\/uploads\\\/2023\\\/06\\\/Portades-Web-7.jpg\",\"width\":1697,\"height\":700,\"caption\":\"CIM Intersectorial\"},{\"@type\":\"BreadcrumbList\",\"@id\":\"https:\\\/\\\/www.esplac.cat\\\/curs-marta-mata-acollida-intersectorial\\\/#breadcrumb\",\"itemListElement\":[{\"@type\":\"ListItem\",\"position\":1,\"name\":\"Inici\",\"item\":\"https:\\\/\\\/www.esplac.cat\\\/es\\\/\"},{\"@type\":\"ListItem\",\"position\":2,\"name\":\"Els sectors Bages, Bergued\u00e0 i la Cerdanya, Ripoll\u00e8s, Osona i Moian\u00e8s i Baix Llobregat uneixen esfor\u00e7os al Curs Marta Mata Acollida\"}]},{\"@type\":\"WebSite\",\"@id\":\"https:\\\/\\\/www.esplac.cat\\\/#website\",\"url\":\"https:\\\/\\\/www.esplac.cat\\\/\",\"name\":\"Esplac\",\"description\":\"Esplais Catalans\",\"publisher\":{\"@id\":\"https:\\\/\\\/www.esplac.cat\\\/#organization\"},\"potentialAction\":[{\"@type\":\"SearchAction\",\"target\":{\"@type\":\"EntryPoint\",\"urlTemplate\":\"https:\\\/\\\/www.esplac.cat\\\/?s={search_term_string}\"},\"query-input\":{\"@type\":\"PropertyValueSpecification\",\"valueRequired\":true,\"valueName\":\"search_term_string\"}}],\"inLanguage\":\"es\"},{\"@type\":\"Organization\",\"@id\":\"https:\\\/\\\/www.esplac.cat\\\/#organization\",\"name\":\"Esplac\",\"url\":\"https:\\\/\\\/www.esplac.cat\\\/\",\"logo\":{\"@type\":\"ImageObject\",\"inLanguage\":\"es\",\"@id\":\"https:\\\/\\\/www.esplac.cat\\\/#\\\/schema\\\/logo\\\/image\\\/\",\"url\":\"https:\\\/\\\/www.esplac.cat\\\/wp-content\\\/uploads\\\/2019\\\/08\\\/logox2.png\",\"contentUrl\":\"https:\\\/\\\/www.esplac.cat\\\/wp-content\\\/uploads\\\/2019\\\/08\\\/logox2.png\",\"width\":600,\"height\":295,\"caption\":\"Esplac\"},\"image\":{\"@id\":\"https:\\\/\\\/www.esplac.cat\\\/#\\\/schema\\\/logo\\\/image\\\/\"}},{\"@type\":\"Person\",\"@id\":\"https:\\\/\\\/www.esplac.cat\\\/#\\\/schema\\\/person\\\/908383cf240be18b68f8855d0583faca\",\"name\":\"Comunicaci\u00f3 Esplac\",\"image\":{\"@type\":\"ImageObject\",\"inLanguage\":\"es\",\"@id\":\"https:\\\/\\\/secure.gravatar.com\\\/avatar\\\/7a4cf8feb412a76ea4a740ca02d95b06b2907b5a6c648c2dd0a1082a093c3141?s=96&d=mm&r=g\",\"url\":\"https:\\\/\\\/secure.gravatar.com\\\/avatar\\\/7a4cf8feb412a76ea4a740ca02d95b06b2907b5a6c648c2dd0a1082a093c3141?s=96&d=mm&r=g\",\"contentUrl\":\"https:\\\/\\\/secure.gravatar.com\\\/avatar\\\/7a4cf8feb412a76ea4a740ca02d95b06b2907b5a6c648c2dd0a1082a093c3141?s=96&d=mm&r=g\",\"caption\":\"Comunicaci\u00f3 Esplac\"}}]}<\/script>\n<!-- \/ Yoast SEO plugin. -->","yoast_head_json":{"title":"Formaci\u00f3 per a futures monis al Curs Marta Mata Acollida","description":"Els sectors Bages, Bergued\u00e0 i la Cerdanya, Ripoll\u00e8s, Osona i Moian\u00e8s i Baix Llobregat uneixen esfor\u00e7os en un CIM intersectorial!","robots":{"index":"index","follow":"follow","max-snippet":"max-snippet:-1","max-image-preview":"max-image-preview:large","max-video-preview":"max-video-preview:-1"},"canonical":"https:\/\/www.esplac.cat\/curs-marta-mata-acollida-intersectorial\/","og_locale":"es_ES","og_type":"article","og_title":"Formaci\u00f3 per a futures monis al Curs Marta Mata Acollida","og_description":"Els sectors Bages, Bergued\u00e0 i la Cerdanya, Ripoll\u00e8s, Osona i Moian\u00e8s i Baix Llobregat uneixen esfor\u00e7os en un CIM intersectorial!","og_url":"https:\/\/www.esplac.cat\/curs-marta-mata-acollida-intersectorial\/","og_site_name":"Esplac","article_published_time":"2023-06-21T09:58:24+00:00","article_modified_time":"2023-06-22T07:27:21+00:00","og_image":[{"width":1697,"height":700,"url":"https:\/\/www.esplac.cat\/wp-content\/uploads\/2023\/06\/Portades-Web-7.jpg","type":"image\/jpeg"}],"author":"Comunicaci\u00f3 Esplac","twitter_card":"summary_large_image","twitter_misc":{"Escrito por":"Comunicaci\u00f3 Esplac","Tiempo de lectura":"2 minutos"},"schema":{"@context":"https:\/\/schema.org","@graph":[{"@type":"Article","@id":"https:\/\/www.esplac.cat\/curs-marta-mata-acollida-intersectorial\/#article","isPartOf":{"@id":"https:\/\/www.esplac.cat\/curs-marta-mata-acollida-intersectorial\/"},"author":{"name":"Comunicaci\u00f3 Esplac","@id":"https:\/\/www.esplac.cat\/#\/schema\/person\/908383cf240be18b68f8855d0583faca"},"headline":"Els sectors Bages, Bergued\u00e0 i la Cerdanya, Ripoll\u00e8s, Osona i Moian\u00e8s i Baix Llobregat uneixen esfor\u00e7os al Curs Marta Mata Acollida","datePublished":"2023-06-21T09:58:24+00:00","dateModified":"2023-06-22T07:27:21+00:00","mainEntityOfPage":{"@id":"https:\/\/www.esplac.cat\/curs-marta-mata-acollida-intersectorial\/"},"wordCount":292,"publisher":{"@id":"https:\/\/www.esplac.cat\/#organization"},"image":{"@id":"https:\/\/www.esplac.cat\/curs-marta-mata-acollida-intersectorial\/#primaryimage"},"thumbnailUrl":"https:\/\/www.esplac.cat\/wp-content\/uploads\/2023\/06\/Portades-Web-7.jpg","articleSection":["Activitats sectors","Sector Bages, Bergued\u00e0 i La Cerdanya","Sector Baix Llobregat","Sector Ripoll\u00e8s, Osona i Moian\u00e8s","Sense categoria"],"inLanguage":"es"},{"@type":"WebPage","@id":"https:\/\/www.esplac.cat\/curs-marta-mata-acollida-intersectorial\/","url":"https:\/\/www.esplac.cat\/curs-marta-mata-acollida-intersectorial\/","name":"Formaci\u00f3 per a futures monis al Curs Marta Mata Acollida","isPartOf":{"@id":"https:\/\/www.esplac.cat\/#website"},"primaryImageOfPage":{"@id":"https:\/\/www.esplac.cat\/curs-marta-mata-acollida-intersectorial\/#primaryimage"},"image":{"@id":"https:\/\/www.esplac.cat\/curs-marta-mata-acollida-intersectorial\/#primaryimage"},"thumbnailUrl":"https:\/\/www.esplac.cat\/wp-content\/uploads\/2023\/06\/Portades-Web-7.jpg","datePublished":"2023-06-21T09:58:24+00:00","dateModified":"2023-06-22T07:27:21+00:00","description":"Els sectors Bages, Bergued\u00e0 i la Cerdanya, Ripoll\u00e8s, Osona i Moian\u00e8s i Baix Llobregat uneixen esfor\u00e7os en un CIM intersectorial!","breadcrumb":{"@id":"https:\/\/www.esplac.cat\/curs-marta-mata-acollida-intersectorial\/#breadcrumb"},"inLanguage":"es","potentialAction":[{"@type":"ReadAction","target":["https:\/\/www.esplac.cat\/curs-marta-mata-acollida-intersectorial\/"]}]},{"@type":"ImageObject","inLanguage":"es","@id":"https:\/\/www.esplac.cat\/curs-marta-mata-acollida-intersectorial\/#primaryimage","url":"https:\/\/www.esplac.cat\/wp-content\/uploads\/2023\/06\/Portades-Web-7.jpg","contentUrl":"https:\/\/www.esplac.cat\/wp-content\/uploads\/2023\/06\/Portades-Web-7.jpg","width":1697,"height":700,"caption":"CIM Intersectorial"},{"@type":"BreadcrumbList","@id":"https:\/\/www.esplac.cat\/curs-marta-mata-acollida-intersectorial\/#breadcrumb","itemListElement":[{"@type":"ListItem","position":1,"name":"Inici","item":"https:\/\/www.esplac.cat\/es\/"},{"@type":"ListItem","position":2,"name":"Els sectors Bages, Bergued\u00e0 i la Cerdanya, Ripoll\u00e8s, Osona i Moian\u00e8s i Baix Llobregat uneixen esfor\u00e7os al Curs Marta Mata Acollida"}]},{"@type":"WebSite","@id":"https:\/\/www.esplac.cat\/#website","url":"https:\/\/www.esplac.cat\/","name":"Esplac","description":"Esplais Catalans","publisher":{"@id":"https:\/\/www.esplac.cat\/#organization"},"potentialAction":[{"@type":"SearchAction","target":{"@type":"EntryPoint","urlTemplate":"https:\/\/www.esplac.cat\/?s={search_term_string}"},"query-input":{"@type":"PropertyValueSpecification","valueRequired":true,"valueName":"search_term_string"}}],"inLanguage":"es"},{"@type":"Organization","@id":"https:\/\/www.esplac.cat\/#organization","name":"Esplac","url":"https:\/\/www.esplac.cat\/","logo":{"@type":"ImageObject","inLanguage":"es","@id":"https:\/\/www.esplac.cat\/#\/schema\/logo\/image\/","url":"https:\/\/www.esplac.cat\/wp-content\/uploads\/2019\/08\/logox2.png","contentUrl":"https:\/\/www.esplac.cat\/wp-content\/uploads\/2019\/08\/logox2.png","width":600,"height":295,"caption":"Esplac"},"image":{"@id":"https:\/\/www.esplac.cat\/#\/schema\/logo\/image\/"}},{"@type":"Person","@id":"https:\/\/www.esplac.cat\/#\/schema\/person\/908383cf240be18b68f8855d0583faca","name":"Comunicaci\u00f3 Esplac","image":{"@type":"ImageObject","inLanguage":"es","@id":"https:\/\/secure.gravatar.com\/avatar\/7a4cf8feb412a76ea4a740ca02d95b06b2907b5a6c648c2dd0a1082a093c3141?s=96&d=mm&r=g","url":"https:\/\/secure.gravatar.com\/avatar\/7a4cf8feb412a76ea4a740ca02d95b06b2907b5a6c648c2dd0a1082a093c3141?s=96&d=mm&r=g","contentUrl":"https:\/\/secure.gravatar.com\/avatar\/7a4cf8feb412a76ea4a740ca02d95b06b2907b5a6c648c2dd0a1082a093c3141?s=96&d=mm&r=g","caption":"Comunicaci\u00f3 Esplac"}}]}},"_links":{"self":[{"href":"https:\/\/www.esplac.cat\/es\/wp-json\/wp\/v2\/posts\/45902","targetHints":{"allow":["GET"]}}],"collection":[{"href":"https:\/\/www.esplac.cat\/es\/wp-json\/wp\/v2\/posts"}],"about":[{"href":"https:\/\/www.esplac.cat\/es\/wp-json\/wp\/v2\/types\/post"}],"author":[{"embeddable":true,"href":"https:\/\/www.esplac.cat\/es\/wp-json\/wp\/v2\/users\/3"}],"replies":[{"embeddable":true,"href":"https:\/\/www.esplac.cat\/es\/wp-json\/wp\/v2\/comments?post=45902"}],"version-history":[{"count":0,"href":"https:\/\/www.esplac.cat\/es\/wp-json\/wp\/v2\/posts\/45902\/revisions"}],"wp:featuredmedia":[{"embeddable":true,"href":"https:\/\/www.esplac.cat\/es\/wp-json\/wp\/v2\/media\/45905"}],"wp:attachment":[{"href":"https:\/\/www.esplac.cat\/es\/wp-json\/wp\/v2\/media?parent=45902"}],"wp:term":[{"taxonomy":"category","embeddable":true,"href":"https:\/\/www.esplac.cat\/es\/wp-json\/wp\/v2\/categories?post=45902"},{"taxonomy":"post_tag","embeddable":true,"href":"https:\/\/www.esplac.cat\/es\/wp-json\/wp\/v2\/tags?post=45902"}],"curies":[{"name":"wp","href":"https:\/\/api.w.org\/{rel}","templated":true}]}}