{"id":4611,"date":"2018-04-18T17:07:36","date_gmt":"2018-04-18T15:07:36","guid":{"rendered":"https:\/\/www.somesplai.cat\/?p=4611"},"modified":"2019-11-28T14:24:15","modified_gmt":"2019-11-28T13:24:15","slug":"laberints-emocions","status":"publish","type":"post","link":"https:\/\/www.esplac.cat\/es\/laberints-emocions\/","title":{"rendered":"Laberints d&#8217;emocions!"},"content":{"rendered":"<h5>18-abril-2018<\/h5>\n<p>Autor:&nbsp;<strong>David Miranda Mota<\/strong>, SVE portugu\u00e8s a Barcelona i monitor de l\u2019Esplai Torxa.<\/p>\n<hr>\n<p><a href=\"https:\/\/www.somesplai.cat\/wp-content\/uploads\/2018\/04\/eras.jpg\"><img decoding=\"async\" class=\"aligncenter size-full wp-image-4613\" src=\"https:\/\/www.somesplai.cat\/wp-content\/uploads\/2018\/04\/eras.jpg\" alt=\"eras\" width=\"932\" height=\"392\"><\/a><\/p>\n<p>&nbsp;<\/p>\n<p style=\"text-align: justify;\">Ol\u00e1\u00e1\u00e1!!! No hace tanto tiempo desde la \u00faltima vez, sin embargo ocurrieron muchas cosas.<br \/>\nEmpezar\u00e9 con el Erasmus \u201c<strong>Feel the Thrill!<\/strong>\u201d, que fue muuuuy especial. Todos los Erasmus son siempre muy intensos a nivel emocional. Est\u00e1s cerca de 10 d\u00edas con la misma gente, casi 24h, unos 30 j\u00f3venes, 6 pa\u00edses diferentes y todo el mundo quiere conocer y \u201cser conocido\u201d, pues imaginaos cuando la tem\u00e1tica principal a ser trabajada es la&nbsp;<span style=\"text-decoration: underline;\">educaci\u00f3n emocional.<\/span><br \/>\nAl segundo d\u00eda ya exist\u00eda una uni\u00f3n de grupo incre\u00edble. Los formadores eran muy buenos, han contribuido mucho para que todo funcionara perfectamente, cada uno con sus trazos de car\u00e1cter muy particulares. Tra\u00edan desaf\u00edos, humor,&nbsp;an\u00e1lisis y ayudaron a que mir\u00e1semos a dentro, alrededor y afuera. Se trabaj\u00f3 de distintas formas, con varias energ\u00edas, como la motivaci\u00f3n, la empat\u00eda y el conflicto, resultando en una conexi\u00f3n y transparencia emocional del grupo.<br \/>\nAdem\u00e1s est\u00e1bamos en el <strong>Masnou<\/strong>,&nbsp;a diez minutos de la playa en una semana de s<span style=\"color: #000000;\">ol. T<\/span>odo iba a favor.<\/p>\n<p style=\"text-align: justify;\">A media semana, no s\u00e9 bien como, me despert\u00e9 a las 6.30 h para buscar en la playa la estrella m\u00e1s brillante (fue muy introspectivo y me hizo sentir s<em><span style=\"text-decoration: underline;\">audades<\/span><\/em>&nbsp;de mi para\u00edso y mi gente). Ese mismo d\u00eda hice un <em>tour<\/em> por Barna, con parte del grupo, con un <em>feedback<\/em> muy bueno. Despu\u00e9s de ense\u00f1arles sitios como las tres chimeneas del Paral\u00b7lel, el Raval o el G\u00f3tico, subimos al Guinard\u00f3 y fuimos el Mas, donde tuve la feliz sincron\u00eda de encontrarme con mis colegas del&nbsp;<span style=\"color: #000000;\">Torxa<\/span>, justo antes de subir a los b\u00fankers, donde pudimos ver la puesta de <span style=\"color: #000000;\">sol<\/span> (no me recuerdo la \u00faltima vez que lo vi nacer y ponerse en el mismo d\u00eda).<\/p>\n<p style=\"text-align: justify;\">Como hago en todos los Erasmus, me desafi\u00e9 a trabajar uno de mis defectos, y funcion\u00f3 perfectamente, aunque lo llev\u00e9 casi hasta el \u00faltimo d\u00eda. Me desbloque\u00e9 de algunos aspectos emocionales, y la conexi\u00f3n y transparencia proliferaron.<br \/>\nPues en una semana especial, el final lleg\u00f3, juntamente con alguna que otra l\u00e1grima, pero con un sentimiento de progreso emocional y espiritual gigantes, algunas amistades m\u00e1s cercas que otras y la propuesta de visita a lugares como <span style=\"text-decoration: underline;\">Georgia, Eslovenia e Italia<\/span>. \ud83d\ude42<\/p>\n<p><a href=\"https:\/\/www.somesplai.cat\/wp-content\/uploads\/2018\/04\/masnou.jpg\"><img decoding=\"async\" class=\"aligncenter size-full wp-image-4621\" src=\"https:\/\/www.somesplai.cat\/wp-content\/uploads\/2018\/04\/masnou.jpg\" alt=\"masnou\" width=\"4096\" height=\"2004\"><\/a><\/p>\n<p style=\"text-align: justify;\">Pasado todo el&nbsp;torbellino de emociones, volvimos a casa, pero algunos amigos de Erasmus se quedaron dos d\u00edas m\u00e1s&nbsp;y&nbsp;hab\u00eda&nbsp;que aprovechar la buena gente (adem\u00e1s las chicas de Georgia me presentaron m\u00e1s gente de otros esplais, ahahah), as\u00ed que me puse en modo turista y nos fuimos de paseo. Destacar la noche delante del MACBA, donde la movida de baile&nbsp;hip-hop estaba \u00ab<strong>WOOOW<\/strong>\u00ab, y de pronto ocurri\u00f3 algo que ya hab\u00eda escuchado hablar. A la 1h30 lleg\u00f3 la<strong><span style=\"color: #0000ff;\"> poli<\/span><span style=\"color: #ff0000;\">c\u00eda<\/span> <\/strong>para espantar (de&nbsp;manera tranquila) a toda la gente, pero se ve que ya es rutina all\u00ed.<\/p>\n<p style=\"text-align: justify;\"><strong><span style=\"color: #ff0000;\">Fi<span style=\"color: #ff6600;\">nd<\/span><\/span><span style=\"color: #ffcc00;\">ing <\/span><span style=\"color: #008000;\">co<\/span><span style=\"color: #0000ff;\">lo<\/span><span style=\"color: #800080;\">rs!<\/span><\/strong><br \/>\nBueno, finalmente cierro el ciclo Erasmus, y vuelvo a mi rutina.&nbsp;<span style=\"color: #ff6600;\">Esplac<\/span>, dibujos, <span style=\"color: #ff9900;\">esplai<\/span>, aunque esta se transformar\u00eda muy deprisa. Despu\u00e9s de un paseo especial con mi marroqu\u00ed favorita, empiezo a tener una estad\u00eda por <strong>BCN<\/strong> mucho m\u00e1s colorida \ud83d\ude42&nbsp;<br \/>\nLa producci\u00f3n art\u00edstica va a tope, y con la ayuda de mi nueva m\u00e1nager ya tengo una primera exposici\u00f3n en el <span style=\"text-decoration: underline;\">Salon223<\/span>, y un trabajito de pintura de persiana. Aun asi estoy ya planeando una otra exposici\u00f3n que os informar\u00e9 cuando ocurra.<\/p>\n<p style=\"text-align: justify;\"><span style=\"color: #ff9900;\"><strong>Torxa<\/strong><\/span><br \/>\nEl esplai continua siendo algo brutal, donde cada s\u00e1bado es una aventura y un desaf\u00edo diferente, adem\u00e1s de un tiempo de calidad y partilla con mis colegas monis. La llama de <span style=\"color: #ff9900;\">Torxa<\/span> ya no se apagar\u00e1 de dentro de mi pecho. El mismo s\u00e1bado tuve una visita breve e inesperada, de un amigo de <strong>Portugal<\/strong>, que llegaba de <span style=\"text-decoration: underline;\">Tailandia<\/span> a la 1h, nos quedamos hasta las 6h moviendo nos por los rec\u00f3nditos de Barcelona, mientras me contaba toda su movida por el sudeste asi\u00e1tico y una entrada fallida en <span style=\"text-decoration: underline;\">Australia<\/span> . La vida es una loter\u00eda, hay cosas que ocurren y pueden parecer malas a primera vista, pero con la distancia y el tiempo, encuentras el entendimiento. <span style=\"text-decoration: underline;\"><em>For\u00e7a nesse teu caminho amigo BOB<\/em>!<\/span><\/p>\n<p style=\"text-align: justify;\"><strong>Laberinto de Horta<\/strong><br \/>\nYa tocaba visitar algo diferente adem\u00e1s del centro, ahahah<br \/>\nFinalmente fui a visitar el Laberinto de Horta con la mejor compa\u00f1\u00eda para perderme por all\u00ed. D\u00eda libre y soleado, vamos al bot\u00e1nico o laberinto??? Vaaa, vamos a la fantas\u00eda! El jard\u00edn en general&nbsp;es muy bonito, sin duda que te remete a un ambiente de sue\u00f1o y cuentos de hadas. Sin embargo ten\u00eda la expectativa de que el laberinto fuera mayor y m\u00e1s denso. Aun as\u00ed,&nbsp;<span style=\"text-decoration: underline;\">SIN DUDA<\/span> que es algo que recomiendo ir a conocer. Aunque me contaron que por la noche la movida es diferente, m\u00e1s <em>wild life<\/em> ahahaha! Aprovechando la tem\u00e1tica de hadas, fui el otro d\u00eda a un caf\u00e9\/tienda que es , <strong>El Bosc de les Fades<\/strong> ,\u00bbWOOOOW\u00bb est\u00e1 guap\u00edsimo, aun que volver\u00e9 para aprovecharlo mejor, fue as\u00ed todo muy deprisa.<\/p>\n<p><a href=\"https:\/\/www.somesplai.cat\/wp-content\/uploads\/2018\/04\/laberinto2.jpg\"><img decoding=\"async\" class=\"aligncenter size-large wp-image-4615\" src=\"https:\/\/www.somesplai.cat\/wp-content\/uploads\/2018\/04\/laberinto2-1024x476.jpg\" alt=\"laberinto2\" width=\"620\" height=\"288\"><\/a><\/p>\n<p style=\"text-align: justify;\"><strong>Esplac<\/strong><br \/>\nEl pr\u00f3ximo mes toca <span style=\"color: #0000ff;\">Reach Out<\/span> y <span style=\"color: #ff9900;\">Esplaiada<\/span>, estoy a tope de tareas, desde workshops, <em>livepainting<\/em>, y alguna que otra sorpresa, pero vamos a ello. Estoy bastante motivado. No contar\u00e9 mucho m\u00e1s por ahora, solo que vamos a pintar muchoooo, y volver\u00e9 a ver algunos erasmus friends y amigos de otros esplais.<\/p>\n<p style=\"text-align: justify;\"><strong>Casal Joves Girapells<\/strong><br \/>\nTen\u00eda planeado llevar mis ni\u00f1os de <span style=\"color: #ff9900;\">Torxa<\/span> al casal para hacer una actividad all\u00ed y me fui a la asamblea abierta del <span style=\"text-decoration: underline;\">Casal de Joves de Girapells<\/span>, y de pronto el Mota&nbsp;al que le gusta hacer pocas cosas pero bien hechas se ve comprometido con mogoll\u00f3n de actividades, eheheh.<br \/>\nSolo hubo un primer contacto, pero me agrada mucho saber que hay varios proyectos en este casal, y adem\u00e1s casi todos est\u00e1n en fase embrionaria. Se puede crear aqu\u00ed un espacio\/grupo muy diverso y con fusi\u00f3n de vertientes e una sinergia muy buena \ud83d\ude42<br \/>\nEstoy conociendo a gente incre\u00edble, espiritualmente despierta con ganas de comunidad y me estoy rodeando de artistas, se antev\u00e9n tiempos productivos \ud83d\ude09<br \/>\nDe modo que ahora tengo pendiente una participaci\u00f3n de <em>livepainting<\/em> en una escena de teatro, taller de pirograf\u00eda en corcho y una exposici\u00f3n en el Casal.<\/p>\n<p><a href=\"https:\/\/www.somesplai.cat\/wp-content\/uploads\/2018\/04\/casal2.jpg\"><img decoding=\"async\" class=\"aligncenter size-full wp-image-4617\" src=\"https:\/\/www.somesplai.cat\/wp-content\/uploads\/2018\/04\/casal2.jpg\" alt=\"casal2\" width=\"392\" height=\"500\"><\/a><\/p>\n<p>&nbsp;<\/p>\n<p>Gracias por seguir a este \u00ab<strong>Cu\u00edco<\/strong>\u00bb en esta experiencia m\u00e1gica, que cada vez me hace ponderar m\u00e1s si volver\u00e9 a Portugal al final del EVS. ahahah<\/p>\n<p>Gracias nuevamente a todo el mundo:&nbsp;<strong><span style=\"color: #ff6600;\">Esplac<\/span>, <span style=\"color: #ff9900;\">Torxa<\/span> <\/strong>y<span style=\"color: #ffcc00;\"><strong> Rota Jovem<\/strong><\/span>, y ahora del <strong>Casal de Girapells<\/strong> \ud83d\ude42<\/p>\n<p><strong>Adeuuu<\/strong>&nbsp;**<\/p>\n","protected":false},"excerpt":{"rendered":"<p>18-abril-2018 Autor:&nbsp;David Miranda Mota, SVE portugu\u00e8s a Barcelona i monitor [&hellip;]<\/p>\n","protected":false},"author":3,"featured_media":4625,"comment_status":"closed","ping_status":"closed","sticky":false,"template":"","format":"standard","meta":{"om_disable_all_campaigns":false,"_monsterinsights_skip_tracking":false,"_monsterinsights_sitenote_active":false,"_monsterinsights_sitenote_note":"","_monsterinsights_sitenote_category":0,"_uf_show_specific_survey":0,"_uf_disable_surveys":false,"footnotes":""},"categories":[1168],"tags":[1176,917,418,187,1177],"class_list":["post-4611","post","type-post","status-publish","format-standard","has-post-thumbnail","hentry","category-creuant_mirades","tag-casaljovesgirapells","tag-erasmus","tag-portugal","tag-sve","tag-torxa"],"yoast_head":"<!-- This site is optimized with the Yoast SEO plugin v27.5 - https:\/\/yoast.com\/product\/yoast-seo-wordpress\/ -->\n<title>Laberints d&#039;emocions! - Esplac<\/title>\n<meta name=\"robots\" content=\"index, follow, max-snippet:-1, max-image-preview:large, max-video-preview:-1\" \/>\n<link rel=\"canonical\" href=\"https:\/\/www.esplac.cat\/es\/laberints-emocions\/\" \/>\n<meta property=\"og:locale\" content=\"es_ES\" \/>\n<meta property=\"og:type\" content=\"article\" \/>\n<meta property=\"og:title\" content=\"Laberints d&#039;emocions! - Esplac\" \/>\n<meta property=\"og:description\" content=\"18-abril-2018 Autor:&nbsp;David Miranda Mota, SVE portugu\u00e8s a Barcelona i monitor [&hellip;]\" \/>\n<meta property=\"og:url\" content=\"https:\/\/www.esplac.cat\/es\/laberints-emocions\/\" \/>\n<meta property=\"og:site_name\" content=\"Esplac\" \/>\n<meta property=\"article:published_time\" content=\"2018-04-18T15:07:36+00:00\" \/>\n<meta property=\"article:modified_time\" content=\"2019-11-28T13:24:15+00:00\" \/>\n<meta property=\"og:image\" content=\"https:\/\/www.esplac.cat\/wp-content\/uploads\/2019\/11\/logo-open.jpg\" \/>\n\t<meta property=\"og:image:width\" content=\"1200\" \/>\n\t<meta property=\"og:image:height\" content=\"630\" \/>\n\t<meta property=\"og:image:type\" content=\"image\/jpeg\" \/>\n<meta name=\"author\" content=\"Comunicaci\u00f3 Esplac\" \/>\n<meta name=\"twitter:card\" content=\"summary_large_image\" \/>\n<meta name=\"twitter:label1\" content=\"Escrito por\" \/>\n\t<meta name=\"twitter:data1\" content=\"Comunicaci\u00f3 Esplac\" \/>\n\t<meta name=\"twitter:label2\" content=\"Tiempo de lectura\" \/>\n\t<meta name=\"twitter:data2\" content=\"6 minutos\" \/>\n<script type=\"application\/ld+json\" class=\"yoast-schema-graph\">{\"@context\":\"https:\\\/\\\/schema.org\",\"@graph\":[{\"@type\":\"Article\",\"@id\":\"https:\\\/\\\/www.esplac.cat\\\/es\\\/laberints-emocions\\\/#article\",\"isPartOf\":{\"@id\":\"https:\\\/\\\/www.esplac.cat\\\/es\\\/laberints-emocions\\\/\"},\"author\":{\"name\":\"Comunicaci\u00f3 Esplac\",\"@id\":\"https:\\\/\\\/www.esplac.cat\\\/#\\\/schema\\\/person\\\/908383cf240be18b68f8855d0583faca\"},\"headline\":\"Laberints d&#8217;emocions!\",\"datePublished\":\"2018-04-18T15:07:36+00:00\",\"dateModified\":\"2019-11-28T13:24:15+00:00\",\"mainEntityOfPage\":{\"@id\":\"https:\\\/\\\/www.esplac.cat\\\/es\\\/laberints-emocions\\\/\"},\"wordCount\":1173,\"publisher\":{\"@id\":\"https:\\\/\\\/www.esplac.cat\\\/#organization\"},\"image\":{\"@id\":\"https:\\\/\\\/www.esplac.cat\\\/es\\\/laberints-emocions\\\/#primaryimage\"},\"thumbnailUrl\":\"\",\"keywords\":[\"casaljovesgirapells\",\"Erasmus +\",\"Portugal\",\"sve\",\"Torxa\"],\"articleSection\":[\"Creuant mirades\"],\"inLanguage\":\"es\"},{\"@type\":\"WebPage\",\"@id\":\"https:\\\/\\\/www.esplac.cat\\\/es\\\/laberints-emocions\\\/\",\"url\":\"https:\\\/\\\/www.esplac.cat\\\/es\\\/laberints-emocions\\\/\",\"name\":\"Laberints d'emocions! - Esplac\",\"isPartOf\":{\"@id\":\"https:\\\/\\\/www.esplac.cat\\\/#website\"},\"primaryImageOfPage\":{\"@id\":\"https:\\\/\\\/www.esplac.cat\\\/es\\\/laberints-emocions\\\/#primaryimage\"},\"image\":{\"@id\":\"https:\\\/\\\/www.esplac.cat\\\/es\\\/laberints-emocions\\\/#primaryimage\"},\"thumbnailUrl\":\"\",\"datePublished\":\"2018-04-18T15:07:36+00:00\",\"dateModified\":\"2019-11-28T13:24:15+00:00\",\"breadcrumb\":{\"@id\":\"https:\\\/\\\/www.esplac.cat\\\/es\\\/laberints-emocions\\\/#breadcrumb\"},\"inLanguage\":\"es\",\"potentialAction\":[{\"@type\":\"ReadAction\",\"target\":[\"https:\\\/\\\/www.esplac.cat\\\/es\\\/laberints-emocions\\\/\"]}]},{\"@type\":\"ImageObject\",\"inLanguage\":\"es\",\"@id\":\"https:\\\/\\\/www.esplac.cat\\\/es\\\/laberints-emocions\\\/#primaryimage\",\"url\":\"\",\"contentUrl\":\"\"},{\"@type\":\"BreadcrumbList\",\"@id\":\"https:\\\/\\\/www.esplac.cat\\\/es\\\/laberints-emocions\\\/#breadcrumb\",\"itemListElement\":[{\"@type\":\"ListItem\",\"position\":1,\"name\":\"Inici\",\"item\":\"https:\\\/\\\/www.esplac.cat\\\/es\\\/\"},{\"@type\":\"ListItem\",\"position\":2,\"name\":\"Laberints d&#8217;emocions!\"}]},{\"@type\":\"WebSite\",\"@id\":\"https:\\\/\\\/www.esplac.cat\\\/#website\",\"url\":\"https:\\\/\\\/www.esplac.cat\\\/\",\"name\":\"Esplac\",\"description\":\"Esplais Catalans\",\"publisher\":{\"@id\":\"https:\\\/\\\/www.esplac.cat\\\/#organization\"},\"potentialAction\":[{\"@type\":\"SearchAction\",\"target\":{\"@type\":\"EntryPoint\",\"urlTemplate\":\"https:\\\/\\\/www.esplac.cat\\\/?s={search_term_string}\"},\"query-input\":{\"@type\":\"PropertyValueSpecification\",\"valueRequired\":true,\"valueName\":\"search_term_string\"}}],\"inLanguage\":\"es\"},{\"@type\":\"Organization\",\"@id\":\"https:\\\/\\\/www.esplac.cat\\\/#organization\",\"name\":\"Esplac\",\"url\":\"https:\\\/\\\/www.esplac.cat\\\/\",\"logo\":{\"@type\":\"ImageObject\",\"inLanguage\":\"es\",\"@id\":\"https:\\\/\\\/www.esplac.cat\\\/#\\\/schema\\\/logo\\\/image\\\/\",\"url\":\"https:\\\/\\\/www.esplac.cat\\\/wp-content\\\/uploads\\\/2019\\\/08\\\/logox2.png\",\"contentUrl\":\"https:\\\/\\\/www.esplac.cat\\\/wp-content\\\/uploads\\\/2019\\\/08\\\/logox2.png\",\"width\":600,\"height\":295,\"caption\":\"Esplac\"},\"image\":{\"@id\":\"https:\\\/\\\/www.esplac.cat\\\/#\\\/schema\\\/logo\\\/image\\\/\"}},{\"@type\":\"Person\",\"@id\":\"https:\\\/\\\/www.esplac.cat\\\/#\\\/schema\\\/person\\\/908383cf240be18b68f8855d0583faca\",\"name\":\"Comunicaci\u00f3 Esplac\",\"image\":{\"@type\":\"ImageObject\",\"inLanguage\":\"es\",\"@id\":\"https:\\\/\\\/secure.gravatar.com\\\/avatar\\\/7a4cf8feb412a76ea4a740ca02d95b06b2907b5a6c648c2dd0a1082a093c3141?s=96&d=mm&r=g\",\"url\":\"https:\\\/\\\/secure.gravatar.com\\\/avatar\\\/7a4cf8feb412a76ea4a740ca02d95b06b2907b5a6c648c2dd0a1082a093c3141?s=96&d=mm&r=g\",\"contentUrl\":\"https:\\\/\\\/secure.gravatar.com\\\/avatar\\\/7a4cf8feb412a76ea4a740ca02d95b06b2907b5a6c648c2dd0a1082a093c3141?s=96&d=mm&r=g\",\"caption\":\"Comunicaci\u00f3 Esplac\"}}]}<\/script>\n<!-- \/ Yoast SEO plugin. -->","yoast_head_json":{"title":"Laberints d'emocions! - Esplac","robots":{"index":"index","follow":"follow","max-snippet":"max-snippet:-1","max-image-preview":"max-image-preview:large","max-video-preview":"max-video-preview:-1"},"canonical":"https:\/\/www.esplac.cat\/es\/laberints-emocions\/","og_locale":"es_ES","og_type":"article","og_title":"Laberints d'emocions! - Esplac","og_description":"18-abril-2018 Autor:&nbsp;David Miranda Mota, SVE portugu\u00e8s a Barcelona i monitor [&hellip;]","og_url":"https:\/\/www.esplac.cat\/es\/laberints-emocions\/","og_site_name":"Esplac","article_published_time":"2018-04-18T15:07:36+00:00","article_modified_time":"2019-11-28T13:24:15+00:00","og_image":[{"width":1200,"height":630,"url":"https:\/\/www.esplac.cat\/wp-content\/uploads\/2019\/11\/logo-open.jpg","type":"image\/jpeg"}],"author":"Comunicaci\u00f3 Esplac","twitter_card":"summary_large_image","twitter_misc":{"Escrito por":"Comunicaci\u00f3 Esplac","Tiempo de lectura":"6 minutos"},"schema":{"@context":"https:\/\/schema.org","@graph":[{"@type":"Article","@id":"https:\/\/www.esplac.cat\/es\/laberints-emocions\/#article","isPartOf":{"@id":"https:\/\/www.esplac.cat\/es\/laberints-emocions\/"},"author":{"name":"Comunicaci\u00f3 Esplac","@id":"https:\/\/www.esplac.cat\/#\/schema\/person\/908383cf240be18b68f8855d0583faca"},"headline":"Laberints d&#8217;emocions!","datePublished":"2018-04-18T15:07:36+00:00","dateModified":"2019-11-28T13:24:15+00:00","mainEntityOfPage":{"@id":"https:\/\/www.esplac.cat\/es\/laberints-emocions\/"},"wordCount":1173,"publisher":{"@id":"https:\/\/www.esplac.cat\/#organization"},"image":{"@id":"https:\/\/www.esplac.cat\/es\/laberints-emocions\/#primaryimage"},"thumbnailUrl":"","keywords":["casaljovesgirapells","Erasmus +","Portugal","sve","Torxa"],"articleSection":["Creuant mirades"],"inLanguage":"es"},{"@type":"WebPage","@id":"https:\/\/www.esplac.cat\/es\/laberints-emocions\/","url":"https:\/\/www.esplac.cat\/es\/laberints-emocions\/","name":"Laberints d'emocions! - Esplac","isPartOf":{"@id":"https:\/\/www.esplac.cat\/#website"},"primaryImageOfPage":{"@id":"https:\/\/www.esplac.cat\/es\/laberints-emocions\/#primaryimage"},"image":{"@id":"https:\/\/www.esplac.cat\/es\/laberints-emocions\/#primaryimage"},"thumbnailUrl":"","datePublished":"2018-04-18T15:07:36+00:00","dateModified":"2019-11-28T13:24:15+00:00","breadcrumb":{"@id":"https:\/\/www.esplac.cat\/es\/laberints-emocions\/#breadcrumb"},"inLanguage":"es","potentialAction":[{"@type":"ReadAction","target":["https:\/\/www.esplac.cat\/es\/laberints-emocions\/"]}]},{"@type":"ImageObject","inLanguage":"es","@id":"https:\/\/www.esplac.cat\/es\/laberints-emocions\/#primaryimage","url":"","contentUrl":""},{"@type":"BreadcrumbList","@id":"https:\/\/www.esplac.cat\/es\/laberints-emocions\/#breadcrumb","itemListElement":[{"@type":"ListItem","position":1,"name":"Inici","item":"https:\/\/www.esplac.cat\/es\/"},{"@type":"ListItem","position":2,"name":"Laberints d&#8217;emocions!"}]},{"@type":"WebSite","@id":"https:\/\/www.esplac.cat\/#website","url":"https:\/\/www.esplac.cat\/","name":"Esplac","description":"Esplais Catalans","publisher":{"@id":"https:\/\/www.esplac.cat\/#organization"},"potentialAction":[{"@type":"SearchAction","target":{"@type":"EntryPoint","urlTemplate":"https:\/\/www.esplac.cat\/?s={search_term_string}"},"query-input":{"@type":"PropertyValueSpecification","valueRequired":true,"valueName":"search_term_string"}}],"inLanguage":"es"},{"@type":"Organization","@id":"https:\/\/www.esplac.cat\/#organization","name":"Esplac","url":"https:\/\/www.esplac.cat\/","logo":{"@type":"ImageObject","inLanguage":"es","@id":"https:\/\/www.esplac.cat\/#\/schema\/logo\/image\/","url":"https:\/\/www.esplac.cat\/wp-content\/uploads\/2019\/08\/logox2.png","contentUrl":"https:\/\/www.esplac.cat\/wp-content\/uploads\/2019\/08\/logox2.png","width":600,"height":295,"caption":"Esplac"},"image":{"@id":"https:\/\/www.esplac.cat\/#\/schema\/logo\/image\/"}},{"@type":"Person","@id":"https:\/\/www.esplac.cat\/#\/schema\/person\/908383cf240be18b68f8855d0583faca","name":"Comunicaci\u00f3 Esplac","image":{"@type":"ImageObject","inLanguage":"es","@id":"https:\/\/secure.gravatar.com\/avatar\/7a4cf8feb412a76ea4a740ca02d95b06b2907b5a6c648c2dd0a1082a093c3141?s=96&d=mm&r=g","url":"https:\/\/secure.gravatar.com\/avatar\/7a4cf8feb412a76ea4a740ca02d95b06b2907b5a6c648c2dd0a1082a093c3141?s=96&d=mm&r=g","contentUrl":"https:\/\/secure.gravatar.com\/avatar\/7a4cf8feb412a76ea4a740ca02d95b06b2907b5a6c648c2dd0a1082a093c3141?s=96&d=mm&r=g","caption":"Comunicaci\u00f3 Esplac"}}]}},"_links":{"self":[{"href":"https:\/\/www.esplac.cat\/es\/wp-json\/wp\/v2\/posts\/4611","targetHints":{"allow":["GET"]}}],"collection":[{"href":"https:\/\/www.esplac.cat\/es\/wp-json\/wp\/v2\/posts"}],"about":[{"href":"https:\/\/www.esplac.cat\/es\/wp-json\/wp\/v2\/types\/post"}],"author":[{"embeddable":true,"href":"https:\/\/www.esplac.cat\/es\/wp-json\/wp\/v2\/users\/3"}],"replies":[{"embeddable":true,"href":"https:\/\/www.esplac.cat\/es\/wp-json\/wp\/v2\/comments?post=4611"}],"version-history":[{"count":0,"href":"https:\/\/www.esplac.cat\/es\/wp-json\/wp\/v2\/posts\/4611\/revisions"}],"wp:featuredmedia":[{"embeddable":true,"href":"https:\/\/www.esplac.cat\/es\/wp-json\/"}],"wp:attachment":[{"href":"https:\/\/www.esplac.cat\/es\/wp-json\/wp\/v2\/media?parent=4611"}],"wp:term":[{"taxonomy":"category","embeddable":true,"href":"https:\/\/www.esplac.cat\/es\/wp-json\/wp\/v2\/categories?post=4611"},{"taxonomy":"post_tag","embeddable":true,"href":"https:\/\/www.esplac.cat\/es\/wp-json\/wp\/v2\/tags?post=4611"}],"curies":[{"name":"wp","href":"https:\/\/api.w.org\/{rel}","templated":true}]}}