{"id":4638,"date":"2018-04-27T10:50:50","date_gmt":"2018-04-27T08:50:50","guid":{"rendered":"https:\/\/www.somesplai.cat\/?p=4638"},"modified":"2019-11-28T13:31:25","modified_gmt":"2019-11-28T12:31:25","slug":"ja-surt-sol","status":"publish","type":"post","link":"https:\/\/www.esplac.cat\/es\/ja-surt-sol\/","title":{"rendered":"Ja surt el sol (tiruriru)"},"content":{"rendered":"<p>Autora: <strong>Al\u00edcia Aranda<\/strong>, monitora de l\u2019<a href=\"https:\/\/esplaieixam.wordpress.com\/\">Esplai Eixam<\/a> de Rub\u00ed i participant en un SVE a Salzburg.<\/p>\n<hr>\n<p style=\"text-align: justify;\">La&nbsp;primavera trompetera&nbsp;ha arribat a Salzburg i la gent surt al carrer com els&nbsp;caragols&nbsp;quan plou. La ciutat est\u00e0 plena de vida, els parcs verds i plens de flors, es respira aire pur i l&#8217;esport de muntanya torna.<\/p>\n<p style=\"text-align: justify;\">Per&nbsp;comen\u00e7ar, cal dir que el temps&nbsp;\u00e9s&nbsp;un aspecte crucial pel meu projecte, ja que treballem en els parcs, i si fa mal temps, els nens no&nbsp;v\u00e9nen&nbsp;a jugar. Doncs b\u00e9, portem ja unes quantes setmanes de bon temps i els parcs estan plens d&#8217;infants, cosa que&nbsp;\u00e9s&nbsp;bona i complicada alhora. El meu projecte <strong>aqu\u00ed no pot funcionar com un esplai<\/strong>, principalment perqu\u00e8 tenim infants diferents cada dia en cada parc, potser un dia en venen 30 i un altre dia 5, i clar, no tots volen realitzar l&#8217;activitat&nbsp;proposada perqu\u00e8&nbsp;molts cops nom\u00e9s venen al parc per jugar a futbol. Vaig estar molt de temps intentant fer les coses tal com les feia a l&#8217;esplai, fins que em vaig&nbsp;adonar que&nbsp;no podia funcionar, havia de trobar una altra manera de trobar aquest punt&nbsp;mig&nbsp;entre esplai i&nbsp;<strong>keck&nbsp;(el meu projecte actual)<\/strong>.&nbsp;Aqu\u00ed entra&nbsp;<strong>Momo&nbsp;l&#8217;ocell<\/strong>: un personatge que ajuda a guiar les activitats i la tem\u00e0tica del mes.<\/p>\n<blockquote>\n<p style=\"text-align: justify;\">Vaig estar molt de temps intentant fer les coses tal com les feia a l&#8217;esplai, fins que em vaig&nbsp;adonar que&nbsp;no podia funcionar, havia de trobar una altra manera de trobar aquest punt&nbsp;mig&nbsp;entre esplai i&nbsp;<strong>keck&nbsp;(el meu projecte actual)<\/strong>.<\/p>\n<\/blockquote>\n<p style=\"text-align: justify;\">Momo&nbsp;ara ja \u00e9s un infant m\u00e9s en el projecte, participa de les activitats, juga amb els altres i ajuda als infants a reflexionar sobre el que fan. La setmana passada, sota la tem\u00e0tica \u00abQu\u00e8&nbsp;se&#8217;m&nbsp;d\u00f3na b\u00e9?\u00bb,&nbsp;Momo&nbsp;va ensenyar a cuinar truita de patates (un dels seus magn\u00edfics talents), i els altres infants van animar-se a cuinar els seus millors plats. A&nbsp;m\u00e9s, encara que&nbsp;aquell&nbsp;dia&nbsp;Momo&nbsp;no estigui fent res en concret, si hi ha un ocell gegant en el parc, deu ser segur que alguna cosa molt interessant i divertida&nbsp;est\u00e0&nbsp;a punt de passar, i m\u00e9s nens s&#8217;apropen a veure qu\u00e8 fem.&nbsp;Momo&nbsp;no nom\u00e9s ha ajudat a guiar les activitats del mes,&nbsp;sin\u00f3&nbsp;que tamb\u00e9 m&#8217;ha donat una <strong>via per&nbsp;connectar&nbsp;amb infants<\/strong> que fins ara no m&#8217;havien dirigit la paraula.<\/p>\n","protected":false},"excerpt":{"rendered":"<p>Autora: Al\u00edcia Aranda, monitora de l\u2019Esplai Eixam de Rub\u00ed i [&hellip;]<\/p>\n","protected":false},"author":3,"featured_media":4641,"comment_status":"closed","ping_status":"closed","sticky":false,"template":"","format":"standard","meta":{"om_disable_all_campaigns":false,"_monsterinsights_skip_tracking":false,"_monsterinsights_sitenote_active":false,"_monsterinsights_sitenote_note":"","_monsterinsights_sitenote_category":0,"_uf_show_specific_survey":0,"_uf_disable_surveys":false,"footnotes":""},"categories":[1168],"tags":[692,1174],"class_list":["post-4638","post","type-post","status-publish","format-standard","has-post-thumbnail","hentry","category-creuant_mirades","tag-austria","tag-creuant-mirades"],"yoast_head":"<!-- This site is optimized with the Yoast SEO plugin v27.5 - https:\/\/yoast.com\/product\/yoast-seo-wordpress\/ -->\n<title>Ja surt el sol (tiruriru) - Esplac<\/title>\n<meta name=\"robots\" content=\"index, follow, max-snippet:-1, max-image-preview:large, max-video-preview:-1\" \/>\n<link rel=\"canonical\" href=\"https:\/\/www.esplac.cat\/ja-surt-sol\/\" \/>\n<meta property=\"og:locale\" content=\"es_ES\" \/>\n<meta property=\"og:type\" content=\"article\" \/>\n<meta property=\"og:title\" content=\"Ja surt el sol (tiruriru) - Esplac\" \/>\n<meta property=\"og:description\" content=\"Autora: Al\u00edcia Aranda, monitora de l\u2019Esplai Eixam de Rub\u00ed i [&hellip;]\" \/>\n<meta property=\"og:url\" content=\"https:\/\/www.esplac.cat\/ja-surt-sol\/\" \/>\n<meta property=\"og:site_name\" content=\"Esplac\" \/>\n<meta property=\"article:published_time\" content=\"2018-04-27T08:50:50+00:00\" \/>\n<meta property=\"article:modified_time\" content=\"2019-11-28T12:31:25+00:00\" \/>\n<meta property=\"og:image\" content=\"https:\/\/www.esplac.cat\/wp-content\/uploads\/2019\/11\/logo-open.jpg\" \/>\n\t<meta property=\"og:image:width\" content=\"1200\" \/>\n\t<meta property=\"og:image:height\" content=\"630\" \/>\n\t<meta property=\"og:image:type\" content=\"image\/jpeg\" \/>\n<meta name=\"author\" content=\"Comunicaci\u00f3 Esplac\" \/>\n<meta name=\"twitter:card\" content=\"summary_large_image\" \/>\n<meta name=\"twitter:label1\" content=\"Escrito por\" \/>\n\t<meta name=\"twitter:data1\" content=\"Comunicaci\u00f3 Esplac\" \/>\n\t<meta name=\"twitter:label2\" content=\"Tiempo de lectura\" \/>\n\t<meta name=\"twitter:data2\" content=\"2 minutos\" \/>\n<script type=\"application\/ld+json\" class=\"yoast-schema-graph\">{\"@context\":\"https:\\\/\\\/schema.org\",\"@graph\":[{\"@type\":\"Article\",\"@id\":\"https:\\\/\\\/www.esplac.cat\\\/ja-surt-sol\\\/#article\",\"isPartOf\":{\"@id\":\"https:\\\/\\\/www.esplac.cat\\\/ja-surt-sol\\\/\"},\"author\":{\"name\":\"Comunicaci\u00f3 Esplac\",\"@id\":\"https:\\\/\\\/www.esplac.cat\\\/#\\\/schema\\\/person\\\/908383cf240be18b68f8855d0583faca\"},\"headline\":\"Ja surt el sol (tiruriru)\",\"datePublished\":\"2018-04-27T08:50:50+00:00\",\"dateModified\":\"2019-11-28T12:31:25+00:00\",\"mainEntityOfPage\":{\"@id\":\"https:\\\/\\\/www.esplac.cat\\\/ja-surt-sol\\\/\"},\"wordCount\":473,\"publisher\":{\"@id\":\"https:\\\/\\\/www.esplac.cat\\\/#organization\"},\"image\":{\"@id\":\"https:\\\/\\\/www.esplac.cat\\\/ja-surt-sol\\\/#primaryimage\"},\"thumbnailUrl\":\"\",\"keywords\":[\"\u00c0ustria\",\"creuant mirades\"],\"articleSection\":[\"Creuant mirades\"],\"inLanguage\":\"es\"},{\"@type\":\"WebPage\",\"@id\":\"https:\\\/\\\/www.esplac.cat\\\/ja-surt-sol\\\/\",\"url\":\"https:\\\/\\\/www.esplac.cat\\\/ja-surt-sol\\\/\",\"name\":\"Ja surt el sol (tiruriru) - Esplac\",\"isPartOf\":{\"@id\":\"https:\\\/\\\/www.esplac.cat\\\/#website\"},\"primaryImageOfPage\":{\"@id\":\"https:\\\/\\\/www.esplac.cat\\\/ja-surt-sol\\\/#primaryimage\"},\"image\":{\"@id\":\"https:\\\/\\\/www.esplac.cat\\\/ja-surt-sol\\\/#primaryimage\"},\"thumbnailUrl\":\"\",\"datePublished\":\"2018-04-27T08:50:50+00:00\",\"dateModified\":\"2019-11-28T12:31:25+00:00\",\"breadcrumb\":{\"@id\":\"https:\\\/\\\/www.esplac.cat\\\/ja-surt-sol\\\/#breadcrumb\"},\"inLanguage\":\"es\",\"potentialAction\":[{\"@type\":\"ReadAction\",\"target\":[\"https:\\\/\\\/www.esplac.cat\\\/ja-surt-sol\\\/\"]}]},{\"@type\":\"ImageObject\",\"inLanguage\":\"es\",\"@id\":\"https:\\\/\\\/www.esplac.cat\\\/ja-surt-sol\\\/#primaryimage\",\"url\":\"\",\"contentUrl\":\"\"},{\"@type\":\"BreadcrumbList\",\"@id\":\"https:\\\/\\\/www.esplac.cat\\\/ja-surt-sol\\\/#breadcrumb\",\"itemListElement\":[{\"@type\":\"ListItem\",\"position\":1,\"name\":\"Inici\",\"item\":\"https:\\\/\\\/www.esplac.cat\\\/es\\\/\"},{\"@type\":\"ListItem\",\"position\":2,\"name\":\"Ja surt el sol (tiruriru)\"}]},{\"@type\":\"WebSite\",\"@id\":\"https:\\\/\\\/www.esplac.cat\\\/#website\",\"url\":\"https:\\\/\\\/www.esplac.cat\\\/\",\"name\":\"Esplac\",\"description\":\"Esplais Catalans\",\"publisher\":{\"@id\":\"https:\\\/\\\/www.esplac.cat\\\/#organization\"},\"potentialAction\":[{\"@type\":\"SearchAction\",\"target\":{\"@type\":\"EntryPoint\",\"urlTemplate\":\"https:\\\/\\\/www.esplac.cat\\\/?s={search_term_string}\"},\"query-input\":{\"@type\":\"PropertyValueSpecification\",\"valueRequired\":true,\"valueName\":\"search_term_string\"}}],\"inLanguage\":\"es\"},{\"@type\":\"Organization\",\"@id\":\"https:\\\/\\\/www.esplac.cat\\\/#organization\",\"name\":\"Esplac\",\"url\":\"https:\\\/\\\/www.esplac.cat\\\/\",\"logo\":{\"@type\":\"ImageObject\",\"inLanguage\":\"es\",\"@id\":\"https:\\\/\\\/www.esplac.cat\\\/#\\\/schema\\\/logo\\\/image\\\/\",\"url\":\"https:\\\/\\\/www.esplac.cat\\\/wp-content\\\/uploads\\\/2019\\\/08\\\/logox2.png\",\"contentUrl\":\"https:\\\/\\\/www.esplac.cat\\\/wp-content\\\/uploads\\\/2019\\\/08\\\/logox2.png\",\"width\":600,\"height\":295,\"caption\":\"Esplac\"},\"image\":{\"@id\":\"https:\\\/\\\/www.esplac.cat\\\/#\\\/schema\\\/logo\\\/image\\\/\"}},{\"@type\":\"Person\",\"@id\":\"https:\\\/\\\/www.esplac.cat\\\/#\\\/schema\\\/person\\\/908383cf240be18b68f8855d0583faca\",\"name\":\"Comunicaci\u00f3 Esplac\",\"image\":{\"@type\":\"ImageObject\",\"inLanguage\":\"es\",\"@id\":\"https:\\\/\\\/secure.gravatar.com\\\/avatar\\\/7a4cf8feb412a76ea4a740ca02d95b06b2907b5a6c648c2dd0a1082a093c3141?s=96&d=mm&r=g\",\"url\":\"https:\\\/\\\/secure.gravatar.com\\\/avatar\\\/7a4cf8feb412a76ea4a740ca02d95b06b2907b5a6c648c2dd0a1082a093c3141?s=96&d=mm&r=g\",\"contentUrl\":\"https:\\\/\\\/secure.gravatar.com\\\/avatar\\\/7a4cf8feb412a76ea4a740ca02d95b06b2907b5a6c648c2dd0a1082a093c3141?s=96&d=mm&r=g\",\"caption\":\"Comunicaci\u00f3 Esplac\"}}]}<\/script>\n<!-- \/ Yoast SEO plugin. -->","yoast_head_json":{"title":"Ja surt el sol (tiruriru) - Esplac","robots":{"index":"index","follow":"follow","max-snippet":"max-snippet:-1","max-image-preview":"max-image-preview:large","max-video-preview":"max-video-preview:-1"},"canonical":"https:\/\/www.esplac.cat\/ja-surt-sol\/","og_locale":"es_ES","og_type":"article","og_title":"Ja surt el sol (tiruriru) - Esplac","og_description":"Autora: Al\u00edcia Aranda, monitora de l\u2019Esplai Eixam de Rub\u00ed i [&hellip;]","og_url":"https:\/\/www.esplac.cat\/ja-surt-sol\/","og_site_name":"Esplac","article_published_time":"2018-04-27T08:50:50+00:00","article_modified_time":"2019-11-28T12:31:25+00:00","og_image":[{"width":1200,"height":630,"url":"https:\/\/www.esplac.cat\/wp-content\/uploads\/2019\/11\/logo-open.jpg","type":"image\/jpeg"}],"author":"Comunicaci\u00f3 Esplac","twitter_card":"summary_large_image","twitter_misc":{"Escrito por":"Comunicaci\u00f3 Esplac","Tiempo de lectura":"2 minutos"},"schema":{"@context":"https:\/\/schema.org","@graph":[{"@type":"Article","@id":"https:\/\/www.esplac.cat\/ja-surt-sol\/#article","isPartOf":{"@id":"https:\/\/www.esplac.cat\/ja-surt-sol\/"},"author":{"name":"Comunicaci\u00f3 Esplac","@id":"https:\/\/www.esplac.cat\/#\/schema\/person\/908383cf240be18b68f8855d0583faca"},"headline":"Ja surt el sol (tiruriru)","datePublished":"2018-04-27T08:50:50+00:00","dateModified":"2019-11-28T12:31:25+00:00","mainEntityOfPage":{"@id":"https:\/\/www.esplac.cat\/ja-surt-sol\/"},"wordCount":473,"publisher":{"@id":"https:\/\/www.esplac.cat\/#organization"},"image":{"@id":"https:\/\/www.esplac.cat\/ja-surt-sol\/#primaryimage"},"thumbnailUrl":"","keywords":["\u00c0ustria","creuant mirades"],"articleSection":["Creuant mirades"],"inLanguage":"es"},{"@type":"WebPage","@id":"https:\/\/www.esplac.cat\/ja-surt-sol\/","url":"https:\/\/www.esplac.cat\/ja-surt-sol\/","name":"Ja surt el sol (tiruriru) - Esplac","isPartOf":{"@id":"https:\/\/www.esplac.cat\/#website"},"primaryImageOfPage":{"@id":"https:\/\/www.esplac.cat\/ja-surt-sol\/#primaryimage"},"image":{"@id":"https:\/\/www.esplac.cat\/ja-surt-sol\/#primaryimage"},"thumbnailUrl":"","datePublished":"2018-04-27T08:50:50+00:00","dateModified":"2019-11-28T12:31:25+00:00","breadcrumb":{"@id":"https:\/\/www.esplac.cat\/ja-surt-sol\/#breadcrumb"},"inLanguage":"es","potentialAction":[{"@type":"ReadAction","target":["https:\/\/www.esplac.cat\/ja-surt-sol\/"]}]},{"@type":"ImageObject","inLanguage":"es","@id":"https:\/\/www.esplac.cat\/ja-surt-sol\/#primaryimage","url":"","contentUrl":""},{"@type":"BreadcrumbList","@id":"https:\/\/www.esplac.cat\/ja-surt-sol\/#breadcrumb","itemListElement":[{"@type":"ListItem","position":1,"name":"Inici","item":"https:\/\/www.esplac.cat\/es\/"},{"@type":"ListItem","position":2,"name":"Ja surt el sol (tiruriru)"}]},{"@type":"WebSite","@id":"https:\/\/www.esplac.cat\/#website","url":"https:\/\/www.esplac.cat\/","name":"Esplac","description":"Esplais Catalans","publisher":{"@id":"https:\/\/www.esplac.cat\/#organization"},"potentialAction":[{"@type":"SearchAction","target":{"@type":"EntryPoint","urlTemplate":"https:\/\/www.esplac.cat\/?s={search_term_string}"},"query-input":{"@type":"PropertyValueSpecification","valueRequired":true,"valueName":"search_term_string"}}],"inLanguage":"es"},{"@type":"Organization","@id":"https:\/\/www.esplac.cat\/#organization","name":"Esplac","url":"https:\/\/www.esplac.cat\/","logo":{"@type":"ImageObject","inLanguage":"es","@id":"https:\/\/www.esplac.cat\/#\/schema\/logo\/image\/","url":"https:\/\/www.esplac.cat\/wp-content\/uploads\/2019\/08\/logox2.png","contentUrl":"https:\/\/www.esplac.cat\/wp-content\/uploads\/2019\/08\/logox2.png","width":600,"height":295,"caption":"Esplac"},"image":{"@id":"https:\/\/www.esplac.cat\/#\/schema\/logo\/image\/"}},{"@type":"Person","@id":"https:\/\/www.esplac.cat\/#\/schema\/person\/908383cf240be18b68f8855d0583faca","name":"Comunicaci\u00f3 Esplac","image":{"@type":"ImageObject","inLanguage":"es","@id":"https:\/\/secure.gravatar.com\/avatar\/7a4cf8feb412a76ea4a740ca02d95b06b2907b5a6c648c2dd0a1082a093c3141?s=96&d=mm&r=g","url":"https:\/\/secure.gravatar.com\/avatar\/7a4cf8feb412a76ea4a740ca02d95b06b2907b5a6c648c2dd0a1082a093c3141?s=96&d=mm&r=g","contentUrl":"https:\/\/secure.gravatar.com\/avatar\/7a4cf8feb412a76ea4a740ca02d95b06b2907b5a6c648c2dd0a1082a093c3141?s=96&d=mm&r=g","caption":"Comunicaci\u00f3 Esplac"}}]}},"_links":{"self":[{"href":"https:\/\/www.esplac.cat\/es\/wp-json\/wp\/v2\/posts\/4638","targetHints":{"allow":["GET"]}}],"collection":[{"href":"https:\/\/www.esplac.cat\/es\/wp-json\/wp\/v2\/posts"}],"about":[{"href":"https:\/\/www.esplac.cat\/es\/wp-json\/wp\/v2\/types\/post"}],"author":[{"embeddable":true,"href":"https:\/\/www.esplac.cat\/es\/wp-json\/wp\/v2\/users\/3"}],"replies":[{"embeddable":true,"href":"https:\/\/www.esplac.cat\/es\/wp-json\/wp\/v2\/comments?post=4638"}],"version-history":[{"count":0,"href":"https:\/\/www.esplac.cat\/es\/wp-json\/wp\/v2\/posts\/4638\/revisions"}],"wp:featuredmedia":[{"embeddable":true,"href":"https:\/\/www.esplac.cat\/es\/wp-json\/"}],"wp:attachment":[{"href":"https:\/\/www.esplac.cat\/es\/wp-json\/wp\/v2\/media?parent=4638"}],"wp:term":[{"taxonomy":"category","embeddable":true,"href":"https:\/\/www.esplac.cat\/es\/wp-json\/wp\/v2\/categories?post=4638"},{"taxonomy":"post_tag","embeddable":true,"href":"https:\/\/www.esplac.cat\/es\/wp-json\/wp\/v2\/tags?post=4638"}],"curies":[{"name":"wp","href":"https:\/\/api.w.org\/{rel}","templated":true}]}}