{"id":46685,"date":"2023-08-30T13:11:04","date_gmt":"2023-08-30T11:11:04","guid":{"rendered":"https:\/\/www.esplac.cat\/?p=46685"},"modified":"2023-09-01T12:34:03","modified_gmt":"2023-09-01T10:34:03","slug":"training-for-trainers-2023","status":"publish","type":"post","link":"https:\/\/www.esplac.cat\/es\/training-for-trainers-2023\/","title":{"rendered":"Training for Trainers 2023: Educators of the world, unite!"},"content":{"rendered":"<h6><strong>Introducci\u00f3 de la pedagogia anticapitalista i de la metodologia pr\u00f2pia del Centre Kurt L\u00f6wenstein.<\/strong><\/h6>\n<p><span style=\"font-weight: 300;\">El <strong>Centre Kurt L\u00f6wenstein <\/strong>\u00e9s el que acull la <strong>Winter School<\/strong> o la <strong>Queer Easter<\/strong>, unes de les formacions internacionals m\u00e9s emblem\u00e0tiques i conegudes a Esplac. Aquestes formacions les prepara i duu a terme un equip format per joves volunt\u00e0ries d\u2019arreu del m\u00f3n. Aquest equip internacional, que \u00e9s l\u2019encarregat dels continguts pedag\u00f2gics i de l\u2019organigrama dels cursos, es va renovant cada any. La formaci\u00f3 <\/span><strong><i>Training for Trainers<\/i><\/strong><span style=\"font-weight: 300;\"> est\u00e0 encarada a aquelles monis que vulguin con\u00e8ixer el sistema i visi\u00f3 educativa del Centre. Amb aquesta formaci\u00f3, qui ho vulgui, pot entrar a formar part d\u2019aquest equip.<\/span><\/p>\n<p><span style=\"font-weight: 300;\">La idea que tenim de l\u2019educaci\u00f3 i els sistemes que coneixem estan profundament lligats al capitalisme. <strong>Aquesta formaci\u00f3 se centrar\u00e0 en explorar aproximacions no-capitalistes<\/strong> i aspectes d\u2019aprendre uns dels altres. La pedagogia no-capitalista compr\u00e8n una varietat de m\u00e8todes i conceptes i vies alternatives per aprendre i utilitzar les eines de l\u2019educaci\u00f3 no formal. Tamb\u00e9 hi haur\u00e0 molts espais informals aix\u00ed com un dia d\u2019excursi\u00f3 a Berl\u00edn.<\/span><\/p>\n<p><span style=\"font-weight: 300;\">Al seminari es treballaran coneixements sobre preparaci\u00f3 i desenvolupament de creaci\u00f3 de formacions i activitats educatives. Tamb\u00e9 es donar\u00e0 l\u2019oportunitat a qui ho vulgui de preparar alguna sessi\u00f3 del propi <\/span><i><span style=\"font-weight: 300;\">training<\/span><\/i><span style=\"font-weight: 300;\"> i practicar la facilitaci\u00f3 de grups.<\/span><\/p>\n<p><b>Quan? <\/b><span style=\"font-weight: 300;\">De l\u20191 al 8 d\u2019octubre de 2023<\/span><\/p>\n<p><b>Qui pot participar?<\/b><\/p>\n<blockquote><p><span style=\"font-weight: 300;\">Monis entre 18 i 30 anys\u00a0<\/span><\/p>\n<p><span style=\"font-weight: 300;\">Actives a l\u2019esplai o Esplac<\/span><\/p>\n<p><span style=\"font-weight: 300;\">\u00c9s necessari tenir un nivell d\u2019angl\u00e8s suficient per poder seguir les sessions i expressar-se correctament<\/span><\/p><\/blockquote>\n<p><b>Quota? <\/b><span style=\"font-weight: 300;\">70\u20ac (inclou allotjament, \u00e0pats i despla\u00e7aments)<\/span><\/p>\n<p><span style=\"font-weight: 400;\">Pots<\/span><b> inscriure\u2019t<\/b><strong><span style=\"color: #f69d0b;\"><a style=\"color: #f69d0b;\" href=\"https:\/\/era.esplac.cat\/#\/gestio-personal\/activitats\" target=\"_blank\" rel=\"noopener\"> a trav\u00e9s de l\u2019Era <\/a><\/span><\/strong><span style=\"font-weight: 300;\">o escrivint un correu a <\/span><strong><a href=\"mailto:internacional@esplac.cat\"><span style=\"color: #f69d0b;\">internacional@esplac.cat<\/span><\/a><\/strong><span style=\"font-weight: 300;\">. Hi ha temps fins el <\/span><b>6 de setembre<\/b><span style=\"font-weight: 300;\">!<\/span><\/p>\n<p>&nbsp;<\/p>\n","protected":false},"excerpt":{"rendered":"<p>Introducci\u00f3 de la pedagogia anticapitalista i de la metodologia pr\u00f2pia [&hellip;]<\/p>\n","protected":false},"author":3,"featured_media":46687,"comment_status":"closed","ping_status":"closed","sticky":false,"template":"","format":"standard","meta":{"om_disable_all_campaigns":false,"_monsterinsights_skip_tracking":false,"_monsterinsights_sitenote_active":false,"_monsterinsights_sitenote_note":"","_monsterinsights_sitenote_category":0,"_uf_show_specific_survey":0,"_uf_disable_surveys":false,"footnotes":""},"categories":[1112],"tags":[],"class_list":["post-46685","post","type-post","status-publish","format-standard","has-post-thumbnail","hentry","category-esplac-al-mon"],"yoast_head":"<!-- This site is optimized with the Yoast SEO plugin v27.5 - https:\/\/yoast.com\/product\/yoast-seo-wordpress\/ -->\n<title>Training for Trainers 2023: Educators of the world, unite! - Esplac<\/title>\n<meta name=\"description\" content=\"La formaci\u00f3 Training for Trainers est\u00e0 encarada a aquelles monis que vulguin con\u00e8ixer el sistema i visi\u00f3 educativa del Centre Kurt L\u00f6wenstein\" \/>\n<meta name=\"robots\" content=\"index, follow, max-snippet:-1, max-image-preview:large, max-video-preview:-1\" \/>\n<link rel=\"canonical\" href=\"https:\/\/www.esplac.cat\/training-for-trainers-2023\/\" \/>\n<meta property=\"og:locale\" content=\"es_ES\" \/>\n<meta property=\"og:type\" content=\"article\" \/>\n<meta property=\"og:title\" content=\"Training for Trainers 2023: Educators of the world, unite! - Esplac\" \/>\n<meta property=\"og:description\" content=\"La formaci\u00f3 Training for Trainers est\u00e0 encarada a aquelles monis que vulguin con\u00e8ixer el sistema i visi\u00f3 educativa del Centre Kurt L\u00f6wenstein\" \/>\n<meta property=\"og:url\" content=\"https:\/\/www.esplac.cat\/training-for-trainers-2023\/\" \/>\n<meta property=\"og:site_name\" content=\"Esplac\" \/>\n<meta property=\"article:published_time\" content=\"2023-08-30T11:11:04+00:00\" \/>\n<meta property=\"article:modified_time\" content=\"2023-09-01T10:34:03+00:00\" \/>\n<meta property=\"og:image\" content=\"https:\/\/www.esplac.cat\/wp-content\/uploads\/2023\/08\/Portades-Web.jpg\" \/>\n\t<meta property=\"og:image:width\" content=\"1697\" \/>\n\t<meta property=\"og:image:height\" content=\"700\" \/>\n\t<meta property=\"og:image:type\" content=\"image\/jpeg\" \/>\n<meta name=\"author\" content=\"Comunicaci\u00f3 Esplac\" \/>\n<meta name=\"twitter:card\" content=\"summary_large_image\" \/>\n<meta name=\"twitter:label1\" content=\"Escrito por\" \/>\n\t<meta name=\"twitter:data1\" content=\"Comunicaci\u00f3 Esplac\" \/>\n\t<meta name=\"twitter:label2\" content=\"Tiempo de lectura\" \/>\n\t<meta name=\"twitter:data2\" content=\"2 minutos\" \/>\n<script type=\"application\/ld+json\" class=\"yoast-schema-graph\">{\"@context\":\"https:\\\/\\\/schema.org\",\"@graph\":[{\"@type\":\"Article\",\"@id\":\"https:\\\/\\\/www.esplac.cat\\\/training-for-trainers-2023\\\/#article\",\"isPartOf\":{\"@id\":\"https:\\\/\\\/www.esplac.cat\\\/training-for-trainers-2023\\\/\"},\"author\":{\"name\":\"Comunicaci\u00f3 Esplac\",\"@id\":\"https:\\\/\\\/www.esplac.cat\\\/#\\\/schema\\\/person\\\/908383cf240be18b68f8855d0583faca\"},\"headline\":\"Training for Trainers 2023: Educators of the world, unite!\",\"datePublished\":\"2023-08-30T11:11:04+00:00\",\"dateModified\":\"2023-09-01T10:34:03+00:00\",\"mainEntityOfPage\":{\"@id\":\"https:\\\/\\\/www.esplac.cat\\\/training-for-trainers-2023\\\/\"},\"wordCount\":310,\"publisher\":{\"@id\":\"https:\\\/\\\/www.esplac.cat\\\/#organization\"},\"image\":{\"@id\":\"https:\\\/\\\/www.esplac.cat\\\/training-for-trainers-2023\\\/#primaryimage\"},\"thumbnailUrl\":\"https:\\\/\\\/www.esplac.cat\\\/wp-content\\\/uploads\\\/2023\\\/08\\\/Portades-Web.jpg\",\"articleSection\":[\"Esplac al m\u00f3n\"],\"inLanguage\":\"es\"},{\"@type\":\"WebPage\",\"@id\":\"https:\\\/\\\/www.esplac.cat\\\/training-for-trainers-2023\\\/\",\"url\":\"https:\\\/\\\/www.esplac.cat\\\/training-for-trainers-2023\\\/\",\"name\":\"Training for Trainers 2023: Educators of the world, unite! - Esplac\",\"isPartOf\":{\"@id\":\"https:\\\/\\\/www.esplac.cat\\\/#website\"},\"primaryImageOfPage\":{\"@id\":\"https:\\\/\\\/www.esplac.cat\\\/training-for-trainers-2023\\\/#primaryimage\"},\"image\":{\"@id\":\"https:\\\/\\\/www.esplac.cat\\\/training-for-trainers-2023\\\/#primaryimage\"},\"thumbnailUrl\":\"https:\\\/\\\/www.esplac.cat\\\/wp-content\\\/uploads\\\/2023\\\/08\\\/Portades-Web.jpg\",\"datePublished\":\"2023-08-30T11:11:04+00:00\",\"dateModified\":\"2023-09-01T10:34:03+00:00\",\"description\":\"La formaci\u00f3 Training for Trainers est\u00e0 encarada a aquelles monis que vulguin con\u00e8ixer el sistema i visi\u00f3 educativa del Centre Kurt L\u00f6wenstein\",\"breadcrumb\":{\"@id\":\"https:\\\/\\\/www.esplac.cat\\\/training-for-trainers-2023\\\/#breadcrumb\"},\"inLanguage\":\"es\",\"potentialAction\":[{\"@type\":\"ReadAction\",\"target\":[\"https:\\\/\\\/www.esplac.cat\\\/training-for-trainers-2023\\\/\"]}]},{\"@type\":\"ImageObject\",\"inLanguage\":\"es\",\"@id\":\"https:\\\/\\\/www.esplac.cat\\\/training-for-trainers-2023\\\/#primaryimage\",\"url\":\"https:\\\/\\\/www.esplac.cat\\\/wp-content\\\/uploads\\\/2023\\\/08\\\/Portades-Web.jpg\",\"contentUrl\":\"https:\\\/\\\/www.esplac.cat\\\/wp-content\\\/uploads\\\/2023\\\/08\\\/Portades-Web.jpg\",\"width\":1697,\"height\":700,\"caption\":\"Training for trainers\"},{\"@type\":\"BreadcrumbList\",\"@id\":\"https:\\\/\\\/www.esplac.cat\\\/training-for-trainers-2023\\\/#breadcrumb\",\"itemListElement\":[{\"@type\":\"ListItem\",\"position\":1,\"name\":\"Inici\",\"item\":\"https:\\\/\\\/www.esplac.cat\\\/es\\\/\"},{\"@type\":\"ListItem\",\"position\":2,\"name\":\"Training for Trainers 2023: Educators of the world, unite!\"}]},{\"@type\":\"WebSite\",\"@id\":\"https:\\\/\\\/www.esplac.cat\\\/#website\",\"url\":\"https:\\\/\\\/www.esplac.cat\\\/\",\"name\":\"Esplac\",\"description\":\"Esplais Catalans\",\"publisher\":{\"@id\":\"https:\\\/\\\/www.esplac.cat\\\/#organization\"},\"potentialAction\":[{\"@type\":\"SearchAction\",\"target\":{\"@type\":\"EntryPoint\",\"urlTemplate\":\"https:\\\/\\\/www.esplac.cat\\\/?s={search_term_string}\"},\"query-input\":{\"@type\":\"PropertyValueSpecification\",\"valueRequired\":true,\"valueName\":\"search_term_string\"}}],\"inLanguage\":\"es\"},{\"@type\":\"Organization\",\"@id\":\"https:\\\/\\\/www.esplac.cat\\\/#organization\",\"name\":\"Esplac\",\"url\":\"https:\\\/\\\/www.esplac.cat\\\/\",\"logo\":{\"@type\":\"ImageObject\",\"inLanguage\":\"es\",\"@id\":\"https:\\\/\\\/www.esplac.cat\\\/#\\\/schema\\\/logo\\\/image\\\/\",\"url\":\"https:\\\/\\\/www.esplac.cat\\\/wp-content\\\/uploads\\\/2019\\\/08\\\/logox2.png\",\"contentUrl\":\"https:\\\/\\\/www.esplac.cat\\\/wp-content\\\/uploads\\\/2019\\\/08\\\/logox2.png\",\"width\":600,\"height\":295,\"caption\":\"Esplac\"},\"image\":{\"@id\":\"https:\\\/\\\/www.esplac.cat\\\/#\\\/schema\\\/logo\\\/image\\\/\"}},{\"@type\":\"Person\",\"@id\":\"https:\\\/\\\/www.esplac.cat\\\/#\\\/schema\\\/person\\\/908383cf240be18b68f8855d0583faca\",\"name\":\"Comunicaci\u00f3 Esplac\",\"image\":{\"@type\":\"ImageObject\",\"inLanguage\":\"es\",\"@id\":\"https:\\\/\\\/secure.gravatar.com\\\/avatar\\\/7a4cf8feb412a76ea4a740ca02d95b06b2907b5a6c648c2dd0a1082a093c3141?s=96&d=mm&r=g\",\"url\":\"https:\\\/\\\/secure.gravatar.com\\\/avatar\\\/7a4cf8feb412a76ea4a740ca02d95b06b2907b5a6c648c2dd0a1082a093c3141?s=96&d=mm&r=g\",\"contentUrl\":\"https:\\\/\\\/secure.gravatar.com\\\/avatar\\\/7a4cf8feb412a76ea4a740ca02d95b06b2907b5a6c648c2dd0a1082a093c3141?s=96&d=mm&r=g\",\"caption\":\"Comunicaci\u00f3 Esplac\"}}]}<\/script>\n<!-- \/ Yoast SEO plugin. -->","yoast_head_json":{"title":"Training for Trainers 2023: Educators of the world, unite! - Esplac","description":"La formaci\u00f3 Training for Trainers est\u00e0 encarada a aquelles monis que vulguin con\u00e8ixer el sistema i visi\u00f3 educativa del Centre Kurt L\u00f6wenstein","robots":{"index":"index","follow":"follow","max-snippet":"max-snippet:-1","max-image-preview":"max-image-preview:large","max-video-preview":"max-video-preview:-1"},"canonical":"https:\/\/www.esplac.cat\/training-for-trainers-2023\/","og_locale":"es_ES","og_type":"article","og_title":"Training for Trainers 2023: Educators of the world, unite! - Esplac","og_description":"La formaci\u00f3 Training for Trainers est\u00e0 encarada a aquelles monis que vulguin con\u00e8ixer el sistema i visi\u00f3 educativa del Centre Kurt L\u00f6wenstein","og_url":"https:\/\/www.esplac.cat\/training-for-trainers-2023\/","og_site_name":"Esplac","article_published_time":"2023-08-30T11:11:04+00:00","article_modified_time":"2023-09-01T10:34:03+00:00","og_image":[{"width":1697,"height":700,"url":"https:\/\/www.esplac.cat\/wp-content\/uploads\/2023\/08\/Portades-Web.jpg","type":"image\/jpeg"}],"author":"Comunicaci\u00f3 Esplac","twitter_card":"summary_large_image","twitter_misc":{"Escrito por":"Comunicaci\u00f3 Esplac","Tiempo de lectura":"2 minutos"},"schema":{"@context":"https:\/\/schema.org","@graph":[{"@type":"Article","@id":"https:\/\/www.esplac.cat\/training-for-trainers-2023\/#article","isPartOf":{"@id":"https:\/\/www.esplac.cat\/training-for-trainers-2023\/"},"author":{"name":"Comunicaci\u00f3 Esplac","@id":"https:\/\/www.esplac.cat\/#\/schema\/person\/908383cf240be18b68f8855d0583faca"},"headline":"Training for Trainers 2023: Educators of the world, unite!","datePublished":"2023-08-30T11:11:04+00:00","dateModified":"2023-09-01T10:34:03+00:00","mainEntityOfPage":{"@id":"https:\/\/www.esplac.cat\/training-for-trainers-2023\/"},"wordCount":310,"publisher":{"@id":"https:\/\/www.esplac.cat\/#organization"},"image":{"@id":"https:\/\/www.esplac.cat\/training-for-trainers-2023\/#primaryimage"},"thumbnailUrl":"https:\/\/www.esplac.cat\/wp-content\/uploads\/2023\/08\/Portades-Web.jpg","articleSection":["Esplac al m\u00f3n"],"inLanguage":"es"},{"@type":"WebPage","@id":"https:\/\/www.esplac.cat\/training-for-trainers-2023\/","url":"https:\/\/www.esplac.cat\/training-for-trainers-2023\/","name":"Training for Trainers 2023: Educators of the world, unite! - Esplac","isPartOf":{"@id":"https:\/\/www.esplac.cat\/#website"},"primaryImageOfPage":{"@id":"https:\/\/www.esplac.cat\/training-for-trainers-2023\/#primaryimage"},"image":{"@id":"https:\/\/www.esplac.cat\/training-for-trainers-2023\/#primaryimage"},"thumbnailUrl":"https:\/\/www.esplac.cat\/wp-content\/uploads\/2023\/08\/Portades-Web.jpg","datePublished":"2023-08-30T11:11:04+00:00","dateModified":"2023-09-01T10:34:03+00:00","description":"La formaci\u00f3 Training for Trainers est\u00e0 encarada a aquelles monis que vulguin con\u00e8ixer el sistema i visi\u00f3 educativa del Centre Kurt L\u00f6wenstein","breadcrumb":{"@id":"https:\/\/www.esplac.cat\/training-for-trainers-2023\/#breadcrumb"},"inLanguage":"es","potentialAction":[{"@type":"ReadAction","target":["https:\/\/www.esplac.cat\/training-for-trainers-2023\/"]}]},{"@type":"ImageObject","inLanguage":"es","@id":"https:\/\/www.esplac.cat\/training-for-trainers-2023\/#primaryimage","url":"https:\/\/www.esplac.cat\/wp-content\/uploads\/2023\/08\/Portades-Web.jpg","contentUrl":"https:\/\/www.esplac.cat\/wp-content\/uploads\/2023\/08\/Portades-Web.jpg","width":1697,"height":700,"caption":"Training for trainers"},{"@type":"BreadcrumbList","@id":"https:\/\/www.esplac.cat\/training-for-trainers-2023\/#breadcrumb","itemListElement":[{"@type":"ListItem","position":1,"name":"Inici","item":"https:\/\/www.esplac.cat\/es\/"},{"@type":"ListItem","position":2,"name":"Training for Trainers 2023: Educators of the world, unite!"}]},{"@type":"WebSite","@id":"https:\/\/www.esplac.cat\/#website","url":"https:\/\/www.esplac.cat\/","name":"Esplac","description":"Esplais Catalans","publisher":{"@id":"https:\/\/www.esplac.cat\/#organization"},"potentialAction":[{"@type":"SearchAction","target":{"@type":"EntryPoint","urlTemplate":"https:\/\/www.esplac.cat\/?s={search_term_string}"},"query-input":{"@type":"PropertyValueSpecification","valueRequired":true,"valueName":"search_term_string"}}],"inLanguage":"es"},{"@type":"Organization","@id":"https:\/\/www.esplac.cat\/#organization","name":"Esplac","url":"https:\/\/www.esplac.cat\/","logo":{"@type":"ImageObject","inLanguage":"es","@id":"https:\/\/www.esplac.cat\/#\/schema\/logo\/image\/","url":"https:\/\/www.esplac.cat\/wp-content\/uploads\/2019\/08\/logox2.png","contentUrl":"https:\/\/www.esplac.cat\/wp-content\/uploads\/2019\/08\/logox2.png","width":600,"height":295,"caption":"Esplac"},"image":{"@id":"https:\/\/www.esplac.cat\/#\/schema\/logo\/image\/"}},{"@type":"Person","@id":"https:\/\/www.esplac.cat\/#\/schema\/person\/908383cf240be18b68f8855d0583faca","name":"Comunicaci\u00f3 Esplac","image":{"@type":"ImageObject","inLanguage":"es","@id":"https:\/\/secure.gravatar.com\/avatar\/7a4cf8feb412a76ea4a740ca02d95b06b2907b5a6c648c2dd0a1082a093c3141?s=96&d=mm&r=g","url":"https:\/\/secure.gravatar.com\/avatar\/7a4cf8feb412a76ea4a740ca02d95b06b2907b5a6c648c2dd0a1082a093c3141?s=96&d=mm&r=g","contentUrl":"https:\/\/secure.gravatar.com\/avatar\/7a4cf8feb412a76ea4a740ca02d95b06b2907b5a6c648c2dd0a1082a093c3141?s=96&d=mm&r=g","caption":"Comunicaci\u00f3 Esplac"}}]}},"_links":{"self":[{"href":"https:\/\/www.esplac.cat\/es\/wp-json\/wp\/v2\/posts\/46685","targetHints":{"allow":["GET"]}}],"collection":[{"href":"https:\/\/www.esplac.cat\/es\/wp-json\/wp\/v2\/posts"}],"about":[{"href":"https:\/\/www.esplac.cat\/es\/wp-json\/wp\/v2\/types\/post"}],"author":[{"embeddable":true,"href":"https:\/\/www.esplac.cat\/es\/wp-json\/wp\/v2\/users\/3"}],"replies":[{"embeddable":true,"href":"https:\/\/www.esplac.cat\/es\/wp-json\/wp\/v2\/comments?post=46685"}],"version-history":[{"count":0,"href":"https:\/\/www.esplac.cat\/es\/wp-json\/wp\/v2\/posts\/46685\/revisions"}],"wp:featuredmedia":[{"embeddable":true,"href":"https:\/\/www.esplac.cat\/es\/wp-json\/wp\/v2\/media\/46687"}],"wp:attachment":[{"href":"https:\/\/www.esplac.cat\/es\/wp-json\/wp\/v2\/media?parent=46685"}],"wp:term":[{"taxonomy":"category","embeddable":true,"href":"https:\/\/www.esplac.cat\/es\/wp-json\/wp\/v2\/categories?post=46685"},{"taxonomy":"post_tag","embeddable":true,"href":"https:\/\/www.esplac.cat\/es\/wp-json\/wp\/v2\/tags?post=46685"}],"curies":[{"name":"wp","href":"https:\/\/api.w.org\/{rel}","templated":true}]}}