{"id":46804,"date":"2023-09-12T12:17:06","date_gmt":"2023-09-12T10:17:06","guid":{"rendered":"https:\/\/www.esplac.cat\/?p=46804"},"modified":"2023-09-14T13:13:36","modified_gmt":"2023-09-14T11:13:36","slug":"ecologisme-antiracisme-feminisme-interseccional-tardor-formacio","status":"publish","type":"post","link":"https:\/\/www.esplac.cat\/es\/ecologisme-antiracisme-feminisme-interseccional-tardor-formacio\/","title":{"rendered":"Ecologisme, antiracisme i feminisme interseccional: s&#8217;apropa una tardor carregada de formaci\u00f3!"},"content":{"rendered":"<h6><strong>Aquesta tardor tornen les Jornades Ambientals i les Jornades de Lleure i Feminismes i, a m\u00e9s, estrenem un nou format amb les Tardes de Lleure i Antiracisme. No perdis l&#8217;oportunitat de participar-hi!<\/strong><\/h6>\n<p>Durant el mes d&#8217;octubre molts esplais repreneu les activitats. La tardor, aix\u00ed, \u00e9s el moment d&#8217;arrencar amb ganes! Un moment ideal per a formar-se, aprofundint en temes que ens interessen com a monis i abordant inquietuds pedag\u00f2giques compartides. La proposta formativa d&#8217;aquest any ve carregada de novetats; aix\u00ed que pareu atenci\u00f3 i agafeu l&#8217;agenda.<\/p>\n<p>El diumenge <strong>22 d&#8217;octubre<\/strong> arriba la desena edici\u00f3 de les <strong><a href=\"https:\/\/www.esplac.cat\/formacions\/jornades-ambientals\/\" target=\"_blank\" rel=\"noopener\"><span style=\"color: #f69d0b;\">Jornades Ambientals<\/span><\/a><\/strong>, aquest cop per parlar sobre com combatem l&#8217;ecoansietat. Com ens sentim en relaci\u00f3 amb l&#8217;emerg\u00e8ncia clim\u00e0tica? Estem generant espais col\u00b7lectius per parlar-ne? L&#8217;ecoansietat \u00e9s un mal creixent en el temps del negacionisme del canvi clim\u00e0tic; un moment en qu\u00e8 les diferents afectacions clim\u00e0tiques, socials i econ\u00f2miques ja tenen afectacions sobre el nostre dia. \u00c9s en aquest context que proposem unes jornades on abordar com ens afecta aquesta ansietat a les persones joves, posant tamb\u00e9 la mirada a la realitat i les pr\u00e0ctiques dels esplais.<\/p>\n<p>Per altra banda, els dies <strong>24, 25 i 26 d&#8217;octubre<\/strong> arriba la primera edici\u00f3 de les <strong>Tardes de Lleure i Antiracisme<\/strong>. Aquesta proposta pret\u00e9n generar diferents espais de reflexi\u00f3 sobre com educar des d&#8217;una perspectiva antiracista i decolonial. Per fer-ho, s&#8217;organitzaran tres tallers en els quals treballarem des de diferents disciplines sobre temes tan candents com les pedagogies decolonials, la comunicaci\u00f3 antiracista o el privilegi blanc, entre d&#8217;altres.<\/p>\n<p>Per \u00faltim, el diumenge <strong>5 de novembre<\/strong> \u00e9s el torn de les ja esperades <strong><span style=\"color: #f69d0b;\"><a style=\"color: #f69d0b;\" href=\"https:\/\/www.esplac.cat\/formacions\/jornades-de-lleure-i-feminismes\/\" target=\"_blank\" rel=\"noopener\">Jornades de Lleure i Feminisme<\/a>s<\/span><\/strong>, que aquest any celebren la seva tretzena edici\u00f3. Seguint el fil de l\u2019any passat, la voluntat d&#8217;aquest espai \u00e9s anar m\u00e9s enll\u00e0 de la teoria i dels discursos per formar-nos i reflexionar sobre com portem a la pr\u00e0ctica el feminisme interseccional. Per fer-ho, ens centrarem en la realitat dels esplais, els agrupaments i altres entitats juvenils i posarem el focus en com treballem temes com el feminisme antiracista, la salut mental, els TCA i el plaer i el desig amb infants i joves.<\/p>\n<p>Ben aviat podreu con\u00e8ixer el <strong>programa de les diferents jornades <\/strong>i la informaci\u00f3 actualitzada a les p\u00e0gines del web d&#8217;Esplac, aix\u00ed com el lloc concret de <strong>Barcelona<\/strong> on se celebrar\u00e0 cadascuna. Aix\u00ed que estigueu atentes i atents! A m\u00e9s, el dia <strong>27 de setembre s&#8217;obriran totes les inscripcions;<\/strong> si no voleu quedar-vos sense pla\u00e7a, ja podeu anotar la data al calendari.<\/p>\n<blockquote class=\"instagram-media\" data-instgrm-captioned data-instgrm-permalink=\"https:\/\/www.instagram.com\/p\/CxK3i1Rt2Cw\/?utm_source=ig_embed&amp;utm_campaign=loading\" data-instgrm-version=\"14\" style=\" background:#FFF; border:0; border-radius:3px; box-shadow:0 0 1px 0 rgba(0,0,0,0.5),0 1px 10px 0 rgba(0,0,0,0.15); margin: 1px; max-width:540px; min-width:326px; padding:0; width:99.375%; width:-webkit-calc(100% - 2px); width:calc(100% - 2px);\">\n<div style=\"padding:16px;\"> <a href=\"https:\/\/www.instagram.com\/p\/CxK3i1Rt2Cw\/?utm_source=ig_embed&amp;utm_campaign=loading\" style=\" background:#FFFFFF; line-height:0; padding:0 0; text-align:center; text-decoration:none; width:100%;\" target=\"_blank\" rel=\"noopener\"> <\/p>\n<div style=\" display: flex; flex-direction: row; align-items: center;\">\n<div style=\"background-color: #F4F4F4; border-radius: 50%; flex-grow: 0; height: 40px; margin-right: 14px; width: 40px;\"><\/div>\n<div style=\"display: flex; flex-direction: column; flex-grow: 1; justify-content: center;\">\n<div style=\" background-color: #F4F4F4; border-radius: 4px; flex-grow: 0; height: 14px; margin-bottom: 6px; width: 100px;\"><\/div>\n<div style=\" background-color: #F4F4F4; border-radius: 4px; flex-grow: 0; height: 14px; width: 60px;\"><\/div>\n<\/div>\n<\/div>\n<div style=\"padding: 19% 0;\"><\/div>\n<div style=\"display:block; height:50px; margin:0 auto 12px; width:50px;\"><svg width=\"50px\" height=\"50px\" viewBox=\"0 0 60 60\" version=\"1.1\" xmlns=\"https:\/\/www.w3.org\/2000\/svg\" xmlns:xlink=\"https:\/\/www.w3.org\/1999\/xlink\"><g stroke=\"none\" stroke-width=\"1\" fill=\"none\" fill-rule=\"evenodd\"><g transform=\"translate(-511.000000, -20.000000)\" fill=\"#000000\"><g><path d=\"M556.869,30.41 C554.814,30.41 553.148,32.076 553.148,34.131 C553.148,36.186 554.814,37.852 556.869,37.852 C558.924,37.852 560.59,36.186 560.59,34.131 C560.59,32.076 558.924,30.41 556.869,30.41 M541,60.657 C535.114,60.657 530.342,55.887 530.342,50 C530.342,44.114 535.114,39.342 541,39.342 C546.887,39.342 551.658,44.114 551.658,50 C551.658,55.887 546.887,60.657 541,60.657 M541,33.886 C532.1,33.886 524.886,41.1 524.886,50 C524.886,58.899 532.1,66.113 541,66.113 C549.9,66.113 557.115,58.899 557.115,50 C557.115,41.1 549.9,33.886 541,33.886 M565.378,62.101 C565.244,65.022 564.756,66.606 564.346,67.663 C563.803,69.06 563.154,70.057 562.106,71.106 C561.058,72.155 560.06,72.803 558.662,73.347 C557.607,73.757 556.021,74.244 553.102,74.378 C549.944,74.521 548.997,74.552 541,74.552 C533.003,74.552 532.056,74.521 528.898,74.378 C525.979,74.244 524.393,73.757 523.338,73.347 C521.94,72.803 520.942,72.155 519.894,71.106 C518.846,70.057 518.197,69.06 517.654,67.663 C517.244,66.606 516.755,65.022 516.623,62.101 C516.479,58.943 516.448,57.996 516.448,50 C516.448,42.003 516.479,41.056 516.623,37.899 C516.755,34.978 517.244,33.391 517.654,32.338 C518.197,30.938 518.846,29.942 519.894,28.894 C520.942,27.846 521.94,27.196 523.338,26.654 C524.393,26.244 525.979,25.756 528.898,25.623 C532.057,25.479 533.004,25.448 541,25.448 C548.997,25.448 549.943,25.479 553.102,25.623 C556.021,25.756 557.607,26.244 558.662,26.654 C560.06,27.196 561.058,27.846 562.106,28.894 C563.154,29.942 563.803,30.938 564.346,32.338 C564.756,33.391 565.244,34.978 565.378,37.899 C565.522,41.056 565.552,42.003 565.552,50 C565.552,57.996 565.522,58.943 565.378,62.101 M570.82,37.631 C570.674,34.438 570.167,32.258 569.425,30.349 C568.659,28.377 567.633,26.702 565.965,25.035 C564.297,23.368 562.623,22.342 560.652,21.575 C558.743,20.834 556.562,20.326 553.369,20.18 C550.169,20.033 549.148,20 541,20 C532.853,20 531.831,20.033 528.631,20.18 C525.438,20.326 523.257,20.834 521.349,21.575 C519.376,22.342 517.703,23.368 516.035,25.035 C514.368,26.702 513.342,28.377 512.574,30.349 C511.834,32.258 511.326,34.438 511.181,37.631 C511.035,40.831 511,41.851 511,50 C511,58.147 511.035,59.17 511.181,62.369 C511.326,65.562 511.834,67.743 512.574,69.651 C513.342,71.625 514.368,73.296 516.035,74.965 C517.703,76.634 519.376,77.658 521.349,78.425 C523.257,79.167 525.438,79.673 528.631,79.82 C531.831,79.965 532.853,80.001 541,80.001 C549.148,80.001 550.169,79.965 553.369,79.82 C556.562,79.673 558.743,79.167 560.652,78.425 C562.623,77.658 564.297,76.634 565.965,74.965 C567.633,73.296 568.659,71.625 569.425,69.651 C570.167,67.743 570.674,65.562 570.82,62.369 C570.966,59.17 571,58.147 571,50 C571,41.851 570.966,40.831 570.82,37.631\"><\/path><\/g><\/g><\/g><\/svg><\/div>\n<div style=\"padding-top: 8px;\">\n<div style=\" color:#3897f0; font-family:Arial,sans-serif; font-size:14px; font-style:normal; font-weight:550; line-height:18px;\">View this post on Instagram<\/div>\n<\/div>\n<div style=\"padding: 12.5% 0;\"><\/div>\n<div style=\"display: flex; flex-direction: row; margin-bottom: 14px; align-items: center;\">\n<div>\n<div style=\"background-color: #F4F4F4; border-radius: 50%; height: 12.5px; width: 12.5px; transform: translateX(0px) translateY(7px);\"><\/div>\n<div style=\"background-color: #F4F4F4; height: 12.5px; transform: rotate(-45deg) translateX(3px) translateY(1px); width: 12.5px; flex-grow: 0; margin-right: 14px; margin-left: 2px;\"><\/div>\n<div style=\"background-color: #F4F4F4; border-radius: 50%; height: 12.5px; width: 12.5px; transform: translateX(9px) translateY(-18px);\"><\/div>\n<\/div>\n<div style=\"margin-left: 8px;\">\n<div style=\" background-color: #F4F4F4; border-radius: 50%; flex-grow: 0; height: 20px; width: 20px;\"><\/div>\n<div style=\" width: 0; height: 0; border-top: 2px solid transparent; border-left: 6px solid #f4f4f4; border-bottom: 2px solid transparent; transform: translateX(16px) translateY(-4px) rotate(30deg)\"><\/div>\n<\/div>\n<div style=\"margin-left: auto;\">\n<div style=\" width: 0px; border-top: 8px solid #F4F4F4; border-right: 8px solid transparent; transform: translateY(16px);\"><\/div>\n<div style=\" background-color: #F4F4F4; flex-grow: 0; height: 12px; width: 16px; transform: translateY(-4px);\"><\/div>\n<div style=\" width: 0; height: 0; border-top: 8px solid #F4F4F4; border-left: 8px solid transparent; transform: translateY(-4px) translateX(8px);\"><\/div>\n<\/div>\n<\/div>\n<div style=\"display: flex; flex-direction: column; flex-grow: 1; justify-content: center; margin-bottom: 24px;\">\n<div style=\" background-color: #F4F4F4; border-radius: 4px; flex-grow: 0; height: 14px; margin-bottom: 6px; width: 224px;\"><\/div>\n<div style=\" background-color: #F4F4F4; border-radius: 4px; flex-grow: 0; height: 14px; width: 144px;\"><\/div>\n<\/div>\n<p><\/a><\/p>\n<p style=\" color:#c9c8cd; font-family:Arial,sans-serif; font-size:14px; line-height:17px; margin-bottom:0; margin-top:8px; overflow:hidden; padding:8px 0 7px; text-align:center; text-overflow:ellipsis; white-space:nowrap;\"><a href=\"https:\/\/www.instagram.com\/p\/CxK3i1Rt2Cw\/?utm_source=ig_embed&amp;utm_campaign=loading\" style=\" color:#c9c8cd; font-family:Arial,sans-serif; font-size:14px; font-style:normal; font-weight:normal; line-height:17px; text-decoration:none;\" target=\"_blank\" rel=\"noopener\">A post shared by Esplais Catalans (Esplac) (@esplaiscatalans)<\/a><\/p>\n<\/div>\n<\/blockquote>\n<p> <script async src=\"\/\/www.instagram.com\/embed.js\"><\/script><\/p>\n","protected":false},"excerpt":{"rendered":"<p>Aquesta tardor tornen les Jornades Ambientals i les Jornades de [&hellip;]<\/p>\n","protected":false},"author":3,"featured_media":46835,"comment_status":"closed","ping_status":"closed","sticky":false,"template":"","format":"standard","meta":{"om_disable_all_campaigns":false,"_monsterinsights_skip_tracking":false,"_monsterinsights_sitenote_active":false,"_monsterinsights_sitenote_note":"","_monsterinsights_sitenote_category":0,"_uf_show_specific_survey":0,"_uf_disable_surveys":false,"footnotes":""},"categories":[1159,1158,1330],"tags":[],"class_list":["post-46804","post","type-post","status-publish","format-standard","has-post-thumbnail","hentry","category-jornades-ambientals","category-jornades-lleure-feminismes","category-jornades-interculturalitat"],"yoast_head":"<!-- This site is optimized with the Yoast SEO plugin v27.4 - https:\/\/yoast.com\/product\/yoast-seo-wordpress\/ -->\n<title>S&#039;apropa una tardor carregada de formaci\u00f3!<\/title>\n<meta name=\"description\" content=\"Tornen les Jornades Ambientals i les Jornades de Lleure i Feminismes i, a m\u00e9s, estrenem un nou format amb les Tardes de Lleure i Antiracisme\" \/>\n<meta name=\"robots\" content=\"index, follow, max-snippet:-1, max-image-preview:large, max-video-preview:-1\" \/>\n<link rel=\"canonical\" href=\"https:\/\/www.esplac.cat\/ecologisme-antiracisme-feminisme-interseccional-tardor-formacio\/\" \/>\n<meta property=\"og:locale\" content=\"es_ES\" \/>\n<meta property=\"og:type\" content=\"article\" \/>\n<meta property=\"og:title\" content=\"S&#039;apropa una tardor carregada de formaci\u00f3!\" \/>\n<meta property=\"og:description\" content=\"Tornen les Jornades Ambientals i les Jornades de Lleure i Feminismes i, a m\u00e9s, estrenem un nou format amb les Tardes de Lleure i Antiracisme\" \/>\n<meta property=\"og:url\" content=\"https:\/\/www.esplac.cat\/ecologisme-antiracisme-feminisme-interseccional-tardor-formacio\/\" \/>\n<meta property=\"og:site_name\" content=\"Esplac\" \/>\n<meta property=\"article:published_time\" content=\"2023-09-12T10:17:06+00:00\" \/>\n<meta property=\"article:modified_time\" content=\"2023-09-14T11:13:36+00:00\" \/>\n<meta property=\"og:image\" content=\"https:\/\/www.esplac.cat\/wp-content\/uploads\/2023\/09\/Portades-Web.jpg\" \/>\n\t<meta property=\"og:image:width\" content=\"1697\" \/>\n\t<meta property=\"og:image:height\" content=\"700\" \/>\n\t<meta property=\"og:image:type\" content=\"image\/jpeg\" \/>\n<meta name=\"author\" content=\"Comunicaci\u00f3 Esplac\" \/>\n<meta name=\"twitter:card\" content=\"summary_large_image\" \/>\n<meta name=\"twitter:label1\" content=\"Escrito por\" \/>\n\t<meta name=\"twitter:data1\" content=\"Comunicaci\u00f3 Esplac\" \/>\n\t<meta name=\"twitter:label2\" content=\"Tiempo de lectura\" \/>\n\t<meta name=\"twitter:data2\" content=\"3 minutos\" \/>\n<script type=\"application\/ld+json\" class=\"yoast-schema-graph\">{\"@context\":\"https:\\\/\\\/schema.org\",\"@graph\":[{\"@type\":\"Article\",\"@id\":\"https:\\\/\\\/www.esplac.cat\\\/ecologisme-antiracisme-feminisme-interseccional-tardor-formacio\\\/#article\",\"isPartOf\":{\"@id\":\"https:\\\/\\\/www.esplac.cat\\\/ecologisme-antiracisme-feminisme-interseccional-tardor-formacio\\\/\"},\"author\":{\"name\":\"Comunicaci\u00f3 Esplac\",\"@id\":\"https:\\\/\\\/www.esplac.cat\\\/#\\\/schema\\\/person\\\/908383cf240be18b68f8855d0583faca\"},\"headline\":\"Ecologisme, antiracisme i feminisme interseccional: s&#8217;apropa una tardor carregada de formaci\u00f3!\",\"datePublished\":\"2023-09-12T10:17:06+00:00\",\"dateModified\":\"2023-09-14T11:13:36+00:00\",\"mainEntityOfPage\":{\"@id\":\"https:\\\/\\\/www.esplac.cat\\\/ecologisme-antiracisme-feminisme-interseccional-tardor-formacio\\\/\"},\"wordCount\":465,\"publisher\":{\"@id\":\"https:\\\/\\\/www.esplac.cat\\\/#organization\"},\"image\":{\"@id\":\"https:\\\/\\\/www.esplac.cat\\\/ecologisme-antiracisme-feminisme-interseccional-tardor-formacio\\\/#primaryimage\"},\"thumbnailUrl\":\"https:\\\/\\\/www.esplac.cat\\\/wp-content\\\/uploads\\\/2023\\\/09\\\/Portades-Web.jpg\",\"articleSection\":[\"Jornades ambientals\",\"Jornades de Lleure i Feminismes\",\"Jornades Interculturalitat\"],\"inLanguage\":\"es\"},{\"@type\":\"WebPage\",\"@id\":\"https:\\\/\\\/www.esplac.cat\\\/ecologisme-antiracisme-feminisme-interseccional-tardor-formacio\\\/\",\"url\":\"https:\\\/\\\/www.esplac.cat\\\/ecologisme-antiracisme-feminisme-interseccional-tardor-formacio\\\/\",\"name\":\"S'apropa una tardor carregada de formaci\u00f3!\",\"isPartOf\":{\"@id\":\"https:\\\/\\\/www.esplac.cat\\\/#website\"},\"primaryImageOfPage\":{\"@id\":\"https:\\\/\\\/www.esplac.cat\\\/ecologisme-antiracisme-feminisme-interseccional-tardor-formacio\\\/#primaryimage\"},\"image\":{\"@id\":\"https:\\\/\\\/www.esplac.cat\\\/ecologisme-antiracisme-feminisme-interseccional-tardor-formacio\\\/#primaryimage\"},\"thumbnailUrl\":\"https:\\\/\\\/www.esplac.cat\\\/wp-content\\\/uploads\\\/2023\\\/09\\\/Portades-Web.jpg\",\"datePublished\":\"2023-09-12T10:17:06+00:00\",\"dateModified\":\"2023-09-14T11:13:36+00:00\",\"description\":\"Tornen les Jornades Ambientals i les Jornades de Lleure i Feminismes i, a m\u00e9s, estrenem un nou format amb les Tardes de Lleure i Antiracisme\",\"breadcrumb\":{\"@id\":\"https:\\\/\\\/www.esplac.cat\\\/ecologisme-antiracisme-feminisme-interseccional-tardor-formacio\\\/#breadcrumb\"},\"inLanguage\":\"es\",\"potentialAction\":[{\"@type\":\"ReadAction\",\"target\":[\"https:\\\/\\\/www.esplac.cat\\\/ecologisme-antiracisme-feminisme-interseccional-tardor-formacio\\\/\"]}]},{\"@type\":\"ImageObject\",\"inLanguage\":\"es\",\"@id\":\"https:\\\/\\\/www.esplac.cat\\\/ecologisme-antiracisme-feminisme-interseccional-tardor-formacio\\\/#primaryimage\",\"url\":\"https:\\\/\\\/www.esplac.cat\\\/wp-content\\\/uploads\\\/2023\\\/09\\\/Portades-Web.jpg\",\"contentUrl\":\"https:\\\/\\\/www.esplac.cat\\\/wp-content\\\/uploads\\\/2023\\\/09\\\/Portades-Web.jpg\",\"width\":1697,\"height\":700,\"caption\":\"tardor formaci\u00f3\"},{\"@type\":\"BreadcrumbList\",\"@id\":\"https:\\\/\\\/www.esplac.cat\\\/ecologisme-antiracisme-feminisme-interseccional-tardor-formacio\\\/#breadcrumb\",\"itemListElement\":[{\"@type\":\"ListItem\",\"position\":1,\"name\":\"Inici\",\"item\":\"https:\\\/\\\/www.esplac.cat\\\/es\\\/\"},{\"@type\":\"ListItem\",\"position\":2,\"name\":\"Ecologisme, antiracisme i feminisme interseccional: s&#8217;apropa una tardor carregada de formaci\u00f3!\"}]},{\"@type\":\"WebSite\",\"@id\":\"https:\\\/\\\/www.esplac.cat\\\/#website\",\"url\":\"https:\\\/\\\/www.esplac.cat\\\/\",\"name\":\"Esplac\",\"description\":\"Esplais Catalans\",\"publisher\":{\"@id\":\"https:\\\/\\\/www.esplac.cat\\\/#organization\"},\"potentialAction\":[{\"@type\":\"SearchAction\",\"target\":{\"@type\":\"EntryPoint\",\"urlTemplate\":\"https:\\\/\\\/www.esplac.cat\\\/?s={search_term_string}\"},\"query-input\":{\"@type\":\"PropertyValueSpecification\",\"valueRequired\":true,\"valueName\":\"search_term_string\"}}],\"inLanguage\":\"es\"},{\"@type\":\"Organization\",\"@id\":\"https:\\\/\\\/www.esplac.cat\\\/#organization\",\"name\":\"Esplac\",\"url\":\"https:\\\/\\\/www.esplac.cat\\\/\",\"logo\":{\"@type\":\"ImageObject\",\"inLanguage\":\"es\",\"@id\":\"https:\\\/\\\/www.esplac.cat\\\/#\\\/schema\\\/logo\\\/image\\\/\",\"url\":\"https:\\\/\\\/www.esplac.cat\\\/wp-content\\\/uploads\\\/2019\\\/08\\\/logox2.png\",\"contentUrl\":\"https:\\\/\\\/www.esplac.cat\\\/wp-content\\\/uploads\\\/2019\\\/08\\\/logox2.png\",\"width\":600,\"height\":295,\"caption\":\"Esplac\"},\"image\":{\"@id\":\"https:\\\/\\\/www.esplac.cat\\\/#\\\/schema\\\/logo\\\/image\\\/\"}},{\"@type\":\"Person\",\"@id\":\"https:\\\/\\\/www.esplac.cat\\\/#\\\/schema\\\/person\\\/908383cf240be18b68f8855d0583faca\",\"name\":\"Comunicaci\u00f3 Esplac\",\"image\":{\"@type\":\"ImageObject\",\"inLanguage\":\"es\",\"@id\":\"https:\\\/\\\/secure.gravatar.com\\\/avatar\\\/7a4cf8feb412a76ea4a740ca02d95b06b2907b5a6c648c2dd0a1082a093c3141?s=96&d=mm&r=g\",\"url\":\"https:\\\/\\\/secure.gravatar.com\\\/avatar\\\/7a4cf8feb412a76ea4a740ca02d95b06b2907b5a6c648c2dd0a1082a093c3141?s=96&d=mm&r=g\",\"contentUrl\":\"https:\\\/\\\/secure.gravatar.com\\\/avatar\\\/7a4cf8feb412a76ea4a740ca02d95b06b2907b5a6c648c2dd0a1082a093c3141?s=96&d=mm&r=g\",\"caption\":\"Comunicaci\u00f3 Esplac\"}}]}<\/script>\n<!-- \/ Yoast SEO plugin. -->","yoast_head_json":{"title":"S'apropa una tardor carregada de formaci\u00f3!","description":"Tornen les Jornades Ambientals i les Jornades de Lleure i Feminismes i, a m\u00e9s, estrenem un nou format amb les Tardes de Lleure i Antiracisme","robots":{"index":"index","follow":"follow","max-snippet":"max-snippet:-1","max-image-preview":"max-image-preview:large","max-video-preview":"max-video-preview:-1"},"canonical":"https:\/\/www.esplac.cat\/ecologisme-antiracisme-feminisme-interseccional-tardor-formacio\/","og_locale":"es_ES","og_type":"article","og_title":"S'apropa una tardor carregada de formaci\u00f3!","og_description":"Tornen les Jornades Ambientals i les Jornades de Lleure i Feminismes i, a m\u00e9s, estrenem un nou format amb les Tardes de Lleure i Antiracisme","og_url":"https:\/\/www.esplac.cat\/ecologisme-antiracisme-feminisme-interseccional-tardor-formacio\/","og_site_name":"Esplac","article_published_time":"2023-09-12T10:17:06+00:00","article_modified_time":"2023-09-14T11:13:36+00:00","og_image":[{"width":1697,"height":700,"url":"https:\/\/www.esplac.cat\/wp-content\/uploads\/2023\/09\/Portades-Web.jpg","type":"image\/jpeg"}],"author":"Comunicaci\u00f3 Esplac","twitter_card":"summary_large_image","twitter_misc":{"Escrito por":"Comunicaci\u00f3 Esplac","Tiempo de lectura":"3 minutos"},"schema":{"@context":"https:\/\/schema.org","@graph":[{"@type":"Article","@id":"https:\/\/www.esplac.cat\/ecologisme-antiracisme-feminisme-interseccional-tardor-formacio\/#article","isPartOf":{"@id":"https:\/\/www.esplac.cat\/ecologisme-antiracisme-feminisme-interseccional-tardor-formacio\/"},"author":{"name":"Comunicaci\u00f3 Esplac","@id":"https:\/\/www.esplac.cat\/#\/schema\/person\/908383cf240be18b68f8855d0583faca"},"headline":"Ecologisme, antiracisme i feminisme interseccional: s&#8217;apropa una tardor carregada de formaci\u00f3!","datePublished":"2023-09-12T10:17:06+00:00","dateModified":"2023-09-14T11:13:36+00:00","mainEntityOfPage":{"@id":"https:\/\/www.esplac.cat\/ecologisme-antiracisme-feminisme-interseccional-tardor-formacio\/"},"wordCount":465,"publisher":{"@id":"https:\/\/www.esplac.cat\/#organization"},"image":{"@id":"https:\/\/www.esplac.cat\/ecologisme-antiracisme-feminisme-interseccional-tardor-formacio\/#primaryimage"},"thumbnailUrl":"https:\/\/www.esplac.cat\/wp-content\/uploads\/2023\/09\/Portades-Web.jpg","articleSection":["Jornades ambientals","Jornades de Lleure i Feminismes","Jornades Interculturalitat"],"inLanguage":"es"},{"@type":"WebPage","@id":"https:\/\/www.esplac.cat\/ecologisme-antiracisme-feminisme-interseccional-tardor-formacio\/","url":"https:\/\/www.esplac.cat\/ecologisme-antiracisme-feminisme-interseccional-tardor-formacio\/","name":"S'apropa una tardor carregada de formaci\u00f3!","isPartOf":{"@id":"https:\/\/www.esplac.cat\/#website"},"primaryImageOfPage":{"@id":"https:\/\/www.esplac.cat\/ecologisme-antiracisme-feminisme-interseccional-tardor-formacio\/#primaryimage"},"image":{"@id":"https:\/\/www.esplac.cat\/ecologisme-antiracisme-feminisme-interseccional-tardor-formacio\/#primaryimage"},"thumbnailUrl":"https:\/\/www.esplac.cat\/wp-content\/uploads\/2023\/09\/Portades-Web.jpg","datePublished":"2023-09-12T10:17:06+00:00","dateModified":"2023-09-14T11:13:36+00:00","description":"Tornen les Jornades Ambientals i les Jornades de Lleure i Feminismes i, a m\u00e9s, estrenem un nou format amb les Tardes de Lleure i Antiracisme","breadcrumb":{"@id":"https:\/\/www.esplac.cat\/ecologisme-antiracisme-feminisme-interseccional-tardor-formacio\/#breadcrumb"},"inLanguage":"es","potentialAction":[{"@type":"ReadAction","target":["https:\/\/www.esplac.cat\/ecologisme-antiracisme-feminisme-interseccional-tardor-formacio\/"]}]},{"@type":"ImageObject","inLanguage":"es","@id":"https:\/\/www.esplac.cat\/ecologisme-antiracisme-feminisme-interseccional-tardor-formacio\/#primaryimage","url":"https:\/\/www.esplac.cat\/wp-content\/uploads\/2023\/09\/Portades-Web.jpg","contentUrl":"https:\/\/www.esplac.cat\/wp-content\/uploads\/2023\/09\/Portades-Web.jpg","width":1697,"height":700,"caption":"tardor formaci\u00f3"},{"@type":"BreadcrumbList","@id":"https:\/\/www.esplac.cat\/ecologisme-antiracisme-feminisme-interseccional-tardor-formacio\/#breadcrumb","itemListElement":[{"@type":"ListItem","position":1,"name":"Inici","item":"https:\/\/www.esplac.cat\/es\/"},{"@type":"ListItem","position":2,"name":"Ecologisme, antiracisme i feminisme interseccional: s&#8217;apropa una tardor carregada de formaci\u00f3!"}]},{"@type":"WebSite","@id":"https:\/\/www.esplac.cat\/#website","url":"https:\/\/www.esplac.cat\/","name":"Esplac","description":"Esplais Catalans","publisher":{"@id":"https:\/\/www.esplac.cat\/#organization"},"potentialAction":[{"@type":"SearchAction","target":{"@type":"EntryPoint","urlTemplate":"https:\/\/www.esplac.cat\/?s={search_term_string}"},"query-input":{"@type":"PropertyValueSpecification","valueRequired":true,"valueName":"search_term_string"}}],"inLanguage":"es"},{"@type":"Organization","@id":"https:\/\/www.esplac.cat\/#organization","name":"Esplac","url":"https:\/\/www.esplac.cat\/","logo":{"@type":"ImageObject","inLanguage":"es","@id":"https:\/\/www.esplac.cat\/#\/schema\/logo\/image\/","url":"https:\/\/www.esplac.cat\/wp-content\/uploads\/2019\/08\/logox2.png","contentUrl":"https:\/\/www.esplac.cat\/wp-content\/uploads\/2019\/08\/logox2.png","width":600,"height":295,"caption":"Esplac"},"image":{"@id":"https:\/\/www.esplac.cat\/#\/schema\/logo\/image\/"}},{"@type":"Person","@id":"https:\/\/www.esplac.cat\/#\/schema\/person\/908383cf240be18b68f8855d0583faca","name":"Comunicaci\u00f3 Esplac","image":{"@type":"ImageObject","inLanguage":"es","@id":"https:\/\/secure.gravatar.com\/avatar\/7a4cf8feb412a76ea4a740ca02d95b06b2907b5a6c648c2dd0a1082a093c3141?s=96&d=mm&r=g","url":"https:\/\/secure.gravatar.com\/avatar\/7a4cf8feb412a76ea4a740ca02d95b06b2907b5a6c648c2dd0a1082a093c3141?s=96&d=mm&r=g","contentUrl":"https:\/\/secure.gravatar.com\/avatar\/7a4cf8feb412a76ea4a740ca02d95b06b2907b5a6c648c2dd0a1082a093c3141?s=96&d=mm&r=g","caption":"Comunicaci\u00f3 Esplac"}}]}},"_links":{"self":[{"href":"https:\/\/www.esplac.cat\/es\/wp-json\/wp\/v2\/posts\/46804","targetHints":{"allow":["GET"]}}],"collection":[{"href":"https:\/\/www.esplac.cat\/es\/wp-json\/wp\/v2\/posts"}],"about":[{"href":"https:\/\/www.esplac.cat\/es\/wp-json\/wp\/v2\/types\/post"}],"author":[{"embeddable":true,"href":"https:\/\/www.esplac.cat\/es\/wp-json\/wp\/v2\/users\/3"}],"replies":[{"embeddable":true,"href":"https:\/\/www.esplac.cat\/es\/wp-json\/wp\/v2\/comments?post=46804"}],"version-history":[{"count":0,"href":"https:\/\/www.esplac.cat\/es\/wp-json\/wp\/v2\/posts\/46804\/revisions"}],"wp:featuredmedia":[{"embeddable":true,"href":"https:\/\/www.esplac.cat\/es\/wp-json\/wp\/v2\/media\/46835"}],"wp:attachment":[{"href":"https:\/\/www.esplac.cat\/es\/wp-json\/wp\/v2\/media?parent=46804"}],"wp:term":[{"taxonomy":"category","embeddable":true,"href":"https:\/\/www.esplac.cat\/es\/wp-json\/wp\/v2\/categories?post=46804"},{"taxonomy":"post_tag","embeddable":true,"href":"https:\/\/www.esplac.cat\/es\/wp-json\/wp\/v2\/tags?post=46804"}],"curies":[{"name":"wp","href":"https:\/\/api.w.org\/{rel}","templated":true}]}}