{"id":46989,"date":"2023-09-04T09:00:22","date_gmt":"2023-09-04T07:00:22","guid":{"rendered":"https:\/\/www.esplac.cat\/?p=46989"},"modified":"2023-09-20T09:14:44","modified_gmt":"2023-09-20T07:14:44","slug":"els-esplais-desplais-catalans-han-realitzat-al-voltant-de-180-activitats-aquest-estiu-entre-campaments-colonies-i-rutes","status":"publish","type":"post","link":"https:\/\/www.esplac.cat\/es\/els-esplais-desplais-catalans-han-realitzat-al-voltant-de-180-activitats-aquest-estiu-entre-campaments-colonies-i-rutes\/","title":{"rendered":"Els esplais d\u2019Esplais Catalans han realitzat al voltant de 180 activitats aquest estiu, entre campaments, col\u00f2nies i rutes"},"content":{"rendered":"<h6><strong>4.724 infants i 1.314 monitores i monitors han estat protagonistes de les activitats de lleure dels esplais aquest 2023<\/strong><\/h6>\n<p><span style=\"font-weight: 300;\">Amb el setembre ja encarat, molts infants i monis encara recorden amb nost\u00e0lgia aquells dies que van marxar fora de casa amb l\u2019esplai. Durant els mesos d\u2019estiu, els campaments, les col\u00f2nies i les rutes han estat les activitats principals dels esplais laics, on han compartit i apr\u00e8s mitjan\u00e7ant el joc i l\u2019experi\u00e8ncia.<\/span><\/p>\n<p><span style=\"font-weight: 300;\">A trav\u00e9s d\u2019aquestes activitats, l\u2019associacionisme i lleure educatiu afronten any rere any la seva aposta cap a una educaci\u00f3 per la transformaci\u00f3 social. De la m\u00e0 d\u2019una educaci\u00f3 en valors, monitores i monitors planifiquen l\u2019estiu amb jocs, din\u00e0miques i formacions pels infants d\u2019esplai amb qui comparteixen els dies fora de casa.\u00a0<\/span><\/p>\n<p><span style=\"font-weight: 300;\">A m\u00e9s a m\u00e9s, un cop acabades aquestes activitats volunt\u00e0ries, m\u00e9s de cent vint monis d\u2019una quarantena d\u2019esplais d\u2019Esplac han aprofitat per formar-se en en cinc cursos Marta Mata residencials, ja sigui Creixement (Monitor\/a) ja sigui \u00c8xit (Director\/a), de l\u2019<\/span><span style=\"color: #f69d0b;\"><a style=\"color: #f69d0b;\" href=\"https:\/\/escolaelsol.coop\/\"><span style=\"font-weight: 300;\">Escola Lliure el Sol<\/span><\/a><\/span><span style=\"font-weight: 300;\">.<\/span><\/p>\n<p><strong>Les activitats dels esplais, en dades:<\/strong><br \/>\n<b><br \/>\n<\/b><\/p>\n<table style=\"height: 664px;\" width=\"522\">\n<tbody>\n<tr>\n<td colspan=\"2\"><span style=\"color: #f69d0b;\"><b> Tipus d\u2019activitat<\/b><\/span><\/td>\n<\/tr>\n<tr>\n<td><b>Campaments<\/b><\/td>\n<td><span style=\"font-weight: 400;\">73<\/span><\/td>\n<\/tr>\n<tr>\n<td><b>Col\u00f2nies<\/b><\/td>\n<td><span style=\"font-weight: 400;\">39<\/span><\/td>\n<\/tr>\n<tr>\n<td><b>Ruta<\/b><\/td>\n<td><span style=\"font-weight: 400;\">46<\/span><\/td>\n<\/tr>\n<tr>\n<td><b>Altres<\/b><\/td>\n<td><span style=\"font-weight: 400;\">20<\/span><\/td>\n<\/tr>\n<tr>\n<td><b>Total<\/b><\/td>\n<td><span style=\"font-weight: 400;\">178<\/span><\/td>\n<\/tr>\n<tr>\n<td colspan=\"2\"><span style=\"color: #f69d0b;\"><b> Localitzaci\u00f3<\/b><\/span><\/td>\n<\/tr>\n<tr>\n<td><b>Catalunya<\/b><\/td>\n<td><span style=\"font-weight: 400;\">156<\/span><\/td>\n<\/tr>\n<tr>\n<td><b>Espanya<\/b><\/td>\n<td><span style=\"font-weight: 400;\">19<\/span><\/td>\n<\/tr>\n<tr>\n<td><b>Internacional<\/b><\/td>\n<td><span style=\"font-weight: 400;\">3*<\/span><\/td>\n<\/tr>\n<tr>\n<td colspan=\"2\"><span style=\"color: #f69d0b;\"><b>Esplais fent activitat d\u2019estiu: 74<\/b><\/span><\/td>\n<\/tr>\n<\/tbody>\n<\/table>\n<p>&nbsp;<\/p>\n<p><i><span style=\"font-weight: 300;\">*7 monitores i monitors han anat al Campament internacional de Nuoret Kotkat, a Finl\u00e0ndia. Ja sigui per fer formacions o com a facilitadores per a la IFM-SEI (tamb\u00e9 participen de l&#8217;European Falcon Network).<\/span><\/i><\/p>\n<p>&nbsp;<\/p>\n","protected":false},"excerpt":{"rendered":"<p>4.724 infants i 1.314 monitores i monitors han estat protagonistes [&hellip;]<\/p>\n","protected":false},"author":3,"featured_media":46991,"comment_status":"closed","ping_status":"closed","sticky":false,"template":"","format":"standard","meta":{"om_disable_all_campaigns":false,"_monsterinsights_skip_tracking":false,"_monsterinsights_sitenote_active":false,"_monsterinsights_sitenote_note":"","_monsterinsights_sitenote_category":0,"_uf_show_specific_survey":0,"_uf_disable_surveys":false,"footnotes":""},"categories":[1111,1117,1],"tags":[],"class_list":["post-46989","post","type-post","status-publish","format-standard","has-post-thumbnail","hentry","category-activitats-esplac","category-activitats-esplais","category-sense-categoria"],"yoast_head":"<!-- This site is optimized with the Yoast SEO plugin v27.4 - https:\/\/yoast.com\/product\/yoast-seo-wordpress\/ -->\n<title>Els esplais d\u2019Esplais Catalans han realitzat al voltant de 180 activitats aquest estiu, entre campaments, col\u00f2nies i rutes - Esplac<\/title>\n<meta name=\"robots\" content=\"index, follow, max-snippet:-1, max-image-preview:large, max-video-preview:-1\" \/>\n<link rel=\"canonical\" href=\"https:\/\/www.esplac.cat\/els-esplais-desplais-catalans-han-realitzat-al-voltant-de-180-activitats-aquest-estiu-entre-campaments-colonies-i-rutes\/\" \/>\n<meta property=\"og:locale\" content=\"es_ES\" \/>\n<meta property=\"og:type\" content=\"article\" \/>\n<meta property=\"og:title\" content=\"Els esplais d\u2019Esplais Catalans han realitzat al voltant de 180 activitats aquest estiu, entre campaments, col\u00f2nies i rutes - Esplac\" \/>\n<meta property=\"og:description\" content=\"4.724 infants i 1.314 monitores i monitors han estat protagonistes [&hellip;]\" \/>\n<meta property=\"og:url\" content=\"https:\/\/www.esplac.cat\/els-esplais-desplais-catalans-han-realitzat-al-voltant-de-180-activitats-aquest-estiu-entre-campaments-colonies-i-rutes\/\" \/>\n<meta property=\"og:site_name\" content=\"Esplac\" \/>\n<meta property=\"article:published_time\" content=\"2023-09-04T07:00:22+00:00\" \/>\n<meta property=\"article:modified_time\" content=\"2023-09-20T07:14:44+00:00\" \/>\n<meta property=\"og:image\" content=\"https:\/\/www.esplac.cat\/wp-content\/uploads\/2023\/09\/Portades-Web-4.jpg\" \/>\n\t<meta property=\"og:image:width\" content=\"1697\" \/>\n\t<meta property=\"og:image:height\" content=\"700\" \/>\n\t<meta property=\"og:image:type\" content=\"image\/jpeg\" \/>\n<meta name=\"author\" content=\"Comunicaci\u00f3 Esplac\" \/>\n<meta name=\"twitter:card\" content=\"summary_large_image\" \/>\n<meta name=\"twitter:label1\" content=\"Escrito por\" \/>\n\t<meta name=\"twitter:data1\" content=\"Comunicaci\u00f3 Esplac\" \/>\n\t<meta name=\"twitter:label2\" content=\"Tiempo de lectura\" \/>\n\t<meta name=\"twitter:data2\" content=\"2 minutos\" \/>\n<script type=\"application\/ld+json\" class=\"yoast-schema-graph\">{\"@context\":\"https:\\\/\\\/schema.org\",\"@graph\":[{\"@type\":\"Article\",\"@id\":\"https:\\\/\\\/www.esplac.cat\\\/els-esplais-desplais-catalans-han-realitzat-al-voltant-de-180-activitats-aquest-estiu-entre-campaments-colonies-i-rutes\\\/#article\",\"isPartOf\":{\"@id\":\"https:\\\/\\\/www.esplac.cat\\\/els-esplais-desplais-catalans-han-realitzat-al-voltant-de-180-activitats-aquest-estiu-entre-campaments-colonies-i-rutes\\\/\"},\"author\":{\"name\":\"Comunicaci\u00f3 Esplac\",\"@id\":\"https:\\\/\\\/www.esplac.cat\\\/#\\\/schema\\\/person\\\/908383cf240be18b68f8855d0583faca\"},\"headline\":\"Els esplais d\u2019Esplais Catalans han realitzat al voltant de 180 activitats aquest estiu, entre campaments, col\u00f2nies i rutes\",\"datePublished\":\"2023-09-04T07:00:22+00:00\",\"dateModified\":\"2023-09-20T07:14:44+00:00\",\"mainEntityOfPage\":{\"@id\":\"https:\\\/\\\/www.esplac.cat\\\/els-esplais-desplais-catalans-han-realitzat-al-voltant-de-180-activitats-aquest-estiu-entre-campaments-colonies-i-rutes\\\/\"},\"wordCount\":266,\"publisher\":{\"@id\":\"https:\\\/\\\/www.esplac.cat\\\/#organization\"},\"image\":{\"@id\":\"https:\\\/\\\/www.esplac.cat\\\/els-esplais-desplais-catalans-han-realitzat-al-voltant-de-180-activitats-aquest-estiu-entre-campaments-colonies-i-rutes\\\/#primaryimage\"},\"thumbnailUrl\":\"https:\\\/\\\/www.esplac.cat\\\/wp-content\\\/uploads\\\/2023\\\/09\\\/Portades-Web-4.jpg\",\"articleSection\":[\"Activitats esplac\",\"Activitats esplais\",\"Sense categoria\"],\"inLanguage\":\"es\"},{\"@type\":\"WebPage\",\"@id\":\"https:\\\/\\\/www.esplac.cat\\\/els-esplais-desplais-catalans-han-realitzat-al-voltant-de-180-activitats-aquest-estiu-entre-campaments-colonies-i-rutes\\\/\",\"url\":\"https:\\\/\\\/www.esplac.cat\\\/els-esplais-desplais-catalans-han-realitzat-al-voltant-de-180-activitats-aquest-estiu-entre-campaments-colonies-i-rutes\\\/\",\"name\":\"Els esplais d\u2019Esplais Catalans han realitzat al voltant de 180 activitats aquest estiu, entre campaments, col\u00f2nies i rutes - Esplac\",\"isPartOf\":{\"@id\":\"https:\\\/\\\/www.esplac.cat\\\/#website\"},\"primaryImageOfPage\":{\"@id\":\"https:\\\/\\\/www.esplac.cat\\\/els-esplais-desplais-catalans-han-realitzat-al-voltant-de-180-activitats-aquest-estiu-entre-campaments-colonies-i-rutes\\\/#primaryimage\"},\"image\":{\"@id\":\"https:\\\/\\\/www.esplac.cat\\\/els-esplais-desplais-catalans-han-realitzat-al-voltant-de-180-activitats-aquest-estiu-entre-campaments-colonies-i-rutes\\\/#primaryimage\"},\"thumbnailUrl\":\"https:\\\/\\\/www.esplac.cat\\\/wp-content\\\/uploads\\\/2023\\\/09\\\/Portades-Web-4.jpg\",\"datePublished\":\"2023-09-04T07:00:22+00:00\",\"dateModified\":\"2023-09-20T07:14:44+00:00\",\"breadcrumb\":{\"@id\":\"https:\\\/\\\/www.esplac.cat\\\/els-esplais-desplais-catalans-han-realitzat-al-voltant-de-180-activitats-aquest-estiu-entre-campaments-colonies-i-rutes\\\/#breadcrumb\"},\"inLanguage\":\"es\",\"potentialAction\":[{\"@type\":\"ReadAction\",\"target\":[\"https:\\\/\\\/www.esplac.cat\\\/els-esplais-desplais-catalans-han-realitzat-al-voltant-de-180-activitats-aquest-estiu-entre-campaments-colonies-i-rutes\\\/\"]}]},{\"@type\":\"ImageObject\",\"inLanguage\":\"es\",\"@id\":\"https:\\\/\\\/www.esplac.cat\\\/els-esplais-desplais-catalans-han-realitzat-al-voltant-de-180-activitats-aquest-estiu-entre-campaments-colonies-i-rutes\\\/#primaryimage\",\"url\":\"https:\\\/\\\/www.esplac.cat\\\/wp-content\\\/uploads\\\/2023\\\/09\\\/Portades-Web-4.jpg\",\"contentUrl\":\"https:\\\/\\\/www.esplac.cat\\\/wp-content\\\/uploads\\\/2023\\\/09\\\/Portades-Web-4.jpg\",\"width\":1697,\"height\":700},{\"@type\":\"BreadcrumbList\",\"@id\":\"https:\\\/\\\/www.esplac.cat\\\/els-esplais-desplais-catalans-han-realitzat-al-voltant-de-180-activitats-aquest-estiu-entre-campaments-colonies-i-rutes\\\/#breadcrumb\",\"itemListElement\":[{\"@type\":\"ListItem\",\"position\":1,\"name\":\"Inici\",\"item\":\"https:\\\/\\\/www.esplac.cat\\\/es\\\/\"},{\"@type\":\"ListItem\",\"position\":2,\"name\":\"Els esplais d\u2019Esplais Catalans han realitzat al voltant de 180 activitats aquest estiu, entre campaments, col\u00f2nies i rutes\"}]},{\"@type\":\"WebSite\",\"@id\":\"https:\\\/\\\/www.esplac.cat\\\/#website\",\"url\":\"https:\\\/\\\/www.esplac.cat\\\/\",\"name\":\"Esplac\",\"description\":\"Esplais Catalans\",\"publisher\":{\"@id\":\"https:\\\/\\\/www.esplac.cat\\\/#organization\"},\"potentialAction\":[{\"@type\":\"SearchAction\",\"target\":{\"@type\":\"EntryPoint\",\"urlTemplate\":\"https:\\\/\\\/www.esplac.cat\\\/?s={search_term_string}\"},\"query-input\":{\"@type\":\"PropertyValueSpecification\",\"valueRequired\":true,\"valueName\":\"search_term_string\"}}],\"inLanguage\":\"es\"},{\"@type\":\"Organization\",\"@id\":\"https:\\\/\\\/www.esplac.cat\\\/#organization\",\"name\":\"Esplac\",\"url\":\"https:\\\/\\\/www.esplac.cat\\\/\",\"logo\":{\"@type\":\"ImageObject\",\"inLanguage\":\"es\",\"@id\":\"https:\\\/\\\/www.esplac.cat\\\/#\\\/schema\\\/logo\\\/image\\\/\",\"url\":\"https:\\\/\\\/www.esplac.cat\\\/wp-content\\\/uploads\\\/2019\\\/08\\\/logox2.png\",\"contentUrl\":\"https:\\\/\\\/www.esplac.cat\\\/wp-content\\\/uploads\\\/2019\\\/08\\\/logox2.png\",\"width\":600,\"height\":295,\"caption\":\"Esplac\"},\"image\":{\"@id\":\"https:\\\/\\\/www.esplac.cat\\\/#\\\/schema\\\/logo\\\/image\\\/\"}},{\"@type\":\"Person\",\"@id\":\"https:\\\/\\\/www.esplac.cat\\\/#\\\/schema\\\/person\\\/908383cf240be18b68f8855d0583faca\",\"name\":\"Comunicaci\u00f3 Esplac\",\"image\":{\"@type\":\"ImageObject\",\"inLanguage\":\"es\",\"@id\":\"https:\\\/\\\/secure.gravatar.com\\\/avatar\\\/7a4cf8feb412a76ea4a740ca02d95b06b2907b5a6c648c2dd0a1082a093c3141?s=96&d=mm&r=g\",\"url\":\"https:\\\/\\\/secure.gravatar.com\\\/avatar\\\/7a4cf8feb412a76ea4a740ca02d95b06b2907b5a6c648c2dd0a1082a093c3141?s=96&d=mm&r=g\",\"contentUrl\":\"https:\\\/\\\/secure.gravatar.com\\\/avatar\\\/7a4cf8feb412a76ea4a740ca02d95b06b2907b5a6c648c2dd0a1082a093c3141?s=96&d=mm&r=g\",\"caption\":\"Comunicaci\u00f3 Esplac\"}}]}<\/script>\n<!-- \/ Yoast SEO plugin. -->","yoast_head_json":{"title":"Els esplais d\u2019Esplais Catalans han realitzat al voltant de 180 activitats aquest estiu, entre campaments, col\u00f2nies i rutes - Esplac","robots":{"index":"index","follow":"follow","max-snippet":"max-snippet:-1","max-image-preview":"max-image-preview:large","max-video-preview":"max-video-preview:-1"},"canonical":"https:\/\/www.esplac.cat\/els-esplais-desplais-catalans-han-realitzat-al-voltant-de-180-activitats-aquest-estiu-entre-campaments-colonies-i-rutes\/","og_locale":"es_ES","og_type":"article","og_title":"Els esplais d\u2019Esplais Catalans han realitzat al voltant de 180 activitats aquest estiu, entre campaments, col\u00f2nies i rutes - Esplac","og_description":"4.724 infants i 1.314 monitores i monitors han estat protagonistes [&hellip;]","og_url":"https:\/\/www.esplac.cat\/els-esplais-desplais-catalans-han-realitzat-al-voltant-de-180-activitats-aquest-estiu-entre-campaments-colonies-i-rutes\/","og_site_name":"Esplac","article_published_time":"2023-09-04T07:00:22+00:00","article_modified_time":"2023-09-20T07:14:44+00:00","og_image":[{"width":1697,"height":700,"url":"https:\/\/www.esplac.cat\/wp-content\/uploads\/2023\/09\/Portades-Web-4.jpg","type":"image\/jpeg"}],"author":"Comunicaci\u00f3 Esplac","twitter_card":"summary_large_image","twitter_misc":{"Escrito por":"Comunicaci\u00f3 Esplac","Tiempo de lectura":"2 minutos"},"schema":{"@context":"https:\/\/schema.org","@graph":[{"@type":"Article","@id":"https:\/\/www.esplac.cat\/els-esplais-desplais-catalans-han-realitzat-al-voltant-de-180-activitats-aquest-estiu-entre-campaments-colonies-i-rutes\/#article","isPartOf":{"@id":"https:\/\/www.esplac.cat\/els-esplais-desplais-catalans-han-realitzat-al-voltant-de-180-activitats-aquest-estiu-entre-campaments-colonies-i-rutes\/"},"author":{"name":"Comunicaci\u00f3 Esplac","@id":"https:\/\/www.esplac.cat\/#\/schema\/person\/908383cf240be18b68f8855d0583faca"},"headline":"Els esplais d\u2019Esplais Catalans han realitzat al voltant de 180 activitats aquest estiu, entre campaments, col\u00f2nies i rutes","datePublished":"2023-09-04T07:00:22+00:00","dateModified":"2023-09-20T07:14:44+00:00","mainEntityOfPage":{"@id":"https:\/\/www.esplac.cat\/els-esplais-desplais-catalans-han-realitzat-al-voltant-de-180-activitats-aquest-estiu-entre-campaments-colonies-i-rutes\/"},"wordCount":266,"publisher":{"@id":"https:\/\/www.esplac.cat\/#organization"},"image":{"@id":"https:\/\/www.esplac.cat\/els-esplais-desplais-catalans-han-realitzat-al-voltant-de-180-activitats-aquest-estiu-entre-campaments-colonies-i-rutes\/#primaryimage"},"thumbnailUrl":"https:\/\/www.esplac.cat\/wp-content\/uploads\/2023\/09\/Portades-Web-4.jpg","articleSection":["Activitats esplac","Activitats esplais","Sense categoria"],"inLanguage":"es"},{"@type":"WebPage","@id":"https:\/\/www.esplac.cat\/els-esplais-desplais-catalans-han-realitzat-al-voltant-de-180-activitats-aquest-estiu-entre-campaments-colonies-i-rutes\/","url":"https:\/\/www.esplac.cat\/els-esplais-desplais-catalans-han-realitzat-al-voltant-de-180-activitats-aquest-estiu-entre-campaments-colonies-i-rutes\/","name":"Els esplais d\u2019Esplais Catalans han realitzat al voltant de 180 activitats aquest estiu, entre campaments, col\u00f2nies i rutes - Esplac","isPartOf":{"@id":"https:\/\/www.esplac.cat\/#website"},"primaryImageOfPage":{"@id":"https:\/\/www.esplac.cat\/els-esplais-desplais-catalans-han-realitzat-al-voltant-de-180-activitats-aquest-estiu-entre-campaments-colonies-i-rutes\/#primaryimage"},"image":{"@id":"https:\/\/www.esplac.cat\/els-esplais-desplais-catalans-han-realitzat-al-voltant-de-180-activitats-aquest-estiu-entre-campaments-colonies-i-rutes\/#primaryimage"},"thumbnailUrl":"https:\/\/www.esplac.cat\/wp-content\/uploads\/2023\/09\/Portades-Web-4.jpg","datePublished":"2023-09-04T07:00:22+00:00","dateModified":"2023-09-20T07:14:44+00:00","breadcrumb":{"@id":"https:\/\/www.esplac.cat\/els-esplais-desplais-catalans-han-realitzat-al-voltant-de-180-activitats-aquest-estiu-entre-campaments-colonies-i-rutes\/#breadcrumb"},"inLanguage":"es","potentialAction":[{"@type":"ReadAction","target":["https:\/\/www.esplac.cat\/els-esplais-desplais-catalans-han-realitzat-al-voltant-de-180-activitats-aquest-estiu-entre-campaments-colonies-i-rutes\/"]}]},{"@type":"ImageObject","inLanguage":"es","@id":"https:\/\/www.esplac.cat\/els-esplais-desplais-catalans-han-realitzat-al-voltant-de-180-activitats-aquest-estiu-entre-campaments-colonies-i-rutes\/#primaryimage","url":"https:\/\/www.esplac.cat\/wp-content\/uploads\/2023\/09\/Portades-Web-4.jpg","contentUrl":"https:\/\/www.esplac.cat\/wp-content\/uploads\/2023\/09\/Portades-Web-4.jpg","width":1697,"height":700},{"@type":"BreadcrumbList","@id":"https:\/\/www.esplac.cat\/els-esplais-desplais-catalans-han-realitzat-al-voltant-de-180-activitats-aquest-estiu-entre-campaments-colonies-i-rutes\/#breadcrumb","itemListElement":[{"@type":"ListItem","position":1,"name":"Inici","item":"https:\/\/www.esplac.cat\/es\/"},{"@type":"ListItem","position":2,"name":"Els esplais d\u2019Esplais Catalans han realitzat al voltant de 180 activitats aquest estiu, entre campaments, col\u00f2nies i rutes"}]},{"@type":"WebSite","@id":"https:\/\/www.esplac.cat\/#website","url":"https:\/\/www.esplac.cat\/","name":"Esplac","description":"Esplais Catalans","publisher":{"@id":"https:\/\/www.esplac.cat\/#organization"},"potentialAction":[{"@type":"SearchAction","target":{"@type":"EntryPoint","urlTemplate":"https:\/\/www.esplac.cat\/?s={search_term_string}"},"query-input":{"@type":"PropertyValueSpecification","valueRequired":true,"valueName":"search_term_string"}}],"inLanguage":"es"},{"@type":"Organization","@id":"https:\/\/www.esplac.cat\/#organization","name":"Esplac","url":"https:\/\/www.esplac.cat\/","logo":{"@type":"ImageObject","inLanguage":"es","@id":"https:\/\/www.esplac.cat\/#\/schema\/logo\/image\/","url":"https:\/\/www.esplac.cat\/wp-content\/uploads\/2019\/08\/logox2.png","contentUrl":"https:\/\/www.esplac.cat\/wp-content\/uploads\/2019\/08\/logox2.png","width":600,"height":295,"caption":"Esplac"},"image":{"@id":"https:\/\/www.esplac.cat\/#\/schema\/logo\/image\/"}},{"@type":"Person","@id":"https:\/\/www.esplac.cat\/#\/schema\/person\/908383cf240be18b68f8855d0583faca","name":"Comunicaci\u00f3 Esplac","image":{"@type":"ImageObject","inLanguage":"es","@id":"https:\/\/secure.gravatar.com\/avatar\/7a4cf8feb412a76ea4a740ca02d95b06b2907b5a6c648c2dd0a1082a093c3141?s=96&d=mm&r=g","url":"https:\/\/secure.gravatar.com\/avatar\/7a4cf8feb412a76ea4a740ca02d95b06b2907b5a6c648c2dd0a1082a093c3141?s=96&d=mm&r=g","contentUrl":"https:\/\/secure.gravatar.com\/avatar\/7a4cf8feb412a76ea4a740ca02d95b06b2907b5a6c648c2dd0a1082a093c3141?s=96&d=mm&r=g","caption":"Comunicaci\u00f3 Esplac"}}]}},"_links":{"self":[{"href":"https:\/\/www.esplac.cat\/es\/wp-json\/wp\/v2\/posts\/46989","targetHints":{"allow":["GET"]}}],"collection":[{"href":"https:\/\/www.esplac.cat\/es\/wp-json\/wp\/v2\/posts"}],"about":[{"href":"https:\/\/www.esplac.cat\/es\/wp-json\/wp\/v2\/types\/post"}],"author":[{"embeddable":true,"href":"https:\/\/www.esplac.cat\/es\/wp-json\/wp\/v2\/users\/3"}],"replies":[{"embeddable":true,"href":"https:\/\/www.esplac.cat\/es\/wp-json\/wp\/v2\/comments?post=46989"}],"version-history":[{"count":0,"href":"https:\/\/www.esplac.cat\/es\/wp-json\/wp\/v2\/posts\/46989\/revisions"}],"wp:featuredmedia":[{"embeddable":true,"href":"https:\/\/www.esplac.cat\/es\/wp-json\/wp\/v2\/media\/46991"}],"wp:attachment":[{"href":"https:\/\/www.esplac.cat\/es\/wp-json\/wp\/v2\/media?parent=46989"}],"wp:term":[{"taxonomy":"category","embeddable":true,"href":"https:\/\/www.esplac.cat\/es\/wp-json\/wp\/v2\/categories?post=46989"},{"taxonomy":"post_tag","embeddable":true,"href":"https:\/\/www.esplac.cat\/es\/wp-json\/wp\/v2\/tags?post=46989"}],"curies":[{"name":"wp","href":"https:\/\/api.w.org\/{rel}","templated":true}]}}