{"id":47047,"date":"2023-09-21T10:46:37","date_gmt":"2023-09-21T08:46:37","guid":{"rendered":"https:\/\/www.esplac.cat\/?p=47047"},"modified":"2023-09-21T11:04:32","modified_gmt":"2023-09-21T09:04:32","slug":"com-fem-la-prevencio-de-labus-sexual-infantil-a-lesplai","status":"publish","type":"post","link":"https:\/\/www.esplac.cat\/es\/com-fem-la-prevencio-de-labus-sexual-infantil-a-lesplai\/","title":{"rendered":"Com fem la prevenci\u00f3 de l&#8217;Ab\u00fas Sexual Infantil a l&#8217;esplai?"},"content":{"rendered":"<h6><strong>La figura de la Delegada de Protecci\u00f3 d&#8217;ASI o el Protocol de Prevenci\u00f3 de l&#8217;ASI s\u00f3n algunes q\u00fcestions que hem de considerar per prevenir l&#8217;ab\u00fas sexual infantil als esplais<\/strong><\/h6>\n<p>Durant tot el curs els infants duem a terme la nostra tasca educativa amb infants i joves, per aix\u00f2 \u00e9s important que des de les nostres entitats i associacions fem una bona prevenci\u00f3, detecci\u00f3 i actuaci\u00f3 dels casos d&#8217;ab\u00fas sexual infantil. Des d&#8217;Esplac, fa uns anys que vetllem per fer dels esplais llocs segurs pels infants i joves, creant circuits interns i les figures necess\u00e0ries per fer el millor acompanyament en casos d&#8217;ab\u00fas i maltractament.<\/p>\n<p><strong>Com fem una bona prevenci\u00f3 i detecci\u00f3 de l&#8217;Ab\u00fas Sexual Infantil als esplais?<\/strong><\/p>\n<p>Primerament, cal ser molt conscients de l&#8217;exist\u00e8ncia del <span style=\"color: #f69d0b;\"><a style=\"color: #f69d0b;\" href=\"https:\/\/bancrecursos.esplac.cat\/recurs\/644a443820a77b047a11744b\" target=\"_blank\" rel=\"noopener\">Protocol de Prevenci\u00f3 de l&#8217;Ab\u00fas Sexual Infantil<\/a><\/span> de la Generalitat i la <span style=\"color: #f69d0b;\"><a style=\"color: #f69d0b;\" href=\"https:\/\/www.fbernadet.org\/\">Fundaci\u00f3 Vicki Bernade<\/a>t<\/span>. Aquest protocol aplica a la prevenci\u00f3, detecci\u00f3 i actuaci\u00f3 en casos d&#8217;Ab\u00fas Sexual Infantil i altres maltractaments en l&#8217;\u00e0mbit de l&#8217;educaci\u00f3 en el lleure. En el document es recull la prevenci\u00f3 de casos, quin \u00e9s el procediment a seguir despr\u00e9s de detectar un cas d\u2019ASI i\/o maltractament i com fer una bona comunicaci\u00f3 de crisi amb fam\u00edlies, infants i joves, entre d&#8217;altres.<\/p>\n<p>Per tal d&#8217;aplicar, garantir i gestionar el protocol cal que cada esplai compti amb m\u00ednim una <strong>Delegada de Protecci\u00f3 d&#8217;ASI<\/strong>. Aquestes persones s\u00f3n les encarregades d&#8217;estar al corrent del protocol i traspassar la seva aplicaci\u00f3 a les monitores i monitors de l&#8217;esplai, assegurant-se que tothom \u00e9s coneixedor dels passos a seguir en el moment de la detecci\u00f3 d&#8217;un cas i vetllar per la prevenci\u00f3 a nivell d&#8217;esplai. Aquestes persones delagades tamb\u00e9 seran les encarregades d&#8217;aplicar el <span style=\"color: #f69d0b;\"><a style=\"color: #f69d0b;\" href=\"https:\/\/bancrecursos.esplac.cat\/recurs\/640b1cd3c53700769591bc45\" target=\"_blank\" rel=\"noopener\">Circuit intern d&#8217;Esplac quan detectem casos\u00a0d&#8217;ASI<\/a><\/span>, on s&#8217;explica com comunicar els casos a Esplac quan rebem alguna informaci\u00f3 per part d&#8217;un infant o jove.<\/p>\n<p>A m\u00e9s a m\u00e9s, per aquestes Delegades d&#8217;ASI que tot esplai ha de tenir, existeix un curs a dist\u00e0ncia (en l\u00ednia) sobre la <strong>\u201cPrevenci\u00f3 i abordatge de les viol\u00e8ncies sexuals contra infants i adolescents\u00bb<\/strong> creat des de la Generealitat. Actualment, est\u00e0 obert el per\u00edode d&#8217;incsripci\u00f3 del <em>Curs 6\/2023<\/em> que ser\u00e0 el dissabte 7, 21 i 28 octubre i 4 de novembre de 10 h a 12.30 h. El per\u00edode d&#8217;inscripci\u00f3 est\u00e0 obert fins el 25 de setembre. Aquests cursos es donen durant tot l&#8217;any i estan subvencionats per la Direcci\u00f3 General de Joventut. Tota la informaci\u00f3 sobre el contingut dels cursos i les dates i horari, la trobareu al web de la Direcci\u00f3 General de Joventut, seguint aquest <a href=\"https:\/\/dretssocials.gencat.cat\/ca\/ambits_tematics\/joventut\/educacio_en_el_lleure\/formacio-en-prevencio-i-abordatge-de-labus-sexual-infantil-asi-en-leducacio-en-el-lleure\/\"><span style=\"color: #f69d0b;\">enlla\u00e7<\/span>.<\/a><\/p>\n<p style=\"font-weight: 400;\">\n","protected":false},"excerpt":{"rendered":"<p>La figura de la Delegada de Protecci\u00f3 d&#8217;ASI o el [&hellip;]<\/p>\n","protected":false},"author":3,"featured_media":47069,"comment_status":"closed","ping_status":"closed","sticky":false,"template":"","format":"standard","meta":{"om_disable_all_campaigns":false,"_monsterinsights_skip_tracking":false,"_monsterinsights_sitenote_active":false,"_monsterinsights_sitenote_note":"","_monsterinsights_sitenote_category":0,"_uf_show_specific_survey":0,"_uf_disable_surveys":false,"footnotes":""},"categories":[1121,1131,1163,1],"tags":[],"class_list":["post-47047","post","type-post","status-publish","format-standard","has-post-thumbnail","hentry","category-bones-practiques-2","category-cursos-formacions","category-protocol","category-sense-categoria"],"yoast_head":"<!-- This site is optimized with the Yoast SEO plugin v27.4 - https:\/\/yoast.com\/product\/yoast-seo-wordpress\/ -->\n<title>Com fem la prevenci\u00f3 de l&#039;Ab\u00fas Sexual Infantil a l&#039;esplai? - Esplac<\/title>\n<meta name=\"robots\" content=\"index, follow, max-snippet:-1, max-image-preview:large, max-video-preview:-1\" \/>\n<link rel=\"canonical\" href=\"https:\/\/www.esplac.cat\/com-fem-la-prevencio-de-labus-sexual-infantil-a-lesplai\/\" \/>\n<meta property=\"og:locale\" content=\"es_ES\" \/>\n<meta property=\"og:type\" content=\"article\" \/>\n<meta property=\"og:title\" content=\"Com fem la prevenci\u00f3 de l&#039;Ab\u00fas Sexual Infantil a l&#039;esplai? - Esplac\" \/>\n<meta property=\"og:description\" content=\"La figura de la Delegada de Protecci\u00f3 d&#8217;ASI o el [&hellip;]\" \/>\n<meta property=\"og:url\" content=\"https:\/\/www.esplac.cat\/com-fem-la-prevencio-de-labus-sexual-infantil-a-lesplai\/\" \/>\n<meta property=\"og:site_name\" content=\"Esplac\" \/>\n<meta property=\"article:published_time\" content=\"2023-09-21T08:46:37+00:00\" \/>\n<meta property=\"article:modified_time\" content=\"2023-09-21T09:04:32+00:00\" \/>\n<meta property=\"og:image\" content=\"https:\/\/www.esplac.cat\/wp-content\/uploads\/2023\/09\/Portades-Web-5.jpg\" \/>\n\t<meta property=\"og:image:width\" content=\"1697\" \/>\n\t<meta property=\"og:image:height\" content=\"700\" \/>\n\t<meta property=\"og:image:type\" content=\"image\/jpeg\" \/>\n<meta name=\"author\" content=\"Comunicaci\u00f3 Esplac\" \/>\n<meta name=\"twitter:card\" content=\"summary_large_image\" \/>\n<meta name=\"twitter:label1\" content=\"Escrito por\" \/>\n\t<meta name=\"twitter:data1\" content=\"Comunicaci\u00f3 Esplac\" \/>\n\t<meta name=\"twitter:label2\" content=\"Tiempo de lectura\" \/>\n\t<meta name=\"twitter:data2\" content=\"3 minutos\" \/>\n<script type=\"application\/ld+json\" class=\"yoast-schema-graph\">{\"@context\":\"https:\\\/\\\/schema.org\",\"@graph\":[{\"@type\":\"Article\",\"@id\":\"https:\\\/\\\/www.esplac.cat\\\/com-fem-la-prevencio-de-labus-sexual-infantil-a-lesplai\\\/#article\",\"isPartOf\":{\"@id\":\"https:\\\/\\\/www.esplac.cat\\\/com-fem-la-prevencio-de-labus-sexual-infantil-a-lesplai\\\/\"},\"author\":{\"name\":\"Comunicaci\u00f3 Esplac\",\"@id\":\"https:\\\/\\\/www.esplac.cat\\\/#\\\/schema\\\/person\\\/908383cf240be18b68f8855d0583faca\"},\"headline\":\"Com fem la prevenci\u00f3 de l&#8217;Ab\u00fas Sexual Infantil a l&#8217;esplai?\",\"datePublished\":\"2023-09-21T08:46:37+00:00\",\"dateModified\":\"2023-09-21T09:04:32+00:00\",\"mainEntityOfPage\":{\"@id\":\"https:\\\/\\\/www.esplac.cat\\\/com-fem-la-prevencio-de-labus-sexual-infantil-a-lesplai\\\/\"},\"wordCount\":478,\"publisher\":{\"@id\":\"https:\\\/\\\/www.esplac.cat\\\/#organization\"},\"image\":{\"@id\":\"https:\\\/\\\/www.esplac.cat\\\/com-fem-la-prevencio-de-labus-sexual-infantil-a-lesplai\\\/#primaryimage\"},\"thumbnailUrl\":\"https:\\\/\\\/www.esplac.cat\\\/wp-content\\\/uploads\\\/2023\\\/09\\\/Portades-Web-5.jpg\",\"articleSection\":[\"Bones pr\u00e0ctiques\",\"Cursos i formacions\",\"Protocol\",\"Sense categoria\"],\"inLanguage\":\"es\"},{\"@type\":\"WebPage\",\"@id\":\"https:\\\/\\\/www.esplac.cat\\\/com-fem-la-prevencio-de-labus-sexual-infantil-a-lesplai\\\/\",\"url\":\"https:\\\/\\\/www.esplac.cat\\\/com-fem-la-prevencio-de-labus-sexual-infantil-a-lesplai\\\/\",\"name\":\"Com fem la prevenci\u00f3 de l'Ab\u00fas Sexual Infantil a l'esplai? - Esplac\",\"isPartOf\":{\"@id\":\"https:\\\/\\\/www.esplac.cat\\\/#website\"},\"primaryImageOfPage\":{\"@id\":\"https:\\\/\\\/www.esplac.cat\\\/com-fem-la-prevencio-de-labus-sexual-infantil-a-lesplai\\\/#primaryimage\"},\"image\":{\"@id\":\"https:\\\/\\\/www.esplac.cat\\\/com-fem-la-prevencio-de-labus-sexual-infantil-a-lesplai\\\/#primaryimage\"},\"thumbnailUrl\":\"https:\\\/\\\/www.esplac.cat\\\/wp-content\\\/uploads\\\/2023\\\/09\\\/Portades-Web-5.jpg\",\"datePublished\":\"2023-09-21T08:46:37+00:00\",\"dateModified\":\"2023-09-21T09:04:32+00:00\",\"breadcrumb\":{\"@id\":\"https:\\\/\\\/www.esplac.cat\\\/com-fem-la-prevencio-de-labus-sexual-infantil-a-lesplai\\\/#breadcrumb\"},\"inLanguage\":\"es\",\"potentialAction\":[{\"@type\":\"ReadAction\",\"target\":[\"https:\\\/\\\/www.esplac.cat\\\/com-fem-la-prevencio-de-labus-sexual-infantil-a-lesplai\\\/\"]}]},{\"@type\":\"ImageObject\",\"inLanguage\":\"es\",\"@id\":\"https:\\\/\\\/www.esplac.cat\\\/com-fem-la-prevencio-de-labus-sexual-infantil-a-lesplai\\\/#primaryimage\",\"url\":\"https:\\\/\\\/www.esplac.cat\\\/wp-content\\\/uploads\\\/2023\\\/09\\\/Portades-Web-5.jpg\",\"contentUrl\":\"https:\\\/\\\/www.esplac.cat\\\/wp-content\\\/uploads\\\/2023\\\/09\\\/Portades-Web-5.jpg\",\"width\":1697,\"height\":700},{\"@type\":\"BreadcrumbList\",\"@id\":\"https:\\\/\\\/www.esplac.cat\\\/com-fem-la-prevencio-de-labus-sexual-infantil-a-lesplai\\\/#breadcrumb\",\"itemListElement\":[{\"@type\":\"ListItem\",\"position\":1,\"name\":\"Inici\",\"item\":\"https:\\\/\\\/www.esplac.cat\\\/es\\\/\"},{\"@type\":\"ListItem\",\"position\":2,\"name\":\"Com fem la prevenci\u00f3 de l&#8217;Ab\u00fas Sexual Infantil a l&#8217;esplai?\"}]},{\"@type\":\"WebSite\",\"@id\":\"https:\\\/\\\/www.esplac.cat\\\/#website\",\"url\":\"https:\\\/\\\/www.esplac.cat\\\/\",\"name\":\"Esplac\",\"description\":\"Esplais Catalans\",\"publisher\":{\"@id\":\"https:\\\/\\\/www.esplac.cat\\\/#organization\"},\"potentialAction\":[{\"@type\":\"SearchAction\",\"target\":{\"@type\":\"EntryPoint\",\"urlTemplate\":\"https:\\\/\\\/www.esplac.cat\\\/?s={search_term_string}\"},\"query-input\":{\"@type\":\"PropertyValueSpecification\",\"valueRequired\":true,\"valueName\":\"search_term_string\"}}],\"inLanguage\":\"es\"},{\"@type\":\"Organization\",\"@id\":\"https:\\\/\\\/www.esplac.cat\\\/#organization\",\"name\":\"Esplac\",\"url\":\"https:\\\/\\\/www.esplac.cat\\\/\",\"logo\":{\"@type\":\"ImageObject\",\"inLanguage\":\"es\",\"@id\":\"https:\\\/\\\/www.esplac.cat\\\/#\\\/schema\\\/logo\\\/image\\\/\",\"url\":\"https:\\\/\\\/www.esplac.cat\\\/wp-content\\\/uploads\\\/2019\\\/08\\\/logox2.png\",\"contentUrl\":\"https:\\\/\\\/www.esplac.cat\\\/wp-content\\\/uploads\\\/2019\\\/08\\\/logox2.png\",\"width\":600,\"height\":295,\"caption\":\"Esplac\"},\"image\":{\"@id\":\"https:\\\/\\\/www.esplac.cat\\\/#\\\/schema\\\/logo\\\/image\\\/\"}},{\"@type\":\"Person\",\"@id\":\"https:\\\/\\\/www.esplac.cat\\\/#\\\/schema\\\/person\\\/908383cf240be18b68f8855d0583faca\",\"name\":\"Comunicaci\u00f3 Esplac\",\"image\":{\"@type\":\"ImageObject\",\"inLanguage\":\"es\",\"@id\":\"https:\\\/\\\/secure.gravatar.com\\\/avatar\\\/7a4cf8feb412a76ea4a740ca02d95b06b2907b5a6c648c2dd0a1082a093c3141?s=96&d=mm&r=g\",\"url\":\"https:\\\/\\\/secure.gravatar.com\\\/avatar\\\/7a4cf8feb412a76ea4a740ca02d95b06b2907b5a6c648c2dd0a1082a093c3141?s=96&d=mm&r=g\",\"contentUrl\":\"https:\\\/\\\/secure.gravatar.com\\\/avatar\\\/7a4cf8feb412a76ea4a740ca02d95b06b2907b5a6c648c2dd0a1082a093c3141?s=96&d=mm&r=g\",\"caption\":\"Comunicaci\u00f3 Esplac\"}}]}<\/script>\n<!-- \/ Yoast SEO plugin. -->","yoast_head_json":{"title":"Com fem la prevenci\u00f3 de l'Ab\u00fas Sexual Infantil a l'esplai? - Esplac","robots":{"index":"index","follow":"follow","max-snippet":"max-snippet:-1","max-image-preview":"max-image-preview:large","max-video-preview":"max-video-preview:-1"},"canonical":"https:\/\/www.esplac.cat\/com-fem-la-prevencio-de-labus-sexual-infantil-a-lesplai\/","og_locale":"es_ES","og_type":"article","og_title":"Com fem la prevenci\u00f3 de l'Ab\u00fas Sexual Infantil a l'esplai? - Esplac","og_description":"La figura de la Delegada de Protecci\u00f3 d&#8217;ASI o el [&hellip;]","og_url":"https:\/\/www.esplac.cat\/com-fem-la-prevencio-de-labus-sexual-infantil-a-lesplai\/","og_site_name":"Esplac","article_published_time":"2023-09-21T08:46:37+00:00","article_modified_time":"2023-09-21T09:04:32+00:00","og_image":[{"width":1697,"height":700,"url":"https:\/\/www.esplac.cat\/wp-content\/uploads\/2023\/09\/Portades-Web-5.jpg","type":"image\/jpeg"}],"author":"Comunicaci\u00f3 Esplac","twitter_card":"summary_large_image","twitter_misc":{"Escrito por":"Comunicaci\u00f3 Esplac","Tiempo de lectura":"3 minutos"},"schema":{"@context":"https:\/\/schema.org","@graph":[{"@type":"Article","@id":"https:\/\/www.esplac.cat\/com-fem-la-prevencio-de-labus-sexual-infantil-a-lesplai\/#article","isPartOf":{"@id":"https:\/\/www.esplac.cat\/com-fem-la-prevencio-de-labus-sexual-infantil-a-lesplai\/"},"author":{"name":"Comunicaci\u00f3 Esplac","@id":"https:\/\/www.esplac.cat\/#\/schema\/person\/908383cf240be18b68f8855d0583faca"},"headline":"Com fem la prevenci\u00f3 de l&#8217;Ab\u00fas Sexual Infantil a l&#8217;esplai?","datePublished":"2023-09-21T08:46:37+00:00","dateModified":"2023-09-21T09:04:32+00:00","mainEntityOfPage":{"@id":"https:\/\/www.esplac.cat\/com-fem-la-prevencio-de-labus-sexual-infantil-a-lesplai\/"},"wordCount":478,"publisher":{"@id":"https:\/\/www.esplac.cat\/#organization"},"image":{"@id":"https:\/\/www.esplac.cat\/com-fem-la-prevencio-de-labus-sexual-infantil-a-lesplai\/#primaryimage"},"thumbnailUrl":"https:\/\/www.esplac.cat\/wp-content\/uploads\/2023\/09\/Portades-Web-5.jpg","articleSection":["Bones pr\u00e0ctiques","Cursos i formacions","Protocol","Sense categoria"],"inLanguage":"es"},{"@type":"WebPage","@id":"https:\/\/www.esplac.cat\/com-fem-la-prevencio-de-labus-sexual-infantil-a-lesplai\/","url":"https:\/\/www.esplac.cat\/com-fem-la-prevencio-de-labus-sexual-infantil-a-lesplai\/","name":"Com fem la prevenci\u00f3 de l'Ab\u00fas Sexual Infantil a l'esplai? - Esplac","isPartOf":{"@id":"https:\/\/www.esplac.cat\/#website"},"primaryImageOfPage":{"@id":"https:\/\/www.esplac.cat\/com-fem-la-prevencio-de-labus-sexual-infantil-a-lesplai\/#primaryimage"},"image":{"@id":"https:\/\/www.esplac.cat\/com-fem-la-prevencio-de-labus-sexual-infantil-a-lesplai\/#primaryimage"},"thumbnailUrl":"https:\/\/www.esplac.cat\/wp-content\/uploads\/2023\/09\/Portades-Web-5.jpg","datePublished":"2023-09-21T08:46:37+00:00","dateModified":"2023-09-21T09:04:32+00:00","breadcrumb":{"@id":"https:\/\/www.esplac.cat\/com-fem-la-prevencio-de-labus-sexual-infantil-a-lesplai\/#breadcrumb"},"inLanguage":"es","potentialAction":[{"@type":"ReadAction","target":["https:\/\/www.esplac.cat\/com-fem-la-prevencio-de-labus-sexual-infantil-a-lesplai\/"]}]},{"@type":"ImageObject","inLanguage":"es","@id":"https:\/\/www.esplac.cat\/com-fem-la-prevencio-de-labus-sexual-infantil-a-lesplai\/#primaryimage","url":"https:\/\/www.esplac.cat\/wp-content\/uploads\/2023\/09\/Portades-Web-5.jpg","contentUrl":"https:\/\/www.esplac.cat\/wp-content\/uploads\/2023\/09\/Portades-Web-5.jpg","width":1697,"height":700},{"@type":"BreadcrumbList","@id":"https:\/\/www.esplac.cat\/com-fem-la-prevencio-de-labus-sexual-infantil-a-lesplai\/#breadcrumb","itemListElement":[{"@type":"ListItem","position":1,"name":"Inici","item":"https:\/\/www.esplac.cat\/es\/"},{"@type":"ListItem","position":2,"name":"Com fem la prevenci\u00f3 de l&#8217;Ab\u00fas Sexual Infantil a l&#8217;esplai?"}]},{"@type":"WebSite","@id":"https:\/\/www.esplac.cat\/#website","url":"https:\/\/www.esplac.cat\/","name":"Esplac","description":"Esplais Catalans","publisher":{"@id":"https:\/\/www.esplac.cat\/#organization"},"potentialAction":[{"@type":"SearchAction","target":{"@type":"EntryPoint","urlTemplate":"https:\/\/www.esplac.cat\/?s={search_term_string}"},"query-input":{"@type":"PropertyValueSpecification","valueRequired":true,"valueName":"search_term_string"}}],"inLanguage":"es"},{"@type":"Organization","@id":"https:\/\/www.esplac.cat\/#organization","name":"Esplac","url":"https:\/\/www.esplac.cat\/","logo":{"@type":"ImageObject","inLanguage":"es","@id":"https:\/\/www.esplac.cat\/#\/schema\/logo\/image\/","url":"https:\/\/www.esplac.cat\/wp-content\/uploads\/2019\/08\/logox2.png","contentUrl":"https:\/\/www.esplac.cat\/wp-content\/uploads\/2019\/08\/logox2.png","width":600,"height":295,"caption":"Esplac"},"image":{"@id":"https:\/\/www.esplac.cat\/#\/schema\/logo\/image\/"}},{"@type":"Person","@id":"https:\/\/www.esplac.cat\/#\/schema\/person\/908383cf240be18b68f8855d0583faca","name":"Comunicaci\u00f3 Esplac","image":{"@type":"ImageObject","inLanguage":"es","@id":"https:\/\/secure.gravatar.com\/avatar\/7a4cf8feb412a76ea4a740ca02d95b06b2907b5a6c648c2dd0a1082a093c3141?s=96&d=mm&r=g","url":"https:\/\/secure.gravatar.com\/avatar\/7a4cf8feb412a76ea4a740ca02d95b06b2907b5a6c648c2dd0a1082a093c3141?s=96&d=mm&r=g","contentUrl":"https:\/\/secure.gravatar.com\/avatar\/7a4cf8feb412a76ea4a740ca02d95b06b2907b5a6c648c2dd0a1082a093c3141?s=96&d=mm&r=g","caption":"Comunicaci\u00f3 Esplac"}}]}},"_links":{"self":[{"href":"https:\/\/www.esplac.cat\/es\/wp-json\/wp\/v2\/posts\/47047","targetHints":{"allow":["GET"]}}],"collection":[{"href":"https:\/\/www.esplac.cat\/es\/wp-json\/wp\/v2\/posts"}],"about":[{"href":"https:\/\/www.esplac.cat\/es\/wp-json\/wp\/v2\/types\/post"}],"author":[{"embeddable":true,"href":"https:\/\/www.esplac.cat\/es\/wp-json\/wp\/v2\/users\/3"}],"replies":[{"embeddable":true,"href":"https:\/\/www.esplac.cat\/es\/wp-json\/wp\/v2\/comments?post=47047"}],"version-history":[{"count":0,"href":"https:\/\/www.esplac.cat\/es\/wp-json\/wp\/v2\/posts\/47047\/revisions"}],"wp:featuredmedia":[{"embeddable":true,"href":"https:\/\/www.esplac.cat\/es\/wp-json\/wp\/v2\/media\/47069"}],"wp:attachment":[{"href":"https:\/\/www.esplac.cat\/es\/wp-json\/wp\/v2\/media?parent=47047"}],"wp:term":[{"taxonomy":"category","embeddable":true,"href":"https:\/\/www.esplac.cat\/es\/wp-json\/wp\/v2\/categories?post=47047"},{"taxonomy":"post_tag","embeddable":true,"href":"https:\/\/www.esplac.cat\/es\/wp-json\/wp\/v2\/tags?post=47047"}],"curies":[{"name":"wp","href":"https:\/\/api.w.org\/{rel}","templated":true}]}}