{"id":47335,"date":"2023-10-04T09:28:53","date_gmt":"2023-10-04T07:28:53","guid":{"rendered":"https:\/\/www.esplac.cat\/?p=47335"},"modified":"2023-10-04T09:31:25","modified_gmt":"2023-10-04T07:31:25","slug":"cim-barcelona-2023","status":"publish","type":"post","link":"https:\/\/www.esplac.cat\/es\/cim-barcelona-2023\/","title":{"rendered":"El CIM de Barcelona ha estat un \u00e8xit!"},"content":{"rendered":"<h6><b>El cap de setmana del 29 de setembre a l&#8217;1 d\u2019octubre, algunes participants del Sector Barcelona han marxat a Caldes de Montbui per comen\u00e7ar el curs amb el CIM. Hi han participat 7 esplais i 45 joves i premonis.<\/b><\/h6>\n<p><span style=\"font-weight: 400;\">El<strong> CIM<\/strong> (Curs d\u2019Iniciaci\u00f3 al Monitoratge) al <\/span><a href=\"https:\/\/www.esplac.cat\/sectors-geografics\/barcelona\/\"><span style=\"font-weight: 400;\"><span style=\"color: #f69d0b;\"><strong>Sector Barcelona<\/strong><\/span><\/span><\/a><span style=\"font-weight: 400;\"> \u00e9s una activitat consolidada des de fa temps. De forma autogestionada, les monitores i monitors preparen diverses formacions per tal que els grups de joves i premonis dels diferents esplais participants puguin comen\u00e7ar la seva etapa de formaci\u00f3 com a monitores i monitors. Durant el CIM, es treballa i es debat al voltant de conceptes b\u00e0sics i necessaris per a la futura entrada a l\u2019equip de monis de l\u2019esplai.<\/span><\/p>\n<p><span style=\"font-weight: 400;\">Enguany <strong>7 esplais del sector<\/strong> han participat al CIM: l\u2019<a href=\"https:\/\/esplaiscvclot.wixsite.com\/esplaiscvelclot\" target=\"_blank\" rel=\"noopener\"><span style=\"color: #f69d0b;\"><strong>Esplai SCV El Clot<\/strong><\/span><\/a>, l\u2019<span style=\"color: #f69d0b;\"><a style=\"color: #f69d0b;\" href=\"https:\/\/www.esplaikasperle.com\/\" target=\"_blank\" rel=\"noopener\"><strong>Esplai Kasperle<\/strong><\/a><\/span>, l\u2019<span style=\"color: #f69d0b;\"><strong><a style=\"color: #f69d0b;\" href=\"https:\/\/esplaigmm1939.wordpress.com\/\" target=\"_blank\" rel=\"noopener\">Esplai GMM<\/a><\/strong><\/span>, l\u2019<span style=\"color: #f69d0b;\"><strong><a style=\"color: #f69d0b;\" href=\"https:\/\/etresmon.wixsite.com\/website\" target=\"_blank\" rel=\"noopener\">Esplai Tr3smon<\/a><\/strong><\/span>, l\u2019<span style=\"color: #f69d0b;\"><strong><a style=\"color: #f69d0b;\" href=\"https:\/\/www.instagram.com\/esplai_espurna\/\" target=\"_blank\" rel=\"noopener\">Esplai Espurna<\/a><\/strong><\/span>, l\u2019<span style=\"color: #f69d0b;\"><strong><a style=\"color: #f69d0b;\" href=\"http:\/\/esplaiturons.blogspot.com\/\" target=\"_blank\" rel=\"noopener\">Esplai Turons<\/a><\/strong><\/span> i l\u2019<span style=\"color: #f69d0b;\"><strong><a style=\"color: #f69d0b;\" href=\"https:\/\/www.totikap.com\/\" target=\"_blank\" rel=\"noopener\">Esplai Totikap<\/a>.<\/strong><\/span> D\u2019aquests diferents esplais, 17 persones s\u2019han encarregat de les formacions i 45 joves i premonis les rebien.<\/span><\/p>\n<p><span style=\"font-weight: 400;\">Com en els dos cursos anteriors, aquest any s\u2019ha continuat apostant per realitzar el CIM en un terreny d\u2019acampada del c\u00e0mping <\/span><i><span style=\"font-weight: 400;\">El Pasqualet<\/span><\/i><span style=\"font-weight: 400;\">, a Caldes de Montbui. \u00c9s un terreny adaptat amb cuina, instal\u00b7laci\u00f3 el\u00e8ctrica i aixopluc, fet que ha facilitat la realitzaci\u00f3 de l\u2019activitat.<\/span><\/p>\n<p><span style=\"font-weight: 400;\">Durant el cap de setmana s\u2019han realitzat tres <strong>formacions i diversos espais de coneixen\u00e7a i cohesi\u00f3<\/strong>. Les tres formacions que s\u2019han fet han estat \u201c<strong>Pedagogia<\/strong>\u201d, on s\u2019ha parlat de temes que generen debat en l\u2019\u00e0mbit pedag\u00f2gic com la participaci\u00f3 infantil, els l\u00edmits i la gesti\u00f3 dels conflictes; \u201c<strong>Qu\u00e8 \u00e9s l\u2019esplai?<\/strong>\u201d, on s\u2019ha explicat la hist\u00f2ria dels esplais i dels moviments educatius, aix\u00ed com les bases ideol\u00f2giques d\u2019Esplac; i \u201c<strong>Organitzaci\u00f3<\/strong>\u201d, on s\u2019ha treballat l\u2019assemblearisme i l\u2019organitzaci\u00f3 interna. Per\u00a0 culminar l\u2019activitat i fer un tancament de l\u2019espai, el diumenge s\u2019ha fet un dinar conjunt de tancament.<\/span><\/p>\n<p><span style=\"font-weight: 400;\">El CIM \u00e9s una activitat amb un format i un seguiment consolidat al <strong>Sector Barcelona<\/strong>, on es valora molt positivament l\u2019espai formatiu i de cohesi\u00f3 de les futures generacions de monitores dels esplais. Durant el cap de setmana es comparteixen experi\u00e8ncies, dubtes i inquietuds al voltant de la tasca educativa que realitzen els esplais, generant aix\u00ed un coneixement col\u00b7lectiu molt enriquidor!<\/span><\/p>\n\n\t\t<style type=\"text\/css\">\n\t\t\t#gallery-1 {\n\t\t\t\tmargin: auto;\n\t\t\t}\n\t\t\t#gallery-1 .gallery-item {\n\t\t\t\tfloat: left;\n\t\t\t\tmargin-top: 10px;\n\t\t\t\ttext-align: center;\n\t\t\t\twidth: 50%;\n\t\t\t}\n\t\t\t#gallery-1 img {\n\t\t\t\tborder: 2px solid #cfcfcf;\n\t\t\t}\n\t\t\t#gallery-1 .gallery-caption {\n\t\t\t\tmargin-left: 0;\n\t\t\t}\n\t\t\t\/* see gallery_shortcode() in wp-includes\/media.php *\/\n\t\t<\/style>\n\t\t<div id='gallery-1' class='gallery galleryid-47335 gallery-columns-2 gallery-size-fusion-600'><dl class='gallery-item'>\n\t\t\t<dt class='gallery-icon landscape'>\n\t\t\t\t<a data-rel=\"iLightbox[postimages]\" data-title=\"1\" data-caption=\"\" href='https:\/\/www.esplac.cat\/es\/1-44-2\/'><img decoding=\"async\" width=\"600\" height=\"600\" src=\"https:\/\/www.esplac.cat\/wp-content\/uploads\/2023\/10\/1-600x600.jpg\" class=\"attachment-fusion-600 size-fusion-600\" alt=\"CIM Barcelona\" srcset=\"https:\/\/www.esplac.cat\/wp-content\/uploads\/2023\/10\/1-66x66.jpg 66w, https:\/\/www.esplac.cat\/wp-content\/uploads\/2023\/10\/1-150x150.jpg 150w, https:\/\/www.esplac.cat\/wp-content\/uploads\/2023\/10\/1-200x200.jpg 200w, https:\/\/www.esplac.cat\/wp-content\/uploads\/2023\/10\/1-300x300.jpg 300w, https:\/\/www.esplac.cat\/wp-content\/uploads\/2023\/10\/1-400x400.jpg 400w, https:\/\/www.esplac.cat\/wp-content\/uploads\/2023\/10\/1-600x600.jpg 600w, https:\/\/www.esplac.cat\/wp-content\/uploads\/2023\/10\/1-768x768.jpg 768w, https:\/\/www.esplac.cat\/wp-content\/uploads\/2023\/10\/1-800x800.jpg 800w, https:\/\/www.esplac.cat\/wp-content\/uploads\/2023\/10\/1-1024x1024.jpg 1024w, https:\/\/www.esplac.cat\/wp-content\/uploads\/2023\/10\/1.jpg 1080w\" sizes=\"(max-width: 600px) 100vw, 600px\" \/><\/a>\n\t\t\t<\/dt><\/dl><dl class='gallery-item'>\n\t\t\t<dt class='gallery-icon landscape'>\n\t\t\t\t<a data-rel=\"iLightbox[postimages]\" data-title=\"2\" data-caption=\"\" href='https:\/\/www.esplac.cat\/es\/2-59-2\/'><img decoding=\"async\" width=\"600\" height=\"600\" src=\"https:\/\/www.esplac.cat\/wp-content\/uploads\/2023\/10\/2-600x600.jpg\" class=\"attachment-fusion-600 size-fusion-600\" alt=\"CIM Barcelona\" srcset=\"https:\/\/www.esplac.cat\/wp-content\/uploads\/2023\/10\/2-66x66.jpg 66w, https:\/\/www.esplac.cat\/wp-content\/uploads\/2023\/10\/2-150x150.jpg 150w, https:\/\/www.esplac.cat\/wp-content\/uploads\/2023\/10\/2-200x200.jpg 200w, https:\/\/www.esplac.cat\/wp-content\/uploads\/2023\/10\/2-300x300.jpg 300w, https:\/\/www.esplac.cat\/wp-content\/uploads\/2023\/10\/2-400x400.jpg 400w, https:\/\/www.esplac.cat\/wp-content\/uploads\/2023\/10\/2-600x600.jpg 600w, https:\/\/www.esplac.cat\/wp-content\/uploads\/2023\/10\/2-768x768.jpg 768w, https:\/\/www.esplac.cat\/wp-content\/uploads\/2023\/10\/2-800x800.jpg 800w, https:\/\/www.esplac.cat\/wp-content\/uploads\/2023\/10\/2-1024x1024.jpg 1024w, https:\/\/www.esplac.cat\/wp-content\/uploads\/2023\/10\/2.jpg 1080w\" sizes=\"(max-width: 600px) 100vw, 600px\" \/><\/a>\n\t\t\t<\/dt><\/dl><br style=\"clear: both\" \/>\n\t\t<\/div>\n\n","protected":false},"excerpt":{"rendered":"<p>El cap de setmana del 29 de setembre a l&#8217;1 [&hellip;]<\/p>\n","protected":false},"author":3,"featured_media":47338,"comment_status":"closed","ping_status":"closed","sticky":false,"template":"","format":"standard","meta":{"om_disable_all_campaigns":false,"_monsterinsights_skip_tracking":false,"_monsterinsights_sitenote_active":false,"_monsterinsights_sitenote_note":"","_monsterinsights_sitenote_category":0,"_uf_show_specific_survey":0,"_uf_disable_surveys":false,"footnotes":""},"categories":[1110,1128],"tags":[],"class_list":["post-47335","post","type-post","status-publish","format-standard","has-post-thumbnail","hentry","category-activitats-sectors","category-sector-barcelona"],"yoast_head":"<!-- This site is optimized with the Yoast SEO plugin v27.5 - https:\/\/yoast.com\/product\/yoast-seo-wordpress\/ -->\n<title>El CIM de Barcelona ha estat un \u00e8xit! - Esplac<\/title>\n<meta name=\"description\" content=\"El Sector Barcelona han marxat a Caldes de Montbui per comen\u00e7ar el curs amb el CIM, on hi han participat 7 esplais i 45 joves i premonis.\" \/>\n<meta name=\"robots\" content=\"index, follow, max-snippet:-1, max-image-preview:large, max-video-preview:-1\" \/>\n<link rel=\"canonical\" href=\"https:\/\/www.esplac.cat\/cim-barcelona-2023\/\" \/>\n<meta property=\"og:locale\" content=\"es_ES\" \/>\n<meta property=\"og:type\" content=\"article\" \/>\n<meta property=\"og:title\" content=\"El CIM de Barcelona ha estat un \u00e8xit! - Esplac\" \/>\n<meta property=\"og:description\" content=\"El Sector Barcelona han marxat a Caldes de Montbui per comen\u00e7ar el curs amb el CIM, on hi han participat 7 esplais i 45 joves i premonis.\" \/>\n<meta property=\"og:url\" content=\"https:\/\/www.esplac.cat\/cim-barcelona-2023\/\" \/>\n<meta property=\"og:site_name\" content=\"Esplac\" \/>\n<meta property=\"article:published_time\" content=\"2023-10-04T07:28:53+00:00\" \/>\n<meta property=\"article:modified_time\" content=\"2023-10-04T07:31:25+00:00\" \/>\n<meta property=\"og:image\" content=\"https:\/\/www.esplac.cat\/wp-content\/uploads\/2023\/10\/Portades-Web.jpg\" \/>\n\t<meta property=\"og:image:width\" content=\"1697\" \/>\n\t<meta property=\"og:image:height\" content=\"700\" \/>\n\t<meta property=\"og:image:type\" content=\"image\/jpeg\" \/>\n<meta name=\"author\" content=\"Comunicaci\u00f3 Esplac\" \/>\n<meta name=\"twitter:card\" content=\"summary_large_image\" \/>\n<meta name=\"twitter:label1\" content=\"Escrito por\" \/>\n\t<meta name=\"twitter:data1\" content=\"Comunicaci\u00f3 Esplac\" \/>\n\t<meta name=\"twitter:label2\" content=\"Tiempo de lectura\" \/>\n\t<meta name=\"twitter:data2\" content=\"3 minutos\" \/>\n<script type=\"application\/ld+json\" class=\"yoast-schema-graph\">{\"@context\":\"https:\\\/\\\/schema.org\",\"@graph\":[{\"@type\":\"Article\",\"@id\":\"https:\\\/\\\/www.esplac.cat\\\/cim-barcelona-2023\\\/#article\",\"isPartOf\":{\"@id\":\"https:\\\/\\\/www.esplac.cat\\\/cim-barcelona-2023\\\/\"},\"author\":{\"name\":\"Comunicaci\u00f3 Esplac\",\"@id\":\"https:\\\/\\\/www.esplac.cat\\\/#\\\/schema\\\/person\\\/908383cf240be18b68f8855d0583faca\"},\"headline\":\"El CIM de Barcelona ha estat un \u00e8xit!\",\"datePublished\":\"2023-10-04T07:28:53+00:00\",\"dateModified\":\"2023-10-04T07:31:25+00:00\",\"mainEntityOfPage\":{\"@id\":\"https:\\\/\\\/www.esplac.cat\\\/cim-barcelona-2023\\\/\"},\"wordCount\":411,\"publisher\":{\"@id\":\"https:\\\/\\\/www.esplac.cat\\\/#organization\"},\"image\":{\"@id\":\"https:\\\/\\\/www.esplac.cat\\\/cim-barcelona-2023\\\/#primaryimage\"},\"thumbnailUrl\":\"https:\\\/\\\/www.esplac.cat\\\/wp-content\\\/uploads\\\/2023\\\/10\\\/Portades-Web.jpg\",\"articleSection\":[\"Activitats sectors\",\"Sector Barcelona\"],\"inLanguage\":\"es\"},{\"@type\":\"WebPage\",\"@id\":\"https:\\\/\\\/www.esplac.cat\\\/cim-barcelona-2023\\\/\",\"url\":\"https:\\\/\\\/www.esplac.cat\\\/cim-barcelona-2023\\\/\",\"name\":\"El CIM de Barcelona ha estat un \u00e8xit! - Esplac\",\"isPartOf\":{\"@id\":\"https:\\\/\\\/www.esplac.cat\\\/#website\"},\"primaryImageOfPage\":{\"@id\":\"https:\\\/\\\/www.esplac.cat\\\/cim-barcelona-2023\\\/#primaryimage\"},\"image\":{\"@id\":\"https:\\\/\\\/www.esplac.cat\\\/cim-barcelona-2023\\\/#primaryimage\"},\"thumbnailUrl\":\"https:\\\/\\\/www.esplac.cat\\\/wp-content\\\/uploads\\\/2023\\\/10\\\/Portades-Web.jpg\",\"datePublished\":\"2023-10-04T07:28:53+00:00\",\"dateModified\":\"2023-10-04T07:31:25+00:00\",\"description\":\"El Sector Barcelona han marxat a Caldes de Montbui per comen\u00e7ar el curs amb el CIM, on hi han participat 7 esplais i 45 joves i premonis.\",\"breadcrumb\":{\"@id\":\"https:\\\/\\\/www.esplac.cat\\\/cim-barcelona-2023\\\/#breadcrumb\"},\"inLanguage\":\"es\",\"potentialAction\":[{\"@type\":\"ReadAction\",\"target\":[\"https:\\\/\\\/www.esplac.cat\\\/cim-barcelona-2023\\\/\"]}]},{\"@type\":\"ImageObject\",\"inLanguage\":\"es\",\"@id\":\"https:\\\/\\\/www.esplac.cat\\\/cim-barcelona-2023\\\/#primaryimage\",\"url\":\"https:\\\/\\\/www.esplac.cat\\\/wp-content\\\/uploads\\\/2023\\\/10\\\/Portades-Web.jpg\",\"contentUrl\":\"https:\\\/\\\/www.esplac.cat\\\/wp-content\\\/uploads\\\/2023\\\/10\\\/Portades-Web.jpg\",\"width\":1697,\"height\":700,\"caption\":\"CIM Barcelona\"},{\"@type\":\"BreadcrumbList\",\"@id\":\"https:\\\/\\\/www.esplac.cat\\\/cim-barcelona-2023\\\/#breadcrumb\",\"itemListElement\":[{\"@type\":\"ListItem\",\"position\":1,\"name\":\"Inici\",\"item\":\"https:\\\/\\\/www.esplac.cat\\\/es\\\/\"},{\"@type\":\"ListItem\",\"position\":2,\"name\":\"El CIM de Barcelona ha estat un \u00e8xit!\"}]},{\"@type\":\"WebSite\",\"@id\":\"https:\\\/\\\/www.esplac.cat\\\/#website\",\"url\":\"https:\\\/\\\/www.esplac.cat\\\/\",\"name\":\"Esplac\",\"description\":\"Esplais Catalans\",\"publisher\":{\"@id\":\"https:\\\/\\\/www.esplac.cat\\\/#organization\"},\"potentialAction\":[{\"@type\":\"SearchAction\",\"target\":{\"@type\":\"EntryPoint\",\"urlTemplate\":\"https:\\\/\\\/www.esplac.cat\\\/?s={search_term_string}\"},\"query-input\":{\"@type\":\"PropertyValueSpecification\",\"valueRequired\":true,\"valueName\":\"search_term_string\"}}],\"inLanguage\":\"es\"},{\"@type\":\"Organization\",\"@id\":\"https:\\\/\\\/www.esplac.cat\\\/#organization\",\"name\":\"Esplac\",\"url\":\"https:\\\/\\\/www.esplac.cat\\\/\",\"logo\":{\"@type\":\"ImageObject\",\"inLanguage\":\"es\",\"@id\":\"https:\\\/\\\/www.esplac.cat\\\/#\\\/schema\\\/logo\\\/image\\\/\",\"url\":\"https:\\\/\\\/www.esplac.cat\\\/wp-content\\\/uploads\\\/2019\\\/08\\\/logox2.png\",\"contentUrl\":\"https:\\\/\\\/www.esplac.cat\\\/wp-content\\\/uploads\\\/2019\\\/08\\\/logox2.png\",\"width\":600,\"height\":295,\"caption\":\"Esplac\"},\"image\":{\"@id\":\"https:\\\/\\\/www.esplac.cat\\\/#\\\/schema\\\/logo\\\/image\\\/\"}},{\"@type\":\"Person\",\"@id\":\"https:\\\/\\\/www.esplac.cat\\\/#\\\/schema\\\/person\\\/908383cf240be18b68f8855d0583faca\",\"name\":\"Comunicaci\u00f3 Esplac\",\"image\":{\"@type\":\"ImageObject\",\"inLanguage\":\"es\",\"@id\":\"https:\\\/\\\/secure.gravatar.com\\\/avatar\\\/7a4cf8feb412a76ea4a740ca02d95b06b2907b5a6c648c2dd0a1082a093c3141?s=96&d=mm&r=g\",\"url\":\"https:\\\/\\\/secure.gravatar.com\\\/avatar\\\/7a4cf8feb412a76ea4a740ca02d95b06b2907b5a6c648c2dd0a1082a093c3141?s=96&d=mm&r=g\",\"contentUrl\":\"https:\\\/\\\/secure.gravatar.com\\\/avatar\\\/7a4cf8feb412a76ea4a740ca02d95b06b2907b5a6c648c2dd0a1082a093c3141?s=96&d=mm&r=g\",\"caption\":\"Comunicaci\u00f3 Esplac\"}}]}<\/script>\n<!-- \/ Yoast SEO plugin. -->","yoast_head_json":{"title":"El CIM de Barcelona ha estat un \u00e8xit! - Esplac","description":"El Sector Barcelona han marxat a Caldes de Montbui per comen\u00e7ar el curs amb el CIM, on hi han participat 7 esplais i 45 joves i premonis.","robots":{"index":"index","follow":"follow","max-snippet":"max-snippet:-1","max-image-preview":"max-image-preview:large","max-video-preview":"max-video-preview:-1"},"canonical":"https:\/\/www.esplac.cat\/cim-barcelona-2023\/","og_locale":"es_ES","og_type":"article","og_title":"El CIM de Barcelona ha estat un \u00e8xit! - Esplac","og_description":"El Sector Barcelona han marxat a Caldes de Montbui per comen\u00e7ar el curs amb el CIM, on hi han participat 7 esplais i 45 joves i premonis.","og_url":"https:\/\/www.esplac.cat\/cim-barcelona-2023\/","og_site_name":"Esplac","article_published_time":"2023-10-04T07:28:53+00:00","article_modified_time":"2023-10-04T07:31:25+00:00","og_image":[{"width":1697,"height":700,"url":"https:\/\/www.esplac.cat\/wp-content\/uploads\/2023\/10\/Portades-Web.jpg","type":"image\/jpeg"}],"author":"Comunicaci\u00f3 Esplac","twitter_card":"summary_large_image","twitter_misc":{"Escrito por":"Comunicaci\u00f3 Esplac","Tiempo de lectura":"3 minutos"},"schema":{"@context":"https:\/\/schema.org","@graph":[{"@type":"Article","@id":"https:\/\/www.esplac.cat\/cim-barcelona-2023\/#article","isPartOf":{"@id":"https:\/\/www.esplac.cat\/cim-barcelona-2023\/"},"author":{"name":"Comunicaci\u00f3 Esplac","@id":"https:\/\/www.esplac.cat\/#\/schema\/person\/908383cf240be18b68f8855d0583faca"},"headline":"El CIM de Barcelona ha estat un \u00e8xit!","datePublished":"2023-10-04T07:28:53+00:00","dateModified":"2023-10-04T07:31:25+00:00","mainEntityOfPage":{"@id":"https:\/\/www.esplac.cat\/cim-barcelona-2023\/"},"wordCount":411,"publisher":{"@id":"https:\/\/www.esplac.cat\/#organization"},"image":{"@id":"https:\/\/www.esplac.cat\/cim-barcelona-2023\/#primaryimage"},"thumbnailUrl":"https:\/\/www.esplac.cat\/wp-content\/uploads\/2023\/10\/Portades-Web.jpg","articleSection":["Activitats sectors","Sector Barcelona"],"inLanguage":"es"},{"@type":"WebPage","@id":"https:\/\/www.esplac.cat\/cim-barcelona-2023\/","url":"https:\/\/www.esplac.cat\/cim-barcelona-2023\/","name":"El CIM de Barcelona ha estat un \u00e8xit! - Esplac","isPartOf":{"@id":"https:\/\/www.esplac.cat\/#website"},"primaryImageOfPage":{"@id":"https:\/\/www.esplac.cat\/cim-barcelona-2023\/#primaryimage"},"image":{"@id":"https:\/\/www.esplac.cat\/cim-barcelona-2023\/#primaryimage"},"thumbnailUrl":"https:\/\/www.esplac.cat\/wp-content\/uploads\/2023\/10\/Portades-Web.jpg","datePublished":"2023-10-04T07:28:53+00:00","dateModified":"2023-10-04T07:31:25+00:00","description":"El Sector Barcelona han marxat a Caldes de Montbui per comen\u00e7ar el curs amb el CIM, on hi han participat 7 esplais i 45 joves i premonis.","breadcrumb":{"@id":"https:\/\/www.esplac.cat\/cim-barcelona-2023\/#breadcrumb"},"inLanguage":"es","potentialAction":[{"@type":"ReadAction","target":["https:\/\/www.esplac.cat\/cim-barcelona-2023\/"]}]},{"@type":"ImageObject","inLanguage":"es","@id":"https:\/\/www.esplac.cat\/cim-barcelona-2023\/#primaryimage","url":"https:\/\/www.esplac.cat\/wp-content\/uploads\/2023\/10\/Portades-Web.jpg","contentUrl":"https:\/\/www.esplac.cat\/wp-content\/uploads\/2023\/10\/Portades-Web.jpg","width":1697,"height":700,"caption":"CIM Barcelona"},{"@type":"BreadcrumbList","@id":"https:\/\/www.esplac.cat\/cim-barcelona-2023\/#breadcrumb","itemListElement":[{"@type":"ListItem","position":1,"name":"Inici","item":"https:\/\/www.esplac.cat\/es\/"},{"@type":"ListItem","position":2,"name":"El CIM de Barcelona ha estat un \u00e8xit!"}]},{"@type":"WebSite","@id":"https:\/\/www.esplac.cat\/#website","url":"https:\/\/www.esplac.cat\/","name":"Esplac","description":"Esplais Catalans","publisher":{"@id":"https:\/\/www.esplac.cat\/#organization"},"potentialAction":[{"@type":"SearchAction","target":{"@type":"EntryPoint","urlTemplate":"https:\/\/www.esplac.cat\/?s={search_term_string}"},"query-input":{"@type":"PropertyValueSpecification","valueRequired":true,"valueName":"search_term_string"}}],"inLanguage":"es"},{"@type":"Organization","@id":"https:\/\/www.esplac.cat\/#organization","name":"Esplac","url":"https:\/\/www.esplac.cat\/","logo":{"@type":"ImageObject","inLanguage":"es","@id":"https:\/\/www.esplac.cat\/#\/schema\/logo\/image\/","url":"https:\/\/www.esplac.cat\/wp-content\/uploads\/2019\/08\/logox2.png","contentUrl":"https:\/\/www.esplac.cat\/wp-content\/uploads\/2019\/08\/logox2.png","width":600,"height":295,"caption":"Esplac"},"image":{"@id":"https:\/\/www.esplac.cat\/#\/schema\/logo\/image\/"}},{"@type":"Person","@id":"https:\/\/www.esplac.cat\/#\/schema\/person\/908383cf240be18b68f8855d0583faca","name":"Comunicaci\u00f3 Esplac","image":{"@type":"ImageObject","inLanguage":"es","@id":"https:\/\/secure.gravatar.com\/avatar\/7a4cf8feb412a76ea4a740ca02d95b06b2907b5a6c648c2dd0a1082a093c3141?s=96&d=mm&r=g","url":"https:\/\/secure.gravatar.com\/avatar\/7a4cf8feb412a76ea4a740ca02d95b06b2907b5a6c648c2dd0a1082a093c3141?s=96&d=mm&r=g","contentUrl":"https:\/\/secure.gravatar.com\/avatar\/7a4cf8feb412a76ea4a740ca02d95b06b2907b5a6c648c2dd0a1082a093c3141?s=96&d=mm&r=g","caption":"Comunicaci\u00f3 Esplac"}}]}},"_links":{"self":[{"href":"https:\/\/www.esplac.cat\/es\/wp-json\/wp\/v2\/posts\/47335","targetHints":{"allow":["GET"]}}],"collection":[{"href":"https:\/\/www.esplac.cat\/es\/wp-json\/wp\/v2\/posts"}],"about":[{"href":"https:\/\/www.esplac.cat\/es\/wp-json\/wp\/v2\/types\/post"}],"author":[{"embeddable":true,"href":"https:\/\/www.esplac.cat\/es\/wp-json\/wp\/v2\/users\/3"}],"replies":[{"embeddable":true,"href":"https:\/\/www.esplac.cat\/es\/wp-json\/wp\/v2\/comments?post=47335"}],"version-history":[{"count":0,"href":"https:\/\/www.esplac.cat\/es\/wp-json\/wp\/v2\/posts\/47335\/revisions"}],"wp:featuredmedia":[{"embeddable":true,"href":"https:\/\/www.esplac.cat\/es\/wp-json\/wp\/v2\/media\/47338"}],"wp:attachment":[{"href":"https:\/\/www.esplac.cat\/es\/wp-json\/wp\/v2\/media?parent=47335"}],"wp:term":[{"taxonomy":"category","embeddable":true,"href":"https:\/\/www.esplac.cat\/es\/wp-json\/wp\/v2\/categories?post=47335"},{"taxonomy":"post_tag","embeddable":true,"href":"https:\/\/www.esplac.cat\/es\/wp-json\/wp\/v2\/tags?post=47335"}],"curies":[{"name":"wp","href":"https:\/\/api.w.org\/{rel}","templated":true}]}}