{"id":47397,"date":"2023-10-05T15:47:14","date_gmt":"2023-10-05T13:47:14","guid":{"rendered":"https:\/\/www.esplac.cat\/?p=47397"},"modified":"2023-10-05T15:48:09","modified_gmt":"2023-10-05T13:48:09","slug":"obrim-una-placa-de-coordinador-a-de-projectes-internacionals-i-secretari-a-desplais-catalans","status":"publish","type":"post","link":"https:\/\/www.esplac.cat\/es\/obrim-una-placa-de-coordinador-a-de-projectes-internacionals-i-secretari-a-desplais-catalans\/","title":{"rendered":"Obrim una pla\u00e7a de Coordinador\/a de Projectes Internacionals i Secretari\/a d&#8217;Esplais Catalans"},"content":{"rendered":"<h6><strong>A Esplais Catalans busquem Coordinador\/a de Projectes Internacionals i Secretari\/a. El termini de presentaci\u00f3 \u00e9s fins el pr\u00f2xim 19 d&#8217;octubre.\u00a0<\/strong><\/h6>\n<p><span style=\"font-weight: 300;\">Hem obert un termini per a la presentaci\u00f3 de curr\u00edculums amb l\u2019objectiu de cobrir una pla\u00e7a de Coordinador\/a de Projectes Internacionals i secretari\/a d&#8217;Esplais Catalans. El termini finalitza el dia <strong>19 d\u2019octubre de 2023<\/strong>. <\/span><\/p>\n<p><span style=\"font-weight: 300;\">Els curr\u00edculums i les cartes de motivaci\u00f3 les heu de fer arribar mitjan\u00e7ant el<strong> <a href=\"https:\/\/infoesplac.typeform.com\/to\/e5fD8kwT\" target=\"_blank\" rel=\"noopener\">seg\u00fcent formulari<\/a><\/strong>.<\/span><\/p>\n<p><strong>Funcions:<\/strong><\/p>\n<p><span style=\"text-decoration: underline;\">Tasques de Coordinador\/a de Projectes Internacionals:<\/span><\/p>\n<ul>\n<li style=\"font-weight: 300;\" aria-level=\"1\"><span style=\"font-weight: 300;\">Coordinar i desenvolupar el suport associatiu i pedag\u00f2gic als esplais en temes internacionals.<\/span><\/li>\n<li style=\"font-weight: 300;\" aria-level=\"1\"><span style=\"font-weight: 300;\">Suport als coordinadors\/es de projectes dels sectors en la tem\u00e0tica internacional.<\/span><\/li>\n<li style=\"font-weight: 300;\" aria-level=\"1\"><span style=\"font-weight: 300;\">Coordinar i assistir a l&#8217;espai de coordinaci\u00f3 internacional.<\/span><\/li>\n<li style=\"font-weight: 300;\" aria-level=\"1\"><span style=\"font-weight: 300;\">Suport al funcionament, activitats i projectes definits en el Pla de Treball en l&#8217;\u00e0rea internacional incloent la redacci\u00f3, seguiment, avaluaci\u00f3 i justificaci\u00f3 de les subvencions de projectes d&#8217;internacional.<\/span><\/li>\n<li style=\"font-weight: 300;\" aria-level=\"1\"><span style=\"font-weight: 300;\">Redacci\u00f3, seguiment i avaluaci\u00f3 dels projectes definits en el Pla de Treball d&#8217;Esplais Catalans.<\/span><\/li>\n<li style=\"font-weight: 300;\" aria-level=\"1\"><span style=\"font-weight: 300;\">Coordinaci\u00f3 amb la Secretaria T\u00e8cnica per a les funcions assignades i d&#8217;altres que puguin sorgir com part de l&#8217;equip.<\/span><\/li>\n<\/ul>\n<p><span style=\"text-decoration: underline;\">Tasques de secretaria i de suport a l\u2019organitzaci\u00f3:<\/span><\/p>\n<ul>\n<li style=\"font-weight: 300;\" aria-level=\"1\"><span style=\"font-weight: 300;\">Recepci\u00f3 de l\u2019oficina: control d&#8217;acc\u00e9s i atenci\u00f3 a les persones (esplais, socis, prove\u00efdors, personal de neteja, missatgeria, visites i atenci\u00f3 telef\u00f2nica).<\/span><\/li>\n<li style=\"font-weight: 300;\" aria-level=\"1\"><span style=\"font-weight: 300;\">Manteniment de l\u2019oficina: ordre i gesti\u00f3 dels diferents espais de l\u2019oficina, arxiu i emmagatzematge de documentaci\u00f3 i control de bases de dades i inventaris.<\/span><\/li>\n<li style=\"font-weight: 300;\" aria-level=\"1\"><span style=\"font-weight: 300;\">Gesti\u00f3 de compres: bitllets de transports, material d&#8217;oficina, reserves d\u2019allotjaments, menjar per esdeveniments&#8230;<\/span><\/li>\n<li style=\"font-weight: 300;\" aria-level=\"1\"><span style=\"font-weight: 300;\">Gesti\u00f3 i organitzaci\u00f3 del calendari administratiu d\u2019Esplais Catalans.<\/span><\/li>\n<li style=\"font-weight: 300;\" aria-level=\"1\"><span style=\"font-weight: 300;\">Tasques de suport a la Coordinaci\u00f3 T\u00e8cnica com ara, impressi\u00f3 de documentaci\u00f3, informes, actes, mem\u00f2ries, cerca de pressupostos, contractaci\u00f3 de prove\u00efdors.<\/span><\/li>\n<li style=\"font-weight: 300;\" aria-level=\"1\"><span style=\"font-weight: 300;\">Coordinaci\u00f3 amb la Coordinaci\u00f3 T\u00e8cnica per a les funcions assignades i d&#8217;altres projectes que puguin sorgir.<\/span><\/li>\n<li style=\"font-weight: 300;\" aria-level=\"1\"><span style=\"font-weight: 300;\">Tr\u00e0mits amb el departament de Just\u00edcia, l\u2019Ag\u00e8ncia Tribut\u00e0ria.<\/span><\/li>\n<li style=\"font-weight: 300;\" aria-level=\"1\"><span style=\"font-weight: 300;\">Suport als esplais en tasques administratives.<\/span><\/li>\n<li style=\"font-weight: 300;\" aria-level=\"1\"><span style=\"font-weight: 300;\">Coordinaci\u00f3 i suport amb l\u2019\u00e0rea de comptabilitat.<\/span><\/li>\n<\/ul>\n<p><strong>Es demana:<\/strong><\/p>\n<ul>\n<li style=\"font-weight: 300;\" aria-level=\"1\"><span style=\"font-weight: 300;\">Titulaci\u00f3 universit\u00e0ria en el camp de l\u2019educaci\u00f3 i\/o social o en proc\u00e9s d&#8217;obtenir-la.<\/span><\/li>\n<li style=\"font-weight: 300;\" aria-level=\"1\"><span style=\"font-weight: 300;\">Tenir menys de 30 anys.<\/span><\/li>\n<li style=\"font-weight: 300;\" aria-level=\"1\"><span style=\"font-weight: 300;\">Nivell alt de catal\u00e0, castell\u00e0 i angl\u00e8s.<\/span><\/li>\n<li style=\"font-weight: 300;\" aria-level=\"1\"><span style=\"font-weight: 300;\">Compet\u00e8ncia escrita: redacci\u00f3 de correus, mem\u00f2ries, informes i altra documentaci\u00f3.<\/span><\/li>\n<li style=\"font-weight: 300;\" aria-level=\"1\"><span style=\"font-weight: 300;\">Alt domini del paquet office, correu electr\u00f2nic, Google Apps.<\/span><\/li>\n<li style=\"font-weight: 300;\" aria-level=\"1\"><span style=\"font-weight: 300;\">Capacitat d&#8217;organitzaci\u00f3, gesti\u00f3 del temps, treball en equip, autonomia personal, flexibilitat i adaptabilitat.<\/span><\/li>\n<li style=\"font-weight: 300;\" aria-level=\"1\"><span style=\"font-weight: 300;\">Coneixement i experi\u00e8ncia en l&#8217;\u00e0mbit de l&#8217;associacionisme educatiu i els esplais.\u00a0<\/span><\/li>\n<li style=\"font-weight: 400;\" aria-level=\"1\"><span style=\"font-weight: 300;\">Coneixement de l&#8217;elaboraci\u00f3 de projectes, mem\u00f2ries i altra documentaci\u00f3.<\/span><\/li>\n<li style=\"font-weight: 400;\" aria-level=\"1\"><span style=\"font-weight: 300;\">Coneixement de l&#8217;elaboraci\u00f3 projectes Europeus Erasmus + i altres fonts de finan\u00e7ament internacional.<\/span><\/li>\n<\/ul>\n<p><strong>Es valorar\u00e0:<\/strong><\/p>\n<ul>\n<li style=\"font-weight: 300;\" aria-level=\"1\"><span style=\"font-weight: 300;\">Coneixement en temes espec\u00edfics relacionats amb el projecte educatiu d&#8217;Esplac.<\/span><\/li>\n<li style=\"font-weight: 300;\" aria-level=\"1\"><span style=\"font-weight: 300;\">Experi\u00e8ncia en les funcions descrites.<\/span><\/li>\n<li style=\"font-weight: 300;\" aria-level=\"1\"><span style=\"font-weight: 300;\">Coneixement de treball per projectes.<\/span><\/li>\n<li style=\"font-weight: 300;\" aria-level=\"1\"><span style=\"font-weight: 300;\">Coneixement d\u2019altres idiomes.<\/span><\/li>\n<li style=\"font-weight: 300;\" aria-level=\"1\"><span style=\"font-weight: 300;\">Flexibilitat i capacitat d&#8217;adaptaci\u00f3.<\/span><\/li>\n<li style=\"font-weight: 300;\" aria-level=\"1\"><span style=\"font-weight: 300;\">Carnet de conduir i vehicle propi.<\/span><\/li>\n<\/ul>\n<p><strong>Condicions laborals:<\/strong><\/p>\n<ul>\n<li style=\"font-weight: 300;\" aria-level=\"1\"><span style=\"font-weight: 300;\">Contracte de 35 hores setmanals de dilluns a divendres.<\/span><\/li>\n<li style=\"font-weight: 300;\" aria-level=\"1\"><span style=\"font-weight: 300;\">Sou segons l\u2019escala salarial de l\u2019entitat (19.961,29 \u20ac bruts anuals).<\/span><\/li>\n<li style=\"font-weight: 300;\" aria-level=\"1\"><span style=\"font-weight: 300;\">Incorporaci\u00f3 immediata.<\/span><\/li>\n<li style=\"font-weight: 300;\" aria-level=\"1\"><span style=\"font-weight: 300;\">Lloc de treball habitual: Barcelona.<\/span><\/li>\n<\/ul>\n<p>Podeu consultar <strong><a href=\"https:\/\/www.esplac.cat\/wp-content\/uploads\/2023\/10\/Convocatoria_InterAdmin_Esplac_2023-1.pdf\" target=\"_blank\" rel=\"noopener\">aqu\u00ed<\/a><\/strong> la convocat\u00f2ria al complet.<\/p>\n","protected":false},"excerpt":{"rendered":"<p>A Esplais Catalans busquem Coordinador\/a de Projectes Internacionals i Secretari\/a. [&hellip;]<\/p>\n","protected":false},"author":3,"featured_media":47401,"comment_status":"closed","ping_status":"closed","sticky":false,"template":"","format":"standard","meta":{"om_disable_all_campaigns":false,"_monsterinsights_skip_tracking":false,"_monsterinsights_sitenote_active":false,"_monsterinsights_sitenote_note":"","_monsterinsights_sitenote_category":0,"_uf_show_specific_survey":0,"_uf_disable_surveys":false,"footnotes":""},"categories":[1116,1396],"tags":[],"class_list":["post-47397","post","type-post","status-publish","format-standard","has-post-thumbnail","hentry","category-secretaria-esplac","category-socies"],"yoast_head":"<!-- This site is optimized with the Yoast SEO plugin v27.5 - https:\/\/yoast.com\/product\/yoast-seo-wordpress\/ -->\n<title>Obrim una pla\u00e7a de Coordinador\/a de Projectes Internacionals i Secretari\/a d&#039;Esplais Catalans - Esplac<\/title>\n<meta name=\"robots\" content=\"index, follow, max-snippet:-1, max-image-preview:large, max-video-preview:-1\" \/>\n<link rel=\"canonical\" href=\"https:\/\/www.esplac.cat\/obrim-una-placa-de-coordinador-a-de-projectes-internacionals-i-secretari-a-desplais-catalans\/\" \/>\n<meta property=\"og:locale\" content=\"es_ES\" \/>\n<meta property=\"og:type\" content=\"article\" \/>\n<meta property=\"og:title\" content=\"Obrim una pla\u00e7a de Coordinador\/a de Projectes Internacionals i Secretari\/a d&#039;Esplais Catalans - Esplac\" \/>\n<meta property=\"og:description\" content=\"A Esplais Catalans busquem Coordinador\/a de Projectes Internacionals i Secretari\/a. [&hellip;]\" \/>\n<meta property=\"og:url\" content=\"https:\/\/www.esplac.cat\/obrim-una-placa-de-coordinador-a-de-projectes-internacionals-i-secretari-a-desplais-catalans\/\" \/>\n<meta property=\"og:site_name\" content=\"Esplac\" \/>\n<meta property=\"article:published_time\" content=\"2023-10-05T13:47:14+00:00\" \/>\n<meta property=\"article:modified_time\" content=\"2023-10-05T13:48:09+00:00\" \/>\n<meta property=\"og:image\" content=\"https:\/\/www.esplac.cat\/wp-content\/uploads\/2023\/10\/1-2.jpg\" \/>\n\t<meta property=\"og:image:width\" content=\"1694\" \/>\n\t<meta property=\"og:image:height\" content=\"700\" \/>\n\t<meta property=\"og:image:type\" content=\"image\/jpeg\" \/>\n<meta name=\"author\" content=\"Comunicaci\u00f3 Esplac\" \/>\n<meta name=\"twitter:card\" content=\"summary_large_image\" \/>\n<meta name=\"twitter:label1\" content=\"Escrito por\" \/>\n\t<meta name=\"twitter:data1\" content=\"Comunicaci\u00f3 Esplac\" \/>\n\t<meta name=\"twitter:label2\" content=\"Tiempo de lectura\" \/>\n\t<meta name=\"twitter:data2\" content=\"3 minutos\" \/>\n<script type=\"application\/ld+json\" class=\"yoast-schema-graph\">{\"@context\":\"https:\\\/\\\/schema.org\",\"@graph\":[{\"@type\":\"Article\",\"@id\":\"https:\\\/\\\/www.esplac.cat\\\/obrim-una-placa-de-coordinador-a-de-projectes-internacionals-i-secretari-a-desplais-catalans\\\/#article\",\"isPartOf\":{\"@id\":\"https:\\\/\\\/www.esplac.cat\\\/obrim-una-placa-de-coordinador-a-de-projectes-internacionals-i-secretari-a-desplais-catalans\\\/\"},\"author\":{\"name\":\"Comunicaci\u00f3 Esplac\",\"@id\":\"https:\\\/\\\/www.esplac.cat\\\/#\\\/schema\\\/person\\\/908383cf240be18b68f8855d0583faca\"},\"headline\":\"Obrim una pla\u00e7a de Coordinador\\\/a de Projectes Internacionals i Secretari\\\/a d&#8217;Esplais Catalans\",\"datePublished\":\"2023-10-05T13:47:14+00:00\",\"dateModified\":\"2023-10-05T13:48:09+00:00\",\"mainEntityOfPage\":{\"@id\":\"https:\\\/\\\/www.esplac.cat\\\/obrim-una-placa-de-coordinador-a-de-projectes-internacionals-i-secretari-a-desplais-catalans\\\/\"},\"wordCount\":544,\"publisher\":{\"@id\":\"https:\\\/\\\/www.esplac.cat\\\/#organization\"},\"image\":{\"@id\":\"https:\\\/\\\/www.esplac.cat\\\/obrim-una-placa-de-coordinador-a-de-projectes-internacionals-i-secretari-a-desplais-catalans\\\/#primaryimage\"},\"thumbnailUrl\":\"https:\\\/\\\/www.esplac.cat\\\/wp-content\\\/uploads\\\/2023\\\/10\\\/1-2.jpg\",\"articleSection\":[\"Secretaria T\u00e8cnica\",\"S\u00f2cies\"],\"inLanguage\":\"es\"},{\"@type\":\"WebPage\",\"@id\":\"https:\\\/\\\/www.esplac.cat\\\/obrim-una-placa-de-coordinador-a-de-projectes-internacionals-i-secretari-a-desplais-catalans\\\/\",\"url\":\"https:\\\/\\\/www.esplac.cat\\\/obrim-una-placa-de-coordinador-a-de-projectes-internacionals-i-secretari-a-desplais-catalans\\\/\",\"name\":\"Obrim una pla\u00e7a de Coordinador\\\/a de Projectes Internacionals i Secretari\\\/a d'Esplais Catalans - Esplac\",\"isPartOf\":{\"@id\":\"https:\\\/\\\/www.esplac.cat\\\/#website\"},\"primaryImageOfPage\":{\"@id\":\"https:\\\/\\\/www.esplac.cat\\\/obrim-una-placa-de-coordinador-a-de-projectes-internacionals-i-secretari-a-desplais-catalans\\\/#primaryimage\"},\"image\":{\"@id\":\"https:\\\/\\\/www.esplac.cat\\\/obrim-una-placa-de-coordinador-a-de-projectes-internacionals-i-secretari-a-desplais-catalans\\\/#primaryimage\"},\"thumbnailUrl\":\"https:\\\/\\\/www.esplac.cat\\\/wp-content\\\/uploads\\\/2023\\\/10\\\/1-2.jpg\",\"datePublished\":\"2023-10-05T13:47:14+00:00\",\"dateModified\":\"2023-10-05T13:48:09+00:00\",\"breadcrumb\":{\"@id\":\"https:\\\/\\\/www.esplac.cat\\\/obrim-una-placa-de-coordinador-a-de-projectes-internacionals-i-secretari-a-desplais-catalans\\\/#breadcrumb\"},\"inLanguage\":\"es\",\"potentialAction\":[{\"@type\":\"ReadAction\",\"target\":[\"https:\\\/\\\/www.esplac.cat\\\/obrim-una-placa-de-coordinador-a-de-projectes-internacionals-i-secretari-a-desplais-catalans\\\/\"]}]},{\"@type\":\"ImageObject\",\"inLanguage\":\"es\",\"@id\":\"https:\\\/\\\/www.esplac.cat\\\/obrim-una-placa-de-coordinador-a-de-projectes-internacionals-i-secretari-a-desplais-catalans\\\/#primaryimage\",\"url\":\"https:\\\/\\\/www.esplac.cat\\\/wp-content\\\/uploads\\\/2023\\\/10\\\/1-2.jpg\",\"contentUrl\":\"https:\\\/\\\/www.esplac.cat\\\/wp-content\\\/uploads\\\/2023\\\/10\\\/1-2.jpg\",\"width\":1694,\"height\":700},{\"@type\":\"BreadcrumbList\",\"@id\":\"https:\\\/\\\/www.esplac.cat\\\/obrim-una-placa-de-coordinador-a-de-projectes-internacionals-i-secretari-a-desplais-catalans\\\/#breadcrumb\",\"itemListElement\":[{\"@type\":\"ListItem\",\"position\":1,\"name\":\"Inici\",\"item\":\"https:\\\/\\\/www.esplac.cat\\\/es\\\/\"},{\"@type\":\"ListItem\",\"position\":2,\"name\":\"Obrim una pla\u00e7a de Coordinador\\\/a de Projectes Internacionals i Secretari\\\/a d&#8217;Esplais Catalans\"}]},{\"@type\":\"WebSite\",\"@id\":\"https:\\\/\\\/www.esplac.cat\\\/#website\",\"url\":\"https:\\\/\\\/www.esplac.cat\\\/\",\"name\":\"Esplac\",\"description\":\"Esplais Catalans\",\"publisher\":{\"@id\":\"https:\\\/\\\/www.esplac.cat\\\/#organization\"},\"potentialAction\":[{\"@type\":\"SearchAction\",\"target\":{\"@type\":\"EntryPoint\",\"urlTemplate\":\"https:\\\/\\\/www.esplac.cat\\\/?s={search_term_string}\"},\"query-input\":{\"@type\":\"PropertyValueSpecification\",\"valueRequired\":true,\"valueName\":\"search_term_string\"}}],\"inLanguage\":\"es\"},{\"@type\":\"Organization\",\"@id\":\"https:\\\/\\\/www.esplac.cat\\\/#organization\",\"name\":\"Esplac\",\"url\":\"https:\\\/\\\/www.esplac.cat\\\/\",\"logo\":{\"@type\":\"ImageObject\",\"inLanguage\":\"es\",\"@id\":\"https:\\\/\\\/www.esplac.cat\\\/#\\\/schema\\\/logo\\\/image\\\/\",\"url\":\"https:\\\/\\\/www.esplac.cat\\\/wp-content\\\/uploads\\\/2019\\\/08\\\/logox2.png\",\"contentUrl\":\"https:\\\/\\\/www.esplac.cat\\\/wp-content\\\/uploads\\\/2019\\\/08\\\/logox2.png\",\"width\":600,\"height\":295,\"caption\":\"Esplac\"},\"image\":{\"@id\":\"https:\\\/\\\/www.esplac.cat\\\/#\\\/schema\\\/logo\\\/image\\\/\"}},{\"@type\":\"Person\",\"@id\":\"https:\\\/\\\/www.esplac.cat\\\/#\\\/schema\\\/person\\\/908383cf240be18b68f8855d0583faca\",\"name\":\"Comunicaci\u00f3 Esplac\",\"image\":{\"@type\":\"ImageObject\",\"inLanguage\":\"es\",\"@id\":\"https:\\\/\\\/secure.gravatar.com\\\/avatar\\\/7a4cf8feb412a76ea4a740ca02d95b06b2907b5a6c648c2dd0a1082a093c3141?s=96&d=mm&r=g\",\"url\":\"https:\\\/\\\/secure.gravatar.com\\\/avatar\\\/7a4cf8feb412a76ea4a740ca02d95b06b2907b5a6c648c2dd0a1082a093c3141?s=96&d=mm&r=g\",\"contentUrl\":\"https:\\\/\\\/secure.gravatar.com\\\/avatar\\\/7a4cf8feb412a76ea4a740ca02d95b06b2907b5a6c648c2dd0a1082a093c3141?s=96&d=mm&r=g\",\"caption\":\"Comunicaci\u00f3 Esplac\"}}]}<\/script>\n<!-- \/ Yoast SEO plugin. -->","yoast_head_json":{"title":"Obrim una pla\u00e7a de Coordinador\/a de Projectes Internacionals i Secretari\/a d'Esplais Catalans - Esplac","robots":{"index":"index","follow":"follow","max-snippet":"max-snippet:-1","max-image-preview":"max-image-preview:large","max-video-preview":"max-video-preview:-1"},"canonical":"https:\/\/www.esplac.cat\/obrim-una-placa-de-coordinador-a-de-projectes-internacionals-i-secretari-a-desplais-catalans\/","og_locale":"es_ES","og_type":"article","og_title":"Obrim una pla\u00e7a de Coordinador\/a de Projectes Internacionals i Secretari\/a d'Esplais Catalans - Esplac","og_description":"A Esplais Catalans busquem Coordinador\/a de Projectes Internacionals i Secretari\/a. [&hellip;]","og_url":"https:\/\/www.esplac.cat\/obrim-una-placa-de-coordinador-a-de-projectes-internacionals-i-secretari-a-desplais-catalans\/","og_site_name":"Esplac","article_published_time":"2023-10-05T13:47:14+00:00","article_modified_time":"2023-10-05T13:48:09+00:00","og_image":[{"width":1694,"height":700,"url":"https:\/\/www.esplac.cat\/wp-content\/uploads\/2023\/10\/1-2.jpg","type":"image\/jpeg"}],"author":"Comunicaci\u00f3 Esplac","twitter_card":"summary_large_image","twitter_misc":{"Escrito por":"Comunicaci\u00f3 Esplac","Tiempo de lectura":"3 minutos"},"schema":{"@context":"https:\/\/schema.org","@graph":[{"@type":"Article","@id":"https:\/\/www.esplac.cat\/obrim-una-placa-de-coordinador-a-de-projectes-internacionals-i-secretari-a-desplais-catalans\/#article","isPartOf":{"@id":"https:\/\/www.esplac.cat\/obrim-una-placa-de-coordinador-a-de-projectes-internacionals-i-secretari-a-desplais-catalans\/"},"author":{"name":"Comunicaci\u00f3 Esplac","@id":"https:\/\/www.esplac.cat\/#\/schema\/person\/908383cf240be18b68f8855d0583faca"},"headline":"Obrim una pla\u00e7a de Coordinador\/a de Projectes Internacionals i Secretari\/a d&#8217;Esplais Catalans","datePublished":"2023-10-05T13:47:14+00:00","dateModified":"2023-10-05T13:48:09+00:00","mainEntityOfPage":{"@id":"https:\/\/www.esplac.cat\/obrim-una-placa-de-coordinador-a-de-projectes-internacionals-i-secretari-a-desplais-catalans\/"},"wordCount":544,"publisher":{"@id":"https:\/\/www.esplac.cat\/#organization"},"image":{"@id":"https:\/\/www.esplac.cat\/obrim-una-placa-de-coordinador-a-de-projectes-internacionals-i-secretari-a-desplais-catalans\/#primaryimage"},"thumbnailUrl":"https:\/\/www.esplac.cat\/wp-content\/uploads\/2023\/10\/1-2.jpg","articleSection":["Secretaria T\u00e8cnica","S\u00f2cies"],"inLanguage":"es"},{"@type":"WebPage","@id":"https:\/\/www.esplac.cat\/obrim-una-placa-de-coordinador-a-de-projectes-internacionals-i-secretari-a-desplais-catalans\/","url":"https:\/\/www.esplac.cat\/obrim-una-placa-de-coordinador-a-de-projectes-internacionals-i-secretari-a-desplais-catalans\/","name":"Obrim una pla\u00e7a de Coordinador\/a de Projectes Internacionals i Secretari\/a d'Esplais Catalans - Esplac","isPartOf":{"@id":"https:\/\/www.esplac.cat\/#website"},"primaryImageOfPage":{"@id":"https:\/\/www.esplac.cat\/obrim-una-placa-de-coordinador-a-de-projectes-internacionals-i-secretari-a-desplais-catalans\/#primaryimage"},"image":{"@id":"https:\/\/www.esplac.cat\/obrim-una-placa-de-coordinador-a-de-projectes-internacionals-i-secretari-a-desplais-catalans\/#primaryimage"},"thumbnailUrl":"https:\/\/www.esplac.cat\/wp-content\/uploads\/2023\/10\/1-2.jpg","datePublished":"2023-10-05T13:47:14+00:00","dateModified":"2023-10-05T13:48:09+00:00","breadcrumb":{"@id":"https:\/\/www.esplac.cat\/obrim-una-placa-de-coordinador-a-de-projectes-internacionals-i-secretari-a-desplais-catalans\/#breadcrumb"},"inLanguage":"es","potentialAction":[{"@type":"ReadAction","target":["https:\/\/www.esplac.cat\/obrim-una-placa-de-coordinador-a-de-projectes-internacionals-i-secretari-a-desplais-catalans\/"]}]},{"@type":"ImageObject","inLanguage":"es","@id":"https:\/\/www.esplac.cat\/obrim-una-placa-de-coordinador-a-de-projectes-internacionals-i-secretari-a-desplais-catalans\/#primaryimage","url":"https:\/\/www.esplac.cat\/wp-content\/uploads\/2023\/10\/1-2.jpg","contentUrl":"https:\/\/www.esplac.cat\/wp-content\/uploads\/2023\/10\/1-2.jpg","width":1694,"height":700},{"@type":"BreadcrumbList","@id":"https:\/\/www.esplac.cat\/obrim-una-placa-de-coordinador-a-de-projectes-internacionals-i-secretari-a-desplais-catalans\/#breadcrumb","itemListElement":[{"@type":"ListItem","position":1,"name":"Inici","item":"https:\/\/www.esplac.cat\/es\/"},{"@type":"ListItem","position":2,"name":"Obrim una pla\u00e7a de Coordinador\/a de Projectes Internacionals i Secretari\/a d&#8217;Esplais Catalans"}]},{"@type":"WebSite","@id":"https:\/\/www.esplac.cat\/#website","url":"https:\/\/www.esplac.cat\/","name":"Esplac","description":"Esplais Catalans","publisher":{"@id":"https:\/\/www.esplac.cat\/#organization"},"potentialAction":[{"@type":"SearchAction","target":{"@type":"EntryPoint","urlTemplate":"https:\/\/www.esplac.cat\/?s={search_term_string}"},"query-input":{"@type":"PropertyValueSpecification","valueRequired":true,"valueName":"search_term_string"}}],"inLanguage":"es"},{"@type":"Organization","@id":"https:\/\/www.esplac.cat\/#organization","name":"Esplac","url":"https:\/\/www.esplac.cat\/","logo":{"@type":"ImageObject","inLanguage":"es","@id":"https:\/\/www.esplac.cat\/#\/schema\/logo\/image\/","url":"https:\/\/www.esplac.cat\/wp-content\/uploads\/2019\/08\/logox2.png","contentUrl":"https:\/\/www.esplac.cat\/wp-content\/uploads\/2019\/08\/logox2.png","width":600,"height":295,"caption":"Esplac"},"image":{"@id":"https:\/\/www.esplac.cat\/#\/schema\/logo\/image\/"}},{"@type":"Person","@id":"https:\/\/www.esplac.cat\/#\/schema\/person\/908383cf240be18b68f8855d0583faca","name":"Comunicaci\u00f3 Esplac","image":{"@type":"ImageObject","inLanguage":"es","@id":"https:\/\/secure.gravatar.com\/avatar\/7a4cf8feb412a76ea4a740ca02d95b06b2907b5a6c648c2dd0a1082a093c3141?s=96&d=mm&r=g","url":"https:\/\/secure.gravatar.com\/avatar\/7a4cf8feb412a76ea4a740ca02d95b06b2907b5a6c648c2dd0a1082a093c3141?s=96&d=mm&r=g","contentUrl":"https:\/\/secure.gravatar.com\/avatar\/7a4cf8feb412a76ea4a740ca02d95b06b2907b5a6c648c2dd0a1082a093c3141?s=96&d=mm&r=g","caption":"Comunicaci\u00f3 Esplac"}}]}},"_links":{"self":[{"href":"https:\/\/www.esplac.cat\/es\/wp-json\/wp\/v2\/posts\/47397","targetHints":{"allow":["GET"]}}],"collection":[{"href":"https:\/\/www.esplac.cat\/es\/wp-json\/wp\/v2\/posts"}],"about":[{"href":"https:\/\/www.esplac.cat\/es\/wp-json\/wp\/v2\/types\/post"}],"author":[{"embeddable":true,"href":"https:\/\/www.esplac.cat\/es\/wp-json\/wp\/v2\/users\/3"}],"replies":[{"embeddable":true,"href":"https:\/\/www.esplac.cat\/es\/wp-json\/wp\/v2\/comments?post=47397"}],"version-history":[{"count":0,"href":"https:\/\/www.esplac.cat\/es\/wp-json\/wp\/v2\/posts\/47397\/revisions"}],"wp:featuredmedia":[{"embeddable":true,"href":"https:\/\/www.esplac.cat\/es\/wp-json\/wp\/v2\/media\/47401"}],"wp:attachment":[{"href":"https:\/\/www.esplac.cat\/es\/wp-json\/wp\/v2\/media?parent=47397"}],"wp:term":[{"taxonomy":"category","embeddable":true,"href":"https:\/\/www.esplac.cat\/es\/wp-json\/wp\/v2\/categories?post=47397"},{"taxonomy":"post_tag","embeddable":true,"href":"https:\/\/www.esplac.cat\/es\/wp-json\/wp\/v2\/tags?post=47397"}],"curies":[{"name":"wp","href":"https:\/\/api.w.org\/{rel}","templated":true}]}}