{"id":47409,"date":"2023-10-05T15:47:14","date_gmt":"2023-10-05T13:47:14","guid":{"rendered":"https:\/\/www.esplac.cat\/obrim-una-placa-de-coordinador-a-de-projectes-internacionals-i-secretari-a-desplais-catalans-2\/"},"modified":"2023-10-16T09:58:08","modified_gmt":"2023-10-16T07:58:08","slug":"obrim-una-placa-de-coordinador-a-de-projectes-baix-beses-valles-oriental","status":"publish","type":"post","link":"https:\/\/www.esplac.cat\/es\/obrim-una-placa-de-coordinador-a-de-projectes-baix-beses-valles-oriental\/","title":{"rendered":"Oferta laboral: busquem Coordinador\/a de Projectes dels sectors geogr\u00e0fics Vall\u00e8s Oriental i Baix Bes\u00f2s"},"content":{"rendered":"<h6><strong>A Esplais Catalans busquem Coordinador\/a de Projectes dels sectors Baix Bes\u00f2s i Vall\u00e8s Oriental. El termini de presentaci\u00f3 de candidatures finalitza el dia <b>23 d\u2019octubre.<\/b><\/strong><\/h6>\n<p>Hem obert un termini per a la presentaci\u00f3 de curr\u00edculums amb l\u2019objectiu de cobrir una pla\u00e7a de Coordinador\/a de Projectes dels sectors geogr\u00e0fics del Vall\u00e8s Oriental i del Baix Bes\u00f2s d\u2019Esplais Catalans.<\/p>\n<p><span style=\"font-weight: 300;\">El termini finalitza el dia <\/span><b>23 d\u2019octubre.<\/b><\/p>\n<p><span style=\"font-weight: 300;\">Els curr\u00edculums i les cartes de motivaci\u00f3 les heu de fer arribar mitjan\u00e7ant el <strong><a href=\"https:\/\/infoesplac.typeform.com\/to\/XL0V7mab\" target=\"_blank\" rel=\"noopener\">seg\u00fcent formulari<\/a><\/strong>.<\/span><span style=\"font-weight: 300;\">\u00a0<\/span><\/p>\n<p><b>Funcions:<\/b><\/p>\n<ul>\n<li><span style=\"font-weight: 300;\">Coordinar i desenvolupar el suport associatiu i pedag\u00f2gic als esplais.<\/span><\/li>\n<li style=\"font-weight: 300;\" aria-level=\"1\"><span style=\"font-weight: 300;\">Assistir a les reunions de sector i a les de l&#8217;Equip General del Sector que s&#8217;escaiguin.<\/span><\/li>\n<li style=\"font-weight: 300;\" aria-level=\"1\"><span style=\"font-weight: 300;\">Suport al funcionament, activitats i projectes definits en el Pla de Treball del Sectors geogr\u00e0fics.<\/span><\/li>\n<li style=\"font-weight: 300;\" aria-level=\"1\"><span style=\"font-weight: 300;\">Redacci\u00f3, seguiment i avaluaci\u00f3 dels projectes definits en el Pla de Treball d&#8217;Esplais Catalans.<\/span><\/li>\n<li style=\"font-weight: 300;\" aria-level=\"1\"><span style=\"font-weight: 300;\">Coordinaci\u00f3 amb la Secretaria T\u00e8cnica per a les funcions assignades i d&#8217;altres que puguin sorgir com part de l&#8217;equip.<\/span><\/li>\n<\/ul>\n<p><b>Es demana:<\/b><b><br \/>\n<\/b><\/p>\n<ul>\n<li style=\"font-weight: 300;\" aria-level=\"1\"><span style=\"font-weight: 300;\">Titulaci\u00f3 universit\u00e0ria en el camp de l\u2019educaci\u00f3 i\/o social o en proc\u00e9s d&#8217;obtenir-la.<\/span><\/li>\n<li style=\"font-weight: 300;\" aria-level=\"1\"><span style=\"font-weight: 300;\">T\u00edtol de Director\/a d\u2019entitats de lleure infantil i juvenil.<\/span><\/li>\n<li style=\"font-weight: 300;\" aria-level=\"1\"><span style=\"font-weight: 300;\">Tenir menys de 30 anys.<\/span><\/li>\n<li style=\"font-weight: 300;\" aria-level=\"1\"><span style=\"font-weight: 300;\">Nivell alt de catal\u00e0 i compet\u00e8ncia escrita.<\/span><\/li>\n<li style=\"font-weight: 300;\" aria-level=\"1\"><span style=\"font-weight: 300;\">Coneixement de l&#8217;elaboraci\u00f3 de projectes, mem\u00f2ries i altra documentaci\u00f3.<\/span><\/li>\n<li style=\"font-weight: 300;\" aria-level=\"1\"><span style=\"font-weight: 300;\">Coneixement i experi\u00e8ncia en l&#8217;\u00e0mbit de l&#8217;associacionisme educatiu i els esplais.\u00a0<\/span><\/li>\n<li style=\"font-weight: 300;\" aria-level=\"1\"><span style=\"font-weight: 300;\">Coneixements: LibreOffice, gesti\u00f3 de correu i Internet.<\/span><\/li>\n<li style=\"font-weight: 300;\" aria-level=\"1\"><span style=\"font-weight: 300;\">Capacitat d&#8217;organitzaci\u00f3 i gesti\u00f3 del temps.<\/span><\/li>\n<li style=\"font-weight: 300;\" aria-level=\"1\"><span style=\"font-weight: 300;\">Capacitat de treball en equip i autonomia personal.<\/span><\/li>\n<li style=\"font-weight: 300;\" aria-level=\"1\"><span style=\"font-weight: 300;\">Capacitat de flexibilitat i adaptabilitat.<\/span><\/li>\n<li style=\"font-weight: 300;\" aria-level=\"1\"><span style=\"font-weight: 300;\">Assist\u00e8ncia a reunions o activitats d\u2019especial inter\u00e8s fora de l\u2019horari laboral.<\/span><\/li>\n<li style=\"font-weight: 300;\" aria-level=\"1\"><span style=\"font-weight: 300;\">Vocaci\u00f3 de servei als esplais i comprom\u00eds amb els valors d&#8217;Esplais Catalans.<\/span><\/li>\n<li style=\"font-weight: 300;\" aria-level=\"1\"><span style=\"font-weight: 300;\">Carnet de conduir i vehicle propi.<\/span><\/li>\n<\/ul>\n<p><b>Es valorar\u00e0:<\/b><b><br \/>\n<\/b><\/p>\n<ul>\n<li style=\"font-weight: 300;\" aria-level=\"1\"><span style=\"font-weight: 300;\">Experi\u00e8ncia com a responsable d\u2019esplai.<\/span><\/li>\n<li style=\"font-weight: 300;\" aria-level=\"1\"><span style=\"font-weight: 300;\">Experi\u00e8ncia en les funcions descrites.<\/span><\/li>\n<li style=\"font-weight: 300;\" aria-level=\"1\"><span style=\"font-weight: 300;\">Coneixement d\u2019idiomes.<\/span><\/li>\n<li style=\"font-weight: 300;\" aria-level=\"1\"><span style=\"font-weight: 300;\">Coneixement en temes espec\u00edfics relacionats amb el projecte educatiu d&#8217;Esplais Catalans.<\/span><\/li>\n<\/ul>\n<p><b>Condicions laborals:<\/b><b><br \/>\n<\/b><\/p>\n<ul>\n<li><span style=\"font-weight: 300;\">Contracte de 20h setmanals.\u00a0<\/span><\/li>\n<li style=\"font-weight: 300;\" aria-level=\"1\"><span style=\"font-weight: 300;\">Sou segons l\u2019escala salarial de l\u2019entitat (11.976,77 \u20ac bruts anuals).<\/span><\/li>\n<li style=\"font-weight: 300;\" aria-level=\"1\"><span style=\"font-weight: 300;\">Incorporaci\u00f3 immediata<\/span><\/li>\n<li style=\"font-weight: 300;\" aria-level=\"1\"><span style=\"font-weight: 300;\">Lloc de treball habitual: <span class=\"OYPEnA text-decoration-none text-strikethrough-none\">Barcelona, Vall\u00e8s Oriental i Baix Bes\u00f2s<\/span>.<\/span><\/li>\n<\/ul>\n<p>Podeu consultar <strong><a href=\"https:\/\/www.esplac.cat\/wp-content\/uploads\/2023\/10\/Convocatoria_VLLOR_BBS_Esplac-2023.pdf\" target=\"_blank\" rel=\"noopener\">aqu\u00ed<\/a><\/strong> la convocat\u00f2ria al complet.<\/p>\n<p>&nbsp;<\/p>\n","protected":false},"excerpt":{"rendered":"<p>A Esplais Catalans busquem Coordinador\/a de Projectes dels sectors Baix [&hellip;]<\/p>\n","protected":false},"author":3,"featured_media":47414,"comment_status":"closed","ping_status":"closed","sticky":false,"template":"","format":"standard","meta":{"om_disable_all_campaigns":false,"_monsterinsights_skip_tracking":false,"_monsterinsights_sitenote_active":false,"_monsterinsights_sitenote_note":"","_monsterinsights_sitenote_category":0,"_uf_show_specific_survey":0,"_uf_disable_surveys":false,"footnotes":""},"categories":[1116,1396],"tags":[],"class_list":["post-47409","post","type-post","status-publish","format-standard","has-post-thumbnail","hentry","category-secretaria-esplac","category-socies"],"yoast_head":"<!-- This site is optimized with the Yoast SEO plugin v27.4 - https:\/\/yoast.com\/product\/yoast-seo-wordpress\/ -->\n<title>Oferta laboral: busquem Coordinador\/a de Projectes dels sectors geogr\u00e0fics Vall\u00e8s Oriental i Baix Bes\u00f2s - Esplac<\/title>\n<meta name=\"robots\" content=\"index, follow, max-snippet:-1, max-image-preview:large, max-video-preview:-1\" \/>\n<link rel=\"canonical\" href=\"https:\/\/www.esplac.cat\/obrim-una-placa-de-coordinador-a-de-projectes-baix-beses-valles-oriental\/\" \/>\n<meta property=\"og:locale\" content=\"es_ES\" \/>\n<meta property=\"og:type\" content=\"article\" \/>\n<meta property=\"og:title\" content=\"Oferta laboral: busquem Coordinador\/a de Projectes dels sectors geogr\u00e0fics Vall\u00e8s Oriental i Baix Bes\u00f2s - Esplac\" \/>\n<meta property=\"og:description\" content=\"A Esplais Catalans busquem Coordinador\/a de Projectes dels sectors Baix [&hellip;]\" \/>\n<meta property=\"og:url\" content=\"https:\/\/www.esplac.cat\/obrim-una-placa-de-coordinador-a-de-projectes-baix-beses-valles-oriental\/\" \/>\n<meta property=\"og:site_name\" content=\"Esplac\" \/>\n<meta property=\"article:published_time\" content=\"2023-10-05T13:47:14+00:00\" \/>\n<meta property=\"article:modified_time\" content=\"2023-10-16T07:58:08+00:00\" \/>\n<meta property=\"og:image\" content=\"https:\/\/www.esplac.cat\/wp-content\/uploads\/2023\/10\/Vallesor-i-baxbe.jpg\" \/>\n\t<meta property=\"og:image:width\" content=\"1694\" \/>\n\t<meta property=\"og:image:height\" content=\"700\" \/>\n\t<meta property=\"og:image:type\" content=\"image\/jpeg\" \/>\n<meta name=\"author\" content=\"Comunicaci\u00f3 Esplac\" \/>\n<meta name=\"twitter:card\" content=\"summary_large_image\" \/>\n<meta name=\"twitter:label1\" content=\"Escrito por\" \/>\n\t<meta name=\"twitter:data1\" content=\"Comunicaci\u00f3 Esplac\" \/>\n\t<meta name=\"twitter:label2\" content=\"Tiempo de lectura\" \/>\n\t<meta name=\"twitter:data2\" content=\"2 minutos\" \/>\n<script type=\"application\/ld+json\" class=\"yoast-schema-graph\">{\"@context\":\"https:\\\/\\\/schema.org\",\"@graph\":[{\"@type\":\"Article\",\"@id\":\"https:\\\/\\\/www.esplac.cat\\\/obrim-una-placa-de-coordinador-a-de-projectes-baix-beses-valles-oriental\\\/#article\",\"isPartOf\":{\"@id\":\"https:\\\/\\\/www.esplac.cat\\\/obrim-una-placa-de-coordinador-a-de-projectes-baix-beses-valles-oriental\\\/\"},\"author\":{\"name\":\"Comunicaci\u00f3 Esplac\",\"@id\":\"https:\\\/\\\/www.esplac.cat\\\/#\\\/schema\\\/person\\\/908383cf240be18b68f8855d0583faca\"},\"headline\":\"Oferta laboral: busquem Coordinador\\\/a de Projectes dels sectors geogr\u00e0fics Vall\u00e8s Oriental i Baix Bes\u00f2s\",\"datePublished\":\"2023-10-05T13:47:14+00:00\",\"dateModified\":\"2023-10-16T07:58:08+00:00\",\"mainEntityOfPage\":{\"@id\":\"https:\\\/\\\/www.esplac.cat\\\/obrim-una-placa-de-coordinador-a-de-projectes-baix-beses-valles-oriental\\\/\"},\"wordCount\":396,\"publisher\":{\"@id\":\"https:\\\/\\\/www.esplac.cat\\\/#organization\"},\"image\":{\"@id\":\"https:\\\/\\\/www.esplac.cat\\\/obrim-una-placa-de-coordinador-a-de-projectes-baix-beses-valles-oriental\\\/#primaryimage\"},\"thumbnailUrl\":\"https:\\\/\\\/www.esplac.cat\\\/wp-content\\\/uploads\\\/2023\\\/10\\\/Vallesor-i-baxbe.jpg\",\"articleSection\":[\"Secretaria T\u00e8cnica\",\"S\u00f2cies\"],\"inLanguage\":\"es\"},{\"@type\":\"WebPage\",\"@id\":\"https:\\\/\\\/www.esplac.cat\\\/obrim-una-placa-de-coordinador-a-de-projectes-baix-beses-valles-oriental\\\/\",\"url\":\"https:\\\/\\\/www.esplac.cat\\\/obrim-una-placa-de-coordinador-a-de-projectes-baix-beses-valles-oriental\\\/\",\"name\":\"Oferta laboral: busquem Coordinador\\\/a de Projectes dels sectors geogr\u00e0fics Vall\u00e8s Oriental i Baix Bes\u00f2s - Esplac\",\"isPartOf\":{\"@id\":\"https:\\\/\\\/www.esplac.cat\\\/#website\"},\"primaryImageOfPage\":{\"@id\":\"https:\\\/\\\/www.esplac.cat\\\/obrim-una-placa-de-coordinador-a-de-projectes-baix-beses-valles-oriental\\\/#primaryimage\"},\"image\":{\"@id\":\"https:\\\/\\\/www.esplac.cat\\\/obrim-una-placa-de-coordinador-a-de-projectes-baix-beses-valles-oriental\\\/#primaryimage\"},\"thumbnailUrl\":\"https:\\\/\\\/www.esplac.cat\\\/wp-content\\\/uploads\\\/2023\\\/10\\\/Vallesor-i-baxbe.jpg\",\"datePublished\":\"2023-10-05T13:47:14+00:00\",\"dateModified\":\"2023-10-16T07:58:08+00:00\",\"breadcrumb\":{\"@id\":\"https:\\\/\\\/www.esplac.cat\\\/obrim-una-placa-de-coordinador-a-de-projectes-baix-beses-valles-oriental\\\/#breadcrumb\"},\"inLanguage\":\"es\",\"potentialAction\":[{\"@type\":\"ReadAction\",\"target\":[\"https:\\\/\\\/www.esplac.cat\\\/obrim-una-placa-de-coordinador-a-de-projectes-baix-beses-valles-oriental\\\/\"]}]},{\"@type\":\"ImageObject\",\"inLanguage\":\"es\",\"@id\":\"https:\\\/\\\/www.esplac.cat\\\/obrim-una-placa-de-coordinador-a-de-projectes-baix-beses-valles-oriental\\\/#primaryimage\",\"url\":\"https:\\\/\\\/www.esplac.cat\\\/wp-content\\\/uploads\\\/2023\\\/10\\\/Vallesor-i-baxbe.jpg\",\"contentUrl\":\"https:\\\/\\\/www.esplac.cat\\\/wp-content\\\/uploads\\\/2023\\\/10\\\/Vallesor-i-baxbe.jpg\",\"width\":1694,\"height\":700},{\"@type\":\"BreadcrumbList\",\"@id\":\"https:\\\/\\\/www.esplac.cat\\\/obrim-una-placa-de-coordinador-a-de-projectes-baix-beses-valles-oriental\\\/#breadcrumb\",\"itemListElement\":[{\"@type\":\"ListItem\",\"position\":1,\"name\":\"Inici\",\"item\":\"https:\\\/\\\/www.esplac.cat\\\/es\\\/\"},{\"@type\":\"ListItem\",\"position\":2,\"name\":\"Oferta laboral: busquem Coordinador\\\/a de Projectes dels sectors geogr\u00e0fics Vall\u00e8s Oriental i Baix Bes\u00f2s\"}]},{\"@type\":\"WebSite\",\"@id\":\"https:\\\/\\\/www.esplac.cat\\\/#website\",\"url\":\"https:\\\/\\\/www.esplac.cat\\\/\",\"name\":\"Esplac\",\"description\":\"Esplais Catalans\",\"publisher\":{\"@id\":\"https:\\\/\\\/www.esplac.cat\\\/#organization\"},\"potentialAction\":[{\"@type\":\"SearchAction\",\"target\":{\"@type\":\"EntryPoint\",\"urlTemplate\":\"https:\\\/\\\/www.esplac.cat\\\/?s={search_term_string}\"},\"query-input\":{\"@type\":\"PropertyValueSpecification\",\"valueRequired\":true,\"valueName\":\"search_term_string\"}}],\"inLanguage\":\"es\"},{\"@type\":\"Organization\",\"@id\":\"https:\\\/\\\/www.esplac.cat\\\/#organization\",\"name\":\"Esplac\",\"url\":\"https:\\\/\\\/www.esplac.cat\\\/\",\"logo\":{\"@type\":\"ImageObject\",\"inLanguage\":\"es\",\"@id\":\"https:\\\/\\\/www.esplac.cat\\\/#\\\/schema\\\/logo\\\/image\\\/\",\"url\":\"https:\\\/\\\/www.esplac.cat\\\/wp-content\\\/uploads\\\/2019\\\/08\\\/logox2.png\",\"contentUrl\":\"https:\\\/\\\/www.esplac.cat\\\/wp-content\\\/uploads\\\/2019\\\/08\\\/logox2.png\",\"width\":600,\"height\":295,\"caption\":\"Esplac\"},\"image\":{\"@id\":\"https:\\\/\\\/www.esplac.cat\\\/#\\\/schema\\\/logo\\\/image\\\/\"}},{\"@type\":\"Person\",\"@id\":\"https:\\\/\\\/www.esplac.cat\\\/#\\\/schema\\\/person\\\/908383cf240be18b68f8855d0583faca\",\"name\":\"Comunicaci\u00f3 Esplac\",\"image\":{\"@type\":\"ImageObject\",\"inLanguage\":\"es\",\"@id\":\"https:\\\/\\\/secure.gravatar.com\\\/avatar\\\/7a4cf8feb412a76ea4a740ca02d95b06b2907b5a6c648c2dd0a1082a093c3141?s=96&d=mm&r=g\",\"url\":\"https:\\\/\\\/secure.gravatar.com\\\/avatar\\\/7a4cf8feb412a76ea4a740ca02d95b06b2907b5a6c648c2dd0a1082a093c3141?s=96&d=mm&r=g\",\"contentUrl\":\"https:\\\/\\\/secure.gravatar.com\\\/avatar\\\/7a4cf8feb412a76ea4a740ca02d95b06b2907b5a6c648c2dd0a1082a093c3141?s=96&d=mm&r=g\",\"caption\":\"Comunicaci\u00f3 Esplac\"}}]}<\/script>\n<!-- \/ Yoast SEO plugin. -->","yoast_head_json":{"title":"Oferta laboral: busquem Coordinador\/a de Projectes dels sectors geogr\u00e0fics Vall\u00e8s Oriental i Baix Bes\u00f2s - Esplac","robots":{"index":"index","follow":"follow","max-snippet":"max-snippet:-1","max-image-preview":"max-image-preview:large","max-video-preview":"max-video-preview:-1"},"canonical":"https:\/\/www.esplac.cat\/obrim-una-placa-de-coordinador-a-de-projectes-baix-beses-valles-oriental\/","og_locale":"es_ES","og_type":"article","og_title":"Oferta laboral: busquem Coordinador\/a de Projectes dels sectors geogr\u00e0fics Vall\u00e8s Oriental i Baix Bes\u00f2s - Esplac","og_description":"A Esplais Catalans busquem Coordinador\/a de Projectes dels sectors Baix [&hellip;]","og_url":"https:\/\/www.esplac.cat\/obrim-una-placa-de-coordinador-a-de-projectes-baix-beses-valles-oriental\/","og_site_name":"Esplac","article_published_time":"2023-10-05T13:47:14+00:00","article_modified_time":"2023-10-16T07:58:08+00:00","og_image":[{"width":1694,"height":700,"url":"https:\/\/www.esplac.cat\/wp-content\/uploads\/2023\/10\/Vallesor-i-baxbe.jpg","type":"image\/jpeg"}],"author":"Comunicaci\u00f3 Esplac","twitter_card":"summary_large_image","twitter_misc":{"Escrito por":"Comunicaci\u00f3 Esplac","Tiempo de lectura":"2 minutos"},"schema":{"@context":"https:\/\/schema.org","@graph":[{"@type":"Article","@id":"https:\/\/www.esplac.cat\/obrim-una-placa-de-coordinador-a-de-projectes-baix-beses-valles-oriental\/#article","isPartOf":{"@id":"https:\/\/www.esplac.cat\/obrim-una-placa-de-coordinador-a-de-projectes-baix-beses-valles-oriental\/"},"author":{"name":"Comunicaci\u00f3 Esplac","@id":"https:\/\/www.esplac.cat\/#\/schema\/person\/908383cf240be18b68f8855d0583faca"},"headline":"Oferta laboral: busquem Coordinador\/a de Projectes dels sectors geogr\u00e0fics Vall\u00e8s Oriental i Baix Bes\u00f2s","datePublished":"2023-10-05T13:47:14+00:00","dateModified":"2023-10-16T07:58:08+00:00","mainEntityOfPage":{"@id":"https:\/\/www.esplac.cat\/obrim-una-placa-de-coordinador-a-de-projectes-baix-beses-valles-oriental\/"},"wordCount":396,"publisher":{"@id":"https:\/\/www.esplac.cat\/#organization"},"image":{"@id":"https:\/\/www.esplac.cat\/obrim-una-placa-de-coordinador-a-de-projectes-baix-beses-valles-oriental\/#primaryimage"},"thumbnailUrl":"https:\/\/www.esplac.cat\/wp-content\/uploads\/2023\/10\/Vallesor-i-baxbe.jpg","articleSection":["Secretaria T\u00e8cnica","S\u00f2cies"],"inLanguage":"es"},{"@type":"WebPage","@id":"https:\/\/www.esplac.cat\/obrim-una-placa-de-coordinador-a-de-projectes-baix-beses-valles-oriental\/","url":"https:\/\/www.esplac.cat\/obrim-una-placa-de-coordinador-a-de-projectes-baix-beses-valles-oriental\/","name":"Oferta laboral: busquem Coordinador\/a de Projectes dels sectors geogr\u00e0fics Vall\u00e8s Oriental i Baix Bes\u00f2s - Esplac","isPartOf":{"@id":"https:\/\/www.esplac.cat\/#website"},"primaryImageOfPage":{"@id":"https:\/\/www.esplac.cat\/obrim-una-placa-de-coordinador-a-de-projectes-baix-beses-valles-oriental\/#primaryimage"},"image":{"@id":"https:\/\/www.esplac.cat\/obrim-una-placa-de-coordinador-a-de-projectes-baix-beses-valles-oriental\/#primaryimage"},"thumbnailUrl":"https:\/\/www.esplac.cat\/wp-content\/uploads\/2023\/10\/Vallesor-i-baxbe.jpg","datePublished":"2023-10-05T13:47:14+00:00","dateModified":"2023-10-16T07:58:08+00:00","breadcrumb":{"@id":"https:\/\/www.esplac.cat\/obrim-una-placa-de-coordinador-a-de-projectes-baix-beses-valles-oriental\/#breadcrumb"},"inLanguage":"es","potentialAction":[{"@type":"ReadAction","target":["https:\/\/www.esplac.cat\/obrim-una-placa-de-coordinador-a-de-projectes-baix-beses-valles-oriental\/"]}]},{"@type":"ImageObject","inLanguage":"es","@id":"https:\/\/www.esplac.cat\/obrim-una-placa-de-coordinador-a-de-projectes-baix-beses-valles-oriental\/#primaryimage","url":"https:\/\/www.esplac.cat\/wp-content\/uploads\/2023\/10\/Vallesor-i-baxbe.jpg","contentUrl":"https:\/\/www.esplac.cat\/wp-content\/uploads\/2023\/10\/Vallesor-i-baxbe.jpg","width":1694,"height":700},{"@type":"BreadcrumbList","@id":"https:\/\/www.esplac.cat\/obrim-una-placa-de-coordinador-a-de-projectes-baix-beses-valles-oriental\/#breadcrumb","itemListElement":[{"@type":"ListItem","position":1,"name":"Inici","item":"https:\/\/www.esplac.cat\/es\/"},{"@type":"ListItem","position":2,"name":"Oferta laboral: busquem Coordinador\/a de Projectes dels sectors geogr\u00e0fics Vall\u00e8s Oriental i Baix Bes\u00f2s"}]},{"@type":"WebSite","@id":"https:\/\/www.esplac.cat\/#website","url":"https:\/\/www.esplac.cat\/","name":"Esplac","description":"Esplais Catalans","publisher":{"@id":"https:\/\/www.esplac.cat\/#organization"},"potentialAction":[{"@type":"SearchAction","target":{"@type":"EntryPoint","urlTemplate":"https:\/\/www.esplac.cat\/?s={search_term_string}"},"query-input":{"@type":"PropertyValueSpecification","valueRequired":true,"valueName":"search_term_string"}}],"inLanguage":"es"},{"@type":"Organization","@id":"https:\/\/www.esplac.cat\/#organization","name":"Esplac","url":"https:\/\/www.esplac.cat\/","logo":{"@type":"ImageObject","inLanguage":"es","@id":"https:\/\/www.esplac.cat\/#\/schema\/logo\/image\/","url":"https:\/\/www.esplac.cat\/wp-content\/uploads\/2019\/08\/logox2.png","contentUrl":"https:\/\/www.esplac.cat\/wp-content\/uploads\/2019\/08\/logox2.png","width":600,"height":295,"caption":"Esplac"},"image":{"@id":"https:\/\/www.esplac.cat\/#\/schema\/logo\/image\/"}},{"@type":"Person","@id":"https:\/\/www.esplac.cat\/#\/schema\/person\/908383cf240be18b68f8855d0583faca","name":"Comunicaci\u00f3 Esplac","image":{"@type":"ImageObject","inLanguage":"es","@id":"https:\/\/secure.gravatar.com\/avatar\/7a4cf8feb412a76ea4a740ca02d95b06b2907b5a6c648c2dd0a1082a093c3141?s=96&d=mm&r=g","url":"https:\/\/secure.gravatar.com\/avatar\/7a4cf8feb412a76ea4a740ca02d95b06b2907b5a6c648c2dd0a1082a093c3141?s=96&d=mm&r=g","contentUrl":"https:\/\/secure.gravatar.com\/avatar\/7a4cf8feb412a76ea4a740ca02d95b06b2907b5a6c648c2dd0a1082a093c3141?s=96&d=mm&r=g","caption":"Comunicaci\u00f3 Esplac"}}]}},"_links":{"self":[{"href":"https:\/\/www.esplac.cat\/es\/wp-json\/wp\/v2\/posts\/47409","targetHints":{"allow":["GET"]}}],"collection":[{"href":"https:\/\/www.esplac.cat\/es\/wp-json\/wp\/v2\/posts"}],"about":[{"href":"https:\/\/www.esplac.cat\/es\/wp-json\/wp\/v2\/types\/post"}],"author":[{"embeddable":true,"href":"https:\/\/www.esplac.cat\/es\/wp-json\/wp\/v2\/users\/3"}],"replies":[{"embeddable":true,"href":"https:\/\/www.esplac.cat\/es\/wp-json\/wp\/v2\/comments?post=47409"}],"version-history":[{"count":0,"href":"https:\/\/www.esplac.cat\/es\/wp-json\/wp\/v2\/posts\/47409\/revisions"}],"wp:featuredmedia":[{"embeddable":true,"href":"https:\/\/www.esplac.cat\/es\/wp-json\/wp\/v2\/media\/47414"}],"wp:attachment":[{"href":"https:\/\/www.esplac.cat\/es\/wp-json\/wp\/v2\/media?parent=47409"}],"wp:term":[{"taxonomy":"category","embeddable":true,"href":"https:\/\/www.esplac.cat\/es\/wp-json\/wp\/v2\/categories?post=47409"},{"taxonomy":"post_tag","embeddable":true,"href":"https:\/\/www.esplac.cat\/es\/wp-json\/wp\/v2\/tags?post=47409"}],"curies":[{"name":"wp","href":"https:\/\/api.w.org\/{rel}","templated":true}]}}