{"id":47479,"date":"2023-10-16T09:59:27","date_gmt":"2023-10-16T07:59:27","guid":{"rendered":"https:\/\/www.esplac.cat\/?p=47479"},"modified":"2023-10-16T09:59:27","modified_gmt":"2023-10-16T07:59:27","slug":"winter-school-2023-24-never-again-war-inscriu-te","status":"publish","type":"post","link":"https:\/\/www.esplac.cat\/es\/winter-school-2023-24-never-again-war-inscriu-te\/","title":{"rendered":"Winter School 2023-24 \u201cNever Again War\u201d: inscriu-te!"},"content":{"rendered":"<h6><strong>El tema de la Winter School d&#8217;enguany \u00abNever Again War \u2013 Building Peace, Justice &amp; a better world\u00bb vol centrar-se en com construir un m\u00f3n en qu\u00e8 tothom se senti segur.<\/strong><\/h6>\n<p><span style=\"font-weight: 300;\">El <strong><span style=\"color: #f69d0b;\"><a style=\"color: #f69d0b;\" href=\"https:\/\/www.kurt-loewenstein.de\/en\/winter-school-2023\" target=\"_blank\" rel=\"noopener\">Centre Kurt Low\u00ebnstein<\/a><\/span><\/strong> celebra una nova edici\u00f3 del seu seminari formatiu d\u2019hivern. Fins a 120 joves d\u2019arreu d\u2019Europa i el m\u00f3n estan cridats a participar-hi. Aquest any, el programa educatiu gira al voltant de l\u2019<\/span><b>educaci\u00f3 per la pau i la construcci\u00f3 d\u2019un m\u00f3n millor<\/b><span style=\"font-weight: 300;\">.<\/span><\/p>\n<p><span style=\"font-weight: 300;\">Durant la trobada es treballar\u00e0 sobre la comunicaci\u00f3 no-violenta, la transformaci\u00f3 dels conflictes i l\u2019enfocament interseccional dels drets humans. La pau \u00e9s molt m\u00e9s que l\u2019abs\u00e8ncia de guerra, \u00e9s viure en un m\u00f3n on tothom es pugui sentir segur. En aquesta l\u00ednia, l&#8217;objectiu de la Winter School 2023-24 \u00e9s desentrellar quins elements s\u00f3n crucials per a crear un contrapoder en un m\u00f3n profundament sotm\u00e8s a guerres, el canvi clim\u00e0tic, epid\u00e8mies i l\u2019auge de l\u2019extrema dreta.<\/span><\/p>\n<p><span style=\"font-weight: 300;\">El programa d\u2019activitats est\u00e0 preparat per l\u2019equip internacional del Centre Kurt L\u00f6wenstein. Es treballar\u00e0 en din\u00e0miques, debats i espais autogestionats. Tamb\u00e9 hi haur\u00e0 temps lliure durant el dia i les nits, espais dinamitzats per les participants. Alhora, a banda dels tallers i debats, tamb\u00e9 es far\u00e0 una <\/span><b>excursi\u00f3 a Berl\u00edn i se celebrar\u00e0 una festa de Cap d\u2019Any<\/b><span style=\"font-weight: 300;\"> organitzada per les mateixes participants al centre.<\/span><\/p>\n<p><span style=\"font-weight: 300;\">Els valors i metodologia del centre s\u00f3n els seg\u00fcents:<\/span><\/p>\n<p><b>Educaci\u00f3 no-formal i socialista<\/b><span style=\"font-weight: 300;\">: es faciliten discussions i intercanvi, fomentant la participaci\u00f3 i l\u2019autoorganitzaci\u00f3 de les participants durant el seminari. Es vol crear un espai segur per unir-se per un futur que superi el capitalisme i el patriarcat.<\/span><\/p>\n<p><b>Recorreguts formatius<\/b><span style=\"font-weight: 300;\">: aquest any s\u2019oferir\u00e0 a les participants una s\u00e8rie de sessions per triar, totes relacionades amb la pau i la just\u00edcia. Alguens sessions seran din\u00e0miques i l\u00fadiques, altres m\u00e9s orientades a la teoria. Hi haur\u00e0 temps lliure i oportunitats de fer xarxa amb les companyes i els companys.<\/span><\/p>\n<p><b>Valors<\/b><span style=\"font-weight: 300;\">: el centre vol lluitar contra el capitalisme, per aconseguir una societat feminista, socialista i amb solidaritat internacional. Durant el seminari es convidar\u00e0 a reflexionar sobre la masculinitat, el principi \u201c<\/span><i><span style=\"font-weight: 300;\">We are not our countries<\/span><\/i><span style=\"font-weight: 300;\">\u201d i es vol anar m\u00e9s enll\u00e0 de l\u2019educaci\u00f3 acad\u00e8mica d\u2019escoles o universitats.<\/span><\/p>\n<p><b>Informaci\u00f3 i dates clau<\/b><\/p>\n<blockquote><p><b>Dates:<\/b><span style=\"font-weight: 400;\"> 27 desembre al 3 de gener.<\/span><\/p>\n<p><b>Lloc:<\/b><span style=\"font-weight: 400;\">\u00a0 Centre Kurt L\u00f6wenstein (Werftpfuhl &#8211; Alemanya).<\/span><\/p>\n<p><b>Cost:<\/b><span style=\"font-weight: 400;\"> 70\u20ac (inclou allotjament, \u00e0pats i viatge) *<\/span><i><span style=\"font-weight: 400;\">es reemborsen fins a 275\u20ac en concepte de transport (vols, bus, tren\u2026).<\/span><\/i><\/p>\n<p><b>Tema:<\/b><span style=\"font-weight: 400;\"> Never Again War \u2013 Building Peace, Justice &amp; a better world.<\/span><\/p>\n<p><b>Idioma de treball: <\/b><span style=\"font-weight: 400;\">Angl\u00e8s (cal tenir un bon nivell per tal de poder participar activament de les sessions i poder relacionar-se amb les altres participants).<\/span><\/p><\/blockquote>\n<p><b>Requisits<\/b><span style=\"font-weight: 400;\">:<\/span><\/p>\n<p><span style=\"font-weight: 400;\">Ser moni d\u2019un esplai d\u2019Esplac.<\/span><\/p>\n<p><span style=\"font-weight: 400;\">Tenir entre 18 i 30 anys.<\/span><\/p>\n<p><span style=\"font-weight: 400;\">Motivaci\u00f3 per participar i donar a con\u00e8ixer l\u2019experi\u00e8ncia internacional.<\/span><\/p>\n<p><b>Com m\u2019inscric?<\/b><\/p>\n<p><span style=\"font-weight: 400;\">A trav\u00e9s de l\u2019Era! <\/span><strong><span style=\"color: #f69d0b;\"><a style=\"color: #f69d0b;\" href=\"https:\/\/era.esplac.cat\/#\/gestio-personal\/activitats\">https:\/\/era.esplac.cat\/#\/gestio-personal\/activitats<\/a><\/span><\/strong><\/p>\n<p><span style=\"font-weight: 400;\">Tens temps<\/span><b> fins al 25 d\u2019Octubre<\/b><span style=\"font-weight: 400;\">!<\/span><\/p>\n<p><b>Contacte: <\/b><strong><span style=\"color: #f69d0b;\">\u00a0<a style=\"color: #f69d0b;\" href=\"mailto:internacional@esplac.cat\">internacional@esplac.cat<\/a><\/span><\/strong><span style=\"font-weight: 400;\"><strong><span style=\"color: #f69d0b;\">\u00a0<\/span><\/strong> \/ 933026103\u00a0<\/span><\/p>\n","protected":false},"excerpt":{"rendered":"<p>El tema de la Winter School d&#8217;enguany \u00abNever Again War [&hellip;]<\/p>\n","protected":false},"author":3,"featured_media":47481,"comment_status":"closed","ping_status":"closed","sticky":false,"template":"","format":"standard","meta":{"om_disable_all_campaigns":false,"_monsterinsights_skip_tracking":false,"_monsterinsights_sitenote_active":false,"_monsterinsights_sitenote_note":"","_monsterinsights_sitenote_category":0,"_uf_show_specific_survey":0,"_uf_disable_surveys":false,"footnotes":""},"categories":[1112],"tags":[],"class_list":["post-47479","post","type-post","status-publish","format-standard","has-post-thumbnail","hentry","category-esplac-al-mon"],"yoast_head":"<!-- This site is optimized with the Yoast SEO plugin v27.5 - https:\/\/yoast.com\/product\/yoast-seo-wordpress\/ -->\n<title>Winter School 2023-24 \u201cNever Again War\u201d: inscriu-te! - Esplac<\/title>\n<meta name=\"description\" content=\"L&#039;edici\u00e7o 2023-24 de la Winter School vol centrar-se en com construir un m\u00f3n en qu\u00e8 tothom se senti segur, sota el lema &quot;Never Again War&quot;.\" \/>\n<meta name=\"robots\" content=\"index, follow, max-snippet:-1, max-image-preview:large, max-video-preview:-1\" \/>\n<link rel=\"canonical\" href=\"https:\/\/www.esplac.cat\/winter-school-2023-24-never-again-war-inscriu-te\/\" \/>\n<meta property=\"og:locale\" content=\"es_ES\" \/>\n<meta property=\"og:type\" content=\"article\" \/>\n<meta property=\"og:title\" content=\"Winter School 2023-24 \u201cNever Again War\u201d: inscriu-te! - Esplac\" \/>\n<meta property=\"og:description\" content=\"L&#039;edici\u00e7o 2023-24 de la Winter School vol centrar-se en com construir un m\u00f3n en qu\u00e8 tothom se senti segur, sota el lema &quot;Never Again War&quot;.\" \/>\n<meta property=\"og:url\" content=\"https:\/\/www.esplac.cat\/winter-school-2023-24-never-again-war-inscriu-te\/\" \/>\n<meta property=\"og:site_name\" content=\"Esplac\" \/>\n<meta property=\"article:published_time\" content=\"2023-10-16T07:59:27+00:00\" \/>\n<meta property=\"og:image\" content=\"https:\/\/www.esplac.cat\/wp-content\/uploads\/2023\/10\/Portades-web-22.jpeg\" \/>\n\t<meta property=\"og:image:width\" content=\"1694\" \/>\n\t<meta property=\"og:image:height\" content=\"700\" \/>\n\t<meta property=\"og:image:type\" content=\"image\/jpeg\" \/>\n<meta name=\"author\" content=\"Comunicaci\u00f3 Esplac\" \/>\n<meta name=\"twitter:card\" content=\"summary_large_image\" \/>\n<meta name=\"twitter:label1\" content=\"Escrito por\" \/>\n\t<meta name=\"twitter:data1\" content=\"Comunicaci\u00f3 Esplac\" \/>\n\t<meta name=\"twitter:label2\" content=\"Tiempo de lectura\" \/>\n\t<meta name=\"twitter:data2\" content=\"3 minutos\" \/>\n<script type=\"application\/ld+json\" class=\"yoast-schema-graph\">{\"@context\":\"https:\\\/\\\/schema.org\",\"@graph\":[{\"@type\":\"Article\",\"@id\":\"https:\\\/\\\/www.esplac.cat\\\/winter-school-2023-24-never-again-war-inscriu-te\\\/#article\",\"isPartOf\":{\"@id\":\"https:\\\/\\\/www.esplac.cat\\\/winter-school-2023-24-never-again-war-inscriu-te\\\/\"},\"author\":{\"name\":\"Comunicaci\u00f3 Esplac\",\"@id\":\"https:\\\/\\\/www.esplac.cat\\\/#\\\/schema\\\/person\\\/908383cf240be18b68f8855d0583faca\"},\"headline\":\"Winter School 2023-24 \u201cNever Again War\u201d: inscriu-te!\",\"datePublished\":\"2023-10-16T07:59:27+00:00\",\"mainEntityOfPage\":{\"@id\":\"https:\\\/\\\/www.esplac.cat\\\/winter-school-2023-24-never-again-war-inscriu-te\\\/\"},\"wordCount\":527,\"publisher\":{\"@id\":\"https:\\\/\\\/www.esplac.cat\\\/#organization\"},\"image\":{\"@id\":\"https:\\\/\\\/www.esplac.cat\\\/winter-school-2023-24-never-again-war-inscriu-te\\\/#primaryimage\"},\"thumbnailUrl\":\"https:\\\/\\\/www.esplac.cat\\\/wp-content\\\/uploads\\\/2023\\\/10\\\/Portades-web-22.jpeg\",\"articleSection\":[\"Esplac al m\u00f3n\"],\"inLanguage\":\"es\"},{\"@type\":\"WebPage\",\"@id\":\"https:\\\/\\\/www.esplac.cat\\\/winter-school-2023-24-never-again-war-inscriu-te\\\/\",\"url\":\"https:\\\/\\\/www.esplac.cat\\\/winter-school-2023-24-never-again-war-inscriu-te\\\/\",\"name\":\"Winter School 2023-24 \u201cNever Again War\u201d: inscriu-te! - Esplac\",\"isPartOf\":{\"@id\":\"https:\\\/\\\/www.esplac.cat\\\/#website\"},\"primaryImageOfPage\":{\"@id\":\"https:\\\/\\\/www.esplac.cat\\\/winter-school-2023-24-never-again-war-inscriu-te\\\/#primaryimage\"},\"image\":{\"@id\":\"https:\\\/\\\/www.esplac.cat\\\/winter-school-2023-24-never-again-war-inscriu-te\\\/#primaryimage\"},\"thumbnailUrl\":\"https:\\\/\\\/www.esplac.cat\\\/wp-content\\\/uploads\\\/2023\\\/10\\\/Portades-web-22.jpeg\",\"datePublished\":\"2023-10-16T07:59:27+00:00\",\"description\":\"L'edici\u00e7o 2023-24 de la Winter School vol centrar-se en com construir un m\u00f3n en qu\u00e8 tothom se senti segur, sota el lema \\\"Never Again War\\\".\",\"breadcrumb\":{\"@id\":\"https:\\\/\\\/www.esplac.cat\\\/winter-school-2023-24-never-again-war-inscriu-te\\\/#breadcrumb\"},\"inLanguage\":\"es\",\"potentialAction\":[{\"@type\":\"ReadAction\",\"target\":[\"https:\\\/\\\/www.esplac.cat\\\/winter-school-2023-24-never-again-war-inscriu-te\\\/\"]}]},{\"@type\":\"ImageObject\",\"inLanguage\":\"es\",\"@id\":\"https:\\\/\\\/www.esplac.cat\\\/winter-school-2023-24-never-again-war-inscriu-te\\\/#primaryimage\",\"url\":\"https:\\\/\\\/www.esplac.cat\\\/wp-content\\\/uploads\\\/2023\\\/10\\\/Portades-web-22.jpeg\",\"contentUrl\":\"https:\\\/\\\/www.esplac.cat\\\/wp-content\\\/uploads\\\/2023\\\/10\\\/Portades-web-22.jpeg\",\"width\":1694,\"height\":700,\"caption\":\"Winter School\"},{\"@type\":\"BreadcrumbList\",\"@id\":\"https:\\\/\\\/www.esplac.cat\\\/winter-school-2023-24-never-again-war-inscriu-te\\\/#breadcrumb\",\"itemListElement\":[{\"@type\":\"ListItem\",\"position\":1,\"name\":\"Inici\",\"item\":\"https:\\\/\\\/www.esplac.cat\\\/es\\\/\"},{\"@type\":\"ListItem\",\"position\":2,\"name\":\"Winter School 2023-24 \u201cNever Again War\u201d: inscriu-te!\"}]},{\"@type\":\"WebSite\",\"@id\":\"https:\\\/\\\/www.esplac.cat\\\/#website\",\"url\":\"https:\\\/\\\/www.esplac.cat\\\/\",\"name\":\"Esplac\",\"description\":\"Esplais Catalans\",\"publisher\":{\"@id\":\"https:\\\/\\\/www.esplac.cat\\\/#organization\"},\"potentialAction\":[{\"@type\":\"SearchAction\",\"target\":{\"@type\":\"EntryPoint\",\"urlTemplate\":\"https:\\\/\\\/www.esplac.cat\\\/?s={search_term_string}\"},\"query-input\":{\"@type\":\"PropertyValueSpecification\",\"valueRequired\":true,\"valueName\":\"search_term_string\"}}],\"inLanguage\":\"es\"},{\"@type\":\"Organization\",\"@id\":\"https:\\\/\\\/www.esplac.cat\\\/#organization\",\"name\":\"Esplac\",\"url\":\"https:\\\/\\\/www.esplac.cat\\\/\",\"logo\":{\"@type\":\"ImageObject\",\"inLanguage\":\"es\",\"@id\":\"https:\\\/\\\/www.esplac.cat\\\/#\\\/schema\\\/logo\\\/image\\\/\",\"url\":\"https:\\\/\\\/www.esplac.cat\\\/wp-content\\\/uploads\\\/2019\\\/08\\\/logox2.png\",\"contentUrl\":\"https:\\\/\\\/www.esplac.cat\\\/wp-content\\\/uploads\\\/2019\\\/08\\\/logox2.png\",\"width\":600,\"height\":295,\"caption\":\"Esplac\"},\"image\":{\"@id\":\"https:\\\/\\\/www.esplac.cat\\\/#\\\/schema\\\/logo\\\/image\\\/\"}},{\"@type\":\"Person\",\"@id\":\"https:\\\/\\\/www.esplac.cat\\\/#\\\/schema\\\/person\\\/908383cf240be18b68f8855d0583faca\",\"name\":\"Comunicaci\u00f3 Esplac\",\"image\":{\"@type\":\"ImageObject\",\"inLanguage\":\"es\",\"@id\":\"https:\\\/\\\/secure.gravatar.com\\\/avatar\\\/7a4cf8feb412a76ea4a740ca02d95b06b2907b5a6c648c2dd0a1082a093c3141?s=96&d=mm&r=g\",\"url\":\"https:\\\/\\\/secure.gravatar.com\\\/avatar\\\/7a4cf8feb412a76ea4a740ca02d95b06b2907b5a6c648c2dd0a1082a093c3141?s=96&d=mm&r=g\",\"contentUrl\":\"https:\\\/\\\/secure.gravatar.com\\\/avatar\\\/7a4cf8feb412a76ea4a740ca02d95b06b2907b5a6c648c2dd0a1082a093c3141?s=96&d=mm&r=g\",\"caption\":\"Comunicaci\u00f3 Esplac\"}}]}<\/script>\n<!-- \/ Yoast SEO plugin. -->","yoast_head_json":{"title":"Winter School 2023-24 \u201cNever Again War\u201d: inscriu-te! - Esplac","description":"L'edici\u00e7o 2023-24 de la Winter School vol centrar-se en com construir un m\u00f3n en qu\u00e8 tothom se senti segur, sota el lema \"Never Again War\".","robots":{"index":"index","follow":"follow","max-snippet":"max-snippet:-1","max-image-preview":"max-image-preview:large","max-video-preview":"max-video-preview:-1"},"canonical":"https:\/\/www.esplac.cat\/winter-school-2023-24-never-again-war-inscriu-te\/","og_locale":"es_ES","og_type":"article","og_title":"Winter School 2023-24 \u201cNever Again War\u201d: inscriu-te! - Esplac","og_description":"L'edici\u00e7o 2023-24 de la Winter School vol centrar-se en com construir un m\u00f3n en qu\u00e8 tothom se senti segur, sota el lema \"Never Again War\".","og_url":"https:\/\/www.esplac.cat\/winter-school-2023-24-never-again-war-inscriu-te\/","og_site_name":"Esplac","article_published_time":"2023-10-16T07:59:27+00:00","og_image":[{"width":1694,"height":700,"url":"https:\/\/www.esplac.cat\/wp-content\/uploads\/2023\/10\/Portades-web-22.jpeg","type":"image\/jpeg"}],"author":"Comunicaci\u00f3 Esplac","twitter_card":"summary_large_image","twitter_misc":{"Escrito por":"Comunicaci\u00f3 Esplac","Tiempo de lectura":"3 minutos"},"schema":{"@context":"https:\/\/schema.org","@graph":[{"@type":"Article","@id":"https:\/\/www.esplac.cat\/winter-school-2023-24-never-again-war-inscriu-te\/#article","isPartOf":{"@id":"https:\/\/www.esplac.cat\/winter-school-2023-24-never-again-war-inscriu-te\/"},"author":{"name":"Comunicaci\u00f3 Esplac","@id":"https:\/\/www.esplac.cat\/#\/schema\/person\/908383cf240be18b68f8855d0583faca"},"headline":"Winter School 2023-24 \u201cNever Again War\u201d: inscriu-te!","datePublished":"2023-10-16T07:59:27+00:00","mainEntityOfPage":{"@id":"https:\/\/www.esplac.cat\/winter-school-2023-24-never-again-war-inscriu-te\/"},"wordCount":527,"publisher":{"@id":"https:\/\/www.esplac.cat\/#organization"},"image":{"@id":"https:\/\/www.esplac.cat\/winter-school-2023-24-never-again-war-inscriu-te\/#primaryimage"},"thumbnailUrl":"https:\/\/www.esplac.cat\/wp-content\/uploads\/2023\/10\/Portades-web-22.jpeg","articleSection":["Esplac al m\u00f3n"],"inLanguage":"es"},{"@type":"WebPage","@id":"https:\/\/www.esplac.cat\/winter-school-2023-24-never-again-war-inscriu-te\/","url":"https:\/\/www.esplac.cat\/winter-school-2023-24-never-again-war-inscriu-te\/","name":"Winter School 2023-24 \u201cNever Again War\u201d: inscriu-te! - Esplac","isPartOf":{"@id":"https:\/\/www.esplac.cat\/#website"},"primaryImageOfPage":{"@id":"https:\/\/www.esplac.cat\/winter-school-2023-24-never-again-war-inscriu-te\/#primaryimage"},"image":{"@id":"https:\/\/www.esplac.cat\/winter-school-2023-24-never-again-war-inscriu-te\/#primaryimage"},"thumbnailUrl":"https:\/\/www.esplac.cat\/wp-content\/uploads\/2023\/10\/Portades-web-22.jpeg","datePublished":"2023-10-16T07:59:27+00:00","description":"L'edici\u00e7o 2023-24 de la Winter School vol centrar-se en com construir un m\u00f3n en qu\u00e8 tothom se senti segur, sota el lema \"Never Again War\".","breadcrumb":{"@id":"https:\/\/www.esplac.cat\/winter-school-2023-24-never-again-war-inscriu-te\/#breadcrumb"},"inLanguage":"es","potentialAction":[{"@type":"ReadAction","target":["https:\/\/www.esplac.cat\/winter-school-2023-24-never-again-war-inscriu-te\/"]}]},{"@type":"ImageObject","inLanguage":"es","@id":"https:\/\/www.esplac.cat\/winter-school-2023-24-never-again-war-inscriu-te\/#primaryimage","url":"https:\/\/www.esplac.cat\/wp-content\/uploads\/2023\/10\/Portades-web-22.jpeg","contentUrl":"https:\/\/www.esplac.cat\/wp-content\/uploads\/2023\/10\/Portades-web-22.jpeg","width":1694,"height":700,"caption":"Winter School"},{"@type":"BreadcrumbList","@id":"https:\/\/www.esplac.cat\/winter-school-2023-24-never-again-war-inscriu-te\/#breadcrumb","itemListElement":[{"@type":"ListItem","position":1,"name":"Inici","item":"https:\/\/www.esplac.cat\/es\/"},{"@type":"ListItem","position":2,"name":"Winter School 2023-24 \u201cNever Again War\u201d: inscriu-te!"}]},{"@type":"WebSite","@id":"https:\/\/www.esplac.cat\/#website","url":"https:\/\/www.esplac.cat\/","name":"Esplac","description":"Esplais Catalans","publisher":{"@id":"https:\/\/www.esplac.cat\/#organization"},"potentialAction":[{"@type":"SearchAction","target":{"@type":"EntryPoint","urlTemplate":"https:\/\/www.esplac.cat\/?s={search_term_string}"},"query-input":{"@type":"PropertyValueSpecification","valueRequired":true,"valueName":"search_term_string"}}],"inLanguage":"es"},{"@type":"Organization","@id":"https:\/\/www.esplac.cat\/#organization","name":"Esplac","url":"https:\/\/www.esplac.cat\/","logo":{"@type":"ImageObject","inLanguage":"es","@id":"https:\/\/www.esplac.cat\/#\/schema\/logo\/image\/","url":"https:\/\/www.esplac.cat\/wp-content\/uploads\/2019\/08\/logox2.png","contentUrl":"https:\/\/www.esplac.cat\/wp-content\/uploads\/2019\/08\/logox2.png","width":600,"height":295,"caption":"Esplac"},"image":{"@id":"https:\/\/www.esplac.cat\/#\/schema\/logo\/image\/"}},{"@type":"Person","@id":"https:\/\/www.esplac.cat\/#\/schema\/person\/908383cf240be18b68f8855d0583faca","name":"Comunicaci\u00f3 Esplac","image":{"@type":"ImageObject","inLanguage":"es","@id":"https:\/\/secure.gravatar.com\/avatar\/7a4cf8feb412a76ea4a740ca02d95b06b2907b5a6c648c2dd0a1082a093c3141?s=96&d=mm&r=g","url":"https:\/\/secure.gravatar.com\/avatar\/7a4cf8feb412a76ea4a740ca02d95b06b2907b5a6c648c2dd0a1082a093c3141?s=96&d=mm&r=g","contentUrl":"https:\/\/secure.gravatar.com\/avatar\/7a4cf8feb412a76ea4a740ca02d95b06b2907b5a6c648c2dd0a1082a093c3141?s=96&d=mm&r=g","caption":"Comunicaci\u00f3 Esplac"}}]}},"_links":{"self":[{"href":"https:\/\/www.esplac.cat\/es\/wp-json\/wp\/v2\/posts\/47479","targetHints":{"allow":["GET"]}}],"collection":[{"href":"https:\/\/www.esplac.cat\/es\/wp-json\/wp\/v2\/posts"}],"about":[{"href":"https:\/\/www.esplac.cat\/es\/wp-json\/wp\/v2\/types\/post"}],"author":[{"embeddable":true,"href":"https:\/\/www.esplac.cat\/es\/wp-json\/wp\/v2\/users\/3"}],"replies":[{"embeddable":true,"href":"https:\/\/www.esplac.cat\/es\/wp-json\/wp\/v2\/comments?post=47479"}],"version-history":[{"count":0,"href":"https:\/\/www.esplac.cat\/es\/wp-json\/wp\/v2\/posts\/47479\/revisions"}],"wp:featuredmedia":[{"embeddable":true,"href":"https:\/\/www.esplac.cat\/es\/wp-json\/wp\/v2\/media\/47481"}],"wp:attachment":[{"href":"https:\/\/www.esplac.cat\/es\/wp-json\/wp\/v2\/media?parent=47479"}],"wp:term":[{"taxonomy":"category","embeddable":true,"href":"https:\/\/www.esplac.cat\/es\/wp-json\/wp\/v2\/categories?post=47479"},{"taxonomy":"post_tag","embeddable":true,"href":"https:\/\/www.esplac.cat\/es\/wp-json\/wp\/v2\/tags?post=47479"}],"curies":[{"name":"wp","href":"https:\/\/api.w.org\/{rel}","templated":true}]}}