{"id":47746,"date":"2023-10-19T10:07:48","date_gmt":"2023-10-19T08:07:48","guid":{"rendered":"https:\/\/www.esplac.cat\/?p=47746"},"modified":"2023-10-20T09:58:45","modified_gmt":"2023-10-20T07:58:45","slug":"sector-barcelona-sud-celebra-primera-ago-despres-subdivisio-sectors-ciutat","status":"publish","type":"post","link":"https:\/\/www.esplac.cat\/es\/sector-barcelona-sud-celebra-primera-ago-despres-subdivisio-sectors-ciutat\/","title":{"rendered":"El Sector Barcelona Sud celebra la seva primera AGO despr\u00e9s de la subdivisi\u00f3 per sectors de la ciutat"},"content":{"rendered":"<h6><b>El dilluns 16 d\u2019octubre el Sector Barcelona Sud ha celebrat la seva primera Assemblea General Ordin\u00e0ria (AGO) de Sector amb 8 esplais participants i m\u00e9s de 25 assistents.\u00a0<\/b><\/h6>\n<h4><span style=\"font-weight: 300;\">L\u2019Assemblea s\u2019ha dut a terme a l\u2019Associaci\u00f3 de ve\u00efns de Sant Antoni, local de l\u2019<strong><a href=\"https:\/\/www.totikap.com\/\" target=\"_blank\" rel=\"noopener\"><span style=\"color: #f69d0b;\">Esplai Totikap<\/span><\/a><\/strong>, i ha comptat amb la participaci\u00f3 de 26 monitores i monitors referents dels esplais de <a href=\"https:\/\/www.esplac.cat\/sectors-geografics\/barcelona-sud\/\" target=\"_blank\" rel=\"noopener\"><span style=\"color: #f69d0b;\"><strong>Barcelona Sud<\/strong><\/span><\/a>, l\u2019Equip General de Sector, la Coordinadora de Projectes de Sector i representants de l\u2019Equip de Coordinaci\u00f3 d\u2019Esplac.\u00a0<\/span><\/h4>\n<h4><span style=\"font-weight: 300;\">El Sector Barcelona s\u2019acomiadava tot just fa un any en la seva \u00faltima AGO conjunta en qu\u00e8 els 25 esplais dels 3 subsectors van aprovar la seva separaci\u00f3 i conseq\u00fcent creaci\u00f3 dels nous sectors Barcelona Sud, Barcelona Oest i Barcelona Nord-Est.<\/span><\/h4>\n<h4><span style=\"font-weight: 300;\">L\u2019Assemblea d\u2019enguany ha aprovat el <strong>Pla de Treball del curs 2023-24<\/strong>, amb les activitats de sector que es duran a terme, aix\u00ed com la mem\u00f2ria del curs passat i la incorporaci\u00f3 de dues noves membres de l\u2019Equip General de Sector. <\/span><span style=\"font-weight: 300;\">En les pr\u00f2ximes reunions de sector, previsiblement de cara al gener o febrer, se celebrar\u00e0 l\u2019<strong>Assemblea General Extraordin\u00e0ria<\/strong> del sector en qu\u00e8 es votar\u00e0 el Pressupost del curs 2023-24.<\/span><\/h4>\n","protected":false},"excerpt":{"rendered":"<p>El dilluns 16 d\u2019octubre el Sector Barcelona Sud ha celebrat [&hellip;]<\/p>\n","protected":false},"author":3,"featured_media":47747,"comment_status":"closed","ping_status":"closed","sticky":false,"template":"","format":"standard","meta":{"om_disable_all_campaigns":false,"_monsterinsights_skip_tracking":false,"_monsterinsights_sitenote_active":false,"_monsterinsights_sitenote_note":"","_monsterinsights_sitenote_category":0,"_uf_show_specific_survey":0,"_uf_disable_surveys":false,"footnotes":""},"categories":[1128,1397],"tags":[],"class_list":["post-47746","post","type-post","status-publish","format-standard","has-post-thumbnail","hentry","category-sector-barcelona","category-sector-barcelona-sud"],"yoast_head":"<!-- This site is optimized with the Yoast SEO plugin v27.4 - https:\/\/yoast.com\/product\/yoast-seo-wordpress\/ -->\n<title>El Sector Barcelona Sud celebra la seva primera AGO despr\u00e9s de la subdivisi\u00f3 per sectors de la ciutat - Esplac<\/title>\n<meta name=\"description\" content=\"El Sector Barcelona Sud ha celebrat la seva primera Assemblea General Ordin\u00e0ria (AGO) de Sector amb la participaci\u00f3 de 8 esplais.\u00a0\" \/>\n<meta name=\"robots\" content=\"index, follow, max-snippet:-1, max-image-preview:large, max-video-preview:-1\" \/>\n<link rel=\"canonical\" href=\"https:\/\/www.esplac.cat\/sector-barcelona-sud-celebra-primera-ago-despres-subdivisio-sectors-ciutat\/\" \/>\n<meta property=\"og:locale\" content=\"es_ES\" \/>\n<meta property=\"og:type\" content=\"article\" \/>\n<meta property=\"og:title\" content=\"El Sector Barcelona Sud celebra la seva primera AGO despr\u00e9s de la subdivisi\u00f3 per sectors de la ciutat - Esplac\" \/>\n<meta property=\"og:description\" content=\"El Sector Barcelona Sud ha celebrat la seva primera Assemblea General Ordin\u00e0ria (AGO) de Sector amb la participaci\u00f3 de 8 esplais.\u00a0\" \/>\n<meta property=\"og:url\" content=\"https:\/\/www.esplac.cat\/sector-barcelona-sud-celebra-primera-ago-despres-subdivisio-sectors-ciutat\/\" \/>\n<meta property=\"og:site_name\" content=\"Esplac\" \/>\n<meta property=\"article:published_time\" content=\"2023-10-19T08:07:48+00:00\" \/>\n<meta property=\"article:modified_time\" content=\"2023-10-20T07:58:45+00:00\" \/>\n<meta property=\"og:image\" content=\"https:\/\/www.esplac.cat\/wp-content\/uploads\/2023\/10\/Portades-Web-3.jpg\" \/>\n\t<meta property=\"og:image:width\" content=\"1697\" \/>\n\t<meta property=\"og:image:height\" content=\"700\" \/>\n\t<meta property=\"og:image:type\" content=\"image\/jpeg\" \/>\n<meta name=\"author\" content=\"Comunicaci\u00f3 Esplac\" \/>\n<meta name=\"twitter:card\" content=\"summary_large_image\" \/>\n<meta name=\"twitter:label1\" content=\"Escrito por\" \/>\n\t<meta name=\"twitter:data1\" content=\"Comunicaci\u00f3 Esplac\" \/>\n\t<meta name=\"twitter:label2\" content=\"Tiempo de lectura\" \/>\n\t<meta name=\"twitter:data2\" content=\"2 minutos\" \/>\n<script type=\"application\/ld+json\" class=\"yoast-schema-graph\">{\"@context\":\"https:\\\/\\\/schema.org\",\"@graph\":[{\"@type\":\"Article\",\"@id\":\"https:\\\/\\\/www.esplac.cat\\\/sector-barcelona-sud-celebra-primera-ago-despres-subdivisio-sectors-ciutat\\\/#article\",\"isPartOf\":{\"@id\":\"https:\\\/\\\/www.esplac.cat\\\/sector-barcelona-sud-celebra-primera-ago-despres-subdivisio-sectors-ciutat\\\/\"},\"author\":{\"name\":\"Comunicaci\u00f3 Esplac\",\"@id\":\"https:\\\/\\\/www.esplac.cat\\\/#\\\/schema\\\/person\\\/908383cf240be18b68f8855d0583faca\"},\"headline\":\"El Sector Barcelona Sud celebra la seva primera AGO despr\u00e9s de la subdivisi\u00f3 per sectors de la ciutat\",\"datePublished\":\"2023-10-19T08:07:48+00:00\",\"dateModified\":\"2023-10-20T07:58:45+00:00\",\"mainEntityOfPage\":{\"@id\":\"https:\\\/\\\/www.esplac.cat\\\/sector-barcelona-sud-celebra-primera-ago-despres-subdivisio-sectors-ciutat\\\/\"},\"wordCount\":221,\"publisher\":{\"@id\":\"https:\\\/\\\/www.esplac.cat\\\/#organization\"},\"image\":{\"@id\":\"https:\\\/\\\/www.esplac.cat\\\/sector-barcelona-sud-celebra-primera-ago-despres-subdivisio-sectors-ciutat\\\/#primaryimage\"},\"thumbnailUrl\":\"https:\\\/\\\/www.esplac.cat\\\/wp-content\\\/uploads\\\/2023\\\/10\\\/Portades-Web-3.jpg\",\"articleSection\":[\"Sector Barcelona\",\"Sector Barcelona Sud\"],\"inLanguage\":\"es\"},{\"@type\":\"WebPage\",\"@id\":\"https:\\\/\\\/www.esplac.cat\\\/sector-barcelona-sud-celebra-primera-ago-despres-subdivisio-sectors-ciutat\\\/\",\"url\":\"https:\\\/\\\/www.esplac.cat\\\/sector-barcelona-sud-celebra-primera-ago-despres-subdivisio-sectors-ciutat\\\/\",\"name\":\"El Sector Barcelona Sud celebra la seva primera AGO despr\u00e9s de la subdivisi\u00f3 per sectors de la ciutat - Esplac\",\"isPartOf\":{\"@id\":\"https:\\\/\\\/www.esplac.cat\\\/#website\"},\"primaryImageOfPage\":{\"@id\":\"https:\\\/\\\/www.esplac.cat\\\/sector-barcelona-sud-celebra-primera-ago-despres-subdivisio-sectors-ciutat\\\/#primaryimage\"},\"image\":{\"@id\":\"https:\\\/\\\/www.esplac.cat\\\/sector-barcelona-sud-celebra-primera-ago-despres-subdivisio-sectors-ciutat\\\/#primaryimage\"},\"thumbnailUrl\":\"https:\\\/\\\/www.esplac.cat\\\/wp-content\\\/uploads\\\/2023\\\/10\\\/Portades-Web-3.jpg\",\"datePublished\":\"2023-10-19T08:07:48+00:00\",\"dateModified\":\"2023-10-20T07:58:45+00:00\",\"description\":\"El Sector Barcelona Sud ha celebrat la seva primera Assemblea General Ordin\u00e0ria (AGO) de Sector amb la participaci\u00f3 de 8 esplais.\u00a0\",\"breadcrumb\":{\"@id\":\"https:\\\/\\\/www.esplac.cat\\\/sector-barcelona-sud-celebra-primera-ago-despres-subdivisio-sectors-ciutat\\\/#breadcrumb\"},\"inLanguage\":\"es\",\"potentialAction\":[{\"@type\":\"ReadAction\",\"target\":[\"https:\\\/\\\/www.esplac.cat\\\/sector-barcelona-sud-celebra-primera-ago-despres-subdivisio-sectors-ciutat\\\/\"]}]},{\"@type\":\"ImageObject\",\"inLanguage\":\"es\",\"@id\":\"https:\\\/\\\/www.esplac.cat\\\/sector-barcelona-sud-celebra-primera-ago-despres-subdivisio-sectors-ciutat\\\/#primaryimage\",\"url\":\"https:\\\/\\\/www.esplac.cat\\\/wp-content\\\/uploads\\\/2023\\\/10\\\/Portades-Web-3.jpg\",\"contentUrl\":\"https:\\\/\\\/www.esplac.cat\\\/wp-content\\\/uploads\\\/2023\\\/10\\\/Portades-Web-3.jpg\",\"width\":1697,\"height\":700,\"caption\":\"AGO BCN Sud\"},{\"@type\":\"BreadcrumbList\",\"@id\":\"https:\\\/\\\/www.esplac.cat\\\/sector-barcelona-sud-celebra-primera-ago-despres-subdivisio-sectors-ciutat\\\/#breadcrumb\",\"itemListElement\":[{\"@type\":\"ListItem\",\"position\":1,\"name\":\"Inici\",\"item\":\"https:\\\/\\\/www.esplac.cat\\\/es\\\/\"},{\"@type\":\"ListItem\",\"position\":2,\"name\":\"El Sector Barcelona Sud celebra la seva primera AGO despr\u00e9s de la subdivisi\u00f3 per sectors de la ciutat\"}]},{\"@type\":\"WebSite\",\"@id\":\"https:\\\/\\\/www.esplac.cat\\\/#website\",\"url\":\"https:\\\/\\\/www.esplac.cat\\\/\",\"name\":\"Esplac\",\"description\":\"Esplais Catalans\",\"publisher\":{\"@id\":\"https:\\\/\\\/www.esplac.cat\\\/#organization\"},\"potentialAction\":[{\"@type\":\"SearchAction\",\"target\":{\"@type\":\"EntryPoint\",\"urlTemplate\":\"https:\\\/\\\/www.esplac.cat\\\/?s={search_term_string}\"},\"query-input\":{\"@type\":\"PropertyValueSpecification\",\"valueRequired\":true,\"valueName\":\"search_term_string\"}}],\"inLanguage\":\"es\"},{\"@type\":\"Organization\",\"@id\":\"https:\\\/\\\/www.esplac.cat\\\/#organization\",\"name\":\"Esplac\",\"url\":\"https:\\\/\\\/www.esplac.cat\\\/\",\"logo\":{\"@type\":\"ImageObject\",\"inLanguage\":\"es\",\"@id\":\"https:\\\/\\\/www.esplac.cat\\\/#\\\/schema\\\/logo\\\/image\\\/\",\"url\":\"https:\\\/\\\/www.esplac.cat\\\/wp-content\\\/uploads\\\/2019\\\/08\\\/logox2.png\",\"contentUrl\":\"https:\\\/\\\/www.esplac.cat\\\/wp-content\\\/uploads\\\/2019\\\/08\\\/logox2.png\",\"width\":600,\"height\":295,\"caption\":\"Esplac\"},\"image\":{\"@id\":\"https:\\\/\\\/www.esplac.cat\\\/#\\\/schema\\\/logo\\\/image\\\/\"}},{\"@type\":\"Person\",\"@id\":\"https:\\\/\\\/www.esplac.cat\\\/#\\\/schema\\\/person\\\/908383cf240be18b68f8855d0583faca\",\"name\":\"Comunicaci\u00f3 Esplac\",\"image\":{\"@type\":\"ImageObject\",\"inLanguage\":\"es\",\"@id\":\"https:\\\/\\\/secure.gravatar.com\\\/avatar\\\/7a4cf8feb412a76ea4a740ca02d95b06b2907b5a6c648c2dd0a1082a093c3141?s=96&d=mm&r=g\",\"url\":\"https:\\\/\\\/secure.gravatar.com\\\/avatar\\\/7a4cf8feb412a76ea4a740ca02d95b06b2907b5a6c648c2dd0a1082a093c3141?s=96&d=mm&r=g\",\"contentUrl\":\"https:\\\/\\\/secure.gravatar.com\\\/avatar\\\/7a4cf8feb412a76ea4a740ca02d95b06b2907b5a6c648c2dd0a1082a093c3141?s=96&d=mm&r=g\",\"caption\":\"Comunicaci\u00f3 Esplac\"}}]}<\/script>\n<!-- \/ Yoast SEO plugin. -->","yoast_head_json":{"title":"El Sector Barcelona Sud celebra la seva primera AGO despr\u00e9s de la subdivisi\u00f3 per sectors de la ciutat - Esplac","description":"El Sector Barcelona Sud ha celebrat la seva primera Assemblea General Ordin\u00e0ria (AGO) de Sector amb la participaci\u00f3 de 8 esplais.\u00a0","robots":{"index":"index","follow":"follow","max-snippet":"max-snippet:-1","max-image-preview":"max-image-preview:large","max-video-preview":"max-video-preview:-1"},"canonical":"https:\/\/www.esplac.cat\/sector-barcelona-sud-celebra-primera-ago-despres-subdivisio-sectors-ciutat\/","og_locale":"es_ES","og_type":"article","og_title":"El Sector Barcelona Sud celebra la seva primera AGO despr\u00e9s de la subdivisi\u00f3 per sectors de la ciutat - Esplac","og_description":"El Sector Barcelona Sud ha celebrat la seva primera Assemblea General Ordin\u00e0ria (AGO) de Sector amb la participaci\u00f3 de 8 esplais.\u00a0","og_url":"https:\/\/www.esplac.cat\/sector-barcelona-sud-celebra-primera-ago-despres-subdivisio-sectors-ciutat\/","og_site_name":"Esplac","article_published_time":"2023-10-19T08:07:48+00:00","article_modified_time":"2023-10-20T07:58:45+00:00","og_image":[{"width":1697,"height":700,"url":"https:\/\/www.esplac.cat\/wp-content\/uploads\/2023\/10\/Portades-Web-3.jpg","type":"image\/jpeg"}],"author":"Comunicaci\u00f3 Esplac","twitter_card":"summary_large_image","twitter_misc":{"Escrito por":"Comunicaci\u00f3 Esplac","Tiempo de lectura":"2 minutos"},"schema":{"@context":"https:\/\/schema.org","@graph":[{"@type":"Article","@id":"https:\/\/www.esplac.cat\/sector-barcelona-sud-celebra-primera-ago-despres-subdivisio-sectors-ciutat\/#article","isPartOf":{"@id":"https:\/\/www.esplac.cat\/sector-barcelona-sud-celebra-primera-ago-despres-subdivisio-sectors-ciutat\/"},"author":{"name":"Comunicaci\u00f3 Esplac","@id":"https:\/\/www.esplac.cat\/#\/schema\/person\/908383cf240be18b68f8855d0583faca"},"headline":"El Sector Barcelona Sud celebra la seva primera AGO despr\u00e9s de la subdivisi\u00f3 per sectors de la ciutat","datePublished":"2023-10-19T08:07:48+00:00","dateModified":"2023-10-20T07:58:45+00:00","mainEntityOfPage":{"@id":"https:\/\/www.esplac.cat\/sector-barcelona-sud-celebra-primera-ago-despres-subdivisio-sectors-ciutat\/"},"wordCount":221,"publisher":{"@id":"https:\/\/www.esplac.cat\/#organization"},"image":{"@id":"https:\/\/www.esplac.cat\/sector-barcelona-sud-celebra-primera-ago-despres-subdivisio-sectors-ciutat\/#primaryimage"},"thumbnailUrl":"https:\/\/www.esplac.cat\/wp-content\/uploads\/2023\/10\/Portades-Web-3.jpg","articleSection":["Sector Barcelona","Sector Barcelona Sud"],"inLanguage":"es"},{"@type":"WebPage","@id":"https:\/\/www.esplac.cat\/sector-barcelona-sud-celebra-primera-ago-despres-subdivisio-sectors-ciutat\/","url":"https:\/\/www.esplac.cat\/sector-barcelona-sud-celebra-primera-ago-despres-subdivisio-sectors-ciutat\/","name":"El Sector Barcelona Sud celebra la seva primera AGO despr\u00e9s de la subdivisi\u00f3 per sectors de la ciutat - Esplac","isPartOf":{"@id":"https:\/\/www.esplac.cat\/#website"},"primaryImageOfPage":{"@id":"https:\/\/www.esplac.cat\/sector-barcelona-sud-celebra-primera-ago-despres-subdivisio-sectors-ciutat\/#primaryimage"},"image":{"@id":"https:\/\/www.esplac.cat\/sector-barcelona-sud-celebra-primera-ago-despres-subdivisio-sectors-ciutat\/#primaryimage"},"thumbnailUrl":"https:\/\/www.esplac.cat\/wp-content\/uploads\/2023\/10\/Portades-Web-3.jpg","datePublished":"2023-10-19T08:07:48+00:00","dateModified":"2023-10-20T07:58:45+00:00","description":"El Sector Barcelona Sud ha celebrat la seva primera Assemblea General Ordin\u00e0ria (AGO) de Sector amb la participaci\u00f3 de 8 esplais.\u00a0","breadcrumb":{"@id":"https:\/\/www.esplac.cat\/sector-barcelona-sud-celebra-primera-ago-despres-subdivisio-sectors-ciutat\/#breadcrumb"},"inLanguage":"es","potentialAction":[{"@type":"ReadAction","target":["https:\/\/www.esplac.cat\/sector-barcelona-sud-celebra-primera-ago-despres-subdivisio-sectors-ciutat\/"]}]},{"@type":"ImageObject","inLanguage":"es","@id":"https:\/\/www.esplac.cat\/sector-barcelona-sud-celebra-primera-ago-despres-subdivisio-sectors-ciutat\/#primaryimage","url":"https:\/\/www.esplac.cat\/wp-content\/uploads\/2023\/10\/Portades-Web-3.jpg","contentUrl":"https:\/\/www.esplac.cat\/wp-content\/uploads\/2023\/10\/Portades-Web-3.jpg","width":1697,"height":700,"caption":"AGO BCN Sud"},{"@type":"BreadcrumbList","@id":"https:\/\/www.esplac.cat\/sector-barcelona-sud-celebra-primera-ago-despres-subdivisio-sectors-ciutat\/#breadcrumb","itemListElement":[{"@type":"ListItem","position":1,"name":"Inici","item":"https:\/\/www.esplac.cat\/es\/"},{"@type":"ListItem","position":2,"name":"El Sector Barcelona Sud celebra la seva primera AGO despr\u00e9s de la subdivisi\u00f3 per sectors de la ciutat"}]},{"@type":"WebSite","@id":"https:\/\/www.esplac.cat\/#website","url":"https:\/\/www.esplac.cat\/","name":"Esplac","description":"Esplais Catalans","publisher":{"@id":"https:\/\/www.esplac.cat\/#organization"},"potentialAction":[{"@type":"SearchAction","target":{"@type":"EntryPoint","urlTemplate":"https:\/\/www.esplac.cat\/?s={search_term_string}"},"query-input":{"@type":"PropertyValueSpecification","valueRequired":true,"valueName":"search_term_string"}}],"inLanguage":"es"},{"@type":"Organization","@id":"https:\/\/www.esplac.cat\/#organization","name":"Esplac","url":"https:\/\/www.esplac.cat\/","logo":{"@type":"ImageObject","inLanguage":"es","@id":"https:\/\/www.esplac.cat\/#\/schema\/logo\/image\/","url":"https:\/\/www.esplac.cat\/wp-content\/uploads\/2019\/08\/logox2.png","contentUrl":"https:\/\/www.esplac.cat\/wp-content\/uploads\/2019\/08\/logox2.png","width":600,"height":295,"caption":"Esplac"},"image":{"@id":"https:\/\/www.esplac.cat\/#\/schema\/logo\/image\/"}},{"@type":"Person","@id":"https:\/\/www.esplac.cat\/#\/schema\/person\/908383cf240be18b68f8855d0583faca","name":"Comunicaci\u00f3 Esplac","image":{"@type":"ImageObject","inLanguage":"es","@id":"https:\/\/secure.gravatar.com\/avatar\/7a4cf8feb412a76ea4a740ca02d95b06b2907b5a6c648c2dd0a1082a093c3141?s=96&d=mm&r=g","url":"https:\/\/secure.gravatar.com\/avatar\/7a4cf8feb412a76ea4a740ca02d95b06b2907b5a6c648c2dd0a1082a093c3141?s=96&d=mm&r=g","contentUrl":"https:\/\/secure.gravatar.com\/avatar\/7a4cf8feb412a76ea4a740ca02d95b06b2907b5a6c648c2dd0a1082a093c3141?s=96&d=mm&r=g","caption":"Comunicaci\u00f3 Esplac"}}]}},"_links":{"self":[{"href":"https:\/\/www.esplac.cat\/es\/wp-json\/wp\/v2\/posts\/47746","targetHints":{"allow":["GET"]}}],"collection":[{"href":"https:\/\/www.esplac.cat\/es\/wp-json\/wp\/v2\/posts"}],"about":[{"href":"https:\/\/www.esplac.cat\/es\/wp-json\/wp\/v2\/types\/post"}],"author":[{"embeddable":true,"href":"https:\/\/www.esplac.cat\/es\/wp-json\/wp\/v2\/users\/3"}],"replies":[{"embeddable":true,"href":"https:\/\/www.esplac.cat\/es\/wp-json\/wp\/v2\/comments?post=47746"}],"version-history":[{"count":0,"href":"https:\/\/www.esplac.cat\/es\/wp-json\/wp\/v2\/posts\/47746\/revisions"}],"wp:featuredmedia":[{"embeddable":true,"href":"https:\/\/www.esplac.cat\/es\/wp-json\/wp\/v2\/media\/47747"}],"wp:attachment":[{"href":"https:\/\/www.esplac.cat\/es\/wp-json\/wp\/v2\/media?parent=47746"}],"wp:term":[{"taxonomy":"category","embeddable":true,"href":"https:\/\/www.esplac.cat\/es\/wp-json\/wp\/v2\/categories?post=47746"},{"taxonomy":"post_tag","embeddable":true,"href":"https:\/\/www.esplac.cat\/es\/wp-json\/wp\/v2\/tags?post=47746"}],"curies":[{"name":"wp","href":"https:\/\/api.w.org\/{rel}","templated":true}]}}