{"id":4789,"date":"2018-07-03T11:22:13","date_gmt":"2018-07-03T09:22:13","guid":{"rendered":"https:\/\/www.somesplai.cat\/?p=4789"},"modified":"2019-11-28T13:31:25","modified_gmt":"2019-11-28T12:31:25","slug":"sve-el-millor-any-de-la-meva-vida","status":"publish","type":"post","link":"https:\/\/www.esplac.cat\/es\/sve-el-millor-any-de-la-meva-vida\/","title":{"rendered":"SVE, el millor any de la meva vida"},"content":{"rendered":"<h5 class=\"p1\" style=\"text-align: justify;\">3-juliol-2018<\/h5>\n<p>Autora:&nbsp;<strong>Al\u00edcia Aranda<\/strong>, monitora de l\u2019<a href=\"https:\/\/esplaieixam.wordpress.com\/\">Esplai Eixam<\/a>&nbsp;de Rub\u00ed i participant en un SVE a Salzburg.<\/p>\n<hr>\n<p style=\"text-align: justify;\">Tot va comen\u00e7ar fa dos anys en un campament internacional on vaig tenir l&#8217;oportunitat de treballar amb moltes organitzacions semblants a Esplac d\u2019arreu del m\u00f3n. Per aquest motiu, en quant vaig veure que s\u2019obria una convocat\u00f2ria per participar en una SVE d\u2019intercanvi amb una d\u2019elles, no vaig poder estar-me de dir que s\u00ed!<\/p>\n<p style=\"text-align: justify;\">Tot s\u2019ha de dir, un cop t\u2019han acceptat entra la por: qu\u00e8 passar\u00e0, estar\u00e9 sola, no he viscut sola mai, no coneixo a ning\u00fa, etc. Per\u00f2 un cop hi arribes i t\u2019hi instal\u00b7les, et tornes a sentir a casa, i et sents m\u00e9s tu que mai. Els primers dies s\u00f3n sempre una mica incerts, en la meva segona setmana a&nbsp;<strong>Salzburg<\/strong>&nbsp;era el meu aniversari, i em feia molta por celebrar-ho tot sola, per\u00f2 resulta que va coincidir amb l\u2019Oktoberfest, i vam acabar tots els voluntaris i antics voluntaris que s\u2019hi han quedat a viure fent una gran festassa!<\/p>\n<p style=\"text-align: justify;\">Tamb\u00e9 hi havia el problema del temps, em preocupava trobar&nbsp;a faltar el calor i bon temps, per\u00f2 vaig descobrir noves alternatives! Vaig fer ninots de neu, vaig patinar sobre un llac congelat (fins i tot en un RIU congelat!), vaig dormir en un igl\u00fa&#8230; Vaig veure que aqu\u00ed la gent est\u00e0 acostumada a aquest temps i aix\u00f2 no els priva de fer vida i activitats de tota mena, tant d\u2019interior o d\u2019exterior, i vaig decidir que a mi tampoc em pararia.<\/p>\n<p style=\"text-align: justify;\">Des de la meva experi\u00e8ncia, als voluntaris ens cuiden molt, tant organitzant-nos esmorzars o fent reunions amb els nostres mentors o realitzant excursions mensualment. A part,&nbsp; vivint tots en el mateix edifici ajuda a&nbsp;fer pinya i no&nbsp;sentir-te&nbsp;sol, especialment al principi. Personalment, tenir gent que estava passant pel mateix que jo era molt d\u2019agra\u00efr!<\/p>\n<p style=\"text-align: justify;\">Durant aquest any he tingut l&#8217;oportunitat de con\u00e8ixer molt\u00edssima gent, i no nom\u00e9s els altres voluntaris, he apr\u00e8s un idioma nou, noves tradicions i cultures, aportant parts de mi en el meu projecte i organitzaci\u00f3 d\u2019acollida. Tamb\u00e9 m\u2019ha ajudat a descobrir el que realment m\u2019agrada fer, motiu pel qual comen\u00e7ar\u00e9 a estudiar treball social l\u2019any vinent. He pogut descobrir-me a mi mateixa i veure que s\u00f3c capa\u00e7 de molt m\u00e9s del que mai hagu\u00e9s imaginat. A m\u00e9s, he apr\u00e8s molt sobre el treball social i de barri, i com gestionar situacions de conflicte en els parcs.<\/p>\n<p style=\"text-align: justify;\"><strong>Fer un&nbsp;SVE \u00e9s una experi\u00e8ncia \u00fanica i meravellosa<\/strong>, jo us la recomano a totes. Mai \u00e9s un mal moment per viatjar i aprendre.<\/p>\n<p>&nbsp;<\/p>\n<p style=\"text-align: justify;\">&nbsp;<\/p>\n<p style=\"text-align: justify;\">&nbsp;<\/p>\n<p style=\"text-align: justify;\"><a href=\"https:\/\/www.somesplai.cat\/wp-content\/uploads\/2018\/07\/IMG_20180318_153620_839.jpg\"><img decoding=\"async\" class=\"wp-image-4787 alignright\" src=\"https:\/\/www.somesplai.cat\/wp-content\/uploads\/2018\/07\/IMG_20180318_153620_839.jpg\" alt=\"IMG_20180318_153620_839\" width=\"305\" height=\"305\"><\/a><\/p>\n<p style=\"text-align: justify;\"><a href=\"https:\/\/www.somesplai.cat\/wp-content\/uploads\/2018\/07\/WhatsApp-Image-2017-11-05-at-18.11.50.jpeg\"><img decoding=\"async\" class=\"aligncenter wp-image-4783\" src=\"https:\/\/www.somesplai.cat\/wp-content\/uploads\/2018\/07\/WhatsApp-Image-2017-11-05-at-18.11.50.jpeg\" alt=\"WhatsApp Image 2017-11-05 at 18.11.50\" width=\"314\" height=\"314\"><\/a><\/p>\n<p style=\"text-align: justify;\">&nbsp;<\/p>\n<p style=\"text-align: justify;\"><a href=\"https:\/\/www.somesplai.cat\/wp-content\/uploads\/2018\/07\/IMG-20180527-WA0007.jpg\"><img decoding=\"async\" class=\"wp-image-4788 aligncenter\" src=\"https:\/\/www.somesplai.cat\/wp-content\/uploads\/2018\/07\/IMG-20180527-WA0007.jpg\" alt=\"IMG-20180527-WA0007\" width=\"356\" height=\"200\"><\/a><\/p>\n<p style=\"text-align: justify;\">&nbsp;<\/p>\n","protected":false},"excerpt":{"rendered":"<p>3-juliol-2018 Autora:&nbsp;Al\u00edcia Aranda, monitora de l\u2019Esplai Eixam&nbsp;de Rub\u00ed i participant [&hellip;]<\/p>\n","protected":false},"author":3,"featured_media":4784,"comment_status":"closed","ping_status":"closed","sticky":false,"template":"","format":"standard","meta":{"om_disable_all_campaigns":false,"_monsterinsights_skip_tracking":false,"_monsterinsights_sitenote_active":false,"_monsterinsights_sitenote_note":"","_monsterinsights_sitenote_category":0,"_uf_show_specific_survey":0,"_uf_disable_surveys":false,"footnotes":""},"categories":[1168],"tags":[1185,187],"class_list":["post-4789","post","type-post","status-publish","format-standard","has-post-thumbnail","hentry","category-creuant_mirades","tag-salzburg","tag-sve"],"yoast_head":"<!-- This site is optimized with the Yoast SEO plugin v27.5 - https:\/\/yoast.com\/product\/yoast-seo-wordpress\/ -->\n<title>SVE, el millor any de la meva vida - Esplac<\/title>\n<meta name=\"robots\" content=\"index, follow, max-snippet:-1, max-image-preview:large, max-video-preview:-1\" \/>\n<link rel=\"canonical\" href=\"https:\/\/www.esplac.cat\/sve-el-millor-any-de-la-meva-vida\/\" \/>\n<meta property=\"og:locale\" content=\"es_ES\" \/>\n<meta property=\"og:type\" content=\"article\" \/>\n<meta property=\"og:title\" content=\"SVE, el millor any de la meva vida - Esplac\" \/>\n<meta property=\"og:description\" content=\"3-juliol-2018 Autora:&nbsp;Al\u00edcia Aranda, monitora de l\u2019Esplai Eixam&nbsp;de Rub\u00ed i participant [&hellip;]\" \/>\n<meta property=\"og:url\" content=\"https:\/\/www.esplac.cat\/sve-el-millor-any-de-la-meva-vida\/\" \/>\n<meta property=\"og:site_name\" content=\"Esplac\" \/>\n<meta property=\"article:published_time\" content=\"2018-07-03T09:22:13+00:00\" \/>\n<meta property=\"article:modified_time\" content=\"2019-11-28T12:31:25+00:00\" \/>\n<meta property=\"og:image\" content=\"https:\/\/www.esplac.cat\/wp-content\/uploads\/2019\/11\/logo-open.jpg\" \/>\n\t<meta property=\"og:image:width\" content=\"1200\" \/>\n\t<meta property=\"og:image:height\" content=\"630\" \/>\n\t<meta property=\"og:image:type\" content=\"image\/jpeg\" \/>\n<meta name=\"author\" content=\"Comunicaci\u00f3 Esplac\" \/>\n<meta name=\"twitter:card\" content=\"summary_large_image\" \/>\n<meta name=\"twitter:label1\" content=\"Escrito por\" \/>\n\t<meta name=\"twitter:data1\" content=\"Comunicaci\u00f3 Esplac\" \/>\n\t<meta name=\"twitter:label2\" content=\"Tiempo de lectura\" \/>\n\t<meta name=\"twitter:data2\" content=\"2 minutos\" \/>\n<script type=\"application\/ld+json\" class=\"yoast-schema-graph\">{\"@context\":\"https:\\\/\\\/schema.org\",\"@graph\":[{\"@type\":\"Article\",\"@id\":\"https:\\\/\\\/www.esplac.cat\\\/sve-el-millor-any-de-la-meva-vida\\\/#article\",\"isPartOf\":{\"@id\":\"https:\\\/\\\/www.esplac.cat\\\/sve-el-millor-any-de-la-meva-vida\\\/\"},\"author\":{\"name\":\"Comunicaci\u00f3 Esplac\",\"@id\":\"https:\\\/\\\/www.esplac.cat\\\/#\\\/schema\\\/person\\\/908383cf240be18b68f8855d0583faca\"},\"headline\":\"SVE, el millor any de la meva vida\",\"datePublished\":\"2018-07-03T09:22:13+00:00\",\"dateModified\":\"2019-11-28T12:31:25+00:00\",\"mainEntityOfPage\":{\"@id\":\"https:\\\/\\\/www.esplac.cat\\\/sve-el-millor-any-de-la-meva-vida\\\/\"},\"wordCount\":489,\"publisher\":{\"@id\":\"https:\\\/\\\/www.esplac.cat\\\/#organization\"},\"image\":{\"@id\":\"https:\\\/\\\/www.esplac.cat\\\/sve-el-millor-any-de-la-meva-vida\\\/#primaryimage\"},\"thumbnailUrl\":\"\",\"keywords\":[\"Salzburg\",\"sve\"],\"articleSection\":[\"Creuant mirades\"],\"inLanguage\":\"es\"},{\"@type\":\"WebPage\",\"@id\":\"https:\\\/\\\/www.esplac.cat\\\/sve-el-millor-any-de-la-meva-vida\\\/\",\"url\":\"https:\\\/\\\/www.esplac.cat\\\/sve-el-millor-any-de-la-meva-vida\\\/\",\"name\":\"SVE, el millor any de la meva vida - Esplac\",\"isPartOf\":{\"@id\":\"https:\\\/\\\/www.esplac.cat\\\/#website\"},\"primaryImageOfPage\":{\"@id\":\"https:\\\/\\\/www.esplac.cat\\\/sve-el-millor-any-de-la-meva-vida\\\/#primaryimage\"},\"image\":{\"@id\":\"https:\\\/\\\/www.esplac.cat\\\/sve-el-millor-any-de-la-meva-vida\\\/#primaryimage\"},\"thumbnailUrl\":\"\",\"datePublished\":\"2018-07-03T09:22:13+00:00\",\"dateModified\":\"2019-11-28T12:31:25+00:00\",\"breadcrumb\":{\"@id\":\"https:\\\/\\\/www.esplac.cat\\\/sve-el-millor-any-de-la-meva-vida\\\/#breadcrumb\"},\"inLanguage\":\"es\",\"potentialAction\":[{\"@type\":\"ReadAction\",\"target\":[\"https:\\\/\\\/www.esplac.cat\\\/sve-el-millor-any-de-la-meva-vida\\\/\"]}]},{\"@type\":\"ImageObject\",\"inLanguage\":\"es\",\"@id\":\"https:\\\/\\\/www.esplac.cat\\\/sve-el-millor-any-de-la-meva-vida\\\/#primaryimage\",\"url\":\"\",\"contentUrl\":\"\"},{\"@type\":\"BreadcrumbList\",\"@id\":\"https:\\\/\\\/www.esplac.cat\\\/sve-el-millor-any-de-la-meva-vida\\\/#breadcrumb\",\"itemListElement\":[{\"@type\":\"ListItem\",\"position\":1,\"name\":\"Inici\",\"item\":\"https:\\\/\\\/www.esplac.cat\\\/es\\\/\"},{\"@type\":\"ListItem\",\"position\":2,\"name\":\"SVE, el millor any de la meva vida\"}]},{\"@type\":\"WebSite\",\"@id\":\"https:\\\/\\\/www.esplac.cat\\\/#website\",\"url\":\"https:\\\/\\\/www.esplac.cat\\\/\",\"name\":\"Esplac\",\"description\":\"Esplais Catalans\",\"publisher\":{\"@id\":\"https:\\\/\\\/www.esplac.cat\\\/#organization\"},\"potentialAction\":[{\"@type\":\"SearchAction\",\"target\":{\"@type\":\"EntryPoint\",\"urlTemplate\":\"https:\\\/\\\/www.esplac.cat\\\/?s={search_term_string}\"},\"query-input\":{\"@type\":\"PropertyValueSpecification\",\"valueRequired\":true,\"valueName\":\"search_term_string\"}}],\"inLanguage\":\"es\"},{\"@type\":\"Organization\",\"@id\":\"https:\\\/\\\/www.esplac.cat\\\/#organization\",\"name\":\"Esplac\",\"url\":\"https:\\\/\\\/www.esplac.cat\\\/\",\"logo\":{\"@type\":\"ImageObject\",\"inLanguage\":\"es\",\"@id\":\"https:\\\/\\\/www.esplac.cat\\\/#\\\/schema\\\/logo\\\/image\\\/\",\"url\":\"https:\\\/\\\/www.esplac.cat\\\/wp-content\\\/uploads\\\/2019\\\/08\\\/logox2.png\",\"contentUrl\":\"https:\\\/\\\/www.esplac.cat\\\/wp-content\\\/uploads\\\/2019\\\/08\\\/logox2.png\",\"width\":600,\"height\":295,\"caption\":\"Esplac\"},\"image\":{\"@id\":\"https:\\\/\\\/www.esplac.cat\\\/#\\\/schema\\\/logo\\\/image\\\/\"}},{\"@type\":\"Person\",\"@id\":\"https:\\\/\\\/www.esplac.cat\\\/#\\\/schema\\\/person\\\/908383cf240be18b68f8855d0583faca\",\"name\":\"Comunicaci\u00f3 Esplac\",\"image\":{\"@type\":\"ImageObject\",\"inLanguage\":\"es\",\"@id\":\"https:\\\/\\\/secure.gravatar.com\\\/avatar\\\/7a4cf8feb412a76ea4a740ca02d95b06b2907b5a6c648c2dd0a1082a093c3141?s=96&d=mm&r=g\",\"url\":\"https:\\\/\\\/secure.gravatar.com\\\/avatar\\\/7a4cf8feb412a76ea4a740ca02d95b06b2907b5a6c648c2dd0a1082a093c3141?s=96&d=mm&r=g\",\"contentUrl\":\"https:\\\/\\\/secure.gravatar.com\\\/avatar\\\/7a4cf8feb412a76ea4a740ca02d95b06b2907b5a6c648c2dd0a1082a093c3141?s=96&d=mm&r=g\",\"caption\":\"Comunicaci\u00f3 Esplac\"}}]}<\/script>\n<!-- \/ Yoast SEO plugin. -->","yoast_head_json":{"title":"SVE, el millor any de la meva vida - Esplac","robots":{"index":"index","follow":"follow","max-snippet":"max-snippet:-1","max-image-preview":"max-image-preview:large","max-video-preview":"max-video-preview:-1"},"canonical":"https:\/\/www.esplac.cat\/sve-el-millor-any-de-la-meva-vida\/","og_locale":"es_ES","og_type":"article","og_title":"SVE, el millor any de la meva vida - Esplac","og_description":"3-juliol-2018 Autora:&nbsp;Al\u00edcia Aranda, monitora de l\u2019Esplai Eixam&nbsp;de Rub\u00ed i participant [&hellip;]","og_url":"https:\/\/www.esplac.cat\/sve-el-millor-any-de-la-meva-vida\/","og_site_name":"Esplac","article_published_time":"2018-07-03T09:22:13+00:00","article_modified_time":"2019-11-28T12:31:25+00:00","og_image":[{"width":1200,"height":630,"url":"https:\/\/www.esplac.cat\/wp-content\/uploads\/2019\/11\/logo-open.jpg","type":"image\/jpeg"}],"author":"Comunicaci\u00f3 Esplac","twitter_card":"summary_large_image","twitter_misc":{"Escrito por":"Comunicaci\u00f3 Esplac","Tiempo de lectura":"2 minutos"},"schema":{"@context":"https:\/\/schema.org","@graph":[{"@type":"Article","@id":"https:\/\/www.esplac.cat\/sve-el-millor-any-de-la-meva-vida\/#article","isPartOf":{"@id":"https:\/\/www.esplac.cat\/sve-el-millor-any-de-la-meva-vida\/"},"author":{"name":"Comunicaci\u00f3 Esplac","@id":"https:\/\/www.esplac.cat\/#\/schema\/person\/908383cf240be18b68f8855d0583faca"},"headline":"SVE, el millor any de la meva vida","datePublished":"2018-07-03T09:22:13+00:00","dateModified":"2019-11-28T12:31:25+00:00","mainEntityOfPage":{"@id":"https:\/\/www.esplac.cat\/sve-el-millor-any-de-la-meva-vida\/"},"wordCount":489,"publisher":{"@id":"https:\/\/www.esplac.cat\/#organization"},"image":{"@id":"https:\/\/www.esplac.cat\/sve-el-millor-any-de-la-meva-vida\/#primaryimage"},"thumbnailUrl":"","keywords":["Salzburg","sve"],"articleSection":["Creuant mirades"],"inLanguage":"es"},{"@type":"WebPage","@id":"https:\/\/www.esplac.cat\/sve-el-millor-any-de-la-meva-vida\/","url":"https:\/\/www.esplac.cat\/sve-el-millor-any-de-la-meva-vida\/","name":"SVE, el millor any de la meva vida - Esplac","isPartOf":{"@id":"https:\/\/www.esplac.cat\/#website"},"primaryImageOfPage":{"@id":"https:\/\/www.esplac.cat\/sve-el-millor-any-de-la-meva-vida\/#primaryimage"},"image":{"@id":"https:\/\/www.esplac.cat\/sve-el-millor-any-de-la-meva-vida\/#primaryimage"},"thumbnailUrl":"","datePublished":"2018-07-03T09:22:13+00:00","dateModified":"2019-11-28T12:31:25+00:00","breadcrumb":{"@id":"https:\/\/www.esplac.cat\/sve-el-millor-any-de-la-meva-vida\/#breadcrumb"},"inLanguage":"es","potentialAction":[{"@type":"ReadAction","target":["https:\/\/www.esplac.cat\/sve-el-millor-any-de-la-meva-vida\/"]}]},{"@type":"ImageObject","inLanguage":"es","@id":"https:\/\/www.esplac.cat\/sve-el-millor-any-de-la-meva-vida\/#primaryimage","url":"","contentUrl":""},{"@type":"BreadcrumbList","@id":"https:\/\/www.esplac.cat\/sve-el-millor-any-de-la-meva-vida\/#breadcrumb","itemListElement":[{"@type":"ListItem","position":1,"name":"Inici","item":"https:\/\/www.esplac.cat\/es\/"},{"@type":"ListItem","position":2,"name":"SVE, el millor any de la meva vida"}]},{"@type":"WebSite","@id":"https:\/\/www.esplac.cat\/#website","url":"https:\/\/www.esplac.cat\/","name":"Esplac","description":"Esplais Catalans","publisher":{"@id":"https:\/\/www.esplac.cat\/#organization"},"potentialAction":[{"@type":"SearchAction","target":{"@type":"EntryPoint","urlTemplate":"https:\/\/www.esplac.cat\/?s={search_term_string}"},"query-input":{"@type":"PropertyValueSpecification","valueRequired":true,"valueName":"search_term_string"}}],"inLanguage":"es"},{"@type":"Organization","@id":"https:\/\/www.esplac.cat\/#organization","name":"Esplac","url":"https:\/\/www.esplac.cat\/","logo":{"@type":"ImageObject","inLanguage":"es","@id":"https:\/\/www.esplac.cat\/#\/schema\/logo\/image\/","url":"https:\/\/www.esplac.cat\/wp-content\/uploads\/2019\/08\/logox2.png","contentUrl":"https:\/\/www.esplac.cat\/wp-content\/uploads\/2019\/08\/logox2.png","width":600,"height":295,"caption":"Esplac"},"image":{"@id":"https:\/\/www.esplac.cat\/#\/schema\/logo\/image\/"}},{"@type":"Person","@id":"https:\/\/www.esplac.cat\/#\/schema\/person\/908383cf240be18b68f8855d0583faca","name":"Comunicaci\u00f3 Esplac","image":{"@type":"ImageObject","inLanguage":"es","@id":"https:\/\/secure.gravatar.com\/avatar\/7a4cf8feb412a76ea4a740ca02d95b06b2907b5a6c648c2dd0a1082a093c3141?s=96&d=mm&r=g","url":"https:\/\/secure.gravatar.com\/avatar\/7a4cf8feb412a76ea4a740ca02d95b06b2907b5a6c648c2dd0a1082a093c3141?s=96&d=mm&r=g","contentUrl":"https:\/\/secure.gravatar.com\/avatar\/7a4cf8feb412a76ea4a740ca02d95b06b2907b5a6c648c2dd0a1082a093c3141?s=96&d=mm&r=g","caption":"Comunicaci\u00f3 Esplac"}}]}},"_links":{"self":[{"href":"https:\/\/www.esplac.cat\/es\/wp-json\/wp\/v2\/posts\/4789","targetHints":{"allow":["GET"]}}],"collection":[{"href":"https:\/\/www.esplac.cat\/es\/wp-json\/wp\/v2\/posts"}],"about":[{"href":"https:\/\/www.esplac.cat\/es\/wp-json\/wp\/v2\/types\/post"}],"author":[{"embeddable":true,"href":"https:\/\/www.esplac.cat\/es\/wp-json\/wp\/v2\/users\/3"}],"replies":[{"embeddable":true,"href":"https:\/\/www.esplac.cat\/es\/wp-json\/wp\/v2\/comments?post=4789"}],"version-history":[{"count":0,"href":"https:\/\/www.esplac.cat\/es\/wp-json\/wp\/v2\/posts\/4789\/revisions"}],"wp:featuredmedia":[{"embeddable":true,"href":"https:\/\/www.esplac.cat\/es\/wp-json\/"}],"wp:attachment":[{"href":"https:\/\/www.esplac.cat\/es\/wp-json\/wp\/v2\/media?parent=4789"}],"wp:term":[{"taxonomy":"category","embeddable":true,"href":"https:\/\/www.esplac.cat\/es\/wp-json\/wp\/v2\/categories?post=4789"},{"taxonomy":"post_tag","embeddable":true,"href":"https:\/\/www.esplac.cat\/es\/wp-json\/wp\/v2\/tags?post=4789"}],"curies":[{"name":"wp","href":"https:\/\/api.w.org\/{rel}","templated":true}]}}