{"id":47890,"date":"2023-10-23T09:53:29","date_gmt":"2023-10-23T07:53:29","guid":{"rendered":"https:\/\/www.esplac.cat\/?p=47890"},"modified":"2023-10-23T10:33:41","modified_gmt":"2023-10-23T08:33:41","slug":"reflexions-i-collaboracio-internacional-el-compromis-desplac-a-viena","status":"publish","type":"post","link":"https:\/\/www.esplac.cat\/es\/reflexions-i-collaboracio-internacional-el-compromis-desplac-a-viena\/","title":{"rendered":"Reflexions i col\u00b7laboraci\u00f3 Internacional: El Comprom\u00eds d&#8217;Esplac a Viena"},"content":{"rendered":"<p>Autoria: Iris Garcia, Representant de la Comissi\u00f3 Internacional, Shes Paez, Representant de la Comissi\u00f3 Internacional, i Cristina Gotzens, Equip de Coordinaci\u00f3.<\/p>\n<hr \/>\n<p>Hola! Som la Cris, la Shes i la Iris de la <span style=\"color: #f69d0b;\"><a style=\"color: #f69d0b;\" href=\"https:\/\/www.esplac.cat\/internacional\/\" target=\"_blank\" rel=\"noopener\"><strong>Comissi\u00f3 Internacional d\u2019Esplac<\/strong><\/a><\/span>. Del 29 de setembre a l\u20191 d&#8217;octubre, vam viatjar a Viena per participar en la reuni\u00f3 del Comit\u00e8 Internacional de l\u2019<span style=\"color: #f69d0b;\"><strong><a style=\"color: #f69d0b;\" href=\"https:\/\/ifm-sei.org\/\" target=\"_blank\" rel=\"noopener\">IFM-SEI<\/a><\/strong><\/span> (International Falcon Movement &#8211; Socialist Educational International). Aquesta organitzaci\u00f3 internacional \u00e9s l&#8217;entitat paraig\u00fces d\u2019Esplac i de moltes altres organitzacions juvenils d\u2019arreu del m\u00f3n. La trobada va ser una oportunitat \u00fanica per discutir el futur i el valor de l&#8217;organitzaci\u00f3, aix\u00ed com per establir col\u00b7laboracions i compartir coneixements amb altres moviments similars.<\/p>\n<p>Una de les pr<span style=\"color: #000000;\">incipals q\u00fcestions que es van discutir va ser la import\u00e0ncia de revisar la constituci\u00f3 i les estructures de l&#8217;organitzaci\u00f3, per tal de fer-les m\u00e9s justes i equitatives. Va destacar el comprom\u00eds de les<\/span> organitzacions de fer un pas endavant, de ser agents del canvi. A m\u00e9s, la reuni\u00f3 a Viena va ser l&#8217;ocasi\u00f3 perfecta per a la segona trobada de l&#8217;<span style=\"color: #f69d0b;\"><a style=\"color: #f69d0b;\" href=\"https:\/\/ifm-sei.org\/efn_societyisours-2\/\" target=\"_blank\" rel=\"noopener\"><strong>EFN<\/strong><\/a><\/span> (European Falcon Network) de l&#8217;any. L<span style=\"color: #000000;\">&#8216;EFN<\/span> \u00e9s una xarxa de col\u00b7laboraci\u00f3 europea que reuneix a diferents organitzacions membres de l&#8217;IFM-SEI a Europa. En aquesta reuni\u00f3, les i els membres van tenir l&#8217;oportunitat de compartir les activitats i iniciatives que han estat desenvolupant en els seus respectius pa\u00efsos, aix\u00ed com aprendre de les experi\u00e8ncies d&#8217;altres organitzacions.<\/p>\n<p>Aquesta trobada va ser una mostra de l&#8217;esperit de col\u00b7laboraci\u00f3 i solidaritat que impregna a la comunitat d&#8217;Esplac i l&#8217;IFM-SEI . \u00c9s un recordatori de la import\u00e0ncia de treballar juntes i junts per a fer avan\u00e7ar les nostres causes i assolir els objectius compartits. Les experi\u00e8ncies i els aprenentatges d&#8217;aquesta reuni\u00f3 serviran per enfortir a la Comissi\u00f3 Internacional i les seves accions futures. Alhora, ha estat una bona ocasi\u00f3 per a establir nous vincles amb altres organitzacions que comparteixen la nostra visi\u00f3 de crear un m\u00f3n millor.<\/p>\n<p>No nom\u00e9s va ser una oportunitat per a discutir i debatre, sin\u00f3 tamb\u00e9 per a celebrar la unitat i la diversitat que fa d&#8217;Esplac una organitzaci\u00f3 influent. <strong>Tornem a casa amb noves idees i perspectives, amb una renovada passi\u00f3 per a continuar treballant cap a un futur m\u00e9s just i sostenible, i aix\u00ed de contentes!<\/strong><\/p>\n\n\t\t<style type=\"text\/css\">\n\t\t\t#gallery-1 {\n\t\t\t\tmargin: auto;\n\t\t\t}\n\t\t\t#gallery-1 .gallery-item {\n\t\t\t\tfloat: left;\n\t\t\t\tmargin-top: 10px;\n\t\t\t\ttext-align: center;\n\t\t\t\twidth: 33%;\n\t\t\t}\n\t\t\t#gallery-1 img {\n\t\t\t\tborder: 2px solid #cfcfcf;\n\t\t\t}\n\t\t\t#gallery-1 .gallery-caption {\n\t\t\t\tmargin-left: 0;\n\t\t\t}\n\t\t\t\/* see gallery_shortcode() in wp-includes\/media.php *\/\n\t\t<\/style>\n\t\t<div id='gallery-1' class='gallery galleryid-47890 gallery-columns-3 gallery-size-fusion-600'><dl class='gallery-item'>\n\t\t\t<dt class='gallery-icon landscape'>\n\t\t\t\t<a data-rel=\"iLightbox[postimages]\" data-title=\"1\" data-caption=\"\" href='https:\/\/www.esplac.cat\/es\/1-48-2\/'><img decoding=\"async\" width=\"600\" height=\"600\" src=\"https:\/\/www.esplac.cat\/wp-content\/uploads\/2023\/10\/1-4-600x600.jpg\" class=\"attachment-fusion-600 size-fusion-600\" alt=\"IFM-SEI\" srcset=\"https:\/\/www.esplac.cat\/wp-content\/uploads\/2023\/10\/1-4-66x66.jpg 66w, https:\/\/www.esplac.cat\/wp-content\/uploads\/2023\/10\/1-4-150x150.jpg 150w, https:\/\/www.esplac.cat\/wp-content\/uploads\/2023\/10\/1-4-200x200.jpg 200w, https:\/\/www.esplac.cat\/wp-content\/uploads\/2023\/10\/1-4-300x300.jpg 300w, https:\/\/www.esplac.cat\/wp-content\/uploads\/2023\/10\/1-4-400x400.jpg 400w, https:\/\/www.esplac.cat\/wp-content\/uploads\/2023\/10\/1-4-600x600.jpg 600w, https:\/\/www.esplac.cat\/wp-content\/uploads\/2023\/10\/1-4-768x768.jpg 768w, https:\/\/www.esplac.cat\/wp-content\/uploads\/2023\/10\/1-4-800x800.jpg 800w, https:\/\/www.esplac.cat\/wp-content\/uploads\/2023\/10\/1-4-1024x1024.jpg 1024w, https:\/\/www.esplac.cat\/wp-content\/uploads\/2023\/10\/1-4.jpg 1080w\" sizes=\"(max-width: 600px) 100vw, 600px\" \/><\/a>\n\t\t\t<\/dt><\/dl><dl class='gallery-item'>\n\t\t\t<dt class='gallery-icon landscape'>\n\t\t\t\t<a data-rel=\"iLightbox[postimages]\" data-title=\"2\" data-caption=\"\" href='https:\/\/www.esplac.cat\/es\/2-63-2\/'><img decoding=\"async\" width=\"600\" height=\"600\" src=\"https:\/\/www.esplac.cat\/wp-content\/uploads\/2023\/10\/2-3-600x600.jpg\" class=\"attachment-fusion-600 size-fusion-600\" alt=\"IFM-SEI\" srcset=\"https:\/\/www.esplac.cat\/wp-content\/uploads\/2023\/10\/2-3-66x66.jpg 66w, https:\/\/www.esplac.cat\/wp-content\/uploads\/2023\/10\/2-3-150x150.jpg 150w, https:\/\/www.esplac.cat\/wp-content\/uploads\/2023\/10\/2-3-200x200.jpg 200w, https:\/\/www.esplac.cat\/wp-content\/uploads\/2023\/10\/2-3-300x300.jpg 300w, https:\/\/www.esplac.cat\/wp-content\/uploads\/2023\/10\/2-3-400x400.jpg 400w, https:\/\/www.esplac.cat\/wp-content\/uploads\/2023\/10\/2-3-600x600.jpg 600w, https:\/\/www.esplac.cat\/wp-content\/uploads\/2023\/10\/2-3-768x768.jpg 768w, https:\/\/www.esplac.cat\/wp-content\/uploads\/2023\/10\/2-3-800x800.jpg 800w, https:\/\/www.esplac.cat\/wp-content\/uploads\/2023\/10\/2-3-1024x1024.jpg 1024w, https:\/\/www.esplac.cat\/wp-content\/uploads\/2023\/10\/2-3.jpg 1080w\" sizes=\"(max-width: 600px) 100vw, 600px\" \/><\/a>\n\t\t\t<\/dt><\/dl><dl class='gallery-item'>\n\t\t\t<dt class='gallery-icon landscape'>\n\t\t\t\t<a data-rel=\"iLightbox[postimages]\" data-title=\"3\" data-caption=\"\" href='https:\/\/www.esplac.cat\/es\/3-36-2\/'><img decoding=\"async\" width=\"600\" height=\"600\" src=\"https:\/\/www.esplac.cat\/wp-content\/uploads\/2023\/10\/3-2-600x600.jpg\" class=\"attachment-fusion-600 size-fusion-600\" alt=\"IFM-SEI\" srcset=\"https:\/\/www.esplac.cat\/wp-content\/uploads\/2023\/10\/3-2-66x66.jpg 66w, https:\/\/www.esplac.cat\/wp-content\/uploads\/2023\/10\/3-2-150x150.jpg 150w, https:\/\/www.esplac.cat\/wp-content\/uploads\/2023\/10\/3-2-200x200.jpg 200w, https:\/\/www.esplac.cat\/wp-content\/uploads\/2023\/10\/3-2-300x300.jpg 300w, https:\/\/www.esplac.cat\/wp-content\/uploads\/2023\/10\/3-2-400x400.jpg 400w, https:\/\/www.esplac.cat\/wp-content\/uploads\/2023\/10\/3-2-600x600.jpg 600w, https:\/\/www.esplac.cat\/wp-content\/uploads\/2023\/10\/3-2-768x768.jpg 768w, https:\/\/www.esplac.cat\/wp-content\/uploads\/2023\/10\/3-2-800x800.jpg 800w, https:\/\/www.esplac.cat\/wp-content\/uploads\/2023\/10\/3-2-1024x1024.jpg 1024w, https:\/\/www.esplac.cat\/wp-content\/uploads\/2023\/10\/3-2.jpg 1080w\" sizes=\"(max-width: 600px) 100vw, 600px\" \/><\/a>\n\t\t\t<\/dt><\/dl><br style=\"clear: both\" \/>\n\t\t<\/div>\n\n","protected":false},"excerpt":{"rendered":"<p>Autoria: Iris Garcia, Representant de la Comissi\u00f3 Internacional, Shes Paez, [&hellip;]<\/p>\n","protected":false},"author":3,"featured_media":47894,"comment_status":"closed","ping_status":"closed","sticky":false,"template":"","format":"standard","meta":{"om_disable_all_campaigns":false,"_monsterinsights_skip_tracking":false,"_monsterinsights_sitenote_active":false,"_monsterinsights_sitenote_note":"","_monsterinsights_sitenote_category":0,"_uf_show_specific_survey":0,"_uf_disable_surveys":false,"footnotes":""},"categories":[1168],"tags":[],"class_list":["post-47890","post","type-post","status-publish","format-standard","has-post-thumbnail","hentry","category-creuant_mirades"],"yoast_head":"<!-- This site is optimized with the Yoast SEO plugin v27.4 - https:\/\/yoast.com\/product\/yoast-seo-wordpress\/ -->\n<title>Reflexions i col\u00b7laboraci\u00f3 Internacional: El Comprom\u00eds d&#039;Esplac a Viena - Esplac<\/title>\n<meta name=\"description\" content=\"Del 29 de setembre a l\u20191 d&#039;octubre, vam viatjar a Viena per participar en la reuni\u00f3 del Comit\u00e8Internacional de l\u2019IFM-SEI!\" \/>\n<meta name=\"robots\" content=\"index, follow, max-snippet:-1, max-image-preview:large, max-video-preview:-1\" \/>\n<link rel=\"canonical\" href=\"https:\/\/www.esplac.cat\/reflexions-i-collaboracio-internacional-el-compromis-desplac-a-viena\/\" \/>\n<meta property=\"og:locale\" content=\"es_ES\" \/>\n<meta property=\"og:type\" content=\"article\" \/>\n<meta property=\"og:title\" content=\"Reflexions i col\u00b7laboraci\u00f3 Internacional: El Comprom\u00eds d&#039;Esplac a Viena - Esplac\" \/>\n<meta property=\"og:description\" content=\"Del 29 de setembre a l\u20191 d&#039;octubre, vam viatjar a Viena per participar en la reuni\u00f3 del Comit\u00e8Internacional de l\u2019IFM-SEI!\" \/>\n<meta property=\"og:url\" content=\"https:\/\/www.esplac.cat\/reflexions-i-collaboracio-internacional-el-compromis-desplac-a-viena\/\" \/>\n<meta property=\"og:site_name\" content=\"Esplac\" \/>\n<meta property=\"article:published_time\" content=\"2023-10-23T07:53:29+00:00\" \/>\n<meta property=\"article:modified_time\" content=\"2023-10-23T08:33:41+00:00\" \/>\n<meta property=\"og:image\" content=\"https:\/\/www.esplac.cat\/wp-content\/uploads\/2023\/10\/Portades-Web-4.jpg\" \/>\n\t<meta property=\"og:image:width\" content=\"1697\" \/>\n\t<meta property=\"og:image:height\" content=\"700\" \/>\n\t<meta property=\"og:image:type\" content=\"image\/jpeg\" \/>\n<meta name=\"author\" content=\"Comunicaci\u00f3 Esplac\" \/>\n<meta name=\"twitter:card\" content=\"summary_large_image\" \/>\n<meta name=\"twitter:label1\" content=\"Escrito por\" \/>\n\t<meta name=\"twitter:data1\" content=\"Comunicaci\u00f3 Esplac\" \/>\n\t<meta name=\"twitter:label2\" content=\"Tiempo de lectura\" \/>\n\t<meta name=\"twitter:data2\" content=\"3 minutos\" \/>\n<script type=\"application\/ld+json\" class=\"yoast-schema-graph\">{\"@context\":\"https:\\\/\\\/schema.org\",\"@graph\":[{\"@type\":\"Article\",\"@id\":\"https:\\\/\\\/www.esplac.cat\\\/reflexions-i-collaboracio-internacional-el-compromis-desplac-a-viena\\\/#article\",\"isPartOf\":{\"@id\":\"https:\\\/\\\/www.esplac.cat\\\/reflexions-i-collaboracio-internacional-el-compromis-desplac-a-viena\\\/\"},\"author\":{\"name\":\"Comunicaci\u00f3 Esplac\",\"@id\":\"https:\\\/\\\/www.esplac.cat\\\/#\\\/schema\\\/person\\\/908383cf240be18b68f8855d0583faca\"},\"headline\":\"Reflexions i col\u00b7laboraci\u00f3 Internacional: El Comprom\u00eds d&#8217;Esplac a Viena\",\"datePublished\":\"2023-10-23T07:53:29+00:00\",\"dateModified\":\"2023-10-23T08:33:41+00:00\",\"mainEntityOfPage\":{\"@id\":\"https:\\\/\\\/www.esplac.cat\\\/reflexions-i-collaboracio-internacional-el-compromis-desplac-a-viena\\\/\"},\"wordCount\":420,\"publisher\":{\"@id\":\"https:\\\/\\\/www.esplac.cat\\\/#organization\"},\"image\":{\"@id\":\"https:\\\/\\\/www.esplac.cat\\\/reflexions-i-collaboracio-internacional-el-compromis-desplac-a-viena\\\/#primaryimage\"},\"thumbnailUrl\":\"https:\\\/\\\/www.esplac.cat\\\/wp-content\\\/uploads\\\/2023\\\/10\\\/Portades-Web-4.jpg\",\"articleSection\":[\"Creuant mirades\"],\"inLanguage\":\"es\"},{\"@type\":\"WebPage\",\"@id\":\"https:\\\/\\\/www.esplac.cat\\\/reflexions-i-collaboracio-internacional-el-compromis-desplac-a-viena\\\/\",\"url\":\"https:\\\/\\\/www.esplac.cat\\\/reflexions-i-collaboracio-internacional-el-compromis-desplac-a-viena\\\/\",\"name\":\"Reflexions i col\u00b7laboraci\u00f3 Internacional: El Comprom\u00eds d'Esplac a Viena - Esplac\",\"isPartOf\":{\"@id\":\"https:\\\/\\\/www.esplac.cat\\\/#website\"},\"primaryImageOfPage\":{\"@id\":\"https:\\\/\\\/www.esplac.cat\\\/reflexions-i-collaboracio-internacional-el-compromis-desplac-a-viena\\\/#primaryimage\"},\"image\":{\"@id\":\"https:\\\/\\\/www.esplac.cat\\\/reflexions-i-collaboracio-internacional-el-compromis-desplac-a-viena\\\/#primaryimage\"},\"thumbnailUrl\":\"https:\\\/\\\/www.esplac.cat\\\/wp-content\\\/uploads\\\/2023\\\/10\\\/Portades-Web-4.jpg\",\"datePublished\":\"2023-10-23T07:53:29+00:00\",\"dateModified\":\"2023-10-23T08:33:41+00:00\",\"description\":\"Del 29 de setembre a l\u20191 d'octubre, vam viatjar a Viena per participar en la reuni\u00f3 del Comit\u00e8Internacional de l\u2019IFM-SEI!\",\"breadcrumb\":{\"@id\":\"https:\\\/\\\/www.esplac.cat\\\/reflexions-i-collaboracio-internacional-el-compromis-desplac-a-viena\\\/#breadcrumb\"},\"inLanguage\":\"es\",\"potentialAction\":[{\"@type\":\"ReadAction\",\"target\":[\"https:\\\/\\\/www.esplac.cat\\\/reflexions-i-collaboracio-internacional-el-compromis-desplac-a-viena\\\/\"]}]},{\"@type\":\"ImageObject\",\"inLanguage\":\"es\",\"@id\":\"https:\\\/\\\/www.esplac.cat\\\/reflexions-i-collaboracio-internacional-el-compromis-desplac-a-viena\\\/#primaryimage\",\"url\":\"https:\\\/\\\/www.esplac.cat\\\/wp-content\\\/uploads\\\/2023\\\/10\\\/Portades-Web-4.jpg\",\"contentUrl\":\"https:\\\/\\\/www.esplac.cat\\\/wp-content\\\/uploads\\\/2023\\\/10\\\/Portades-Web-4.jpg\",\"width\":1697,\"height\":700,\"caption\":\"IFM-SEI\"},{\"@type\":\"BreadcrumbList\",\"@id\":\"https:\\\/\\\/www.esplac.cat\\\/reflexions-i-collaboracio-internacional-el-compromis-desplac-a-viena\\\/#breadcrumb\",\"itemListElement\":[{\"@type\":\"ListItem\",\"position\":1,\"name\":\"Inici\",\"item\":\"https:\\\/\\\/www.esplac.cat\\\/es\\\/\"},{\"@type\":\"ListItem\",\"position\":2,\"name\":\"Reflexions i col\u00b7laboraci\u00f3 Internacional: El Comprom\u00eds d&#8217;Esplac a Viena\"}]},{\"@type\":\"WebSite\",\"@id\":\"https:\\\/\\\/www.esplac.cat\\\/#website\",\"url\":\"https:\\\/\\\/www.esplac.cat\\\/\",\"name\":\"Esplac\",\"description\":\"Esplais Catalans\",\"publisher\":{\"@id\":\"https:\\\/\\\/www.esplac.cat\\\/#organization\"},\"potentialAction\":[{\"@type\":\"SearchAction\",\"target\":{\"@type\":\"EntryPoint\",\"urlTemplate\":\"https:\\\/\\\/www.esplac.cat\\\/?s={search_term_string}\"},\"query-input\":{\"@type\":\"PropertyValueSpecification\",\"valueRequired\":true,\"valueName\":\"search_term_string\"}}],\"inLanguage\":\"es\"},{\"@type\":\"Organization\",\"@id\":\"https:\\\/\\\/www.esplac.cat\\\/#organization\",\"name\":\"Esplac\",\"url\":\"https:\\\/\\\/www.esplac.cat\\\/\",\"logo\":{\"@type\":\"ImageObject\",\"inLanguage\":\"es\",\"@id\":\"https:\\\/\\\/www.esplac.cat\\\/#\\\/schema\\\/logo\\\/image\\\/\",\"url\":\"https:\\\/\\\/www.esplac.cat\\\/wp-content\\\/uploads\\\/2019\\\/08\\\/logox2.png\",\"contentUrl\":\"https:\\\/\\\/www.esplac.cat\\\/wp-content\\\/uploads\\\/2019\\\/08\\\/logox2.png\",\"width\":600,\"height\":295,\"caption\":\"Esplac\"},\"image\":{\"@id\":\"https:\\\/\\\/www.esplac.cat\\\/#\\\/schema\\\/logo\\\/image\\\/\"}},{\"@type\":\"Person\",\"@id\":\"https:\\\/\\\/www.esplac.cat\\\/#\\\/schema\\\/person\\\/908383cf240be18b68f8855d0583faca\",\"name\":\"Comunicaci\u00f3 Esplac\",\"image\":{\"@type\":\"ImageObject\",\"inLanguage\":\"es\",\"@id\":\"https:\\\/\\\/secure.gravatar.com\\\/avatar\\\/7a4cf8feb412a76ea4a740ca02d95b06b2907b5a6c648c2dd0a1082a093c3141?s=96&d=mm&r=g\",\"url\":\"https:\\\/\\\/secure.gravatar.com\\\/avatar\\\/7a4cf8feb412a76ea4a740ca02d95b06b2907b5a6c648c2dd0a1082a093c3141?s=96&d=mm&r=g\",\"contentUrl\":\"https:\\\/\\\/secure.gravatar.com\\\/avatar\\\/7a4cf8feb412a76ea4a740ca02d95b06b2907b5a6c648c2dd0a1082a093c3141?s=96&d=mm&r=g\",\"caption\":\"Comunicaci\u00f3 Esplac\"}}]}<\/script>\n<!-- \/ Yoast SEO plugin. -->","yoast_head_json":{"title":"Reflexions i col\u00b7laboraci\u00f3 Internacional: El Comprom\u00eds d'Esplac a Viena - Esplac","description":"Del 29 de setembre a l\u20191 d'octubre, vam viatjar a Viena per participar en la reuni\u00f3 del Comit\u00e8Internacional de l\u2019IFM-SEI!","robots":{"index":"index","follow":"follow","max-snippet":"max-snippet:-1","max-image-preview":"max-image-preview:large","max-video-preview":"max-video-preview:-1"},"canonical":"https:\/\/www.esplac.cat\/reflexions-i-collaboracio-internacional-el-compromis-desplac-a-viena\/","og_locale":"es_ES","og_type":"article","og_title":"Reflexions i col\u00b7laboraci\u00f3 Internacional: El Comprom\u00eds d'Esplac a Viena - Esplac","og_description":"Del 29 de setembre a l\u20191 d'octubre, vam viatjar a Viena per participar en la reuni\u00f3 del Comit\u00e8Internacional de l\u2019IFM-SEI!","og_url":"https:\/\/www.esplac.cat\/reflexions-i-collaboracio-internacional-el-compromis-desplac-a-viena\/","og_site_name":"Esplac","article_published_time":"2023-10-23T07:53:29+00:00","article_modified_time":"2023-10-23T08:33:41+00:00","og_image":[{"width":1697,"height":700,"url":"https:\/\/www.esplac.cat\/wp-content\/uploads\/2023\/10\/Portades-Web-4.jpg","type":"image\/jpeg"}],"author":"Comunicaci\u00f3 Esplac","twitter_card":"summary_large_image","twitter_misc":{"Escrito por":"Comunicaci\u00f3 Esplac","Tiempo de lectura":"3 minutos"},"schema":{"@context":"https:\/\/schema.org","@graph":[{"@type":"Article","@id":"https:\/\/www.esplac.cat\/reflexions-i-collaboracio-internacional-el-compromis-desplac-a-viena\/#article","isPartOf":{"@id":"https:\/\/www.esplac.cat\/reflexions-i-collaboracio-internacional-el-compromis-desplac-a-viena\/"},"author":{"name":"Comunicaci\u00f3 Esplac","@id":"https:\/\/www.esplac.cat\/#\/schema\/person\/908383cf240be18b68f8855d0583faca"},"headline":"Reflexions i col\u00b7laboraci\u00f3 Internacional: El Comprom\u00eds d&#8217;Esplac a Viena","datePublished":"2023-10-23T07:53:29+00:00","dateModified":"2023-10-23T08:33:41+00:00","mainEntityOfPage":{"@id":"https:\/\/www.esplac.cat\/reflexions-i-collaboracio-internacional-el-compromis-desplac-a-viena\/"},"wordCount":420,"publisher":{"@id":"https:\/\/www.esplac.cat\/#organization"},"image":{"@id":"https:\/\/www.esplac.cat\/reflexions-i-collaboracio-internacional-el-compromis-desplac-a-viena\/#primaryimage"},"thumbnailUrl":"https:\/\/www.esplac.cat\/wp-content\/uploads\/2023\/10\/Portades-Web-4.jpg","articleSection":["Creuant mirades"],"inLanguage":"es"},{"@type":"WebPage","@id":"https:\/\/www.esplac.cat\/reflexions-i-collaboracio-internacional-el-compromis-desplac-a-viena\/","url":"https:\/\/www.esplac.cat\/reflexions-i-collaboracio-internacional-el-compromis-desplac-a-viena\/","name":"Reflexions i col\u00b7laboraci\u00f3 Internacional: El Comprom\u00eds d'Esplac a Viena - Esplac","isPartOf":{"@id":"https:\/\/www.esplac.cat\/#website"},"primaryImageOfPage":{"@id":"https:\/\/www.esplac.cat\/reflexions-i-collaboracio-internacional-el-compromis-desplac-a-viena\/#primaryimage"},"image":{"@id":"https:\/\/www.esplac.cat\/reflexions-i-collaboracio-internacional-el-compromis-desplac-a-viena\/#primaryimage"},"thumbnailUrl":"https:\/\/www.esplac.cat\/wp-content\/uploads\/2023\/10\/Portades-Web-4.jpg","datePublished":"2023-10-23T07:53:29+00:00","dateModified":"2023-10-23T08:33:41+00:00","description":"Del 29 de setembre a l\u20191 d'octubre, vam viatjar a Viena per participar en la reuni\u00f3 del Comit\u00e8Internacional de l\u2019IFM-SEI!","breadcrumb":{"@id":"https:\/\/www.esplac.cat\/reflexions-i-collaboracio-internacional-el-compromis-desplac-a-viena\/#breadcrumb"},"inLanguage":"es","potentialAction":[{"@type":"ReadAction","target":["https:\/\/www.esplac.cat\/reflexions-i-collaboracio-internacional-el-compromis-desplac-a-viena\/"]}]},{"@type":"ImageObject","inLanguage":"es","@id":"https:\/\/www.esplac.cat\/reflexions-i-collaboracio-internacional-el-compromis-desplac-a-viena\/#primaryimage","url":"https:\/\/www.esplac.cat\/wp-content\/uploads\/2023\/10\/Portades-Web-4.jpg","contentUrl":"https:\/\/www.esplac.cat\/wp-content\/uploads\/2023\/10\/Portades-Web-4.jpg","width":1697,"height":700,"caption":"IFM-SEI"},{"@type":"BreadcrumbList","@id":"https:\/\/www.esplac.cat\/reflexions-i-collaboracio-internacional-el-compromis-desplac-a-viena\/#breadcrumb","itemListElement":[{"@type":"ListItem","position":1,"name":"Inici","item":"https:\/\/www.esplac.cat\/es\/"},{"@type":"ListItem","position":2,"name":"Reflexions i col\u00b7laboraci\u00f3 Internacional: El Comprom\u00eds d&#8217;Esplac a Viena"}]},{"@type":"WebSite","@id":"https:\/\/www.esplac.cat\/#website","url":"https:\/\/www.esplac.cat\/","name":"Esplac","description":"Esplais Catalans","publisher":{"@id":"https:\/\/www.esplac.cat\/#organization"},"potentialAction":[{"@type":"SearchAction","target":{"@type":"EntryPoint","urlTemplate":"https:\/\/www.esplac.cat\/?s={search_term_string}"},"query-input":{"@type":"PropertyValueSpecification","valueRequired":true,"valueName":"search_term_string"}}],"inLanguage":"es"},{"@type":"Organization","@id":"https:\/\/www.esplac.cat\/#organization","name":"Esplac","url":"https:\/\/www.esplac.cat\/","logo":{"@type":"ImageObject","inLanguage":"es","@id":"https:\/\/www.esplac.cat\/#\/schema\/logo\/image\/","url":"https:\/\/www.esplac.cat\/wp-content\/uploads\/2019\/08\/logox2.png","contentUrl":"https:\/\/www.esplac.cat\/wp-content\/uploads\/2019\/08\/logox2.png","width":600,"height":295,"caption":"Esplac"},"image":{"@id":"https:\/\/www.esplac.cat\/#\/schema\/logo\/image\/"}},{"@type":"Person","@id":"https:\/\/www.esplac.cat\/#\/schema\/person\/908383cf240be18b68f8855d0583faca","name":"Comunicaci\u00f3 Esplac","image":{"@type":"ImageObject","inLanguage":"es","@id":"https:\/\/secure.gravatar.com\/avatar\/7a4cf8feb412a76ea4a740ca02d95b06b2907b5a6c648c2dd0a1082a093c3141?s=96&d=mm&r=g","url":"https:\/\/secure.gravatar.com\/avatar\/7a4cf8feb412a76ea4a740ca02d95b06b2907b5a6c648c2dd0a1082a093c3141?s=96&d=mm&r=g","contentUrl":"https:\/\/secure.gravatar.com\/avatar\/7a4cf8feb412a76ea4a740ca02d95b06b2907b5a6c648c2dd0a1082a093c3141?s=96&d=mm&r=g","caption":"Comunicaci\u00f3 Esplac"}}]}},"_links":{"self":[{"href":"https:\/\/www.esplac.cat\/es\/wp-json\/wp\/v2\/posts\/47890","targetHints":{"allow":["GET"]}}],"collection":[{"href":"https:\/\/www.esplac.cat\/es\/wp-json\/wp\/v2\/posts"}],"about":[{"href":"https:\/\/www.esplac.cat\/es\/wp-json\/wp\/v2\/types\/post"}],"author":[{"embeddable":true,"href":"https:\/\/www.esplac.cat\/es\/wp-json\/wp\/v2\/users\/3"}],"replies":[{"embeddable":true,"href":"https:\/\/www.esplac.cat\/es\/wp-json\/wp\/v2\/comments?post=47890"}],"version-history":[{"count":0,"href":"https:\/\/www.esplac.cat\/es\/wp-json\/wp\/v2\/posts\/47890\/revisions"}],"wp:featuredmedia":[{"embeddable":true,"href":"https:\/\/www.esplac.cat\/es\/wp-json\/wp\/v2\/media\/47894"}],"wp:attachment":[{"href":"https:\/\/www.esplac.cat\/es\/wp-json\/wp\/v2\/media?parent=47890"}],"wp:term":[{"taxonomy":"category","embeddable":true,"href":"https:\/\/www.esplac.cat\/es\/wp-json\/wp\/v2\/categories?post=47890"},{"taxonomy":"post_tag","embeddable":true,"href":"https:\/\/www.esplac.cat\/es\/wp-json\/wp\/v2\/tags?post=47890"}],"curies":[{"name":"wp","href":"https:\/\/api.w.org\/{rel}","templated":true}]}}