{"id":47909,"date":"2023-10-24T12:31:44","date_gmt":"2023-10-24T10:31:44","guid":{"rendered":"https:\/\/www.esplac.cat\/?p=47909"},"modified":"2023-10-24T12:41:26","modified_gmt":"2023-10-24T10:41:26","slug":"combatem-lecoansietat-amb-les-x-jornades-ambientals","status":"publish","type":"post","link":"https:\/\/www.esplac.cat\/es\/combatem-lecoansietat-amb-les-x-jornades-ambientals\/","title":{"rendered":"Combatem l\u2019ecoansietat amb les X Jornades Ambientals"},"content":{"rendered":"<h6><b>El passat diumenge 22 d\u2019octubre es va celebrar la desena edici\u00f3 de les Jornades Ambientals a Can Crehuet.<\/b><\/h6>\n<p><span style=\"font-weight: 300;\">La desena edici\u00f3 de les <strong><span style=\"color: #f69d0b;\"><a style=\"color: #f69d0b;\" href=\"https:\/\/www.esplac.cat\/formacions\/jornades-ambientals\/\" target=\"_blank\" rel=\"noopener\">Jornades Ambientals<\/a><\/span><\/strong> va comen\u00e7ar a les 10h de mat\u00ed. Despr\u00e9s dels rigorosos minuts de cortesia per a aquells m\u00e9s tocatardans, la <\/span><b>J\u00falia Hosta<\/b><span style=\"font-weight: 300;\"> va encetar la jornada amb una pon\u00e8ncia que abordava qu\u00e8 \u00e9s l\u2019ecoansietat. La pon\u00e8ncia convidava a reflexionar sobre com educar en l\u2019esperan\u00e7a en un context desesperant i plantejava alguns canvis de mentalitat necessaris per abordar aquest tema des de l\u2019educaci\u00f3 en el lleure.\u00a0<\/span><\/p>\n<p><span style=\"font-weight: 300;\">Despr\u00e9s d\u2019un descans per esmorzar una mica de fruita, a c\u00e0rrec de la comissi\u00f3 Reduint Petjada, va arribar el moment del taller de <\/span><span style=\"color: #f69d0b;\"><a style=\"color: #f69d0b;\" href=\"https:\/\/www.ruidophoto.com\/es\/\"><b>RuidoPhoto<\/b><\/a><\/span><span style=\"font-weight: 300;\">, dinamitzat per la<\/span><b> Laia G\u00f3mez<\/b><span style=\"font-weight: 300;\"> i la <\/span><b>Mariona Olivella. <\/b><span style=\"font-weight: 300;\">A trav\u00e9s de tres reportatges fotogr\u00e0fics, el taller convidava a reflexionar sobre com el canvi clim\u00e0tic afecta en diverses realitats del planeta. En acabar, es van posar en com\u00fa les sensacions viscudes despr\u00e9s de con\u00e8ixer els relats darrere les fotografies.<\/span><\/p>\n<p><span style=\"font-weight: 300;\">Per \u00faltim, despr\u00e9s de dinar va arribar el torn del cinef\u00f2rum dinamitzat per <\/span><b>Karlos Castilla,<\/b><span style=\"font-weight: 300;\"> membre de l\u2019<\/span><span style=\"color: #f69d0b;\"><a style=\"color: #f69d0b;\" href=\"https:\/\/www.idhc.org\/ca\/\"><b>Institut de Drets Humans de Catalunya.<\/b><\/a> <\/span><span style=\"font-weight: 300;\">Aprofitant que RuidoPhoto ha elaborat peces audiovisuals relacionades amb les s\u00e8ries fotogr\u00e0fiques que s&#8217;havien treballat al mat\u00ed, el cineforum va girar al voltant d&#8217;aquestes. Aix\u00ed, durant el debat es va aprofundir en la tem\u00e0tica particular de cadascuna de les peces amb la mirada posada en els drets humans.\u00a0<\/span><\/p>\n<p><span style=\"font-weight: 300;\">Amb tot, les Jornades Ambientals han tingut una valoraci\u00f3 positiva! S b\u00e9 \u00e9s cert que no \u00e9s f\u00e0cil combatre l\u2019ecoansietat en el <\/span><i><span style=\"font-weight: 300;\">context desesperant<\/span><\/i><span style=\"font-weight: 300;\"> en qu\u00e8 ens trobem, \u00e9s vital canviar el relat i comen\u00e7ar el canvi des de baix.<\/span><\/p>\n\n\t\t<style type=\"text\/css\">\n\t\t\t#gallery-1 {\n\t\t\t\tmargin: auto;\n\t\t\t}\n\t\t\t#gallery-1 .gallery-item {\n\t\t\t\tfloat: left;\n\t\t\t\tmargin-top: 10px;\n\t\t\t\ttext-align: center;\n\t\t\t\twidth: 33%;\n\t\t\t}\n\t\t\t#gallery-1 img {\n\t\t\t\tborder: 2px solid #cfcfcf;\n\t\t\t}\n\t\t\t#gallery-1 .gallery-caption {\n\t\t\t\tmargin-left: 0;\n\t\t\t}\n\t\t\t\/* see gallery_shortcode() in wp-includes\/media.php *\/\n\t\t<\/style>\n\t\t<div id='gallery-1' class='gallery galleryid-47909 gallery-columns-3 gallery-size-fusion-600'><dl class='gallery-item'>\n\t\t\t<dt class='gallery-icon landscape'>\n\t\t\t\t<a data-rel=\"iLightbox[postimages]\" data-title=\"3\" data-caption=\"\" href='https:\/\/www.esplac.cat\/es\/3-37-2\/'><img decoding=\"async\" width=\"600\" height=\"600\" src=\"https:\/\/www.esplac.cat\/wp-content\/uploads\/2023\/10\/3-3-600x600.jpg\" class=\"attachment-fusion-600 size-fusion-600\" alt=\"Jornades Ambientals\" srcset=\"https:\/\/www.esplac.cat\/wp-content\/uploads\/2023\/10\/3-3-66x66.jpg 66w, https:\/\/www.esplac.cat\/wp-content\/uploads\/2023\/10\/3-3-150x150.jpg 150w, https:\/\/www.esplac.cat\/wp-content\/uploads\/2023\/10\/3-3-200x200.jpg 200w, https:\/\/www.esplac.cat\/wp-content\/uploads\/2023\/10\/3-3-300x300.jpg 300w, https:\/\/www.esplac.cat\/wp-content\/uploads\/2023\/10\/3-3-400x400.jpg 400w, https:\/\/www.esplac.cat\/wp-content\/uploads\/2023\/10\/3-3-600x600.jpg 600w, https:\/\/www.esplac.cat\/wp-content\/uploads\/2023\/10\/3-3-768x768.jpg 768w, https:\/\/www.esplac.cat\/wp-content\/uploads\/2023\/10\/3-3-800x800.jpg 800w, https:\/\/www.esplac.cat\/wp-content\/uploads\/2023\/10\/3-3-1024x1024.jpg 1024w, https:\/\/www.esplac.cat\/wp-content\/uploads\/2023\/10\/3-3.jpg 1080w\" sizes=\"(max-width: 600px) 100vw, 600px\" \/><\/a>\n\t\t\t<\/dt><\/dl><dl class='gallery-item'>\n\t\t\t<dt class='gallery-icon landscape'>\n\t\t\t\t<a data-rel=\"iLightbox[postimages]\" data-title=\"4\" data-caption=\"\" href='https:\/\/www.esplac.cat\/es\/4-23-2\/'><img decoding=\"async\" width=\"600\" height=\"600\" src=\"https:\/\/www.esplac.cat\/wp-content\/uploads\/2023\/10\/4-2-600x600.jpg\" class=\"attachment-fusion-600 size-fusion-600\" alt=\"Jornades Ambientals\" srcset=\"https:\/\/www.esplac.cat\/wp-content\/uploads\/2023\/10\/4-2-66x66.jpg 66w, https:\/\/www.esplac.cat\/wp-content\/uploads\/2023\/10\/4-2-150x150.jpg 150w, https:\/\/www.esplac.cat\/wp-content\/uploads\/2023\/10\/4-2-200x200.jpg 200w, https:\/\/www.esplac.cat\/wp-content\/uploads\/2023\/10\/4-2-300x300.jpg 300w, https:\/\/www.esplac.cat\/wp-content\/uploads\/2023\/10\/4-2-400x400.jpg 400w, https:\/\/www.esplac.cat\/wp-content\/uploads\/2023\/10\/4-2-600x600.jpg 600w, https:\/\/www.esplac.cat\/wp-content\/uploads\/2023\/10\/4-2-768x768.jpg 768w, https:\/\/www.esplac.cat\/wp-content\/uploads\/2023\/10\/4-2-800x800.jpg 800w, https:\/\/www.esplac.cat\/wp-content\/uploads\/2023\/10\/4-2-1024x1024.jpg 1024w, https:\/\/www.esplac.cat\/wp-content\/uploads\/2023\/10\/4-2.jpg 1080w\" sizes=\"(max-width: 600px) 100vw, 600px\" \/><\/a>\n\t\t\t<\/dt><\/dl><dl class='gallery-item'>\n\t\t\t<dt class='gallery-icon landscape'>\n\t\t\t\t<a data-rel=\"iLightbox[postimages]\" data-title=\"5\" data-caption=\"\" href='https:\/\/www.esplac.cat\/es\/5-16-2\/'><img decoding=\"async\" width=\"600\" height=\"600\" src=\"https:\/\/www.esplac.cat\/wp-content\/uploads\/2023\/10\/5-1-600x600.jpg\" class=\"attachment-fusion-600 size-fusion-600\" alt=\"Jornades Ambientals\" srcset=\"https:\/\/www.esplac.cat\/wp-content\/uploads\/2023\/10\/5-1-66x66.jpg 66w, https:\/\/www.esplac.cat\/wp-content\/uploads\/2023\/10\/5-1-150x150.jpg 150w, https:\/\/www.esplac.cat\/wp-content\/uploads\/2023\/10\/5-1-200x200.jpg 200w, https:\/\/www.esplac.cat\/wp-content\/uploads\/2023\/10\/5-1-300x300.jpg 300w, https:\/\/www.esplac.cat\/wp-content\/uploads\/2023\/10\/5-1-400x400.jpg 400w, https:\/\/www.esplac.cat\/wp-content\/uploads\/2023\/10\/5-1-600x600.jpg 600w, https:\/\/www.esplac.cat\/wp-content\/uploads\/2023\/10\/5-1-768x768.jpg 768w, https:\/\/www.esplac.cat\/wp-content\/uploads\/2023\/10\/5-1-800x800.jpg 800w, https:\/\/www.esplac.cat\/wp-content\/uploads\/2023\/10\/5-1-1024x1024.jpg 1024w, https:\/\/www.esplac.cat\/wp-content\/uploads\/2023\/10\/5-1.jpg 1080w\" sizes=\"(max-width: 600px) 100vw, 600px\" \/><\/a>\n\t\t\t<\/dt><\/dl><br style=\"clear: both\" \/><dl class='gallery-item'>\n\t\t\t<dt class='gallery-icon landscape'>\n\t\t\t\t<a data-rel=\"iLightbox[postimages]\" data-title=\"6\" data-caption=\"\" href='https:\/\/www.esplac.cat\/es\/6-14-2\/'><img decoding=\"async\" width=\"600\" height=\"600\" src=\"https:\/\/www.esplac.cat\/wp-content\/uploads\/2023\/10\/6-1-600x600.jpg\" class=\"attachment-fusion-600 size-fusion-600\" alt=\"Jornades Ambientals\" srcset=\"https:\/\/www.esplac.cat\/wp-content\/uploads\/2023\/10\/6-1-66x66.jpg 66w, https:\/\/www.esplac.cat\/wp-content\/uploads\/2023\/10\/6-1-150x150.jpg 150w, https:\/\/www.esplac.cat\/wp-content\/uploads\/2023\/10\/6-1-200x200.jpg 200w, https:\/\/www.esplac.cat\/wp-content\/uploads\/2023\/10\/6-1-300x300.jpg 300w, https:\/\/www.esplac.cat\/wp-content\/uploads\/2023\/10\/6-1-400x400.jpg 400w, https:\/\/www.esplac.cat\/wp-content\/uploads\/2023\/10\/6-1-600x600.jpg 600w, https:\/\/www.esplac.cat\/wp-content\/uploads\/2023\/10\/6-1-768x768.jpg 768w, https:\/\/www.esplac.cat\/wp-content\/uploads\/2023\/10\/6-1-800x800.jpg 800w, https:\/\/www.esplac.cat\/wp-content\/uploads\/2023\/10\/6-1-1024x1024.jpg 1024w, https:\/\/www.esplac.cat\/wp-content\/uploads\/2023\/10\/6-1.jpg 1080w\" sizes=\"(max-width: 600px) 100vw, 600px\" \/><\/a>\n\t\t\t<\/dt><\/dl><dl class='gallery-item'>\n\t\t\t<dt class='gallery-icon landscape'>\n\t\t\t\t<a data-rel=\"iLightbox[postimages]\" data-title=\"1\" data-caption=\"\" href='https:\/\/www.esplac.cat\/es\/1-49-2\/'><img decoding=\"async\" width=\"600\" height=\"600\" src=\"https:\/\/www.esplac.cat\/wp-content\/uploads\/2023\/10\/1-5-600x600.jpg\" class=\"attachment-fusion-600 size-fusion-600\" alt=\"Jornades Ambientals\" srcset=\"https:\/\/www.esplac.cat\/wp-content\/uploads\/2023\/10\/1-5-66x66.jpg 66w, https:\/\/www.esplac.cat\/wp-content\/uploads\/2023\/10\/1-5-150x150.jpg 150w, https:\/\/www.esplac.cat\/wp-content\/uploads\/2023\/10\/1-5-200x200.jpg 200w, https:\/\/www.esplac.cat\/wp-content\/uploads\/2023\/10\/1-5-300x300.jpg 300w, https:\/\/www.esplac.cat\/wp-content\/uploads\/2023\/10\/1-5-400x400.jpg 400w, https:\/\/www.esplac.cat\/wp-content\/uploads\/2023\/10\/1-5-600x600.jpg 600w, https:\/\/www.esplac.cat\/wp-content\/uploads\/2023\/10\/1-5-768x768.jpg 768w, https:\/\/www.esplac.cat\/wp-content\/uploads\/2023\/10\/1-5-800x800.jpg 800w, https:\/\/www.esplac.cat\/wp-content\/uploads\/2023\/10\/1-5-1024x1024.jpg 1024w, https:\/\/www.esplac.cat\/wp-content\/uploads\/2023\/10\/1-5.jpg 1080w\" sizes=\"(max-width: 600px) 100vw, 600px\" \/><\/a>\n\t\t\t<\/dt><\/dl><dl class='gallery-item'>\n\t\t\t<dt class='gallery-icon landscape'>\n\t\t\t\t<a data-rel=\"iLightbox[postimages]\" data-title=\"2\" data-caption=\"\" href='https:\/\/www.esplac.cat\/es\/2-64-2\/'><img decoding=\"async\" width=\"600\" height=\"600\" src=\"https:\/\/www.esplac.cat\/wp-content\/uploads\/2023\/10\/2-4-600x600.jpg\" class=\"attachment-fusion-600 size-fusion-600\" alt=\"Jornades Ambientals\" srcset=\"https:\/\/www.esplac.cat\/wp-content\/uploads\/2023\/10\/2-4-66x66.jpg 66w, https:\/\/www.esplac.cat\/wp-content\/uploads\/2023\/10\/2-4-150x150.jpg 150w, https:\/\/www.esplac.cat\/wp-content\/uploads\/2023\/10\/2-4-200x200.jpg 200w, https:\/\/www.esplac.cat\/wp-content\/uploads\/2023\/10\/2-4-300x300.jpg 300w, https:\/\/www.esplac.cat\/wp-content\/uploads\/2023\/10\/2-4-400x400.jpg 400w, https:\/\/www.esplac.cat\/wp-content\/uploads\/2023\/10\/2-4-600x600.jpg 600w, https:\/\/www.esplac.cat\/wp-content\/uploads\/2023\/10\/2-4-768x768.jpg 768w, https:\/\/www.esplac.cat\/wp-content\/uploads\/2023\/10\/2-4-800x800.jpg 800w, https:\/\/www.esplac.cat\/wp-content\/uploads\/2023\/10\/2-4-1024x1024.jpg 1024w, https:\/\/www.esplac.cat\/wp-content\/uploads\/2023\/10\/2-4.jpg 1080w\" sizes=\"(max-width: 600px) 100vw, 600px\" \/><\/a>\n\t\t\t<\/dt><\/dl><br style=\"clear: both\" \/>\n\t\t<\/div>\n\n","protected":false},"excerpt":{"rendered":"<p>El passat diumenge 22 d\u2019octubre es va celebrar la desena [&hellip;]<\/p>\n","protected":false},"author":3,"featured_media":47910,"comment_status":"closed","ping_status":"closed","sticky":false,"template":"","format":"standard","meta":{"om_disable_all_campaigns":false,"_monsterinsights_skip_tracking":false,"_monsterinsights_sitenote_active":false,"_monsterinsights_sitenote_note":"","_monsterinsights_sitenote_category":0,"_uf_show_specific_survey":0,"_uf_disable_surveys":false,"footnotes":""},"categories":[1159],"tags":[],"class_list":["post-47909","post","type-post","status-publish","format-standard","has-post-thumbnail","hentry","category-jornades-ambientals"],"yoast_head":"<!-- This site is optimized with the Yoast SEO plugin v27.4 - https:\/\/yoast.com\/product\/yoast-seo-wordpress\/ -->\n<title>Combatem l\u2019ecoansietat amb les X Jornades Ambientals - Esplac<\/title>\n<meta name=\"description\" content=\"El passat diumenge 22 d\u2019octubre es va celebrar la desena edici\u00f3 de les Jornades Ambientals a Can Crehuet.\" \/>\n<meta name=\"robots\" content=\"index, follow, max-snippet:-1, max-image-preview:large, max-video-preview:-1\" \/>\n<link rel=\"canonical\" href=\"https:\/\/www.esplac.cat\/combatem-lecoansietat-amb-les-x-jornades-ambientals\/\" \/>\n<meta property=\"og:locale\" content=\"es_ES\" \/>\n<meta property=\"og:type\" content=\"article\" \/>\n<meta property=\"og:title\" content=\"Combatem l\u2019ecoansietat amb les X Jornades Ambientals - Esplac\" \/>\n<meta property=\"og:description\" content=\"El passat diumenge 22 d\u2019octubre es va celebrar la desena edici\u00f3 de les Jornades Ambientals a Can Crehuet.\" \/>\n<meta property=\"og:url\" content=\"https:\/\/www.esplac.cat\/combatem-lecoansietat-amb-les-x-jornades-ambientals\/\" \/>\n<meta property=\"og:site_name\" content=\"Esplac\" \/>\n<meta property=\"article:published_time\" content=\"2023-10-24T10:31:44+00:00\" \/>\n<meta property=\"article:modified_time\" content=\"2023-10-24T10:41:26+00:00\" \/>\n<meta property=\"og:image\" content=\"https:\/\/www.esplac.cat\/wp-content\/uploads\/2023\/10\/Portades-Web-5.jpg\" \/>\n\t<meta property=\"og:image:width\" content=\"1697\" \/>\n\t<meta property=\"og:image:height\" content=\"700\" \/>\n\t<meta property=\"og:image:type\" content=\"image\/jpeg\" \/>\n<meta name=\"author\" content=\"Comunicaci\u00f3 Esplac\" \/>\n<meta name=\"twitter:card\" content=\"summary_large_image\" \/>\n<meta name=\"twitter:label1\" content=\"Escrito por\" \/>\n\t<meta name=\"twitter:data1\" content=\"Comunicaci\u00f3 Esplac\" \/>\n\t<meta name=\"twitter:label2\" content=\"Tiempo de lectura\" \/>\n\t<meta name=\"twitter:data2\" content=\"2 minutos\" \/>\n<script type=\"application\/ld+json\" class=\"yoast-schema-graph\">{\"@context\":\"https:\\\/\\\/schema.org\",\"@graph\":[{\"@type\":\"Article\",\"@id\":\"https:\\\/\\\/www.esplac.cat\\\/combatem-lecoansietat-amb-les-x-jornades-ambientals\\\/#article\",\"isPartOf\":{\"@id\":\"https:\\\/\\\/www.esplac.cat\\\/combatem-lecoansietat-amb-les-x-jornades-ambientals\\\/\"},\"author\":{\"name\":\"Comunicaci\u00f3 Esplac\",\"@id\":\"https:\\\/\\\/www.esplac.cat\\\/#\\\/schema\\\/person\\\/908383cf240be18b68f8855d0583faca\"},\"headline\":\"Combatem l\u2019ecoansietat amb les X Jornades Ambientals\",\"datePublished\":\"2023-10-24T10:31:44+00:00\",\"dateModified\":\"2023-10-24T10:41:26+00:00\",\"mainEntityOfPage\":{\"@id\":\"https:\\\/\\\/www.esplac.cat\\\/combatem-lecoansietat-amb-les-x-jornades-ambientals\\\/\"},\"wordCount\":315,\"publisher\":{\"@id\":\"https:\\\/\\\/www.esplac.cat\\\/#organization\"},\"image\":{\"@id\":\"https:\\\/\\\/www.esplac.cat\\\/combatem-lecoansietat-amb-les-x-jornades-ambientals\\\/#primaryimage\"},\"thumbnailUrl\":\"https:\\\/\\\/www.esplac.cat\\\/wp-content\\\/uploads\\\/2023\\\/10\\\/Portades-Web-5.jpg\",\"articleSection\":[\"Jornades ambientals\"],\"inLanguage\":\"es\"},{\"@type\":\"WebPage\",\"@id\":\"https:\\\/\\\/www.esplac.cat\\\/combatem-lecoansietat-amb-les-x-jornades-ambientals\\\/\",\"url\":\"https:\\\/\\\/www.esplac.cat\\\/combatem-lecoansietat-amb-les-x-jornades-ambientals\\\/\",\"name\":\"Combatem l\u2019ecoansietat amb les X Jornades Ambientals - Esplac\",\"isPartOf\":{\"@id\":\"https:\\\/\\\/www.esplac.cat\\\/#website\"},\"primaryImageOfPage\":{\"@id\":\"https:\\\/\\\/www.esplac.cat\\\/combatem-lecoansietat-amb-les-x-jornades-ambientals\\\/#primaryimage\"},\"image\":{\"@id\":\"https:\\\/\\\/www.esplac.cat\\\/combatem-lecoansietat-amb-les-x-jornades-ambientals\\\/#primaryimage\"},\"thumbnailUrl\":\"https:\\\/\\\/www.esplac.cat\\\/wp-content\\\/uploads\\\/2023\\\/10\\\/Portades-Web-5.jpg\",\"datePublished\":\"2023-10-24T10:31:44+00:00\",\"dateModified\":\"2023-10-24T10:41:26+00:00\",\"description\":\"El passat diumenge 22 d\u2019octubre es va celebrar la desena edici\u00f3 de les Jornades Ambientals a Can Crehuet.\",\"breadcrumb\":{\"@id\":\"https:\\\/\\\/www.esplac.cat\\\/combatem-lecoansietat-amb-les-x-jornades-ambientals\\\/#breadcrumb\"},\"inLanguage\":\"es\",\"potentialAction\":[{\"@type\":\"ReadAction\",\"target\":[\"https:\\\/\\\/www.esplac.cat\\\/combatem-lecoansietat-amb-les-x-jornades-ambientals\\\/\"]}]},{\"@type\":\"ImageObject\",\"inLanguage\":\"es\",\"@id\":\"https:\\\/\\\/www.esplac.cat\\\/combatem-lecoansietat-amb-les-x-jornades-ambientals\\\/#primaryimage\",\"url\":\"https:\\\/\\\/www.esplac.cat\\\/wp-content\\\/uploads\\\/2023\\\/10\\\/Portades-Web-5.jpg\",\"contentUrl\":\"https:\\\/\\\/www.esplac.cat\\\/wp-content\\\/uploads\\\/2023\\\/10\\\/Portades-Web-5.jpg\",\"width\":1697,\"height\":700},{\"@type\":\"BreadcrumbList\",\"@id\":\"https:\\\/\\\/www.esplac.cat\\\/combatem-lecoansietat-amb-les-x-jornades-ambientals\\\/#breadcrumb\",\"itemListElement\":[{\"@type\":\"ListItem\",\"position\":1,\"name\":\"Inici\",\"item\":\"https:\\\/\\\/www.esplac.cat\\\/es\\\/\"},{\"@type\":\"ListItem\",\"position\":2,\"name\":\"Combatem l\u2019ecoansietat amb les X Jornades Ambientals\"}]},{\"@type\":\"WebSite\",\"@id\":\"https:\\\/\\\/www.esplac.cat\\\/#website\",\"url\":\"https:\\\/\\\/www.esplac.cat\\\/\",\"name\":\"Esplac\",\"description\":\"Esplais Catalans\",\"publisher\":{\"@id\":\"https:\\\/\\\/www.esplac.cat\\\/#organization\"},\"potentialAction\":[{\"@type\":\"SearchAction\",\"target\":{\"@type\":\"EntryPoint\",\"urlTemplate\":\"https:\\\/\\\/www.esplac.cat\\\/?s={search_term_string}\"},\"query-input\":{\"@type\":\"PropertyValueSpecification\",\"valueRequired\":true,\"valueName\":\"search_term_string\"}}],\"inLanguage\":\"es\"},{\"@type\":\"Organization\",\"@id\":\"https:\\\/\\\/www.esplac.cat\\\/#organization\",\"name\":\"Esplac\",\"url\":\"https:\\\/\\\/www.esplac.cat\\\/\",\"logo\":{\"@type\":\"ImageObject\",\"inLanguage\":\"es\",\"@id\":\"https:\\\/\\\/www.esplac.cat\\\/#\\\/schema\\\/logo\\\/image\\\/\",\"url\":\"https:\\\/\\\/www.esplac.cat\\\/wp-content\\\/uploads\\\/2019\\\/08\\\/logox2.png\",\"contentUrl\":\"https:\\\/\\\/www.esplac.cat\\\/wp-content\\\/uploads\\\/2019\\\/08\\\/logox2.png\",\"width\":600,\"height\":295,\"caption\":\"Esplac\"},\"image\":{\"@id\":\"https:\\\/\\\/www.esplac.cat\\\/#\\\/schema\\\/logo\\\/image\\\/\"}},{\"@type\":\"Person\",\"@id\":\"https:\\\/\\\/www.esplac.cat\\\/#\\\/schema\\\/person\\\/908383cf240be18b68f8855d0583faca\",\"name\":\"Comunicaci\u00f3 Esplac\",\"image\":{\"@type\":\"ImageObject\",\"inLanguage\":\"es\",\"@id\":\"https:\\\/\\\/secure.gravatar.com\\\/avatar\\\/7a4cf8feb412a76ea4a740ca02d95b06b2907b5a6c648c2dd0a1082a093c3141?s=96&d=mm&r=g\",\"url\":\"https:\\\/\\\/secure.gravatar.com\\\/avatar\\\/7a4cf8feb412a76ea4a740ca02d95b06b2907b5a6c648c2dd0a1082a093c3141?s=96&d=mm&r=g\",\"contentUrl\":\"https:\\\/\\\/secure.gravatar.com\\\/avatar\\\/7a4cf8feb412a76ea4a740ca02d95b06b2907b5a6c648c2dd0a1082a093c3141?s=96&d=mm&r=g\",\"caption\":\"Comunicaci\u00f3 Esplac\"}}]}<\/script>\n<!-- \/ Yoast SEO plugin. -->","yoast_head_json":{"title":"Combatem l\u2019ecoansietat amb les X Jornades Ambientals - Esplac","description":"El passat diumenge 22 d\u2019octubre es va celebrar la desena edici\u00f3 de les Jornades Ambientals a Can Crehuet.","robots":{"index":"index","follow":"follow","max-snippet":"max-snippet:-1","max-image-preview":"max-image-preview:large","max-video-preview":"max-video-preview:-1"},"canonical":"https:\/\/www.esplac.cat\/combatem-lecoansietat-amb-les-x-jornades-ambientals\/","og_locale":"es_ES","og_type":"article","og_title":"Combatem l\u2019ecoansietat amb les X Jornades Ambientals - Esplac","og_description":"El passat diumenge 22 d\u2019octubre es va celebrar la desena edici\u00f3 de les Jornades Ambientals a Can Crehuet.","og_url":"https:\/\/www.esplac.cat\/combatem-lecoansietat-amb-les-x-jornades-ambientals\/","og_site_name":"Esplac","article_published_time":"2023-10-24T10:31:44+00:00","article_modified_time":"2023-10-24T10:41:26+00:00","og_image":[{"width":1697,"height":700,"url":"https:\/\/www.esplac.cat\/wp-content\/uploads\/2023\/10\/Portades-Web-5.jpg","type":"image\/jpeg"}],"author":"Comunicaci\u00f3 Esplac","twitter_card":"summary_large_image","twitter_misc":{"Escrito por":"Comunicaci\u00f3 Esplac","Tiempo de lectura":"2 minutos"},"schema":{"@context":"https:\/\/schema.org","@graph":[{"@type":"Article","@id":"https:\/\/www.esplac.cat\/combatem-lecoansietat-amb-les-x-jornades-ambientals\/#article","isPartOf":{"@id":"https:\/\/www.esplac.cat\/combatem-lecoansietat-amb-les-x-jornades-ambientals\/"},"author":{"name":"Comunicaci\u00f3 Esplac","@id":"https:\/\/www.esplac.cat\/#\/schema\/person\/908383cf240be18b68f8855d0583faca"},"headline":"Combatem l\u2019ecoansietat amb les X Jornades Ambientals","datePublished":"2023-10-24T10:31:44+00:00","dateModified":"2023-10-24T10:41:26+00:00","mainEntityOfPage":{"@id":"https:\/\/www.esplac.cat\/combatem-lecoansietat-amb-les-x-jornades-ambientals\/"},"wordCount":315,"publisher":{"@id":"https:\/\/www.esplac.cat\/#organization"},"image":{"@id":"https:\/\/www.esplac.cat\/combatem-lecoansietat-amb-les-x-jornades-ambientals\/#primaryimage"},"thumbnailUrl":"https:\/\/www.esplac.cat\/wp-content\/uploads\/2023\/10\/Portades-Web-5.jpg","articleSection":["Jornades ambientals"],"inLanguage":"es"},{"@type":"WebPage","@id":"https:\/\/www.esplac.cat\/combatem-lecoansietat-amb-les-x-jornades-ambientals\/","url":"https:\/\/www.esplac.cat\/combatem-lecoansietat-amb-les-x-jornades-ambientals\/","name":"Combatem l\u2019ecoansietat amb les X Jornades Ambientals - Esplac","isPartOf":{"@id":"https:\/\/www.esplac.cat\/#website"},"primaryImageOfPage":{"@id":"https:\/\/www.esplac.cat\/combatem-lecoansietat-amb-les-x-jornades-ambientals\/#primaryimage"},"image":{"@id":"https:\/\/www.esplac.cat\/combatem-lecoansietat-amb-les-x-jornades-ambientals\/#primaryimage"},"thumbnailUrl":"https:\/\/www.esplac.cat\/wp-content\/uploads\/2023\/10\/Portades-Web-5.jpg","datePublished":"2023-10-24T10:31:44+00:00","dateModified":"2023-10-24T10:41:26+00:00","description":"El passat diumenge 22 d\u2019octubre es va celebrar la desena edici\u00f3 de les Jornades Ambientals a Can Crehuet.","breadcrumb":{"@id":"https:\/\/www.esplac.cat\/combatem-lecoansietat-amb-les-x-jornades-ambientals\/#breadcrumb"},"inLanguage":"es","potentialAction":[{"@type":"ReadAction","target":["https:\/\/www.esplac.cat\/combatem-lecoansietat-amb-les-x-jornades-ambientals\/"]}]},{"@type":"ImageObject","inLanguage":"es","@id":"https:\/\/www.esplac.cat\/combatem-lecoansietat-amb-les-x-jornades-ambientals\/#primaryimage","url":"https:\/\/www.esplac.cat\/wp-content\/uploads\/2023\/10\/Portades-Web-5.jpg","contentUrl":"https:\/\/www.esplac.cat\/wp-content\/uploads\/2023\/10\/Portades-Web-5.jpg","width":1697,"height":700},{"@type":"BreadcrumbList","@id":"https:\/\/www.esplac.cat\/combatem-lecoansietat-amb-les-x-jornades-ambientals\/#breadcrumb","itemListElement":[{"@type":"ListItem","position":1,"name":"Inici","item":"https:\/\/www.esplac.cat\/es\/"},{"@type":"ListItem","position":2,"name":"Combatem l\u2019ecoansietat amb les X Jornades Ambientals"}]},{"@type":"WebSite","@id":"https:\/\/www.esplac.cat\/#website","url":"https:\/\/www.esplac.cat\/","name":"Esplac","description":"Esplais Catalans","publisher":{"@id":"https:\/\/www.esplac.cat\/#organization"},"potentialAction":[{"@type":"SearchAction","target":{"@type":"EntryPoint","urlTemplate":"https:\/\/www.esplac.cat\/?s={search_term_string}"},"query-input":{"@type":"PropertyValueSpecification","valueRequired":true,"valueName":"search_term_string"}}],"inLanguage":"es"},{"@type":"Organization","@id":"https:\/\/www.esplac.cat\/#organization","name":"Esplac","url":"https:\/\/www.esplac.cat\/","logo":{"@type":"ImageObject","inLanguage":"es","@id":"https:\/\/www.esplac.cat\/#\/schema\/logo\/image\/","url":"https:\/\/www.esplac.cat\/wp-content\/uploads\/2019\/08\/logox2.png","contentUrl":"https:\/\/www.esplac.cat\/wp-content\/uploads\/2019\/08\/logox2.png","width":600,"height":295,"caption":"Esplac"},"image":{"@id":"https:\/\/www.esplac.cat\/#\/schema\/logo\/image\/"}},{"@type":"Person","@id":"https:\/\/www.esplac.cat\/#\/schema\/person\/908383cf240be18b68f8855d0583faca","name":"Comunicaci\u00f3 Esplac","image":{"@type":"ImageObject","inLanguage":"es","@id":"https:\/\/secure.gravatar.com\/avatar\/7a4cf8feb412a76ea4a740ca02d95b06b2907b5a6c648c2dd0a1082a093c3141?s=96&d=mm&r=g","url":"https:\/\/secure.gravatar.com\/avatar\/7a4cf8feb412a76ea4a740ca02d95b06b2907b5a6c648c2dd0a1082a093c3141?s=96&d=mm&r=g","contentUrl":"https:\/\/secure.gravatar.com\/avatar\/7a4cf8feb412a76ea4a740ca02d95b06b2907b5a6c648c2dd0a1082a093c3141?s=96&d=mm&r=g","caption":"Comunicaci\u00f3 Esplac"}}]}},"_links":{"self":[{"href":"https:\/\/www.esplac.cat\/es\/wp-json\/wp\/v2\/posts\/47909","targetHints":{"allow":["GET"]}}],"collection":[{"href":"https:\/\/www.esplac.cat\/es\/wp-json\/wp\/v2\/posts"}],"about":[{"href":"https:\/\/www.esplac.cat\/es\/wp-json\/wp\/v2\/types\/post"}],"author":[{"embeddable":true,"href":"https:\/\/www.esplac.cat\/es\/wp-json\/wp\/v2\/users\/3"}],"replies":[{"embeddable":true,"href":"https:\/\/www.esplac.cat\/es\/wp-json\/wp\/v2\/comments?post=47909"}],"version-history":[{"count":0,"href":"https:\/\/www.esplac.cat\/es\/wp-json\/wp\/v2\/posts\/47909\/revisions"}],"wp:featuredmedia":[{"embeddable":true,"href":"https:\/\/www.esplac.cat\/es\/wp-json\/wp\/v2\/media\/47910"}],"wp:attachment":[{"href":"https:\/\/www.esplac.cat\/es\/wp-json\/wp\/v2\/media?parent=47909"}],"wp:term":[{"taxonomy":"category","embeddable":true,"href":"https:\/\/www.esplac.cat\/es\/wp-json\/wp\/v2\/categories?post=47909"},{"taxonomy":"post_tag","embeddable":true,"href":"https:\/\/www.esplac.cat\/es\/wp-json\/wp\/v2\/tags?post=47909"}],"curies":[{"name":"wp","href":"https:\/\/api.w.org\/{rel}","templated":true}]}}