{"id":48167,"date":"2023-11-13T15:07:49","date_gmt":"2023-11-13T13:07:49","guid":{"rendered":"https:\/\/www.esplac.cat\/?p=48167"},"modified":"2023-11-13T15:07:49","modified_gmt":"2023-11-13T13:07:49","slug":"xiii-jornades-lleure-feminismes","status":"publish","type":"post","link":"https:\/\/www.esplac.cat\/es\/xiii-jornades-lleure-feminismes\/","title":{"rendered":"XIII Jornades de Lleure i Feminismes: aterrem el feminisme interseccional a l&#8217;esplai!"},"content":{"rendered":"<h6><strong>El diumenge, 5 de novembre, s&#8217;han celebrat les XIII Jornades de Lleure i Feminisme a l&#8217;Ateneu la B\u00f2bila de Barcelona, on hi han participat una setantena de persones d&#8217;Escoltes Catalans, Minyons Escoltes i Guies i Esplais Catalans.<\/strong><\/h6>\n<p>Les <strong><a href=\"https:\/\/www.esplac.cat\/formacions\/jornades-lleure-feminsimes\/\" target=\"_blank\" rel=\"noopener\"><span style=\"color: #f69d0b;\">Jornades de Lleure i Feminismes<\/span><\/a><\/strong> s\u00f3n un espai de trobada entre l&#8217;associacionisme educatiu i el moviment feminista i LGBTIQ. Un espai de col\u00b7laboraci\u00f3 que ens permet estendre discursos, teixir complicitats i intercanviar experi\u00e8ncies. Enguany l&#8217;<span style=\"color: #f69d0b;\"><strong><a style=\"color: #f69d0b;\" href=\"https:\/\/ateneulabobila.org\/\" target=\"_blank\" rel=\"noopener\">Ateneu la B\u00f2bila<\/a><\/strong><\/span> ha acollit la tretzena edici\u00f3 d&#8217;aquestes jornades, organitzades per l&#8217;<strong><a href=\"https:\/\/escolaelsol.coop\/\" target=\"_blank\" rel=\"noopener\"><span style=\"color: #f69d0b;\">Escola Lliure El Sol<\/span><\/a><\/strong>, <span style=\"color: #f69d0b;\"><strong><a style=\"color: #f69d0b;\" href=\"https:\/\/www.escoltes.org\/\" target=\"_blank\" rel=\"noopener\">Escoltes Catalans<\/a><\/strong><\/span>, <span style=\"color: #f69d0b;\"><strong><a style=\"color: #f69d0b;\" href=\"https:\/\/www.escoltesiguies.cat\/\" target=\"_blank\" rel=\"noopener\">Minyons Escoltes i Guies<\/a><\/strong><\/span> i <strong><a href=\"https:\/\/www.esplac.cat\/\" target=\"_blank\" rel=\"noopener\"><span style=\"color: #f69d0b;\">Esplais Catalans<\/span><\/a><\/strong>.<\/p>\n<p>Les jornades han arrencat a les 9:45 del mat\u00ed amb una pon\u00e8ncia d&#8217;obertura a c\u00e0rrec de l&#8217;\u00c0ngela de <strong><a href=\"https:\/\/www.curcuma.coop\/\" target=\"_blank\" rel=\"noopener\"><span style=\"color: #f69d0b;\">C\u00farcuma<\/span>.<\/a><\/strong> La pon\u00e8ncia s&#8217;ha centrat en el feminisme interseccional, destacant la import\u00e0ncia de recon\u00e8ixer les diverses opressions i privilegis que influeixen en les experi\u00e8ncies individuals. S&#8217;ha subratllat la necessitat de prendre consci\u00e8ncia i evitar personalitzar les din\u00e0miques, aix\u00ed com la import\u00e0ncia de parlar obertament sobre les opressions i de respectar les decisions de les persones afectades.<\/p>\n<p>Una hora despr\u00e9s, han comen\u00e7at els tallers del mat\u00ed, els quals s&#8217;han organitzat en tres eixos diferents. Al taller sobre \u00ab<strong>Feminisme antiracista i decolonial<\/strong>\u00ab, a c\u00e0rrec de <strong>Florencia Brizuela<\/strong>, s&#8217;ha definit el feminisme decolonial, contextualitzant la lluita del col\u00b7lectiu en el context actual i adquirint eines per treballar-ho amb infants i joves.<\/p>\n<p>Al taller \u00ab<strong>Com apropem relacions sanes a infants i joves amb perspectiva LGTBIQ+<\/strong>\u00ab, a c\u00e0rrec del <a href=\"https:\/\/www.instagram.com\/collectiu.argelaga\/?utm_source=ig_embed&amp;ig_rid=858d245d-cc3f-422d-8e93-8a2189a88609&amp;ig_mid=48B04CFC-1479-4E0E-A385-A37212265C14\" target=\"_blank\" rel=\"noopener\"><strong><span style=\"color: #f69d0b;\">Col\u00b7lectiu l\u2019Argelaga<\/span><\/strong><\/a>, s&#8217;ha parlat sobre com deixar de banda els referents t\u00f2xics i apropar-nos a models de relacions m\u00e9s respectuoses i inclusives, posant el plaer al centre de qualsevol vincle. S&#8217;ha remarcat la import\u00e0ncia de buscar referents en aquelles persones que construeixen relacions des de la dissid\u00e8ncia i trobar eines de gesti\u00f3 emocional i comunicaci\u00f3 que ens ajudin a crear espais m\u00e9s segurs per a totes les persones.<\/p>\n<p>Simult\u00e0niament, al taller \u00ab<strong>Salut mental amb perspectiva feminista<\/strong>\u00bb a c\u00e0rrec de <strong><a href=\"https:\/\/psicoopera.coop\/\" target=\"_blank\" rel=\"noopener\"><span style=\"color: #f69d0b;\">Psicoopera<\/span><\/a><\/strong>, s&#8217;ha abordat la salut mental des d&#8217;una perspectiva feminista i anticolonialista, q\u00fcestionant alguns aspectes del paradigma actual de la psicologia. Les talleristes han destacat la import\u00e0ncia de no estigmatitzar els problemes de salut mental, aix\u00ed com diferenciar entre parlar de trastorns i parlar de neurodiverg\u00e8ncies.<\/p>\n<p>Acabats els tallers del mat\u00ed, dues companyes properes a l&#8217;organitzaci\u00f3 han preparat el dinar a l&#8217;\u00c0gora de la Pla\u00e7a S\u00f3ller. Despr\u00e9s de compartir aquest \u00e0pat, Zoe i Enira han dinamitzat el <strong>recital de poesia<\/strong>, creant un espai molt \u00edntim on els versos han transportat el p\u00fablic directament a les seves viv\u00e8ncies i emocions.<\/p>\n<p>A la tarda ha arribat el moment de la segona ronda de tallers. Durant el taller \u00ab<strong>Feminisme en contextos isl\u00e0mics<\/strong>\u00ab, a c\u00e0rrec de <strong>Conciencia Feminista<\/strong>, s&#8217;ha analitzat de manera cr\u00edtica el feminisme isl\u00e0mic, un feminisme que intenta reinterpretar l&#8217;Islam per conciliar-lo amb els ideals occidentals i el feminisme. No obstant aix\u00f2, les formadores han advertit que no \u00e9s un feminisme complet, perqu\u00e8 com totes les religions abrah\u00e0miques l&#8217;islam t\u00e9 un origen patriarcal i reprodueix desigualtats.<\/p>\n<p>Durant la tarda tamb\u00e9 hem gaudit del taller \u00ab<strong>Trastorns de Conducta Aliment\u00e0ria: com podem prevenir-los i gestionar-los en l&#8217;\u00e0mbit del lleure?<\/strong>\u00bb a c\u00e0rrec de <strong>Cinta Tort<\/strong>, on s&#8217;han desmuntat mites relacionats amb els TCA i s&#8217;han explorat accions preventives. Durant el taller s&#8217;ha destacat la import\u00e0ncia de posar atenci\u00f3 en els senyals d\u2019alarma i s&#8217;ha parlat sobre qu\u00e8 fer quan hi ha sospites d\u2019una mala relaci\u00f3 amb el menjar.<\/p>\n<p>Simult\u00e0niament, ha tingut lloc el taller \u00ab<strong>Plaer i desig: educaci\u00f3 sexual i coneixen\u00e7a del propi cos amb perspectiva feminista<\/strong>\u00bb a c\u00e0rrec de <span style=\"color: #f69d0b;\"><strong><a style=\"color: #f69d0b;\" href=\"https:\/\/www.sidastudi.org\/\" target=\"_blank\" rel=\"noopener\">Sida Studi<\/a><\/strong><\/span>, on s&#8217;ha generat un espai d&#8217;an\u00e0lisi cr\u00edtica respecte al model hegem\u00f2nic de la sexualitat i s&#8217;han facilitat eines pr\u00e0ctiques per acompanyar la sexualitat.<\/p>\n<p>Per tancar les jornades, a les 19:00h les participants s&#8217;han dirigit a la Sala Polivalent de l&#8217;Ateneu. All\u00e0, mitjan\u00e7ant l&#8217;eina del mentimeter, s&#8217;han recollit les impressions de les participants i s&#8217;ha explorat quines tem\u00e0tiques els agradaria abordar en futures edicions. L&#8217;anticapacitisme, la salut mental en infants i joves, l&#8217;abordatge del feminisme des de les masculinitats o com continuar aprofundint en el feminisme antiracista i decolonial s\u00f3n algunes de les tem\u00e0tiques que generen m\u00e9s inter\u00e8s. Amb tot, les XIII Jornades de Lleure i Feminismes han estat una oportunitat per a descobrir recursos i din\u00e0miques, aix\u00ed com noves referents, perspectives i mirades.<\/p>\n<p>Gr\u00e0cies a totes les participants, a l&#8217;organitzaci\u00f3 i a les talleristes per haver fet les jornades possibles!<\/p>\n","protected":false},"excerpt":{"rendered":"<p>El diumenge, 5 de novembre, s&#8217;han celebrat les XIII Jornades [&hellip;]<\/p>\n","protected":false},"author":3,"featured_media":48180,"comment_status":"closed","ping_status":"closed","sticky":false,"template":"","format":"standard","meta":{"om_disable_all_campaigns":false,"_monsterinsights_skip_tracking":false,"_monsterinsights_sitenote_active":false,"_monsterinsights_sitenote_note":"","_monsterinsights_sitenote_category":0,"_uf_show_specific_survey":0,"_uf_disable_surveys":false,"footnotes":""},"categories":[1158,1],"tags":[],"class_list":["post-48167","post","type-post","status-publish","format-standard","has-post-thumbnail","hentry","category-jornades-lleure-feminismes","category-sense-categoria"],"yoast_head":"<!-- This site is optimized with the Yoast SEO plugin v27.5 - https:\/\/yoast.com\/product\/yoast-seo-wordpress\/ -->\n<title>XIII Jornades de Lleure i Feminismes<\/title>\n<meta name=\"description\" content=\"El diumenge, 5 de novembre, s&#039;han celebrat les XIII Jornades de Lleure i Feminisme, on hi han participat una setantena de persones.\" \/>\n<meta name=\"robots\" content=\"index, follow, max-snippet:-1, max-image-preview:large, max-video-preview:-1\" \/>\n<link rel=\"canonical\" href=\"https:\/\/www.esplac.cat\/xiii-jornades-lleure-feminismes\/\" \/>\n<meta property=\"og:locale\" content=\"es_ES\" \/>\n<meta property=\"og:type\" content=\"article\" \/>\n<meta property=\"og:title\" content=\"XIII Jornades de Lleure i Feminismes\" \/>\n<meta property=\"og:description\" content=\"El diumenge, 5 de novembre, s&#039;han celebrat les XIII Jornades de Lleure i Feminisme, on hi han participat una setantena de persones.\" \/>\n<meta property=\"og:url\" content=\"https:\/\/www.esplac.cat\/xiii-jornades-lleure-feminismes\/\" \/>\n<meta property=\"og:site_name\" content=\"Esplac\" \/>\n<meta property=\"article:published_time\" content=\"2023-11-13T13:07:49+00:00\" \/>\n<meta property=\"og:image\" content=\"https:\/\/www.esplac.cat\/wp-content\/uploads\/2023\/11\/Portades-Web-4.jpg\" \/>\n\t<meta property=\"og:image:width\" content=\"1697\" \/>\n\t<meta property=\"og:image:height\" content=\"700\" \/>\n\t<meta property=\"og:image:type\" content=\"image\/jpeg\" \/>\n<meta name=\"author\" content=\"Comunicaci\u00f3 Esplac\" \/>\n<meta name=\"twitter:card\" content=\"summary_large_image\" \/>\n<meta name=\"twitter:label1\" content=\"Escrito por\" \/>\n\t<meta name=\"twitter:data1\" content=\"Comunicaci\u00f3 Esplac\" \/>\n\t<meta name=\"twitter:label2\" content=\"Tiempo de lectura\" \/>\n\t<meta name=\"twitter:data2\" content=\"4 minutos\" \/>\n<script type=\"application\/ld+json\" class=\"yoast-schema-graph\">{\"@context\":\"https:\\\/\\\/schema.org\",\"@graph\":[{\"@type\":\"Article\",\"@id\":\"https:\\\/\\\/www.esplac.cat\\\/xiii-jornades-lleure-feminismes\\\/#article\",\"isPartOf\":{\"@id\":\"https:\\\/\\\/www.esplac.cat\\\/xiii-jornades-lleure-feminismes\\\/\"},\"author\":{\"name\":\"Comunicaci\u00f3 Esplac\",\"@id\":\"https:\\\/\\\/www.esplac.cat\\\/#\\\/schema\\\/person\\\/908383cf240be18b68f8855d0583faca\"},\"headline\":\"XIII Jornades de Lleure i Feminismes: aterrem el feminisme interseccional a l&#8217;esplai!\",\"datePublished\":\"2023-11-13T13:07:49+00:00\",\"mainEntityOfPage\":{\"@id\":\"https:\\\/\\\/www.esplac.cat\\\/xiii-jornades-lleure-feminismes\\\/\"},\"wordCount\":836,\"publisher\":{\"@id\":\"https:\\\/\\\/www.esplac.cat\\\/#organization\"},\"image\":{\"@id\":\"https:\\\/\\\/www.esplac.cat\\\/xiii-jornades-lleure-feminismes\\\/#primaryimage\"},\"thumbnailUrl\":\"https:\\\/\\\/www.esplac.cat\\\/wp-content\\\/uploads\\\/2023\\\/11\\\/Portades-Web-4.jpg\",\"articleSection\":[\"Jornades de Lleure i Feminismes\",\"Sense categoria\"],\"inLanguage\":\"es\"},{\"@type\":\"WebPage\",\"@id\":\"https:\\\/\\\/www.esplac.cat\\\/xiii-jornades-lleure-feminismes\\\/\",\"url\":\"https:\\\/\\\/www.esplac.cat\\\/xiii-jornades-lleure-feminismes\\\/\",\"name\":\"XIII Jornades de Lleure i Feminismes\",\"isPartOf\":{\"@id\":\"https:\\\/\\\/www.esplac.cat\\\/#website\"},\"primaryImageOfPage\":{\"@id\":\"https:\\\/\\\/www.esplac.cat\\\/xiii-jornades-lleure-feminismes\\\/#primaryimage\"},\"image\":{\"@id\":\"https:\\\/\\\/www.esplac.cat\\\/xiii-jornades-lleure-feminismes\\\/#primaryimage\"},\"thumbnailUrl\":\"https:\\\/\\\/www.esplac.cat\\\/wp-content\\\/uploads\\\/2023\\\/11\\\/Portades-Web-4.jpg\",\"datePublished\":\"2023-11-13T13:07:49+00:00\",\"description\":\"El diumenge, 5 de novembre, s'han celebrat les XIII Jornades de Lleure i Feminisme, on hi han participat una setantena de persones.\",\"breadcrumb\":{\"@id\":\"https:\\\/\\\/www.esplac.cat\\\/xiii-jornades-lleure-feminismes\\\/#breadcrumb\"},\"inLanguage\":\"es\",\"potentialAction\":[{\"@type\":\"ReadAction\",\"target\":[\"https:\\\/\\\/www.esplac.cat\\\/xiii-jornades-lleure-feminismes\\\/\"]}]},{\"@type\":\"ImageObject\",\"inLanguage\":\"es\",\"@id\":\"https:\\\/\\\/www.esplac.cat\\\/xiii-jornades-lleure-feminismes\\\/#primaryimage\",\"url\":\"https:\\\/\\\/www.esplac.cat\\\/wp-content\\\/uploads\\\/2023\\\/11\\\/Portades-Web-4.jpg\",\"contentUrl\":\"https:\\\/\\\/www.esplac.cat\\\/wp-content\\\/uploads\\\/2023\\\/11\\\/Portades-Web-4.jpg\",\"width\":1697,\"height\":700},{\"@type\":\"BreadcrumbList\",\"@id\":\"https:\\\/\\\/www.esplac.cat\\\/xiii-jornades-lleure-feminismes\\\/#breadcrumb\",\"itemListElement\":[{\"@type\":\"ListItem\",\"position\":1,\"name\":\"Inici\",\"item\":\"https:\\\/\\\/www.esplac.cat\\\/es\\\/\"},{\"@type\":\"ListItem\",\"position\":2,\"name\":\"XIII Jornades de Lleure i Feminismes: aterrem el feminisme interseccional a l&#8217;esplai!\"}]},{\"@type\":\"WebSite\",\"@id\":\"https:\\\/\\\/www.esplac.cat\\\/#website\",\"url\":\"https:\\\/\\\/www.esplac.cat\\\/\",\"name\":\"Esplac\",\"description\":\"Esplais Catalans\",\"publisher\":{\"@id\":\"https:\\\/\\\/www.esplac.cat\\\/#organization\"},\"potentialAction\":[{\"@type\":\"SearchAction\",\"target\":{\"@type\":\"EntryPoint\",\"urlTemplate\":\"https:\\\/\\\/www.esplac.cat\\\/?s={search_term_string}\"},\"query-input\":{\"@type\":\"PropertyValueSpecification\",\"valueRequired\":true,\"valueName\":\"search_term_string\"}}],\"inLanguage\":\"es\"},{\"@type\":\"Organization\",\"@id\":\"https:\\\/\\\/www.esplac.cat\\\/#organization\",\"name\":\"Esplac\",\"url\":\"https:\\\/\\\/www.esplac.cat\\\/\",\"logo\":{\"@type\":\"ImageObject\",\"inLanguage\":\"es\",\"@id\":\"https:\\\/\\\/www.esplac.cat\\\/#\\\/schema\\\/logo\\\/image\\\/\",\"url\":\"https:\\\/\\\/www.esplac.cat\\\/wp-content\\\/uploads\\\/2019\\\/08\\\/logox2.png\",\"contentUrl\":\"https:\\\/\\\/www.esplac.cat\\\/wp-content\\\/uploads\\\/2019\\\/08\\\/logox2.png\",\"width\":600,\"height\":295,\"caption\":\"Esplac\"},\"image\":{\"@id\":\"https:\\\/\\\/www.esplac.cat\\\/#\\\/schema\\\/logo\\\/image\\\/\"}},{\"@type\":\"Person\",\"@id\":\"https:\\\/\\\/www.esplac.cat\\\/#\\\/schema\\\/person\\\/908383cf240be18b68f8855d0583faca\",\"name\":\"Comunicaci\u00f3 Esplac\",\"image\":{\"@type\":\"ImageObject\",\"inLanguage\":\"es\",\"@id\":\"https:\\\/\\\/secure.gravatar.com\\\/avatar\\\/7a4cf8feb412a76ea4a740ca02d95b06b2907b5a6c648c2dd0a1082a093c3141?s=96&d=mm&r=g\",\"url\":\"https:\\\/\\\/secure.gravatar.com\\\/avatar\\\/7a4cf8feb412a76ea4a740ca02d95b06b2907b5a6c648c2dd0a1082a093c3141?s=96&d=mm&r=g\",\"contentUrl\":\"https:\\\/\\\/secure.gravatar.com\\\/avatar\\\/7a4cf8feb412a76ea4a740ca02d95b06b2907b5a6c648c2dd0a1082a093c3141?s=96&d=mm&r=g\",\"caption\":\"Comunicaci\u00f3 Esplac\"}}]}<\/script>\n<!-- \/ Yoast SEO plugin. -->","yoast_head_json":{"title":"XIII Jornades de Lleure i Feminismes","description":"El diumenge, 5 de novembre, s'han celebrat les XIII Jornades de Lleure i Feminisme, on hi han participat una setantena de persones.","robots":{"index":"index","follow":"follow","max-snippet":"max-snippet:-1","max-image-preview":"max-image-preview:large","max-video-preview":"max-video-preview:-1"},"canonical":"https:\/\/www.esplac.cat\/xiii-jornades-lleure-feminismes\/","og_locale":"es_ES","og_type":"article","og_title":"XIII Jornades de Lleure i Feminismes","og_description":"El diumenge, 5 de novembre, s'han celebrat les XIII Jornades de Lleure i Feminisme, on hi han participat una setantena de persones.","og_url":"https:\/\/www.esplac.cat\/xiii-jornades-lleure-feminismes\/","og_site_name":"Esplac","article_published_time":"2023-11-13T13:07:49+00:00","og_image":[{"width":1697,"height":700,"url":"https:\/\/www.esplac.cat\/wp-content\/uploads\/2023\/11\/Portades-Web-4.jpg","type":"image\/jpeg"}],"author":"Comunicaci\u00f3 Esplac","twitter_card":"summary_large_image","twitter_misc":{"Escrito por":"Comunicaci\u00f3 Esplac","Tiempo de lectura":"4 minutos"},"schema":{"@context":"https:\/\/schema.org","@graph":[{"@type":"Article","@id":"https:\/\/www.esplac.cat\/xiii-jornades-lleure-feminismes\/#article","isPartOf":{"@id":"https:\/\/www.esplac.cat\/xiii-jornades-lleure-feminismes\/"},"author":{"name":"Comunicaci\u00f3 Esplac","@id":"https:\/\/www.esplac.cat\/#\/schema\/person\/908383cf240be18b68f8855d0583faca"},"headline":"XIII Jornades de Lleure i Feminismes: aterrem el feminisme interseccional a l&#8217;esplai!","datePublished":"2023-11-13T13:07:49+00:00","mainEntityOfPage":{"@id":"https:\/\/www.esplac.cat\/xiii-jornades-lleure-feminismes\/"},"wordCount":836,"publisher":{"@id":"https:\/\/www.esplac.cat\/#organization"},"image":{"@id":"https:\/\/www.esplac.cat\/xiii-jornades-lleure-feminismes\/#primaryimage"},"thumbnailUrl":"https:\/\/www.esplac.cat\/wp-content\/uploads\/2023\/11\/Portades-Web-4.jpg","articleSection":["Jornades de Lleure i Feminismes","Sense categoria"],"inLanguage":"es"},{"@type":"WebPage","@id":"https:\/\/www.esplac.cat\/xiii-jornades-lleure-feminismes\/","url":"https:\/\/www.esplac.cat\/xiii-jornades-lleure-feminismes\/","name":"XIII Jornades de Lleure i Feminismes","isPartOf":{"@id":"https:\/\/www.esplac.cat\/#website"},"primaryImageOfPage":{"@id":"https:\/\/www.esplac.cat\/xiii-jornades-lleure-feminismes\/#primaryimage"},"image":{"@id":"https:\/\/www.esplac.cat\/xiii-jornades-lleure-feminismes\/#primaryimage"},"thumbnailUrl":"https:\/\/www.esplac.cat\/wp-content\/uploads\/2023\/11\/Portades-Web-4.jpg","datePublished":"2023-11-13T13:07:49+00:00","description":"El diumenge, 5 de novembre, s'han celebrat les XIII Jornades de Lleure i Feminisme, on hi han participat una setantena de persones.","breadcrumb":{"@id":"https:\/\/www.esplac.cat\/xiii-jornades-lleure-feminismes\/#breadcrumb"},"inLanguage":"es","potentialAction":[{"@type":"ReadAction","target":["https:\/\/www.esplac.cat\/xiii-jornades-lleure-feminismes\/"]}]},{"@type":"ImageObject","inLanguage":"es","@id":"https:\/\/www.esplac.cat\/xiii-jornades-lleure-feminismes\/#primaryimage","url":"https:\/\/www.esplac.cat\/wp-content\/uploads\/2023\/11\/Portades-Web-4.jpg","contentUrl":"https:\/\/www.esplac.cat\/wp-content\/uploads\/2023\/11\/Portades-Web-4.jpg","width":1697,"height":700},{"@type":"BreadcrumbList","@id":"https:\/\/www.esplac.cat\/xiii-jornades-lleure-feminismes\/#breadcrumb","itemListElement":[{"@type":"ListItem","position":1,"name":"Inici","item":"https:\/\/www.esplac.cat\/es\/"},{"@type":"ListItem","position":2,"name":"XIII Jornades de Lleure i Feminismes: aterrem el feminisme interseccional a l&#8217;esplai!"}]},{"@type":"WebSite","@id":"https:\/\/www.esplac.cat\/#website","url":"https:\/\/www.esplac.cat\/","name":"Esplac","description":"Esplais Catalans","publisher":{"@id":"https:\/\/www.esplac.cat\/#organization"},"potentialAction":[{"@type":"SearchAction","target":{"@type":"EntryPoint","urlTemplate":"https:\/\/www.esplac.cat\/?s={search_term_string}"},"query-input":{"@type":"PropertyValueSpecification","valueRequired":true,"valueName":"search_term_string"}}],"inLanguage":"es"},{"@type":"Organization","@id":"https:\/\/www.esplac.cat\/#organization","name":"Esplac","url":"https:\/\/www.esplac.cat\/","logo":{"@type":"ImageObject","inLanguage":"es","@id":"https:\/\/www.esplac.cat\/#\/schema\/logo\/image\/","url":"https:\/\/www.esplac.cat\/wp-content\/uploads\/2019\/08\/logox2.png","contentUrl":"https:\/\/www.esplac.cat\/wp-content\/uploads\/2019\/08\/logox2.png","width":600,"height":295,"caption":"Esplac"},"image":{"@id":"https:\/\/www.esplac.cat\/#\/schema\/logo\/image\/"}},{"@type":"Person","@id":"https:\/\/www.esplac.cat\/#\/schema\/person\/908383cf240be18b68f8855d0583faca","name":"Comunicaci\u00f3 Esplac","image":{"@type":"ImageObject","inLanguage":"es","@id":"https:\/\/secure.gravatar.com\/avatar\/7a4cf8feb412a76ea4a740ca02d95b06b2907b5a6c648c2dd0a1082a093c3141?s=96&d=mm&r=g","url":"https:\/\/secure.gravatar.com\/avatar\/7a4cf8feb412a76ea4a740ca02d95b06b2907b5a6c648c2dd0a1082a093c3141?s=96&d=mm&r=g","contentUrl":"https:\/\/secure.gravatar.com\/avatar\/7a4cf8feb412a76ea4a740ca02d95b06b2907b5a6c648c2dd0a1082a093c3141?s=96&d=mm&r=g","caption":"Comunicaci\u00f3 Esplac"}}]}},"_links":{"self":[{"href":"https:\/\/www.esplac.cat\/es\/wp-json\/wp\/v2\/posts\/48167","targetHints":{"allow":["GET"]}}],"collection":[{"href":"https:\/\/www.esplac.cat\/es\/wp-json\/wp\/v2\/posts"}],"about":[{"href":"https:\/\/www.esplac.cat\/es\/wp-json\/wp\/v2\/types\/post"}],"author":[{"embeddable":true,"href":"https:\/\/www.esplac.cat\/es\/wp-json\/wp\/v2\/users\/3"}],"replies":[{"embeddable":true,"href":"https:\/\/www.esplac.cat\/es\/wp-json\/wp\/v2\/comments?post=48167"}],"version-history":[{"count":0,"href":"https:\/\/www.esplac.cat\/es\/wp-json\/wp\/v2\/posts\/48167\/revisions"}],"wp:featuredmedia":[{"embeddable":true,"href":"https:\/\/www.esplac.cat\/es\/wp-json\/wp\/v2\/media\/48180"}],"wp:attachment":[{"href":"https:\/\/www.esplac.cat\/es\/wp-json\/wp\/v2\/media?parent=48167"}],"wp:term":[{"taxonomy":"category","embeddable":true,"href":"https:\/\/www.esplac.cat\/es\/wp-json\/wp\/v2\/categories?post=48167"},{"taxonomy":"post_tag","embeddable":true,"href":"https:\/\/www.esplac.cat\/es\/wp-json\/wp\/v2\/tags?post=48167"}],"curies":[{"name":"wp","href":"https:\/\/api.w.org\/{rel}","templated":true}]}}