{"id":4818,"date":"2018-07-10T10:57:13","date_gmt":"2018-07-10T08:57:13","guid":{"rendered":"https:\/\/www.somesplai.cat\/?p=4818"},"modified":"2019-11-28T13:31:24","modified_gmt":"2019-11-28T12:31:24","slug":"sve-finlandia","status":"publish","type":"post","link":"https:\/\/www.esplac.cat\/es\/sve-finlandia\/","title":{"rendered":"SVE, el meu tren de l\u2019oportunitat a Nuoret Kotkat, Finl\u00e0ndia"},"content":{"rendered":"<h5 class=\"p1\" style=\"text-align: justify;\">10-juliol-2018<\/h5>\n<p align=\"justify\">Autora: <strong>Jessica Gallardo<\/strong>&nbsp;ex monitora de l&#8217;<a title=\"Esplai Pampayuga\" href=\"http:\/\/pampayuga.blogspot.com.es\/\" target=\"_blank\" rel=\"noopener noreferrer\">esplai Pampayuga<\/a>&nbsp;i participant d&#8217;un SVE a Finl\u00e0ndia.&nbsp;<\/p>\n<hr>\n<p style=\"text-align: justify;\">Alguna vegada has pensat que t\u2019agradaria marxar una temporada a l\u2019estranger? Que t\u2019agradaria viure l\u2019experi\u00e8ncia de con\u00e8ixer una altra cultura en primera persona? Que t\u2019agradaria sortir de la teva zona de confort i coneixe\u2019t a tu mateixa? Si la resposta \u00e9s s\u00ed per alguna o totes aquestes preguntes, continua llegint.<\/p>\n<p style=\"text-align: justify;\">Hola, s\u00f3c la Jess, ex monitora de l\u2019AIJ Pampayuga, ex EGS del sector Maresme, s\u00f2cia d\u2019Esplac i fa 3 anys i mig vaig marxar a <strong>Finl\u00e0ndia<\/strong> a fer un Servei de Voluntariat Europeu (SVE).<\/p>\n<p style=\"text-align: justify;\">Durant un temps em vaig plantejar que volia marxar fora una temporada i vaig provar sort en diverses ocasions: primer sol\u00b7licitant una beca per anar a fer pr\u00e0ctiques dels meus estudis a Pol\u00f2nia, per\u00f2 no vaig ser seleccionada; despr\u00e9s vaig sol\u00b7licitar fer un SVE a la oficina de l\u2019IFM-SEI (l\u2019organitzaci\u00f3 paraig\u00fces de la que Esplac \u00e9s membre) a Brussel\u00b7les i tampoc va haver-hi sort; i finalment, fer un SVE amb <strong>Nuoret Kotkat<\/strong> (organitzaci\u00f3 similar a Esplac, tamb\u00e9 membre d\u2019IFM-SEI) a Finl\u00e0ndia i aquest cop s\u00ed, aquest cop va sonar la flauta! Diuen que a la tercera va la ven\u00e7uda i aquesta va ser la meva!<\/p>\n<p style=\"text-align: justify;\">\u00c9s dif\u00edcil posar paraules a la meva experi\u00e8ncia fent el SVE amb Nuoret Kotkat, moltes hist\u00f2ries, sentiments, emocions, an\u00e8cdotes&#8230; per\u00f2 ho intentar\u00e9!<\/p>\n<p style=\"text-align: justify;\">\u201cFinl\u00e0ndia! Marxo a Finl\u00e0ndia!\u201d Anava dient a tothom per\u00f2, sincerament, no sabia res del pa\u00eds. Ni on estava situat al mapa, ni la cultura, ni que marxava a un pa\u00eds on es diu que fa molt fred! Jo volia marxar fora i si Finl\u00e0ndia era on m\u2019havia tocat, all\u00e0 hi anava jo amb molta il\u00b7lusi\u00f3 i ganes de viure l\u2019experi\u00e8ncia.<\/p>\n<p style=\"text-align: justify;\">Va arribar el moment i l\u20191 de febrer del 2015 vaig agafar les maletes (3 maletes! Semblava que m\u00e9s que marxar per 11 mesos, em mudava definitivament!), un vol a H\u00e8lsinki i la meva aventura internacional va comen\u00e7ar. Pots trobar informaci\u00f3 sobre les meves primeres impressions del pa\u00eds i la cultura, a m\u00e9s de qu\u00e8 \u00e9s el que feia al principi del meu SVE en <a href=\"https:\/\/www.somesplai.cat\/index.php\/croniques-finlandia-capitol-1-fred\/\">aquest article<\/a>.<\/p>\n<p style=\"text-align: justify;\">El SVE consistia en realitzar un <a href=\"http:\/\/ifm-sei.org\/en\/2016\/04\/new-child-participation-handbook-of-ifm-sei\/\">projecte de participaci\u00f3 infantil<\/a> amb 10 organitzacions membres d\u2019IFM-SEI de diferents pa\u00efsos tant de dins com de fora d\u2019Europa. Aix\u00f2 em va donar l\u2019oportunitat de viatjar a <strong>Bol\u00edvia<\/strong> abans de marxar a Finl\u00e0ndia, per fer una <a href=\"https:\/\/www.somesplai.cat\/index.php\/formacio-intercanvi-cultural-mate-cronica-bolivia\/\">formaci\u00f3 inicial del projecte<\/a>, i a <strong>B\u00e8lgica<\/strong> a la meitat del voluntariat. A m\u00e9s, vaig con\u00e8ixer a persones de diferents pa\u00efsos com Indon\u00e8sia, Camerun, Alemanya, Col\u00f2mbia, Per\u00fa, etc.<\/p>\n<p style=\"text-align: justify;\">Sona b\u00e9, oi? Doncs no tot va ser un cam\u00ed de roses perqu\u00e8 anar-te\u2019n sola a viure a un altre pa\u00eds i adaptar-te a una altra cultura no \u00e9s f\u00e0cil. Al principi estava massa en contacte amb les amistats de la meva ciutat d\u2019origen perqu\u00e8 tenia molt de temps lliure, tot i estar fent un voluntariat, i durant aquest temps lliure estava sola. Era hivern, feia fred, hi havia poques hores de llum i no hi havia gaire gent al carrer. A m\u00e9s no sabia on trobar gent. Vivia a un poble i era m\u00e9s dif\u00edcil trobar gent, sobre tot gent d\u2019altres pa\u00efsos perqu\u00e8 fer amistats amb les persones finlandeses \u00e9s tot un repte. Tot un repte per\u00f2 \u00e9s possible i un cop ho fas, \u00e9s per sempre!<\/p>\n<p style=\"text-align: justify;\">Va ser aix\u00ed els primers mesos, fins que jo mateixa vaig obligar-me a fer l\u2019esfor\u00e7 de canviar aquella situaci\u00f3. Necessitava tenir vida social. Est\u00e0 b\u00e9 passar estones sola i con\u00e8ixe\u2019t a tu mateixa per\u00f2 eh! Jo he crescut envoltada de gent i amb una vida social molt activa, de no parar per casa, i estar involucrada en mil i una hist\u00f2ries. Tant de temps lliure sola no m\u2019estava fent b\u00e9.<\/p>\n<p style=\"text-align: justify;\">Just en aquell moment quan necessitava un canvi, vam tenir una formaci\u00f3 d\u2019arribada (s\u00ed, dos mesos m\u00e9s tard en el meu cas) amb altres volunt\u00e0ries que estaven tamb\u00e9 a Finl\u00e0ndia. Aix\u00f2 em va donar la dosis d\u2019energia que necessitava i a partir de llavors, vaig contactar amb gent de grups de Facebook, preguntar a membres de l\u2019organitzaci\u00f3 si volien quedar per prendre alguna cosa, organitzar trobades i festes amb les altres volunt\u00e0ries de SVE a Finl\u00e0ndia i vaig comen\u00e7ar a tenir m\u00e9s vida social i em vaig comen\u00e7ar a sentir millor.<\/p>\n<p style=\"text-align: justify;\"><strong>I l\u2019idioma qu\u00e8?<\/strong> Et deus estar preguntant. Les lleng\u00fces oficials de Finl\u00e0ndia s\u00f3n el fin\u00e9s (95% de la poblaci\u00f3 el parla) i el suec (5% de la poblaci\u00f3 el parla). Si has sentit parlar del fin\u00e9s potser t\u2019est\u00e0s espantant, per\u00f2 no pateixis! La majoria de les persones parlen angl\u00e8s i et pots comunicar en aquest&nbsp;idioma sense problema. A m\u00e9s, \u00e9s m\u00e9s f\u00e0cil entendre l\u2019accent de les finlandeses parlant angl\u00e8s que el de les angloparlant. Jo anava espantada pel fet d\u2019haver-me de comunicar en angl\u00e8s perqu\u00e8 el meu nivell no era suficient per expressar opinions i sentiments. Molts anys de classes d\u2019angl\u00e8s a l\u2019escola i quan et parlen en angl\u00e8s i has de contestar&#8230; p\u00e0nic! (en el meu cas). Va ser tot un repte per\u00f2 com que no em va quedar cap m\u00e9s opci\u00f3, el meu angl\u00e8s va millorar molt\u00edssim (i no va fer falta esperar al final del voluntariat per aix\u00f2).<\/p>\n<p style=\"text-align: justify;\">Aix\u00f2 s\u00ed, encara que et puguis comunicar en angl\u00e8s et recomano aprendre fin\u00e9s. \u00c9s una llengua dif\u00edcil perqu\u00e8 no s\u2019assembla gramaticalment al que estem acostumades per\u00f2 no \u00e9s impossible d\u2019aprendre. Dep\u00e8n de la motivaci\u00f3 de cadascuna. A mi m\u2019agrada i a dia d\u2019avui puc dir que el parlo, no fluidament, per\u00f2 em puc comunicar.<\/p>\n<p style=\"text-align: justify;\">Finl\u00e0ndia \u00e9s un pa\u00eds que recomano visitar i no nom\u00e9s per unes setmanes de vacances. Con\u00e8ixer la seva hist\u00f2ria, viure la cultura i costums (\u00e9s possible aconseguir abra\u00e7ades), els canvis de temperatura, el blanc i fred de l\u2019hivern, els mesos de foscor, els canvis de pluja i sol diverses vegades el mateix dia, la natura, els preciosos paisatges, els llacs (tenen un munt!) i, si tens sort, les aurores boreals!<\/p>\n<p style=\"text-align: justify;\">De Nuoret Kotkat qu\u00e8 dir, qu\u00e8 \u00e9s una organitzaci\u00f3 per con\u00e8ixer, que la seva gent s\u00f3n un encant, que estan a nivell nacional i a trav\u00e9s de les seves activitats pots viatjar per tot el pa\u00eds (vaig veure m\u00e9s zones de Finl\u00e0ndia en 11 mesos que del que he vist al meu propi pa\u00eds durant tota la meva vida), els campaments molen molt, es fan a costat de llacs i es va en canoa, es pesca, els paisatges s\u00f3n molt bonics, es fa foc on&nbsp;es cuina blat de moro i salsitxes,&nbsp;es fa escalada de capses, ah! Que se m\u2019oblidava! Tamb\u00e9&nbsp;anavem&nbsp;a la sauna!<\/p>\n<p style=\"text-align: justify;\">El SVE va ser d\u2019aquests trens que es diu que passen un cop nom\u00e9s i els has d\u2019agafar o perdr\u00e0s l\u2019oportunitat. Doncs aix\u00f2 va ser per a mi,<strong> l\u2019oportunitat de la meva vida<\/strong>. Em va fer cr\u00e9ixer com a persona, els llargs hiverns em van fer descobrir-me a mi mateixa, vaig con\u00e8ixer a gent molt interessant, vaig viure en primera persona qu\u00e8 \u00e9s ser immigrant i els reptes que et pots trobar per integrar-te i comen\u00e7ar una nova vida a un altre pa\u00eds, vaig con\u00e8ixer altres cultures i vaig aprendre a ser m\u00e9s tolerant.<\/p>\n<p style=\"text-align: justify;\">A Finl\u00e0ndia vaig trobar la tranquil\u00b7litat i seguretat que no tenia a Catalunya. Vaig trobar feina del que havia estudiat, vaig anar-me&#8217;n a viure a la capital sola i podria permetre\u2019m pagar el lloguer. Aix\u00f2 a Catalunya a dia d\u2019avui ho trobo dif\u00edcil. Quan jo hi vivia all\u00e0 feia substitucions per\u00f2 no hi havia manera de trobar feina a temps complert del que m\u2019agrada. Per tant, com a s\u00faper motivada de l\u2019esplai i d\u2019Esplac, tot el meu temps lliure, que en tenia molt, el dedicava a l\u2019esplai, a l\u2019EGS, a Esplac i altres projectes de voluntariat i d\u2019associacionisme.<\/p>\n<p style=\"text-align: justify;\">Amb aquesta motivaci\u00f3 vaig venir a Finl\u00e0ndia on vaig con\u00e8ixer millor el m\u00f3n de l\u2019internacionalisme, l\u2019IFM-SEI, Nuoret Kotkat i Finl\u00e0ndia.&nbsp;Actualment&nbsp;segueixo vivint a H\u00e8lsinki, encara s\u00f3c volunt\u00e0ria a Nuoret Kotkat, perqu\u00e8 mai s\u2019\u00e9s massa gran per seguir formant part del projecte ja que \u00e9s una organitzaci\u00f3 familiar, i a l\u2019agost comen\u00e7ar\u00e9 a estudiar a la universitat educaci\u00f3 social (per fi tinc clar a qu\u00e8 em vull dedicar), perqu\u00e8 a Finl\u00e0ndia tampoc s\u2019\u00e9s mai massa gran per continuar estudiant i aqu\u00ed l\u2019educaci\u00f3 \u00e9s gratu\u00efta, perqu\u00e8 tothom ha de tenir les mateixes oportunitats.<\/p>\n<p style=\"text-align: justify;\">Encara rumiant si fas un Servei de Voluntariat Europeu o no? No t\u2019ho pensis i vine a viure l\u2019oportunitat. Passa\u2019t a la banda de l\u2019internacionalisme com a estil de vida!<\/p>\n<p style=\"text-align: justify;\">P.D.: Fes una ullada a les fotos!<\/p>\n<p style=\"text-align: justify;\">P.D.2: T\u2019agradaria saber m\u00e9s coses sobre el meu SVE? O sobre Nuoret Kotkat? O sobre Finl\u00e0ndia? Envia\u2019m un correu a jessgs12@gmail.com i estar\u00e9 encantada de contestar<\/p>\n<p style=\"text-align: justify;\"><a href=\"https:\/\/www.somesplai.cat\/wp-content\/uploads\/2018\/07\/Formacio\u0301-darribada-a-Finla\u0300ndia.jpg\"><img decoding=\"async\" class=\"aligncenter wp-image-4829\" src=\"https:\/\/www.somesplai.cat\/wp-content\/uploads\/2018\/07\/Formacio\u0301-darribada-a-Finla\u0300ndia.jpg\" alt=\"Formacio\u0301 d'arribada a Finla\u0300ndia\" width=\"495\" height=\"330\"><\/a><\/p>\n<p>&nbsp;<\/p>\n<p><a href=\"https:\/\/www.somesplai.cat\/wp-content\/uploads\/2018\/07\/Trobada-a-Boli\u0301via.jpg\"><img decoding=\"async\" class=\"wp-image-4835 aligncenter\" src=\"https:\/\/www.somesplai.cat\/wp-content\/uploads\/2018\/07\/Trobada-a-Boli\u0301via.jpg\" alt=\"Trobada a Boli\u0301via\" width=\"490\" height=\"326\"><\/a><\/p>\n<p>&nbsp;<\/p>\n<p><a href=\"https:\/\/www.somesplai.cat\/wp-content\/uploads\/2018\/07\/Foc-i-salsitxes.jpg\"><img decoding=\"async\" class=\"aligncenter wp-image-4830\" src=\"https:\/\/www.somesplai.cat\/wp-content\/uploads\/2018\/07\/Foc-i-salsitxes.jpg\" alt=\"Foc i salsitxes\" width=\"481\" height=\"361\"><\/a><\/p>\n<p>&nbsp;<\/p>\n<p><a href=\"https:\/\/www.somesplai.cat\/wp-content\/uploads\/2018\/07\/Visitant-el-pare-Noel.jpg\"><img decoding=\"async\" class=\"wp-image-4833 aligncenter\" src=\"https:\/\/www.somesplai.cat\/wp-content\/uploads\/2018\/07\/Visitant-el-pare-Noel.jpg\" alt=\"Visitant el pare Noel\" width=\"494\" height=\"329\"><\/a><\/p>\n<p>&nbsp;<\/p>\n","protected":false},"excerpt":{"rendered":"<p>10-juliol-2018 Autora: Jessica Gallardo&nbsp;ex monitora de l&#8217;esplai Pampayuga&nbsp;i participant d&#8217;un [&hellip;]<\/p>\n","protected":false},"author":3,"featured_media":4820,"comment_status":"closed","ping_status":"closed","sticky":false,"template":"","format":"standard","meta":{"om_disable_all_campaigns":false,"_monsterinsights_skip_tracking":false,"_monsterinsights_sitenote_active":false,"_monsterinsights_sitenote_note":"","_monsterinsights_sitenote_category":0,"_uf_show_specific_survey":0,"_uf_disable_surveys":false,"footnotes":""},"categories":[1168],"tags":[990,1189,1190,187],"class_list":["post-4818","post","type-post","status-publish","format-standard","has-post-thumbnail","hentry","category-creuant_mirades","tag-finlandia","tag-helsinki","tag-nouret-kotkat","tag-sve"],"yoast_head":"<!-- This site is optimized with the Yoast SEO plugin v27.5 - https:\/\/yoast.com\/product\/yoast-seo-wordpress\/ -->\n<title>SVE, el meu tren de l\u2019oportunitat a Nuoret Kotkat, Finl\u00e0ndia - Esplac<\/title>\n<meta name=\"robots\" content=\"index, follow, max-snippet:-1, max-image-preview:large, max-video-preview:-1\" \/>\n<link rel=\"canonical\" href=\"https:\/\/www.esplac.cat\/sve-finlandia\/\" \/>\n<meta property=\"og:locale\" content=\"es_ES\" \/>\n<meta property=\"og:type\" content=\"article\" \/>\n<meta property=\"og:title\" content=\"SVE, el meu tren de l\u2019oportunitat a Nuoret Kotkat, Finl\u00e0ndia - Esplac\" \/>\n<meta property=\"og:description\" content=\"10-juliol-2018 Autora: Jessica Gallardo&nbsp;ex monitora de l&#8217;esplai Pampayuga&nbsp;i participant d&#8217;un [&hellip;]\" \/>\n<meta property=\"og:url\" content=\"https:\/\/www.esplac.cat\/sve-finlandia\/\" \/>\n<meta property=\"og:site_name\" content=\"Esplac\" \/>\n<meta property=\"article:published_time\" content=\"2018-07-10T08:57:13+00:00\" \/>\n<meta property=\"article:modified_time\" content=\"2019-11-28T12:31:24+00:00\" \/>\n<meta property=\"og:image\" content=\"https:\/\/www.esplac.cat\/wp-content\/uploads\/2019\/11\/logo-open.jpg\" \/>\n\t<meta property=\"og:image:width\" content=\"1200\" \/>\n\t<meta property=\"og:image:height\" content=\"630\" \/>\n\t<meta property=\"og:image:type\" content=\"image\/jpeg\" \/>\n<meta name=\"author\" content=\"Comunicaci\u00f3 Esplac\" \/>\n<meta name=\"twitter:card\" content=\"summary_large_image\" \/>\n<meta name=\"twitter:label1\" content=\"Escrito por\" \/>\n\t<meta name=\"twitter:data1\" content=\"Comunicaci\u00f3 Esplac\" \/>\n\t<meta name=\"twitter:label2\" content=\"Tiempo de lectura\" \/>\n\t<meta name=\"twitter:data2\" content=\"8 minutos\" \/>\n<script type=\"application\/ld+json\" class=\"yoast-schema-graph\">{\"@context\":\"https:\\\/\\\/schema.org\",\"@graph\":[{\"@type\":\"Article\",\"@id\":\"https:\\\/\\\/www.esplac.cat\\\/sve-finlandia\\\/#article\",\"isPartOf\":{\"@id\":\"https:\\\/\\\/www.esplac.cat\\\/sve-finlandia\\\/\"},\"author\":{\"name\":\"Comunicaci\u00f3 Esplac\",\"@id\":\"https:\\\/\\\/www.esplac.cat\\\/#\\\/schema\\\/person\\\/908383cf240be18b68f8855d0583faca\"},\"headline\":\"SVE, el meu tren de l\u2019oportunitat a Nuoret Kotkat, Finl\u00e0ndia\",\"datePublished\":\"2018-07-10T08:57:13+00:00\",\"dateModified\":\"2019-11-28T12:31:24+00:00\",\"mainEntityOfPage\":{\"@id\":\"https:\\\/\\\/www.esplac.cat\\\/sve-finlandia\\\/\"},\"wordCount\":1643,\"publisher\":{\"@id\":\"https:\\\/\\\/www.esplac.cat\\\/#organization\"},\"image\":{\"@id\":\"https:\\\/\\\/www.esplac.cat\\\/sve-finlandia\\\/#primaryimage\"},\"thumbnailUrl\":\"\",\"keywords\":[\"Finlandia\",\"H\u00e8lsinki\",\"Nouret Kotkat\",\"sve\"],\"articleSection\":[\"Creuant mirades\"],\"inLanguage\":\"es\"},{\"@type\":\"WebPage\",\"@id\":\"https:\\\/\\\/www.esplac.cat\\\/sve-finlandia\\\/\",\"url\":\"https:\\\/\\\/www.esplac.cat\\\/sve-finlandia\\\/\",\"name\":\"SVE, el meu tren de l\u2019oportunitat a Nuoret Kotkat, Finl\u00e0ndia - Esplac\",\"isPartOf\":{\"@id\":\"https:\\\/\\\/www.esplac.cat\\\/#website\"},\"primaryImageOfPage\":{\"@id\":\"https:\\\/\\\/www.esplac.cat\\\/sve-finlandia\\\/#primaryimage\"},\"image\":{\"@id\":\"https:\\\/\\\/www.esplac.cat\\\/sve-finlandia\\\/#primaryimage\"},\"thumbnailUrl\":\"\",\"datePublished\":\"2018-07-10T08:57:13+00:00\",\"dateModified\":\"2019-11-28T12:31:24+00:00\",\"breadcrumb\":{\"@id\":\"https:\\\/\\\/www.esplac.cat\\\/sve-finlandia\\\/#breadcrumb\"},\"inLanguage\":\"es\",\"potentialAction\":[{\"@type\":\"ReadAction\",\"target\":[\"https:\\\/\\\/www.esplac.cat\\\/sve-finlandia\\\/\"]}]},{\"@type\":\"ImageObject\",\"inLanguage\":\"es\",\"@id\":\"https:\\\/\\\/www.esplac.cat\\\/sve-finlandia\\\/#primaryimage\",\"url\":\"\",\"contentUrl\":\"\"},{\"@type\":\"BreadcrumbList\",\"@id\":\"https:\\\/\\\/www.esplac.cat\\\/sve-finlandia\\\/#breadcrumb\",\"itemListElement\":[{\"@type\":\"ListItem\",\"position\":1,\"name\":\"Inici\",\"item\":\"https:\\\/\\\/www.esplac.cat\\\/es\\\/\"},{\"@type\":\"ListItem\",\"position\":2,\"name\":\"SVE, el meu tren de l\u2019oportunitat a Nuoret Kotkat, Finl\u00e0ndia\"}]},{\"@type\":\"WebSite\",\"@id\":\"https:\\\/\\\/www.esplac.cat\\\/#website\",\"url\":\"https:\\\/\\\/www.esplac.cat\\\/\",\"name\":\"Esplac\",\"description\":\"Esplais Catalans\",\"publisher\":{\"@id\":\"https:\\\/\\\/www.esplac.cat\\\/#organization\"},\"potentialAction\":[{\"@type\":\"SearchAction\",\"target\":{\"@type\":\"EntryPoint\",\"urlTemplate\":\"https:\\\/\\\/www.esplac.cat\\\/?s={search_term_string}\"},\"query-input\":{\"@type\":\"PropertyValueSpecification\",\"valueRequired\":true,\"valueName\":\"search_term_string\"}}],\"inLanguage\":\"es\"},{\"@type\":\"Organization\",\"@id\":\"https:\\\/\\\/www.esplac.cat\\\/#organization\",\"name\":\"Esplac\",\"url\":\"https:\\\/\\\/www.esplac.cat\\\/\",\"logo\":{\"@type\":\"ImageObject\",\"inLanguage\":\"es\",\"@id\":\"https:\\\/\\\/www.esplac.cat\\\/#\\\/schema\\\/logo\\\/image\\\/\",\"url\":\"https:\\\/\\\/www.esplac.cat\\\/wp-content\\\/uploads\\\/2019\\\/08\\\/logox2.png\",\"contentUrl\":\"https:\\\/\\\/www.esplac.cat\\\/wp-content\\\/uploads\\\/2019\\\/08\\\/logox2.png\",\"width\":600,\"height\":295,\"caption\":\"Esplac\"},\"image\":{\"@id\":\"https:\\\/\\\/www.esplac.cat\\\/#\\\/schema\\\/logo\\\/image\\\/\"}},{\"@type\":\"Person\",\"@id\":\"https:\\\/\\\/www.esplac.cat\\\/#\\\/schema\\\/person\\\/908383cf240be18b68f8855d0583faca\",\"name\":\"Comunicaci\u00f3 Esplac\",\"image\":{\"@type\":\"ImageObject\",\"inLanguage\":\"es\",\"@id\":\"https:\\\/\\\/secure.gravatar.com\\\/avatar\\\/7a4cf8feb412a76ea4a740ca02d95b06b2907b5a6c648c2dd0a1082a093c3141?s=96&d=mm&r=g\",\"url\":\"https:\\\/\\\/secure.gravatar.com\\\/avatar\\\/7a4cf8feb412a76ea4a740ca02d95b06b2907b5a6c648c2dd0a1082a093c3141?s=96&d=mm&r=g\",\"contentUrl\":\"https:\\\/\\\/secure.gravatar.com\\\/avatar\\\/7a4cf8feb412a76ea4a740ca02d95b06b2907b5a6c648c2dd0a1082a093c3141?s=96&d=mm&r=g\",\"caption\":\"Comunicaci\u00f3 Esplac\"}}]}<\/script>\n<!-- \/ Yoast SEO plugin. -->","yoast_head_json":{"title":"SVE, el meu tren de l\u2019oportunitat a Nuoret Kotkat, Finl\u00e0ndia - Esplac","robots":{"index":"index","follow":"follow","max-snippet":"max-snippet:-1","max-image-preview":"max-image-preview:large","max-video-preview":"max-video-preview:-1"},"canonical":"https:\/\/www.esplac.cat\/sve-finlandia\/","og_locale":"es_ES","og_type":"article","og_title":"SVE, el meu tren de l\u2019oportunitat a Nuoret Kotkat, Finl\u00e0ndia - Esplac","og_description":"10-juliol-2018 Autora: Jessica Gallardo&nbsp;ex monitora de l&#8217;esplai Pampayuga&nbsp;i participant d&#8217;un [&hellip;]","og_url":"https:\/\/www.esplac.cat\/sve-finlandia\/","og_site_name":"Esplac","article_published_time":"2018-07-10T08:57:13+00:00","article_modified_time":"2019-11-28T12:31:24+00:00","og_image":[{"width":1200,"height":630,"url":"https:\/\/www.esplac.cat\/wp-content\/uploads\/2019\/11\/logo-open.jpg","type":"image\/jpeg"}],"author":"Comunicaci\u00f3 Esplac","twitter_card":"summary_large_image","twitter_misc":{"Escrito por":"Comunicaci\u00f3 Esplac","Tiempo de lectura":"8 minutos"},"schema":{"@context":"https:\/\/schema.org","@graph":[{"@type":"Article","@id":"https:\/\/www.esplac.cat\/sve-finlandia\/#article","isPartOf":{"@id":"https:\/\/www.esplac.cat\/sve-finlandia\/"},"author":{"name":"Comunicaci\u00f3 Esplac","@id":"https:\/\/www.esplac.cat\/#\/schema\/person\/908383cf240be18b68f8855d0583faca"},"headline":"SVE, el meu tren de l\u2019oportunitat a Nuoret Kotkat, Finl\u00e0ndia","datePublished":"2018-07-10T08:57:13+00:00","dateModified":"2019-11-28T12:31:24+00:00","mainEntityOfPage":{"@id":"https:\/\/www.esplac.cat\/sve-finlandia\/"},"wordCount":1643,"publisher":{"@id":"https:\/\/www.esplac.cat\/#organization"},"image":{"@id":"https:\/\/www.esplac.cat\/sve-finlandia\/#primaryimage"},"thumbnailUrl":"","keywords":["Finlandia","H\u00e8lsinki","Nouret Kotkat","sve"],"articleSection":["Creuant mirades"],"inLanguage":"es"},{"@type":"WebPage","@id":"https:\/\/www.esplac.cat\/sve-finlandia\/","url":"https:\/\/www.esplac.cat\/sve-finlandia\/","name":"SVE, el meu tren de l\u2019oportunitat a Nuoret Kotkat, Finl\u00e0ndia - Esplac","isPartOf":{"@id":"https:\/\/www.esplac.cat\/#website"},"primaryImageOfPage":{"@id":"https:\/\/www.esplac.cat\/sve-finlandia\/#primaryimage"},"image":{"@id":"https:\/\/www.esplac.cat\/sve-finlandia\/#primaryimage"},"thumbnailUrl":"","datePublished":"2018-07-10T08:57:13+00:00","dateModified":"2019-11-28T12:31:24+00:00","breadcrumb":{"@id":"https:\/\/www.esplac.cat\/sve-finlandia\/#breadcrumb"},"inLanguage":"es","potentialAction":[{"@type":"ReadAction","target":["https:\/\/www.esplac.cat\/sve-finlandia\/"]}]},{"@type":"ImageObject","inLanguage":"es","@id":"https:\/\/www.esplac.cat\/sve-finlandia\/#primaryimage","url":"","contentUrl":""},{"@type":"BreadcrumbList","@id":"https:\/\/www.esplac.cat\/sve-finlandia\/#breadcrumb","itemListElement":[{"@type":"ListItem","position":1,"name":"Inici","item":"https:\/\/www.esplac.cat\/es\/"},{"@type":"ListItem","position":2,"name":"SVE, el meu tren de l\u2019oportunitat a Nuoret Kotkat, Finl\u00e0ndia"}]},{"@type":"WebSite","@id":"https:\/\/www.esplac.cat\/#website","url":"https:\/\/www.esplac.cat\/","name":"Esplac","description":"Esplais Catalans","publisher":{"@id":"https:\/\/www.esplac.cat\/#organization"},"potentialAction":[{"@type":"SearchAction","target":{"@type":"EntryPoint","urlTemplate":"https:\/\/www.esplac.cat\/?s={search_term_string}"},"query-input":{"@type":"PropertyValueSpecification","valueRequired":true,"valueName":"search_term_string"}}],"inLanguage":"es"},{"@type":"Organization","@id":"https:\/\/www.esplac.cat\/#organization","name":"Esplac","url":"https:\/\/www.esplac.cat\/","logo":{"@type":"ImageObject","inLanguage":"es","@id":"https:\/\/www.esplac.cat\/#\/schema\/logo\/image\/","url":"https:\/\/www.esplac.cat\/wp-content\/uploads\/2019\/08\/logox2.png","contentUrl":"https:\/\/www.esplac.cat\/wp-content\/uploads\/2019\/08\/logox2.png","width":600,"height":295,"caption":"Esplac"},"image":{"@id":"https:\/\/www.esplac.cat\/#\/schema\/logo\/image\/"}},{"@type":"Person","@id":"https:\/\/www.esplac.cat\/#\/schema\/person\/908383cf240be18b68f8855d0583faca","name":"Comunicaci\u00f3 Esplac","image":{"@type":"ImageObject","inLanguage":"es","@id":"https:\/\/secure.gravatar.com\/avatar\/7a4cf8feb412a76ea4a740ca02d95b06b2907b5a6c648c2dd0a1082a093c3141?s=96&d=mm&r=g","url":"https:\/\/secure.gravatar.com\/avatar\/7a4cf8feb412a76ea4a740ca02d95b06b2907b5a6c648c2dd0a1082a093c3141?s=96&d=mm&r=g","contentUrl":"https:\/\/secure.gravatar.com\/avatar\/7a4cf8feb412a76ea4a740ca02d95b06b2907b5a6c648c2dd0a1082a093c3141?s=96&d=mm&r=g","caption":"Comunicaci\u00f3 Esplac"}}]}},"_links":{"self":[{"href":"https:\/\/www.esplac.cat\/es\/wp-json\/wp\/v2\/posts\/4818","targetHints":{"allow":["GET"]}}],"collection":[{"href":"https:\/\/www.esplac.cat\/es\/wp-json\/wp\/v2\/posts"}],"about":[{"href":"https:\/\/www.esplac.cat\/es\/wp-json\/wp\/v2\/types\/post"}],"author":[{"embeddable":true,"href":"https:\/\/www.esplac.cat\/es\/wp-json\/wp\/v2\/users\/3"}],"replies":[{"embeddable":true,"href":"https:\/\/www.esplac.cat\/es\/wp-json\/wp\/v2\/comments?post=4818"}],"version-history":[{"count":0,"href":"https:\/\/www.esplac.cat\/es\/wp-json\/wp\/v2\/posts\/4818\/revisions"}],"wp:featuredmedia":[{"embeddable":true,"href":"https:\/\/www.esplac.cat\/es\/wp-json\/"}],"wp:attachment":[{"href":"https:\/\/www.esplac.cat\/es\/wp-json\/wp\/v2\/media?parent=4818"}],"wp:term":[{"taxonomy":"category","embeddable":true,"href":"https:\/\/www.esplac.cat\/es\/wp-json\/wp\/v2\/categories?post=4818"},{"taxonomy":"post_tag","embeddable":true,"href":"https:\/\/www.esplac.cat\/es\/wp-json\/wp\/v2\/tags?post=4818"}],"curies":[{"name":"wp","href":"https:\/\/api.w.org\/{rel}","templated":true}]}}