{"id":48342,"date":"2023-12-06T11:59:38","date_gmt":"2023-12-06T09:59:38","guid":{"rendered":"https:\/\/www.esplac.cat\/?p=48342"},"modified":"2023-12-11T12:58:51","modified_gmt":"2023-12-11T10:58:51","slug":"arriba-lescola-desplac-2024-esplais-anticapilistes","status":"publish","type":"post","link":"https:\/\/www.esplac.cat\/es\/arriba-lescola-desplac-2024-esplais-anticapilistes\/","title":{"rendered":"Tot el que necessites saber sobre l\u2019Escola d\u2019Esplac 2024: \u201cEsplais anticapitalistes: Constru\u00efm les bases per educar en l\u2019alternativa\u201d"},"content":{"rendered":"<div class=\"fusion-fullwidth fullwidth-box fusion-builder-row-1 fusion-flex-container nonhundred-percent-fullwidth non-hundred-percent-height-scrolling\" style=\"--awb-border-radius-top-left:0px;--awb-border-radius-top-right:0px;--awb-border-radius-bottom-right:0px;--awb-border-radius-bottom-left:0px;--awb-flex-wrap:wrap;\" ><div class=\"fusion-builder-row fusion-row fusion-flex-align-items-flex-start fusion-flex-content-wrap\" style=\"max-width:1248px;margin-left: calc(-4% \/ 2 );margin-right: calc(-4% \/ 2 );\"><div class=\"fusion-layout-column fusion_builder_column fusion-builder-column-0 fusion_builder_column_1_1 1_1 fusion-flex-column\" style=\"--awb-bg-blend:overlay;--awb-bg-size:cover;--awb-width-large:100%;--awb-margin-top-large:0px;--awb-spacing-right-large:1.92%;--awb-margin-bottom-large:0px;--awb-spacing-left-large:1.92%;--awb-width-medium:100%;--awb-spacing-right-medium:1.92%;--awb-spacing-left-medium:1.92%;--awb-width-small:100%;--awb-spacing-right-small:1.92%;--awb-spacing-left-small:1.92%;\"><div class=\"fusion-column-wrapper fusion-flex-justify-content-flex-start fusion-content-layout-column\"><div class=\"fusion-text fusion-text-1\"><h6 class=\"fusion-responsive-typography-calculated\" style=\"--fontsize: 19; line-height: 1.3; --minfontsize: 19;\" data-fontsize=\"19\" data-lineheight=\"24.7px\"><b>El 13 i 14 d\u2019abril arriba la desena edici\u00f3 de l\u2019Escola d\u2019Esplac a Manresa sota la tem\u00e0tica ANTICAPITALISME I ESPLAI<\/b><\/h6>\n<p><span style=\"font-weight: 300;\">Aquest any, reflexionarem i debatrem sobre la pres\u00e8ncia del capitalisme als esplais. Vivim en un sistema neoliberal que ens arrossega cada cop m\u00e9s cap a uns valors individualistes i competitius deixant enrere la solidaritat, el col\u00b7lectivisme, les cures, les persones i el planeta.<\/span><\/p>\n<p><span style=\"font-weight: 300;\">Els esplais i les entitats d\u2019educaci\u00f3 en el lleure som una alternativa a l\u2019educaci\u00f3 imposada pel sistema; aix\u00ed i tot, no vivim al marge d\u2019aquest i aix\u00f2 es reflecteix en les mirades i pr\u00e0ctiques capitalistes integrades en les nostres accions di\u00e0ries.<\/span><\/p>\n<p><span style=\"font-weight: 300;\">A l\u2019Escola d\u2019Esplac parlarem sobre com el capitalisme incideix en la nostra forma d\u2019organitzar-nos, els nostres locals, el consum i l\u2019economia de l\u2019esplai, i tamb\u00e9 sobre quina pedagogia en fem d\u2019aix\u00f2. <\/span><\/p>\n<p><span style=\"font-weight: 300;\">Volem crear reflexions col\u00b7lectives a partir de les pon\u00e8ncies de la m\u00e0 d\u2019experts en la mat\u00e8ria i esdevenir un espai formatiu generador de discurs pol\u00edtic i educatiu de refer\u00e8ncia a l\u2019entitat. <\/span><\/p>\n<p><span style=\"font-weight: 300;\">No t\u2019ho pensis m\u00e9s i vine a l\u2019Escola d\u2019Esplac! <\/span><\/p>\n<p><span style=\"font-weight: 300;\">El cap de setmana t\u00e9 una quota de 20 \u20ac i inclou la participaci\u00f3 en tots els espais formatius del cap de setmana, l\u2019allotjament a l\u2019<a href=\"https:\/\/xanascat.gencat.cat\/ca\/albergs\/albergs\/manresa-xanascat\" target=\"_blank\" rel=\"noopener\">alberg de Manresa<\/a>, i l\u2019esmorzar i dinar de diumenge.<\/span><\/p>\n<p><span style=\"font-weight: 300;\">Descobreix tota la informaci\u00f3 disponible a <\/span><a href=\"https:\/\/www.esplac.cat\/formacions\/escola-esplac\/\"><b>l&#8217;apartat web de l\u2019Escola d\u2019Esplac<\/b><\/a><b>! <\/b><\/p>\n<\/div><div style=\"text-align:center;\"><a class=\"fusion-button button-flat fusion-button-default-size button-default fusion-button-default button-1 fusion-button-default-span fusion-button-default-type\" target=\"_self\" href=\"https:\/\/www.esplac.cat\/formacions\/escola-esplac\/\"><span class=\"fusion-button-text\">Escola d&#8217;Esplac 2024<\/span><\/a><\/div><div class=\"fusion-text fusion-text-2\"><blockquote>\n<p><i><strong>Nota:<\/strong> <\/i><i>La participaci\u00f3 en totes les sessions formatives de l\u2019Escola d\u2019Esplac, convalida 12 hores associatives dels cursos d\u2019\u00c8xit del programa Marta Mata de l\u2019Escola Lliure El Sol. Les hores associatives nom\u00e9s compten si s\u2019assisteix a tota la jornada formativa, ja que es contempla com una experi\u00e8ncia formativa amb sentit quan \u00e9s completa.<\/i><\/p>\n<\/blockquote>\n<p><img decoding=\"async\" class=\"aligncenter wp-image-48286 size-large\" src=\"https:\/\/www.esplac.cat\/wp-content\/uploads\/2023\/11\/Cartell-Escola-Esplac-24-724x1024.jpg\" alt=\"\" width=\"724\" height=\"1024\" srcset=\"https:\/\/www.esplac.cat\/wp-content\/uploads\/2023\/11\/Cartell-Escola-Esplac-24-200x283.jpg 200w, https:\/\/www.esplac.cat\/wp-content\/uploads\/2023\/11\/Cartell-Escola-Esplac-24-212x300.jpg 212w, https:\/\/www.esplac.cat\/wp-content\/uploads\/2023\/11\/Cartell-Escola-Esplac-24-400x566.jpg 400w, https:\/\/www.esplac.cat\/wp-content\/uploads\/2023\/11\/Cartell-Escola-Esplac-24-600x848.jpg 600w, https:\/\/www.esplac.cat\/wp-content\/uploads\/2023\/11\/Cartell-Escola-Esplac-24-724x1024.jpg 724w, https:\/\/www.esplac.cat\/wp-content\/uploads\/2023\/11\/Cartell-Escola-Esplac-24-768x1086.jpg 768w, https:\/\/www.esplac.cat\/wp-content\/uploads\/2023\/11\/Cartell-Escola-Esplac-24-800x1131.jpg 800w, https:\/\/www.esplac.cat\/wp-content\/uploads\/2023\/11\/Cartell-Escola-Esplac-24-1086x1536.jpg 1086w, https:\/\/www.esplac.cat\/wp-content\/uploads\/2023\/11\/Cartell-Escola-Esplac-24-1200x1697.jpg 1200w, https:\/\/www.esplac.cat\/wp-content\/uploads\/2023\/11\/Cartell-Escola-Esplac-24-1448x2048.jpg 1448w, https:\/\/www.esplac.cat\/wp-content\/uploads\/2023\/11\/Cartell-Escola-Esplac-24-scaled.jpg 1811w\" sizes=\"(max-width: 724px) 100vw, 724px\" \/><\/p>\n<p style=\"text-align: center;\"><em>Il\u00b7lustraci\u00f3 i cartell de Jordi Barenys Haya<\/em><\/p>\n<\/div><\/div><\/div><\/div><\/div>\n","protected":false},"excerpt":{"rendered":"","protected":false},"author":3,"featured_media":48280,"comment_status":"closed","ping_status":"closed","sticky":false,"template":"","format":"standard","meta":{"om_disable_all_campaigns":false,"_monsterinsights_skip_tracking":false,"_monsterinsights_sitenote_active":false,"_monsterinsights_sitenote_note":"","_monsterinsights_sitenote_category":0,"_uf_show_specific_survey":0,"_uf_disable_surveys":false,"footnotes":""},"categories":[1111,1129],"tags":[],"class_list":["post-48342","post","type-post","status-publish","format-standard","has-post-thumbnail","hentry","category-activitats-esplac","category-escola-desplac"],"yoast_head":"<!-- This site is optimized with the Yoast SEO plugin v27.4 - https:\/\/yoast.com\/product\/yoast-seo-wordpress\/ -->\n<title>Tot el que necessites saber sobre l\u2019Escola d\u2019Esplac 2024: \u201cEsplais anticapitalistes: Constru\u00efm les bases per educar en l\u2019alternativa\u201d - Esplac<\/title>\n<meta name=\"robots\" content=\"index, follow, max-snippet:-1, max-image-preview:large, max-video-preview:-1\" \/>\n<link rel=\"canonical\" href=\"https:\/\/www.esplac.cat\/arriba-lescola-desplac-2024-esplais-anticapilistes\/\" \/>\n<meta property=\"og:locale\" content=\"es_ES\" \/>\n<meta property=\"og:type\" content=\"article\" \/>\n<meta property=\"og:title\" content=\"Tot el que necessites saber sobre l\u2019Escola d\u2019Esplac 2024: \u201cEsplais anticapitalistes: Constru\u00efm les bases per educar en l\u2019alternativa\u201d - Esplac\" \/>\n<meta property=\"og:url\" content=\"https:\/\/www.esplac.cat\/arriba-lescola-desplac-2024-esplais-anticapilistes\/\" \/>\n<meta property=\"og:site_name\" content=\"Esplac\" \/>\n<meta property=\"article:published_time\" content=\"2023-12-06T09:59:38+00:00\" \/>\n<meta property=\"article:modified_time\" content=\"2023-12-11T10:58:51+00:00\" \/>\n<meta property=\"og:image\" content=\"https:\/\/www.esplac.cat\/wp-content\/uploads\/2023\/11\/Escola-dEsplac_baner_logos.jpg\" \/>\n\t<meta property=\"og:image:width\" content=\"1697\" \/>\n\t<meta property=\"og:image:height\" content=\"700\" \/>\n\t<meta property=\"og:image:type\" content=\"image\/jpeg\" \/>\n<meta name=\"author\" content=\"Comunicaci\u00f3 Esplac\" \/>\n<meta name=\"twitter:card\" content=\"summary_large_image\" \/>\n<meta name=\"twitter:label1\" content=\"Escrito por\" \/>\n\t<meta name=\"twitter:data1\" content=\"Comunicaci\u00f3 Esplac\" \/>\n\t<meta name=\"twitter:label2\" content=\"Tiempo de lectura\" \/>\n\t<meta name=\"twitter:data2\" content=\"3 minutos\" \/>\n<script type=\"application\/ld+json\" class=\"yoast-schema-graph\">{\"@context\":\"https:\\\/\\\/schema.org\",\"@graph\":[{\"@type\":\"Article\",\"@id\":\"https:\\\/\\\/www.esplac.cat\\\/arriba-lescola-desplac-2024-esplais-anticapilistes\\\/#article\",\"isPartOf\":{\"@id\":\"https:\\\/\\\/www.esplac.cat\\\/arriba-lescola-desplac-2024-esplais-anticapilistes\\\/\"},\"author\":{\"name\":\"Comunicaci\u00f3 Esplac\",\"@id\":\"https:\\\/\\\/www.esplac.cat\\\/#\\\/schema\\\/person\\\/908383cf240be18b68f8855d0583faca\"},\"headline\":\"Tot el que necessites saber sobre l\u2019Escola d\u2019Esplac 2024: \u201cEsplais anticapitalistes: Constru\u00efm les bases per educar en l\u2019alternativa\u201d\",\"datePublished\":\"2023-12-06T09:59:38+00:00\",\"dateModified\":\"2023-12-11T10:58:51+00:00\",\"mainEntityOfPage\":{\"@id\":\"https:\\\/\\\/www.esplac.cat\\\/arriba-lescola-desplac-2024-esplais-anticapilistes\\\/\"},\"wordCount\":786,\"publisher\":{\"@id\":\"https:\\\/\\\/www.esplac.cat\\\/#organization\"},\"image\":{\"@id\":\"https:\\\/\\\/www.esplac.cat\\\/arriba-lescola-desplac-2024-esplais-anticapilistes\\\/#primaryimage\"},\"thumbnailUrl\":\"https:\\\/\\\/www.esplac.cat\\\/wp-content\\\/uploads\\\/2023\\\/11\\\/Escola-dEsplac_baner_logos.jpg\",\"articleSection\":[\"Activitats esplac\",\"Escola d'Esplac\"],\"inLanguage\":\"es\"},{\"@type\":\"WebPage\",\"@id\":\"https:\\\/\\\/www.esplac.cat\\\/arriba-lescola-desplac-2024-esplais-anticapilistes\\\/\",\"url\":\"https:\\\/\\\/www.esplac.cat\\\/arriba-lescola-desplac-2024-esplais-anticapilistes\\\/\",\"name\":\"Tot el que necessites saber sobre l\u2019Escola d\u2019Esplac 2024: \u201cEsplais anticapitalistes: Constru\u00efm les bases per educar en l\u2019alternativa\u201d - Esplac\",\"isPartOf\":{\"@id\":\"https:\\\/\\\/www.esplac.cat\\\/#website\"},\"primaryImageOfPage\":{\"@id\":\"https:\\\/\\\/www.esplac.cat\\\/arriba-lescola-desplac-2024-esplais-anticapilistes\\\/#primaryimage\"},\"image\":{\"@id\":\"https:\\\/\\\/www.esplac.cat\\\/arriba-lescola-desplac-2024-esplais-anticapilistes\\\/#primaryimage\"},\"thumbnailUrl\":\"https:\\\/\\\/www.esplac.cat\\\/wp-content\\\/uploads\\\/2023\\\/11\\\/Escola-dEsplac_baner_logos.jpg\",\"datePublished\":\"2023-12-06T09:59:38+00:00\",\"dateModified\":\"2023-12-11T10:58:51+00:00\",\"breadcrumb\":{\"@id\":\"https:\\\/\\\/www.esplac.cat\\\/arriba-lescola-desplac-2024-esplais-anticapilistes\\\/#breadcrumb\"},\"inLanguage\":\"es\",\"potentialAction\":[{\"@type\":\"ReadAction\",\"target\":[\"https:\\\/\\\/www.esplac.cat\\\/arriba-lescola-desplac-2024-esplais-anticapilistes\\\/\"]}]},{\"@type\":\"ImageObject\",\"inLanguage\":\"es\",\"@id\":\"https:\\\/\\\/www.esplac.cat\\\/arriba-lescola-desplac-2024-esplais-anticapilistes\\\/#primaryimage\",\"url\":\"https:\\\/\\\/www.esplac.cat\\\/wp-content\\\/uploads\\\/2023\\\/11\\\/Escola-dEsplac_baner_logos.jpg\",\"contentUrl\":\"https:\\\/\\\/www.esplac.cat\\\/wp-content\\\/uploads\\\/2023\\\/11\\\/Escola-dEsplac_baner_logos.jpg\",\"width\":1697,\"height\":700},{\"@type\":\"BreadcrumbList\",\"@id\":\"https:\\\/\\\/www.esplac.cat\\\/arriba-lescola-desplac-2024-esplais-anticapilistes\\\/#breadcrumb\",\"itemListElement\":[{\"@type\":\"ListItem\",\"position\":1,\"name\":\"Inici\",\"item\":\"https:\\\/\\\/www.esplac.cat\\\/es\\\/\"},{\"@type\":\"ListItem\",\"position\":2,\"name\":\"Tot el que necessites saber sobre l\u2019Escola d\u2019Esplac 2024: \u201cEsplais anticapitalistes: Constru\u00efm les bases per educar en l\u2019alternativa\u201d\"}]},{\"@type\":\"WebSite\",\"@id\":\"https:\\\/\\\/www.esplac.cat\\\/#website\",\"url\":\"https:\\\/\\\/www.esplac.cat\\\/\",\"name\":\"Esplac\",\"description\":\"Esplais Catalans\",\"publisher\":{\"@id\":\"https:\\\/\\\/www.esplac.cat\\\/#organization\"},\"potentialAction\":[{\"@type\":\"SearchAction\",\"target\":{\"@type\":\"EntryPoint\",\"urlTemplate\":\"https:\\\/\\\/www.esplac.cat\\\/?s={search_term_string}\"},\"query-input\":{\"@type\":\"PropertyValueSpecification\",\"valueRequired\":true,\"valueName\":\"search_term_string\"}}],\"inLanguage\":\"es\"},{\"@type\":\"Organization\",\"@id\":\"https:\\\/\\\/www.esplac.cat\\\/#organization\",\"name\":\"Esplac\",\"url\":\"https:\\\/\\\/www.esplac.cat\\\/\",\"logo\":{\"@type\":\"ImageObject\",\"inLanguage\":\"es\",\"@id\":\"https:\\\/\\\/www.esplac.cat\\\/#\\\/schema\\\/logo\\\/image\\\/\",\"url\":\"https:\\\/\\\/www.esplac.cat\\\/wp-content\\\/uploads\\\/2019\\\/08\\\/logox2.png\",\"contentUrl\":\"https:\\\/\\\/www.esplac.cat\\\/wp-content\\\/uploads\\\/2019\\\/08\\\/logox2.png\",\"width\":600,\"height\":295,\"caption\":\"Esplac\"},\"image\":{\"@id\":\"https:\\\/\\\/www.esplac.cat\\\/#\\\/schema\\\/logo\\\/image\\\/\"}},{\"@type\":\"Person\",\"@id\":\"https:\\\/\\\/www.esplac.cat\\\/#\\\/schema\\\/person\\\/908383cf240be18b68f8855d0583faca\",\"name\":\"Comunicaci\u00f3 Esplac\",\"image\":{\"@type\":\"ImageObject\",\"inLanguage\":\"es\",\"@id\":\"https:\\\/\\\/secure.gravatar.com\\\/avatar\\\/7a4cf8feb412a76ea4a740ca02d95b06b2907b5a6c648c2dd0a1082a093c3141?s=96&d=mm&r=g\",\"url\":\"https:\\\/\\\/secure.gravatar.com\\\/avatar\\\/7a4cf8feb412a76ea4a740ca02d95b06b2907b5a6c648c2dd0a1082a093c3141?s=96&d=mm&r=g\",\"contentUrl\":\"https:\\\/\\\/secure.gravatar.com\\\/avatar\\\/7a4cf8feb412a76ea4a740ca02d95b06b2907b5a6c648c2dd0a1082a093c3141?s=96&d=mm&r=g\",\"caption\":\"Comunicaci\u00f3 Esplac\"}}]}<\/script>\n<!-- \/ Yoast SEO plugin. -->","yoast_head_json":{"title":"Tot el que necessites saber sobre l\u2019Escola d\u2019Esplac 2024: \u201cEsplais anticapitalistes: Constru\u00efm les bases per educar en l\u2019alternativa\u201d - Esplac","robots":{"index":"index","follow":"follow","max-snippet":"max-snippet:-1","max-image-preview":"max-image-preview:large","max-video-preview":"max-video-preview:-1"},"canonical":"https:\/\/www.esplac.cat\/arriba-lescola-desplac-2024-esplais-anticapilistes\/","og_locale":"es_ES","og_type":"article","og_title":"Tot el que necessites saber sobre l\u2019Escola d\u2019Esplac 2024: \u201cEsplais anticapitalistes: Constru\u00efm les bases per educar en l\u2019alternativa\u201d - Esplac","og_url":"https:\/\/www.esplac.cat\/arriba-lescola-desplac-2024-esplais-anticapilistes\/","og_site_name":"Esplac","article_published_time":"2023-12-06T09:59:38+00:00","article_modified_time":"2023-12-11T10:58:51+00:00","og_image":[{"width":1697,"height":700,"url":"https:\/\/www.esplac.cat\/wp-content\/uploads\/2023\/11\/Escola-dEsplac_baner_logos.jpg","type":"image\/jpeg"}],"author":"Comunicaci\u00f3 Esplac","twitter_card":"summary_large_image","twitter_misc":{"Escrito por":"Comunicaci\u00f3 Esplac","Tiempo de lectura":"3 minutos"},"schema":{"@context":"https:\/\/schema.org","@graph":[{"@type":"Article","@id":"https:\/\/www.esplac.cat\/arriba-lescola-desplac-2024-esplais-anticapilistes\/#article","isPartOf":{"@id":"https:\/\/www.esplac.cat\/arriba-lescola-desplac-2024-esplais-anticapilistes\/"},"author":{"name":"Comunicaci\u00f3 Esplac","@id":"https:\/\/www.esplac.cat\/#\/schema\/person\/908383cf240be18b68f8855d0583faca"},"headline":"Tot el que necessites saber sobre l\u2019Escola d\u2019Esplac 2024: \u201cEsplais anticapitalistes: Constru\u00efm les bases per educar en l\u2019alternativa\u201d","datePublished":"2023-12-06T09:59:38+00:00","dateModified":"2023-12-11T10:58:51+00:00","mainEntityOfPage":{"@id":"https:\/\/www.esplac.cat\/arriba-lescola-desplac-2024-esplais-anticapilistes\/"},"wordCount":786,"publisher":{"@id":"https:\/\/www.esplac.cat\/#organization"},"image":{"@id":"https:\/\/www.esplac.cat\/arriba-lescola-desplac-2024-esplais-anticapilistes\/#primaryimage"},"thumbnailUrl":"https:\/\/www.esplac.cat\/wp-content\/uploads\/2023\/11\/Escola-dEsplac_baner_logos.jpg","articleSection":["Activitats esplac","Escola d'Esplac"],"inLanguage":"es"},{"@type":"WebPage","@id":"https:\/\/www.esplac.cat\/arriba-lescola-desplac-2024-esplais-anticapilistes\/","url":"https:\/\/www.esplac.cat\/arriba-lescola-desplac-2024-esplais-anticapilistes\/","name":"Tot el que necessites saber sobre l\u2019Escola d\u2019Esplac 2024: \u201cEsplais anticapitalistes: Constru\u00efm les bases per educar en l\u2019alternativa\u201d - Esplac","isPartOf":{"@id":"https:\/\/www.esplac.cat\/#website"},"primaryImageOfPage":{"@id":"https:\/\/www.esplac.cat\/arriba-lescola-desplac-2024-esplais-anticapilistes\/#primaryimage"},"image":{"@id":"https:\/\/www.esplac.cat\/arriba-lescola-desplac-2024-esplais-anticapilistes\/#primaryimage"},"thumbnailUrl":"https:\/\/www.esplac.cat\/wp-content\/uploads\/2023\/11\/Escola-dEsplac_baner_logos.jpg","datePublished":"2023-12-06T09:59:38+00:00","dateModified":"2023-12-11T10:58:51+00:00","breadcrumb":{"@id":"https:\/\/www.esplac.cat\/arriba-lescola-desplac-2024-esplais-anticapilistes\/#breadcrumb"},"inLanguage":"es","potentialAction":[{"@type":"ReadAction","target":["https:\/\/www.esplac.cat\/arriba-lescola-desplac-2024-esplais-anticapilistes\/"]}]},{"@type":"ImageObject","inLanguage":"es","@id":"https:\/\/www.esplac.cat\/arriba-lescola-desplac-2024-esplais-anticapilistes\/#primaryimage","url":"https:\/\/www.esplac.cat\/wp-content\/uploads\/2023\/11\/Escola-dEsplac_baner_logos.jpg","contentUrl":"https:\/\/www.esplac.cat\/wp-content\/uploads\/2023\/11\/Escola-dEsplac_baner_logos.jpg","width":1697,"height":700},{"@type":"BreadcrumbList","@id":"https:\/\/www.esplac.cat\/arriba-lescola-desplac-2024-esplais-anticapilistes\/#breadcrumb","itemListElement":[{"@type":"ListItem","position":1,"name":"Inici","item":"https:\/\/www.esplac.cat\/es\/"},{"@type":"ListItem","position":2,"name":"Tot el que necessites saber sobre l\u2019Escola d\u2019Esplac 2024: \u201cEsplais anticapitalistes: Constru\u00efm les bases per educar en l\u2019alternativa\u201d"}]},{"@type":"WebSite","@id":"https:\/\/www.esplac.cat\/#website","url":"https:\/\/www.esplac.cat\/","name":"Esplac","description":"Esplais Catalans","publisher":{"@id":"https:\/\/www.esplac.cat\/#organization"},"potentialAction":[{"@type":"SearchAction","target":{"@type":"EntryPoint","urlTemplate":"https:\/\/www.esplac.cat\/?s={search_term_string}"},"query-input":{"@type":"PropertyValueSpecification","valueRequired":true,"valueName":"search_term_string"}}],"inLanguage":"es"},{"@type":"Organization","@id":"https:\/\/www.esplac.cat\/#organization","name":"Esplac","url":"https:\/\/www.esplac.cat\/","logo":{"@type":"ImageObject","inLanguage":"es","@id":"https:\/\/www.esplac.cat\/#\/schema\/logo\/image\/","url":"https:\/\/www.esplac.cat\/wp-content\/uploads\/2019\/08\/logox2.png","contentUrl":"https:\/\/www.esplac.cat\/wp-content\/uploads\/2019\/08\/logox2.png","width":600,"height":295,"caption":"Esplac"},"image":{"@id":"https:\/\/www.esplac.cat\/#\/schema\/logo\/image\/"}},{"@type":"Person","@id":"https:\/\/www.esplac.cat\/#\/schema\/person\/908383cf240be18b68f8855d0583faca","name":"Comunicaci\u00f3 Esplac","image":{"@type":"ImageObject","inLanguage":"es","@id":"https:\/\/secure.gravatar.com\/avatar\/7a4cf8feb412a76ea4a740ca02d95b06b2907b5a6c648c2dd0a1082a093c3141?s=96&d=mm&r=g","url":"https:\/\/secure.gravatar.com\/avatar\/7a4cf8feb412a76ea4a740ca02d95b06b2907b5a6c648c2dd0a1082a093c3141?s=96&d=mm&r=g","contentUrl":"https:\/\/secure.gravatar.com\/avatar\/7a4cf8feb412a76ea4a740ca02d95b06b2907b5a6c648c2dd0a1082a093c3141?s=96&d=mm&r=g","caption":"Comunicaci\u00f3 Esplac"}}]}},"_links":{"self":[{"href":"https:\/\/www.esplac.cat\/es\/wp-json\/wp\/v2\/posts\/48342","targetHints":{"allow":["GET"]}}],"collection":[{"href":"https:\/\/www.esplac.cat\/es\/wp-json\/wp\/v2\/posts"}],"about":[{"href":"https:\/\/www.esplac.cat\/es\/wp-json\/wp\/v2\/types\/post"}],"author":[{"embeddable":true,"href":"https:\/\/www.esplac.cat\/es\/wp-json\/wp\/v2\/users\/3"}],"replies":[{"embeddable":true,"href":"https:\/\/www.esplac.cat\/es\/wp-json\/wp\/v2\/comments?post=48342"}],"version-history":[{"count":10,"href":"https:\/\/www.esplac.cat\/es\/wp-json\/wp\/v2\/posts\/48342\/revisions"}],"predecessor-version":[{"id":48358,"href":"https:\/\/www.esplac.cat\/es\/wp-json\/wp\/v2\/posts\/48342\/revisions\/48358"}],"wp:featuredmedia":[{"embeddable":true,"href":"https:\/\/www.esplac.cat\/es\/wp-json\/wp\/v2\/media\/48280"}],"wp:attachment":[{"href":"https:\/\/www.esplac.cat\/es\/wp-json\/wp\/v2\/media?parent=48342"}],"wp:term":[{"taxonomy":"category","embeddable":true,"href":"https:\/\/www.esplac.cat\/es\/wp-json\/wp\/v2\/categories?post=48342"},{"taxonomy":"post_tag","embeddable":true,"href":"https:\/\/www.esplac.cat\/es\/wp-json\/wp\/v2\/tags?post=48342"}],"curies":[{"name":"wp","href":"https:\/\/api.w.org\/{rel}","templated":true}]}}