{"id":4858,"date":"2018-08-23T10:26:16","date_gmt":"2018-08-23T08:26:16","guid":{"rendered":"https:\/\/www.somesplai.cat\/?p=4858"},"modified":"2019-11-28T13:31:24","modified_gmt":"2019-11-28T12:31:24","slug":"sve-per-creixer-rapidament","status":"publish","type":"post","link":"https:\/\/www.esplac.cat\/es\/sve-per-creixer-rapidament\/","title":{"rendered":"SVE, per cr\u00e8ixer r\u00e0pidament!"},"content":{"rendered":"<h5>23-agost-2018&nbsp;<\/h5>\n<p><strong>David Miranda Mota<\/strong>, SVE portugu\u00e8s a Barcelona i monitor de l\u2019Esplai Torxa.<\/p>\n<hr>\n<p>Sin duda, Junio y Julio fueron los meses m\u00e1s activos, hubo de todo.<\/p>\n<p style=\"text-align: justify;\">&nbsp;<\/p>\n<p style=\"text-align: justify;\"><strong>Canet de Mar<\/strong><\/p>\n<p style=\"text-align: justify;\">Empezamos con un excursi\u00f3n general a <span style=\"color: #ffcc00;\">Canet<\/span> <span style=\"color: #ffcc99;\">de&nbsp;<\/span><span style=\"color: #3366ff;\">Mar<\/span>. Floresta de <span style=\"color: #008000;\">pi\u00f1a<\/span>, <span style=\"color: #ff6600;\">sol<\/span> y <span style=\"color: #ffcc00;\">playa<\/span>, guitarras y ukeleles.<br \/>\nSiento que finalmente conecto m\u00e1s con algunos de los ni\u00f1os y ni\u00f1as de otras edades, sea con el f\u00fatbol, con las fotos o con el humor.<\/p>\n<p style=\"text-align: justify;\">Tuvimos un peque\u00f1o \u00abproblema\u00bb con un virus <em>zombie<\/em> que se propag\u00f3 por el grupo&nbsp;e instal\u00f3 el caos, bastantes fueron infectados, pero tras algunas \u00abpesquisas\u00bb por la floresta se encontr\u00f3 la cura y se pudo volver de vuelta a la normalidad. M\u00e1s tarde, un grupo de 7 exploradores de medio palmo, se aventuraron por la floresta y crearon un abrigo con lo que la naturaleza les ha dado, ahora ten\u00edan un local para refugiarse y crear toda una realidad paralela, pero aun as\u00ed, al llegar la luna, trajo consigo la fatiga&nbsp;de todo un d\u00eda de actividades y para&nbsp;combatirla&nbsp;no hay nada como un buen colch\u00f3n para dormir.<\/p>\n<p style=\"text-align: justify;\">Por la noche hay ese momento bonito del \u00abbona nit\u00bb con guitarritas y musiquitas (que supongo que tambi\u00e9n tendr\u00e9is en vuestros esplais), cuando me entra el primer gran flechazo emocional y se me asoma una lagrimita. En la reuni\u00f3n final se empieza a hablar de la pr\u00f3xima generaci\u00f3n de monis y tambi\u00e9n con algunos de los j\u00f3venes \u00absupras\u00bb invitandoles a asumir ese cargo. Fue interesante ver el inicio de la transmisi\u00f3n de responsabilidades poco a poco y ver como los monis mas j\u00f3venes est\u00e1n preparados para recibir esa misi\u00f3n.<a href=\"https:\/\/www.somesplai.cat\/wp-content\/uploads\/2018\/08\/zomb-e1534029958207.jpg\"><br \/>\n<\/a><a href=\"https:\/\/www.somesplai.cat\/wp-content\/uploads\/2018\/08\/zomb-e1534029925151.jpg\"><br \/>\n<\/a><a href=\"https:\/\/www.somesplai.cat\/wp-content\/uploads\/2018\/08\/zomb-e1534030091697.jpg\"><img decoding=\"async\" class=\"aligncenter size-full wp-image-4876\" src=\"https:\/\/www.somesplai.cat\/wp-content\/uploads\/2018\/08\/zomb-e1534030091697.jpg\" alt=\"zomb\" width=\"429\" height=\"500\"><\/a><\/p>\n<p style=\"text-align: justify;\">&nbsp;<\/p>\n<p style=\"text-align: justify;\"><strong>Final de Esplai con Graffiti<\/strong><\/p>\n<p style=\"text-align: justify;\">Cerramos las actividades del esplai&nbsp;en grande, lo que ya os hab\u00eda prometido ha ocurrido, el <span style=\"text-decoration: underline;\">graffiti de <span style=\"color: #ff9900; text-decoration: underline;\">Torxa<\/span><\/span> hecho por mi grupo Rondinaires.<\/p>\n<p style=\"text-align: justify;\">La suerte ha querido que justo al lado del <em><strong>Mas&nbsp;Guinard\u00f3<\/strong><\/em> (donde hacemos el esplai) hay unos muros legales que de forma muy f\u00e1cil y a trav\u00e9s de una app (<span style=\"color: #800080;\"><em>Wallspot<\/em><\/span>) conectada al ayuntamiento te dan el permiso de pintura en pocos minutos. Puedo afirmar que fue un \u00e9xito, los ni\u00f1os y ni\u00f1as han flipado haciendo sus dibujos m\u00e1s grandes que ellos mismos. Aunque intent\u00e9 organizar peque\u00f1os grupos y mantener un orden, ese d\u00eda casi&nbsp;nadie falt\u00f3 al esplai, eran 25 y en cierta medida estaba todo un poco ca\u00f3tico, hasta que se hizo una pausa reflexiva y organizadora. El resultado est\u00e9tico final qued\u00f3 \u00abaceptable\u00bb para mi exigente opini\u00f3n y <strong>PERFECTO<\/strong> para ellos, pero lo que cuenta fue toda la experiencia. Tambi\u00e9n me dej\u00f3 feliz ver mis colegas monis que aun no siendo artistas asumieron el <em>Spray<\/em> como herramienta educativa.<\/p>\n<p style=\"text-align: justify;\">Adem\u00e1s como era el \u00faltimo d\u00eda hubo un recibimiento especial a los padres, que despu\u00e9s fueron a ver nuestro <em>graffiti<\/em> y el <em>feedback<\/em> fue tremendamente positivo, recibiendo mucha confianza y respeto de su parte, algo s\u00faper gratificante.<a href=\"https:\/\/www.somesplai.cat\/wp-content\/uploads\/2018\/08\/graff-e1534030672491.jpg\"><img decoding=\"async\" class=\"aligncenter size-full wp-image-4880\" src=\"https:\/\/www.somesplai.cat\/wp-content\/uploads\/2018\/08\/graff-e1534030672491.jpg\" alt=\"graff\" width=\"600\" height=\"399\"><\/a><a href=\"https:\/\/www.somesplai.cat\/wp-content\/uploads\/2018\/08\/graff.jpg\"><br \/>\n<\/a><\/p>\n<p style=\"text-align: justify;\"><strong>Una semana en cuenta atr\u00e1s!<\/strong><\/p>\n<p style=\"text-align: justify;\">El tiempo no para y de pronto mi&nbsp;joya&nbsp;de <span style=\"color: #ff0000;\">Mar<\/span><span style=\"color: #008000;\">rue<\/span><span style=\"color: #ff0000;\">cos<\/span>&nbsp;(una compa\u00f1era marroqu\u00ed) se iba a marchar, posiblemente para quedarse, as\u00ed que tenia una semana para cumplir una lista de objetivos y as\u00ed fue, desde visitar una expo de <strong><span style=\"text-decoration: underline;\">Disney <\/span><\/strong>en la cual no encontramos a Mikey pero si mucho esbozos de los grandes cl\u00e1sicos, como <em>Hercules<\/em> o la <em>Bella Durmiente<\/em>.&nbsp;Tambi\u00e9n subimos al <strong>Tibidabo<\/strong> para sentir su energ\u00eda y la tremenda vista que te da de Barcelona,&nbsp;como si la tuvieras en la mano, es&nbsp;maravillosa la mezcla entre religi\u00f3n y parque de diversiones. Adem\u00e1s ella&nbsp;insisti\u00f3 en llevar una pintura de su tama\u00f1o para hacer fotos, lo que gener\u00f3 bastantes situaciones divertidas.<\/p>\n<p style=\"text-align: justify;\">Los otros d\u00edas nos perd\u00edamos por los jardines de <strong>Poblesec<\/strong> o \u00edbamos en bici a la playa y por las noches probaba diferentes especias marroqu\u00edes&#8230; M\u00e1s tarde lleg\u00f3<strong>&nbsp;San Juan<\/strong>, muy distinto de las fiestas de Portugal, aqu\u00ed se&nbsp;tiran&nbsp;petardos y cohetes de forma constante y sin cualquier&nbsp;aviso. Nos fuimos a cenar a la casa de unos amigos de&nbsp;<strong>Poblenou<\/strong>, y entre tantas conversaciones y diferentes nacionalidades, la noche pas\u00f3 en un \u00abpis pas\u00bb&nbsp;y ya era hora de ir a la playa. Al llegar&nbsp;sent\u00ed un ambiente de euforia gigante, mogoll\u00f3n de gente llenaba toda la costa, decenas de hogueras por todas partes, mientras se escuchaba por megafon\u00eda \u00ab<em>Atenci\u00f3 est\u00e0 prohibit fer foc<\/em>\u00ab. Sin pensarlo dos veces, me tir\u00e9 al <span style=\"color: #0000ff;\">mar<\/span> en \u00abritual\u00bb de limpieza y conexi\u00f3n espiritual, menos mal que estaba caliente y que me sequ\u00e9&nbsp;con las hogueras!<\/p>\n<p style=\"text-align: justify;\">Finalmente la semana termin\u00f3 y empezaba otra nueva fase de SVE.<\/p>\n<p style=\"text-align: justify;\"><a href=\"https:\/\/www.somesplai.cat\/wp-content\/uploads\/2018\/08\/IMG_8554-e1534030839782.jpg\"><img decoding=\"async\" class=\"aligncenter size-full wp-image-4881\" src=\"https:\/\/www.somesplai.cat\/wp-content\/uploads\/2018\/08\/IMG_8554-e1534030839782.jpg\" alt=\"IMG_8554\" width=\"498\" height=\"600\"><\/a><\/p>\n<p style=\"text-align: justify;\">&nbsp;<\/p>\n<p style=\"text-align: justify;\"><strong>M\u00e1laga, Mollina, Mundo.<\/strong><\/p>\n<p style=\"text-align: justify;\">Lleg\u00f3 mi tiempo de ir \u00e1 la formaci\u00f3n intermediaria, cog\u00ed el vuelvo y en poco tiempo estaba m\u00e1s cerca de casa, aunque lejos. Estaba poco tiempo&nbsp;en M\u00e1laga, pero sabia lo que quer\u00eda ver aunque a contra reloj. As\u00ed fue, en 3 horas y sin parar pude ver algunas obras de artistas como&nbsp;<span style=\"text-decoration: underline;\">ROA<\/span>, <span style=\"text-decoration: underline;\">Obey<\/span>&nbsp;,&nbsp;<span style=\"text-decoration: underline;\">D*face<\/span>, el centro, el puerto y la playa de la Malagueta, pero as\u00ed de r\u00e1pido termin\u00f3. Ten\u00eda que ir a <strong>Mollina <\/strong>para&nbsp;encontrarme con otros <span style=\"color: #3366ff;\">80 voluntariados europeos<\/span>.<\/p>\n<p style=\"text-align: justify;\">La verdad, al inicio no iba con gran expectativa, pero la&nbsp;agencia nacional espa\u00f1ola nos trat\u00f3 muy bien, Instalaciones perfectas hasta con piscina y refrigerantes en las comidas y todas las actividades bastante din\u00e1micas y muy \u00fatiles para esta fase de SVE. Adem\u00e1s de gente muy interesante con historias incre\u00edbles de compartir y un buen nivel de humor. Es una buena oportunidad para hacer conexiones y esparcir tu red de amistades por el mundo y provisionalmente por <strong><span style=\"color: #ff0000;\">Es<\/span><span style=\"color: #ffcc00;\">pa<\/span><span style=\"color: #ff0000;\">\u00f1a<\/span><\/strong>. Conoc\u00ed a j\u00f3venes con proyectos muy similares al m\u00edo y con problemas id\u00e9nticos; j\u00f3venes que trabajaban con animales, otros que viv\u00edan del Instagram, en fin, una multidisciplinariedad gigante de conocimientos y aun as\u00ed continuo con la misma opini\u00f3n que tenia en la otra formaci\u00f3n, aunque m\u00e1s acentuada. Escog\u00ed el mejor SVE, OBRIGADO <span style=\"color: #ff9900;\">ESPLAC<\/span>.<\/p>\n<p style=\"text-align: justify;\"><a href=\"https:\/\/www.somesplai.cat\/wp-content\/uploads\/2018\/08\/39047745_2110563295929153_1811605377112866816_n.jpg\"><img decoding=\"async\" class=\"aligncenter size-full wp-image-4884\" src=\"https:\/\/www.somesplai.cat\/wp-content\/uploads\/2018\/08\/39047745_2110563295929153_1811605377112866816_n.jpg\" alt=\"39047745_2110563295929153_1811605377112866816_n\" width=\"1197\" height=\"180\"><\/a><\/p>\n<p style=\"text-align: justify;\">&nbsp;<\/p>\n<p style=\"text-align: justify;\"><strong>Expo La Fontana&nbsp; &nbsp; &nbsp;<\/strong>&nbsp; &nbsp; &nbsp; &nbsp; &nbsp; &nbsp; &nbsp; &nbsp; &nbsp; &nbsp; &nbsp; &nbsp; &nbsp; &nbsp; &nbsp; &nbsp; &nbsp; &nbsp; &nbsp; &nbsp; &nbsp; &nbsp; &nbsp; &nbsp; &nbsp; &nbsp; &nbsp; &nbsp; &nbsp; &nbsp; &nbsp; &nbsp; &nbsp; &nbsp; &nbsp; &nbsp; &nbsp; &nbsp; &nbsp; &nbsp; &nbsp; &nbsp; &nbsp; &nbsp; &nbsp; &nbsp; &nbsp; &nbsp; &nbsp; &nbsp; &nbsp; &nbsp; &nbsp; &nbsp; &nbsp; &nbsp; &nbsp; &nbsp; &nbsp; &nbsp; &nbsp; &nbsp; &nbsp; &nbsp; &nbsp; &nbsp; &nbsp; &nbsp; &nbsp; &nbsp; &nbsp; &nbsp; &nbsp;<\/p>\n<p style=\"text-align: justify;\">Lo que es bueno termina temprano y \u00abcuando me enter\u00e9\u00bb ya estaba en Barcelona&nbsp;montando una expo m\u00e1s, esta vez en el <strong><span style=\"color: #0000ff;\">Espai Jove la Fontana<\/span><\/strong>, sitio que me recibi\u00f3 muy bien y que me cont\u00f3 un poco m\u00e1s&nbsp;sobre las din\u00e1micas del Casal, despert\u00e1ndome ganas de quedarme&nbsp;en un futuro por Barcelona trabajando en un Casal de Joves.<\/p>\n<p style=\"text-align: justify;\">Pero no pas\u00f3 ni dos d\u00edas y ya estaba de camino hacia otra aventura, dir\u00eda yo que la GRAN AVENTURA.<\/p>\n<p style=\"text-align: justify;\"><a href=\"https:\/\/www.somesplai.cat\/wp-content\/uploads\/2018\/08\/fon.jpg\"><img decoding=\"async\" class=\"aligncenter size-full wp-image-4883\" src=\"https:\/\/www.somesplai.cat\/wp-content\/uploads\/2018\/08\/fon.jpg\" alt=\"fon\" width=\"1036\" height=\"158\"><\/a><\/p>\n<p style=\"text-align: justify;\">&nbsp;<\/p>\n<p style=\"text-align: justify;\"><strong>Los Campas del Esplai Torxa<\/strong><\/p>\n<p style=\"text-align: justify;\">No hablare mucho del campas aqu\u00ed, os dejo aqu\u00ed un&nbsp;<a href=\"http:\/\/catalunyaplural.cat\/es\/campamentos-de-verano-experiencias-y-aprendizajes\/\" target=\"_blank\" rel=\"noopener noreferrer\">link<\/a>&nbsp;del peri\u00f3dico <strong>Catalunya Plural<\/strong>, donde podr\u00e9is leer de forma mas detallada, esta que fue una de las experiencias m\u00e1s fuertes en mi vida, OBRIGADO <span style=\"color: #ff6600;\">TORXA<\/span>!<\/p>\n<p style=\"text-align: justify;\"><a href=\"https:\/\/www.somesplai.cat\/wp-content\/uploads\/2018\/08\/38985133_1751680684944567_5441084266739924992_n.jpg\"><img decoding=\"async\" class=\"aligncenter size-full wp-image-4885\" src=\"https:\/\/www.somesplai.cat\/wp-content\/uploads\/2018\/08\/38985133_1751680684944567_5441084266739924992_n.jpg\" alt=\"38985133_1751680684944567_5441084266739924992_n\" width=\"1175\" height=\"180\"><\/a><\/p>\n<p style=\"text-align: justify;\">&nbsp;<\/p>\n<p style=\"text-align: justify;\"><strong>INTROSPECCI\u00d3, SI US PLAU!<\/strong><\/p>\n<p style=\"text-align: justify;\">Volviendo de Campas con 5 kilos menos de peso y 50 kilos m\u00e1s de amor y aprendizaje, vuelvo a la rutina SVE en BCN.<\/p>\n<p style=\"text-align: justify;\">Para mi sorpresa la Moura Encantada (mi compa\u00f1era de marruecos) hab\u00eda vuelto y ahora yo tenia los s\u00e1bados libres sin esplai, el final de Julio me sirvi\u00f3 para reflexionar sobre estas \u00faltimas 6 semanas que fueron a toda prisa&nbsp;y que viv\u00ed en modo<em> Freestyle<\/em>.<\/p>\n<p style=\"text-align: justify;\">Un d\u00eda, al volver de la playa, tuve la suerte de cruzarme con uno de mis artistas favoritos, <span style=\"text-decoration: underline;\">top10<\/span> mundial, el chileno <strong><span style=\"color: #800080;\">I<span style=\"color: #ff9900;\">n<\/span>t<\/span><span style=\"color: #ff9900;\">i<\/span><\/strong>, 5 minutitos de conversaci\u00f3n y un placer gigante por la sincron\u00eda. Al d\u00eda siguiente en un paseo por el centro voy a <strong>Nevermind<\/strong>, el bar de la movida <em>Skater<\/em> y con suerte consegu\u00ed una expo&nbsp;all\u00ed. Ya os contar\u00e9 como fue en el pr\u00f3ximo <em>round.<\/em> Yo que&nbsp;buscaba un poco de tranquilidad pero no paraban de ocurrir cosas!<\/p>\n<p style=\"text-align: justify;\">&nbsp;<\/p>\n<p style=\"text-align: justify;\"><strong>Vacaciones en Monte Gordo<\/strong><\/p>\n<p style=\"text-align: justify;\">Finalmente llegaron mis vacaciones y volv\u00ed a <span style=\"color: #ff0000;\"><strong>Por<span style=\"color: #ffcc00;\">tu<\/span><span style=\"color: #339966;\">gal<\/span><\/strong><\/span>&nbsp;para ver a mi familia,&nbsp;mis \u00abbros\u00bb y conocer a mi sobrino. Mi playa est\u00e1 cambiada, afortunadamente para mejor aunque las obras no est\u00e1n terminadas, veo mi ciudad con un nuevo rostro (y nuevos precios). Tuve una reuni\u00f3n con los pol\u00edticos locales de cultura y educaci\u00f3n\/juventud, para presentar mi proyecto de Escuela de Arte Urbano, con un <em>feedback<\/em> espectacular, dir\u00eda incluso perfecto, aunque acompa\u00f1ado de una excusa financiera (que me cuesta creer por algunas razones), que me deja con una respuesta no negativa pero muy comprometedora, algo que me fortalece las ganas de buscarme la vida por Barcelona.<\/p>\n<p style=\"text-align: justify;\">Aun as\u00ed la vida sigue y pude disfrutar de unos d\u00edas m\u00e1s de vacaciones en mi para\u00edso.<\/p>\n<p style=\"text-align: justify;\">Y bueno, me faltan poco menos de 2 meses de SVE, tengo un sentimiento de deber cumplido y de empezar a planear el futuro por aqu\u00ed, aun as\u00ed, hay algunas otras cosas para terminar, as\u00ed que estad atentos porque esto ya se est\u00e1 terminando. Nuevamente y nunca es demasiado: merci <strong><span style=\"color: #ff6600;\">Esplac<\/span>, <span style=\"color: #ff9900;\">Torxa<\/span> y <span style=\"color: #ffcc00;\">Rota Jovem<\/span><\/strong>.&nbsp;<\/p>\n","protected":false},"excerpt":{"rendered":"<p>23-agost-2018&nbsp; David Miranda Mota, SVE portugu\u00e8s a Barcelona i monitor [&hellip;]<\/p>\n","protected":false},"author":3,"featured_media":4861,"comment_status":"closed","ping_status":"closed","sticky":false,"template":"","format":"standard","meta":{"om_disable_all_campaigns":false,"_monsterinsights_skip_tracking":false,"_monsterinsights_sitenote_active":false,"_monsterinsights_sitenote_note":"","_monsterinsights_sitenote_category":0,"_uf_show_specific_survey":0,"_uf_disable_surveys":false,"footnotes":""},"categories":[1168],"tags":[53,1191,418,187,1177],"class_list":["post-4858","post","type-post","status-publish","format-standard","has-post-thumbnail","hentry","category-creuant_mirades","tag-campaments","tag-graffiti","tag-portugal","tag-sve","tag-torxa"],"yoast_head":"<!-- This site is optimized with the Yoast SEO plugin v27.5 - https:\/\/yoast.com\/product\/yoast-seo-wordpress\/ -->\n<title>SVE, per cr\u00e8ixer r\u00e0pidament! - Esplac<\/title>\n<meta name=\"robots\" content=\"index, follow, max-snippet:-1, max-image-preview:large, max-video-preview:-1\" \/>\n<link rel=\"canonical\" href=\"https:\/\/www.esplac.cat\/sve-per-creixer-rapidament\/\" \/>\n<meta property=\"og:locale\" content=\"es_ES\" \/>\n<meta property=\"og:type\" content=\"article\" \/>\n<meta property=\"og:title\" content=\"SVE, per cr\u00e8ixer r\u00e0pidament! - Esplac\" \/>\n<meta property=\"og:description\" content=\"23-agost-2018&nbsp; David Miranda Mota, SVE portugu\u00e8s a Barcelona i monitor [&hellip;]\" \/>\n<meta property=\"og:url\" content=\"https:\/\/www.esplac.cat\/sve-per-creixer-rapidament\/\" \/>\n<meta property=\"og:site_name\" content=\"Esplac\" \/>\n<meta property=\"article:published_time\" content=\"2018-08-23T08:26:16+00:00\" \/>\n<meta property=\"article:modified_time\" content=\"2019-11-28T12:31:24+00:00\" \/>\n<meta property=\"og:image\" content=\"https:\/\/www.esplac.cat\/wp-content\/uploads\/2019\/11\/logo-open.jpg\" \/>\n\t<meta property=\"og:image:width\" content=\"1200\" \/>\n\t<meta property=\"og:image:height\" content=\"630\" \/>\n\t<meta property=\"og:image:type\" content=\"image\/jpeg\" \/>\n<meta name=\"author\" content=\"Comunicaci\u00f3 Esplac\" \/>\n<meta name=\"twitter:card\" content=\"summary_large_image\" \/>\n<meta name=\"twitter:label1\" content=\"Escrito por\" \/>\n\t<meta name=\"twitter:data1\" content=\"Comunicaci\u00f3 Esplac\" \/>\n\t<meta name=\"twitter:label2\" content=\"Tiempo de lectura\" \/>\n\t<meta name=\"twitter:data2\" content=\"8 minutos\" \/>\n<script type=\"application\/ld+json\" class=\"yoast-schema-graph\">{\"@context\":\"https:\\\/\\\/schema.org\",\"@graph\":[{\"@type\":\"Article\",\"@id\":\"https:\\\/\\\/www.esplac.cat\\\/sve-per-creixer-rapidament\\\/#article\",\"isPartOf\":{\"@id\":\"https:\\\/\\\/www.esplac.cat\\\/sve-per-creixer-rapidament\\\/\"},\"author\":{\"name\":\"Comunicaci\u00f3 Esplac\",\"@id\":\"https:\\\/\\\/www.esplac.cat\\\/#\\\/schema\\\/person\\\/908383cf240be18b68f8855d0583faca\"},\"headline\":\"SVE, per cr\u00e8ixer r\u00e0pidament!\",\"datePublished\":\"2018-08-23T08:26:16+00:00\",\"dateModified\":\"2019-11-28T12:31:24+00:00\",\"mainEntityOfPage\":{\"@id\":\"https:\\\/\\\/www.esplac.cat\\\/sve-per-creixer-rapidament\\\/\"},\"wordCount\":1657,\"publisher\":{\"@id\":\"https:\\\/\\\/www.esplac.cat\\\/#organization\"},\"image\":{\"@id\":\"https:\\\/\\\/www.esplac.cat\\\/sve-per-creixer-rapidament\\\/#primaryimage\"},\"thumbnailUrl\":\"\",\"keywords\":[\"campaments\",\"Graffiti\",\"Portugal\",\"sve\",\"Torxa\"],\"articleSection\":[\"Creuant mirades\"],\"inLanguage\":\"es\"},{\"@type\":\"WebPage\",\"@id\":\"https:\\\/\\\/www.esplac.cat\\\/sve-per-creixer-rapidament\\\/\",\"url\":\"https:\\\/\\\/www.esplac.cat\\\/sve-per-creixer-rapidament\\\/\",\"name\":\"SVE, per cr\u00e8ixer r\u00e0pidament! - Esplac\",\"isPartOf\":{\"@id\":\"https:\\\/\\\/www.esplac.cat\\\/#website\"},\"primaryImageOfPage\":{\"@id\":\"https:\\\/\\\/www.esplac.cat\\\/sve-per-creixer-rapidament\\\/#primaryimage\"},\"image\":{\"@id\":\"https:\\\/\\\/www.esplac.cat\\\/sve-per-creixer-rapidament\\\/#primaryimage\"},\"thumbnailUrl\":\"\",\"datePublished\":\"2018-08-23T08:26:16+00:00\",\"dateModified\":\"2019-11-28T12:31:24+00:00\",\"breadcrumb\":{\"@id\":\"https:\\\/\\\/www.esplac.cat\\\/sve-per-creixer-rapidament\\\/#breadcrumb\"},\"inLanguage\":\"es\",\"potentialAction\":[{\"@type\":\"ReadAction\",\"target\":[\"https:\\\/\\\/www.esplac.cat\\\/sve-per-creixer-rapidament\\\/\"]}]},{\"@type\":\"ImageObject\",\"inLanguage\":\"es\",\"@id\":\"https:\\\/\\\/www.esplac.cat\\\/sve-per-creixer-rapidament\\\/#primaryimage\",\"url\":\"\",\"contentUrl\":\"\"},{\"@type\":\"BreadcrumbList\",\"@id\":\"https:\\\/\\\/www.esplac.cat\\\/sve-per-creixer-rapidament\\\/#breadcrumb\",\"itemListElement\":[{\"@type\":\"ListItem\",\"position\":1,\"name\":\"Inici\",\"item\":\"https:\\\/\\\/www.esplac.cat\\\/es\\\/\"},{\"@type\":\"ListItem\",\"position\":2,\"name\":\"SVE, per cr\u00e8ixer r\u00e0pidament!\"}]},{\"@type\":\"WebSite\",\"@id\":\"https:\\\/\\\/www.esplac.cat\\\/#website\",\"url\":\"https:\\\/\\\/www.esplac.cat\\\/\",\"name\":\"Esplac\",\"description\":\"Esplais Catalans\",\"publisher\":{\"@id\":\"https:\\\/\\\/www.esplac.cat\\\/#organization\"},\"potentialAction\":[{\"@type\":\"SearchAction\",\"target\":{\"@type\":\"EntryPoint\",\"urlTemplate\":\"https:\\\/\\\/www.esplac.cat\\\/?s={search_term_string}\"},\"query-input\":{\"@type\":\"PropertyValueSpecification\",\"valueRequired\":true,\"valueName\":\"search_term_string\"}}],\"inLanguage\":\"es\"},{\"@type\":\"Organization\",\"@id\":\"https:\\\/\\\/www.esplac.cat\\\/#organization\",\"name\":\"Esplac\",\"url\":\"https:\\\/\\\/www.esplac.cat\\\/\",\"logo\":{\"@type\":\"ImageObject\",\"inLanguage\":\"es\",\"@id\":\"https:\\\/\\\/www.esplac.cat\\\/#\\\/schema\\\/logo\\\/image\\\/\",\"url\":\"https:\\\/\\\/www.esplac.cat\\\/wp-content\\\/uploads\\\/2019\\\/08\\\/logox2.png\",\"contentUrl\":\"https:\\\/\\\/www.esplac.cat\\\/wp-content\\\/uploads\\\/2019\\\/08\\\/logox2.png\",\"width\":600,\"height\":295,\"caption\":\"Esplac\"},\"image\":{\"@id\":\"https:\\\/\\\/www.esplac.cat\\\/#\\\/schema\\\/logo\\\/image\\\/\"}},{\"@type\":\"Person\",\"@id\":\"https:\\\/\\\/www.esplac.cat\\\/#\\\/schema\\\/person\\\/908383cf240be18b68f8855d0583faca\",\"name\":\"Comunicaci\u00f3 Esplac\",\"image\":{\"@type\":\"ImageObject\",\"inLanguage\":\"es\",\"@id\":\"https:\\\/\\\/secure.gravatar.com\\\/avatar\\\/7a4cf8feb412a76ea4a740ca02d95b06b2907b5a6c648c2dd0a1082a093c3141?s=96&d=mm&r=g\",\"url\":\"https:\\\/\\\/secure.gravatar.com\\\/avatar\\\/7a4cf8feb412a76ea4a740ca02d95b06b2907b5a6c648c2dd0a1082a093c3141?s=96&d=mm&r=g\",\"contentUrl\":\"https:\\\/\\\/secure.gravatar.com\\\/avatar\\\/7a4cf8feb412a76ea4a740ca02d95b06b2907b5a6c648c2dd0a1082a093c3141?s=96&d=mm&r=g\",\"caption\":\"Comunicaci\u00f3 Esplac\"}}]}<\/script>\n<!-- \/ Yoast SEO plugin. -->","yoast_head_json":{"title":"SVE, per cr\u00e8ixer r\u00e0pidament! - Esplac","robots":{"index":"index","follow":"follow","max-snippet":"max-snippet:-1","max-image-preview":"max-image-preview:large","max-video-preview":"max-video-preview:-1"},"canonical":"https:\/\/www.esplac.cat\/sve-per-creixer-rapidament\/","og_locale":"es_ES","og_type":"article","og_title":"SVE, per cr\u00e8ixer r\u00e0pidament! - Esplac","og_description":"23-agost-2018&nbsp; David Miranda Mota, SVE portugu\u00e8s a Barcelona i monitor [&hellip;]","og_url":"https:\/\/www.esplac.cat\/sve-per-creixer-rapidament\/","og_site_name":"Esplac","article_published_time":"2018-08-23T08:26:16+00:00","article_modified_time":"2019-11-28T12:31:24+00:00","og_image":[{"width":1200,"height":630,"url":"https:\/\/www.esplac.cat\/wp-content\/uploads\/2019\/11\/logo-open.jpg","type":"image\/jpeg"}],"author":"Comunicaci\u00f3 Esplac","twitter_card":"summary_large_image","twitter_misc":{"Escrito por":"Comunicaci\u00f3 Esplac","Tiempo de lectura":"8 minutos"},"schema":{"@context":"https:\/\/schema.org","@graph":[{"@type":"Article","@id":"https:\/\/www.esplac.cat\/sve-per-creixer-rapidament\/#article","isPartOf":{"@id":"https:\/\/www.esplac.cat\/sve-per-creixer-rapidament\/"},"author":{"name":"Comunicaci\u00f3 Esplac","@id":"https:\/\/www.esplac.cat\/#\/schema\/person\/908383cf240be18b68f8855d0583faca"},"headline":"SVE, per cr\u00e8ixer r\u00e0pidament!","datePublished":"2018-08-23T08:26:16+00:00","dateModified":"2019-11-28T12:31:24+00:00","mainEntityOfPage":{"@id":"https:\/\/www.esplac.cat\/sve-per-creixer-rapidament\/"},"wordCount":1657,"publisher":{"@id":"https:\/\/www.esplac.cat\/#organization"},"image":{"@id":"https:\/\/www.esplac.cat\/sve-per-creixer-rapidament\/#primaryimage"},"thumbnailUrl":"","keywords":["campaments","Graffiti","Portugal","sve","Torxa"],"articleSection":["Creuant mirades"],"inLanguage":"es"},{"@type":"WebPage","@id":"https:\/\/www.esplac.cat\/sve-per-creixer-rapidament\/","url":"https:\/\/www.esplac.cat\/sve-per-creixer-rapidament\/","name":"SVE, per cr\u00e8ixer r\u00e0pidament! - Esplac","isPartOf":{"@id":"https:\/\/www.esplac.cat\/#website"},"primaryImageOfPage":{"@id":"https:\/\/www.esplac.cat\/sve-per-creixer-rapidament\/#primaryimage"},"image":{"@id":"https:\/\/www.esplac.cat\/sve-per-creixer-rapidament\/#primaryimage"},"thumbnailUrl":"","datePublished":"2018-08-23T08:26:16+00:00","dateModified":"2019-11-28T12:31:24+00:00","breadcrumb":{"@id":"https:\/\/www.esplac.cat\/sve-per-creixer-rapidament\/#breadcrumb"},"inLanguage":"es","potentialAction":[{"@type":"ReadAction","target":["https:\/\/www.esplac.cat\/sve-per-creixer-rapidament\/"]}]},{"@type":"ImageObject","inLanguage":"es","@id":"https:\/\/www.esplac.cat\/sve-per-creixer-rapidament\/#primaryimage","url":"","contentUrl":""},{"@type":"BreadcrumbList","@id":"https:\/\/www.esplac.cat\/sve-per-creixer-rapidament\/#breadcrumb","itemListElement":[{"@type":"ListItem","position":1,"name":"Inici","item":"https:\/\/www.esplac.cat\/es\/"},{"@type":"ListItem","position":2,"name":"SVE, per cr\u00e8ixer r\u00e0pidament!"}]},{"@type":"WebSite","@id":"https:\/\/www.esplac.cat\/#website","url":"https:\/\/www.esplac.cat\/","name":"Esplac","description":"Esplais Catalans","publisher":{"@id":"https:\/\/www.esplac.cat\/#organization"},"potentialAction":[{"@type":"SearchAction","target":{"@type":"EntryPoint","urlTemplate":"https:\/\/www.esplac.cat\/?s={search_term_string}"},"query-input":{"@type":"PropertyValueSpecification","valueRequired":true,"valueName":"search_term_string"}}],"inLanguage":"es"},{"@type":"Organization","@id":"https:\/\/www.esplac.cat\/#organization","name":"Esplac","url":"https:\/\/www.esplac.cat\/","logo":{"@type":"ImageObject","inLanguage":"es","@id":"https:\/\/www.esplac.cat\/#\/schema\/logo\/image\/","url":"https:\/\/www.esplac.cat\/wp-content\/uploads\/2019\/08\/logox2.png","contentUrl":"https:\/\/www.esplac.cat\/wp-content\/uploads\/2019\/08\/logox2.png","width":600,"height":295,"caption":"Esplac"},"image":{"@id":"https:\/\/www.esplac.cat\/#\/schema\/logo\/image\/"}},{"@type":"Person","@id":"https:\/\/www.esplac.cat\/#\/schema\/person\/908383cf240be18b68f8855d0583faca","name":"Comunicaci\u00f3 Esplac","image":{"@type":"ImageObject","inLanguage":"es","@id":"https:\/\/secure.gravatar.com\/avatar\/7a4cf8feb412a76ea4a740ca02d95b06b2907b5a6c648c2dd0a1082a093c3141?s=96&d=mm&r=g","url":"https:\/\/secure.gravatar.com\/avatar\/7a4cf8feb412a76ea4a740ca02d95b06b2907b5a6c648c2dd0a1082a093c3141?s=96&d=mm&r=g","contentUrl":"https:\/\/secure.gravatar.com\/avatar\/7a4cf8feb412a76ea4a740ca02d95b06b2907b5a6c648c2dd0a1082a093c3141?s=96&d=mm&r=g","caption":"Comunicaci\u00f3 Esplac"}}]}},"_links":{"self":[{"href":"https:\/\/www.esplac.cat\/es\/wp-json\/wp\/v2\/posts\/4858","targetHints":{"allow":["GET"]}}],"collection":[{"href":"https:\/\/www.esplac.cat\/es\/wp-json\/wp\/v2\/posts"}],"about":[{"href":"https:\/\/www.esplac.cat\/es\/wp-json\/wp\/v2\/types\/post"}],"author":[{"embeddable":true,"href":"https:\/\/www.esplac.cat\/es\/wp-json\/wp\/v2\/users\/3"}],"replies":[{"embeddable":true,"href":"https:\/\/www.esplac.cat\/es\/wp-json\/wp\/v2\/comments?post=4858"}],"version-history":[{"count":0,"href":"https:\/\/www.esplac.cat\/es\/wp-json\/wp\/v2\/posts\/4858\/revisions"}],"wp:featuredmedia":[{"embeddable":true,"href":"https:\/\/www.esplac.cat\/es\/wp-json\/"}],"wp:attachment":[{"href":"https:\/\/www.esplac.cat\/es\/wp-json\/wp\/v2\/media?parent=4858"}],"wp:term":[{"taxonomy":"category","embeddable":true,"href":"https:\/\/www.esplac.cat\/es\/wp-json\/wp\/v2\/categories?post=4858"},{"taxonomy":"post_tag","embeddable":true,"href":"https:\/\/www.esplac.cat\/es\/wp-json\/wp\/v2\/tags?post=4858"}],"curies":[{"name":"wp","href":"https:\/\/api.w.org\/{rel}","templated":true}]}}