{"id":48584,"date":"2024-01-15T10:16:00","date_gmt":"2024-01-15T08:16:00","guid":{"rendered":"https:\/\/www.esplac.cat\/?p=48584"},"modified":"2024-01-15T17:34:19","modified_gmt":"2024-01-15T15:34:19","slug":"ja-us-podeu-inscriure-a-lescola-desplac-2024-esplais-anticapitalistes","status":"publish","type":"post","link":"https:\/\/www.esplac.cat\/es\/ja-us-podeu-inscriure-a-lescola-desplac-2024-esplais-anticapitalistes\/","title":{"rendered":"Ja us podeu inscriure a l\u2019Escola d\u2019Esplac 2024: Esplais Anticapitalistes. Constru\u00efm les bases per educar en l\u2019alternativa!"},"content":{"rendered":"<div class=\"fusion-fullwidth fullwidth-box fusion-builder-row-1 fusion-flex-container nonhundred-percent-fullwidth non-hundred-percent-height-scrolling\" style=\"--awb-border-radius-top-left:0px;--awb-border-radius-top-right:0px;--awb-border-radius-bottom-right:0px;--awb-border-radius-bottom-left:0px;--awb-flex-wrap:wrap;\" ><div class=\"fusion-builder-row fusion-row fusion-flex-align-items-flex-start fusion-flex-content-wrap\" style=\"max-width:1248px;margin-left: calc(-4% \/ 2 );margin-right: calc(-4% \/ 2 );\"><div class=\"fusion-layout-column fusion_builder_column fusion-builder-column-0 fusion_builder_column_1_1 1_1 fusion-flex-column\" style=\"--awb-bg-size:cover;--awb-width-large:100%;--awb-margin-top-large:0px;--awb-spacing-right-large:1.92%;--awb-margin-bottom-large:0px;--awb-spacing-left-large:1.92%;--awb-width-medium:100%;--awb-spacing-right-medium:1.92%;--awb-spacing-left-medium:1.92%;--awb-width-small:100%;--awb-spacing-right-small:1.92%;--awb-spacing-left-small:1.92%;\"><div class=\"fusion-column-wrapper fusion-flex-justify-content-flex-start fusion-content-layout-column\"><div class=\"fusion-text fusion-text-1\"><h6><strong>Els pr\u00f2xims 13 i 14 d&#8217;abril arriba la desena edici\u00f3 de l\u2019Escola d\u2019Esplac a Manresa. Aquest any ens retrobem per parlar sobre anticapitalisme i esplai.<\/strong><\/h6>\n<p><span style=\"font-weight: 300;\">Aquest curs 2023-2024 posem la mirada en l\u2019anticapitalisme. Ho farem a trav\u00e9s de pon\u00e8ncies, tallers i una exposici\u00f3 on podrem reflexionar conjuntament i portar a debat el paper del neoliberalisme als esplais.<\/span> <b><i>En quines situacions ens trobem durant el dia a dia? Quines pr\u00e0ctiques capitalistes reprodu\u00efm des de les nostres entitats? <\/i><\/b><b>\u00a0<\/b><span style=\"font-weight: 300;\">Intentarem donar resposta a aquestes preguntes i obtenir eines per fer front al sistema en qu\u00e8 vivim.\u00a0<\/span><\/p>\n<p><span style=\"font-weight: 300;\">Des d&#8217;Esplac, no oblidem que els esplais ja som una proposta alternativa a l\u2019educaci\u00f3 del sistema amb un gran component de transformaci\u00f3 social. Aix\u00f2, per\u00f2,\u00a0 no ens eximeix de reproduir actituds i din\u00e0miques pr\u00f2pies del capitalisme. Per aquest motiu \u00e9s necessari generar espais on poder parlar-ne, compartir visions i construir discurs pol\u00edtic col\u00b7lectiu.\u00a0<\/span><\/p>\n<p><span style=\"font-weight: 300;\">En aquesta ocasi\u00f3, comptarem amb la participaci\u00f3 entre d\u2019altres d\u2019en <\/span><b>David Fern\u00e0ndez <\/b><i><span style=\"font-weight: 300;\">(El capitalisme en el punt de mira)<\/span><\/i> <span style=\"font-weight: 300;\">i l\u2019<\/span><b>Escola Popular de Manresa <\/b><span style=\"font-weight: 300;\">(<\/span><i><span style=\"font-weight: 300;\">Eduquem en l\u2019anticapitalisme: Pedagogia cr\u00edtica, popular i emancipadora), <\/span><\/i><span style=\"font-weight: 300;\">entre d&#8217;altres<\/span><i><span style=\"font-weight: 300;\">. <\/span><\/i><b>\u00a0<\/b><span style=\"font-weight: 300;\">Ja podeu con\u00e8ixer el <em><a href=\"https:\/\/www.esplac.cat\/formacions\/escola-esplac\/#tab-9fc7efa6436650490bc\" target=\"_blank\" rel=\"noopener\">programa al complet<\/a><\/em>, ponents i talleristes de l\u2019Escola d\u2019Esplac 2024 consultant l&#8217;<em><a href=\"https:\/\/www.esplac.cat\/formacions\/escola-esplac\/\" target=\"_blank\" rel=\"noopener\">apartat a la nostra p\u00e0gina web<\/a><\/em>!<\/span><\/p>\n<h3><b>Corre i no et quedis sense pla\u00e7a!\u00a0<\/b><\/h3>\n<p><span style=\"font-weight: 300;\">Si sou monis o dirigents, ja us podeu inscriure a trav\u00e9s de <em><strong><a href=\"https:\/\/era.esplac.cat\/#\/inici\" target=\"_blank\" rel=\"noopener\">l\u2019Era&gt;Personal&gt;Activitats<\/a><\/strong><\/em>. En cas de ser s\u00f2cia o soci d&#8217;Esplac o una persona externa, ho podeu fer a trav\u00e9s del seg\u00fcent <\/span><em><a href=\"https:\/\/infoesplac.typeform.com\/to\/ClvP0vZB\"><b>formulari.<\/b><\/a><\/em><span style=\"font-weight: 300;\"> La quota \u00e9s de <strong>20\u20ac per participant<\/strong> i us podeu inscriure fins a 5 monis per esplai. Les <strong>inscripcions estan obertes fins al 5 de mar\u00e7<\/strong> i, en cas que s\u2019esgotin les places, quedareu en llista d\u2019espera. M\u00e9s informaci\u00f3 a l&#8217;apartat web de l&#8217;Escola d&#8217;Esplac 2024.<\/span><\/p>\n<blockquote>\n<p><span style=\"font-weight: 300;\">Nota: <\/span><i><span style=\"font-weight: 300;\">La participaci\u00f3 en totes les sessions formatives de l\u2019Escola d\u2019Esplac, <\/span><\/i><b><i>convalida 12 hores associatives <\/i><\/b><i>dels cursos d\u2019\u00c8xit del programa Marta Mata de l\u2019Escola Lliure El Sol<\/i><i><span style=\"font-weight: 300;\">. Les hores associatives nom\u00e9s compten<\/span><\/i><i> si assisteix a tota la jornada formativa<\/i><i><span style=\"font-weight: 300;\">, ja que es contempla com una experi\u00e8ncia formativa amb sentit quan \u00e9s completa.<\/span><\/i><\/p>\n<\/blockquote>\n<div id=\"attachment_48286\" style=\"width: 734px\" class=\"wp-caption aligncenter\"><img decoding=\"async\" aria-describedby=\"caption-attachment-48286\" class=\"wp-image-48286 size-large\" src=\"https:\/\/www.esplac.cat\/wp-content\/uploads\/2023\/11\/Cartell-Escola-Esplac-24-724x1024.jpg\" alt=\"\" width=\"724\" height=\"1024\" srcset=\"https:\/\/www.esplac.cat\/wp-content\/uploads\/2023\/11\/Cartell-Escola-Esplac-24-200x283.jpg 200w, https:\/\/www.esplac.cat\/wp-content\/uploads\/2023\/11\/Cartell-Escola-Esplac-24-212x300.jpg 212w, https:\/\/www.esplac.cat\/wp-content\/uploads\/2023\/11\/Cartell-Escola-Esplac-24-400x566.jpg 400w, https:\/\/www.esplac.cat\/wp-content\/uploads\/2023\/11\/Cartell-Escola-Esplac-24-600x848.jpg 600w, https:\/\/www.esplac.cat\/wp-content\/uploads\/2023\/11\/Cartell-Escola-Esplac-24-724x1024.jpg 724w, https:\/\/www.esplac.cat\/wp-content\/uploads\/2023\/11\/Cartell-Escola-Esplac-24-768x1086.jpg 768w, https:\/\/www.esplac.cat\/wp-content\/uploads\/2023\/11\/Cartell-Escola-Esplac-24-800x1131.jpg 800w, https:\/\/www.esplac.cat\/wp-content\/uploads\/2023\/11\/Cartell-Escola-Esplac-24-1086x1536.jpg 1086w, https:\/\/www.esplac.cat\/wp-content\/uploads\/2023\/11\/Cartell-Escola-Esplac-24-1200x1697.jpg 1200w, https:\/\/www.esplac.cat\/wp-content\/uploads\/2023\/11\/Cartell-Escola-Esplac-24-1448x2048.jpg 1448w, https:\/\/www.esplac.cat\/wp-content\/uploads\/2023\/11\/Cartell-Escola-Esplac-24-scaled.jpg 1811w\" sizes=\"(max-width: 724px) 100vw, 724px\" \/><p id=\"caption-attachment-48286\" class=\"wp-caption-text\">Cartell Escola d&#8217;Esplac 2024 &#8211; Jordi Barenys Haya<\/p><\/div>\n<\/div><\/div><\/div><\/div><\/div>\n","protected":false},"excerpt":{"rendered":"","protected":false},"author":3,"featured_media":48597,"comment_status":"closed","ping_status":"closed","sticky":false,"template":"","format":"standard","meta":{"om_disable_all_campaigns":false,"_monsterinsights_skip_tracking":false,"_monsterinsights_sitenote_active":false,"_monsterinsights_sitenote_note":"","_monsterinsights_sitenote_category":0,"_uf_show_specific_survey":0,"_uf_disable_surveys":false,"footnotes":""},"categories":[1111,1131,1129,1396],"tags":[],"class_list":["post-48584","post","type-post","status-publish","format-standard","has-post-thumbnail","hentry","category-activitats-esplac","category-cursos-formacions","category-escola-desplac","category-socies"],"yoast_head":"<!-- This site is optimized with the Yoast SEO plugin v27.4 - https:\/\/yoast.com\/product\/yoast-seo-wordpress\/ -->\n<title>Ja us podeu inscriure a l\u2019Escola d\u2019Esplac 2024: Esplais Anticapitalistes. Constru\u00efm les bases per educar en l\u2019alternativa! - Esplac<\/title>\n<meta name=\"description\" content=\"Ja us podeu inscriure a l&#039;Escola d&#039;Esplac 2024. La desena edici\u00f3 se celebrar\u00e0 els pr\u00f2xims 13 i 14 d&#039;abril a Manresa.\" \/>\n<meta name=\"robots\" content=\"index, follow, max-snippet:-1, max-image-preview:large, max-video-preview:-1\" \/>\n<link rel=\"canonical\" href=\"https:\/\/www.esplac.cat\/ja-us-podeu-inscriure-a-lescola-desplac-2024-esplais-anticapitalistes\/\" \/>\n<meta property=\"og:locale\" content=\"es_ES\" \/>\n<meta property=\"og:type\" content=\"article\" \/>\n<meta property=\"og:title\" content=\"Ja us podeu inscriure a l\u2019Escola d\u2019Esplac 2024: Esplais Anticapitalistes. Constru\u00efm les bases per educar en l\u2019alternativa! - Esplac\" \/>\n<meta property=\"og:description\" content=\"Ja us podeu inscriure a l&#039;Escola d&#039;Esplac 2024. La desena edici\u00f3 se celebrar\u00e0 els pr\u00f2xims 13 i 14 d&#039;abril a Manresa.\" \/>\n<meta property=\"og:url\" content=\"https:\/\/www.esplac.cat\/ja-us-podeu-inscriure-a-lescola-desplac-2024-esplais-anticapitalistes\/\" \/>\n<meta property=\"og:site_name\" content=\"Esplac\" \/>\n<meta property=\"article:published_time\" content=\"2024-01-15T08:16:00+00:00\" \/>\n<meta property=\"article:modified_time\" content=\"2024-01-15T15:34:19+00:00\" \/>\n<meta property=\"og:image\" content=\"https:\/\/www.esplac.cat\/wp-content\/uploads\/2024\/01\/Escola-dEsplac_banercorreu_logos.png\" \/>\n\t<meta property=\"og:image:width\" content=\"1600\" \/>\n\t<meta property=\"og:image:height\" content=\"900\" \/>\n\t<meta property=\"og:image:type\" content=\"image\/png\" \/>\n<meta name=\"author\" content=\"Comunicaci\u00f3 Esplac\" \/>\n<meta name=\"twitter:card\" content=\"summary_large_image\" \/>\n<meta name=\"twitter:label1\" content=\"Escrito por\" \/>\n\t<meta name=\"twitter:data1\" content=\"Comunicaci\u00f3 Esplac\" \/>\n\t<meta name=\"twitter:label2\" content=\"Tiempo de lectura\" \/>\n\t<meta name=\"twitter:data2\" content=\"3 minutos\" \/>\n<script type=\"application\/ld+json\" class=\"yoast-schema-graph\">{\"@context\":\"https:\\\/\\\/schema.org\",\"@graph\":[{\"@type\":\"Article\",\"@id\":\"https:\\\/\\\/www.esplac.cat\\\/ja-us-podeu-inscriure-a-lescola-desplac-2024-esplais-anticapitalistes\\\/#article\",\"isPartOf\":{\"@id\":\"https:\\\/\\\/www.esplac.cat\\\/ja-us-podeu-inscriure-a-lescola-desplac-2024-esplais-anticapitalistes\\\/\"},\"author\":{\"name\":\"Comunicaci\u00f3 Esplac\",\"@id\":\"https:\\\/\\\/www.esplac.cat\\\/#\\\/schema\\\/person\\\/908383cf240be18b68f8855d0583faca\"},\"headline\":\"Ja us podeu inscriure a l\u2019Escola d\u2019Esplac 2024: Esplais Anticapitalistes. Constru\u00efm les bases per educar en l\u2019alternativa!\",\"datePublished\":\"2024-01-15T08:16:00+00:00\",\"dateModified\":\"2024-01-15T15:34:19+00:00\",\"mainEntityOfPage\":{\"@id\":\"https:\\\/\\\/www.esplac.cat\\\/ja-us-podeu-inscriure-a-lescola-desplac-2024-esplais-anticapitalistes\\\/\"},\"wordCount\":665,\"publisher\":{\"@id\":\"https:\\\/\\\/www.esplac.cat\\\/#organization\"},\"image\":{\"@id\":\"https:\\\/\\\/www.esplac.cat\\\/ja-us-podeu-inscriure-a-lescola-desplac-2024-esplais-anticapitalistes\\\/#primaryimage\"},\"thumbnailUrl\":\"https:\\\/\\\/www.esplac.cat\\\/wp-content\\\/uploads\\\/2024\\\/01\\\/escola-esplac-2024.png\",\"articleSection\":[\"Activitats esplac\",\"Cursos i formacions\",\"Escola d'Esplac\",\"S\u00f2cies\"],\"inLanguage\":\"es\"},{\"@type\":\"WebPage\",\"@id\":\"https:\\\/\\\/www.esplac.cat\\\/ja-us-podeu-inscriure-a-lescola-desplac-2024-esplais-anticapitalistes\\\/\",\"url\":\"https:\\\/\\\/www.esplac.cat\\\/ja-us-podeu-inscriure-a-lescola-desplac-2024-esplais-anticapitalistes\\\/\",\"name\":\"Ja us podeu inscriure a l\u2019Escola d\u2019Esplac 2024: Esplais Anticapitalistes. Constru\u00efm les bases per educar en l\u2019alternativa! - Esplac\",\"isPartOf\":{\"@id\":\"https:\\\/\\\/www.esplac.cat\\\/#website\"},\"primaryImageOfPage\":{\"@id\":\"https:\\\/\\\/www.esplac.cat\\\/ja-us-podeu-inscriure-a-lescola-desplac-2024-esplais-anticapitalistes\\\/#primaryimage\"},\"image\":{\"@id\":\"https:\\\/\\\/www.esplac.cat\\\/ja-us-podeu-inscriure-a-lescola-desplac-2024-esplais-anticapitalistes\\\/#primaryimage\"},\"thumbnailUrl\":\"https:\\\/\\\/www.esplac.cat\\\/wp-content\\\/uploads\\\/2024\\\/01\\\/escola-esplac-2024.png\",\"datePublished\":\"2024-01-15T08:16:00+00:00\",\"dateModified\":\"2024-01-15T15:34:19+00:00\",\"description\":\"Ja us podeu inscriure a l'Escola d'Esplac 2024. La desena edici\u00f3 se celebrar\u00e0 els pr\u00f2xims 13 i 14 d'abril a Manresa.\",\"breadcrumb\":{\"@id\":\"https:\\\/\\\/www.esplac.cat\\\/ja-us-podeu-inscriure-a-lescola-desplac-2024-esplais-anticapitalistes\\\/#breadcrumb\"},\"inLanguage\":\"es\",\"potentialAction\":[{\"@type\":\"ReadAction\",\"target\":[\"https:\\\/\\\/www.esplac.cat\\\/ja-us-podeu-inscriure-a-lescola-desplac-2024-esplais-anticapitalistes\\\/\"]}]},{\"@type\":\"ImageObject\",\"inLanguage\":\"es\",\"@id\":\"https:\\\/\\\/www.esplac.cat\\\/ja-us-podeu-inscriure-a-lescola-desplac-2024-esplais-anticapitalistes\\\/#primaryimage\",\"url\":\"https:\\\/\\\/www.esplac.cat\\\/wp-content\\\/uploads\\\/2024\\\/01\\\/escola-esplac-2024.png\",\"contentUrl\":\"https:\\\/\\\/www.esplac.cat\\\/wp-content\\\/uploads\\\/2024\\\/01\\\/escola-esplac-2024.png\",\"width\":1697,\"height\":700},{\"@type\":\"BreadcrumbList\",\"@id\":\"https:\\\/\\\/www.esplac.cat\\\/ja-us-podeu-inscriure-a-lescola-desplac-2024-esplais-anticapitalistes\\\/#breadcrumb\",\"itemListElement\":[{\"@type\":\"ListItem\",\"position\":1,\"name\":\"Inici\",\"item\":\"https:\\\/\\\/www.esplac.cat\\\/es\\\/\"},{\"@type\":\"ListItem\",\"position\":2,\"name\":\"Ja us podeu inscriure a l\u2019Escola d\u2019Esplac 2024: Esplais Anticapitalistes. Constru\u00efm les bases per educar en l\u2019alternativa!\"}]},{\"@type\":\"WebSite\",\"@id\":\"https:\\\/\\\/www.esplac.cat\\\/#website\",\"url\":\"https:\\\/\\\/www.esplac.cat\\\/\",\"name\":\"Esplac\",\"description\":\"Esplais Catalans\",\"publisher\":{\"@id\":\"https:\\\/\\\/www.esplac.cat\\\/#organization\"},\"potentialAction\":[{\"@type\":\"SearchAction\",\"target\":{\"@type\":\"EntryPoint\",\"urlTemplate\":\"https:\\\/\\\/www.esplac.cat\\\/?s={search_term_string}\"},\"query-input\":{\"@type\":\"PropertyValueSpecification\",\"valueRequired\":true,\"valueName\":\"search_term_string\"}}],\"inLanguage\":\"es\"},{\"@type\":\"Organization\",\"@id\":\"https:\\\/\\\/www.esplac.cat\\\/#organization\",\"name\":\"Esplac\",\"url\":\"https:\\\/\\\/www.esplac.cat\\\/\",\"logo\":{\"@type\":\"ImageObject\",\"inLanguage\":\"es\",\"@id\":\"https:\\\/\\\/www.esplac.cat\\\/#\\\/schema\\\/logo\\\/image\\\/\",\"url\":\"https:\\\/\\\/www.esplac.cat\\\/wp-content\\\/uploads\\\/2019\\\/08\\\/logox2.png\",\"contentUrl\":\"https:\\\/\\\/www.esplac.cat\\\/wp-content\\\/uploads\\\/2019\\\/08\\\/logox2.png\",\"width\":600,\"height\":295,\"caption\":\"Esplac\"},\"image\":{\"@id\":\"https:\\\/\\\/www.esplac.cat\\\/#\\\/schema\\\/logo\\\/image\\\/\"}},{\"@type\":\"Person\",\"@id\":\"https:\\\/\\\/www.esplac.cat\\\/#\\\/schema\\\/person\\\/908383cf240be18b68f8855d0583faca\",\"name\":\"Comunicaci\u00f3 Esplac\",\"image\":{\"@type\":\"ImageObject\",\"inLanguage\":\"es\",\"@id\":\"https:\\\/\\\/secure.gravatar.com\\\/avatar\\\/7a4cf8feb412a76ea4a740ca02d95b06b2907b5a6c648c2dd0a1082a093c3141?s=96&d=mm&r=g\",\"url\":\"https:\\\/\\\/secure.gravatar.com\\\/avatar\\\/7a4cf8feb412a76ea4a740ca02d95b06b2907b5a6c648c2dd0a1082a093c3141?s=96&d=mm&r=g\",\"contentUrl\":\"https:\\\/\\\/secure.gravatar.com\\\/avatar\\\/7a4cf8feb412a76ea4a740ca02d95b06b2907b5a6c648c2dd0a1082a093c3141?s=96&d=mm&r=g\",\"caption\":\"Comunicaci\u00f3 Esplac\"}}]}<\/script>\n<!-- \/ Yoast SEO plugin. -->","yoast_head_json":{"title":"Ja us podeu inscriure a l\u2019Escola d\u2019Esplac 2024: Esplais Anticapitalistes. Constru\u00efm les bases per educar en l\u2019alternativa! - Esplac","description":"Ja us podeu inscriure a l'Escola d'Esplac 2024. La desena edici\u00f3 se celebrar\u00e0 els pr\u00f2xims 13 i 14 d'abril a Manresa.","robots":{"index":"index","follow":"follow","max-snippet":"max-snippet:-1","max-image-preview":"max-image-preview:large","max-video-preview":"max-video-preview:-1"},"canonical":"https:\/\/www.esplac.cat\/ja-us-podeu-inscriure-a-lescola-desplac-2024-esplais-anticapitalistes\/","og_locale":"es_ES","og_type":"article","og_title":"Ja us podeu inscriure a l\u2019Escola d\u2019Esplac 2024: Esplais Anticapitalistes. Constru\u00efm les bases per educar en l\u2019alternativa! - Esplac","og_description":"Ja us podeu inscriure a l'Escola d'Esplac 2024. La desena edici\u00f3 se celebrar\u00e0 els pr\u00f2xims 13 i 14 d'abril a Manresa.","og_url":"https:\/\/www.esplac.cat\/ja-us-podeu-inscriure-a-lescola-desplac-2024-esplais-anticapitalistes\/","og_site_name":"Esplac","article_published_time":"2024-01-15T08:16:00+00:00","article_modified_time":"2024-01-15T15:34:19+00:00","og_image":[{"width":1600,"height":900,"url":"https:\/\/www.esplac.cat\/wp-content\/uploads\/2024\/01\/Escola-dEsplac_banercorreu_logos.png","type":"image\/png"}],"author":"Comunicaci\u00f3 Esplac","twitter_card":"summary_large_image","twitter_misc":{"Escrito por":"Comunicaci\u00f3 Esplac","Tiempo de lectura":"3 minutos"},"schema":{"@context":"https:\/\/schema.org","@graph":[{"@type":"Article","@id":"https:\/\/www.esplac.cat\/ja-us-podeu-inscriure-a-lescola-desplac-2024-esplais-anticapitalistes\/#article","isPartOf":{"@id":"https:\/\/www.esplac.cat\/ja-us-podeu-inscriure-a-lescola-desplac-2024-esplais-anticapitalistes\/"},"author":{"name":"Comunicaci\u00f3 Esplac","@id":"https:\/\/www.esplac.cat\/#\/schema\/person\/908383cf240be18b68f8855d0583faca"},"headline":"Ja us podeu inscriure a l\u2019Escola d\u2019Esplac 2024: Esplais Anticapitalistes. Constru\u00efm les bases per educar en l\u2019alternativa!","datePublished":"2024-01-15T08:16:00+00:00","dateModified":"2024-01-15T15:34:19+00:00","mainEntityOfPage":{"@id":"https:\/\/www.esplac.cat\/ja-us-podeu-inscriure-a-lescola-desplac-2024-esplais-anticapitalistes\/"},"wordCount":665,"publisher":{"@id":"https:\/\/www.esplac.cat\/#organization"},"image":{"@id":"https:\/\/www.esplac.cat\/ja-us-podeu-inscriure-a-lescola-desplac-2024-esplais-anticapitalistes\/#primaryimage"},"thumbnailUrl":"https:\/\/www.esplac.cat\/wp-content\/uploads\/2024\/01\/escola-esplac-2024.png","articleSection":["Activitats esplac","Cursos i formacions","Escola d'Esplac","S\u00f2cies"],"inLanguage":"es"},{"@type":"WebPage","@id":"https:\/\/www.esplac.cat\/ja-us-podeu-inscriure-a-lescola-desplac-2024-esplais-anticapitalistes\/","url":"https:\/\/www.esplac.cat\/ja-us-podeu-inscriure-a-lescola-desplac-2024-esplais-anticapitalistes\/","name":"Ja us podeu inscriure a l\u2019Escola d\u2019Esplac 2024: Esplais Anticapitalistes. Constru\u00efm les bases per educar en l\u2019alternativa! - Esplac","isPartOf":{"@id":"https:\/\/www.esplac.cat\/#website"},"primaryImageOfPage":{"@id":"https:\/\/www.esplac.cat\/ja-us-podeu-inscriure-a-lescola-desplac-2024-esplais-anticapitalistes\/#primaryimage"},"image":{"@id":"https:\/\/www.esplac.cat\/ja-us-podeu-inscriure-a-lescola-desplac-2024-esplais-anticapitalistes\/#primaryimage"},"thumbnailUrl":"https:\/\/www.esplac.cat\/wp-content\/uploads\/2024\/01\/escola-esplac-2024.png","datePublished":"2024-01-15T08:16:00+00:00","dateModified":"2024-01-15T15:34:19+00:00","description":"Ja us podeu inscriure a l'Escola d'Esplac 2024. La desena edici\u00f3 se celebrar\u00e0 els pr\u00f2xims 13 i 14 d'abril a Manresa.","breadcrumb":{"@id":"https:\/\/www.esplac.cat\/ja-us-podeu-inscriure-a-lescola-desplac-2024-esplais-anticapitalistes\/#breadcrumb"},"inLanguage":"es","potentialAction":[{"@type":"ReadAction","target":["https:\/\/www.esplac.cat\/ja-us-podeu-inscriure-a-lescola-desplac-2024-esplais-anticapitalistes\/"]}]},{"@type":"ImageObject","inLanguage":"es","@id":"https:\/\/www.esplac.cat\/ja-us-podeu-inscriure-a-lescola-desplac-2024-esplais-anticapitalistes\/#primaryimage","url":"https:\/\/www.esplac.cat\/wp-content\/uploads\/2024\/01\/escola-esplac-2024.png","contentUrl":"https:\/\/www.esplac.cat\/wp-content\/uploads\/2024\/01\/escola-esplac-2024.png","width":1697,"height":700},{"@type":"BreadcrumbList","@id":"https:\/\/www.esplac.cat\/ja-us-podeu-inscriure-a-lescola-desplac-2024-esplais-anticapitalistes\/#breadcrumb","itemListElement":[{"@type":"ListItem","position":1,"name":"Inici","item":"https:\/\/www.esplac.cat\/es\/"},{"@type":"ListItem","position":2,"name":"Ja us podeu inscriure a l\u2019Escola d\u2019Esplac 2024: Esplais Anticapitalistes. Constru\u00efm les bases per educar en l\u2019alternativa!"}]},{"@type":"WebSite","@id":"https:\/\/www.esplac.cat\/#website","url":"https:\/\/www.esplac.cat\/","name":"Esplac","description":"Esplais Catalans","publisher":{"@id":"https:\/\/www.esplac.cat\/#organization"},"potentialAction":[{"@type":"SearchAction","target":{"@type":"EntryPoint","urlTemplate":"https:\/\/www.esplac.cat\/?s={search_term_string}"},"query-input":{"@type":"PropertyValueSpecification","valueRequired":true,"valueName":"search_term_string"}}],"inLanguage":"es"},{"@type":"Organization","@id":"https:\/\/www.esplac.cat\/#organization","name":"Esplac","url":"https:\/\/www.esplac.cat\/","logo":{"@type":"ImageObject","inLanguage":"es","@id":"https:\/\/www.esplac.cat\/#\/schema\/logo\/image\/","url":"https:\/\/www.esplac.cat\/wp-content\/uploads\/2019\/08\/logox2.png","contentUrl":"https:\/\/www.esplac.cat\/wp-content\/uploads\/2019\/08\/logox2.png","width":600,"height":295,"caption":"Esplac"},"image":{"@id":"https:\/\/www.esplac.cat\/#\/schema\/logo\/image\/"}},{"@type":"Person","@id":"https:\/\/www.esplac.cat\/#\/schema\/person\/908383cf240be18b68f8855d0583faca","name":"Comunicaci\u00f3 Esplac","image":{"@type":"ImageObject","inLanguage":"es","@id":"https:\/\/secure.gravatar.com\/avatar\/7a4cf8feb412a76ea4a740ca02d95b06b2907b5a6c648c2dd0a1082a093c3141?s=96&d=mm&r=g","url":"https:\/\/secure.gravatar.com\/avatar\/7a4cf8feb412a76ea4a740ca02d95b06b2907b5a6c648c2dd0a1082a093c3141?s=96&d=mm&r=g","contentUrl":"https:\/\/secure.gravatar.com\/avatar\/7a4cf8feb412a76ea4a740ca02d95b06b2907b5a6c648c2dd0a1082a093c3141?s=96&d=mm&r=g","caption":"Comunicaci\u00f3 Esplac"}}]}},"_links":{"self":[{"href":"https:\/\/www.esplac.cat\/es\/wp-json\/wp\/v2\/posts\/48584","targetHints":{"allow":["GET"]}}],"collection":[{"href":"https:\/\/www.esplac.cat\/es\/wp-json\/wp\/v2\/posts"}],"about":[{"href":"https:\/\/www.esplac.cat\/es\/wp-json\/wp\/v2\/types\/post"}],"author":[{"embeddable":true,"href":"https:\/\/www.esplac.cat\/es\/wp-json\/wp\/v2\/users\/3"}],"replies":[{"embeddable":true,"href":"https:\/\/www.esplac.cat\/es\/wp-json\/wp\/v2\/comments?post=48584"}],"version-history":[{"count":10,"href":"https:\/\/www.esplac.cat\/es\/wp-json\/wp\/v2\/posts\/48584\/revisions"}],"predecessor-version":[{"id":48612,"href":"https:\/\/www.esplac.cat\/es\/wp-json\/wp\/v2\/posts\/48584\/revisions\/48612"}],"wp:featuredmedia":[{"embeddable":true,"href":"https:\/\/www.esplac.cat\/es\/wp-json\/wp\/v2\/media\/48597"}],"wp:attachment":[{"href":"https:\/\/www.esplac.cat\/es\/wp-json\/wp\/v2\/media?parent=48584"}],"wp:term":[{"taxonomy":"category","embeddable":true,"href":"https:\/\/www.esplac.cat\/es\/wp-json\/wp\/v2\/categories?post=48584"},{"taxonomy":"post_tag","embeddable":true,"href":"https:\/\/www.esplac.cat\/es\/wp-json\/wp\/v2\/tags?post=48584"}],"curies":[{"name":"wp","href":"https:\/\/api.w.org\/{rel}","templated":true}]}}