{"id":48640,"date":"2024-01-18T10:11:59","date_gmt":"2024-01-18T08:11:59","guid":{"rendered":"https:\/\/www.esplac.cat\/?p=48640"},"modified":"2024-02-23T13:02:16","modified_gmt":"2024-02-23T11:02:16","slug":"embracing-diversity-arriba-queer-easter-2024","status":"publish","type":"post","link":"https:\/\/www.esplac.cat\/es\/embracing-diversity-arriba-queer-easter-2024\/","title":{"rendered":"&#8216;Embracing diversity&#8217;: Arriba la Queer Easter 2024!"},"content":{"rendered":"<div class=\"fusion-fullwidth fullwidth-box fusion-builder-row-1 fusion-flex-container has-pattern-background has-mask-background nonhundred-percent-fullwidth non-hundred-percent-height-scrolling\" style=\"--awb-border-radius-top-left:0px;--awb-border-radius-top-right:0px;--awb-border-radius-bottom-right:0px;--awb-border-radius-bottom-left:0px;--awb-flex-wrap:wrap;\" ><div class=\"fusion-builder-row fusion-row fusion-flex-align-items-flex-start fusion-flex-content-wrap\" style=\"max-width:1248px;margin-left: calc(-4% \/ 2 );margin-right: calc(-4% \/ 2 );\"><div class=\"fusion-layout-column fusion_builder_column fusion-builder-column-0 fusion_builder_column_1_1 1_1 fusion-flex-column\" style=\"--awb-bg-size:cover;--awb-width-large:100%;--awb-margin-top-large:0px;--awb-spacing-right-large:1.92%;--awb-margin-bottom-large:20px;--awb-spacing-left-large:1.92%;--awb-width-medium:100%;--awb-order-medium:0;--awb-spacing-right-medium:1.92%;--awb-spacing-left-medium:1.92%;--awb-width-small:100%;--awb-order-small:0;--awb-spacing-right-small:1.92%;--awb-spacing-left-small:1.92%;\"><div class=\"fusion-column-wrapper fusion-column-has-shadow fusion-flex-justify-content-flex-start fusion-content-layout-column\"><div class=\"fusion-text fusion-text-1\"><h6><strong>La Queer Easter \u00e9s, des de fa m\u00e9s de 20 anys, un dels seminaris m\u00e9s emblem\u00e0tics del Centre Kurt Low\u00ebnstein, prop de Berl\u00edn. En aquest s\u2019ofereix formaci\u00f3 per a joves activistes, aix\u00ed com un espai per compartir experi\u00e8ncies en tem\u00e0tica LGTBIQA*.<\/strong><\/h6>\n<p>T\u2019interessa aprendre sobre realitats LGTBIQA* d\u2019arreu del m\u00f3n i les seves lluites? Et motiva compartir el teu coneixement, participar activament i organitzar-te per a un m\u00f3n millor?<\/p>\n<p>La <strong>Queer Easter<\/strong>\u00a0\u00e9s un dels esdeveniments educatius<strong> LGTBIQA*<\/strong> m\u00e9s grans d\u2019Europa\u00a0 destinat a la formaci\u00f3 col\u00b7lectiva de persones joves associades i activistes. Cada any acull al voltant de 120 persones joves en un espai educatiu \u00fanic. En aquesta edici\u00f3 es tractar\u00e0 la cura de <strong>relacions no normatives<\/strong>, aprofundint en l&#8217;amor i les <strong>comunitats queer<\/strong>. El lema escollit \u00e9s: <em>Embracing diversity &#8211; Building non-normative relations in love and community<\/em>.<\/p>\n<p>En aquesta formaci\u00f3, es convida a participar de discussions, tallers, i converses que posen en dubte les normes convencionals i fomenten una comprensi\u00f3 m\u00e9s profunda de les estructures de les relacions alternatives. El KLW Center us convida a inscriure-us si teniu inter\u00e8s a remodelar les perspectives socials sobre l&#8217;amor i la fam\u00edlia; la Queer Easter 2024 promet ser un espai d&#8217;obertura, acceptaci\u00f3 i di\u00e0leg progressista.<\/p>\n<p>Tot aix\u00f2 es far\u00e0 a trav\u00e9s de l\u2019<strong>educaci\u00f3 no formal<\/strong> i amb l\u2019intercanvi d\u2019experi\u00e8ncies arreu del m\u00f3n. S\u2019oferiran diversos temes a explorar conjuntament i es donar\u00e0 l\u2019oportunitat per a autoorganitzar el programa formatiu en un espai inclusiu i segur, coordinat per l\u2019Equip Internacional del centre. A m\u00e9s, s\u2019inclou una sortida de dia a Berl\u00edn, aix\u00ed com temps lliure i activitats l\u00fadiques al vespre.<\/p>\n<p>Estan cridades a participar <strong>monis\/dirigents entre 18 i 30 anys<\/strong>. Les formacions, debats i sessions es fan en <strong>angl\u00e8s<\/strong>; per la qual cosa cal tenir un nivell m\u00ednim (poder entendre per\u00f2 tamb\u00e9 expressar-se) per poder gaudir d\u2019una bona experi\u00e8ncia.<\/p>\n<blockquote>\n<p><strong>Dates:<\/strong> 30 de mar\u00e7 al 6 d\u2019abril 2024<\/p>\n<p><strong>Lloc:<\/strong> Centre Kurt L\u00f6wenstein (Werftpfuhl &#8211; Alemanya)<\/p>\n<p><strong>Cost:<\/strong> 70\u202f\u20ac (inclou allotjament, \u00e0pats i viatge)<\/p>\n<p><strong>Idioma de treball:<\/strong> Angl\u00e8s (cal tenir un bon nivell per tal de poder participar activament de les sessions i poder relacionar-se amb les altres participants).<\/p>\n<p><strong>Places disponibles per Esplac:<\/strong> 8<\/p>\n<\/blockquote>\n<p><strong>Com m\u2019inscric?<\/strong>\u00a0A trav\u00e9s de l\u2019Era, a trav\u00e9s d&#8217;<span style=\"color: #f69d0b;\"><strong><a style=\"color: #f69d0b;\" href=\"https:\/\/era.esplac.cat\/#\/gestio-esplac\/activitats\/viz\/65a63ab36869cd7a3c8c61a2\" target=\"_blank\" rel=\"noopener\">aquest enlla\u00e7. <\/a>\u00a0<\/strong><\/span><strong>TERMINI AMPLIAT fins l&#8217;1 de mar\u00e7!<\/strong><\/p>\n<p>Un cop tancat el per\u00edode d\u2019inscripci\u00f3, t\u2019informarem si tens pla\u00e7a per a participar en aquest seminari.<\/p>\n<p><strong>M\u00e9s informaci\u00f3 i contacte:<\/strong> \u00a0internacional@esplac.cat\u00a0 \/ 93 302 61 03 \/ 637 04 42 26<\/p>\n<\/div><\/div><\/div><\/div><\/div>\n","protected":false},"excerpt":{"rendered":"","protected":false},"author":3,"featured_media":48644,"comment_status":"closed","ping_status":"closed","sticky":false,"template":"","format":"standard","meta":{"om_disable_all_campaigns":false,"_monsterinsights_skip_tracking":false,"_monsterinsights_sitenote_active":false,"_monsterinsights_sitenote_note":"","_monsterinsights_sitenote_category":0,"_uf_show_specific_survey":0,"_uf_disable_surveys":false,"footnotes":""},"categories":[1131,1112,1],"tags":[],"class_list":["post-48640","post","type-post","status-publish","format-standard","has-post-thumbnail","hentry","category-cursos-formacions","category-esplac-al-mon","category-sense-categoria"],"yoast_head":"<!-- This site is optimized with the Yoast SEO plugin v27.5 - https:\/\/yoast.com\/product\/yoast-seo-wordpress\/ -->\n<title>&#039;Embracing diversity&#039;: Arriba la Queer Easter 2024! - Esplac<\/title>\n<meta name=\"description\" content=\"La Queer Easter\u00a0\u00e9s un dels esdeveniments educatius LGTBIQA* m\u00e9s grans d\u2019Europa. Aquest any es tractar\u00e0 la cura de relacions no normatives.\" \/>\n<meta name=\"robots\" content=\"index, follow, max-snippet:-1, max-image-preview:large, max-video-preview:-1\" \/>\n<link rel=\"canonical\" href=\"https:\/\/www.esplac.cat\/embracing-diversity-arriba-queer-easter-2024\/\" \/>\n<meta property=\"og:locale\" content=\"es_ES\" \/>\n<meta property=\"og:type\" content=\"article\" \/>\n<meta property=\"og:title\" content=\"&#039;Embracing diversity&#039;: Arriba la Queer Easter 2024! - Esplac\" \/>\n<meta property=\"og:description\" content=\"La Queer Easter\u00a0\u00e9s un dels esdeveniments educatius LGTBIQA* m\u00e9s grans d\u2019Europa. Aquest any es tractar\u00e0 la cura de relacions no normatives.\" \/>\n<meta property=\"og:url\" content=\"https:\/\/www.esplac.cat\/embracing-diversity-arriba-queer-easter-2024\/\" \/>\n<meta property=\"og:site_name\" content=\"Esplac\" \/>\n<meta property=\"article:published_time\" content=\"2024-01-18T08:11:59+00:00\" \/>\n<meta property=\"article:modified_time\" content=\"2024-02-23T11:02:16+00:00\" \/>\n<meta property=\"og:image\" content=\"https:\/\/www.esplac.cat\/wp-content\/uploads\/2024\/01\/Portades-Web-2.jpg\" \/>\n\t<meta property=\"og:image:width\" content=\"1697\" \/>\n\t<meta property=\"og:image:height\" content=\"700\" \/>\n\t<meta property=\"og:image:type\" content=\"image\/jpeg\" \/>\n<meta name=\"author\" content=\"Comunicaci\u00f3 Esplac\" \/>\n<meta name=\"twitter:card\" content=\"summary_large_image\" \/>\n<meta name=\"twitter:label1\" content=\"Escrito por\" \/>\n\t<meta name=\"twitter:data1\" content=\"Comunicaci\u00f3 Esplac\" \/>\n\t<meta name=\"twitter:label2\" content=\"Tiempo de lectura\" \/>\n\t<meta name=\"twitter:data2\" content=\"1 minuto\" \/>\n<script type=\"application\/ld+json\" class=\"yoast-schema-graph\">{\"@context\":\"https:\\\/\\\/schema.org\",\"@graph\":[{\"@type\":\"Article\",\"@id\":\"https:\\\/\\\/www.esplac.cat\\\/embracing-diversity-arriba-queer-easter-2024\\\/#article\",\"isPartOf\":{\"@id\":\"https:\\\/\\\/www.esplac.cat\\\/embracing-diversity-arriba-queer-easter-2024\\\/\"},\"author\":{\"name\":\"Comunicaci\u00f3 Esplac\",\"@id\":\"https:\\\/\\\/www.esplac.cat\\\/#\\\/schema\\\/person\\\/908383cf240be18b68f8855d0583faca\"},\"headline\":\"&#8216;Embracing diversity&#8217;: Arriba la Queer Easter 2024!\",\"datePublished\":\"2024-01-18T08:11:59+00:00\",\"dateModified\":\"2024-02-23T11:02:16+00:00\",\"mainEntityOfPage\":{\"@id\":\"https:\\\/\\\/www.esplac.cat\\\/embracing-diversity-arriba-queer-easter-2024\\\/\"},\"wordCount\":1401,\"publisher\":{\"@id\":\"https:\\\/\\\/www.esplac.cat\\\/#organization\"},\"image\":{\"@id\":\"https:\\\/\\\/www.esplac.cat\\\/embracing-diversity-arriba-queer-easter-2024\\\/#primaryimage\"},\"thumbnailUrl\":\"https:\\\/\\\/www.esplac.cat\\\/wp-content\\\/uploads\\\/2024\\\/01\\\/Portades-Web-2.jpg\",\"articleSection\":[\"Cursos i formacions\",\"Esplac al m\u00f3n\",\"Sense categoria\"],\"inLanguage\":\"es\"},{\"@type\":\"WebPage\",\"@id\":\"https:\\\/\\\/www.esplac.cat\\\/embracing-diversity-arriba-queer-easter-2024\\\/\",\"url\":\"https:\\\/\\\/www.esplac.cat\\\/embracing-diversity-arriba-queer-easter-2024\\\/\",\"name\":\"'Embracing diversity': Arriba la Queer Easter 2024! - Esplac\",\"isPartOf\":{\"@id\":\"https:\\\/\\\/www.esplac.cat\\\/#website\"},\"primaryImageOfPage\":{\"@id\":\"https:\\\/\\\/www.esplac.cat\\\/embracing-diversity-arriba-queer-easter-2024\\\/#primaryimage\"},\"image\":{\"@id\":\"https:\\\/\\\/www.esplac.cat\\\/embracing-diversity-arriba-queer-easter-2024\\\/#primaryimage\"},\"thumbnailUrl\":\"https:\\\/\\\/www.esplac.cat\\\/wp-content\\\/uploads\\\/2024\\\/01\\\/Portades-Web-2.jpg\",\"datePublished\":\"2024-01-18T08:11:59+00:00\",\"dateModified\":\"2024-02-23T11:02:16+00:00\",\"description\":\"La Queer Easter\u00a0\u00e9s un dels esdeveniments educatius LGTBIQA* m\u00e9s grans d\u2019Europa. Aquest any es tractar\u00e0 la cura de relacions no normatives.\",\"breadcrumb\":{\"@id\":\"https:\\\/\\\/www.esplac.cat\\\/embracing-diversity-arriba-queer-easter-2024\\\/#breadcrumb\"},\"inLanguage\":\"es\",\"potentialAction\":[{\"@type\":\"ReadAction\",\"target\":[\"https:\\\/\\\/www.esplac.cat\\\/embracing-diversity-arriba-queer-easter-2024\\\/\"]}]},{\"@type\":\"ImageObject\",\"inLanguage\":\"es\",\"@id\":\"https:\\\/\\\/www.esplac.cat\\\/embracing-diversity-arriba-queer-easter-2024\\\/#primaryimage\",\"url\":\"https:\\\/\\\/www.esplac.cat\\\/wp-content\\\/uploads\\\/2024\\\/01\\\/Portades-Web-2.jpg\",\"contentUrl\":\"https:\\\/\\\/www.esplac.cat\\\/wp-content\\\/uploads\\\/2024\\\/01\\\/Portades-Web-2.jpg\",\"width\":1697,\"height\":700,\"caption\":\"Queer Easter\"},{\"@type\":\"BreadcrumbList\",\"@id\":\"https:\\\/\\\/www.esplac.cat\\\/embracing-diversity-arriba-queer-easter-2024\\\/#breadcrumb\",\"itemListElement\":[{\"@type\":\"ListItem\",\"position\":1,\"name\":\"Inici\",\"item\":\"https:\\\/\\\/www.esplac.cat\\\/es\\\/\"},{\"@type\":\"ListItem\",\"position\":2,\"name\":\"&#8216;Embracing diversity&#8217;: Arriba la Queer Easter 2024!\"}]},{\"@type\":\"WebSite\",\"@id\":\"https:\\\/\\\/www.esplac.cat\\\/#website\",\"url\":\"https:\\\/\\\/www.esplac.cat\\\/\",\"name\":\"Esplac\",\"description\":\"Esplais Catalans\",\"publisher\":{\"@id\":\"https:\\\/\\\/www.esplac.cat\\\/#organization\"},\"potentialAction\":[{\"@type\":\"SearchAction\",\"target\":{\"@type\":\"EntryPoint\",\"urlTemplate\":\"https:\\\/\\\/www.esplac.cat\\\/?s={search_term_string}\"},\"query-input\":{\"@type\":\"PropertyValueSpecification\",\"valueRequired\":true,\"valueName\":\"search_term_string\"}}],\"inLanguage\":\"es\"},{\"@type\":\"Organization\",\"@id\":\"https:\\\/\\\/www.esplac.cat\\\/#organization\",\"name\":\"Esplac\",\"url\":\"https:\\\/\\\/www.esplac.cat\\\/\",\"logo\":{\"@type\":\"ImageObject\",\"inLanguage\":\"es\",\"@id\":\"https:\\\/\\\/www.esplac.cat\\\/#\\\/schema\\\/logo\\\/image\\\/\",\"url\":\"https:\\\/\\\/www.esplac.cat\\\/wp-content\\\/uploads\\\/2019\\\/08\\\/logox2.png\",\"contentUrl\":\"https:\\\/\\\/www.esplac.cat\\\/wp-content\\\/uploads\\\/2019\\\/08\\\/logox2.png\",\"width\":600,\"height\":295,\"caption\":\"Esplac\"},\"image\":{\"@id\":\"https:\\\/\\\/www.esplac.cat\\\/#\\\/schema\\\/logo\\\/image\\\/\"}},{\"@type\":\"Person\",\"@id\":\"https:\\\/\\\/www.esplac.cat\\\/#\\\/schema\\\/person\\\/908383cf240be18b68f8855d0583faca\",\"name\":\"Comunicaci\u00f3 Esplac\",\"image\":{\"@type\":\"ImageObject\",\"inLanguage\":\"es\",\"@id\":\"https:\\\/\\\/secure.gravatar.com\\\/avatar\\\/7a4cf8feb412a76ea4a740ca02d95b06b2907b5a6c648c2dd0a1082a093c3141?s=96&d=mm&r=g\",\"url\":\"https:\\\/\\\/secure.gravatar.com\\\/avatar\\\/7a4cf8feb412a76ea4a740ca02d95b06b2907b5a6c648c2dd0a1082a093c3141?s=96&d=mm&r=g\",\"contentUrl\":\"https:\\\/\\\/secure.gravatar.com\\\/avatar\\\/7a4cf8feb412a76ea4a740ca02d95b06b2907b5a6c648c2dd0a1082a093c3141?s=96&d=mm&r=g\",\"caption\":\"Comunicaci\u00f3 Esplac\"}}]}<\/script>\n<!-- \/ Yoast SEO plugin. -->","yoast_head_json":{"title":"'Embracing diversity': Arriba la Queer Easter 2024! - Esplac","description":"La Queer Easter\u00a0\u00e9s un dels esdeveniments educatius LGTBIQA* m\u00e9s grans d\u2019Europa. Aquest any es tractar\u00e0 la cura de relacions no normatives.","robots":{"index":"index","follow":"follow","max-snippet":"max-snippet:-1","max-image-preview":"max-image-preview:large","max-video-preview":"max-video-preview:-1"},"canonical":"https:\/\/www.esplac.cat\/embracing-diversity-arriba-queer-easter-2024\/","og_locale":"es_ES","og_type":"article","og_title":"'Embracing diversity': Arriba la Queer Easter 2024! - Esplac","og_description":"La Queer Easter\u00a0\u00e9s un dels esdeveniments educatius LGTBIQA* m\u00e9s grans d\u2019Europa. Aquest any es tractar\u00e0 la cura de relacions no normatives.","og_url":"https:\/\/www.esplac.cat\/embracing-diversity-arriba-queer-easter-2024\/","og_site_name":"Esplac","article_published_time":"2024-01-18T08:11:59+00:00","article_modified_time":"2024-02-23T11:02:16+00:00","og_image":[{"width":1697,"height":700,"url":"https:\/\/www.esplac.cat\/wp-content\/uploads\/2024\/01\/Portades-Web-2.jpg","type":"image\/jpeg"}],"author":"Comunicaci\u00f3 Esplac","twitter_card":"summary_large_image","twitter_misc":{"Escrito por":"Comunicaci\u00f3 Esplac","Tiempo de lectura":"1 minuto"},"schema":{"@context":"https:\/\/schema.org","@graph":[{"@type":"Article","@id":"https:\/\/www.esplac.cat\/embracing-diversity-arriba-queer-easter-2024\/#article","isPartOf":{"@id":"https:\/\/www.esplac.cat\/embracing-diversity-arriba-queer-easter-2024\/"},"author":{"name":"Comunicaci\u00f3 Esplac","@id":"https:\/\/www.esplac.cat\/#\/schema\/person\/908383cf240be18b68f8855d0583faca"},"headline":"&#8216;Embracing diversity&#8217;: Arriba la Queer Easter 2024!","datePublished":"2024-01-18T08:11:59+00:00","dateModified":"2024-02-23T11:02:16+00:00","mainEntityOfPage":{"@id":"https:\/\/www.esplac.cat\/embracing-diversity-arriba-queer-easter-2024\/"},"wordCount":1401,"publisher":{"@id":"https:\/\/www.esplac.cat\/#organization"},"image":{"@id":"https:\/\/www.esplac.cat\/embracing-diversity-arriba-queer-easter-2024\/#primaryimage"},"thumbnailUrl":"https:\/\/www.esplac.cat\/wp-content\/uploads\/2024\/01\/Portades-Web-2.jpg","articleSection":["Cursos i formacions","Esplac al m\u00f3n","Sense categoria"],"inLanguage":"es"},{"@type":"WebPage","@id":"https:\/\/www.esplac.cat\/embracing-diversity-arriba-queer-easter-2024\/","url":"https:\/\/www.esplac.cat\/embracing-diversity-arriba-queer-easter-2024\/","name":"'Embracing diversity': Arriba la Queer Easter 2024! - Esplac","isPartOf":{"@id":"https:\/\/www.esplac.cat\/#website"},"primaryImageOfPage":{"@id":"https:\/\/www.esplac.cat\/embracing-diversity-arriba-queer-easter-2024\/#primaryimage"},"image":{"@id":"https:\/\/www.esplac.cat\/embracing-diversity-arriba-queer-easter-2024\/#primaryimage"},"thumbnailUrl":"https:\/\/www.esplac.cat\/wp-content\/uploads\/2024\/01\/Portades-Web-2.jpg","datePublished":"2024-01-18T08:11:59+00:00","dateModified":"2024-02-23T11:02:16+00:00","description":"La Queer Easter\u00a0\u00e9s un dels esdeveniments educatius LGTBIQA* m\u00e9s grans d\u2019Europa. Aquest any es tractar\u00e0 la cura de relacions no normatives.","breadcrumb":{"@id":"https:\/\/www.esplac.cat\/embracing-diversity-arriba-queer-easter-2024\/#breadcrumb"},"inLanguage":"es","potentialAction":[{"@type":"ReadAction","target":["https:\/\/www.esplac.cat\/embracing-diversity-arriba-queer-easter-2024\/"]}]},{"@type":"ImageObject","inLanguage":"es","@id":"https:\/\/www.esplac.cat\/embracing-diversity-arriba-queer-easter-2024\/#primaryimage","url":"https:\/\/www.esplac.cat\/wp-content\/uploads\/2024\/01\/Portades-Web-2.jpg","contentUrl":"https:\/\/www.esplac.cat\/wp-content\/uploads\/2024\/01\/Portades-Web-2.jpg","width":1697,"height":700,"caption":"Queer Easter"},{"@type":"BreadcrumbList","@id":"https:\/\/www.esplac.cat\/embracing-diversity-arriba-queer-easter-2024\/#breadcrumb","itemListElement":[{"@type":"ListItem","position":1,"name":"Inici","item":"https:\/\/www.esplac.cat\/es\/"},{"@type":"ListItem","position":2,"name":"&#8216;Embracing diversity&#8217;: Arriba la Queer Easter 2024!"}]},{"@type":"WebSite","@id":"https:\/\/www.esplac.cat\/#website","url":"https:\/\/www.esplac.cat\/","name":"Esplac","description":"Esplais Catalans","publisher":{"@id":"https:\/\/www.esplac.cat\/#organization"},"potentialAction":[{"@type":"SearchAction","target":{"@type":"EntryPoint","urlTemplate":"https:\/\/www.esplac.cat\/?s={search_term_string}"},"query-input":{"@type":"PropertyValueSpecification","valueRequired":true,"valueName":"search_term_string"}}],"inLanguage":"es"},{"@type":"Organization","@id":"https:\/\/www.esplac.cat\/#organization","name":"Esplac","url":"https:\/\/www.esplac.cat\/","logo":{"@type":"ImageObject","inLanguage":"es","@id":"https:\/\/www.esplac.cat\/#\/schema\/logo\/image\/","url":"https:\/\/www.esplac.cat\/wp-content\/uploads\/2019\/08\/logox2.png","contentUrl":"https:\/\/www.esplac.cat\/wp-content\/uploads\/2019\/08\/logox2.png","width":600,"height":295,"caption":"Esplac"},"image":{"@id":"https:\/\/www.esplac.cat\/#\/schema\/logo\/image\/"}},{"@type":"Person","@id":"https:\/\/www.esplac.cat\/#\/schema\/person\/908383cf240be18b68f8855d0583faca","name":"Comunicaci\u00f3 Esplac","image":{"@type":"ImageObject","inLanguage":"es","@id":"https:\/\/secure.gravatar.com\/avatar\/7a4cf8feb412a76ea4a740ca02d95b06b2907b5a6c648c2dd0a1082a093c3141?s=96&d=mm&r=g","url":"https:\/\/secure.gravatar.com\/avatar\/7a4cf8feb412a76ea4a740ca02d95b06b2907b5a6c648c2dd0a1082a093c3141?s=96&d=mm&r=g","contentUrl":"https:\/\/secure.gravatar.com\/avatar\/7a4cf8feb412a76ea4a740ca02d95b06b2907b5a6c648c2dd0a1082a093c3141?s=96&d=mm&r=g","caption":"Comunicaci\u00f3 Esplac"}}]}},"_links":{"self":[{"href":"https:\/\/www.esplac.cat\/es\/wp-json\/wp\/v2\/posts\/48640","targetHints":{"allow":["GET"]}}],"collection":[{"href":"https:\/\/www.esplac.cat\/es\/wp-json\/wp\/v2\/posts"}],"about":[{"href":"https:\/\/www.esplac.cat\/es\/wp-json\/wp\/v2\/types\/post"}],"author":[{"embeddable":true,"href":"https:\/\/www.esplac.cat\/es\/wp-json\/wp\/v2\/users\/3"}],"replies":[{"embeddable":true,"href":"https:\/\/www.esplac.cat\/es\/wp-json\/wp\/v2\/comments?post=48640"}],"version-history":[{"count":5,"href":"https:\/\/www.esplac.cat\/es\/wp-json\/wp\/v2\/posts\/48640\/revisions"}],"predecessor-version":[{"id":49105,"href":"https:\/\/www.esplac.cat\/es\/wp-json\/wp\/v2\/posts\/48640\/revisions\/49105"}],"wp:featuredmedia":[{"embeddable":true,"href":"https:\/\/www.esplac.cat\/es\/wp-json\/wp\/v2\/media\/48644"}],"wp:attachment":[{"href":"https:\/\/www.esplac.cat\/es\/wp-json\/wp\/v2\/media?parent=48640"}],"wp:term":[{"taxonomy":"category","embeddable":true,"href":"https:\/\/www.esplac.cat\/es\/wp-json\/wp\/v2\/categories?post=48640"},{"taxonomy":"post_tag","embeddable":true,"href":"https:\/\/www.esplac.cat\/es\/wp-json\/wp\/v2\/tags?post=48640"}],"curies":[{"name":"wp","href":"https:\/\/api.w.org\/{rel}","templated":true}]}}