{"id":48848,"date":"2024-02-05T14:48:48","date_gmt":"2024-02-05T12:48:48","guid":{"rendered":"https:\/\/www.esplac.cat\/?p=48848"},"modified":"2024-03-05T14:06:19","modified_gmt":"2024-03-05T12:06:19","slug":"cursos-marta-mata-2024","status":"publish","type":"post","link":"https:\/\/www.esplac.cat\/es\/cursos-marta-mata-2024\/","title":{"rendered":"Cursos Marta Mata 2024"},"content":{"rendered":"<p><div class=\"fusion-fullwidth fullwidth-box fusion-builder-row-1 fusion-flex-container has-pattern-background has-mask-background nonhundred-percent-fullwidth non-hundred-percent-height-scrolling\" style=\"--awb-border-radius-top-left:0px;--awb-border-radius-top-right:0px;--awb-border-radius-bottom-right:0px;--awb-border-radius-bottom-left:0px;--awb-flex-wrap:wrap;\" ><div class=\"fusion-builder-row fusion-row fusion-flex-align-items-flex-start fusion-flex-content-wrap\" style=\"max-width:1248px;margin-left: calc(-4% \/ 2 );margin-right: calc(-4% \/ 2 );\"><div class=\"fusion-layout-column fusion_builder_column fusion-builder-column-0 fusion_builder_column_1_1 1_1 fusion-flex-column\" style=\"--awb-bg-size:cover;--awb-width-large:100%;--awb-margin-top-large:0px;--awb-spacing-right-large:1.92%;--awb-margin-bottom-large:20px;--awb-spacing-left-large:1.92%;--awb-width-medium:100%;--awb-order-medium:0;--awb-spacing-right-medium:1.92%;--awb-spacing-left-medium:1.92%;--awb-width-small:100%;--awb-order-small:0;--awb-spacing-right-small:1.92%;--awb-spacing-left-small:1.92%;\"><div class=\"fusion-column-wrapper fusion-column-has-shadow fusion-flex-justify-content-flex-start fusion-content-layout-column\"><div class=\"fusion-text fusion-text-1\"><div class=\"fusion-flexslider flexslider fusion-flexslider-loading post-slideshow fusion-post-slideshow\">\n<h6><strong>Els cursos d\u2019estiu Marta Mata 2024 obren inscripcions a partir del 5 de mar\u00e7.\u00a0<\/strong><\/h6>\n<\/div>\n<div class=\"post-content\">\n<p>Els\u00a0<strong>cursos Marta Mata<\/strong>\u00a0s\u00f3n cursos de\u00a0<strong>monitores (Creixement)<\/strong>\u00a0i\u00a0<strong>directores (\u00c8xit)<\/strong>\u00a0de lleure que ofereix l\u2019<strong><span style=\"color: #000000;\">Escola Lliure el Sol <\/span><\/strong>dirigits espec\u00edficament a les monitores i monitors dels esplais d\u2019Esplac. L\u2019Escola Lliure el Sol i Esplac dissenyem conjuntament aquests cursos per tal que el seu temari s\u2019ajusti al nostre ideari i a la realitat dels esplais d\u2019Esplac, per tal de garantir una formaci\u00f3 ajustada a les necessitats espec\u00edfiques.<\/p>\n<p>El 5<strong> de mar\u00e7 s\u2019obren inscripcions<\/strong> als cursos d\u2019estiu <span class=\"il\">Marta<\/span>\u00a0<span class=\"il\">Mata. Para atenci\u00f3, perqu\u00e8 hi ha novetats respecte al model per apuntar-se de l&#8217;any passat!<\/span><\/p>\n<\/div>\n<\/div><div style=\"text-align:center;\"><a class=\"fusion-button button-flat fusion-button-default-size button-default fusion-button-default button-1 fusion-button-default-span fusion-button-default-type\" target=\"_self\" href=\"https:\/\/formularis.commonscloud.coop\/179247?lang=ca\"><span class=\"fusion-button-text\">Preinscripcions obertes!<\/span><\/a><\/div><div class=\"fusion-text fusion-text-2\"><div class=\"fusion-flexslider flexslider fusion-flexslider-loading post-slideshow fusion-post-slideshow\"><\/div>\n<div class=\"post-content\">\n<blockquote>\n<p><b>Del 5 al 10 de mar\u00e7 I Preinscripci\u00f3 sense pagament. <\/b><span class=\"OYPEnA text-decoration-none text-strikethrough-none\">El proc\u00e9s de preinscripci\u00f3 <\/span><span class=\"OYPEnA text-decoration-none text-strikethrough-none\">es fa a trav\u00e9s d&#8217;<strong><a href=\"https:\/\/formularis.commonscloud.coop\/179247?lang=ca\" target=\"_blank\" rel=\"noopener\"><span style=\"color: #f69d0b;\">aquest enlla\u00e7<\/span><\/a> <\/strong>i permet escollir nom\u00e9s la quinzena <\/span><span class=\"OYPEnA text-decoration-none text-strikethrough-none\">en qu\u00e8 es vol fer el curs. A les persones que es preinscriguin se\u2019ls guardar\u00e0 una pla\u00e7a. Si hi ha m\u00e9s persones preinscrites que places, es far\u00e0 un sorteig prioritzant persones de sectors i esplais diversos.<br \/>\n<\/span><\/p>\n<p><b>De l&#8217;11 al 17 de mar\u00e7 I Primera assignaci\u00f3 de places.<\/b><\/p>\n<ul>\n<li><span class=\"OYPEnA text-decoration-none text-strikethrough-none\">Entre l\u201911 i el 12 de mar\u00e7 s\u2019informa a les persones de que se\u2019ls ha guardat la pla\u00e7a.<\/span><\/li>\n<li><span class=\"OYPEnA text-decoration-none text-strikethrough-none\">Del 12 al 17 es paga la quota per confirmar la inscripci\u00f3 al curs.<\/span><\/li>\n<\/ul>\n<p><b>18 de mar\u00e7 I Segona assignaci\u00f3.<\/b><\/p>\n<ul>\n<li><span class=\"OYPEnA text-decoration-none text-strikethrough-none\">El 18 de mar\u00e7 es contacta amb les persones en llista d&#8217;espera per les places que hagin pogut quedar alliberades.<\/span><\/li>\n<li><span class=\"OYPEnA text-decoration-none text-strikethrough-none\">Del 18 al 24 de mar\u00e7, les seleccionades a la segona ronda poden fer el pagament de la quota per confirmar la inscripci\u00f3 al curs.<\/span><\/li>\n<\/ul>\n<p><b>A partir del 25 de mar\u00e7 I Obren les places restants. <\/b><span class=\"OYPEnA text-decoration-none text-strikethrough-none\">Obren les places dels cursos que no s&#8217;han omplert.<\/span><\/p>\n<\/blockquote>\n<p>Aquest sistema d\u2019inscripcions ens permet saber\u00a0<b>quantes persones es queden fora dels cursos residencials<\/b>, per revisar l\u2019oferta de cursos a oferir, i garantir la <b>pres\u00e8ncia equitativa de monitores de diversos sectors<\/b>\u00a0que vulguin assistir al curs.\u00a0Tot el procediment es realitza a trav\u00e9s de la web de l\u2019<strong><a href=\"https:\/\/escolaelsol.coop\/\" target=\"_blank\" rel=\"noopener noreferrer\"><span style=\"color: #f69d0b;\">Escola Lliure El Sol<\/span>.<\/a><\/strong><\/p>\n<p>Podeu veure sempre la informaci\u00f3 actualitzada dels propers cursos Marta Mata a l\u2019apartat d\u2019aquest web\u00a0<a href=\"https:\/\/www.esplac.cat\/formacions\/esplais\/\" target=\"_blank\" rel=\"noopener\"><strong>formaci\u00f3 pels esplais<\/strong><\/a>.<\/p>\n<\/div>\n<\/div><div class=\"fusion-image-element \" style=\"text-align:center;--awb-caption-title-font-family:var(--h2_typography-font-family);--awb-caption-title-font-weight:var(--h2_typography-font-weight);--awb-caption-title-font-style:var(--h2_typography-font-style);--awb-caption-title-size:var(--h2_typography-font-size);--awb-caption-title-transform:var(--h2_typography-text-transform);--awb-caption-title-line-height:var(--h2_typography-line-height);--awb-caption-title-letter-spacing:var(--h2_typography-letter-spacing);\"><span class=\" fusion-imageframe imageframe-none imageframe-1 hover-type-none\"><img decoding=\"async\" width=\"724\" height=\"1024\" alt=\"Marta Mata\" title=\"Cursos Marta Mata 2024\" src=\"https:\/\/www.esplac.cat\/wp-content\/uploads\/2024\/02\/Cursos-Marta-Mata-2024-724x1024.png\" class=\"img-responsive wp-image-48857\" srcset=\"https:\/\/www.esplac.cat\/wp-content\/uploads\/2024\/02\/Cursos-Marta-Mata-2024-200x283.png 200w, https:\/\/www.esplac.cat\/wp-content\/uploads\/2024\/02\/Cursos-Marta-Mata-2024-400x566.png 400w, https:\/\/www.esplac.cat\/wp-content\/uploads\/2024\/02\/Cursos-Marta-Mata-2024-600x849.png 600w, https:\/\/www.esplac.cat\/wp-content\/uploads\/2024\/02\/Cursos-Marta-Mata-2024-800x1132.png 800w, https:\/\/www.esplac.cat\/wp-content\/uploads\/2024\/02\/Cursos-Marta-Mata-2024-1200x1697.png 1200w, https:\/\/www.esplac.cat\/wp-content\/uploads\/2024\/02\/Cursos-Marta-Mata-2024.png 1414w\" sizes=\"(max-width: 1024px) 100vw, (max-width: 640px) 100vw, 1200px\" \/><\/span><\/div><\/div><\/div><\/div><\/div><div class=\"fusion-fullwidth fullwidth-box fusion-builder-row-2 fusion-flex-container has-pattern-background has-mask-background nonhundred-percent-fullwidth non-hundred-percent-height-scrolling\" style=\"--awb-border-radius-top-left:0px;--awb-border-radius-top-right:0px;--awb-border-radius-bottom-right:0px;--awb-border-radius-bottom-left:0px;--awb-flex-wrap:wrap;\" ><div class=\"fusion-builder-row fusion-row fusion-flex-align-items-flex-start fusion-flex-content-wrap\" style=\"max-width:1248px;margin-left: calc(-4% \/ 2 );margin-right: calc(-4% \/ 2 );\"><div class=\"fusion-layout-column fusion_builder_column fusion-builder-column-1 fusion_builder_column_1_1 1_1 fusion-flex-column\" style=\"--awb-bg-size:cover;--awb-width-large:100%;--awb-margin-top-large:0px;--awb-spacing-right-large:1.92%;--awb-margin-bottom-large:20px;--awb-spacing-left-large:1.92%;--awb-width-medium:100%;--awb-order-medium:0;--awb-spacing-right-medium:1.92%;--awb-spacing-left-medium:1.92%;--awb-width-small:100%;--awb-order-small:0;--awb-spacing-right-small:1.92%;--awb-spacing-left-small:1.92%;\"><div class=\"fusion-column-wrapper fusion-column-has-shadow fusion-flex-justify-content-flex-start fusion-content-layout-column\"><div class=\"fusion-separator fusion-full-width-sep\" style=\"align-self: center;margin-left: auto;margin-right: auto;width:100%;\"><div class=\"fusion-separator-border sep-single\" style=\"--awb-height:20px;--awb-amount:20px;--awb-sep-color:rgba(246,157,11,0);border-color:rgba(246,157,11,0);border-top-width:1px;\"><\/div><\/div><div class=\"fusion-text fusion-text-3\"><h5 style=\"text-align: center;\"><strong>M\u00e9s informaci\u00f3&#8230;<\/strong><\/h5>\n<\/div><\/div><\/div><\/div><\/div><div class=\"fusion-fullwidth fullwidth-box fusion-builder-row-3 fusion-flex-container has-pattern-background has-mask-background nonhundred-percent-fullwidth non-hundred-percent-height-scrolling\" style=\"--awb-border-radius-top-left:0px;--awb-border-radius-top-right:0px;--awb-border-radius-bottom-right:0px;--awb-border-radius-bottom-left:0px;--awb-flex-wrap:wrap;\" ><div class=\"fusion-builder-row fusion-row fusion-flex-align-items-flex-start fusion-flex-content-wrap\" style=\"max-width:1248px;margin-left: calc(-4% \/ 2 );margin-right: calc(-4% \/ 2 );\"><div class=\"fusion-layout-column fusion_builder_column fusion-builder-column-2 fusion_builder_column_1_3 1_3 fusion-flex-column\" style=\"--awb-bg-size:cover;--awb-width-large:33.333333333333%;--awb-margin-top-large:0px;--awb-spacing-right-large:5.76%;--awb-margin-bottom-large:20px;--awb-spacing-left-large:5.76%;--awb-width-medium:100%;--awb-order-medium:0;--awb-spacing-right-medium:1.92%;--awb-spacing-left-medium:1.92%;--awb-width-small:100%;--awb-order-small:0;--awb-spacing-right-small:1.92%;--awb-spacing-left-small:1.92%;\" data-motion-effects=\"[{&quot;type&quot;:&quot;&quot;,&quot;scroll_type&quot;:&quot;transition&quot;,&quot;scroll_direction&quot;:&quot;up&quot;,&quot;transition_speed&quot;:&quot;1&quot;,&quot;fade_type&quot;:&quot;in&quot;,&quot;scale_type&quot;:&quot;up&quot;,&quot;initial_scale&quot;:&quot;1&quot;,&quot;max_scale&quot;:&quot;1.5&quot;,&quot;min_scale&quot;:&quot;0.5&quot;,&quot;initial_rotate&quot;:&quot;0&quot;,&quot;end_rotate&quot;:&quot;30&quot;,&quot;initial_blur&quot;:&quot;0&quot;,&quot;end_blur&quot;:&quot;3&quot;,&quot;start_element&quot;:&quot;top&quot;,&quot;start_viewport&quot;:&quot;bottom&quot;,&quot;end_element&quot;:&quot;bottom&quot;,&quot;end_viewport&quot;:&quot;top&quot;,&quot;mouse_effect&quot;:&quot;track&quot;,&quot;mouse_effect_direction&quot;:&quot;opposite&quot;,&quot;mouse_effect_speed&quot;:&quot;2&quot;,&quot;infinite_animation&quot;:&quot;float&quot;,&quot;infinite_animation_speed&quot;:&quot;2&quot;}]\" data-scroll-devices=\"small-visibility,medium-visibility,large-visibility\"><div class=\"fusion-column-wrapper fusion-column-has-shadow fusion-flex-justify-content-center fusion-content-layout-column\"><div style=\"text-align:center;\"><a class=\"fusion-button button-flat fusion-button-default-size button-default fusion-button-default button-2 fusion-button-default-span fusion-button-default-type\" target=\"_self\" title=\"https:\/\/escolaelsol.coop\/formacions\/Curs-Marta-Mata-Creixement-Cal-Mata-1a-quinzena\/3148\/\" aria-label=\"https:\/\/escolaelsol.coop\/formacions\/Curs-Marta-Mata-Creixement-Cal-Mata-1a-quinzena\/3148\/\" href=\"https:\/\/escolaelsol.coop\/formacions\/Curs-Marta-Mata-Creixement-Cal-Mata-1a-quinzena\/3148\/\"><span class=\"fusion-button-text\">Curs Marta Mata Creixement Cal Mata 1a quinzena<\/span><\/a><\/div><\/div><\/div><div class=\"fusion-layout-column fusion_builder_column fusion-builder-column-3 fusion_builder_column_1_3 1_3 fusion-flex-column\" style=\"--awb-bg-size:cover;--awb-width-large:33.333333333333%;--awb-margin-top-large:0px;--awb-spacing-right-large:5.76%;--awb-margin-bottom-large:20px;--awb-spacing-left-large:5.76%;--awb-width-medium:100%;--awb-order-medium:0;--awb-spacing-right-medium:1.92%;--awb-spacing-left-medium:1.92%;--awb-width-small:100%;--awb-order-small:0;--awb-spacing-right-small:1.92%;--awb-spacing-left-small:1.92%;\"><div class=\"fusion-column-wrapper fusion-column-has-shadow fusion-flex-justify-content-flex-start fusion-content-layout-column\"><div style=\"text-align:center;\"><a class=\"fusion-button button-flat fusion-button-default-size button-default fusion-button-default button-3 fusion-button-default-span fusion-button-default-type\" target=\"_self\" title=\"https:\/\/escolaelsol.coop\/formacions\/Curs-Marta-Mata-Creixement-Can-Pere-1a-quinzena\/3149\/\" aria-label=\"https:\/\/escolaelsol.coop\/formacions\/Curs-Marta-Mata-Creixement-Can-Pere-1a-quinzena\/3149\/\" href=\"https:\/\/escolaelsol.coop\/formacions\/Curs-Marta-Mata-Creixement-Can-Pere-1a-quinzena\/3149\/\"><span class=\"fusion-button-text\">Curs Marta Mata Creixement Can Pere 1a quinzena<\/span><\/a><\/div><\/div><\/div><div class=\"fusion-layout-column fusion_builder_column fusion-builder-column-4 fusion_builder_column_1_3 1_3 fusion-flex-column\" style=\"--awb-bg-size:cover;--awb-width-large:33.333333333333%;--awb-margin-top-large:0px;--awb-spacing-right-large:5.76%;--awb-margin-bottom-large:20px;--awb-spacing-left-large:5.76%;--awb-width-medium:100%;--awb-order-medium:0;--awb-spacing-right-medium:1.92%;--awb-spacing-left-medium:1.92%;--awb-width-small:100%;--awb-order-small:0;--awb-spacing-right-small:1.92%;--awb-spacing-left-small:1.92%;\"><div class=\"fusion-column-wrapper fusion-column-has-shadow fusion-flex-justify-content-flex-start fusion-content-layout-column\"><div style=\"text-align:center;\"><a class=\"fusion-button button-flat fusion-button-default-size button-default fusion-button-default button-4 fusion-button-default-span fusion-button-default-type\" target=\"_self\" title=\"https:\/\/escolaelsol.coop\/formacions\/Curs-Marta-Mata-Creixement-Cal-Mata-2a-quinzena\/3150\/\" aria-label=\"https:\/\/escolaelsol.coop\/formacions\/Curs-Marta-Mata-Creixement-Cal-Mata-2a-quinzena\/3150\/\" href=\"https:\/\/escolaelsol.coop\/formacions\/Curs-Marta-Mata-Creixement-Cal-Mata-2a-quinzena\/3150\/\"><span class=\"fusion-button-text\">Curs Marta Mata Creixement Cal Mata 2a quinzena<\/span><\/a><\/div><\/div><\/div><div class=\"fusion-layout-column fusion_builder_column fusion-builder-column-5 fusion_builder_column_1_3 1_3 fusion-flex-column\" style=\"--awb-bg-size:cover;--awb-width-large:33.333333333333%;--awb-margin-top-large:0px;--awb-spacing-right-large:5.76%;--awb-margin-bottom-large:20px;--awb-spacing-left-large:5.76%;--awb-width-medium:100%;--awb-order-medium:0;--awb-spacing-right-medium:1.92%;--awb-spacing-left-medium:1.92%;--awb-width-small:100%;--awb-order-small:0;--awb-spacing-right-small:1.92%;--awb-spacing-left-small:1.92%;\"><div class=\"fusion-column-wrapper fusion-column-has-shadow fusion-flex-justify-content-flex-start fusion-content-layout-column\"><div style=\"text-align:center;\"><a class=\"fusion-button button-flat fusion-button-default-size button-default fusion-button-default button-5 fusion-button-default-span fusion-button-default-type\" target=\"_self\" title=\"https:\/\/escolaelsol.coop\/formacions\/Curs-Marta-Mata-Creixement-Can-Pere-2a-quinzena\/3151\/\" aria-label=\"https:\/\/escolaelsol.coop\/formacions\/Curs-Marta-Mata-Creixement-Can-Pere-2a-quinzena\/3151\/\" href=\"https:\/\/escolaelsol.coop\/formacions\/Curs-Marta-Mata-Creixement-Can-Pere-2a-quinzena\/3151\/\"><span class=\"fusion-button-text\">Curs Marta Mata Creixement Can Pere 2a quinzena<\/span><\/a><\/div><\/div><\/div><div class=\"fusion-layout-column fusion_builder_column fusion-builder-column-6 fusion_builder_column_1_3 1_3 fusion-flex-column\" style=\"--awb-bg-size:cover;--awb-width-large:33.333333333333%;--awb-margin-top-large:0px;--awb-spacing-right-large:5.76%;--awb-margin-bottom-large:20px;--awb-spacing-left-large:5.76%;--awb-width-medium:100%;--awb-order-medium:0;--awb-spacing-right-medium:1.92%;--awb-spacing-left-medium:1.92%;--awb-width-small:100%;--awb-order-small:0;--awb-spacing-right-small:1.92%;--awb-spacing-left-small:1.92%;\"><div class=\"fusion-column-wrapper fusion-column-has-shadow fusion-flex-justify-content-flex-start fusion-content-layout-column\"><div style=\"text-align:center;\"><a class=\"fusion-button button-flat fusion-button-default-size button-default fusion-button-default button-6 fusion-button-default-span fusion-button-default-type\" target=\"_self\" href=\"https:\/\/escolaelsol.coop\/formacions\/Curs-Marta-Mata-xit-Cal-Mata-1a-quinzena\/3145\/\"><span class=\"fusion-button-text\">Curs Marta Mata \u00c8xit Cal Mata 1a quinzena<\/span><\/a><\/div><\/div><\/div><div class=\"fusion-layout-column fusion_builder_column fusion-builder-column-7 fusion_builder_column_1_3 1_3 fusion-flex-column\" style=\"--awb-bg-size:cover;--awb-width-large:33.333333333333%;--awb-margin-top-large:0px;--awb-spacing-right-large:5.76%;--awb-margin-bottom-large:20px;--awb-spacing-left-large:5.76%;--awb-width-medium:100%;--awb-order-medium:0;--awb-spacing-right-medium:1.92%;--awb-spacing-left-medium:1.92%;--awb-width-small:100%;--awb-order-small:0;--awb-spacing-right-small:1.92%;--awb-spacing-left-small:1.92%;\"><div class=\"fusion-column-wrapper fusion-column-has-shadow fusion-flex-justify-content-flex-start fusion-content-layout-column\"><div style=\"text-align:center;\"><a class=\"fusion-button button-flat fusion-button-default-size button-default fusion-button-default button-7 fusion-button-default-span fusion-button-default-type\" target=\"_self\" href=\"https:\/\/escolaelsol.coop\/formacions\/Curs-Marta-Mata-xit-Cal-Mata-2a-quinzena\/3147\/ \"><span class=\"fusion-button-text\">Curs Marta Mata \u00c8xit Cal Mata 2a quinzena<\/span><\/a><\/div><\/div><\/div><\/div><\/div><\/p>\n","protected":false},"excerpt":{"rendered":"","protected":false},"author":3,"featured_media":48851,"comment_status":"closed","ping_status":"closed","sticky":false,"template":"","format":"standard","meta":{"om_disable_all_campaigns":false,"_monsterinsights_skip_tracking":false,"_monsterinsights_sitenote_active":false,"_monsterinsights_sitenote_note":"","_monsterinsights_sitenote_category":0,"_uf_show_specific_survey":0,"_uf_disable_surveys":false,"footnotes":""},"categories":[1131,1396],"tags":[],"class_list":["post-48848","post","type-post","status-publish","format-standard","has-post-thumbnail","hentry","category-cursos-formacions","category-socies"],"yoast_head":"<!-- This site is optimized with the Yoast SEO plugin v27.4 - https:\/\/yoast.com\/product\/yoast-seo-wordpress\/ -->\n<title>Cursos Marta Mata 2024 - Esplac<\/title>\n<meta name=\"description\" content=\"El 5 de mar\u00e7 s\u2019obren inscripcions als cursos d\u2019estiu Marta\u00a0Mata. Para atenci\u00f3, perqu\u00e8 hi ha novetats respecte l&#039;any passat!\" \/>\n<meta name=\"robots\" content=\"index, follow, max-snippet:-1, max-image-preview:large, max-video-preview:-1\" \/>\n<link rel=\"canonical\" href=\"https:\/\/www.esplac.cat\/cursos-marta-mata-2024\/\" \/>\n<meta property=\"og:locale\" content=\"es_ES\" \/>\n<meta property=\"og:type\" content=\"article\" \/>\n<meta property=\"og:title\" content=\"Cursos Marta Mata 2024 - Esplac\" \/>\n<meta property=\"og:description\" content=\"El 5 de mar\u00e7 s\u2019obren inscripcions als cursos d\u2019estiu Marta\u00a0Mata. Para atenci\u00f3, perqu\u00e8 hi ha novetats respecte l&#039;any passat!\" \/>\n<meta property=\"og:url\" content=\"https:\/\/www.esplac.cat\/cursos-marta-mata-2024\/\" \/>\n<meta property=\"og:site_name\" content=\"Esplac\" \/>\n<meta property=\"article:published_time\" content=\"2024-02-05T12:48:48+00:00\" \/>\n<meta property=\"article:modified_time\" content=\"2024-03-05T12:06:19+00:00\" \/>\n<meta property=\"og:image\" content=\"https:\/\/www.esplac.cat\/wp-content\/uploads\/2024\/02\/Marta-Mata-2024.jpg\" \/>\n\t<meta property=\"og:image:width\" content=\"1697\" \/>\n\t<meta property=\"og:image:height\" content=\"700\" \/>\n\t<meta property=\"og:image:type\" content=\"image\/jpeg\" \/>\n<meta name=\"author\" content=\"Comunicaci\u00f3 Esplac\" \/>\n<meta name=\"twitter:card\" content=\"summary_large_image\" \/>\n<meta name=\"twitter:label1\" content=\"Escrito por\" \/>\n\t<meta name=\"twitter:data1\" content=\"Comunicaci\u00f3 Esplac\" \/>\n\t<meta name=\"twitter:label2\" content=\"Tiempo de lectura\" \/>\n\t<meta name=\"twitter:data2\" content=\"2 minutos\" \/>\n<script type=\"application\/ld+json\" class=\"yoast-schema-graph\">{\"@context\":\"https:\\\/\\\/schema.org\",\"@graph\":[{\"@type\":\"Article\",\"@id\":\"https:\\\/\\\/www.esplac.cat\\\/cursos-marta-mata-2024\\\/#article\",\"isPartOf\":{\"@id\":\"https:\\\/\\\/www.esplac.cat\\\/cursos-marta-mata-2024\\\/\"},\"author\":{\"name\":\"Comunicaci\u00f3 Esplac\",\"@id\":\"https:\\\/\\\/www.esplac.cat\\\/#\\\/schema\\\/person\\\/908383cf240be18b68f8855d0583faca\"},\"headline\":\"Cursos Marta Mata 2024\",\"datePublished\":\"2024-02-05T12:48:48+00:00\",\"dateModified\":\"2024-03-05T12:06:19+00:00\",\"mainEntityOfPage\":{\"@id\":\"https:\\\/\\\/www.esplac.cat\\\/cursos-marta-mata-2024\\\/\"},\"wordCount\":6815,\"publisher\":{\"@id\":\"https:\\\/\\\/www.esplac.cat\\\/#organization\"},\"image\":{\"@id\":\"https:\\\/\\\/www.esplac.cat\\\/cursos-marta-mata-2024\\\/#primaryimage\"},\"thumbnailUrl\":\"https:\\\/\\\/www.esplac.cat\\\/wp-content\\\/uploads\\\/2024\\\/02\\\/Marta-Mata-2024.jpg\",\"articleSection\":[\"Cursos i formacions\",\"S\u00f2cies\"],\"inLanguage\":\"es\"},{\"@type\":\"WebPage\",\"@id\":\"https:\\\/\\\/www.esplac.cat\\\/cursos-marta-mata-2024\\\/\",\"url\":\"https:\\\/\\\/www.esplac.cat\\\/cursos-marta-mata-2024\\\/\",\"name\":\"Cursos Marta Mata 2024 - Esplac\",\"isPartOf\":{\"@id\":\"https:\\\/\\\/www.esplac.cat\\\/#website\"},\"primaryImageOfPage\":{\"@id\":\"https:\\\/\\\/www.esplac.cat\\\/cursos-marta-mata-2024\\\/#primaryimage\"},\"image\":{\"@id\":\"https:\\\/\\\/www.esplac.cat\\\/cursos-marta-mata-2024\\\/#primaryimage\"},\"thumbnailUrl\":\"https:\\\/\\\/www.esplac.cat\\\/wp-content\\\/uploads\\\/2024\\\/02\\\/Marta-Mata-2024.jpg\",\"datePublished\":\"2024-02-05T12:48:48+00:00\",\"dateModified\":\"2024-03-05T12:06:19+00:00\",\"description\":\"El 5 de mar\u00e7 s\u2019obren inscripcions als cursos d\u2019estiu Marta\u00a0Mata. Para atenci\u00f3, perqu\u00e8 hi ha novetats respecte l'any passat!\",\"breadcrumb\":{\"@id\":\"https:\\\/\\\/www.esplac.cat\\\/cursos-marta-mata-2024\\\/#breadcrumb\"},\"inLanguage\":\"es\",\"potentialAction\":[{\"@type\":\"ReadAction\",\"target\":[\"https:\\\/\\\/www.esplac.cat\\\/cursos-marta-mata-2024\\\/\"]}]},{\"@type\":\"ImageObject\",\"inLanguage\":\"es\",\"@id\":\"https:\\\/\\\/www.esplac.cat\\\/cursos-marta-mata-2024\\\/#primaryimage\",\"url\":\"https:\\\/\\\/www.esplac.cat\\\/wp-content\\\/uploads\\\/2024\\\/02\\\/Marta-Mata-2024.jpg\",\"contentUrl\":\"https:\\\/\\\/www.esplac.cat\\\/wp-content\\\/uploads\\\/2024\\\/02\\\/Marta-Mata-2024.jpg\",\"width\":1697,\"height\":700,\"caption\":\"Marta Mata\"},{\"@type\":\"BreadcrumbList\",\"@id\":\"https:\\\/\\\/www.esplac.cat\\\/cursos-marta-mata-2024\\\/#breadcrumb\",\"itemListElement\":[{\"@type\":\"ListItem\",\"position\":1,\"name\":\"Inici\",\"item\":\"https:\\\/\\\/www.esplac.cat\\\/es\\\/\"},{\"@type\":\"ListItem\",\"position\":2,\"name\":\"Cursos Marta Mata 2024\"}]},{\"@type\":\"WebSite\",\"@id\":\"https:\\\/\\\/www.esplac.cat\\\/#website\",\"url\":\"https:\\\/\\\/www.esplac.cat\\\/\",\"name\":\"Esplac\",\"description\":\"Esplais Catalans\",\"publisher\":{\"@id\":\"https:\\\/\\\/www.esplac.cat\\\/#organization\"},\"potentialAction\":[{\"@type\":\"SearchAction\",\"target\":{\"@type\":\"EntryPoint\",\"urlTemplate\":\"https:\\\/\\\/www.esplac.cat\\\/?s={search_term_string}\"},\"query-input\":{\"@type\":\"PropertyValueSpecification\",\"valueRequired\":true,\"valueName\":\"search_term_string\"}}],\"inLanguage\":\"es\"},{\"@type\":\"Organization\",\"@id\":\"https:\\\/\\\/www.esplac.cat\\\/#organization\",\"name\":\"Esplac\",\"url\":\"https:\\\/\\\/www.esplac.cat\\\/\",\"logo\":{\"@type\":\"ImageObject\",\"inLanguage\":\"es\",\"@id\":\"https:\\\/\\\/www.esplac.cat\\\/#\\\/schema\\\/logo\\\/image\\\/\",\"url\":\"https:\\\/\\\/www.esplac.cat\\\/wp-content\\\/uploads\\\/2019\\\/08\\\/logox2.png\",\"contentUrl\":\"https:\\\/\\\/www.esplac.cat\\\/wp-content\\\/uploads\\\/2019\\\/08\\\/logox2.png\",\"width\":600,\"height\":295,\"caption\":\"Esplac\"},\"image\":{\"@id\":\"https:\\\/\\\/www.esplac.cat\\\/#\\\/schema\\\/logo\\\/image\\\/\"}},{\"@type\":\"Person\",\"@id\":\"https:\\\/\\\/www.esplac.cat\\\/#\\\/schema\\\/person\\\/908383cf240be18b68f8855d0583faca\",\"name\":\"Comunicaci\u00f3 Esplac\",\"image\":{\"@type\":\"ImageObject\",\"inLanguage\":\"es\",\"@id\":\"https:\\\/\\\/secure.gravatar.com\\\/avatar\\\/7a4cf8feb412a76ea4a740ca02d95b06b2907b5a6c648c2dd0a1082a093c3141?s=96&d=mm&r=g\",\"url\":\"https:\\\/\\\/secure.gravatar.com\\\/avatar\\\/7a4cf8feb412a76ea4a740ca02d95b06b2907b5a6c648c2dd0a1082a093c3141?s=96&d=mm&r=g\",\"contentUrl\":\"https:\\\/\\\/secure.gravatar.com\\\/avatar\\\/7a4cf8feb412a76ea4a740ca02d95b06b2907b5a6c648c2dd0a1082a093c3141?s=96&d=mm&r=g\",\"caption\":\"Comunicaci\u00f3 Esplac\"}}]}<\/script>\n<!-- \/ Yoast SEO plugin. -->","yoast_head_json":{"title":"Cursos Marta Mata 2024 - Esplac","description":"El 5 de mar\u00e7 s\u2019obren inscripcions als cursos d\u2019estiu Marta\u00a0Mata. Para atenci\u00f3, perqu\u00e8 hi ha novetats respecte l'any passat!","robots":{"index":"index","follow":"follow","max-snippet":"max-snippet:-1","max-image-preview":"max-image-preview:large","max-video-preview":"max-video-preview:-1"},"canonical":"https:\/\/www.esplac.cat\/cursos-marta-mata-2024\/","og_locale":"es_ES","og_type":"article","og_title":"Cursos Marta Mata 2024 - Esplac","og_description":"El 5 de mar\u00e7 s\u2019obren inscripcions als cursos d\u2019estiu Marta\u00a0Mata. Para atenci\u00f3, perqu\u00e8 hi ha novetats respecte l'any passat!","og_url":"https:\/\/www.esplac.cat\/cursos-marta-mata-2024\/","og_site_name":"Esplac","article_published_time":"2024-02-05T12:48:48+00:00","article_modified_time":"2024-03-05T12:06:19+00:00","og_image":[{"width":1697,"height":700,"url":"https:\/\/www.esplac.cat\/wp-content\/uploads\/2024\/02\/Marta-Mata-2024.jpg","type":"image\/jpeg"}],"author":"Comunicaci\u00f3 Esplac","twitter_card":"summary_large_image","twitter_misc":{"Escrito por":"Comunicaci\u00f3 Esplac","Tiempo de lectura":"2 minutos"},"schema":{"@context":"https:\/\/schema.org","@graph":[{"@type":"Article","@id":"https:\/\/www.esplac.cat\/cursos-marta-mata-2024\/#article","isPartOf":{"@id":"https:\/\/www.esplac.cat\/cursos-marta-mata-2024\/"},"author":{"name":"Comunicaci\u00f3 Esplac","@id":"https:\/\/www.esplac.cat\/#\/schema\/person\/908383cf240be18b68f8855d0583faca"},"headline":"Cursos Marta Mata 2024","datePublished":"2024-02-05T12:48:48+00:00","dateModified":"2024-03-05T12:06:19+00:00","mainEntityOfPage":{"@id":"https:\/\/www.esplac.cat\/cursos-marta-mata-2024\/"},"wordCount":6815,"publisher":{"@id":"https:\/\/www.esplac.cat\/#organization"},"image":{"@id":"https:\/\/www.esplac.cat\/cursos-marta-mata-2024\/#primaryimage"},"thumbnailUrl":"https:\/\/www.esplac.cat\/wp-content\/uploads\/2024\/02\/Marta-Mata-2024.jpg","articleSection":["Cursos i formacions","S\u00f2cies"],"inLanguage":"es"},{"@type":"WebPage","@id":"https:\/\/www.esplac.cat\/cursos-marta-mata-2024\/","url":"https:\/\/www.esplac.cat\/cursos-marta-mata-2024\/","name":"Cursos Marta Mata 2024 - Esplac","isPartOf":{"@id":"https:\/\/www.esplac.cat\/#website"},"primaryImageOfPage":{"@id":"https:\/\/www.esplac.cat\/cursos-marta-mata-2024\/#primaryimage"},"image":{"@id":"https:\/\/www.esplac.cat\/cursos-marta-mata-2024\/#primaryimage"},"thumbnailUrl":"https:\/\/www.esplac.cat\/wp-content\/uploads\/2024\/02\/Marta-Mata-2024.jpg","datePublished":"2024-02-05T12:48:48+00:00","dateModified":"2024-03-05T12:06:19+00:00","description":"El 5 de mar\u00e7 s\u2019obren inscripcions als cursos d\u2019estiu Marta\u00a0Mata. Para atenci\u00f3, perqu\u00e8 hi ha novetats respecte l'any passat!","breadcrumb":{"@id":"https:\/\/www.esplac.cat\/cursos-marta-mata-2024\/#breadcrumb"},"inLanguage":"es","potentialAction":[{"@type":"ReadAction","target":["https:\/\/www.esplac.cat\/cursos-marta-mata-2024\/"]}]},{"@type":"ImageObject","inLanguage":"es","@id":"https:\/\/www.esplac.cat\/cursos-marta-mata-2024\/#primaryimage","url":"https:\/\/www.esplac.cat\/wp-content\/uploads\/2024\/02\/Marta-Mata-2024.jpg","contentUrl":"https:\/\/www.esplac.cat\/wp-content\/uploads\/2024\/02\/Marta-Mata-2024.jpg","width":1697,"height":700,"caption":"Marta Mata"},{"@type":"BreadcrumbList","@id":"https:\/\/www.esplac.cat\/cursos-marta-mata-2024\/#breadcrumb","itemListElement":[{"@type":"ListItem","position":1,"name":"Inici","item":"https:\/\/www.esplac.cat\/es\/"},{"@type":"ListItem","position":2,"name":"Cursos Marta Mata 2024"}]},{"@type":"WebSite","@id":"https:\/\/www.esplac.cat\/#website","url":"https:\/\/www.esplac.cat\/","name":"Esplac","description":"Esplais Catalans","publisher":{"@id":"https:\/\/www.esplac.cat\/#organization"},"potentialAction":[{"@type":"SearchAction","target":{"@type":"EntryPoint","urlTemplate":"https:\/\/www.esplac.cat\/?s={search_term_string}"},"query-input":{"@type":"PropertyValueSpecification","valueRequired":true,"valueName":"search_term_string"}}],"inLanguage":"es"},{"@type":"Organization","@id":"https:\/\/www.esplac.cat\/#organization","name":"Esplac","url":"https:\/\/www.esplac.cat\/","logo":{"@type":"ImageObject","inLanguage":"es","@id":"https:\/\/www.esplac.cat\/#\/schema\/logo\/image\/","url":"https:\/\/www.esplac.cat\/wp-content\/uploads\/2019\/08\/logox2.png","contentUrl":"https:\/\/www.esplac.cat\/wp-content\/uploads\/2019\/08\/logox2.png","width":600,"height":295,"caption":"Esplac"},"image":{"@id":"https:\/\/www.esplac.cat\/#\/schema\/logo\/image\/"}},{"@type":"Person","@id":"https:\/\/www.esplac.cat\/#\/schema\/person\/908383cf240be18b68f8855d0583faca","name":"Comunicaci\u00f3 Esplac","image":{"@type":"ImageObject","inLanguage":"es","@id":"https:\/\/secure.gravatar.com\/avatar\/7a4cf8feb412a76ea4a740ca02d95b06b2907b5a6c648c2dd0a1082a093c3141?s=96&d=mm&r=g","url":"https:\/\/secure.gravatar.com\/avatar\/7a4cf8feb412a76ea4a740ca02d95b06b2907b5a6c648c2dd0a1082a093c3141?s=96&d=mm&r=g","contentUrl":"https:\/\/secure.gravatar.com\/avatar\/7a4cf8feb412a76ea4a740ca02d95b06b2907b5a6c648c2dd0a1082a093c3141?s=96&d=mm&r=g","caption":"Comunicaci\u00f3 Esplac"}}]}},"_links":{"self":[{"href":"https:\/\/www.esplac.cat\/es\/wp-json\/wp\/v2\/posts\/48848","targetHints":{"allow":["GET"]}}],"collection":[{"href":"https:\/\/www.esplac.cat\/es\/wp-json\/wp\/v2\/posts"}],"about":[{"href":"https:\/\/www.esplac.cat\/es\/wp-json\/wp\/v2\/types\/post"}],"author":[{"embeddable":true,"href":"https:\/\/www.esplac.cat\/es\/wp-json\/wp\/v2\/users\/3"}],"replies":[{"embeddable":true,"href":"https:\/\/www.esplac.cat\/es\/wp-json\/wp\/v2\/comments?post=48848"}],"version-history":[{"count":13,"href":"https:\/\/www.esplac.cat\/es\/wp-json\/wp\/v2\/posts\/48848\/revisions"}],"predecessor-version":[{"id":49205,"href":"https:\/\/www.esplac.cat\/es\/wp-json\/wp\/v2\/posts\/48848\/revisions\/49205"}],"wp:featuredmedia":[{"embeddable":true,"href":"https:\/\/www.esplac.cat\/es\/wp-json\/wp\/v2\/media\/48851"}],"wp:attachment":[{"href":"https:\/\/www.esplac.cat\/es\/wp-json\/wp\/v2\/media?parent=48848"}],"wp:term":[{"taxonomy":"category","embeddable":true,"href":"https:\/\/www.esplac.cat\/es\/wp-json\/wp\/v2\/categories?post=48848"},{"taxonomy":"post_tag","embeddable":true,"href":"https:\/\/www.esplac.cat\/es\/wp-json\/wp\/v2\/tags?post=48848"}],"curies":[{"name":"wp","href":"https:\/\/api.w.org\/{rel}","templated":true}]}}