{"id":4901,"date":"2018-08-29T10:04:51","date_gmt":"2018-08-29T08:04:51","guid":{"rendered":"https:\/\/www.somesplai.cat\/?p=4901"},"modified":"2019-11-28T13:31:24","modified_gmt":"2019-11-28T12:31:24","slug":"troba-les-diferencies-de-campaments-a-austria","status":"publish","type":"post","link":"https:\/\/www.esplac.cat\/es\/troba-les-diferencies-de-campaments-a-austria\/","title":{"rendered":"Troba les difer\u00e8ncies: de campaments a \u00c0ustria"},"content":{"rendered":"<h5 class=\"p1\" style=\"text-align: justify;\">29-agost-2018<\/h5>\n<p>Autora:&nbsp;<strong>Al\u00edcia Aranda<\/strong>, monitora de l\u2019<a href=\"https:\/\/esplaieixam.wordpress.com\/\">Esplai Eixam<\/a>&nbsp;de Rub\u00ed i participant en un SVE a Salzburg.<\/p>\n<hr>\n<p style=\"text-align: justify;\">El passat juliol vaig fer de monitora a un grup d&#8217;adolescents durant dues setmanes al fant\u00e0stic <strong>Falkencamp a D\u00f6briach<\/strong> (a Millst\u00e4ttersee) i vaig estar observant les difer\u00e8ncies que hi trobaria entre els campaments amb l\u2019esplai de tota la vida i amb aquest.<\/p>\n<p style=\"text-align: justify;\">En aquest campament, s\u2019hi troben grups d\u2019infants i joves d\u2019entre 6 i 17 anys, els quals venen de diferents regions d\u2019\u00c0ustria, tant amb Rote Falken o Kinderfreunde, i dormim en tendes de campanya agrupades per regions.<\/p>\n<p style=\"text-align: justify;\">Pels que no acaben d\u2019entendre la difer\u00e8ncia entre <strong>Kinderfreunde<\/strong> i <strong>Rote Falken<\/strong>: els Rote Falken vindrien a ser el m\u00e9s semblant a un esplai, es reuneixen durant el curs i realitzen diverses activitats i excursions en un mateix grup; Kinderfreunde per altra banda organitza activitats, com per exemple campaments d\u2019estiu, principalment per a infants amb pocs recursos o en risc d\u2019exclusi\u00f3 social. A Salzburg, el grup de Rote Falken es bastant petit, per\u00f2 despr\u00e9s d\u2019aquests campaments, alguns dels infants que hi van participar des de Kinderfreunde han decidit unir-s\u2019hi pel curs vinent.<\/p>\n<p style=\"text-align: justify;\">El campament dura duos setmanes, per\u00f2 no tots els grups s\u2019hi estan les dues setmanes, alguns s\u2019hi estan una setmana i d\u2019altres arriben nom\u00e9s per la segona setmana. Durant aquest temps, s\u2019ofereix un programa central, en el qual una tarda, un mat\u00ed i una nit a la setmana, es programen activitats de gran tamany per a tothom del campament que hi vulgui participar. Hi ha tamb\u00e9, cada vespre a partir de les 22h, programa pels joves a partir de 13 anys, tant discoteca com cuina, jocs, pel\u00b7l\u00edcules, etc. El programa central organitza tamb\u00e9 al final de cada setmana, un resum en videos i fotos del que ha passat, com tamb\u00e9 la rep\u00fablica de D\u00f6.<\/p>\n<p style=\"text-align: justify;\"><strong>La rep\u00fablica de D\u00f6<\/strong> \u00e9s una cosa que em va sorprendre molt, des de l\u2019equip central s\u2019organitza un taller sobre democr\u00e0cia, on els infants de cada Dorf (agrupaci\u00f3 de tendes dins el campament, normalment dividida en regions), poden realitzar una campanya per a ser escollits ministres. Els infants de cada Dorf voten per a un ministre dintre del seu Dorf. Un cop escollits els ministres, es fa una votaci\u00f3 interna entre ells per escollir un canceller. Els ministres s\u2019encarreguen de recollir les idees, desitjos, queixes del seu Dorf i transmetent-les a la persona adequada, el canceller actua com a portaveu. Un dels canvis realitzats a c\u00e0rrec dels ministres va ser afegir m\u00e9s fruita a l\u2019esmorzar.<\/p>\n<p style=\"text-align: justify;\">Ara, des de l\u2019experi\u00e8ncia personal com a monitora, va ser molt interessant ja que era el primer cop que portava joves. Un grup de 13 joves d\u2019entre 13 i 16 anys, que no havia vist abans i que no parlen angl\u00e8s, seria&nbsp;interessant. Els primers dies van ser intensos, els infants anaven provant els l\u00edmits, i jo anava guanyant confian\u00e7a en mi mateixa, sent capa\u00e7 d\u2019establir els l\u00edmits clarament sense avergonyir-me del meu alemany, construint relacions de confian\u00e7a amb els infants amb el pas dels dies, sentint-me una monitora m\u00e9s com qualsevol altra. S\u2019ha de dir que en aquell campament ning\u00fa em va parlar en angl\u00e8s ja que jo era una monitora m\u00e9s, i el meu alemany va millorar com mai en dos setmanes, a m\u00e9s, als joves els hi encantava ajudar-me a construir frases, m\u2019escoltaven amb paci\u00e8ncia i van aprendre a cantar el \u00abnyam nyam bon profit\u00bb abans de cada \u00e0pat (i el \u00abhueke hueke cacahuete!\u00bb). <strong>Aquest grup em va motivar a millorar el meu alemany com ning\u00fa fins ara!<\/strong><\/p>\n<p style=\"text-align: justify;\">Per acabar aquest article, volia comentar que l\u2019any vinent aquest mateix campament ser\u00e0 internacional, i espero que algun esplai s\u2019animi a venir i cantar el \u00abnyam nyam\u00bb amb el meu grup!<\/p>\n<p style=\"text-align: justify;\"><a href=\"https:\/\/www.somesplai.cat\/wp-content\/uploads\/2018\/08\/WhatsApp-Image-2018-08-27-at-11.52.13.jpeg\"><img decoding=\"async\" class=\"aligncenter wp-image-4913\" src=\"https:\/\/www.somesplai.cat\/wp-content\/uploads\/2018\/08\/WhatsApp-Image-2018-08-27-at-11.52.13.jpeg\" alt=\"WhatsApp Image 2018-08-27 at 11.52.13\" width=\"605\" height=\"454\"><\/a><\/p>\n<p style=\"text-align: justify;\">&nbsp;<\/p>\n<p style=\"text-align: justify;\"><a href=\"https:\/\/www.somesplai.cat\/wp-content\/uploads\/2018\/08\/WhatsApp-Image-2018-08-27-at-11.52.12-1.jpeg\"><img decoding=\"async\" class=\"aligncenter wp-image-4907\" src=\"https:\/\/www.somesplai.cat\/wp-content\/uploads\/2018\/08\/WhatsApp-Image-2018-08-27-at-11.52.12-1.jpeg\" alt=\"WhatsApp Image 2018-08-27 at 11.52.12 (1)\" width=\"601\" height=\"451\"><\/a><\/p>\n<p style=\"text-align: justify;\">&nbsp;<\/p>\n<p style=\"text-align: justify;\"><a href=\"https:\/\/www.somesplai.cat\/wp-content\/uploads\/2018\/08\/WhatsApp-Image-2018-08-27-at-11.52.13-1.jpeg\"><img decoding=\"async\" class=\"aligncenter wp-image-4910\" src=\"https:\/\/www.somesplai.cat\/wp-content\/uploads\/2018\/08\/WhatsApp-Image-2018-08-27-at-11.52.13-1.jpeg\" alt=\"WhatsApp Image 2018-08-27 at 11.52.13 (1)\" width=\"592\" height=\"444\"><\/a><\/p>\n<p style=\"text-align: justify;\">&nbsp;<\/p>\n<p style=\"text-align: justify;\"><a href=\"https:\/\/www.somesplai.cat\/wp-content\/uploads\/2018\/08\/WhatsApp-Image-2018-08-27-at-11.52.13-3.jpeg\"><img decoding=\"async\" class=\"aligncenter wp-image-4912\" src=\"https:\/\/www.somesplai.cat\/wp-content\/uploads\/2018\/08\/WhatsApp-Image-2018-08-27-at-11.52.13-3.jpeg\" alt=\"WhatsApp Image 2018-08-27 at 11.52.13 (3)\" width=\"593\" height=\"445\"><\/a><\/p>\n<p style=\"text-align: justify;\">&nbsp;<\/p>\n<p style=\"text-align: justify;\"><a href=\"https:\/\/www.somesplai.cat\/wp-content\/uploads\/2018\/08\/WhatsApp-Image-2018-08-27-at-11.52.13-2.jpeg\"><img decoding=\"async\" class=\"aligncenter wp-image-4911\" src=\"https:\/\/www.somesplai.cat\/wp-content\/uploads\/2018\/08\/WhatsApp-Image-2018-08-27-at-11.52.13-2.jpeg\" alt=\"WhatsApp Image 2018-08-27 at 11.52.13 (2)\" width=\"584\" height=\"779\"><\/a><\/p>\n<p style=\"text-align: justify;\">&nbsp;<\/p>\n<p style=\"text-align: justify;\"><a href=\"https:\/\/www.somesplai.cat\/wp-content\/uploads\/2018\/08\/WhatsApp-Image-2018-08-27-at-11.52.11-2.jpeg\"><img decoding=\"async\" class=\"aligncenter size-full wp-image-4905\" src=\"https:\/\/www.somesplai.cat\/wp-content\/uploads\/2018\/08\/WhatsApp-Image-2018-08-27-at-11.52.11-2.jpeg\" alt=\"WhatsApp Image 2018-08-27 at 11.52.11 (2)\" width=\"1600\" height=\"796\"><\/a><\/p>\n<p style=\"text-align: justify;\">&nbsp;<\/p>\n<p style=\"text-align: justify;\">&nbsp;<\/p>\n<p style=\"text-align: justify;\"><a href=\"https:\/\/www.somesplai.cat\/wp-content\/uploads\/2018\/08\/WhatsApp-Image-2018-08-27-at-11.52.11.jpeg\"><img decoding=\"async\" class=\"aligncenter wp-image-4906\" src=\"https:\/\/www.somesplai.cat\/wp-content\/uploads\/2018\/08\/WhatsApp-Image-2018-08-27-at-11.52.11.jpeg\" alt=\"WhatsApp Image 2018-08-27 at 11.52.11\" width=\"470\" height=\"627\"><\/a><\/p>\n<p style=\"text-align: justify;\">&nbsp;<\/p>\n<p style=\"text-align: justify;\"><a href=\"https:\/\/www.somesplai.cat\/wp-content\/uploads\/2018\/08\/WhatsApp-Image-2018-08-27-at-11.52.12-2.jpeg\"><img decoding=\"async\" class=\"aligncenter wp-image-4908\" src=\"https:\/\/www.somesplai.cat\/wp-content\/uploads\/2018\/08\/WhatsApp-Image-2018-08-27-at-11.52.12-2.jpeg\" alt=\"WhatsApp Image 2018-08-27 at 11.52.12 (2)\" width=\"385\" height=\"513\"><\/a><\/p>\n<p style=\"text-align: justify;\">&nbsp;<\/p>\n<p style=\"text-align: justify;\"><a href=\"https:\/\/www.somesplai.cat\/wp-content\/uploads\/2018\/08\/WhatsApp-Image-2018-08-27-at-11.52.11-1.jpeg\"><img decoding=\"async\" class=\"aligncenter wp-image-4917\" src=\"https:\/\/www.somesplai.cat\/wp-content\/uploads\/2018\/08\/WhatsApp-Image-2018-08-27-at-11.52.11-1.jpeg\" alt=\"WhatsApp Image 2018-08-27 at 11.52.11 (1)\" width=\"502\" height=\"377\"><\/a><\/p>\n<p style=\"text-align: justify;\">&nbsp;<\/p>\n","protected":false},"excerpt":{"rendered":"<p>29-agost-2018 Autora:&nbsp;Al\u00edcia Aranda, monitora de l\u2019Esplai Eixam&nbsp;de Rub\u00ed i participant [&hellip;]<\/p>\n","protected":false},"author":3,"featured_media":4953,"comment_status":"closed","ping_status":"closed","sticky":false,"template":"","format":"standard","meta":{"om_disable_all_campaigns":false,"_monsterinsights_skip_tracking":false,"_monsterinsights_sitenote_active":false,"_monsterinsights_sitenote_note":"","_monsterinsights_sitenote_category":0,"_uf_show_specific_survey":0,"_uf_disable_surveys":false,"footnotes":""},"categories":[1168],"tags":[],"class_list":["post-4901","post","type-post","status-publish","format-standard","has-post-thumbnail","hentry","category-creuant_mirades"],"yoast_head":"<!-- This site is optimized with the Yoast SEO plugin v27.5 - https:\/\/yoast.com\/product\/yoast-seo-wordpress\/ -->\n<title>Troba les difer\u00e8ncies: de campaments a \u00c0ustria - Esplac<\/title>\n<meta name=\"robots\" content=\"index, follow, max-snippet:-1, max-image-preview:large, max-video-preview:-1\" \/>\n<link rel=\"canonical\" href=\"https:\/\/www.esplac.cat\/es\/troba-les-diferencies-de-campaments-a-austria\/\" \/>\n<meta property=\"og:locale\" content=\"es_ES\" \/>\n<meta property=\"og:type\" content=\"article\" \/>\n<meta property=\"og:title\" content=\"Troba les difer\u00e8ncies: de campaments a \u00c0ustria - Esplac\" \/>\n<meta property=\"og:description\" content=\"29-agost-2018 Autora:&nbsp;Al\u00edcia Aranda, monitora de l\u2019Esplai Eixam&nbsp;de Rub\u00ed i participant [&hellip;]\" \/>\n<meta property=\"og:url\" content=\"https:\/\/www.esplac.cat\/es\/troba-les-diferencies-de-campaments-a-austria\/\" \/>\n<meta property=\"og:site_name\" content=\"Esplac\" \/>\n<meta property=\"article:published_time\" content=\"2018-08-29T08:04:51+00:00\" \/>\n<meta property=\"article:modified_time\" content=\"2019-11-28T12:31:24+00:00\" \/>\n<meta property=\"og:image\" content=\"https:\/\/www.esplac.cat\/wp-content\/uploads\/2019\/11\/logo-open.jpg\" \/>\n\t<meta property=\"og:image:width\" content=\"1200\" \/>\n\t<meta property=\"og:image:height\" content=\"630\" \/>\n\t<meta property=\"og:image:type\" content=\"image\/jpeg\" \/>\n<meta name=\"author\" content=\"Comunicaci\u00f3 Esplac\" \/>\n<meta name=\"twitter:card\" content=\"summary_large_image\" \/>\n<meta name=\"twitter:label1\" content=\"Escrito por\" \/>\n\t<meta name=\"twitter:data1\" content=\"Comunicaci\u00f3 Esplac\" \/>\n\t<meta name=\"twitter:label2\" content=\"Tiempo de lectura\" \/>\n\t<meta name=\"twitter:data2\" content=\"3 minutos\" \/>\n<script type=\"application\/ld+json\" class=\"yoast-schema-graph\">{\"@context\":\"https:\\\/\\\/schema.org\",\"@graph\":[{\"@type\":\"Article\",\"@id\":\"https:\\\/\\\/www.esplac.cat\\\/es\\\/troba-les-diferencies-de-campaments-a-austria\\\/#article\",\"isPartOf\":{\"@id\":\"https:\\\/\\\/www.esplac.cat\\\/es\\\/troba-les-diferencies-de-campaments-a-austria\\\/\"},\"author\":{\"name\":\"Comunicaci\u00f3 Esplac\",\"@id\":\"https:\\\/\\\/www.esplac.cat\\\/#\\\/schema\\\/person\\\/908383cf240be18b68f8855d0583faca\"},\"headline\":\"Troba les difer\u00e8ncies: de campaments a \u00c0ustria\",\"datePublished\":\"2018-08-29T08:04:51+00:00\",\"dateModified\":\"2019-11-28T12:31:24+00:00\",\"mainEntityOfPage\":{\"@id\":\"https:\\\/\\\/www.esplac.cat\\\/es\\\/troba-les-diferencies-de-campaments-a-austria\\\/\"},\"wordCount\":687,\"publisher\":{\"@id\":\"https:\\\/\\\/www.esplac.cat\\\/#organization\"},\"image\":{\"@id\":\"https:\\\/\\\/www.esplac.cat\\\/es\\\/troba-les-diferencies-de-campaments-a-austria\\\/#primaryimage\"},\"thumbnailUrl\":\"\",\"articleSection\":[\"Creuant mirades\"],\"inLanguage\":\"es\"},{\"@type\":\"WebPage\",\"@id\":\"https:\\\/\\\/www.esplac.cat\\\/es\\\/troba-les-diferencies-de-campaments-a-austria\\\/\",\"url\":\"https:\\\/\\\/www.esplac.cat\\\/es\\\/troba-les-diferencies-de-campaments-a-austria\\\/\",\"name\":\"Troba les difer\u00e8ncies: de campaments a \u00c0ustria - Esplac\",\"isPartOf\":{\"@id\":\"https:\\\/\\\/www.esplac.cat\\\/#website\"},\"primaryImageOfPage\":{\"@id\":\"https:\\\/\\\/www.esplac.cat\\\/es\\\/troba-les-diferencies-de-campaments-a-austria\\\/#primaryimage\"},\"image\":{\"@id\":\"https:\\\/\\\/www.esplac.cat\\\/es\\\/troba-les-diferencies-de-campaments-a-austria\\\/#primaryimage\"},\"thumbnailUrl\":\"\",\"datePublished\":\"2018-08-29T08:04:51+00:00\",\"dateModified\":\"2019-11-28T12:31:24+00:00\",\"breadcrumb\":{\"@id\":\"https:\\\/\\\/www.esplac.cat\\\/es\\\/troba-les-diferencies-de-campaments-a-austria\\\/#breadcrumb\"},\"inLanguage\":\"es\",\"potentialAction\":[{\"@type\":\"ReadAction\",\"target\":[\"https:\\\/\\\/www.esplac.cat\\\/es\\\/troba-les-diferencies-de-campaments-a-austria\\\/\"]}]},{\"@type\":\"ImageObject\",\"inLanguage\":\"es\",\"@id\":\"https:\\\/\\\/www.esplac.cat\\\/es\\\/troba-les-diferencies-de-campaments-a-austria\\\/#primaryimage\",\"url\":\"\",\"contentUrl\":\"\"},{\"@type\":\"BreadcrumbList\",\"@id\":\"https:\\\/\\\/www.esplac.cat\\\/es\\\/troba-les-diferencies-de-campaments-a-austria\\\/#breadcrumb\",\"itemListElement\":[{\"@type\":\"ListItem\",\"position\":1,\"name\":\"Inici\",\"item\":\"https:\\\/\\\/www.esplac.cat\\\/es\\\/\"},{\"@type\":\"ListItem\",\"position\":2,\"name\":\"Troba les difer\u00e8ncies: de campaments a \u00c0ustria\"}]},{\"@type\":\"WebSite\",\"@id\":\"https:\\\/\\\/www.esplac.cat\\\/#website\",\"url\":\"https:\\\/\\\/www.esplac.cat\\\/\",\"name\":\"Esplac\",\"description\":\"Esplais Catalans\",\"publisher\":{\"@id\":\"https:\\\/\\\/www.esplac.cat\\\/#organization\"},\"potentialAction\":[{\"@type\":\"SearchAction\",\"target\":{\"@type\":\"EntryPoint\",\"urlTemplate\":\"https:\\\/\\\/www.esplac.cat\\\/?s={search_term_string}\"},\"query-input\":{\"@type\":\"PropertyValueSpecification\",\"valueRequired\":true,\"valueName\":\"search_term_string\"}}],\"inLanguage\":\"es\"},{\"@type\":\"Organization\",\"@id\":\"https:\\\/\\\/www.esplac.cat\\\/#organization\",\"name\":\"Esplac\",\"url\":\"https:\\\/\\\/www.esplac.cat\\\/\",\"logo\":{\"@type\":\"ImageObject\",\"inLanguage\":\"es\",\"@id\":\"https:\\\/\\\/www.esplac.cat\\\/#\\\/schema\\\/logo\\\/image\\\/\",\"url\":\"https:\\\/\\\/www.esplac.cat\\\/wp-content\\\/uploads\\\/2019\\\/08\\\/logox2.png\",\"contentUrl\":\"https:\\\/\\\/www.esplac.cat\\\/wp-content\\\/uploads\\\/2019\\\/08\\\/logox2.png\",\"width\":600,\"height\":295,\"caption\":\"Esplac\"},\"image\":{\"@id\":\"https:\\\/\\\/www.esplac.cat\\\/#\\\/schema\\\/logo\\\/image\\\/\"}},{\"@type\":\"Person\",\"@id\":\"https:\\\/\\\/www.esplac.cat\\\/#\\\/schema\\\/person\\\/908383cf240be18b68f8855d0583faca\",\"name\":\"Comunicaci\u00f3 Esplac\",\"image\":{\"@type\":\"ImageObject\",\"inLanguage\":\"es\",\"@id\":\"https:\\\/\\\/secure.gravatar.com\\\/avatar\\\/7a4cf8feb412a76ea4a740ca02d95b06b2907b5a6c648c2dd0a1082a093c3141?s=96&d=mm&r=g\",\"url\":\"https:\\\/\\\/secure.gravatar.com\\\/avatar\\\/7a4cf8feb412a76ea4a740ca02d95b06b2907b5a6c648c2dd0a1082a093c3141?s=96&d=mm&r=g\",\"contentUrl\":\"https:\\\/\\\/secure.gravatar.com\\\/avatar\\\/7a4cf8feb412a76ea4a740ca02d95b06b2907b5a6c648c2dd0a1082a093c3141?s=96&d=mm&r=g\",\"caption\":\"Comunicaci\u00f3 Esplac\"}}]}<\/script>\n<!-- \/ Yoast SEO plugin. -->","yoast_head_json":{"title":"Troba les difer\u00e8ncies: de campaments a \u00c0ustria - Esplac","robots":{"index":"index","follow":"follow","max-snippet":"max-snippet:-1","max-image-preview":"max-image-preview:large","max-video-preview":"max-video-preview:-1"},"canonical":"https:\/\/www.esplac.cat\/es\/troba-les-diferencies-de-campaments-a-austria\/","og_locale":"es_ES","og_type":"article","og_title":"Troba les difer\u00e8ncies: de campaments a \u00c0ustria - Esplac","og_description":"29-agost-2018 Autora:&nbsp;Al\u00edcia Aranda, monitora de l\u2019Esplai Eixam&nbsp;de Rub\u00ed i participant [&hellip;]","og_url":"https:\/\/www.esplac.cat\/es\/troba-les-diferencies-de-campaments-a-austria\/","og_site_name":"Esplac","article_published_time":"2018-08-29T08:04:51+00:00","article_modified_time":"2019-11-28T12:31:24+00:00","og_image":[{"width":1200,"height":630,"url":"https:\/\/www.esplac.cat\/wp-content\/uploads\/2019\/11\/logo-open.jpg","type":"image\/jpeg"}],"author":"Comunicaci\u00f3 Esplac","twitter_card":"summary_large_image","twitter_misc":{"Escrito por":"Comunicaci\u00f3 Esplac","Tiempo de lectura":"3 minutos"},"schema":{"@context":"https:\/\/schema.org","@graph":[{"@type":"Article","@id":"https:\/\/www.esplac.cat\/es\/troba-les-diferencies-de-campaments-a-austria\/#article","isPartOf":{"@id":"https:\/\/www.esplac.cat\/es\/troba-les-diferencies-de-campaments-a-austria\/"},"author":{"name":"Comunicaci\u00f3 Esplac","@id":"https:\/\/www.esplac.cat\/#\/schema\/person\/908383cf240be18b68f8855d0583faca"},"headline":"Troba les difer\u00e8ncies: de campaments a \u00c0ustria","datePublished":"2018-08-29T08:04:51+00:00","dateModified":"2019-11-28T12:31:24+00:00","mainEntityOfPage":{"@id":"https:\/\/www.esplac.cat\/es\/troba-les-diferencies-de-campaments-a-austria\/"},"wordCount":687,"publisher":{"@id":"https:\/\/www.esplac.cat\/#organization"},"image":{"@id":"https:\/\/www.esplac.cat\/es\/troba-les-diferencies-de-campaments-a-austria\/#primaryimage"},"thumbnailUrl":"","articleSection":["Creuant mirades"],"inLanguage":"es"},{"@type":"WebPage","@id":"https:\/\/www.esplac.cat\/es\/troba-les-diferencies-de-campaments-a-austria\/","url":"https:\/\/www.esplac.cat\/es\/troba-les-diferencies-de-campaments-a-austria\/","name":"Troba les difer\u00e8ncies: de campaments a \u00c0ustria - Esplac","isPartOf":{"@id":"https:\/\/www.esplac.cat\/#website"},"primaryImageOfPage":{"@id":"https:\/\/www.esplac.cat\/es\/troba-les-diferencies-de-campaments-a-austria\/#primaryimage"},"image":{"@id":"https:\/\/www.esplac.cat\/es\/troba-les-diferencies-de-campaments-a-austria\/#primaryimage"},"thumbnailUrl":"","datePublished":"2018-08-29T08:04:51+00:00","dateModified":"2019-11-28T12:31:24+00:00","breadcrumb":{"@id":"https:\/\/www.esplac.cat\/es\/troba-les-diferencies-de-campaments-a-austria\/#breadcrumb"},"inLanguage":"es","potentialAction":[{"@type":"ReadAction","target":["https:\/\/www.esplac.cat\/es\/troba-les-diferencies-de-campaments-a-austria\/"]}]},{"@type":"ImageObject","inLanguage":"es","@id":"https:\/\/www.esplac.cat\/es\/troba-les-diferencies-de-campaments-a-austria\/#primaryimage","url":"","contentUrl":""},{"@type":"BreadcrumbList","@id":"https:\/\/www.esplac.cat\/es\/troba-les-diferencies-de-campaments-a-austria\/#breadcrumb","itemListElement":[{"@type":"ListItem","position":1,"name":"Inici","item":"https:\/\/www.esplac.cat\/es\/"},{"@type":"ListItem","position":2,"name":"Troba les difer\u00e8ncies: de campaments a \u00c0ustria"}]},{"@type":"WebSite","@id":"https:\/\/www.esplac.cat\/#website","url":"https:\/\/www.esplac.cat\/","name":"Esplac","description":"Esplais Catalans","publisher":{"@id":"https:\/\/www.esplac.cat\/#organization"},"potentialAction":[{"@type":"SearchAction","target":{"@type":"EntryPoint","urlTemplate":"https:\/\/www.esplac.cat\/?s={search_term_string}"},"query-input":{"@type":"PropertyValueSpecification","valueRequired":true,"valueName":"search_term_string"}}],"inLanguage":"es"},{"@type":"Organization","@id":"https:\/\/www.esplac.cat\/#organization","name":"Esplac","url":"https:\/\/www.esplac.cat\/","logo":{"@type":"ImageObject","inLanguage":"es","@id":"https:\/\/www.esplac.cat\/#\/schema\/logo\/image\/","url":"https:\/\/www.esplac.cat\/wp-content\/uploads\/2019\/08\/logox2.png","contentUrl":"https:\/\/www.esplac.cat\/wp-content\/uploads\/2019\/08\/logox2.png","width":600,"height":295,"caption":"Esplac"},"image":{"@id":"https:\/\/www.esplac.cat\/#\/schema\/logo\/image\/"}},{"@type":"Person","@id":"https:\/\/www.esplac.cat\/#\/schema\/person\/908383cf240be18b68f8855d0583faca","name":"Comunicaci\u00f3 Esplac","image":{"@type":"ImageObject","inLanguage":"es","@id":"https:\/\/secure.gravatar.com\/avatar\/7a4cf8feb412a76ea4a740ca02d95b06b2907b5a6c648c2dd0a1082a093c3141?s=96&d=mm&r=g","url":"https:\/\/secure.gravatar.com\/avatar\/7a4cf8feb412a76ea4a740ca02d95b06b2907b5a6c648c2dd0a1082a093c3141?s=96&d=mm&r=g","contentUrl":"https:\/\/secure.gravatar.com\/avatar\/7a4cf8feb412a76ea4a740ca02d95b06b2907b5a6c648c2dd0a1082a093c3141?s=96&d=mm&r=g","caption":"Comunicaci\u00f3 Esplac"}}]}},"_links":{"self":[{"href":"https:\/\/www.esplac.cat\/es\/wp-json\/wp\/v2\/posts\/4901","targetHints":{"allow":["GET"]}}],"collection":[{"href":"https:\/\/www.esplac.cat\/es\/wp-json\/wp\/v2\/posts"}],"about":[{"href":"https:\/\/www.esplac.cat\/es\/wp-json\/wp\/v2\/types\/post"}],"author":[{"embeddable":true,"href":"https:\/\/www.esplac.cat\/es\/wp-json\/wp\/v2\/users\/3"}],"replies":[{"embeddable":true,"href":"https:\/\/www.esplac.cat\/es\/wp-json\/wp\/v2\/comments?post=4901"}],"version-history":[{"count":0,"href":"https:\/\/www.esplac.cat\/es\/wp-json\/wp\/v2\/posts\/4901\/revisions"}],"wp:featuredmedia":[{"embeddable":true,"href":"https:\/\/www.esplac.cat\/es\/wp-json\/"}],"wp:attachment":[{"href":"https:\/\/www.esplac.cat\/es\/wp-json\/wp\/v2\/media?parent=4901"}],"wp:term":[{"taxonomy":"category","embeddable":true,"href":"https:\/\/www.esplac.cat\/es\/wp-json\/wp\/v2\/categories?post=4901"},{"taxonomy":"post_tag","embeddable":true,"href":"https:\/\/www.esplac.cat\/es\/wp-json\/wp\/v2\/tags?post=4901"}],"curies":[{"name":"wp","href":"https:\/\/api.w.org\/{rel}","templated":true}]}}