{"id":49148,"date":"2024-03-01T13:28:06","date_gmt":"2024-03-01T11:28:06","guid":{"rendered":"https:\/\/www.esplac.cat\/?p=49148"},"modified":"2024-03-01T13:43:16","modified_gmt":"2024-03-01T11:43:16","slug":"qui-formara-part-de-lescola-desplac-2024","status":"publish","type":"post","link":"https:\/\/www.esplac.cat\/es\/qui-formara-part-de-lescola-desplac-2024\/","title":{"rendered":"Qui formar\u00e0 part de l\u2019Escola d\u2019Esplac 2024?"},"content":{"rendered":"<div class=\"fusion-fullwidth fullwidth-box fusion-builder-row-1 fusion-flex-container nonhundred-percent-fullwidth non-hundred-percent-height-scrolling\" style=\"--awb-border-radius-top-left:0px;--awb-border-radius-top-right:0px;--awb-border-radius-bottom-right:0px;--awb-border-radius-bottom-left:0px;--awb-flex-wrap:wrap;\" ><div class=\"fusion-builder-row fusion-row fusion-flex-align-items-flex-start fusion-flex-content-wrap\" style=\"max-width:1248px;margin-left: calc(-4% \/ 2 );margin-right: calc(-4% \/ 2 );\"><div class=\"fusion-layout-column fusion_builder_column fusion-builder-column-0 fusion_builder_column_1_1 1_1 fusion-flex-column\" style=\"--awb-bg-size:cover;--awb-width-large:100%;--awb-margin-top-large:0px;--awb-spacing-right-large:1.92%;--awb-margin-bottom-large:0px;--awb-spacing-left-large:1.92%;--awb-width-medium:100%;--awb-spacing-right-medium:1.92%;--awb-spacing-left-medium:1.92%;--awb-width-small:100%;--awb-spacing-right-small:1.92%;--awb-spacing-left-small:1.92%;\"><div class=\"fusion-column-wrapper fusion-flex-justify-content-flex-start fusion-content-layout-column\"><div class=\"fusion-text fusion-text-1\"><h6><strong>L&#8217;edici\u00f3 d&#8217;enguany de l\u2019Escola d\u2019Esplac comptar\u00e0 amb les col\u00b7laboracions de les editorials Tigre de Paper, Descontrol i Pol\u00b7len Edicions i entitats com l\u2019Escola Popular de Manresa, la PAHC Bages i Versembrant\u00a0<\/strong><\/h6>\n<p><span style=\"font-weight: 300;\">El cap de setmana del 13 i 14 d\u2019abril ens trobarem a Manresa per parlar d\u2019anticapitalisme i esplai. Tindrem espais per reflexionar sobre com el sistema capitalista \u00e9s present a cada rac\u00f3 de les nostres vides i quin paper tenim els esplais davant d\u2019aquesta realitat. <\/span><\/p>\n<p><span style=\"font-weight: 300;\">Ho farem amb la col\u00b7laboraci\u00f3 amb diversos col\u00b7lectius que us presentem a continuaci\u00f3:<\/span><\/p>\n<h3>Escola Popular de Manresa<\/h3>\n<p><strong><span style=\"color: #f69d0b;\"><a style=\"color: #f69d0b;\" href=\"https:\/\/estructurespopulars.org\/escola-popular\/\" target=\"_blank\" rel=\"noopener\">L\u2019Escola Popular de Manresa<\/a> <\/span><\/strong>es far\u00e0 c\u00e0rrec de la pon\u00e8ncia<strong> Eduquem en l\u2019anticapitalisme: Pedagogia cr\u00edtica, popular i emancipadora<\/strong>. S\u00f3n un espai d\u2019educaci\u00f3 popular autogestionat. Construeixen dia a dia una tasca comunit\u00e0ria a trav\u00e9s d\u2019un model educatiu transformador i participatiu basat en l\u2019horitzontalitat tant en les relacions com en la presa de decisions. Enfoquen l\u2019acompanyament als infants i joves des d\u2019una mirada cr\u00edtica i emancipadora on a partir de din\u00e0miques i del joc aprenen col\u00b7lectivament i generen vincles cap a la construcci\u00f3 d\u2019un m\u00f3n nou.<\/p>\n<p><a href=\"https:\/\/estructurespopulars.org\/escola-popular\/\" target=\"_blank\" rel=\"noopener\"><img decoding=\"async\" class=\"aligncenter wp-image-49160 size-thumbnail\" src=\"https:\/\/www.esplac.cat\/wp-content\/uploads\/2024\/03\/logo_escola_amb_fons-150x150.jpeg\" alt=\"\" width=\"150\" height=\"150\" srcset=\"https:\/\/www.esplac.cat\/wp-content\/uploads\/2024\/03\/logo_escola_amb_fons-66x66.jpeg 66w, https:\/\/www.esplac.cat\/wp-content\/uploads\/2024\/03\/logo_escola_amb_fons-150x150.jpeg 150w, https:\/\/www.esplac.cat\/wp-content\/uploads\/2024\/03\/logo_escola_amb_fons-200x200.jpeg 200w, https:\/\/www.esplac.cat\/wp-content\/uploads\/2024\/03\/logo_escola_amb_fons-300x300.jpeg 300w, https:\/\/www.esplac.cat\/wp-content\/uploads\/2024\/03\/logo_escola_amb_fons-400x400.jpeg 400w, https:\/\/www.esplac.cat\/wp-content\/uploads\/2024\/03\/logo_escola_amb_fons-600x600.jpeg 600w, https:\/\/www.esplac.cat\/wp-content\/uploads\/2024\/03\/logo_escola_amb_fons-768x768.jpeg 768w, https:\/\/www.esplac.cat\/wp-content\/uploads\/2024\/03\/logo_escola_amb_fons-800x800.jpeg 800w, https:\/\/www.esplac.cat\/wp-content\/uploads\/2024\/03\/logo_escola_amb_fons-1024x1024.jpeg 1024w, https:\/\/www.esplac.cat\/wp-content\/uploads\/2024\/03\/logo_escola_amb_fons-1200x1200.jpeg 1200w, https:\/\/www.esplac.cat\/wp-content\/uploads\/2024\/03\/logo_escola_amb_fons.jpeg 1500w\" sizes=\"(max-width: 150px) 100vw, 150px\" \/><\/a><\/p>\n<h3>PAHC Bages<\/h3>\n<p>El taller <strong>Espais dignes: Parlem d\u2019habitatge i de locals<\/strong> ser\u00e0 a c\u00e0rrec de <strong><span style=\"color: #f69d0b;\"><a style=\"color: #f69d0b;\" href=\"https:\/\/estructurespopulars.org\/pahc-bages\/\" target=\"_blank\" rel=\"noopener\">La PAHC Bage<\/a>s<\/span><\/strong>. La Plataforma d\u2019Afectades per la Hipoteca i el Capitalisme del Bages es va formar l\u2019any 2012 a causa de la greu situaci\u00f3 en mat\u00e8ria d\u2019habitatge a la seva comarca. \u201c<i>Ens organitzem perqu\u00e8 el capitalisme mercantilitza els nostres drets, per defensar els nostres habitatges i per tenir una vida digna.\u201d <\/i>Treballen des de l\u2019empoderament i l\u2019assessorament\u00a0 col\u00b7lectiu per qualsevol casu\u00edstica d\u2019habitatge.<\/p>\n<p><a href=\"https:\/\/estructurespopulars.org\/pahc-bages\/\" target=\"_blank\" rel=\"noopener\"><img decoding=\"async\" class=\"aligncenter wp-image-49163 size-thumbnail\" src=\"https:\/\/www.esplac.cat\/wp-content\/uploads\/2024\/03\/PAHC-BAGES-150x150.jpeg\" alt=\"\" width=\"150\" height=\"150\" srcset=\"https:\/\/www.esplac.cat\/wp-content\/uploads\/2024\/03\/PAHC-BAGES-66x66.jpeg 66w, https:\/\/www.esplac.cat\/wp-content\/uploads\/2024\/03\/PAHC-BAGES-150x150.jpeg 150w, https:\/\/www.esplac.cat\/wp-content\/uploads\/2024\/03\/PAHC-BAGES-200x200.jpeg 200w, https:\/\/www.esplac.cat\/wp-content\/uploads\/2024\/03\/PAHC-BAGES-300x300.jpeg 300w, https:\/\/www.esplac.cat\/wp-content\/uploads\/2024\/03\/PAHC-BAGES-400x400.jpeg 400w, https:\/\/www.esplac.cat\/wp-content\/uploads\/2024\/03\/PAHC-BAGES-600x600.jpeg 600w, https:\/\/www.esplac.cat\/wp-content\/uploads\/2024\/03\/PAHC-BAGES-768x768.jpeg 768w, https:\/\/www.esplac.cat\/wp-content\/uploads\/2024\/03\/PAHC-BAGES-800x800.jpeg 800w, https:\/\/www.esplac.cat\/wp-content\/uploads\/2024\/03\/PAHC-BAGES-1024x1024.jpeg 1024w, https:\/\/www.esplac.cat\/wp-content\/uploads\/2024\/03\/PAHC-BAGES-1200x1200.jpeg 1200w, https:\/\/www.esplac.cat\/wp-content\/uploads\/2024\/03\/PAHC-BAGES.jpeg 1440w\" sizes=\"(max-width: 150px) 100vw, 150px\" \/><\/a><\/p>\n<h3>Versembrant<\/h3>\n<p>Finalment, <strong><span style=\"color: #f69d0b;\"><a style=\"color: #f69d0b;\" href=\"https:\/\/versembrant.cat\/\" target=\"_blank\" rel=\"noopener\">Versembrant<\/a><\/span> <\/strong>t\u00e9 l&#8217;ec\u00e0rrec de realitzar el taller <b>L\u2019art al servei de la cr\u00edtica. <\/b>S\u00f3n una escola popular itinerant; un projecte que pret\u00e9n fomentar la consci\u00e8ncia cr\u00edtica del jovent mitjan\u00e7ant l\u2019art urb\u00e0 i el hip-hop. Aspiren a posar l\u2019est\u00e8tica al servei de la cr\u00edtica en un proc\u00e9s creatiu del qual els protagonistes s\u00f3n aquells qui creant i repensant el seu entorn s\u2019autotransformen en el proc\u00e9s.<\/p>\n<p><a href=\"https:\/\/versembrant.cat\/\" target=\"_blank\" rel=\"noopener\"><img decoding=\"async\" class=\"aligncenter wp-image-49154 size-medium\" src=\"https:\/\/www.esplac.cat\/wp-content\/uploads\/2024\/03\/LOGO_COMPLET__Versembrant_Color_RGB__1_-300x150.png\" alt=\"\" width=\"300\" height=\"150\" srcset=\"https:\/\/www.esplac.cat\/wp-content\/uploads\/2024\/03\/LOGO_COMPLET__Versembrant_Color_RGB__1_-200x100.png 200w, https:\/\/www.esplac.cat\/wp-content\/uploads\/2024\/03\/LOGO_COMPLET__Versembrant_Color_RGB__1_-300x150.png 300w, https:\/\/www.esplac.cat\/wp-content\/uploads\/2024\/03\/LOGO_COMPLET__Versembrant_Color_RGB__1_-400x200.png 400w, https:\/\/www.esplac.cat\/wp-content\/uploads\/2024\/03\/LOGO_COMPLET__Versembrant_Color_RGB__1_-540x272.png 540w, https:\/\/www.esplac.cat\/wp-content\/uploads\/2024\/03\/LOGO_COMPLET__Versembrant_Color_RGB__1_-600x300.png 600w, https:\/\/www.esplac.cat\/wp-content\/uploads\/2024\/03\/LOGO_COMPLET__Versembrant_Color_RGB__1_-768x384.png 768w, https:\/\/www.esplac.cat\/wp-content\/uploads\/2024\/03\/LOGO_COMPLET__Versembrant_Color_RGB__1_-800x400.png 800w, https:\/\/www.esplac.cat\/wp-content\/uploads\/2024\/03\/LOGO_COMPLET__Versembrant_Color_RGB__1_-1024x512.png 1024w, https:\/\/www.esplac.cat\/wp-content\/uploads\/2024\/03\/LOGO_COMPLET__Versembrant_Color_RGB__1_-1200x600.png 1200w, https:\/\/www.esplac.cat\/wp-content\/uploads\/2024\/03\/LOGO_COMPLET__Versembrant_Color_RGB__1_-1536x768.png 1536w\" sizes=\"(max-width: 300px) 100vw, 300px\" \/><\/a><\/p>\n<p><span style=\"font-weight: 300;\">A banda, en aquesta Escola d&#8217;Esplac podrem comptar amb la pres\u00e8ncia de<strong> tres editorials<\/strong> que ens presentaran alguns dels seus llibres que tracten l\u2019anticapitalisme. Els llibres estaran a la disposici\u00f3 de totes i tots els participants, creant <strong>un espai obert de comentari i descoberta de nous t\u00edtols<\/strong>.\u00a0<\/span><\/p>\n<h3>Tigre de Paper<\/h3>\n<p>L&#8217;editorial <strong><span style=\"color: #f69d0b;\"><a style=\"color: #f69d0b;\" href=\"https:\/\/www.tigredepaper.cat\/ca\" target=\"_blank\" rel=\"noopener\">Tigre de paper,<\/a> <\/span><\/strong>nascuda l\u2019any 2011 compta amb m\u00e9s de 100 obres editades, les quals contribueixen a <strong>desenvolupar el pensament cr\u00edtic<\/strong>, teixir <strong>identitat col\u00b7lectiva<\/strong> i enriquir l\u2019\u00e0mbit literari en <strong>llengua catalana<\/strong>. Enfronten la cultura del consum i del mercat per construir cultura popular i creixen amb la ferma voluntat que els seus llibres puguin ser una porta d\u2019entrada al pensament i la consci\u00e8ncia cr\u00edtica per a tots els lectors de ment desperta. D\u2019aquesta manera pretenen fer del paper un tigre de cultura popular.<\/p>\n<p><a href=\"https:\/\/www.tigredepaper.cat\/ca\" target=\"_blank\" rel=\"noopener\"><img decoding=\"async\" class=\"aligncenter wp-image-49157 size-medium\" src=\"https:\/\/www.esplac.cat\/wp-content\/uploads\/2024\/03\/TdP-RGB-Logotip-fons-blanc-1-e1709292962273-300x136.png\" alt=\"\" width=\"300\" height=\"136\" srcset=\"https:\/\/www.esplac.cat\/wp-content\/uploads\/2024\/03\/TdP-RGB-Logotip-fons-blanc-1-e1709292962273-200x91.png 200w, https:\/\/www.esplac.cat\/wp-content\/uploads\/2024\/03\/TdP-RGB-Logotip-fons-blanc-1-e1709292962273-300x136.png 300w, https:\/\/www.esplac.cat\/wp-content\/uploads\/2024\/03\/TdP-RGB-Logotip-fons-blanc-1-e1709292962273-400x181.png 400w, https:\/\/www.esplac.cat\/wp-content\/uploads\/2024\/03\/TdP-RGB-Logotip-fons-blanc-1-e1709292962273-600x272.png 600w, https:\/\/www.esplac.cat\/wp-content\/uploads\/2024\/03\/TdP-RGB-Logotip-fons-blanc-1-e1709292962273-768x348.png 768w, https:\/\/www.esplac.cat\/wp-content\/uploads\/2024\/03\/TdP-RGB-Logotip-fons-blanc-1-e1709292962273-800x363.png 800w, https:\/\/www.esplac.cat\/wp-content\/uploads\/2024\/03\/TdP-RGB-Logotip-fons-blanc-1-e1709292962273-1024x464.png 1024w, https:\/\/www.esplac.cat\/wp-content\/uploads\/2024\/03\/TdP-RGB-Logotip-fons-blanc-1-e1709292962273-1200x544.png 1200w, https:\/\/www.esplac.cat\/wp-content\/uploads\/2024\/03\/TdP-RGB-Logotip-fons-blanc-1-e1709292962273-1536x696.png 1536w, https:\/\/www.esplac.cat\/wp-content\/uploads\/2024\/03\/TdP-RGB-Logotip-fons-blanc-1-e1709292962273.png 1772w\" sizes=\"(max-width: 300px) 100vw, 300px\" \/><\/a><\/p>\n<h3>Descontrol<\/h3>\n<p><span style=\"color: #f69d0b;\"><strong><a style=\"color: #f69d0b;\" href=\"https:\/\/descontrol.cat\/\" target=\"_blank\" rel=\"noopener\">Descontrol<\/a> <\/strong><span style=\"color: #000000;\">s\u00f3n<\/span><\/span> una editorial alhora que una impremta. Els seus llibres representen els esfor\u00e7os d\u2019edici\u00f3 i publicaci\u00f3 de tot all\u00f2 que intueixen que contribuir\u00e0 a les barricades de la mem\u00f2ria hist\u00f2ria, la <strong>transformaci\u00f3 i la revoluci\u00f3 social<\/strong>. Publiquen la veu d\u2019autores afins, alhora que cerquen nous i vells referents. Amb la voluntat que la cultura estigui a l\u2019abast de tothom, que faci obrir els ulls a la gent sobre com \u00e9s el m\u00f3n on vivim, aporten tant des de l\u2019edici\u00f3 com des del m\u00f3n de la impressi\u00f3.<\/p>\n<p><a href=\"https:\/\/descontrol.cat\/\" target=\"_blank\" rel=\"noopener\"><img decoding=\"async\" class=\"wp-image-49166 size-medium aligncenter\" src=\"https:\/\/www.esplac.cat\/wp-content\/uploads\/2024\/03\/image-300x73.png\" alt=\"\" width=\"300\" height=\"73\" srcset=\"https:\/\/www.esplac.cat\/wp-content\/uploads\/2024\/03\/image-200x49.png 200w, https:\/\/www.esplac.cat\/wp-content\/uploads\/2024\/03\/image-300x73.png 300w, https:\/\/www.esplac.cat\/wp-content\/uploads\/2024\/03\/image-400x98.png 400w, https:\/\/www.esplac.cat\/wp-content\/uploads\/2024\/03\/image-600x146.png 600w, https:\/\/www.esplac.cat\/wp-content\/uploads\/2024\/03\/image-768x187.png 768w, https:\/\/www.esplac.cat\/wp-content\/uploads\/2024\/03\/image-800x195.png 800w, https:\/\/www.esplac.cat\/wp-content\/uploads\/2024\/03\/image-1024x250.png 1024w, https:\/\/www.esplac.cat\/wp-content\/uploads\/2024\/03\/image-1200x293.png 1200w, https:\/\/www.esplac.cat\/wp-content\/uploads\/2024\/03\/image-1536x375.png 1536w, https:\/\/www.esplac.cat\/wp-content\/uploads\/2024\/03\/image.png 1751w\" sizes=\"(max-width: 300px) 100vw, 300px\" \/><\/a><\/p>\n<h3>Pol\u00b7len Edicions<\/h3>\n<p>I la \u00faltima de les col\u00b7laboracions \u00e9s de la m\u00e0 de <a href=\"https:\/\/pol-len.cat\/\" target=\"_blank\" rel=\"noopener\"><strong><span style=\"color: #f69d0b;\">Pol\u00b7len edicions<\/span><\/strong>.<\/a>, amb qui Esplac va editar el conte <em><strong>I tu, qu\u00e8 fas dissabte? L&#8217;aventura d&#8217;anar a l&#8217;esplai<\/strong><\/em>.\u00a0 S\u00f3n una editorial independent i cooperativa especialitzada en l\u2019ecoedici\u00f3 de llibres de pensament cr\u00edtic per a l\u2019acci\u00f3 transformadora. \u201c<i>Amb els nostres llibres volem contribuir a la pol\u00b7linitzaci\u00f3 social, \u00e9s a dir, a la difusi\u00f3 d\u2019idees cr\u00edtiques, a la generaci\u00f3 de debat, a l\u2019extensi\u00f3 del coneixement, i a la transformaci\u00f3 de la societat.\u201d<\/i> Van n\u00e9ixer l\u2019any 2011 i el 2014 es van constituir com a cooperativa editorial. Comparteixen llibres que valen la pena ser llegits, que ens facin repensar les nostres realitats i entorns i que desitgen que puguin generar petits o grans canvis.<\/p>\n<p><a href=\"https:\/\/pol-len.cat\/\" target=\"_blank\" rel=\"noopener\"><img decoding=\"async\" class=\"aligncenter wp-image-49169 size-medium\" src=\"https:\/\/www.esplac.cat\/wp-content\/uploads\/2024\/03\/m-300x109.png\" alt=\"\" width=\"300\" height=\"109\" srcset=\"https:\/\/www.esplac.cat\/wp-content\/uploads\/2024\/03\/m-200x73.png 200w, https:\/\/www.esplac.cat\/wp-content\/uploads\/2024\/03\/m-300x109.png 300w, https:\/\/www.esplac.cat\/wp-content\/uploads\/2024\/03\/m.png 330w\" sizes=\"(max-width: 300px) 100vw, 300px\" \/><\/a><\/p>\n<p><span style=\"font-weight: 300;\">Ara que ja saps qui participar\u00e0 a l&#8217;Escola d\u2019Esplac encara tens m\u00e9s ganes de participar-hi, oi? No t&#8217;ho pensis, <strong>nom\u00e9s queden 5 dies d&#8217;inscripcions!<\/strong><\/span><\/p>\n<p><span style=\"font-weight: 300;\">Si ets moni ho pots fer a trav\u00e9s de <\/span><strong><i>l\u2019Era &gt; Personal &gt; Activitats <\/i><\/strong><span style=\"font-weight: 300;\">i si ets s\u00f2cia o externa, responent <\/span><strong><a href=\"https:\/\/infoesplac.typeform.com\/to\/ClvP0vZB\" target=\"_blank\" rel=\"noopener\">aquest formulari.<\/a><\/strong><\/p>\n<\/div><\/div><\/div><\/div><\/div>\n","protected":false},"excerpt":{"rendered":"","protected":false},"author":3,"featured_media":49150,"comment_status":"closed","ping_status":"closed","sticky":false,"template":"","format":"standard","meta":{"om_disable_all_campaigns":false,"_monsterinsights_skip_tracking":false,"_monsterinsights_sitenote_active":false,"_monsterinsights_sitenote_note":"","_monsterinsights_sitenote_category":0,"_uf_show_specific_survey":0,"_uf_disable_surveys":false,"footnotes":""},"categories":[1129],"tags":[],"class_list":["post-49148","post","type-post","status-publish","format-standard","has-post-thumbnail","hentry","category-escola-desplac"],"yoast_head":"<!-- This site is optimized with the Yoast SEO plugin v27.4 - https:\/\/yoast.com\/product\/yoast-seo-wordpress\/ -->\n<title>Qui formar\u00e0 part de l\u2019Escola d\u2019Esplac 2024? - Esplac<\/title>\n<meta name=\"robots\" content=\"index, follow, max-snippet:-1, max-image-preview:large, max-video-preview:-1\" \/>\n<link rel=\"canonical\" href=\"https:\/\/www.esplac.cat\/en\/qui-formara-part-de-lescola-desplac-2024\/\" \/>\n<meta property=\"og:locale\" content=\"es_ES\" \/>\n<meta property=\"og:type\" content=\"article\" \/>\n<meta property=\"og:title\" content=\"Qui formar\u00e0 part de l\u2019Escola d\u2019Esplac 2024? - Esplac\" \/>\n<meta property=\"og:url\" content=\"https:\/\/www.esplac.cat\/en\/qui-formara-part-de-lescola-desplac-2024\/\" \/>\n<meta property=\"og:site_name\" content=\"Esplac\" \/>\n<meta property=\"article:published_time\" content=\"2024-03-01T11:28:06+00:00\" \/>\n<meta property=\"article:modified_time\" content=\"2024-03-01T11:43:16+00:00\" \/>\n<meta property=\"og:image\" content=\"https:\/\/www.esplac.cat\/wp-content\/uploads\/2024\/03\/EE.Collabs.jpg\" \/>\n\t<meta property=\"og:image:width\" content=\"1697\" \/>\n\t<meta property=\"og:image:height\" content=\"700\" \/>\n\t<meta property=\"og:image:type\" content=\"image\/jpeg\" \/>\n<meta name=\"author\" content=\"Comunicaci\u00f3 Esplac\" \/>\n<meta name=\"twitter:card\" content=\"summary_large_image\" \/>\n<meta name=\"twitter:label1\" content=\"Escrito por\" \/>\n\t<meta name=\"twitter:data1\" content=\"Comunicaci\u00f3 Esplac\" \/>\n\t<meta name=\"twitter:label2\" content=\"Tiempo de lectura\" \/>\n\t<meta name=\"twitter:data2\" content=\"5 minutos\" \/>\n<script type=\"application\/ld+json\" class=\"yoast-schema-graph\">{\"@context\":\"https:\\\/\\\/schema.org\",\"@graph\":[{\"@type\":\"Article\",\"@id\":\"https:\\\/\\\/www.esplac.cat\\\/en\\\/qui-formara-part-de-lescola-desplac-2024\\\/#article\",\"isPartOf\":{\"@id\":\"https:\\\/\\\/www.esplac.cat\\\/en\\\/qui-formara-part-de-lescola-desplac-2024\\\/\"},\"author\":{\"name\":\"Comunicaci\u00f3 Esplac\",\"@id\":\"https:\\\/\\\/www.esplac.cat\\\/#\\\/schema\\\/person\\\/908383cf240be18b68f8855d0583faca\"},\"headline\":\"Qui formar\u00e0 part de l\u2019Escola d\u2019Esplac 2024?\",\"datePublished\":\"2024-03-01T11:28:06+00:00\",\"dateModified\":\"2024-03-01T11:43:16+00:00\",\"mainEntityOfPage\":{\"@id\":\"https:\\\/\\\/www.esplac.cat\\\/en\\\/qui-formara-part-de-lescola-desplac-2024\\\/\"},\"wordCount\":1070,\"publisher\":{\"@id\":\"https:\\\/\\\/www.esplac.cat\\\/#organization\"},\"image\":{\"@id\":\"https:\\\/\\\/www.esplac.cat\\\/en\\\/qui-formara-part-de-lescola-desplac-2024\\\/#primaryimage\"},\"thumbnailUrl\":\"https:\\\/\\\/www.esplac.cat\\\/wp-content\\\/uploads\\\/2024\\\/03\\\/EE.Collabs.jpg\",\"articleSection\":[\"Escola d'Esplac\"],\"inLanguage\":\"es\"},{\"@type\":\"WebPage\",\"@id\":\"https:\\\/\\\/www.esplac.cat\\\/en\\\/qui-formara-part-de-lescola-desplac-2024\\\/\",\"url\":\"https:\\\/\\\/www.esplac.cat\\\/en\\\/qui-formara-part-de-lescola-desplac-2024\\\/\",\"name\":\"Qui formar\u00e0 part de l\u2019Escola d\u2019Esplac 2024? - Esplac\",\"isPartOf\":{\"@id\":\"https:\\\/\\\/www.esplac.cat\\\/#website\"},\"primaryImageOfPage\":{\"@id\":\"https:\\\/\\\/www.esplac.cat\\\/en\\\/qui-formara-part-de-lescola-desplac-2024\\\/#primaryimage\"},\"image\":{\"@id\":\"https:\\\/\\\/www.esplac.cat\\\/en\\\/qui-formara-part-de-lescola-desplac-2024\\\/#primaryimage\"},\"thumbnailUrl\":\"https:\\\/\\\/www.esplac.cat\\\/wp-content\\\/uploads\\\/2024\\\/03\\\/EE.Collabs.jpg\",\"datePublished\":\"2024-03-01T11:28:06+00:00\",\"dateModified\":\"2024-03-01T11:43:16+00:00\",\"breadcrumb\":{\"@id\":\"https:\\\/\\\/www.esplac.cat\\\/en\\\/qui-formara-part-de-lescola-desplac-2024\\\/#breadcrumb\"},\"inLanguage\":\"es\",\"potentialAction\":[{\"@type\":\"ReadAction\",\"target\":[\"https:\\\/\\\/www.esplac.cat\\\/en\\\/qui-formara-part-de-lescola-desplac-2024\\\/\"]}]},{\"@type\":\"ImageObject\",\"inLanguage\":\"es\",\"@id\":\"https:\\\/\\\/www.esplac.cat\\\/en\\\/qui-formara-part-de-lescola-desplac-2024\\\/#primaryimage\",\"url\":\"https:\\\/\\\/www.esplac.cat\\\/wp-content\\\/uploads\\\/2024\\\/03\\\/EE.Collabs.jpg\",\"contentUrl\":\"https:\\\/\\\/www.esplac.cat\\\/wp-content\\\/uploads\\\/2024\\\/03\\\/EE.Collabs.jpg\",\"width\":1697,\"height\":700},{\"@type\":\"BreadcrumbList\",\"@id\":\"https:\\\/\\\/www.esplac.cat\\\/en\\\/qui-formara-part-de-lescola-desplac-2024\\\/#breadcrumb\",\"itemListElement\":[{\"@type\":\"ListItem\",\"position\":1,\"name\":\"Inici\",\"item\":\"https:\\\/\\\/www.esplac.cat\\\/es\\\/\"},{\"@type\":\"ListItem\",\"position\":2,\"name\":\"Qui formar\u00e0 part de l\u2019Escola d\u2019Esplac 2024?\"}]},{\"@type\":\"WebSite\",\"@id\":\"https:\\\/\\\/www.esplac.cat\\\/#website\",\"url\":\"https:\\\/\\\/www.esplac.cat\\\/\",\"name\":\"Esplac\",\"description\":\"Esplais Catalans\",\"publisher\":{\"@id\":\"https:\\\/\\\/www.esplac.cat\\\/#organization\"},\"potentialAction\":[{\"@type\":\"SearchAction\",\"target\":{\"@type\":\"EntryPoint\",\"urlTemplate\":\"https:\\\/\\\/www.esplac.cat\\\/?s={search_term_string}\"},\"query-input\":{\"@type\":\"PropertyValueSpecification\",\"valueRequired\":true,\"valueName\":\"search_term_string\"}}],\"inLanguage\":\"es\"},{\"@type\":\"Organization\",\"@id\":\"https:\\\/\\\/www.esplac.cat\\\/#organization\",\"name\":\"Esplac\",\"url\":\"https:\\\/\\\/www.esplac.cat\\\/\",\"logo\":{\"@type\":\"ImageObject\",\"inLanguage\":\"es\",\"@id\":\"https:\\\/\\\/www.esplac.cat\\\/#\\\/schema\\\/logo\\\/image\\\/\",\"url\":\"https:\\\/\\\/www.esplac.cat\\\/wp-content\\\/uploads\\\/2019\\\/08\\\/logox2.png\",\"contentUrl\":\"https:\\\/\\\/www.esplac.cat\\\/wp-content\\\/uploads\\\/2019\\\/08\\\/logox2.png\",\"width\":600,\"height\":295,\"caption\":\"Esplac\"},\"image\":{\"@id\":\"https:\\\/\\\/www.esplac.cat\\\/#\\\/schema\\\/logo\\\/image\\\/\"}},{\"@type\":\"Person\",\"@id\":\"https:\\\/\\\/www.esplac.cat\\\/#\\\/schema\\\/person\\\/908383cf240be18b68f8855d0583faca\",\"name\":\"Comunicaci\u00f3 Esplac\",\"image\":{\"@type\":\"ImageObject\",\"inLanguage\":\"es\",\"@id\":\"https:\\\/\\\/secure.gravatar.com\\\/avatar\\\/7a4cf8feb412a76ea4a740ca02d95b06b2907b5a6c648c2dd0a1082a093c3141?s=96&d=mm&r=g\",\"url\":\"https:\\\/\\\/secure.gravatar.com\\\/avatar\\\/7a4cf8feb412a76ea4a740ca02d95b06b2907b5a6c648c2dd0a1082a093c3141?s=96&d=mm&r=g\",\"contentUrl\":\"https:\\\/\\\/secure.gravatar.com\\\/avatar\\\/7a4cf8feb412a76ea4a740ca02d95b06b2907b5a6c648c2dd0a1082a093c3141?s=96&d=mm&r=g\",\"caption\":\"Comunicaci\u00f3 Esplac\"}}]}<\/script>\n<!-- \/ Yoast SEO plugin. -->","yoast_head_json":{"title":"Qui formar\u00e0 part de l\u2019Escola d\u2019Esplac 2024? - Esplac","robots":{"index":"index","follow":"follow","max-snippet":"max-snippet:-1","max-image-preview":"max-image-preview:large","max-video-preview":"max-video-preview:-1"},"canonical":"https:\/\/www.esplac.cat\/en\/qui-formara-part-de-lescola-desplac-2024\/","og_locale":"es_ES","og_type":"article","og_title":"Qui formar\u00e0 part de l\u2019Escola d\u2019Esplac 2024? - Esplac","og_url":"https:\/\/www.esplac.cat\/en\/qui-formara-part-de-lescola-desplac-2024\/","og_site_name":"Esplac","article_published_time":"2024-03-01T11:28:06+00:00","article_modified_time":"2024-03-01T11:43:16+00:00","og_image":[{"width":1697,"height":700,"url":"https:\/\/www.esplac.cat\/wp-content\/uploads\/2024\/03\/EE.Collabs.jpg","type":"image\/jpeg"}],"author":"Comunicaci\u00f3 Esplac","twitter_card":"summary_large_image","twitter_misc":{"Escrito por":"Comunicaci\u00f3 Esplac","Tiempo de lectura":"5 minutos"},"schema":{"@context":"https:\/\/schema.org","@graph":[{"@type":"Article","@id":"https:\/\/www.esplac.cat\/en\/qui-formara-part-de-lescola-desplac-2024\/#article","isPartOf":{"@id":"https:\/\/www.esplac.cat\/en\/qui-formara-part-de-lescola-desplac-2024\/"},"author":{"name":"Comunicaci\u00f3 Esplac","@id":"https:\/\/www.esplac.cat\/#\/schema\/person\/908383cf240be18b68f8855d0583faca"},"headline":"Qui formar\u00e0 part de l\u2019Escola d\u2019Esplac 2024?","datePublished":"2024-03-01T11:28:06+00:00","dateModified":"2024-03-01T11:43:16+00:00","mainEntityOfPage":{"@id":"https:\/\/www.esplac.cat\/en\/qui-formara-part-de-lescola-desplac-2024\/"},"wordCount":1070,"publisher":{"@id":"https:\/\/www.esplac.cat\/#organization"},"image":{"@id":"https:\/\/www.esplac.cat\/en\/qui-formara-part-de-lescola-desplac-2024\/#primaryimage"},"thumbnailUrl":"https:\/\/www.esplac.cat\/wp-content\/uploads\/2024\/03\/EE.Collabs.jpg","articleSection":["Escola d'Esplac"],"inLanguage":"es"},{"@type":"WebPage","@id":"https:\/\/www.esplac.cat\/en\/qui-formara-part-de-lescola-desplac-2024\/","url":"https:\/\/www.esplac.cat\/en\/qui-formara-part-de-lescola-desplac-2024\/","name":"Qui formar\u00e0 part de l\u2019Escola d\u2019Esplac 2024? - Esplac","isPartOf":{"@id":"https:\/\/www.esplac.cat\/#website"},"primaryImageOfPage":{"@id":"https:\/\/www.esplac.cat\/en\/qui-formara-part-de-lescola-desplac-2024\/#primaryimage"},"image":{"@id":"https:\/\/www.esplac.cat\/en\/qui-formara-part-de-lescola-desplac-2024\/#primaryimage"},"thumbnailUrl":"https:\/\/www.esplac.cat\/wp-content\/uploads\/2024\/03\/EE.Collabs.jpg","datePublished":"2024-03-01T11:28:06+00:00","dateModified":"2024-03-01T11:43:16+00:00","breadcrumb":{"@id":"https:\/\/www.esplac.cat\/en\/qui-formara-part-de-lescola-desplac-2024\/#breadcrumb"},"inLanguage":"es","potentialAction":[{"@type":"ReadAction","target":["https:\/\/www.esplac.cat\/en\/qui-formara-part-de-lescola-desplac-2024\/"]}]},{"@type":"ImageObject","inLanguage":"es","@id":"https:\/\/www.esplac.cat\/en\/qui-formara-part-de-lescola-desplac-2024\/#primaryimage","url":"https:\/\/www.esplac.cat\/wp-content\/uploads\/2024\/03\/EE.Collabs.jpg","contentUrl":"https:\/\/www.esplac.cat\/wp-content\/uploads\/2024\/03\/EE.Collabs.jpg","width":1697,"height":700},{"@type":"BreadcrumbList","@id":"https:\/\/www.esplac.cat\/en\/qui-formara-part-de-lescola-desplac-2024\/#breadcrumb","itemListElement":[{"@type":"ListItem","position":1,"name":"Inici","item":"https:\/\/www.esplac.cat\/es\/"},{"@type":"ListItem","position":2,"name":"Qui formar\u00e0 part de l\u2019Escola d\u2019Esplac 2024?"}]},{"@type":"WebSite","@id":"https:\/\/www.esplac.cat\/#website","url":"https:\/\/www.esplac.cat\/","name":"Esplac","description":"Esplais Catalans","publisher":{"@id":"https:\/\/www.esplac.cat\/#organization"},"potentialAction":[{"@type":"SearchAction","target":{"@type":"EntryPoint","urlTemplate":"https:\/\/www.esplac.cat\/?s={search_term_string}"},"query-input":{"@type":"PropertyValueSpecification","valueRequired":true,"valueName":"search_term_string"}}],"inLanguage":"es"},{"@type":"Organization","@id":"https:\/\/www.esplac.cat\/#organization","name":"Esplac","url":"https:\/\/www.esplac.cat\/","logo":{"@type":"ImageObject","inLanguage":"es","@id":"https:\/\/www.esplac.cat\/#\/schema\/logo\/image\/","url":"https:\/\/www.esplac.cat\/wp-content\/uploads\/2019\/08\/logox2.png","contentUrl":"https:\/\/www.esplac.cat\/wp-content\/uploads\/2019\/08\/logox2.png","width":600,"height":295,"caption":"Esplac"},"image":{"@id":"https:\/\/www.esplac.cat\/#\/schema\/logo\/image\/"}},{"@type":"Person","@id":"https:\/\/www.esplac.cat\/#\/schema\/person\/908383cf240be18b68f8855d0583faca","name":"Comunicaci\u00f3 Esplac","image":{"@type":"ImageObject","inLanguage":"es","@id":"https:\/\/secure.gravatar.com\/avatar\/7a4cf8feb412a76ea4a740ca02d95b06b2907b5a6c648c2dd0a1082a093c3141?s=96&d=mm&r=g","url":"https:\/\/secure.gravatar.com\/avatar\/7a4cf8feb412a76ea4a740ca02d95b06b2907b5a6c648c2dd0a1082a093c3141?s=96&d=mm&r=g","contentUrl":"https:\/\/secure.gravatar.com\/avatar\/7a4cf8feb412a76ea4a740ca02d95b06b2907b5a6c648c2dd0a1082a093c3141?s=96&d=mm&r=g","caption":"Comunicaci\u00f3 Esplac"}}]}},"_links":{"self":[{"href":"https:\/\/www.esplac.cat\/es\/wp-json\/wp\/v2\/posts\/49148","targetHints":{"allow":["GET"]}}],"collection":[{"href":"https:\/\/www.esplac.cat\/es\/wp-json\/wp\/v2\/posts"}],"about":[{"href":"https:\/\/www.esplac.cat\/es\/wp-json\/wp\/v2\/types\/post"}],"author":[{"embeddable":true,"href":"https:\/\/www.esplac.cat\/es\/wp-json\/wp\/v2\/users\/3"}],"replies":[{"embeddable":true,"href":"https:\/\/www.esplac.cat\/es\/wp-json\/wp\/v2\/comments?post=49148"}],"version-history":[{"count":5,"href":"https:\/\/www.esplac.cat\/es\/wp-json\/wp\/v2\/posts\/49148\/revisions"}],"predecessor-version":[{"id":49174,"href":"https:\/\/www.esplac.cat\/es\/wp-json\/wp\/v2\/posts\/49148\/revisions\/49174"}],"wp:featuredmedia":[{"embeddable":true,"href":"https:\/\/www.esplac.cat\/es\/wp-json\/wp\/v2\/media\/49150"}],"wp:attachment":[{"href":"https:\/\/www.esplac.cat\/es\/wp-json\/wp\/v2\/media?parent=49148"}],"wp:term":[{"taxonomy":"category","embeddable":true,"href":"https:\/\/www.esplac.cat\/es\/wp-json\/wp\/v2\/categories?post=49148"},{"taxonomy":"post_tag","embeddable":true,"href":"https:\/\/www.esplac.cat\/es\/wp-json\/wp\/v2\/tags?post=49148"}],"curies":[{"name":"wp","href":"https:\/\/api.w.org\/{rel}","templated":true}]}}