{"id":49229,"date":"2024-03-07T11:54:53","date_gmt":"2024-03-07T09:54:53","guid":{"rendered":"https:\/\/www.esplac.cat\/?p=49229"},"modified":"2024-03-07T11:54:53","modified_gmt":"2024-03-07T09:54:53","slug":"torna-la-trobada-de-grans-i-joves-intersectorial-dels-sectors-camp-de-tarragona-i-penedes-garraf-i-anoia","status":"publish","type":"post","link":"https:\/\/www.esplac.cat\/es\/torna-la-trobada-de-grans-i-joves-intersectorial-dels-sectors-camp-de-tarragona-i-penedes-garraf-i-anoia\/","title":{"rendered":"Torna la Trobada de Grans i Joves Intersectorial dels sectors Camp de Tarragona i Pened\u00e8s, Garraf i Anoia!"},"content":{"rendered":"<div class=\"fusion-fullwidth fullwidth-box fusion-builder-row-1 fusion-flex-container has-pattern-background has-mask-background nonhundred-percent-fullwidth non-hundred-percent-height-scrolling\" style=\"--awb-border-radius-top-left:0px;--awb-border-radius-top-right:0px;--awb-border-radius-bottom-right:0px;--awb-border-radius-bottom-left:0px;--awb-flex-wrap:wrap;\" ><div class=\"fusion-builder-row fusion-row fusion-flex-align-items-flex-start fusion-flex-content-wrap\" style=\"max-width:1248px;margin-left: calc(-4% \/ 2 );margin-right: calc(-4% \/ 2 );\"><div class=\"fusion-layout-column fusion_builder_column fusion-builder-column-0 fusion_builder_column_1_1 1_1 fusion-flex-column\" style=\"--awb-bg-size:cover;--awb-width-large:100%;--awb-margin-top-large:0px;--awb-spacing-right-large:1.92%;--awb-margin-bottom-large:20px;--awb-spacing-left-large:1.92%;--awb-width-medium:100%;--awb-order-medium:0;--awb-spacing-right-medium:1.92%;--awb-spacing-left-medium:1.92%;--awb-width-small:100%;--awb-order-small:0;--awb-spacing-right-small:1.92%;--awb-spacing-left-small:1.92%;\"><div class=\"fusion-column-wrapper fusion-column-has-shadow fusion-flex-justify-content-flex-start fusion-content-layout-column\"><div class=\"fusion-text fusion-text-1\"><h6><strong>Els sectors Camp de Tarragona i Pened\u00e8s Garraf i Anoia recuperen, despr\u00e9s de 4 cursos, la Trobada de Grans i Joves Intersectorial (TGJI) renovant-ne el format.<\/strong><\/h6>\n<p>El cap de setmana del 2 i 3 de mar\u00e7, una seixantena de grans i joves dels esplais dels sectors <a href=\"https:\/\/www.esplac.cat\/sectors-geografics\/camp-de-tarragona\/\" target=\"_blank\" rel=\"noopener\"><strong><span style=\"color: #f69d0b;\">Camp de Tarragona<\/span><\/strong><\/a> i <span style=\"color: #f69d0b;\"><a style=\"color: #f69d0b;\" href=\"https:\/\/www.esplac.cat\/sectors-geografics\/penedes-garraf-i-anoia\/\" target=\"_blank\" rel=\"noopener\"><strong>Pened\u00e8s, Garraf i Anoia<\/strong><\/a><\/span> es van aplegar al municipi d\u2019Ol\u00e8rdola per celebrar la <strong>Trobada Intersectorial<\/strong>. En aquesta trobada hi van participar <strong>4 esplais: <\/strong>el <span style=\"color: #f69d0b;\"><strong><a style=\"color: #f69d0b;\" href=\"https:\/\/www.instagram.com\/esplaiglobusroig\/\" target=\"_blank\" rel=\"noopener\">Globus Roig<\/a><\/strong><\/span>, el <a href=\"https:\/\/www.instagram.com\/esplaimiv\/\" target=\"_blank\" rel=\"noopener\"><strong><span style=\"color: #f69d0b;\">MIV<\/span><\/strong><\/a>, <a href=\"https:\/\/www.instagram.com\/esplailagrapadora\/\" target=\"_blank\" rel=\"noopener\"><strong><span style=\"color: #f69d0b;\">La Grapadora<\/span><\/strong><\/a> i <a href=\"https:\/\/www.instagram.com\/esplaiesclop\/\" target=\"_blank\" rel=\"noopener\"><strong><span style=\"color: #f69d0b;\">L\u2019Esclop<\/span><\/strong><\/a>.<\/p>\n<p>La <strong>TGJI<\/strong> antigament era una trobada anual, per\u00f2 no se celebrava des de l\u2019any 2019, quan es va deixar d&#8217;organitzar arran de la pand\u00e8mia. Enguany els sectors CdT i PGA han recuperat la trobada amb un nou format, ja que per primer cop s\u2019ha fet a un terreny d\u2019acampada, a la Muntanyeta de Moja, <strong>Ol\u00e8rdola<\/strong>.<\/p>\n<p>Els esplais s&#8217;han reunit a <strong>Vilafranca<\/strong> dissabte al mat\u00ed. Despr\u00e9s de fer uns quants jocs de coneixen\u00e7a per trencar el gel, han enfilat el cam\u00ed cap a Ol\u00e8rdola per instal\u00b7lar-se al terreny d\u2019acampada i fer un dinar de carmanyola.<\/p>\n<p>A la tarda, les joves s&#8217;han format en <strong>4 tallers<\/strong> dinamitzats per monis i ex-monis dels esplais dels sectors. Els temes tractats van ser<strong> Drogues<\/strong>, <strong>Antifeixisme<\/strong>, <strong>Premonitoratge<\/strong> i<strong> Assemblearisme<\/strong>.<\/p>\n<p>Despr\u00e9s de passar una nit ben freda i plujosa dins les tendes, el diumenge grans i joves s&#8217;han\u00a0 despertat a punt per fer el tancament de la trobada i tornar caminant cap a Vilafranca, on joves i grans es van acomiadar, posant fi a un cap de setmana de coneixen\u00e7a i cohesi\u00f3.<\/p>\n<blockquote class=\"instagram-media\" style=\"background: #FFF; border: 0; border-radius: 3px; box-shadow: 0 0 1px 0 rgba(0,0,0,0.5),0 1px 10px 0 rgba(0,0,0,0.15); margin: 1px; max-width: 540px; min-width: 326px; padding: 0; width: calc(100% - 2px);\" data-instgrm-captioned=\"\" data-instgrm-permalink=\"https:\/\/www.instagram.com\/reel\/C4LfsO9NGmv\/?utm_source=ig_embed&amp;utm_campaign=loading\" data-instgrm-version=\"14\">\n<div style=\"padding: 16px;\">\n<div style=\"display: flex; flex-direction: row; align-items: center;\">\n<div style=\"background-color: #f4f4f4; border-radius: 50%; flex-grow: 0; height: 40px; margin-right: 14px; width: 40px;\"><\/div>\n<div style=\"display: flex; flex-direction: column; flex-grow: 1; justify-content: center;\">\n<div style=\"background-color: #f4f4f4; border-radius: 4px; flex-grow: 0; height: 14px; margin-bottom: 6px; width: 100px;\"><\/div>\n<div style=\"background-color: #f4f4f4; border-radius: 4px; flex-grow: 0; height: 14px; width: 60px;\"><\/div>\n<\/div>\n<\/div>\n<div style=\"padding: 19% 0;\"><\/div>\n<div style=\"display: block; height: 50px; margin: 0 auto 12px; width: 50px;\"><\/div>\n<div style=\"padding-top: 8px;\">\n<div style=\"color: #3897f0; font-family: Arial,sans-serif; font-size: 14px; font-style: normal; font-weight: 550; line-height: 18px;\">View this post on Instagram<\/div>\n<\/div>\n<div style=\"padding: 12.5% 0;\"><\/div>\n<div style=\"display: flex; flex-direction: row; margin-bottom: 14px; align-items: center;\">\n<div>\n<div style=\"background-color: #f4f4f4; border-radius: 50%; height: 12.5px; width: 12.5px; transform: translateX(0px) translateY(7px);\"><\/div>\n<div style=\"background-color: #f4f4f4; height: 12.5px; transform: rotate(-45deg) translateX(3px) translateY(1px); width: 12.5px; flex-grow: 0; margin-right: 14px; margin-left: 2px;\"><\/div>\n<div style=\"background-color: #f4f4f4; border-radius: 50%; height: 12.5px; width: 12.5px; transform: translateX(9px) translateY(-18px);\"><\/div>\n<\/div>\n<div style=\"margin-left: 8px;\">\n<div style=\"background-color: #f4f4f4; border-radius: 50%; flex-grow: 0; height: 20px; width: 20px;\"><\/div>\n<div style=\"width: 0; height: 0; border-top: 2px solid transparent; border-left: 6px solid #f4f4f4; border-bottom: 2px solid transparent; transform: translateX(16px) translateY(-4px) rotate(30deg);\"><\/div>\n<\/div>\n<div style=\"margin-left: auto;\">\n<div style=\"width: 0px; border-top: 8px solid #F4F4F4; border-right: 8px solid transparent; transform: translateY(16px);\"><\/div>\n<div style=\"background-color: #f4f4f4; flex-grow: 0; height: 12px; width: 16px; transform: translateY(-4px);\"><\/div>\n<div style=\"width: 0; height: 0; border-top: 8px solid #F4F4F4; border-left: 8px solid transparent; transform: translateY(-4px) translateX(8px);\"><\/div>\n<\/div>\n<\/div>\n<div style=\"display: flex; flex-direction: column; flex-grow: 1; justify-content: center; margin-bottom: 24px;\">\n<div style=\"background-color: #f4f4f4; border-radius: 4px; flex-grow: 0; height: 14px; margin-bottom: 6px; width: 224px;\"><\/div>\n<div style=\"background-color: #f4f4f4; border-radius: 4px; flex-grow: 0; height: 14px; width: 144px;\"><\/div>\n<\/div>\n<p style=\"color: #c9c8cd; font-family: Arial,sans-serif; font-size: 14px; line-height: 17px; margin-bottom: 0; margin-top: 8px; overflow: hidden; padding: 8px 0 7px; text-align: center; text-overflow: ellipsis; white-space: nowrap;\"><a style=\"color: #c9c8cd; font-family: Arial,sans-serif; font-size: 14px; font-style: normal; font-weight: normal; line-height: 17px; text-decoration: none;\" href=\"https:\/\/www.instagram.com\/reel\/C4LfsO9NGmv\/?utm_source=ig_embed&amp;utm_campaign=loading\" target=\"_blank\" rel=\"noopener\">A post shared by Esplai Esclop (@esplaiesclop)<\/a><\/p>\n<\/div>\n<\/blockquote>\n<p><script async src=\"\/\/www.instagram.com\/embed.js\"><\/script><\/p>\n<\/div><\/div><\/div><\/div><\/div>\n","protected":false},"excerpt":{"rendered":"","protected":false},"author":3,"featured_media":49233,"comment_status":"closed","ping_status":"closed","sticky":false,"template":"","format":"standard","meta":{"om_disable_all_campaigns":false,"_monsterinsights_skip_tracking":false,"_monsterinsights_sitenote_active":false,"_monsterinsights_sitenote_note":"","_monsterinsights_sitenote_category":0,"_uf_show_specific_survey":0,"_uf_disable_surveys":false,"footnotes":""},"categories":[1110,1122,1123],"tags":[],"class_list":["post-49229","post","type-post","status-publish","format-standard","has-post-thumbnail","hentry","category-activitats-sectors","category-sector-camp-de-tarragona","category-sector-penedes-garraf-anoia"],"yoast_head":"<!-- This site is optimized with the Yoast SEO plugin v27.4 - https:\/\/yoast.com\/product\/yoast-seo-wordpress\/ -->\n<title>Torna la Trobada de Grans i Joves dels sectors CdT i PGA!<\/title>\n<meta name=\"description\" content=\"Els sectors Camp de Tarragona i Pened\u00e8s Garraf i Anoia recuperen, despr\u00e9s de 4 cursos, la TGJI renovant-ne el format.\" \/>\n<meta name=\"robots\" content=\"index, follow, max-snippet:-1, max-image-preview:large, max-video-preview:-1\" \/>\n<link rel=\"canonical\" href=\"https:\/\/www.esplac.cat\/torna-la-trobada-de-grans-i-joves-intersectorial-dels-sectors-camp-de-tarragona-i-penedes-garraf-i-anoia\/\" \/>\n<meta property=\"og:locale\" content=\"es_ES\" \/>\n<meta property=\"og:type\" content=\"article\" \/>\n<meta property=\"og:title\" content=\"Torna la Trobada de Grans i Joves dels sectors CdT i PGA!\" \/>\n<meta property=\"og:description\" content=\"Els sectors Camp de Tarragona i Pened\u00e8s Garraf i Anoia recuperen, despr\u00e9s de 4 cursos, la TGJI renovant-ne el format.\" \/>\n<meta property=\"og:url\" content=\"https:\/\/www.esplac.cat\/torna-la-trobada-de-grans-i-joves-intersectorial-dels-sectors-camp-de-tarragona-i-penedes-garraf-i-anoia\/\" \/>\n<meta property=\"og:site_name\" content=\"Esplac\" \/>\n<meta property=\"article:published_time\" content=\"2024-03-07T09:54:53+00:00\" \/>\n<meta property=\"og:image\" content=\"https:\/\/www.esplac.cat\/wp-content\/uploads\/2024\/03\/TGJI.jpg\" \/>\n\t<meta property=\"og:image:width\" content=\"1697\" \/>\n\t<meta property=\"og:image:height\" content=\"700\" \/>\n\t<meta property=\"og:image:type\" content=\"image\/jpeg\" \/>\n<meta name=\"author\" content=\"Comunicaci\u00f3 Esplac\" \/>\n<meta name=\"twitter:card\" content=\"summary_large_image\" \/>\n<meta name=\"twitter:label1\" content=\"Escrito por\" \/>\n\t<meta name=\"twitter:data1\" content=\"Comunicaci\u00f3 Esplac\" \/>\n\t<meta name=\"twitter:label2\" content=\"Tiempo de lectura\" \/>\n\t<meta name=\"twitter:data2\" content=\"2 minutos\" \/>\n<script type=\"application\/ld+json\" class=\"yoast-schema-graph\">{\"@context\":\"https:\\\/\\\/schema.org\",\"@graph\":[{\"@type\":\"Article\",\"@id\":\"https:\\\/\\\/www.esplac.cat\\\/torna-la-trobada-de-grans-i-joves-intersectorial-dels-sectors-camp-de-tarragona-i-penedes-garraf-i-anoia\\\/#article\",\"isPartOf\":{\"@id\":\"https:\\\/\\\/www.esplac.cat\\\/torna-la-trobada-de-grans-i-joves-intersectorial-dels-sectors-camp-de-tarragona-i-penedes-garraf-i-anoia\\\/\"},\"author\":{\"name\":\"Comunicaci\u00f3 Esplac\",\"@id\":\"https:\\\/\\\/www.esplac.cat\\\/#\\\/schema\\\/person\\\/908383cf240be18b68f8855d0583faca\"},\"headline\":\"Torna la Trobada de Grans i Joves Intersectorial dels sectors Camp de Tarragona i Pened\u00e8s, Garraf i Anoia!\",\"datePublished\":\"2024-03-07T09:54:53+00:00\",\"mainEntityOfPage\":{\"@id\":\"https:\\\/\\\/www.esplac.cat\\\/torna-la-trobada-de-grans-i-joves-intersectorial-dels-sectors-camp-de-tarragona-i-penedes-garraf-i-anoia\\\/\"},\"wordCount\":1261,\"publisher\":{\"@id\":\"https:\\\/\\\/www.esplac.cat\\\/#organization\"},\"image\":{\"@id\":\"https:\\\/\\\/www.esplac.cat\\\/torna-la-trobada-de-grans-i-joves-intersectorial-dels-sectors-camp-de-tarragona-i-penedes-garraf-i-anoia\\\/#primaryimage\"},\"thumbnailUrl\":\"https:\\\/\\\/www.esplac.cat\\\/wp-content\\\/uploads\\\/2024\\\/03\\\/TGJI.jpg\",\"articleSection\":[\"Activitats sectors\",\"Sector Camp de Tarragona\",\"Sector Pened\u00e8s, Garraf i Anoia\"],\"inLanguage\":\"es\"},{\"@type\":\"WebPage\",\"@id\":\"https:\\\/\\\/www.esplac.cat\\\/torna-la-trobada-de-grans-i-joves-intersectorial-dels-sectors-camp-de-tarragona-i-penedes-garraf-i-anoia\\\/\",\"url\":\"https:\\\/\\\/www.esplac.cat\\\/torna-la-trobada-de-grans-i-joves-intersectorial-dels-sectors-camp-de-tarragona-i-penedes-garraf-i-anoia\\\/\",\"name\":\"Torna la Trobada de Grans i Joves dels sectors CdT i PGA!\",\"isPartOf\":{\"@id\":\"https:\\\/\\\/www.esplac.cat\\\/#website\"},\"primaryImageOfPage\":{\"@id\":\"https:\\\/\\\/www.esplac.cat\\\/torna-la-trobada-de-grans-i-joves-intersectorial-dels-sectors-camp-de-tarragona-i-penedes-garraf-i-anoia\\\/#primaryimage\"},\"image\":{\"@id\":\"https:\\\/\\\/www.esplac.cat\\\/torna-la-trobada-de-grans-i-joves-intersectorial-dels-sectors-camp-de-tarragona-i-penedes-garraf-i-anoia\\\/#primaryimage\"},\"thumbnailUrl\":\"https:\\\/\\\/www.esplac.cat\\\/wp-content\\\/uploads\\\/2024\\\/03\\\/TGJI.jpg\",\"datePublished\":\"2024-03-07T09:54:53+00:00\",\"description\":\"Els sectors Camp de Tarragona i Pened\u00e8s Garraf i Anoia recuperen, despr\u00e9s de 4 cursos, la TGJI renovant-ne el format.\",\"breadcrumb\":{\"@id\":\"https:\\\/\\\/www.esplac.cat\\\/torna-la-trobada-de-grans-i-joves-intersectorial-dels-sectors-camp-de-tarragona-i-penedes-garraf-i-anoia\\\/#breadcrumb\"},\"inLanguage\":\"es\",\"potentialAction\":[{\"@type\":\"ReadAction\",\"target\":[\"https:\\\/\\\/www.esplac.cat\\\/torna-la-trobada-de-grans-i-joves-intersectorial-dels-sectors-camp-de-tarragona-i-penedes-garraf-i-anoia\\\/\"]}]},{\"@type\":\"ImageObject\",\"inLanguage\":\"es\",\"@id\":\"https:\\\/\\\/www.esplac.cat\\\/torna-la-trobada-de-grans-i-joves-intersectorial-dels-sectors-camp-de-tarragona-i-penedes-garraf-i-anoia\\\/#primaryimage\",\"url\":\"https:\\\/\\\/www.esplac.cat\\\/wp-content\\\/uploads\\\/2024\\\/03\\\/TGJI.jpg\",\"contentUrl\":\"https:\\\/\\\/www.esplac.cat\\\/wp-content\\\/uploads\\\/2024\\\/03\\\/TGJI.jpg\",\"width\":1697,\"height\":700,\"caption\":\"trobada\"},{\"@type\":\"BreadcrumbList\",\"@id\":\"https:\\\/\\\/www.esplac.cat\\\/torna-la-trobada-de-grans-i-joves-intersectorial-dels-sectors-camp-de-tarragona-i-penedes-garraf-i-anoia\\\/#breadcrumb\",\"itemListElement\":[{\"@type\":\"ListItem\",\"position\":1,\"name\":\"Inici\",\"item\":\"https:\\\/\\\/www.esplac.cat\\\/es\\\/\"},{\"@type\":\"ListItem\",\"position\":2,\"name\":\"Torna la Trobada de Grans i Joves Intersectorial dels sectors Camp de Tarragona i Pened\u00e8s, Garraf i Anoia!\"}]},{\"@type\":\"WebSite\",\"@id\":\"https:\\\/\\\/www.esplac.cat\\\/#website\",\"url\":\"https:\\\/\\\/www.esplac.cat\\\/\",\"name\":\"Esplac\",\"description\":\"Esplais Catalans\",\"publisher\":{\"@id\":\"https:\\\/\\\/www.esplac.cat\\\/#organization\"},\"potentialAction\":[{\"@type\":\"SearchAction\",\"target\":{\"@type\":\"EntryPoint\",\"urlTemplate\":\"https:\\\/\\\/www.esplac.cat\\\/?s={search_term_string}\"},\"query-input\":{\"@type\":\"PropertyValueSpecification\",\"valueRequired\":true,\"valueName\":\"search_term_string\"}}],\"inLanguage\":\"es\"},{\"@type\":\"Organization\",\"@id\":\"https:\\\/\\\/www.esplac.cat\\\/#organization\",\"name\":\"Esplac\",\"url\":\"https:\\\/\\\/www.esplac.cat\\\/\",\"logo\":{\"@type\":\"ImageObject\",\"inLanguage\":\"es\",\"@id\":\"https:\\\/\\\/www.esplac.cat\\\/#\\\/schema\\\/logo\\\/image\\\/\",\"url\":\"https:\\\/\\\/www.esplac.cat\\\/wp-content\\\/uploads\\\/2019\\\/08\\\/logox2.png\",\"contentUrl\":\"https:\\\/\\\/www.esplac.cat\\\/wp-content\\\/uploads\\\/2019\\\/08\\\/logox2.png\",\"width\":600,\"height\":295,\"caption\":\"Esplac\"},\"image\":{\"@id\":\"https:\\\/\\\/www.esplac.cat\\\/#\\\/schema\\\/logo\\\/image\\\/\"}},{\"@type\":\"Person\",\"@id\":\"https:\\\/\\\/www.esplac.cat\\\/#\\\/schema\\\/person\\\/908383cf240be18b68f8855d0583faca\",\"name\":\"Comunicaci\u00f3 Esplac\",\"image\":{\"@type\":\"ImageObject\",\"inLanguage\":\"es\",\"@id\":\"https:\\\/\\\/secure.gravatar.com\\\/avatar\\\/7a4cf8feb412a76ea4a740ca02d95b06b2907b5a6c648c2dd0a1082a093c3141?s=96&d=mm&r=g\",\"url\":\"https:\\\/\\\/secure.gravatar.com\\\/avatar\\\/7a4cf8feb412a76ea4a740ca02d95b06b2907b5a6c648c2dd0a1082a093c3141?s=96&d=mm&r=g\",\"contentUrl\":\"https:\\\/\\\/secure.gravatar.com\\\/avatar\\\/7a4cf8feb412a76ea4a740ca02d95b06b2907b5a6c648c2dd0a1082a093c3141?s=96&d=mm&r=g\",\"caption\":\"Comunicaci\u00f3 Esplac\"}}]}<\/script>\n<!-- \/ Yoast SEO plugin. -->","yoast_head_json":{"title":"Torna la Trobada de Grans i Joves dels sectors CdT i PGA!","description":"Els sectors Camp de Tarragona i Pened\u00e8s Garraf i Anoia recuperen, despr\u00e9s de 4 cursos, la TGJI renovant-ne el format.","robots":{"index":"index","follow":"follow","max-snippet":"max-snippet:-1","max-image-preview":"max-image-preview:large","max-video-preview":"max-video-preview:-1"},"canonical":"https:\/\/www.esplac.cat\/torna-la-trobada-de-grans-i-joves-intersectorial-dels-sectors-camp-de-tarragona-i-penedes-garraf-i-anoia\/","og_locale":"es_ES","og_type":"article","og_title":"Torna la Trobada de Grans i Joves dels sectors CdT i PGA!","og_description":"Els sectors Camp de Tarragona i Pened\u00e8s Garraf i Anoia recuperen, despr\u00e9s de 4 cursos, la TGJI renovant-ne el format.","og_url":"https:\/\/www.esplac.cat\/torna-la-trobada-de-grans-i-joves-intersectorial-dels-sectors-camp-de-tarragona-i-penedes-garraf-i-anoia\/","og_site_name":"Esplac","article_published_time":"2024-03-07T09:54:53+00:00","og_image":[{"width":1697,"height":700,"url":"https:\/\/www.esplac.cat\/wp-content\/uploads\/2024\/03\/TGJI.jpg","type":"image\/jpeg"}],"author":"Comunicaci\u00f3 Esplac","twitter_card":"summary_large_image","twitter_misc":{"Escrito por":"Comunicaci\u00f3 Esplac","Tiempo de lectura":"2 minutos"},"schema":{"@context":"https:\/\/schema.org","@graph":[{"@type":"Article","@id":"https:\/\/www.esplac.cat\/torna-la-trobada-de-grans-i-joves-intersectorial-dels-sectors-camp-de-tarragona-i-penedes-garraf-i-anoia\/#article","isPartOf":{"@id":"https:\/\/www.esplac.cat\/torna-la-trobada-de-grans-i-joves-intersectorial-dels-sectors-camp-de-tarragona-i-penedes-garraf-i-anoia\/"},"author":{"name":"Comunicaci\u00f3 Esplac","@id":"https:\/\/www.esplac.cat\/#\/schema\/person\/908383cf240be18b68f8855d0583faca"},"headline":"Torna la Trobada de Grans i Joves Intersectorial dels sectors Camp de Tarragona i Pened\u00e8s, Garraf i Anoia!","datePublished":"2024-03-07T09:54:53+00:00","mainEntityOfPage":{"@id":"https:\/\/www.esplac.cat\/torna-la-trobada-de-grans-i-joves-intersectorial-dels-sectors-camp-de-tarragona-i-penedes-garraf-i-anoia\/"},"wordCount":1261,"publisher":{"@id":"https:\/\/www.esplac.cat\/#organization"},"image":{"@id":"https:\/\/www.esplac.cat\/torna-la-trobada-de-grans-i-joves-intersectorial-dels-sectors-camp-de-tarragona-i-penedes-garraf-i-anoia\/#primaryimage"},"thumbnailUrl":"https:\/\/www.esplac.cat\/wp-content\/uploads\/2024\/03\/TGJI.jpg","articleSection":["Activitats sectors","Sector Camp de Tarragona","Sector Pened\u00e8s, Garraf i Anoia"],"inLanguage":"es"},{"@type":"WebPage","@id":"https:\/\/www.esplac.cat\/torna-la-trobada-de-grans-i-joves-intersectorial-dels-sectors-camp-de-tarragona-i-penedes-garraf-i-anoia\/","url":"https:\/\/www.esplac.cat\/torna-la-trobada-de-grans-i-joves-intersectorial-dels-sectors-camp-de-tarragona-i-penedes-garraf-i-anoia\/","name":"Torna la Trobada de Grans i Joves dels sectors CdT i PGA!","isPartOf":{"@id":"https:\/\/www.esplac.cat\/#website"},"primaryImageOfPage":{"@id":"https:\/\/www.esplac.cat\/torna-la-trobada-de-grans-i-joves-intersectorial-dels-sectors-camp-de-tarragona-i-penedes-garraf-i-anoia\/#primaryimage"},"image":{"@id":"https:\/\/www.esplac.cat\/torna-la-trobada-de-grans-i-joves-intersectorial-dels-sectors-camp-de-tarragona-i-penedes-garraf-i-anoia\/#primaryimage"},"thumbnailUrl":"https:\/\/www.esplac.cat\/wp-content\/uploads\/2024\/03\/TGJI.jpg","datePublished":"2024-03-07T09:54:53+00:00","description":"Els sectors Camp de Tarragona i Pened\u00e8s Garraf i Anoia recuperen, despr\u00e9s de 4 cursos, la TGJI renovant-ne el format.","breadcrumb":{"@id":"https:\/\/www.esplac.cat\/torna-la-trobada-de-grans-i-joves-intersectorial-dels-sectors-camp-de-tarragona-i-penedes-garraf-i-anoia\/#breadcrumb"},"inLanguage":"es","potentialAction":[{"@type":"ReadAction","target":["https:\/\/www.esplac.cat\/torna-la-trobada-de-grans-i-joves-intersectorial-dels-sectors-camp-de-tarragona-i-penedes-garraf-i-anoia\/"]}]},{"@type":"ImageObject","inLanguage":"es","@id":"https:\/\/www.esplac.cat\/torna-la-trobada-de-grans-i-joves-intersectorial-dels-sectors-camp-de-tarragona-i-penedes-garraf-i-anoia\/#primaryimage","url":"https:\/\/www.esplac.cat\/wp-content\/uploads\/2024\/03\/TGJI.jpg","contentUrl":"https:\/\/www.esplac.cat\/wp-content\/uploads\/2024\/03\/TGJI.jpg","width":1697,"height":700,"caption":"trobada"},{"@type":"BreadcrumbList","@id":"https:\/\/www.esplac.cat\/torna-la-trobada-de-grans-i-joves-intersectorial-dels-sectors-camp-de-tarragona-i-penedes-garraf-i-anoia\/#breadcrumb","itemListElement":[{"@type":"ListItem","position":1,"name":"Inici","item":"https:\/\/www.esplac.cat\/es\/"},{"@type":"ListItem","position":2,"name":"Torna la Trobada de Grans i Joves Intersectorial dels sectors Camp de Tarragona i Pened\u00e8s, Garraf i Anoia!"}]},{"@type":"WebSite","@id":"https:\/\/www.esplac.cat\/#website","url":"https:\/\/www.esplac.cat\/","name":"Esplac","description":"Esplais Catalans","publisher":{"@id":"https:\/\/www.esplac.cat\/#organization"},"potentialAction":[{"@type":"SearchAction","target":{"@type":"EntryPoint","urlTemplate":"https:\/\/www.esplac.cat\/?s={search_term_string}"},"query-input":{"@type":"PropertyValueSpecification","valueRequired":true,"valueName":"search_term_string"}}],"inLanguage":"es"},{"@type":"Organization","@id":"https:\/\/www.esplac.cat\/#organization","name":"Esplac","url":"https:\/\/www.esplac.cat\/","logo":{"@type":"ImageObject","inLanguage":"es","@id":"https:\/\/www.esplac.cat\/#\/schema\/logo\/image\/","url":"https:\/\/www.esplac.cat\/wp-content\/uploads\/2019\/08\/logox2.png","contentUrl":"https:\/\/www.esplac.cat\/wp-content\/uploads\/2019\/08\/logox2.png","width":600,"height":295,"caption":"Esplac"},"image":{"@id":"https:\/\/www.esplac.cat\/#\/schema\/logo\/image\/"}},{"@type":"Person","@id":"https:\/\/www.esplac.cat\/#\/schema\/person\/908383cf240be18b68f8855d0583faca","name":"Comunicaci\u00f3 Esplac","image":{"@type":"ImageObject","inLanguage":"es","@id":"https:\/\/secure.gravatar.com\/avatar\/7a4cf8feb412a76ea4a740ca02d95b06b2907b5a6c648c2dd0a1082a093c3141?s=96&d=mm&r=g","url":"https:\/\/secure.gravatar.com\/avatar\/7a4cf8feb412a76ea4a740ca02d95b06b2907b5a6c648c2dd0a1082a093c3141?s=96&d=mm&r=g","contentUrl":"https:\/\/secure.gravatar.com\/avatar\/7a4cf8feb412a76ea4a740ca02d95b06b2907b5a6c648c2dd0a1082a093c3141?s=96&d=mm&r=g","caption":"Comunicaci\u00f3 Esplac"}}]}},"_links":{"self":[{"href":"https:\/\/www.esplac.cat\/es\/wp-json\/wp\/v2\/posts\/49229","targetHints":{"allow":["GET"]}}],"collection":[{"href":"https:\/\/www.esplac.cat\/es\/wp-json\/wp\/v2\/posts"}],"about":[{"href":"https:\/\/www.esplac.cat\/es\/wp-json\/wp\/v2\/types\/post"}],"author":[{"embeddable":true,"href":"https:\/\/www.esplac.cat\/es\/wp-json\/wp\/v2\/users\/3"}],"replies":[{"embeddable":true,"href":"https:\/\/www.esplac.cat\/es\/wp-json\/wp\/v2\/comments?post=49229"}],"version-history":[{"count":4,"href":"https:\/\/www.esplac.cat\/es\/wp-json\/wp\/v2\/posts\/49229\/revisions"}],"predecessor-version":[{"id":49236,"href":"https:\/\/www.esplac.cat\/es\/wp-json\/wp\/v2\/posts\/49229\/revisions\/49236"}],"wp:featuredmedia":[{"embeddable":true,"href":"https:\/\/www.esplac.cat\/es\/wp-json\/wp\/v2\/media\/49233"}],"wp:attachment":[{"href":"https:\/\/www.esplac.cat\/es\/wp-json\/wp\/v2\/media?parent=49229"}],"wp:term":[{"taxonomy":"category","embeddable":true,"href":"https:\/\/www.esplac.cat\/es\/wp-json\/wp\/v2\/categories?post=49229"},{"taxonomy":"post_tag","embeddable":true,"href":"https:\/\/www.esplac.cat\/es\/wp-json\/wp\/v2\/tags?post=49229"}],"curies":[{"name":"wp","href":"https:\/\/api.w.org\/{rel}","templated":true}]}}